{"id":56914,"date":"2022-08-24T14:17:07","date_gmt":"2022-08-24T12:17:07","guid":{"rendered":"https:\/\/vosgesinfo.fr\/saintdieinfo\/2022\/08\/rentree-culturelle-de-nouveaux-professeurs-darts-plastiques-cepagrap\/"},"modified":"2022-08-24T14:17:07","modified_gmt":"2022-08-24T12:17:07","slug":"rentree-culturelle-de-nouveaux-professeurs-darts-plastiques-cepagrap","status":"publish","type":"post","link":"https:\/\/vosgesinfo.fr\/saintdieinfo\/2022\/08\/rentree-culturelle-de-nouveaux-professeurs-darts-plastiques-cepagrap\/","title":{"rendered":"Rentr\u00e9e culturelle &#8211; de nouveaux professeurs d\u2019arts plastiques au CEPAGRAP."},"content":{"rendered":"<h2 class=\"western\" lang=\"fr-FR\" align=\"justify\"><span style=\"font-family: Arial, serif; color: #333300;\"><span style=\"font-size: large;\">Trois nouveaux professeurs rejoignent l\u2019\u00e9quipe de l\u2019Espace des Arts Plastiques cepagrap\u00a0:<\/span><\/span><\/h2>\n<p class=\"western\" lang=\"fr-FR\" align=\"justify\"><span style=\"font-family: Arial, serif; color: #333300;\"><span style=\"font-size: large;\">Olivia LEFEVRE \u00e0 l\u2019atelier volume c\u00e9ramique, <\/span><\/span><\/p>\n<p class=\"western\" lang=\"fr-FR\" align=\"justify\"><span style=\"font-family: Arial, serif; color: #333300;\"><span style=\"font-size: large;\">Florent MEYER \u00e0 l\u2019atelier peinture du jeudi,<\/span><\/span><\/p>\n<p class=\"western\" lang=\"fr-FR\" align=\"justify\"><span style=\"font-family: Arial, serif; color: #333300;\"><span style=\"font-size: large;\">Gw\u00e9na\u00ebl STAMM \u00e0 l\u2019atelier croquis.<\/span><\/span><\/p>\n<p class=\"western\" lang=\"fr-FR\" align=\"justify\"><span style=\"font-family: Arial, serif; color: #333300;\"><span style=\"font-size: large;\">Emilie THIEULEUX qui conduit l\u2019atelier dess(e)in reprend l\u2019atelier enfant du mercredi ainsi que l\u2019atelier adolescents. <\/span><\/span><\/p>\n<p class=\"western\" lang=\"fr-FR\" align=\"justify\"><span style=\"font-family: Arial, serif; color: #333300;\"><span style=\"font-size: large;\"><a href=\"\/2022\/08\/ipiccy_image-1.jpg\"><img decoding=\"async\" class=\"alignright size-medium wp-image-188775\" src=\"\/2022\/08\/ipiccy_image-1-182x255.jpg\" alt=\"ipiccy_image-1\" width=\"182\" height=\"255\" \/><\/a>Ces nouveaux professeurs compl\u00e8tent l\u2019\u00e9quipe d\u00e9j\u00e0 en place avec Pierre VAN THIGEM en histoire de l\u2019Art et en expression plane, avec St\u00e9phane LALEV\u00c9E pour les ateliers enfants du samedi et Emmanuel ANTOINE \u00e0 l\u2019atelier peinture du vendredi.<\/span><\/span><\/p>\n<p class=\"western\" lang=\"fr-FR\" align=\"justify\"><span style=\"color: #333300;\"><span style=\"font-family: Arial, serif;\"><span style=\"font-size: large;\">Le cepagrap s\u2019enrichit donc de nouvelles sensibilit\u00e9s artistiques <\/span><\/span><span style=\"font-family: Arial, serif;\"><span style=\"font-size: large;\">ce<\/span><\/span><span style=\"font-family: Arial, serif;\"><span style=\"font-size: large;\"> qui lui permettra d\u2019avoir des approches plus diversifi\u00e9es dans la cr\u00e9ation contemporaine.<\/span><\/span><\/span><\/p>\n<p class=\"western\" lang=\"fr-FR\" align=\"justify\"><span style=\"font-family: Arial, serif; color: #333300;\"><span style=\"font-size: large;\">Cette multiplicit\u00e9 des regards et des d\u00e9marches artistiques se fera naturellement en relation avec la programmation de la Galerie d\u2019Art contemporain.<\/span><\/span><\/p>\n<p class=\"western\" lang=\"fr-FR\" align=\"justify\"><span style=\"color: #333300;\"><span style=\"font-family: Arial, serif;\"><span style=\"font-size: large;\">Les inscriptions se d\u00e9rouleront du <\/span><\/span><span style=\"font-family: Arial, serif;\"><span style=\"font-size: large;\"><b>mardi 6 au vendredi 9 septembre<\/b><\/span><\/span><span style=\"font-family: Arial, serif;\"><span style=\"font-size: large;\"> de 14h \u00e0 19 h. Les tarifs sont modul\u00e9s en fonction de la carte cit\u00e9pass.<\/span><\/span><\/span><\/p>\n<p class=\"western\" lang=\"fr-FR\" align=\"justify\"><span style=\"color: #333300;\"><span style=\"font-family: Arial, serif;\"><span style=\"font-size: large;\">Des portes ouvertes vous permettront de d\u00e9couvrir l\u2019Espace des Arts Plastiques et diff\u00e9rents ateliers le <\/span><\/span><span style=\"font-family: Arial, serif;\"><span style=\"font-size: large;\"><b>samedi 3 septembre<\/b><\/span><\/span><span style=\"font-family: Arial, serif;\"><span style=\"font-size: large;\"> de 14h \u00e0 18 h.<\/span><\/span><\/span><\/p>\n<p class=\"western\" lang=\"fr-FR\" align=\"justify\"><span style=\"font-family: Arial, serif; color: #333300;\"><span style=\"font-size: large;\">Elles seront suivies par le vernissage \u00e0 18h de l\u2019exposition \u00a8PEINTURES NOMADES\u00a8 de Nadine KLAM, Micheline LEROY et Rosine SALIERES.<\/span><\/span><\/p>\n<p class=\"western\" lang=\"fr-FR\" align=\"justify\"><span style=\"color: #333300;\"><span style=\"font-family: Arial, serif;\"><span style=\"font-size: large;\">N\u2019h\u00e9sitez plus, franchissez les portes de cet espace de cr\u00e9ation et rejoignez<\/span><\/span><span style=\"font-family: Arial, serif;\"><span style=\"font-size: large;\">&#8211;<\/span><\/span><span style=\"font-family: Arial, serif;\"><span style=\"font-size: large;\">nous dans nos diff\u00e9rents ateliers.<\/span><\/span><\/span><\/p>\n<p class=\"western\" lang=\"fr-FR\" align=\"justify\"><a href=\"\/2022\/08\/ipiccy_image-11.jpg\"><img decoding=\"async\" class=\"aligncenter size-full wp-image-188776\" src=\"\/2022\/08\/ipiccy_image-11.jpg\" alt=\"ipiccy_image-1(1)\" width=\"518\" height=\"713\" \/><\/a><\/p>\n","protected":false},"excerpt":{"rendered":"<p>Trois nouveaux professeurs rejoignent l\u2019\u00e9quipe de l\u2019Espace des Arts Plastiques cepagrap\u00a0: Olivia LEFEVRE \u00e0 l\u2019atelier volume c\u00e9ramique, Florent MEYER \u00e0 [&hellip;]<\/p>\n","protected":false},"author":44,"featured_media":56915,"comment_status":"open","ping_status":"open","sticky":false,"template":"","format":"standard","meta":{"footnotes":""},"categories":[460],"tags":[5918],"class_list":["post-56914","post","type-post","status-publish","format-standard","has-post-thumbnail","hentry","category-a-la-une","tag-espace-des-arts-plastiques-cepagrap"],"acf":[],"yoast_head":"<!-- This site is optimized with the Yoast SEO plugin v22.5 - https:\/\/yoast.com\/wordpress\/plugins\/seo\/ -->\n<title>Rentr\u00e9e culturelle - de nouveaux professeurs d\u2019arts plastiques au CEPAGRAP. - Saint Die Info<\/title>\n<meta name=\"robots\" content=\"index, follow, max-snippet:-1, max-image-preview:large, max-video-preview:-1\" \/>\n<link rel=\"canonical\" href=\"https:\/\/vosgesinfo.fr\/saintdieinfo\/2022\/08\/rentree-culturelle-de-nouveaux-professeurs-darts-plastiques-cepagrap\/\" \/>\n<meta name=\"twitter:card\" content=\"summary_large_image\" \/>\n<meta name=\"twitter:title\" content=\"Rentr\u00e9e culturelle - de nouveaux professeurs d\u2019arts plastiques au CEPAGRAP. - Saint Die Info\" \/>\n<meta name=\"twitter:description\" content=\"Trois nouveaux professeurs rejoignent l\u2019\u00e9quipe de l\u2019Espace des Arts Plastiques cepagrap\u00a0: Olivia LEFEVRE \u00e0 l\u2019atelier volume c\u00e9ramique, Florent MEYER \u00e0 [&hellip;]\" \/>\n<meta name=\"twitter:image\" content=\"https:\/\/vosgesinfo.fr\/app\/uploads\/sites\/4\/2024\/08\/202208ipiccy-image-1.jpg\" \/>\n<meta name=\"twitter:creator\" content=\"@VosgesInfo88\" \/>\n<meta name=\"twitter:site\" content=\"@VosgesInfo88\" \/>\n<meta name=\"twitter:label1\" content=\"\u00c9crit par\" \/>\n\t<meta name=\"twitter:data1\" content=\"la r\u00e9daction\" \/>\n\t<meta name=\"twitter:label2\" content=\"Dur\u00e9e de lecture estim\u00e9e\" \/>\n\t<meta name=\"twitter:data2\" content=\"1 minute\" \/>\n<script type=\"application\/ld+json\" class=\"yoast-schema-graph\">{\"@context\":\"https:\/\/schema.org\",\"@graph\":[{\"@type\":\"Article\",\"@id\":\"https:\/\/vosgesinfo.fr\/saintdieinfo\/2022\/08\/rentree-culturelle-de-nouveaux-professeurs-darts-plastiques-cepagrap\/#article\",\"isPartOf\":{\"@id\":\"https:\/\/vosgesinfo.fr\/saintdieinfo\/2022\/08\/rentree-culturelle-de-nouveaux-professeurs-darts-plastiques-cepagrap\/\"},\"author\":{\"name\":\"la r\u00e9daction\",\"@id\":\"https:\/\/vosgesinfo.fr\/saintdieinfo\/#\/schema\/person\/faee6704a21f3977511db84bd1cd450f\"},\"headline\":\"Rentr\u00e9e culturelle &#8211; de nouveaux professeurs d\u2019arts plastiques au CEPAGRAP.\",\"datePublished\":\"2022-08-24T12:17:07+00:00\",\"dateModified\":\"2022-08-24T12:17:07+00:00\",\"mainEntityOfPage\":{\"@id\":\"https:\/\/vosgesinfo.fr\/saintdieinfo\/2022\/08\/rentree-culturelle-de-nouveaux-professeurs-darts-plastiques-cepagrap\/\"},\"wordCount\":248,\"commentCount\":0,\"publisher\":{\"@id\":\"https:\/\/vosgesinfo.fr\/saintdieinfo\/#organization\"},\"image\":{\"@id\":\"https:\/\/vosgesinfo.fr\/saintdieinfo\/2022\/08\/rentree-culturelle-de-nouveaux-professeurs-darts-plastiques-cepagrap\/#primaryimage\"},\"thumbnailUrl\":\"https:\/\/vosgesinfo.fr\/app\/uploads\/sites\/4\/2024\/08\/202208ipiccy-image-1.jpg\",\"keywords\":[\"Espace des Arts Plastiques CEPAGRAP\"],\"articleSection\":[\"A la Une\"],\"inLanguage\":\"fr-FR\",\"potentialAction\":[{\"@type\":\"CommentAction\",\"name\":\"Comment\",\"target\":[\"https:\/\/vosgesinfo.fr\/saintdieinfo\/2022\/08\/rentree-culturelle-de-nouveaux-professeurs-darts-plastiques-cepagrap\/#respond\"]}]},{\"@type\":\"WebPage\",\"@id\":\"https:\/\/vosgesinfo.fr\/saintdieinfo\/2022\/08\/rentree-culturelle-de-nouveaux-professeurs-darts-plastiques-cepagrap\/\",\"url\":\"https:\/\/vosgesinfo.fr\/saintdieinfo\/2022\/08\/rentree-culturelle-de-nouveaux-professeurs-darts-plastiques-cepagrap\/\",\"name\":\"Rentr\u00e9e culturelle - de nouveaux professeurs d\u2019arts plastiques au CEPAGRAP. - Saint Die Info\",\"isPartOf\":{\"@id\":\"https:\/\/vosgesinfo.fr\/saintdieinfo\/#website\"},\"primaryImageOfPage\":{\"@id\":\"https:\/\/vosgesinfo.fr\/saintdieinfo\/2022\/08\/rentree-culturelle-de-nouveaux-professeurs-darts-plastiques-cepagrap\/#primaryimage\"},\"image\":{\"@id\":\"https:\/\/vosgesinfo.fr\/saintdieinfo\/2022\/08\/rentree-culturelle-de-nouveaux-professeurs-darts-plastiques-cepagrap\/#primaryimage\"},\"thumbnailUrl\":\"https:\/\/vosgesinfo.fr\/app\/uploads\/sites\/4\/2024\/08\/202208ipiccy-image-1.jpg\",\"datePublished\":\"2022-08-24T12:17:07+00:00\",\"dateModified\":\"2022-08-24T12:17:07+00:00\",\"breadcrumb\":{\"@id\":\"https:\/\/vosgesinfo.fr\/saintdieinfo\/2022\/08\/rentree-culturelle-de-nouveaux-professeurs-darts-plastiques-cepagrap\/#breadcrumb\"},\"inLanguage\":\"fr-FR\",\"potentialAction\":[{\"@type\":\"ReadAction\",\"target\":[\"https:\/\/vosgesinfo.fr\/saintdieinfo\/2022\/08\/rentree-culturelle-de-nouveaux-professeurs-darts-plastiques-cepagrap\/\"]}]},{\"@type\":\"ImageObject\",\"inLanguage\":\"fr-FR\",\"@id\":\"https:\/\/vosgesinfo.fr\/saintdieinfo\/2022\/08\/rentree-culturelle-de-nouveaux-professeurs-darts-plastiques-cepagrap\/#primaryimage\",\"url\":\"https:\/\/vosgesinfo.fr\/app\/uploads\/sites\/4\/2024\/08\/202208ipiccy-image-1.jpg\",\"contentUrl\":\"https:\/\/vosgesinfo.fr\/app\/uploads\/sites\/4\/2024\/08\/202208ipiccy-image-1.jpg\",\"width\":510,\"height\":713},{\"@type\":\"BreadcrumbList\",\"@id\":\"https:\/\/vosgesinfo.fr\/saintdieinfo\/2022\/08\/rentree-culturelle-de-nouveaux-professeurs-darts-plastiques-cepagrap\/#breadcrumb\",\"itemListElement\":[{\"@type\":\"ListItem\",\"position\":1,\"name\":\"Home\",\"item\":\"https:\/\/vosgesinfo.fr\/saintdieinfo\/\"},{\"@type\":\"ListItem\",\"position\":2,\"name\":\"Rentr\u00e9e culturelle &#8211; de nouveaux professeurs d\u2019arts plastiques au CEPAGRAP.\"}]},{\"@type\":\"WebSite\",\"@id\":\"https:\/\/vosgesinfo.fr\/saintdieinfo\/#website\",\"url\":\"https:\/\/vosgesinfo.fr\/saintdieinfo\/\",\"name\":\"Saint Die Info\",\"description\":\"Toute l&#039;actualit\u00e9 de Saint-Di\u00e9-Des-Vosges\",\"publisher\":{\"@id\":\"https:\/\/vosgesinfo.fr\/saintdieinfo\/#organization\"},\"alternateName\":\"Toute l'actualit\u00e9 de Saint-Di\u00e9-Des-Vosges\",\"potentialAction\":[{\"@type\":\"SearchAction\",\"target\":{\"@type\":\"EntryPoint\",\"urlTemplate\":\"https:\/\/vosgesinfo.fr\/saintdieinfo\/?s={search_term_string}\"},\"query-input\":\"required name=search_term_string\"}],\"inLanguage\":\"fr-FR\"},{\"@type\":\"Organization\",\"@id\":\"https:\/\/vosgesinfo.fr\/saintdieinfo\/#organization\",\"name\":\"Saint Die Info\",\"url\":\"https:\/\/vosgesinfo.fr\/saintdieinfo\/\",\"logo\":{\"@type\":\"ImageObject\",\"inLanguage\":\"fr-FR\",\"@id\":\"https:\/\/vosgesinfo.fr\/saintdieinfo\/#\/schema\/logo\/image\/\",\"url\":\"https:\/\/vosgesinfo.fr\/app\/uploads\/sites\/4\/2024\/02\/logo-sdi.jpg\",\"contentUrl\":\"https:\/\/vosgesinfo.fr\/app\/uploads\/sites\/4\/2024\/02\/logo-sdi.jpg\",\"width\":600,\"height\":600,\"caption\":\"Saint Die Info\"},\"image\":{\"@id\":\"https:\/\/vosgesinfo.fr\/saintdieinfo\/#\/schema\/logo\/image\/\"},\"sameAs\":[\"https:\/\/www.facebook.com\/Saintdieinfofr\",\"https:\/\/x.com\/VosgesInfo88\",\"https:\/\/www.youtube.com\/@vosgesinfo\"]},{\"@type\":\"Person\",\"@id\":\"https:\/\/vosgesinfo.fr\/saintdieinfo\/#\/schema\/person\/faee6704a21f3977511db84bd1cd450f\",\"name\":\"la r\u00e9daction\",\"image\":{\"@type\":\"ImageObject\",\"inLanguage\":\"fr-FR\",\"@id\":\"https:\/\/vosgesinfo.fr\/saintdieinfo\/#\/schema\/person\/image\/\",\"url\":\"https:\/\/secure.gravatar.com\/avatar\/6673d8bc6a9c17fa9a453eaa3448de834fa308c2ec9635b7aa99441a7c8d2cf6?s=96&d=mm&r=g\",\"contentUrl\":\"https:\/\/secure.gravatar.com\/avatar\/6673d8bc6a9c17fa9a453eaa3448de834fa308c2ec9635b7aa99441a7c8d2cf6?s=96&d=mm&r=g\",\"caption\":\"la r\u00e9daction\"},\"url\":\"https:\/\/vosgesinfo.fr\/saintdieinfo\/author\/redac\/\"}]}<\/script>\n<!-- \/ Yoast SEO plugin. -->","yoast_head_json":{"title":"Rentr\u00e9e culturelle - de nouveaux professeurs d\u2019arts plastiques au CEPAGRAP. - Saint Die Info","robots":{"index":"index","follow":"follow","max-snippet":"max-snippet:-1","max-image-preview":"max-image-preview:large","max-video-preview":"max-video-preview:-1"},"canonical":"https:\/\/vosgesinfo.fr\/saintdieinfo\/2022\/08\/rentree-culturelle-de-nouveaux-professeurs-darts-plastiques-cepagrap\/","twitter_card":"summary_large_image","twitter_title":"Rentr\u00e9e culturelle - de nouveaux professeurs d\u2019arts plastiques au CEPAGRAP. - Saint Die Info","twitter_description":"Trois nouveaux professeurs rejoignent l\u2019\u00e9quipe de l\u2019Espace des Arts Plastiques cepagrap\u00a0: Olivia LEFEVRE \u00e0 l\u2019atelier volume c\u00e9ramique, Florent MEYER \u00e0 [&hellip;]","twitter_image":"https:\/\/vosgesinfo.fr\/app\/uploads\/sites\/4\/2024\/08\/202208ipiccy-image-1.jpg","twitter_creator":"@VosgesInfo88","twitter_site":"@VosgesInfo88","twitter_misc":{"\u00c9crit par":"la r\u00e9daction","Dur\u00e9e de lecture estim\u00e9e":"1 minute"},"schema":{"@context":"https:\/\/schema.org","@graph":[{"@type":"Article","@id":"https:\/\/vosgesinfo.fr\/saintdieinfo\/2022\/08\/rentree-culturelle-de-nouveaux-professeurs-darts-plastiques-cepagrap\/#article","isPartOf":{"@id":"https:\/\/vosgesinfo.fr\/saintdieinfo\/2022\/08\/rentree-culturelle-de-nouveaux-professeurs-darts-plastiques-cepagrap\/"},"author":{"name":"la r\u00e9daction","@id":"https:\/\/vosgesinfo.fr\/saintdieinfo\/#\/schema\/person\/faee6704a21f3977511db84bd1cd450f"},"headline":"Rentr\u00e9e culturelle &#8211; de nouveaux professeurs d\u2019arts plastiques au CEPAGRAP.","datePublished":"2022-08-24T12:17:07+00:00","dateModified":"2022-08-24T12:17:07+00:00","mainEntityOfPage":{"@id":"https:\/\/vosgesinfo.fr\/saintdieinfo\/2022\/08\/rentree-culturelle-de-nouveaux-professeurs-darts-plastiques-cepagrap\/"},"wordCount":248,"commentCount":0,"publisher":{"@id":"https:\/\/vosgesinfo.fr\/saintdieinfo\/#organization"},"image":{"@id":"https:\/\/vosgesinfo.fr\/saintdieinfo\/2022\/08\/rentree-culturelle-de-nouveaux-professeurs-darts-plastiques-cepagrap\/#primaryimage"},"thumbnailUrl":"https:\/\/vosgesinfo.fr\/app\/uploads\/sites\/4\/2024\/08\/202208ipiccy-image-1.jpg","keywords":["Espace des Arts Plastiques CEPAGRAP"],"articleSection":["A la Une"],"inLanguage":"fr-FR","potentialAction":[{"@type":"CommentAction","name":"Comment","target":["https:\/\/vosgesinfo.fr\/saintdieinfo\/2022\/08\/rentree-culturelle-de-nouveaux-professeurs-darts-plastiques-cepagrap\/#respond"]}]},{"@type":"WebPage","@id":"https:\/\/vosgesinfo.fr\/saintdieinfo\/2022\/08\/rentree-culturelle-de-nouveaux-professeurs-darts-plastiques-cepagrap\/","url":"https:\/\/vosgesinfo.fr\/saintdieinfo\/2022\/08\/rentree-culturelle-de-nouveaux-professeurs-darts-plastiques-cepagrap\/","name":"Rentr\u00e9e culturelle - de nouveaux professeurs d\u2019arts plastiques au CEPAGRAP. - Saint Die Info","isPartOf":{"@id":"https:\/\/vosgesinfo.fr\/saintdieinfo\/#website"},"primaryImageOfPage":{"@id":"https:\/\/vosgesinfo.fr\/saintdieinfo\/2022\/08\/rentree-culturelle-de-nouveaux-professeurs-darts-plastiques-cepagrap\/#primaryimage"},"image":{"@id":"https:\/\/vosgesinfo.fr\/saintdieinfo\/2022\/08\/rentree-culturelle-de-nouveaux-professeurs-darts-plastiques-cepagrap\/#primaryimage"},"thumbnailUrl":"https:\/\/vosgesinfo.fr\/app\/uploads\/sites\/4\/2024\/08\/202208ipiccy-image-1.jpg","datePublished":"2022-08-24T12:17:07+00:00","dateModified":"2022-08-24T12:17:07+00:00","breadcrumb":{"@id":"https:\/\/vosgesinfo.fr\/saintdieinfo\/2022\/08\/rentree-culturelle-de-nouveaux-professeurs-darts-plastiques-cepagrap\/#breadcrumb"},"inLanguage":"fr-FR","potentialAction":[{"@type":"ReadAction","target":["https:\/\/vosgesinfo.fr\/saintdieinfo\/2022\/08\/rentree-culturelle-de-nouveaux-professeurs-darts-plastiques-cepagrap\/"]}]},{"@type":"ImageObject","inLanguage":"fr-FR","@id":"https:\/\/vosgesinfo.fr\/saintdieinfo\/2022\/08\/rentree-culturelle-de-nouveaux-professeurs-darts-plastiques-cepagrap\/#primaryimage","url":"https:\/\/vosgesinfo.fr\/app\/uploads\/sites\/4\/2024\/08\/202208ipiccy-image-1.jpg","contentUrl":"https:\/\/vosgesinfo.fr\/app\/uploads\/sites\/4\/2024\/08\/202208ipiccy-image-1.jpg","width":510,"height":713},{"@type":"BreadcrumbList","@id":"https:\/\/vosgesinfo.fr\/saintdieinfo\/2022\/08\/rentree-culturelle-de-nouveaux-professeurs-darts-plastiques-cepagrap\/#breadcrumb","itemListElement":[{"@type":"ListItem","position":1,"name":"Home","item":"https:\/\/vosgesinfo.fr\/saintdieinfo\/"},{"@type":"ListItem","position":2,"name":"Rentr\u00e9e culturelle &#8211; de nouveaux professeurs d\u2019arts plastiques au CEPAGRAP."}]},{"@type":"WebSite","@id":"https:\/\/vosgesinfo.fr\/saintdieinfo\/#website","url":"https:\/\/vosgesinfo.fr\/saintdieinfo\/","name":"Saint Die Info","description":"Toute l&#039;actualit\u00e9 de Saint-Di\u00e9-Des-Vosges","publisher":{"@id":"https:\/\/vosgesinfo.fr\/saintdieinfo\/#organization"},"alternateName":"Toute l'actualit\u00e9 de Saint-Di\u00e9-Des-Vosges","potentialAction":[{"@type":"SearchAction","target":{"@type":"EntryPoint","urlTemplate":"https:\/\/vosgesinfo.fr\/saintdieinfo\/?s={search_term_string}"},"query-input":"required name=search_term_string"}],"inLanguage":"fr-FR"},{"@type":"Organization","@id":"https:\/\/vosgesinfo.fr\/saintdieinfo\/#organization","name":"Saint Die Info","url":"https:\/\/vosgesinfo.fr\/saintdieinfo\/","logo":{"@type":"ImageObject","inLanguage":"fr-FR","@id":"https:\/\/vosgesinfo.fr\/saintdieinfo\/#\/schema\/logo\/image\/","url":"https:\/\/vosgesinfo.fr\/app\/uploads\/sites\/4\/2024\/02\/logo-sdi.jpg","contentUrl":"https:\/\/vosgesinfo.fr\/app\/uploads\/sites\/4\/2024\/02\/logo-sdi.jpg","width":600,"height":600,"caption":"Saint Die Info"},"image":{"@id":"https:\/\/vosgesinfo.fr\/saintdieinfo\/#\/schema\/logo\/image\/"},"sameAs":["https:\/\/www.facebook.com\/Saintdieinfofr","https:\/\/x.com\/VosgesInfo88","https:\/\/www.youtube.com\/@vosgesinfo"]},{"@type":"Person","@id":"https:\/\/vosgesinfo.fr\/saintdieinfo\/#\/schema\/person\/faee6704a21f3977511db84bd1cd450f","name":"la r\u00e9daction","image":{"@type":"ImageObject","inLanguage":"fr-FR","@id":"https:\/\/vosgesinfo.fr\/saintdieinfo\/#\/schema\/person\/image\/","url":"https:\/\/secure.gravatar.com\/avatar\/6673d8bc6a9c17fa9a453eaa3448de834fa308c2ec9635b7aa99441a7c8d2cf6?s=96&d=mm&r=g","contentUrl":"https:\/\/secure.gravatar.com\/avatar\/6673d8bc6a9c17fa9a453eaa3448de834fa308c2ec9635b7aa99441a7c8d2cf6?s=96&d=mm&r=g","caption":"la r\u00e9daction"},"url":"https:\/\/vosgesinfo.fr\/saintdieinfo\/author\/redac\/"}]}},"_links":{"self":[{"href":"https:\/\/vosgesinfo.fr\/saintdieinfo\/wp-json\/wp\/v2\/posts\/56914","targetHints":{"allow":["GET"]}}],"collection":[{"href":"https:\/\/vosgesinfo.fr\/saintdieinfo\/wp-json\/wp\/v2\/posts"}],"about":[{"href":"https:\/\/vosgesinfo.fr\/saintdieinfo\/wp-json\/wp\/v2\/types\/post"}],"author":[{"embeddable":true,"href":"https:\/\/vosgesinfo.fr\/saintdieinfo\/wp-json\/wp\/v2\/users\/44"}],"replies":[{"embeddable":true,"href":"https:\/\/vosgesinfo.fr\/saintdieinfo\/wp-json\/wp\/v2\/comments?post=56914"}],"version-history":[{"count":0,"href":"https:\/\/vosgesinfo.fr\/saintdieinfo\/wp-json\/wp\/v2\/posts\/56914\/revisions"}],"wp:featuredmedia":[{"embeddable":true,"href":"https:\/\/vosgesinfo.fr\/saintdieinfo\/wp-json\/wp\/v2\/media\/56915"}],"wp:attachment":[{"href":"https:\/\/vosgesinfo.fr\/saintdieinfo\/wp-json\/wp\/v2\/media?parent=56914"}],"wp:term":[{"taxonomy":"category","embeddable":true,"href":"https:\/\/vosgesinfo.fr\/saintdieinfo\/wp-json\/wp\/v2\/categories?post=56914"},{"taxonomy":"post_tag","embeddable":true,"href":"https:\/\/vosgesinfo.fr\/saintdieinfo\/wp-json\/wp\/v2\/tags?post=56914"}],"curies":[{"name":"wp","href":"https:\/\/api.w.org\/{rel}","templated":true}]}}