{"id":56920,"date":"2022-08-25T13:18:14","date_gmt":"2022-08-25T11:18:14","guid":{"rendered":"https:\/\/vosgesinfo.fr\/saintdieinfo\/2022\/08\/pm-occupe-terrain\/"},"modified":"2022-08-25T13:18:14","modified_gmt":"2022-08-25T11:18:14","slug":"pm-occupe-terrain","status":"publish","type":"post","link":"https:\/\/vosgesinfo.fr\/saintdieinfo\/2022\/08\/pm-occupe-terrain\/","title":{"rendered":"La PM occupe le terrain"},"content":{"rendered":"<div>\n<h3 class=\"x_ydpcc65d181MsoNoSpacing\"><a href=\"\/2022\/08\/controles-Police-2.jpg\"><img decoding=\"async\" class=\"aligncenter size-full wp-image-188784\" src=\"\/2022\/08\/controles-Police-2.jpg\" alt=\"controles Police (2)\" width=\"888\" height=\"609\" \/><\/a><\/h3>\n<h3 class=\"x_ydpcc65d181MsoNoSpacing\"><\/h3>\n<h3 class=\"x_ydpcc65d181MsoNoSpacing\">Les agents de la police municipale \u00e9taient r\u00e9cemment post\u00e9s rue Ernest-Colin afin d&rsquo;effectuer des contr\u00f4les de routine principalement ax\u00e9s sur l&rsquo;\u00e9tat des v\u00e9hicules et les infractions au code de la route.<\/h3>\n<p class=\"x_ydpcc65d181MsoNoSpacing\"><a href=\"https:\/\/saintdieinfo.fr\/?attachment_id=188786\"><img decoding=\"async\" class=\"alignright wp-image-188786 size-medium\" src=\"\/2022\/08\/controles-Police-1-201x255.jpg\" alt=\"controles Police (1)\" width=\"201\" height=\"255\" \/><\/a>Un premier v\u00e9hicule est arr\u00eat\u00e9, le constat est sans appel : pneus lisses, un pot d\u2019\u00e9chappement ne tenant plus qu\u2019\u00e0 l\u2019aide de fil de fer etc. Les agents de Police n&rsquo;ont pas le choix et doivent proc\u00e9der \u00e0 l&rsquo;immobilisation pour pr\u00e9server la s\u00e9curit\u00e9 de tous. La conductrice en est quitte pour une amende de 4<sup>\u00e8me<\/sup> classe d&rsquo;un montant de 135 euros et devra patienter jusqu\u2019\u00e0 ce qu\u2019un membre de sa famille vienne la chercher sur place. Entre temps, c\u2019est au tout d&rsquo;un jeune homme en trottinette qui avait circul\u00e9 sur le trottoir, et sans casque, d\u2019\u00eatre verbalis\u00e9 d\u2019un montant identique.<\/p>\n<p class=\"x_ydpcc65d181MsoNoSpacing\">Un peu plus loin, un autre agent contr\u00f4le la vitesse aux \u00ab\u00a0jumelles\u00a0\u00bb\u2026 Le poste mobile de proximit\u00e9 est l\u00e0, les v\u00e9hicules, des agents \u00e0 VTT\u2026 Neuf effectifs au total, men\u00e9s par le chef de la police municipale d\u00e9odatienne Christian Gardecki. Ce dernier pr\u00e9cise que pr\u00e8s de 80 contr\u00f4les sont r\u00e9alis\u00e9s chaque mois dans toute la ville pour une moyenne d&rsquo;une vingtaine de contraventions dress\u00e9es, principalement des amendes de 4<sup>\u00e8me<\/sup> classe justement. Et d&rsquo;ajouter :<i> \u00ab\u00a0Cet apr\u00e8s-midi, nous surveillons les exc\u00e8s de vitesse, le t\u00e9l\u00e9phone au volant, l\u2019\u00e9tat des v\u00e9hicules, les deux-roues et trottinettes, ainsi que les v\u00e9hicules bruyants \u00e0 l\u2019aide d\u2019un sonom\u00e8tre\u00a0\u00bb.<\/i> Globalement, de nombreux cas de \u00ab\u00a0non mutation de carte grise sont constat\u00e9s. Quant aux exc\u00e8s de vitesse, ils n\u2019\u00e9pargnent aucun quartier de la ville et de tristes records ont \u00e9t\u00e9 relev\u00e9s avec notamment un exc\u00e8s de 150 km\/h, un autre de 130 km\/h en pleine journ\u00e9e sur les quais de la Meurthe !<i><br \/>\n<\/i><\/p>\n<p class=\"x_ydpcc65d181MsoNoSpacing\">\u00a0Le maire Bruno Toussaint et Jean-Marie Vonderscher, 1er Adjoint d\u00e9l\u00e9gu\u00e9 aux Finances et \u00e0 la S\u00e9curit\u00e9 se sont \u00e9galement rendus sur place en ce d\u00e9but de semaine, rappelant que si la pr\u00e9vention et la sensibilisation restent au c\u0153ur des missions des agents, la r\u00e9pression reste indispensable. <i>\u00ab\u00a0Ce qui est surprenant, c\u2019est la multiplication des outrages de la part des citoyens \u00ab\u00a0ordinaires\u00a0\u00bb. Les \u00ab\u00a0vrais\u00a0\u00bb d\u00e9linquants eux-m\u00eames sont plus polis avec nous. Je rappelle que nous sommes l\u00e0 avant tout pour aider la population et je ne comprends pas ces comportements\u00a0\u00bb<\/i>, d\u00e9plore Christian Gardecki\u2026 Apr\u00e8s Kellermann, c\u2019est au carrefour des rues Thiers et Saint-Charles que les contr\u00f4les se sont prolong\u00e9s, puis avenue de Robach.<\/p>\n<\/div>\n","protected":false},"excerpt":{"rendered":"<p>Les agents de la police municipale \u00e9taient r\u00e9cemment post\u00e9s rue Ernest-Colin afin d&rsquo;effectuer des contr\u00f4les de routine principalement ax\u00e9s sur [&hellip;]<\/p>\n","protected":false},"author":44,"featured_media":56921,"comment_status":"open","ping_status":"open","sticky":false,"template":"","format":"standard","meta":{"footnotes":""},"categories":[460,2915],"tags":[],"class_list":["post-56920","post","type-post","status-publish","format-standard","has-post-thumbnail","hentry","category-a-la-une","category-saint-die-son-canton"],"acf":[],"yoast_head":"<!-- This site is optimized with the Yoast SEO plugin v22.5 - https:\/\/yoast.com\/wordpress\/plugins\/seo\/ -->\n<title>La PM occupe le terrain - Saint Die Info<\/title>\n<meta name=\"robots\" content=\"index, follow, max-snippet:-1, max-image-preview:large, max-video-preview:-1\" \/>\n<link rel=\"canonical\" href=\"https:\/\/vosgesinfo.fr\/saintdieinfo\/2022\/08\/pm-occupe-terrain\/\" \/>\n<meta name=\"twitter:card\" content=\"summary_large_image\" \/>\n<meta name=\"twitter:title\" content=\"La PM occupe le terrain - Saint Die Info\" \/>\n<meta name=\"twitter:description\" content=\"Les agents de la police municipale \u00e9taient r\u00e9cemment post\u00e9s rue Ernest-Colin afin d&rsquo;effectuer des contr\u00f4les de routine principalement ax\u00e9s sur [&hellip;]\" \/>\n<meta name=\"twitter:image\" content=\"https:\/\/vosgesinfo.fr\/app\/uploads\/sites\/4\/2024\/08\/202208controles-police-2.jpg\" \/>\n<meta name=\"twitter:creator\" content=\"@VosgesInfo88\" \/>\n<meta name=\"twitter:site\" content=\"@VosgesInfo88\" \/>\n<meta name=\"twitter:label1\" content=\"\u00c9crit par\" \/>\n\t<meta name=\"twitter:data1\" content=\"la r\u00e9daction\" \/>\n\t<meta name=\"twitter:label2\" content=\"Dur\u00e9e de lecture estim\u00e9e\" \/>\n\t<meta name=\"twitter:data2\" content=\"2 minutes\" \/>\n<script type=\"application\/ld+json\" class=\"yoast-schema-graph\">{\"@context\":\"https:\/\/schema.org\",\"@graph\":[{\"@type\":\"Article\",\"@id\":\"https:\/\/vosgesinfo.fr\/saintdieinfo\/2022\/08\/pm-occupe-terrain\/#article\",\"isPartOf\":{\"@id\":\"https:\/\/vosgesinfo.fr\/saintdieinfo\/2022\/08\/pm-occupe-terrain\/\"},\"author\":{\"name\":\"la r\u00e9daction\",\"@id\":\"https:\/\/vosgesinfo.fr\/saintdieinfo\/#\/schema\/person\/faee6704a21f3977511db84bd1cd450f\"},\"headline\":\"La PM occupe le terrain\",\"datePublished\":\"2022-08-25T11:18:14+00:00\",\"dateModified\":\"2022-08-25T11:18:14+00:00\",\"mainEntityOfPage\":{\"@id\":\"https:\/\/vosgesinfo.fr\/saintdieinfo\/2022\/08\/pm-occupe-terrain\/\"},\"wordCount\":459,\"commentCount\":0,\"publisher\":{\"@id\":\"https:\/\/vosgesinfo.fr\/saintdieinfo\/#organization\"},\"image\":{\"@id\":\"https:\/\/vosgesinfo.fr\/saintdieinfo\/2022\/08\/pm-occupe-terrain\/#primaryimage\"},\"thumbnailUrl\":\"https:\/\/vosgesinfo.fr\/app\/uploads\/sites\/4\/2024\/08\/202208controles-police-2.jpg\",\"articleSection\":[\"A la Une\",\"Saint-Di\u00e9-des-Vosges et son Agglom\u00e9ration\"],\"inLanguage\":\"fr-FR\",\"potentialAction\":[{\"@type\":\"CommentAction\",\"name\":\"Comment\",\"target\":[\"https:\/\/vosgesinfo.fr\/saintdieinfo\/2022\/08\/pm-occupe-terrain\/#respond\"]}]},{\"@type\":\"WebPage\",\"@id\":\"https:\/\/vosgesinfo.fr\/saintdieinfo\/2022\/08\/pm-occupe-terrain\/\",\"url\":\"https:\/\/vosgesinfo.fr\/saintdieinfo\/2022\/08\/pm-occupe-terrain\/\",\"name\":\"La PM occupe le terrain - Saint Die Info\",\"isPartOf\":{\"@id\":\"https:\/\/vosgesinfo.fr\/saintdieinfo\/#website\"},\"primaryImageOfPage\":{\"@id\":\"https:\/\/vosgesinfo.fr\/saintdieinfo\/2022\/08\/pm-occupe-terrain\/#primaryimage\"},\"image\":{\"@id\":\"https:\/\/vosgesinfo.fr\/saintdieinfo\/2022\/08\/pm-occupe-terrain\/#primaryimage\"},\"thumbnailUrl\":\"https:\/\/vosgesinfo.fr\/app\/uploads\/sites\/4\/2024\/08\/202208controles-police-2.jpg\",\"datePublished\":\"2022-08-25T11:18:14+00:00\",\"dateModified\":\"2022-08-25T11:18:14+00:00\",\"breadcrumb\":{\"@id\":\"https:\/\/vosgesinfo.fr\/saintdieinfo\/2022\/08\/pm-occupe-terrain\/#breadcrumb\"},\"inLanguage\":\"fr-FR\",\"potentialAction\":[{\"@type\":\"ReadAction\",\"target\":[\"https:\/\/vosgesinfo.fr\/saintdieinfo\/2022\/08\/pm-occupe-terrain\/\"]}]},{\"@type\":\"ImageObject\",\"inLanguage\":\"fr-FR\",\"@id\":\"https:\/\/vosgesinfo.fr\/saintdieinfo\/2022\/08\/pm-occupe-terrain\/#primaryimage\",\"url\":\"https:\/\/vosgesinfo.fr\/app\/uploads\/sites\/4\/2024\/08\/202208controles-police-2.jpg\",\"contentUrl\":\"https:\/\/vosgesinfo.fr\/app\/uploads\/sites\/4\/2024\/08\/202208controles-police-2.jpg\",\"width\":888,\"height\":609},{\"@type\":\"BreadcrumbList\",\"@id\":\"https:\/\/vosgesinfo.fr\/saintdieinfo\/2022\/08\/pm-occupe-terrain\/#breadcrumb\",\"itemListElement\":[{\"@type\":\"ListItem\",\"position\":1,\"name\":\"Home\",\"item\":\"https:\/\/vosgesinfo.fr\/saintdieinfo\/\"},{\"@type\":\"ListItem\",\"position\":2,\"name\":\"La PM occupe le terrain\"}]},{\"@type\":\"WebSite\",\"@id\":\"https:\/\/vosgesinfo.fr\/saintdieinfo\/#website\",\"url\":\"https:\/\/vosgesinfo.fr\/saintdieinfo\/\",\"name\":\"Saint Die Info\",\"description\":\"Toute l&#039;actualit\u00e9 de Saint-Di\u00e9-Des-Vosges\",\"publisher\":{\"@id\":\"https:\/\/vosgesinfo.fr\/saintdieinfo\/#organization\"},\"alternateName\":\"Toute l'actualit\u00e9 de Saint-Di\u00e9-Des-Vosges\",\"potentialAction\":[{\"@type\":\"SearchAction\",\"target\":{\"@type\":\"EntryPoint\",\"urlTemplate\":\"https:\/\/vosgesinfo.fr\/saintdieinfo\/?s={search_term_string}\"},\"query-input\":\"required name=search_term_string\"}],\"inLanguage\":\"fr-FR\"},{\"@type\":\"Organization\",\"@id\":\"https:\/\/vosgesinfo.fr\/saintdieinfo\/#organization\",\"name\":\"Saint Die Info\",\"url\":\"https:\/\/vosgesinfo.fr\/saintdieinfo\/\",\"logo\":{\"@type\":\"ImageObject\",\"inLanguage\":\"fr-FR\",\"@id\":\"https:\/\/vosgesinfo.fr\/saintdieinfo\/#\/schema\/logo\/image\/\",\"url\":\"https:\/\/vosgesinfo.fr\/app\/uploads\/sites\/4\/2024\/02\/logo-sdi.jpg\",\"contentUrl\":\"https:\/\/vosgesinfo.fr\/app\/uploads\/sites\/4\/2024\/02\/logo-sdi.jpg\",\"width\":600,\"height\":600,\"caption\":\"Saint Die Info\"},\"image\":{\"@id\":\"https:\/\/vosgesinfo.fr\/saintdieinfo\/#\/schema\/logo\/image\/\"},\"sameAs\":[\"https:\/\/www.facebook.com\/Saintdieinfofr\",\"https:\/\/x.com\/VosgesInfo88\",\"https:\/\/www.youtube.com\/@vosgesinfo\"]},{\"@type\":\"Person\",\"@id\":\"https:\/\/vosgesinfo.fr\/saintdieinfo\/#\/schema\/person\/faee6704a21f3977511db84bd1cd450f\",\"name\":\"la r\u00e9daction\",\"image\":{\"@type\":\"ImageObject\",\"inLanguage\":\"fr-FR\",\"@id\":\"https:\/\/vosgesinfo.fr\/saintdieinfo\/#\/schema\/person\/image\/\",\"url\":\"https:\/\/secure.gravatar.com\/avatar\/6673d8bc6a9c17fa9a453eaa3448de834fa308c2ec9635b7aa99441a7c8d2cf6?s=96&d=mm&r=g\",\"contentUrl\":\"https:\/\/secure.gravatar.com\/avatar\/6673d8bc6a9c17fa9a453eaa3448de834fa308c2ec9635b7aa99441a7c8d2cf6?s=96&d=mm&r=g\",\"caption\":\"la r\u00e9daction\"},\"url\":\"https:\/\/vosgesinfo.fr\/saintdieinfo\/author\/redac\/\"}]}<\/script>\n<!-- \/ Yoast SEO plugin. -->","yoast_head_json":{"title":"La PM occupe le terrain - Saint Die Info","robots":{"index":"index","follow":"follow","max-snippet":"max-snippet:-1","max-image-preview":"max-image-preview:large","max-video-preview":"max-video-preview:-1"},"canonical":"https:\/\/vosgesinfo.fr\/saintdieinfo\/2022\/08\/pm-occupe-terrain\/","twitter_card":"summary_large_image","twitter_title":"La PM occupe le terrain - Saint Die Info","twitter_description":"Les agents de la police municipale \u00e9taient r\u00e9cemment post\u00e9s rue Ernest-Colin afin d&rsquo;effectuer des contr\u00f4les de routine principalement ax\u00e9s sur [&hellip;]","twitter_image":"https:\/\/vosgesinfo.fr\/app\/uploads\/sites\/4\/2024\/08\/202208controles-police-2.jpg","twitter_creator":"@VosgesInfo88","twitter_site":"@VosgesInfo88","twitter_misc":{"\u00c9crit par":"la r\u00e9daction","Dur\u00e9e de lecture estim\u00e9e":"2 minutes"},"schema":{"@context":"https:\/\/schema.org","@graph":[{"@type":"Article","@id":"https:\/\/vosgesinfo.fr\/saintdieinfo\/2022\/08\/pm-occupe-terrain\/#article","isPartOf":{"@id":"https:\/\/vosgesinfo.fr\/saintdieinfo\/2022\/08\/pm-occupe-terrain\/"},"author":{"name":"la r\u00e9daction","@id":"https:\/\/vosgesinfo.fr\/saintdieinfo\/#\/schema\/person\/faee6704a21f3977511db84bd1cd450f"},"headline":"La PM occupe le terrain","datePublished":"2022-08-25T11:18:14+00:00","dateModified":"2022-08-25T11:18:14+00:00","mainEntityOfPage":{"@id":"https:\/\/vosgesinfo.fr\/saintdieinfo\/2022\/08\/pm-occupe-terrain\/"},"wordCount":459,"commentCount":0,"publisher":{"@id":"https:\/\/vosgesinfo.fr\/saintdieinfo\/#organization"},"image":{"@id":"https:\/\/vosgesinfo.fr\/saintdieinfo\/2022\/08\/pm-occupe-terrain\/#primaryimage"},"thumbnailUrl":"https:\/\/vosgesinfo.fr\/app\/uploads\/sites\/4\/2024\/08\/202208controles-police-2.jpg","articleSection":["A la Une","Saint-Di\u00e9-des-Vosges et son Agglom\u00e9ration"],"inLanguage":"fr-FR","potentialAction":[{"@type":"CommentAction","name":"Comment","target":["https:\/\/vosgesinfo.fr\/saintdieinfo\/2022\/08\/pm-occupe-terrain\/#respond"]}]},{"@type":"WebPage","@id":"https:\/\/vosgesinfo.fr\/saintdieinfo\/2022\/08\/pm-occupe-terrain\/","url":"https:\/\/vosgesinfo.fr\/saintdieinfo\/2022\/08\/pm-occupe-terrain\/","name":"La PM occupe le terrain - Saint Die Info","isPartOf":{"@id":"https:\/\/vosgesinfo.fr\/saintdieinfo\/#website"},"primaryImageOfPage":{"@id":"https:\/\/vosgesinfo.fr\/saintdieinfo\/2022\/08\/pm-occupe-terrain\/#primaryimage"},"image":{"@id":"https:\/\/vosgesinfo.fr\/saintdieinfo\/2022\/08\/pm-occupe-terrain\/#primaryimage"},"thumbnailUrl":"https:\/\/vosgesinfo.fr\/app\/uploads\/sites\/4\/2024\/08\/202208controles-police-2.jpg","datePublished":"2022-08-25T11:18:14+00:00","dateModified":"2022-08-25T11:18:14+00:00","breadcrumb":{"@id":"https:\/\/vosgesinfo.fr\/saintdieinfo\/2022\/08\/pm-occupe-terrain\/#breadcrumb"},"inLanguage":"fr-FR","potentialAction":[{"@type":"ReadAction","target":["https:\/\/vosgesinfo.fr\/saintdieinfo\/2022\/08\/pm-occupe-terrain\/"]}]},{"@type":"ImageObject","inLanguage":"fr-FR","@id":"https:\/\/vosgesinfo.fr\/saintdieinfo\/2022\/08\/pm-occupe-terrain\/#primaryimage","url":"https:\/\/vosgesinfo.fr\/app\/uploads\/sites\/4\/2024\/08\/202208controles-police-2.jpg","contentUrl":"https:\/\/vosgesinfo.fr\/app\/uploads\/sites\/4\/2024\/08\/202208controles-police-2.jpg","width":888,"height":609},{"@type":"BreadcrumbList","@id":"https:\/\/vosgesinfo.fr\/saintdieinfo\/2022\/08\/pm-occupe-terrain\/#breadcrumb","itemListElement":[{"@type":"ListItem","position":1,"name":"Home","item":"https:\/\/vosgesinfo.fr\/saintdieinfo\/"},{"@type":"ListItem","position":2,"name":"La PM occupe le terrain"}]},{"@type":"WebSite","@id":"https:\/\/vosgesinfo.fr\/saintdieinfo\/#website","url":"https:\/\/vosgesinfo.fr\/saintdieinfo\/","name":"Saint Die Info","description":"Toute l&#039;actualit\u00e9 de Saint-Di\u00e9-Des-Vosges","publisher":{"@id":"https:\/\/vosgesinfo.fr\/saintdieinfo\/#organization"},"alternateName":"Toute l'actualit\u00e9 de Saint-Di\u00e9-Des-Vosges","potentialAction":[{"@type":"SearchAction","target":{"@type":"EntryPoint","urlTemplate":"https:\/\/vosgesinfo.fr\/saintdieinfo\/?s={search_term_string}"},"query-input":"required name=search_term_string"}],"inLanguage":"fr-FR"},{"@type":"Organization","@id":"https:\/\/vosgesinfo.fr\/saintdieinfo\/#organization","name":"Saint Die Info","url":"https:\/\/vosgesinfo.fr\/saintdieinfo\/","logo":{"@type":"ImageObject","inLanguage":"fr-FR","@id":"https:\/\/vosgesinfo.fr\/saintdieinfo\/#\/schema\/logo\/image\/","url":"https:\/\/vosgesinfo.fr\/app\/uploads\/sites\/4\/2024\/02\/logo-sdi.jpg","contentUrl":"https:\/\/vosgesinfo.fr\/app\/uploads\/sites\/4\/2024\/02\/logo-sdi.jpg","width":600,"height":600,"caption":"Saint Die Info"},"image":{"@id":"https:\/\/vosgesinfo.fr\/saintdieinfo\/#\/schema\/logo\/image\/"},"sameAs":["https:\/\/www.facebook.com\/Saintdieinfofr","https:\/\/x.com\/VosgesInfo88","https:\/\/www.youtube.com\/@vosgesinfo"]},{"@type":"Person","@id":"https:\/\/vosgesinfo.fr\/saintdieinfo\/#\/schema\/person\/faee6704a21f3977511db84bd1cd450f","name":"la r\u00e9daction","image":{"@type":"ImageObject","inLanguage":"fr-FR","@id":"https:\/\/vosgesinfo.fr\/saintdieinfo\/#\/schema\/person\/image\/","url":"https:\/\/secure.gravatar.com\/avatar\/6673d8bc6a9c17fa9a453eaa3448de834fa308c2ec9635b7aa99441a7c8d2cf6?s=96&d=mm&r=g","contentUrl":"https:\/\/secure.gravatar.com\/avatar\/6673d8bc6a9c17fa9a453eaa3448de834fa308c2ec9635b7aa99441a7c8d2cf6?s=96&d=mm&r=g","caption":"la r\u00e9daction"},"url":"https:\/\/vosgesinfo.fr\/saintdieinfo\/author\/redac\/"}]}},"_links":{"self":[{"href":"https:\/\/vosgesinfo.fr\/saintdieinfo\/wp-json\/wp\/v2\/posts\/56920","targetHints":{"allow":["GET"]}}],"collection":[{"href":"https:\/\/vosgesinfo.fr\/saintdieinfo\/wp-json\/wp\/v2\/posts"}],"about":[{"href":"https:\/\/vosgesinfo.fr\/saintdieinfo\/wp-json\/wp\/v2\/types\/post"}],"author":[{"embeddable":true,"href":"https:\/\/vosgesinfo.fr\/saintdieinfo\/wp-json\/wp\/v2\/users\/44"}],"replies":[{"embeddable":true,"href":"https:\/\/vosgesinfo.fr\/saintdieinfo\/wp-json\/wp\/v2\/comments?post=56920"}],"version-history":[{"count":0,"href":"https:\/\/vosgesinfo.fr\/saintdieinfo\/wp-json\/wp\/v2\/posts\/56920\/revisions"}],"wp:featuredmedia":[{"embeddable":true,"href":"https:\/\/vosgesinfo.fr\/saintdieinfo\/wp-json\/wp\/v2\/media\/56921"}],"wp:attachment":[{"href":"https:\/\/vosgesinfo.fr\/saintdieinfo\/wp-json\/wp\/v2\/media?parent=56920"}],"wp:term":[{"taxonomy":"category","embeddable":true,"href":"https:\/\/vosgesinfo.fr\/saintdieinfo\/wp-json\/wp\/v2\/categories?post=56920"},{"taxonomy":"post_tag","embeddable":true,"href":"https:\/\/vosgesinfo.fr\/saintdieinfo\/wp-json\/wp\/v2\/tags?post=56920"}],"curies":[{"name":"wp","href":"https:\/\/api.w.org\/{rel}","templated":true}]}}