{"id":57032,"date":"2022-08-30T09:16:51","date_gmt":"2022-08-30T07:16:51","guid":{"rendered":"https:\/\/vosgesinfo.fr\/saintdieinfo\/2022\/08\/rentree-scolaire-1500-eleves-attendus-bancs-ecoles-publiques-deodatiennes\/"},"modified":"2022-08-30T09:16:51","modified_gmt":"2022-08-30T07:16:51","slug":"rentree-scolaire-1500-eleves-attendus-bancs-ecoles-publiques-deodatiennes","status":"publish","type":"post","link":"https:\/\/vosgesinfo.fr\/saintdieinfo\/2022\/08\/rentree-scolaire-1500-eleves-attendus-bancs-ecoles-publiques-deodatiennes\/","title":{"rendered":"Rentr\u00e9e scolaire\u00a0: 1500 \u00e9l\u00e8ves attendus sur les bancs des \u00e9coles publiques d\u00e9odatiennes"},"content":{"rendered":"<div id=\"attachment_188054\" style=\"width: 970px\" class=\"wp-caption aligncenter\"><a href=\"\/2022\/08\/Travaux_V\u00e9g\u00e9talisation_Cour_Ecole_Gaston-Colnat-1.jpg\" target=\"_blank\" rel=\"noopener\"><img decoding=\"async\" aria-describedby=\"caption-attachment-188054\" class=\"wp-image-188054 size-large\" src=\"\/2022\/08\/Travaux_V\u00e9g\u00e9talisation_Cour_Ecole_Gaston-Colnat-1-1024x771.jpg\" alt=\"Travaux_V\u00e9g\u00e9talisation_Cour_Ecole_Gaston-Colnat (1)\" width=\"960\" height=\"723\" \/><\/a><p id=\"caption-attachment-188054\" class=\"wp-caption-text\">Des travaux ont \u00e9t\u00e9 men\u00e9s cet \u00e9t\u00e9 afin de v\u00e9g\u00e9taliser la cour de l&rsquo;\u00e9cole Gaston-Colnat (Archive)<\/p><\/div>\n<h2><strong><span style=\"font-size: 14pt;\">\u00c7a y est, l&rsquo;heure de la rentr\u00e9e a \u2013 pratiquement \u2013 sonn\u00e9, puisque c&rsquo;est apr\u00e8s-demain jeudi que les \u00e9coliers fran\u00e7ais feront leur rentr\u00e9e scolaire.<\/span><\/strong><\/h2>\n<p><!--more--><\/p>\n<p>A Saint-Di\u00e9-des-Vosges, ce sont 1500 jeunes \u00e9l\u00e8ves qui sont attendus sur les bancs des 10 \u00e9coles publiques de la ville, des classes de maternelles et de primaires. Les effectifs restent donc stables, puisque environ 1500 \u00e9coliers \u00e9taient inscrits lors de la pr\u00e9c\u00e9dente rentr\u00e9e de septembre. En marge de cette rentr\u00e9e 2022-2023, la Ville a d\u00e9pens\u00e9 47 000\u20ac pour financer des navettes pour les \u00e9coles, 58 000\u20ac pour les cr\u00e9dits aux \u00e9coles permettant l&rsquo;achat des fournitures scolaires, 12 000\u20ac pour subventionner les projets d&rsquo;\u00e9coles.<\/p>\n<p>J.J.<\/p>\n","protected":false},"excerpt":{"rendered":"<p>\u00c7a y est, l&rsquo;heure de la rentr\u00e9e a \u2013 pratiquement \u2013 sonn\u00e9, puisque c&rsquo;est apr\u00e8s-demain jeudi que les \u00e9coliers fran\u00e7ais [&hellip;]<\/p>\n","protected":false},"author":44,"featured_media":57033,"comment_status":"open","ping_status":"open","sticky":false,"template":"","format":"standard","meta":{"footnotes":""},"categories":[460,6,2915],"tags":[3203,12369,12386],"class_list":["post-57032","post","type-post","status-publish","format-standard","has-post-thumbnail","hentry","category-a-la-une","category-education","category-saint-die-son-canton","tag-ecoles-publiques-de-saint-die-des-vosges","tag-rentree-scolaire-2022-2023","tag-rentree-scolaire-a-saint-die-des-vosges"],"acf":[],"yoast_head":"<!-- This site is optimized with the Yoast SEO plugin v22.5 - https:\/\/yoast.com\/wordpress\/plugins\/seo\/ -->\n<title>Rentr\u00e9e scolaire\u00a0: 1500 \u00e9l\u00e8ves attendus sur les bancs des \u00e9coles publiques d\u00e9odatiennes - Saint Die Info<\/title>\n<meta name=\"robots\" content=\"index, follow, max-snippet:-1, max-image-preview:large, max-video-preview:-1\" \/>\n<link rel=\"canonical\" href=\"https:\/\/vosgesinfo.fr\/saintdieinfo\/2022\/08\/rentree-scolaire-1500-eleves-attendus-bancs-ecoles-publiques-deodatiennes\/\" \/>\n<meta name=\"twitter:card\" content=\"summary_large_image\" \/>\n<meta name=\"twitter:title\" content=\"Rentr\u00e9e scolaire\u00a0: 1500 \u00e9l\u00e8ves attendus sur les bancs des \u00e9coles publiques d\u00e9odatiennes - Saint Die Info\" \/>\n<meta name=\"twitter:description\" content=\"\u00c7a y est, l&rsquo;heure de la rentr\u00e9e a \u2013 pratiquement \u2013 sonn\u00e9, puisque c&rsquo;est apr\u00e8s-demain jeudi que les \u00e9coliers fran\u00e7ais [&hellip;]\" \/>\n<meta name=\"twitter:image\" content=\"https:\/\/vosgesinfo.fr\/app\/uploads\/sites\/4\/2024\/08\/202208travaux-vegetalisation-cour-ecole-gaston-colnat-1-1.jpg\" \/>\n<meta name=\"twitter:creator\" content=\"@VosgesInfo88\" \/>\n<meta name=\"twitter:site\" content=\"@VosgesInfo88\" \/>\n<meta name=\"twitter:label1\" content=\"\u00c9crit par\" \/>\n\t<meta name=\"twitter:data1\" content=\"la r\u00e9daction\" \/>\n\t<meta name=\"twitter:label2\" content=\"Dur\u00e9e de lecture estim\u00e9e\" \/>\n\t<meta name=\"twitter:data2\" content=\"1 minute\" \/>\n<script type=\"application\/ld+json\" class=\"yoast-schema-graph\">{\"@context\":\"https:\/\/schema.org\",\"@graph\":[{\"@type\":\"Article\",\"@id\":\"https:\/\/vosgesinfo.fr\/saintdieinfo\/2022\/08\/rentree-scolaire-1500-eleves-attendus-bancs-ecoles-publiques-deodatiennes\/#article\",\"isPartOf\":{\"@id\":\"https:\/\/vosgesinfo.fr\/saintdieinfo\/2022\/08\/rentree-scolaire-1500-eleves-attendus-bancs-ecoles-publiques-deodatiennes\/\"},\"author\":{\"name\":\"la r\u00e9daction\",\"@id\":\"https:\/\/vosgesinfo.fr\/saintdieinfo\/#\/schema\/person\/faee6704a21f3977511db84bd1cd450f\"},\"headline\":\"Rentr\u00e9e scolaire\u00a0: 1500 \u00e9l\u00e8ves attendus sur les bancs des \u00e9coles publiques d\u00e9odatiennes\",\"datePublished\":\"2022-08-30T07:16:51+00:00\",\"dateModified\":\"2022-08-30T07:16:51+00:00\",\"mainEntityOfPage\":{\"@id\":\"https:\/\/vosgesinfo.fr\/saintdieinfo\/2022\/08\/rentree-scolaire-1500-eleves-attendus-bancs-ecoles-publiques-deodatiennes\/\"},\"wordCount\":155,\"commentCount\":0,\"publisher\":{\"@id\":\"https:\/\/vosgesinfo.fr\/saintdieinfo\/#organization\"},\"image\":{\"@id\":\"https:\/\/vosgesinfo.fr\/saintdieinfo\/2022\/08\/rentree-scolaire-1500-eleves-attendus-bancs-ecoles-publiques-deodatiennes\/#primaryimage\"},\"thumbnailUrl\":\"https:\/\/vosgesinfo.fr\/app\/uploads\/sites\/4\/2024\/08\/202208travaux-vegetalisation-cour-ecole-gaston-colnat-1-1.jpg\",\"keywords\":[\"Ecoles publiques de Saint-Di\u00e9-des-Vosges\",\"Rentr\u00e9e scolaire 2022-2023\",\"Rentr\u00e9e scolaire \u00e0 Saint-Di\u00e9-des-Vosges\"],\"articleSection\":[\"A la Une\",\"\u00c9ducation\",\"Saint-Di\u00e9-des-Vosges et son Agglom\u00e9ration\"],\"inLanguage\":\"fr-FR\",\"potentialAction\":[{\"@type\":\"CommentAction\",\"name\":\"Comment\",\"target\":[\"https:\/\/vosgesinfo.fr\/saintdieinfo\/2022\/08\/rentree-scolaire-1500-eleves-attendus-bancs-ecoles-publiques-deodatiennes\/#respond\"]}]},{\"@type\":\"WebPage\",\"@id\":\"https:\/\/vosgesinfo.fr\/saintdieinfo\/2022\/08\/rentree-scolaire-1500-eleves-attendus-bancs-ecoles-publiques-deodatiennes\/\",\"url\":\"https:\/\/vosgesinfo.fr\/saintdieinfo\/2022\/08\/rentree-scolaire-1500-eleves-attendus-bancs-ecoles-publiques-deodatiennes\/\",\"name\":\"Rentr\u00e9e scolaire\u00a0: 1500 \u00e9l\u00e8ves attendus sur les bancs des \u00e9coles publiques d\u00e9odatiennes - Saint Die Info\",\"isPartOf\":{\"@id\":\"https:\/\/vosgesinfo.fr\/saintdieinfo\/#website\"},\"primaryImageOfPage\":{\"@id\":\"https:\/\/vosgesinfo.fr\/saintdieinfo\/2022\/08\/rentree-scolaire-1500-eleves-attendus-bancs-ecoles-publiques-deodatiennes\/#primaryimage\"},\"image\":{\"@id\":\"https:\/\/vosgesinfo.fr\/saintdieinfo\/2022\/08\/rentree-scolaire-1500-eleves-attendus-bancs-ecoles-publiques-deodatiennes\/#primaryimage\"},\"thumbnailUrl\":\"https:\/\/vosgesinfo.fr\/app\/uploads\/sites\/4\/2024\/08\/202208travaux-vegetalisation-cour-ecole-gaston-colnat-1-1.jpg\",\"datePublished\":\"2022-08-30T07:16:51+00:00\",\"dateModified\":\"2022-08-30T07:16:51+00:00\",\"breadcrumb\":{\"@id\":\"https:\/\/vosgesinfo.fr\/saintdieinfo\/2022\/08\/rentree-scolaire-1500-eleves-attendus-bancs-ecoles-publiques-deodatiennes\/#breadcrumb\"},\"inLanguage\":\"fr-FR\",\"potentialAction\":[{\"@type\":\"ReadAction\",\"target\":[\"https:\/\/vosgesinfo.fr\/saintdieinfo\/2022\/08\/rentree-scolaire-1500-eleves-attendus-bancs-ecoles-publiques-deodatiennes\/\"]}]},{\"@type\":\"ImageObject\",\"inLanguage\":\"fr-FR\",\"@id\":\"https:\/\/vosgesinfo.fr\/saintdieinfo\/2022\/08\/rentree-scolaire-1500-eleves-attendus-bancs-ecoles-publiques-deodatiennes\/#primaryimage\",\"url\":\"https:\/\/vosgesinfo.fr\/app\/uploads\/sites\/4\/2024\/08\/202208travaux-vegetalisation-cour-ecole-gaston-colnat-1-1.jpg\",\"contentUrl\":\"https:\/\/vosgesinfo.fr\/app\/uploads\/sites\/4\/2024\/08\/202208travaux-vegetalisation-cour-ecole-gaston-colnat-1-1.jpg\",\"width\":1600,\"height\":1205},{\"@type\":\"BreadcrumbList\",\"@id\":\"https:\/\/vosgesinfo.fr\/saintdieinfo\/2022\/08\/rentree-scolaire-1500-eleves-attendus-bancs-ecoles-publiques-deodatiennes\/#breadcrumb\",\"itemListElement\":[{\"@type\":\"ListItem\",\"position\":1,\"name\":\"Home\",\"item\":\"https:\/\/vosgesinfo.fr\/saintdieinfo\/\"},{\"@type\":\"ListItem\",\"position\":2,\"name\":\"Rentr\u00e9e scolaire\u00a0: 1500 \u00e9l\u00e8ves attendus sur les bancs des \u00e9coles publiques d\u00e9odatiennes\"}]},{\"@type\":\"WebSite\",\"@id\":\"https:\/\/vosgesinfo.fr\/saintdieinfo\/#website\",\"url\":\"https:\/\/vosgesinfo.fr\/saintdieinfo\/\",\"name\":\"Saint Die Info\",\"description\":\"Toute l&#039;actualit\u00e9 de Saint-Di\u00e9-Des-Vosges\",\"publisher\":{\"@id\":\"https:\/\/vosgesinfo.fr\/saintdieinfo\/#organization\"},\"alternateName\":\"Toute l'actualit\u00e9 de Saint-Di\u00e9-Des-Vosges\",\"potentialAction\":[{\"@type\":\"SearchAction\",\"target\":{\"@type\":\"EntryPoint\",\"urlTemplate\":\"https:\/\/vosgesinfo.fr\/saintdieinfo\/?s={search_term_string}\"},\"query-input\":\"required name=search_term_string\"}],\"inLanguage\":\"fr-FR\"},{\"@type\":\"Organization\",\"@id\":\"https:\/\/vosgesinfo.fr\/saintdieinfo\/#organization\",\"name\":\"Saint Die Info\",\"url\":\"https:\/\/vosgesinfo.fr\/saintdieinfo\/\",\"logo\":{\"@type\":\"ImageObject\",\"inLanguage\":\"fr-FR\",\"@id\":\"https:\/\/vosgesinfo.fr\/saintdieinfo\/#\/schema\/logo\/image\/\",\"url\":\"https:\/\/vosgesinfo.fr\/app\/uploads\/sites\/4\/2024\/02\/logo-sdi.jpg\",\"contentUrl\":\"https:\/\/vosgesinfo.fr\/app\/uploads\/sites\/4\/2024\/02\/logo-sdi.jpg\",\"width\":600,\"height\":600,\"caption\":\"Saint Die Info\"},\"image\":{\"@id\":\"https:\/\/vosgesinfo.fr\/saintdieinfo\/#\/schema\/logo\/image\/\"},\"sameAs\":[\"https:\/\/www.facebook.com\/Saintdieinfofr\",\"https:\/\/x.com\/VosgesInfo88\",\"https:\/\/www.youtube.com\/@vosgesinfo\"]},{\"@type\":\"Person\",\"@id\":\"https:\/\/vosgesinfo.fr\/saintdieinfo\/#\/schema\/person\/faee6704a21f3977511db84bd1cd450f\",\"name\":\"la r\u00e9daction\",\"image\":{\"@type\":\"ImageObject\",\"inLanguage\":\"fr-FR\",\"@id\":\"https:\/\/vosgesinfo.fr\/saintdieinfo\/#\/schema\/person\/image\/\",\"url\":\"https:\/\/secure.gravatar.com\/avatar\/6673d8bc6a9c17fa9a453eaa3448de834fa308c2ec9635b7aa99441a7c8d2cf6?s=96&d=mm&r=g\",\"contentUrl\":\"https:\/\/secure.gravatar.com\/avatar\/6673d8bc6a9c17fa9a453eaa3448de834fa308c2ec9635b7aa99441a7c8d2cf6?s=96&d=mm&r=g\",\"caption\":\"la r\u00e9daction\"},\"url\":\"https:\/\/vosgesinfo.fr\/saintdieinfo\/author\/redac\/\"}]}<\/script>\n<!-- \/ Yoast SEO plugin. -->","yoast_head_json":{"title":"Rentr\u00e9e scolaire\u00a0: 1500 \u00e9l\u00e8ves attendus sur les bancs des \u00e9coles publiques d\u00e9odatiennes - Saint Die Info","robots":{"index":"index","follow":"follow","max-snippet":"max-snippet:-1","max-image-preview":"max-image-preview:large","max-video-preview":"max-video-preview:-1"},"canonical":"https:\/\/vosgesinfo.fr\/saintdieinfo\/2022\/08\/rentree-scolaire-1500-eleves-attendus-bancs-ecoles-publiques-deodatiennes\/","twitter_card":"summary_large_image","twitter_title":"Rentr\u00e9e scolaire\u00a0: 1500 \u00e9l\u00e8ves attendus sur les bancs des \u00e9coles publiques d\u00e9odatiennes - Saint Die Info","twitter_description":"\u00c7a y est, l&rsquo;heure de la rentr\u00e9e a \u2013 pratiquement \u2013 sonn\u00e9, puisque c&rsquo;est apr\u00e8s-demain jeudi que les \u00e9coliers fran\u00e7ais [&hellip;]","twitter_image":"https:\/\/vosgesinfo.fr\/app\/uploads\/sites\/4\/2024\/08\/202208travaux-vegetalisation-cour-ecole-gaston-colnat-1-1.jpg","twitter_creator":"@VosgesInfo88","twitter_site":"@VosgesInfo88","twitter_misc":{"\u00c9crit par":"la r\u00e9daction","Dur\u00e9e de lecture estim\u00e9e":"1 minute"},"schema":{"@context":"https:\/\/schema.org","@graph":[{"@type":"Article","@id":"https:\/\/vosgesinfo.fr\/saintdieinfo\/2022\/08\/rentree-scolaire-1500-eleves-attendus-bancs-ecoles-publiques-deodatiennes\/#article","isPartOf":{"@id":"https:\/\/vosgesinfo.fr\/saintdieinfo\/2022\/08\/rentree-scolaire-1500-eleves-attendus-bancs-ecoles-publiques-deodatiennes\/"},"author":{"name":"la r\u00e9daction","@id":"https:\/\/vosgesinfo.fr\/saintdieinfo\/#\/schema\/person\/faee6704a21f3977511db84bd1cd450f"},"headline":"Rentr\u00e9e scolaire\u00a0: 1500 \u00e9l\u00e8ves attendus sur les bancs des \u00e9coles publiques d\u00e9odatiennes","datePublished":"2022-08-30T07:16:51+00:00","dateModified":"2022-08-30T07:16:51+00:00","mainEntityOfPage":{"@id":"https:\/\/vosgesinfo.fr\/saintdieinfo\/2022\/08\/rentree-scolaire-1500-eleves-attendus-bancs-ecoles-publiques-deodatiennes\/"},"wordCount":155,"commentCount":0,"publisher":{"@id":"https:\/\/vosgesinfo.fr\/saintdieinfo\/#organization"},"image":{"@id":"https:\/\/vosgesinfo.fr\/saintdieinfo\/2022\/08\/rentree-scolaire-1500-eleves-attendus-bancs-ecoles-publiques-deodatiennes\/#primaryimage"},"thumbnailUrl":"https:\/\/vosgesinfo.fr\/app\/uploads\/sites\/4\/2024\/08\/202208travaux-vegetalisation-cour-ecole-gaston-colnat-1-1.jpg","keywords":["Ecoles publiques de Saint-Di\u00e9-des-Vosges","Rentr\u00e9e scolaire 2022-2023","Rentr\u00e9e scolaire \u00e0 Saint-Di\u00e9-des-Vosges"],"articleSection":["A la Une","\u00c9ducation","Saint-Di\u00e9-des-Vosges et son Agglom\u00e9ration"],"inLanguage":"fr-FR","potentialAction":[{"@type":"CommentAction","name":"Comment","target":["https:\/\/vosgesinfo.fr\/saintdieinfo\/2022\/08\/rentree-scolaire-1500-eleves-attendus-bancs-ecoles-publiques-deodatiennes\/#respond"]}]},{"@type":"WebPage","@id":"https:\/\/vosgesinfo.fr\/saintdieinfo\/2022\/08\/rentree-scolaire-1500-eleves-attendus-bancs-ecoles-publiques-deodatiennes\/","url":"https:\/\/vosgesinfo.fr\/saintdieinfo\/2022\/08\/rentree-scolaire-1500-eleves-attendus-bancs-ecoles-publiques-deodatiennes\/","name":"Rentr\u00e9e scolaire\u00a0: 1500 \u00e9l\u00e8ves attendus sur les bancs des \u00e9coles publiques d\u00e9odatiennes - Saint Die Info","isPartOf":{"@id":"https:\/\/vosgesinfo.fr\/saintdieinfo\/#website"},"primaryImageOfPage":{"@id":"https:\/\/vosgesinfo.fr\/saintdieinfo\/2022\/08\/rentree-scolaire-1500-eleves-attendus-bancs-ecoles-publiques-deodatiennes\/#primaryimage"},"image":{"@id":"https:\/\/vosgesinfo.fr\/saintdieinfo\/2022\/08\/rentree-scolaire-1500-eleves-attendus-bancs-ecoles-publiques-deodatiennes\/#primaryimage"},"thumbnailUrl":"https:\/\/vosgesinfo.fr\/app\/uploads\/sites\/4\/2024\/08\/202208travaux-vegetalisation-cour-ecole-gaston-colnat-1-1.jpg","datePublished":"2022-08-30T07:16:51+00:00","dateModified":"2022-08-30T07:16:51+00:00","breadcrumb":{"@id":"https:\/\/vosgesinfo.fr\/saintdieinfo\/2022\/08\/rentree-scolaire-1500-eleves-attendus-bancs-ecoles-publiques-deodatiennes\/#breadcrumb"},"inLanguage":"fr-FR","potentialAction":[{"@type":"ReadAction","target":["https:\/\/vosgesinfo.fr\/saintdieinfo\/2022\/08\/rentree-scolaire-1500-eleves-attendus-bancs-ecoles-publiques-deodatiennes\/"]}]},{"@type":"ImageObject","inLanguage":"fr-FR","@id":"https:\/\/vosgesinfo.fr\/saintdieinfo\/2022\/08\/rentree-scolaire-1500-eleves-attendus-bancs-ecoles-publiques-deodatiennes\/#primaryimage","url":"https:\/\/vosgesinfo.fr\/app\/uploads\/sites\/4\/2024\/08\/202208travaux-vegetalisation-cour-ecole-gaston-colnat-1-1.jpg","contentUrl":"https:\/\/vosgesinfo.fr\/app\/uploads\/sites\/4\/2024\/08\/202208travaux-vegetalisation-cour-ecole-gaston-colnat-1-1.jpg","width":1600,"height":1205},{"@type":"BreadcrumbList","@id":"https:\/\/vosgesinfo.fr\/saintdieinfo\/2022\/08\/rentree-scolaire-1500-eleves-attendus-bancs-ecoles-publiques-deodatiennes\/#breadcrumb","itemListElement":[{"@type":"ListItem","position":1,"name":"Home","item":"https:\/\/vosgesinfo.fr\/saintdieinfo\/"},{"@type":"ListItem","position":2,"name":"Rentr\u00e9e scolaire\u00a0: 1500 \u00e9l\u00e8ves attendus sur les bancs des \u00e9coles publiques d\u00e9odatiennes"}]},{"@type":"WebSite","@id":"https:\/\/vosgesinfo.fr\/saintdieinfo\/#website","url":"https:\/\/vosgesinfo.fr\/saintdieinfo\/","name":"Saint Die Info","description":"Toute l&#039;actualit\u00e9 de Saint-Di\u00e9-Des-Vosges","publisher":{"@id":"https:\/\/vosgesinfo.fr\/saintdieinfo\/#organization"},"alternateName":"Toute l'actualit\u00e9 de Saint-Di\u00e9-Des-Vosges","potentialAction":[{"@type":"SearchAction","target":{"@type":"EntryPoint","urlTemplate":"https:\/\/vosgesinfo.fr\/saintdieinfo\/?s={search_term_string}"},"query-input":"required name=search_term_string"}],"inLanguage":"fr-FR"},{"@type":"Organization","@id":"https:\/\/vosgesinfo.fr\/saintdieinfo\/#organization","name":"Saint Die Info","url":"https:\/\/vosgesinfo.fr\/saintdieinfo\/","logo":{"@type":"ImageObject","inLanguage":"fr-FR","@id":"https:\/\/vosgesinfo.fr\/saintdieinfo\/#\/schema\/logo\/image\/","url":"https:\/\/vosgesinfo.fr\/app\/uploads\/sites\/4\/2024\/02\/logo-sdi.jpg","contentUrl":"https:\/\/vosgesinfo.fr\/app\/uploads\/sites\/4\/2024\/02\/logo-sdi.jpg","width":600,"height":600,"caption":"Saint Die Info"},"image":{"@id":"https:\/\/vosgesinfo.fr\/saintdieinfo\/#\/schema\/logo\/image\/"},"sameAs":["https:\/\/www.facebook.com\/Saintdieinfofr","https:\/\/x.com\/VosgesInfo88","https:\/\/www.youtube.com\/@vosgesinfo"]},{"@type":"Person","@id":"https:\/\/vosgesinfo.fr\/saintdieinfo\/#\/schema\/person\/faee6704a21f3977511db84bd1cd450f","name":"la r\u00e9daction","image":{"@type":"ImageObject","inLanguage":"fr-FR","@id":"https:\/\/vosgesinfo.fr\/saintdieinfo\/#\/schema\/person\/image\/","url":"https:\/\/secure.gravatar.com\/avatar\/6673d8bc6a9c17fa9a453eaa3448de834fa308c2ec9635b7aa99441a7c8d2cf6?s=96&d=mm&r=g","contentUrl":"https:\/\/secure.gravatar.com\/avatar\/6673d8bc6a9c17fa9a453eaa3448de834fa308c2ec9635b7aa99441a7c8d2cf6?s=96&d=mm&r=g","caption":"la r\u00e9daction"},"url":"https:\/\/vosgesinfo.fr\/saintdieinfo\/author\/redac\/"}]}},"_links":{"self":[{"href":"https:\/\/vosgesinfo.fr\/saintdieinfo\/wp-json\/wp\/v2\/posts\/57032","targetHints":{"allow":["GET"]}}],"collection":[{"href":"https:\/\/vosgesinfo.fr\/saintdieinfo\/wp-json\/wp\/v2\/posts"}],"about":[{"href":"https:\/\/vosgesinfo.fr\/saintdieinfo\/wp-json\/wp\/v2\/types\/post"}],"author":[{"embeddable":true,"href":"https:\/\/vosgesinfo.fr\/saintdieinfo\/wp-json\/wp\/v2\/users\/44"}],"replies":[{"embeddable":true,"href":"https:\/\/vosgesinfo.fr\/saintdieinfo\/wp-json\/wp\/v2\/comments?post=57032"}],"version-history":[{"count":0,"href":"https:\/\/vosgesinfo.fr\/saintdieinfo\/wp-json\/wp\/v2\/posts\/57032\/revisions"}],"wp:featuredmedia":[{"embeddable":true,"href":"https:\/\/vosgesinfo.fr\/saintdieinfo\/wp-json\/wp\/v2\/media\/57033"}],"wp:attachment":[{"href":"https:\/\/vosgesinfo.fr\/saintdieinfo\/wp-json\/wp\/v2\/media?parent=57032"}],"wp:term":[{"taxonomy":"category","embeddable":true,"href":"https:\/\/vosgesinfo.fr\/saintdieinfo\/wp-json\/wp\/v2\/categories?post=57032"},{"taxonomy":"post_tag","embeddable":true,"href":"https:\/\/vosgesinfo.fr\/saintdieinfo\/wp-json\/wp\/v2\/tags?post=57032"}],"curies":[{"name":"wp","href":"https:\/\/api.w.org\/{rel}","templated":true}]}}