{"id":57034,"date":"2022-08-30T10:00:20","date_gmt":"2022-08-30T08:00:20","guid":{"rendered":"https:\/\/vosgesinfo.fr\/saintdieinfo\/2022\/08\/fete-sport-associations-de-saint-die-vosges-cest-samedi-3-septembre\/"},"modified":"2022-08-30T10:00:20","modified_gmt":"2022-08-30T08:00:20","slug":"fete-sport-associations-de-saint-die-vosges-cest-samedi-3-septembre","status":"publish","type":"post","link":"https:\/\/vosgesinfo.fr\/saintdieinfo\/2022\/08\/fete-sport-associations-de-saint-die-vosges-cest-samedi-3-septembre\/","title":{"rendered":"La f\u00eate du sport et des associations de Saint-Di\u00e9-des-Vosges, c&rsquo;est ce samedi 3 septembre !"},"content":{"rendered":"<div id=\"attachment_171315\" style=\"width: 810px\" class=\"wp-caption aligncenter\"><a href=\"\/2021\/09\/F\u00eate_Sport_Associations_2021-1.jpg\" target=\"_blank\" rel=\"noopener\"><img decoding=\"async\" aria-describedby=\"caption-attachment-171315\" class=\"wp-image-171315 size-full\" src=\"\/2021\/09\/F\u00eate_Sport_Associations_2021-1.jpg\" alt=\"F\u00eate_Sport_Associations_2021 (1)\" width=\"800\" height=\"600\" \/><\/a><p id=\"caption-attachment-171315\" class=\"wp-caption-text\">(Archive)<\/p><\/div>\n<p><strong><span style=\"font-size: 14pt;\">La f\u00eate du sport et des associations de Saint-Di\u00e9-des-Vosges a lieu chaque ann\u00e9e le premier samedi de septembre. Rendez-vous est donc donn\u00e9 ce samedi 3 septembre, de 11h \u00e0 18h du c\u00f4t\u00e9 du Palais Omnisports Joseph-Claudel et du Parc des Sports Woehrl\u00e9.<\/span><\/strong><\/p>\n<p><!--more--><\/p>\n<p>Sur place, pr\u00e8s de 80 associations du riche tissu associatif d\u00e9odatien seront install\u00e9es derri\u00e8re leurs stands d&rsquo;infirmations pour \u00e9changer et informer les visiteurs sur les modalit\u00e9s d&rsquo;inscription, sur les horaires des entra\u00eenements, etc. De plus, certaines des associations proposeront des d\u00e9monstrations ainsi que des initiations. L&rsquo;occasion de d\u00e9couvrir de nouvelles activit\u00e9s, notamment sportives et culturelles&#8230; et pourquoi pas se d\u00e9couvrir une nouvelle passion ou vocation. En fonction de la m\u00e9t\u00e9o, cette manifestation incontournable de la rentr\u00e9e d\u00e9odatienne se d\u00e9roulera \u00e0 l&rsquo;ext\u00e9rieur ou en int\u00e9rieur cas de pluie.<\/p>\n<p>A noter que l&rsquo;op\u00e9ration des ch\u00e8ques \u00ab\u00a0D\u00e9odat Sport\u00a0\u00bb du service des Sports de la Ville est reconduite cette ann\u00e9e. Ces ch\u00e8ques, destin\u00e9s aux D\u00e9odatiennes et D\u00e9odatiens de moins de 18 ans et de plus de 65 ans, permettent de r\u00e9duire de 20\u20ac le prix d&rsquo;une licence sportive aupr\u00e8s de l&rsquo;un des clubs de la ville. Pour en b\u00e9n\u00e9ficier, les jeunes de moins 18 ans devront pr\u00e9senter un livret familial et un justificatif de domicile, ou la carte Cit\u00e9&rsquo;Pass, tandis qu&rsquo;un justificatif de domicile est demand\u00e9 aux personnes de plus de 65 ans.<\/p>\n<p>J.J.<\/p>\n","protected":false},"excerpt":{"rendered":"<p>La f\u00eate du sport et des associations de Saint-Di\u00e9-des-Vosges a lieu chaque ann\u00e9e le premier samedi de septembre. Rendez-vous est [&hellip;]<\/p>\n","protected":false},"author":44,"featured_media":57035,"comment_status":"open","ping_status":"open","sticky":false,"template":"","format":"standard","meta":{"footnotes":""},"categories":[460,2915,14,17],"tags":[3237,3126,12387],"class_list":["post-57034","post","type-post","status-publish","format-standard","has-post-thumbnail","hentry","category-a-la-une","category-saint-die-son-canton","category-sport","category-vie-associative","tag-fete-du-sport-et-des-associations-de-saint-die-des-vosges","tag-palais-omnisports-joseph-claudel","tag-parc-des-sports-woerhrle"],"acf":[],"yoast_head":"<!-- This site is optimized with the Yoast SEO plugin v22.5 - https:\/\/yoast.com\/wordpress\/plugins\/seo\/ -->\n<title>La f\u00eate du sport et des associations de Saint-Di\u00e9-des-Vosges, c&#039;est ce samedi 3 septembre ! - Saint Die Info<\/title>\n<meta name=\"robots\" content=\"index, follow, max-snippet:-1, max-image-preview:large, max-video-preview:-1\" \/>\n<link rel=\"canonical\" href=\"https:\/\/vosgesinfo.fr\/saintdieinfo\/2022\/08\/fete-sport-associations-de-saint-die-vosges-cest-samedi-3-septembre\/\" \/>\n<meta name=\"twitter:card\" content=\"summary_large_image\" \/>\n<meta name=\"twitter:title\" content=\"La f\u00eate du sport et des associations de Saint-Di\u00e9-des-Vosges, c&#039;est ce samedi 3 septembre ! - Saint Die Info\" \/>\n<meta name=\"twitter:description\" content=\"La f\u00eate du sport et des associations de Saint-Di\u00e9-des-Vosges a lieu chaque ann\u00e9e le premier samedi de septembre. Rendez-vous est [&hellip;]\" \/>\n<meta name=\"twitter:image\" content=\"https:\/\/vosgesinfo.fr\/app\/uploads\/sites\/4\/2024\/08\/202109fete-sport-associations-2021-1-1.jpg\" \/>\n<meta name=\"twitter:creator\" content=\"@VosgesInfo88\" \/>\n<meta name=\"twitter:site\" content=\"@VosgesInfo88\" \/>\n<meta name=\"twitter:label1\" content=\"\u00c9crit par\" \/>\n\t<meta name=\"twitter:data1\" content=\"la r\u00e9daction\" \/>\n\t<meta name=\"twitter:label2\" content=\"Dur\u00e9e de lecture estim\u00e9e\" \/>\n\t<meta name=\"twitter:data2\" content=\"1 minute\" \/>\n<script type=\"application\/ld+json\" class=\"yoast-schema-graph\">{\"@context\":\"https:\/\/schema.org\",\"@graph\":[{\"@type\":\"Article\",\"@id\":\"https:\/\/vosgesinfo.fr\/saintdieinfo\/2022\/08\/fete-sport-associations-de-saint-die-vosges-cest-samedi-3-septembre\/#article\",\"isPartOf\":{\"@id\":\"https:\/\/vosgesinfo.fr\/saintdieinfo\/2022\/08\/fete-sport-associations-de-saint-die-vosges-cest-samedi-3-septembre\/\"},\"author\":{\"name\":\"la r\u00e9daction\",\"@id\":\"https:\/\/vosgesinfo.fr\/saintdieinfo\/#\/schema\/person\/faee6704a21f3977511db84bd1cd450f\"},\"headline\":\"La f\u00eate du sport et des associations de Saint-Di\u00e9-des-Vosges, c&rsquo;est ce samedi 3 septembre !\",\"datePublished\":\"2022-08-30T08:00:20+00:00\",\"dateModified\":\"2022-08-30T08:00:20+00:00\",\"mainEntityOfPage\":{\"@id\":\"https:\/\/vosgesinfo.fr\/saintdieinfo\/2022\/08\/fete-sport-associations-de-saint-die-vosges-cest-samedi-3-septembre\/\"},\"wordCount\":281,\"commentCount\":0,\"publisher\":{\"@id\":\"https:\/\/vosgesinfo.fr\/saintdieinfo\/#organization\"},\"image\":{\"@id\":\"https:\/\/vosgesinfo.fr\/saintdieinfo\/2022\/08\/fete-sport-associations-de-saint-die-vosges-cest-samedi-3-septembre\/#primaryimage\"},\"thumbnailUrl\":\"https:\/\/vosgesinfo.fr\/app\/uploads\/sites\/4\/2024\/08\/202109fete-sport-associations-2021-1-1.jpg\",\"keywords\":[\"F\u00eate du Sport et des Associations de Saint-Di\u00e9-des-Vosges\",\"Palais Omnisports Joseph-Claudel\",\"Parc des sports Woerhrl\u00e9\"],\"articleSection\":[\"A la Une\",\"Saint-Di\u00e9-des-Vosges et son Agglom\u00e9ration\",\"Sport\",\"Vie Associative\"],\"inLanguage\":\"fr-FR\",\"potentialAction\":[{\"@type\":\"CommentAction\",\"name\":\"Comment\",\"target\":[\"https:\/\/vosgesinfo.fr\/saintdieinfo\/2022\/08\/fete-sport-associations-de-saint-die-vosges-cest-samedi-3-septembre\/#respond\"]}]},{\"@type\":\"WebPage\",\"@id\":\"https:\/\/vosgesinfo.fr\/saintdieinfo\/2022\/08\/fete-sport-associations-de-saint-die-vosges-cest-samedi-3-septembre\/\",\"url\":\"https:\/\/vosgesinfo.fr\/saintdieinfo\/2022\/08\/fete-sport-associations-de-saint-die-vosges-cest-samedi-3-septembre\/\",\"name\":\"La f\u00eate du sport et des associations de Saint-Di\u00e9-des-Vosges, c'est ce samedi 3 septembre ! - Saint Die Info\",\"isPartOf\":{\"@id\":\"https:\/\/vosgesinfo.fr\/saintdieinfo\/#website\"},\"primaryImageOfPage\":{\"@id\":\"https:\/\/vosgesinfo.fr\/saintdieinfo\/2022\/08\/fete-sport-associations-de-saint-die-vosges-cest-samedi-3-septembre\/#primaryimage\"},\"image\":{\"@id\":\"https:\/\/vosgesinfo.fr\/saintdieinfo\/2022\/08\/fete-sport-associations-de-saint-die-vosges-cest-samedi-3-septembre\/#primaryimage\"},\"thumbnailUrl\":\"https:\/\/vosgesinfo.fr\/app\/uploads\/sites\/4\/2024\/08\/202109fete-sport-associations-2021-1-1.jpg\",\"datePublished\":\"2022-08-30T08:00:20+00:00\",\"dateModified\":\"2022-08-30T08:00:20+00:00\",\"breadcrumb\":{\"@id\":\"https:\/\/vosgesinfo.fr\/saintdieinfo\/2022\/08\/fete-sport-associations-de-saint-die-vosges-cest-samedi-3-septembre\/#breadcrumb\"},\"inLanguage\":\"fr-FR\",\"potentialAction\":[{\"@type\":\"ReadAction\",\"target\":[\"https:\/\/vosgesinfo.fr\/saintdieinfo\/2022\/08\/fete-sport-associations-de-saint-die-vosges-cest-samedi-3-septembre\/\"]}]},{\"@type\":\"ImageObject\",\"inLanguage\":\"fr-FR\",\"@id\":\"https:\/\/vosgesinfo.fr\/saintdieinfo\/2022\/08\/fete-sport-associations-de-saint-die-vosges-cest-samedi-3-septembre\/#primaryimage\",\"url\":\"https:\/\/vosgesinfo.fr\/app\/uploads\/sites\/4\/2024\/08\/202109fete-sport-associations-2021-1-1.jpg\",\"contentUrl\":\"https:\/\/vosgesinfo.fr\/app\/uploads\/sites\/4\/2024\/08\/202109fete-sport-associations-2021-1-1.jpg\",\"width\":800,\"height\":600},{\"@type\":\"BreadcrumbList\",\"@id\":\"https:\/\/vosgesinfo.fr\/saintdieinfo\/2022\/08\/fete-sport-associations-de-saint-die-vosges-cest-samedi-3-septembre\/#breadcrumb\",\"itemListElement\":[{\"@type\":\"ListItem\",\"position\":1,\"name\":\"Home\",\"item\":\"https:\/\/vosgesinfo.fr\/saintdieinfo\/\"},{\"@type\":\"ListItem\",\"position\":2,\"name\":\"La f\u00eate du sport et des associations de Saint-Di\u00e9-des-Vosges, c&rsquo;est ce samedi 3 septembre !\"}]},{\"@type\":\"WebSite\",\"@id\":\"https:\/\/vosgesinfo.fr\/saintdieinfo\/#website\",\"url\":\"https:\/\/vosgesinfo.fr\/saintdieinfo\/\",\"name\":\"Saint Die Info\",\"description\":\"Toute l&#039;actualit\u00e9 de Saint-Di\u00e9-Des-Vosges\",\"publisher\":{\"@id\":\"https:\/\/vosgesinfo.fr\/saintdieinfo\/#organization\"},\"alternateName\":\"Toute l'actualit\u00e9 de Saint-Di\u00e9-Des-Vosges\",\"potentialAction\":[{\"@type\":\"SearchAction\",\"target\":{\"@type\":\"EntryPoint\",\"urlTemplate\":\"https:\/\/vosgesinfo.fr\/saintdieinfo\/?s={search_term_string}\"},\"query-input\":\"required name=search_term_string\"}],\"inLanguage\":\"fr-FR\"},{\"@type\":\"Organization\",\"@id\":\"https:\/\/vosgesinfo.fr\/saintdieinfo\/#organization\",\"name\":\"Saint Die Info\",\"url\":\"https:\/\/vosgesinfo.fr\/saintdieinfo\/\",\"logo\":{\"@type\":\"ImageObject\",\"inLanguage\":\"fr-FR\",\"@id\":\"https:\/\/vosgesinfo.fr\/saintdieinfo\/#\/schema\/logo\/image\/\",\"url\":\"https:\/\/vosgesinfo.fr\/app\/uploads\/sites\/4\/2024\/02\/logo-sdi.jpg\",\"contentUrl\":\"https:\/\/vosgesinfo.fr\/app\/uploads\/sites\/4\/2024\/02\/logo-sdi.jpg\",\"width\":600,\"height\":600,\"caption\":\"Saint Die Info\"},\"image\":{\"@id\":\"https:\/\/vosgesinfo.fr\/saintdieinfo\/#\/schema\/logo\/image\/\"},\"sameAs\":[\"https:\/\/www.facebook.com\/Saintdieinfofr\",\"https:\/\/x.com\/VosgesInfo88\",\"https:\/\/www.youtube.com\/@vosgesinfo\"]},{\"@type\":\"Person\",\"@id\":\"https:\/\/vosgesinfo.fr\/saintdieinfo\/#\/schema\/person\/faee6704a21f3977511db84bd1cd450f\",\"name\":\"la r\u00e9daction\",\"image\":{\"@type\":\"ImageObject\",\"inLanguage\":\"fr-FR\",\"@id\":\"https:\/\/vosgesinfo.fr\/saintdieinfo\/#\/schema\/person\/image\/\",\"url\":\"https:\/\/secure.gravatar.com\/avatar\/6673d8bc6a9c17fa9a453eaa3448de834fa308c2ec9635b7aa99441a7c8d2cf6?s=96&d=mm&r=g\",\"contentUrl\":\"https:\/\/secure.gravatar.com\/avatar\/6673d8bc6a9c17fa9a453eaa3448de834fa308c2ec9635b7aa99441a7c8d2cf6?s=96&d=mm&r=g\",\"caption\":\"la r\u00e9daction\"},\"url\":\"https:\/\/vosgesinfo.fr\/saintdieinfo\/author\/redac\/\"}]}<\/script>\n<!-- \/ Yoast SEO plugin. -->","yoast_head_json":{"title":"La f\u00eate du sport et des associations de Saint-Di\u00e9-des-Vosges, c'est ce samedi 3 septembre ! - Saint Die Info","robots":{"index":"index","follow":"follow","max-snippet":"max-snippet:-1","max-image-preview":"max-image-preview:large","max-video-preview":"max-video-preview:-1"},"canonical":"https:\/\/vosgesinfo.fr\/saintdieinfo\/2022\/08\/fete-sport-associations-de-saint-die-vosges-cest-samedi-3-septembre\/","twitter_card":"summary_large_image","twitter_title":"La f\u00eate du sport et des associations de Saint-Di\u00e9-des-Vosges, c'est ce samedi 3 septembre ! - Saint Die Info","twitter_description":"La f\u00eate du sport et des associations de Saint-Di\u00e9-des-Vosges a lieu chaque ann\u00e9e le premier samedi de septembre. Rendez-vous est [&hellip;]","twitter_image":"https:\/\/vosgesinfo.fr\/app\/uploads\/sites\/4\/2024\/08\/202109fete-sport-associations-2021-1-1.jpg","twitter_creator":"@VosgesInfo88","twitter_site":"@VosgesInfo88","twitter_misc":{"\u00c9crit par":"la r\u00e9daction","Dur\u00e9e de lecture estim\u00e9e":"1 minute"},"schema":{"@context":"https:\/\/schema.org","@graph":[{"@type":"Article","@id":"https:\/\/vosgesinfo.fr\/saintdieinfo\/2022\/08\/fete-sport-associations-de-saint-die-vosges-cest-samedi-3-septembre\/#article","isPartOf":{"@id":"https:\/\/vosgesinfo.fr\/saintdieinfo\/2022\/08\/fete-sport-associations-de-saint-die-vosges-cest-samedi-3-septembre\/"},"author":{"name":"la r\u00e9daction","@id":"https:\/\/vosgesinfo.fr\/saintdieinfo\/#\/schema\/person\/faee6704a21f3977511db84bd1cd450f"},"headline":"La f\u00eate du sport et des associations de Saint-Di\u00e9-des-Vosges, c&rsquo;est ce samedi 3 septembre !","datePublished":"2022-08-30T08:00:20+00:00","dateModified":"2022-08-30T08:00:20+00:00","mainEntityOfPage":{"@id":"https:\/\/vosgesinfo.fr\/saintdieinfo\/2022\/08\/fete-sport-associations-de-saint-die-vosges-cest-samedi-3-septembre\/"},"wordCount":281,"commentCount":0,"publisher":{"@id":"https:\/\/vosgesinfo.fr\/saintdieinfo\/#organization"},"image":{"@id":"https:\/\/vosgesinfo.fr\/saintdieinfo\/2022\/08\/fete-sport-associations-de-saint-die-vosges-cest-samedi-3-septembre\/#primaryimage"},"thumbnailUrl":"https:\/\/vosgesinfo.fr\/app\/uploads\/sites\/4\/2024\/08\/202109fete-sport-associations-2021-1-1.jpg","keywords":["F\u00eate du Sport et des Associations de Saint-Di\u00e9-des-Vosges","Palais Omnisports Joseph-Claudel","Parc des sports Woerhrl\u00e9"],"articleSection":["A la Une","Saint-Di\u00e9-des-Vosges et son Agglom\u00e9ration","Sport","Vie Associative"],"inLanguage":"fr-FR","potentialAction":[{"@type":"CommentAction","name":"Comment","target":["https:\/\/vosgesinfo.fr\/saintdieinfo\/2022\/08\/fete-sport-associations-de-saint-die-vosges-cest-samedi-3-septembre\/#respond"]}]},{"@type":"WebPage","@id":"https:\/\/vosgesinfo.fr\/saintdieinfo\/2022\/08\/fete-sport-associations-de-saint-die-vosges-cest-samedi-3-septembre\/","url":"https:\/\/vosgesinfo.fr\/saintdieinfo\/2022\/08\/fete-sport-associations-de-saint-die-vosges-cest-samedi-3-septembre\/","name":"La f\u00eate du sport et des associations de Saint-Di\u00e9-des-Vosges, c'est ce samedi 3 septembre ! - Saint Die Info","isPartOf":{"@id":"https:\/\/vosgesinfo.fr\/saintdieinfo\/#website"},"primaryImageOfPage":{"@id":"https:\/\/vosgesinfo.fr\/saintdieinfo\/2022\/08\/fete-sport-associations-de-saint-die-vosges-cest-samedi-3-septembre\/#primaryimage"},"image":{"@id":"https:\/\/vosgesinfo.fr\/saintdieinfo\/2022\/08\/fete-sport-associations-de-saint-die-vosges-cest-samedi-3-septembre\/#primaryimage"},"thumbnailUrl":"https:\/\/vosgesinfo.fr\/app\/uploads\/sites\/4\/2024\/08\/202109fete-sport-associations-2021-1-1.jpg","datePublished":"2022-08-30T08:00:20+00:00","dateModified":"2022-08-30T08:00:20+00:00","breadcrumb":{"@id":"https:\/\/vosgesinfo.fr\/saintdieinfo\/2022\/08\/fete-sport-associations-de-saint-die-vosges-cest-samedi-3-septembre\/#breadcrumb"},"inLanguage":"fr-FR","potentialAction":[{"@type":"ReadAction","target":["https:\/\/vosgesinfo.fr\/saintdieinfo\/2022\/08\/fete-sport-associations-de-saint-die-vosges-cest-samedi-3-septembre\/"]}]},{"@type":"ImageObject","inLanguage":"fr-FR","@id":"https:\/\/vosgesinfo.fr\/saintdieinfo\/2022\/08\/fete-sport-associations-de-saint-die-vosges-cest-samedi-3-septembre\/#primaryimage","url":"https:\/\/vosgesinfo.fr\/app\/uploads\/sites\/4\/2024\/08\/202109fete-sport-associations-2021-1-1.jpg","contentUrl":"https:\/\/vosgesinfo.fr\/app\/uploads\/sites\/4\/2024\/08\/202109fete-sport-associations-2021-1-1.jpg","width":800,"height":600},{"@type":"BreadcrumbList","@id":"https:\/\/vosgesinfo.fr\/saintdieinfo\/2022\/08\/fete-sport-associations-de-saint-die-vosges-cest-samedi-3-septembre\/#breadcrumb","itemListElement":[{"@type":"ListItem","position":1,"name":"Home","item":"https:\/\/vosgesinfo.fr\/saintdieinfo\/"},{"@type":"ListItem","position":2,"name":"La f\u00eate du sport et des associations de Saint-Di\u00e9-des-Vosges, c&rsquo;est ce samedi 3 septembre !"}]},{"@type":"WebSite","@id":"https:\/\/vosgesinfo.fr\/saintdieinfo\/#website","url":"https:\/\/vosgesinfo.fr\/saintdieinfo\/","name":"Saint Die Info","description":"Toute l&#039;actualit\u00e9 de Saint-Di\u00e9-Des-Vosges","publisher":{"@id":"https:\/\/vosgesinfo.fr\/saintdieinfo\/#organization"},"alternateName":"Toute l'actualit\u00e9 de Saint-Di\u00e9-Des-Vosges","potentialAction":[{"@type":"SearchAction","target":{"@type":"EntryPoint","urlTemplate":"https:\/\/vosgesinfo.fr\/saintdieinfo\/?s={search_term_string}"},"query-input":"required name=search_term_string"}],"inLanguage":"fr-FR"},{"@type":"Organization","@id":"https:\/\/vosgesinfo.fr\/saintdieinfo\/#organization","name":"Saint Die Info","url":"https:\/\/vosgesinfo.fr\/saintdieinfo\/","logo":{"@type":"ImageObject","inLanguage":"fr-FR","@id":"https:\/\/vosgesinfo.fr\/saintdieinfo\/#\/schema\/logo\/image\/","url":"https:\/\/vosgesinfo.fr\/app\/uploads\/sites\/4\/2024\/02\/logo-sdi.jpg","contentUrl":"https:\/\/vosgesinfo.fr\/app\/uploads\/sites\/4\/2024\/02\/logo-sdi.jpg","width":600,"height":600,"caption":"Saint Die Info"},"image":{"@id":"https:\/\/vosgesinfo.fr\/saintdieinfo\/#\/schema\/logo\/image\/"},"sameAs":["https:\/\/www.facebook.com\/Saintdieinfofr","https:\/\/x.com\/VosgesInfo88","https:\/\/www.youtube.com\/@vosgesinfo"]},{"@type":"Person","@id":"https:\/\/vosgesinfo.fr\/saintdieinfo\/#\/schema\/person\/faee6704a21f3977511db84bd1cd450f","name":"la r\u00e9daction","image":{"@type":"ImageObject","inLanguage":"fr-FR","@id":"https:\/\/vosgesinfo.fr\/saintdieinfo\/#\/schema\/person\/image\/","url":"https:\/\/secure.gravatar.com\/avatar\/6673d8bc6a9c17fa9a453eaa3448de834fa308c2ec9635b7aa99441a7c8d2cf6?s=96&d=mm&r=g","contentUrl":"https:\/\/secure.gravatar.com\/avatar\/6673d8bc6a9c17fa9a453eaa3448de834fa308c2ec9635b7aa99441a7c8d2cf6?s=96&d=mm&r=g","caption":"la r\u00e9daction"},"url":"https:\/\/vosgesinfo.fr\/saintdieinfo\/author\/redac\/"}]}},"_links":{"self":[{"href":"https:\/\/vosgesinfo.fr\/saintdieinfo\/wp-json\/wp\/v2\/posts\/57034","targetHints":{"allow":["GET"]}}],"collection":[{"href":"https:\/\/vosgesinfo.fr\/saintdieinfo\/wp-json\/wp\/v2\/posts"}],"about":[{"href":"https:\/\/vosgesinfo.fr\/saintdieinfo\/wp-json\/wp\/v2\/types\/post"}],"author":[{"embeddable":true,"href":"https:\/\/vosgesinfo.fr\/saintdieinfo\/wp-json\/wp\/v2\/users\/44"}],"replies":[{"embeddable":true,"href":"https:\/\/vosgesinfo.fr\/saintdieinfo\/wp-json\/wp\/v2\/comments?post=57034"}],"version-history":[{"count":0,"href":"https:\/\/vosgesinfo.fr\/saintdieinfo\/wp-json\/wp\/v2\/posts\/57034\/revisions"}],"wp:featuredmedia":[{"embeddable":true,"href":"https:\/\/vosgesinfo.fr\/saintdieinfo\/wp-json\/wp\/v2\/media\/57035"}],"wp:attachment":[{"href":"https:\/\/vosgesinfo.fr\/saintdieinfo\/wp-json\/wp\/v2\/media?parent=57034"}],"wp:term":[{"taxonomy":"category","embeddable":true,"href":"https:\/\/vosgesinfo.fr\/saintdieinfo\/wp-json\/wp\/v2\/categories?post=57034"},{"taxonomy":"post_tag","embeddable":true,"href":"https:\/\/vosgesinfo.fr\/saintdieinfo\/wp-json\/wp\/v2\/tags?post=57034"}],"curies":[{"name":"wp","href":"https:\/\/api.w.org\/{rel}","templated":true}]}}