{"id":57042,"date":"2022-08-30T13:24:10","date_gmt":"2022-08-30T11:24:10","guid":{"rendered":"https:\/\/vosgesinfo.fr\/saintdieinfo\/2022\/08\/fig-laureats-prix-amerigo-vespucci-2022\/"},"modified":"2022-08-30T13:24:10","modified_gmt":"2022-08-30T11:24:10","slug":"fig-laureats-prix-amerigo-vespucci-2022","status":"publish","type":"post","link":"https:\/\/vosgesinfo.fr\/saintdieinfo\/2022\/08\/fig-laureats-prix-amerigo-vespucci-2022\/","title":{"rendered":"FIG \u2013 Et les laur\u00e9ats des prix Amerigo-Vespucci 2022 sont&#8230;"},"content":{"rendered":"<h2><strong><span style=\"font-size: 14pt;\">A maintenant un mois de l&rsquo;ouverture du 33e Festival International de G\u00e9ographie de Saint-Di\u00e9-des-Vosges, qui se d\u00e9roulera du 30 septembre au 2 octobre prochains, le jury des prix Amerigo-Vespucci ont d\u00e9lib\u00e9r\u00e9 ce mardi matin du c\u00f4t\u00e9 de la salle Carbonnar.<\/span><\/strong><\/h2>\n<p><!--more--><\/p>\n<p>Prix litt\u00e9raires du festival, les prix Amerigo-Vespucci viennent r\u00e9compenser des ouvrages portant sur le th\u00e8me de la g\u00e9ographie, de l&rsquo;aventure et du voyage. Chacun dot\u00e9 de 1500\u20ac, ils sont officiellement remis pendant le FIG, au Grand Salon de l&rsquo;H\u00f4tel de Ville lors de la journ\u00e9e de samedi.<\/p>\n<div id=\"attachment_188978\" style=\"width: 970px\" class=\"wp-caption aligncenter\"><a href=\"\/2022\/08\/AVespucci.jpg\" target=\"_blank\" rel=\"noopener\"><img decoding=\"async\" aria-describedby=\"caption-attachment-188978\" class=\"wp-image-188978 size-large\" src=\"\/2022\/08\/AVespucci-1024x768.jpg\" alt=\"AVespucci\" width=\"960\" height=\"720\" \/><\/a><p id=\"caption-attachment-188978\" class=\"wp-caption-text\">Le jury du prix Amerigo-Vespucci.<\/p><\/div>\n<p>Le prix Amerigo-Vespucci r\u00e9compense le ou les auteurs d&rsquo;un roman ou d&rsquo;un r\u00e9cit de voyage ou d&rsquo;aventure, destin\u00e9 \u00e0 un public adulte. Son jury est compos\u00e9 de journalistes, d&rsquo;\u00e9crivains, de libraires, de biblioth\u00e9caires et du laur\u00e9at de l&rsquo;ann\u00e9e pr\u00e9c\u00e9dente. Ce prix a \u00e9t\u00e9 d\u00e9cern\u00e9 cette ann\u00e9e \u00e0 l&rsquo;ouvrage \u00ab\u00a0La taille des arbres\u00a0\u00bb de Fabien Truong, paru aux \u00e9ditions Rivages. Vietnam, Nouvelle-Cal\u00e9donie. \u00c0 travers deux voyages en \u00e9toile depuis la ville de Saint-Denis, Fabien Truong revisite l\u2019histoire coloniale et ses traumas. En compagnie d\u2019enfants du bitume et de l\u2019immigration, il part dans le vert des for\u00eats tropicales sur les traces d\u2019un grand-p\u00e8re absent pour d\u00e9couvrir la tendresse au c\u0153ur de la violence du monde. L\u2019auteur confirme ici son talent d\u2019observateur pour d\u00e9peindre avec sensibilit\u00e9 la qu\u00eate de nos racines.<\/p>\n<div id=\"attachment_188977\" style=\"width: 970px\" class=\"wp-caption aligncenter\"><a href=\"\/2022\/08\/ABDJeunesse.jpg\" target=\"_blank\" rel=\"noopener\"><img decoding=\"async\" aria-describedby=\"caption-attachment-188977\" class=\"wp-image-188977 size-large\" src=\"\/2022\/08\/ABDJeunesse-1024x768.jpg\" alt=\"ABDJeunesse\" width=\"960\" height=\"720\" \/><\/a><p id=\"caption-attachment-188977\" class=\"wp-caption-text\">Le jury du prix Amerigo-Vespucci Jeunesse.<\/p><\/div>\n<p>Le prix Amerigo-Vespucci Jeunesse r\u00e9compense le ou les auteur(s) d&rsquo;un ouvrage destin\u00e9 aux jeunes lecteurs, qui traite des th\u00e9matiques de l&rsquo;aventure, du voyage ou des ailleurs. Compos\u00e9 d&rsquo;\u00e9crivains, de journalistes, de libraires, de biblioth\u00e9caires et d&rsquo;une classe d&rsquo;\u00e9l\u00e8ves, a distingu\u00e9 cette ann\u00e9e l&rsquo;ouvrage \u00ab\u00a0Hokusai et le Fujisan\u00a0\u00bb d&rsquo;Eva Bensard et Daniele Catalli, aux \u00e9ditions Amaterra. Le Fujisan, montagne sacr\u00e9e du Japon, raconte la vie d\u2019Hokusai, ce fou de dessin, qui l\u2019a repr\u00e9sent\u00e9 des dizaines de fois, de pr\u00e8s comme de loin, dans La Vague, \u00e0 l\u2019aube ou au cr\u00e9puscule, sous la neige ou l\u2019orage\u2026<\/p>\n<div id=\"attachment_188976\" style=\"width: 970px\" class=\"wp-caption aligncenter\"><a href=\"\/2022\/08\/ABDGeographique.jpg\" target=\"_blank\" rel=\"noopener\"><img decoding=\"async\" aria-describedby=\"caption-attachment-188976\" class=\"wp-image-188976 size-large\" src=\"\/2022\/08\/ABDGeographique-1024x768.jpg\" alt=\"ABDGeographique\" width=\"960\" height=\"720\" \/><\/a><p id=\"caption-attachment-188976\" class=\"wp-caption-text\">Le jury du prix Amerigo-Vespucci de la BD G\u00e9ographique.<\/p><\/div>\n<p>Le 3e et le plus r\u00e9cent des prix Amerigo-Vespucci, le prix de la BD G\u00e9ographique, r\u00e9compense le ou les auteurs d&rsquo;un roman graphique ou d&rsquo;une bande-dessin\u00e9e de voyage, d&rsquo;aventure, de d\u00e9couverte&#8230; et de tout th\u00e8me en lien avec la g\u00e9ographie. Son jury est compos\u00e9 de professionnels de la BD, du livre et du monde du voyage. En cette ann\u00e9e 2022, le prix Amerigo-Vespucci de la BD G\u00e9ographique a \u00e9t\u00e9 attribu\u00e9 \u00e0 l&rsquo;ouvrage \u00ab\u00a0Le droit du sol\u00a0\u00bb d&rsquo;Etienne Davodeau, aux \u00e9ditions Futuropolis. En juin 2019, l&rsquo;auteur entreprend, \u00e0 pied et sac au dos, un p\u00e9riple de 800 km, entre la grotte de Pech Merle et Bure. Des peintures rupestres, tr\u00e9sors de l\u2019humanit\u00e9 encore prot\u00e9g\u00e9s aux d\u00e9chets nucl\u00e9aires enfouis dans le sous-sol, malheur annonc\u00e9 pour les esp\u00e8ces vivantes. \u00c9tienne Davodeau, sapiens parmi les sapiens, interroge notre rapport au sol. Marcheur-observateur, il lance l\u2019alerte d\u2019un vertige collectif imminent et invite \u00e0 un voyage dans le temps et dans l\u2019espace. De quelle plan\u00e8te les g\u00e9n\u00e9rations futures h\u00e9riteront-elles ? Qu\u2019allons-nous laisser \u00e0 celles et ceux qui na\u00eetront apr\u00e8s nous ? Comment les alerter de ce terrible et r\u00e9el danger pour leur survie ? Il est de notre responsabilit\u00e9 collective d\u2019avancer sur les questions \u00e9nerg\u00e9tiques pour prot\u00e9ger la \u00ab peau du monde \u00bb.<\/p>\n<p>J.J.<\/p>\n","protected":false},"excerpt":{"rendered":"<p>A maintenant un mois de l&rsquo;ouverture du 33e Festival International de G\u00e9ographie de Saint-Di\u00e9-des-Vosges, qui se d\u00e9roulera du 30 septembre [&hellip;]<\/p>\n","protected":false},"author":44,"featured_media":57043,"comment_status":"open","ping_status":"open","sticky":false,"template":"","format":"standard","meta":{"footnotes":""},"categories":[460,7847,8090,2915],"tags":[11574,3081,3133,12392],"class_list":["post-57042","post","type-post","status-publish","format-standard","has-post-thumbnail","hentry","category-a-la-une","category-art-culture","category-litterature","category-saint-die-son-canton","tag-33e-festival-international-de-geographie-de-saint-die-des-vosges","tag-festival-international-de-geographie-de-saint-die-des-vosges","tag-prix-amerigo-vespucci","tag-prix-amerigo-vespucci-2022"],"acf":[],"yoast_head":"<!-- This site is optimized with the Yoast SEO plugin v22.5 - https:\/\/yoast.com\/wordpress\/plugins\/seo\/ -->\n<title>FIG \u2013 Et les laur\u00e9ats des prix Amerigo-Vespucci 2022 sont... - Saint Die Info<\/title>\n<meta name=\"robots\" content=\"index, follow, max-snippet:-1, max-image-preview:large, max-video-preview:-1\" \/>\n<link rel=\"canonical\" href=\"https:\/\/vosgesinfo.fr\/saintdieinfo\/2022\/08\/fig-laureats-prix-amerigo-vespucci-2022\/\" \/>\n<meta name=\"twitter:card\" content=\"summary_large_image\" \/>\n<meta name=\"twitter:title\" content=\"FIG \u2013 Et les laur\u00e9ats des prix Amerigo-Vespucci 2022 sont... - Saint Die Info\" \/>\n<meta name=\"twitter:description\" content=\"A maintenant un mois de l&rsquo;ouverture du 33e Festival International de G\u00e9ographie de Saint-Di\u00e9-des-Vosges, qui se d\u00e9roulera du 30 septembre [&hellip;]\" \/>\n<meta name=\"twitter:image\" content=\"https:\/\/vosgesinfo.fr\/app\/uploads\/sites\/4\/2024\/08\/202208avespucci.jpg\" \/>\n<meta name=\"twitter:creator\" content=\"@VosgesInfo88\" \/>\n<meta name=\"twitter:site\" content=\"@VosgesInfo88\" \/>\n<meta name=\"twitter:label1\" content=\"\u00c9crit par\" \/>\n\t<meta name=\"twitter:data1\" content=\"la r\u00e9daction\" \/>\n\t<meta name=\"twitter:label2\" content=\"Dur\u00e9e de lecture estim\u00e9e\" \/>\n\t<meta name=\"twitter:data2\" content=\"3 minutes\" \/>\n<script type=\"application\/ld+json\" class=\"yoast-schema-graph\">{\"@context\":\"https:\/\/schema.org\",\"@graph\":[{\"@type\":\"Article\",\"@id\":\"https:\/\/vosgesinfo.fr\/saintdieinfo\/2022\/08\/fig-laureats-prix-amerigo-vespucci-2022\/#article\",\"isPartOf\":{\"@id\":\"https:\/\/vosgesinfo.fr\/saintdieinfo\/2022\/08\/fig-laureats-prix-amerigo-vespucci-2022\/\"},\"author\":{\"name\":\"la r\u00e9daction\",\"@id\":\"https:\/\/vosgesinfo.fr\/saintdieinfo\/#\/schema\/person\/faee6704a21f3977511db84bd1cd450f\"},\"headline\":\"FIG \u2013 Et les laur\u00e9ats des prix Amerigo-Vespucci 2022 sont&#8230;\",\"datePublished\":\"2022-08-30T11:24:10+00:00\",\"dateModified\":\"2022-08-30T11:24:10+00:00\",\"mainEntityOfPage\":{\"@id\":\"https:\/\/vosgesinfo.fr\/saintdieinfo\/2022\/08\/fig-laureats-prix-amerigo-vespucci-2022\/\"},\"wordCount\":651,\"commentCount\":0,\"publisher\":{\"@id\":\"https:\/\/vosgesinfo.fr\/saintdieinfo\/#organization\"},\"image\":{\"@id\":\"https:\/\/vosgesinfo.fr\/saintdieinfo\/2022\/08\/fig-laureats-prix-amerigo-vespucci-2022\/#primaryimage\"},\"thumbnailUrl\":\"https:\/\/vosgesinfo.fr\/app\/uploads\/sites\/4\/2024\/08\/202208avespucci.jpg\",\"keywords\":[\"33e Festival International de G\u00e9ographie de Saint-Di\u00e9-des-Vosges\",\"Festival International de G\u00e9ographie de Saint-Di\u00e9-des-Vosges\",\"Prix Amerigo-Vespucci\",\"Prix Amerigo-Vespucci 2022\"],\"articleSection\":[\"A la Une\",\"Culture\",\"Litt\u00e9rature\",\"Saint-Di\u00e9-des-Vosges et son Agglom\u00e9ration\"],\"inLanguage\":\"fr-FR\",\"potentialAction\":[{\"@type\":\"CommentAction\",\"name\":\"Comment\",\"target\":[\"https:\/\/vosgesinfo.fr\/saintdieinfo\/2022\/08\/fig-laureats-prix-amerigo-vespucci-2022\/#respond\"]}]},{\"@type\":\"WebPage\",\"@id\":\"https:\/\/vosgesinfo.fr\/saintdieinfo\/2022\/08\/fig-laureats-prix-amerigo-vespucci-2022\/\",\"url\":\"https:\/\/vosgesinfo.fr\/saintdieinfo\/2022\/08\/fig-laureats-prix-amerigo-vespucci-2022\/\",\"name\":\"FIG \u2013 Et les laur\u00e9ats des prix Amerigo-Vespucci 2022 sont... - Saint Die Info\",\"isPartOf\":{\"@id\":\"https:\/\/vosgesinfo.fr\/saintdieinfo\/#website\"},\"primaryImageOfPage\":{\"@id\":\"https:\/\/vosgesinfo.fr\/saintdieinfo\/2022\/08\/fig-laureats-prix-amerigo-vespucci-2022\/#primaryimage\"},\"image\":{\"@id\":\"https:\/\/vosgesinfo.fr\/saintdieinfo\/2022\/08\/fig-laureats-prix-amerigo-vespucci-2022\/#primaryimage\"},\"thumbnailUrl\":\"https:\/\/vosgesinfo.fr\/app\/uploads\/sites\/4\/2024\/08\/202208avespucci.jpg\",\"datePublished\":\"2022-08-30T11:24:10+00:00\",\"dateModified\":\"2022-08-30T11:24:10+00:00\",\"breadcrumb\":{\"@id\":\"https:\/\/vosgesinfo.fr\/saintdieinfo\/2022\/08\/fig-laureats-prix-amerigo-vespucci-2022\/#breadcrumb\"},\"inLanguage\":\"fr-FR\",\"potentialAction\":[{\"@type\":\"ReadAction\",\"target\":[\"https:\/\/vosgesinfo.fr\/saintdieinfo\/2022\/08\/fig-laureats-prix-amerigo-vespucci-2022\/\"]}]},{\"@type\":\"ImageObject\",\"inLanguage\":\"fr-FR\",\"@id\":\"https:\/\/vosgesinfo.fr\/saintdieinfo\/2022\/08\/fig-laureats-prix-amerigo-vespucci-2022\/#primaryimage\",\"url\":\"https:\/\/vosgesinfo.fr\/app\/uploads\/sites\/4\/2024\/08\/202208avespucci.jpg\",\"contentUrl\":\"https:\/\/vosgesinfo.fr\/app\/uploads\/sites\/4\/2024\/08\/202208avespucci.jpg\",\"width\":1600,\"height\":1200},{\"@type\":\"BreadcrumbList\",\"@id\":\"https:\/\/vosgesinfo.fr\/saintdieinfo\/2022\/08\/fig-laureats-prix-amerigo-vespucci-2022\/#breadcrumb\",\"itemListElement\":[{\"@type\":\"ListItem\",\"position\":1,\"name\":\"Home\",\"item\":\"https:\/\/vosgesinfo.fr\/saintdieinfo\/\"},{\"@type\":\"ListItem\",\"position\":2,\"name\":\"FIG \u2013 Et les laur\u00e9ats des prix Amerigo-Vespucci 2022 sont&#8230;\"}]},{\"@type\":\"WebSite\",\"@id\":\"https:\/\/vosgesinfo.fr\/saintdieinfo\/#website\",\"url\":\"https:\/\/vosgesinfo.fr\/saintdieinfo\/\",\"name\":\"Saint Die Info\",\"description\":\"Toute l&#039;actualit\u00e9 de Saint-Di\u00e9-Des-Vosges\",\"publisher\":{\"@id\":\"https:\/\/vosgesinfo.fr\/saintdieinfo\/#organization\"},\"alternateName\":\"Toute l'actualit\u00e9 de Saint-Di\u00e9-Des-Vosges\",\"potentialAction\":[{\"@type\":\"SearchAction\",\"target\":{\"@type\":\"EntryPoint\",\"urlTemplate\":\"https:\/\/vosgesinfo.fr\/saintdieinfo\/?s={search_term_string}\"},\"query-input\":\"required name=search_term_string\"}],\"inLanguage\":\"fr-FR\"},{\"@type\":\"Organization\",\"@id\":\"https:\/\/vosgesinfo.fr\/saintdieinfo\/#organization\",\"name\":\"Saint Die Info\",\"url\":\"https:\/\/vosgesinfo.fr\/saintdieinfo\/\",\"logo\":{\"@type\":\"ImageObject\",\"inLanguage\":\"fr-FR\",\"@id\":\"https:\/\/vosgesinfo.fr\/saintdieinfo\/#\/schema\/logo\/image\/\",\"url\":\"https:\/\/vosgesinfo.fr\/app\/uploads\/sites\/4\/2024\/02\/logo-sdi.jpg\",\"contentUrl\":\"https:\/\/vosgesinfo.fr\/app\/uploads\/sites\/4\/2024\/02\/logo-sdi.jpg\",\"width\":600,\"height\":600,\"caption\":\"Saint Die Info\"},\"image\":{\"@id\":\"https:\/\/vosgesinfo.fr\/saintdieinfo\/#\/schema\/logo\/image\/\"},\"sameAs\":[\"https:\/\/www.facebook.com\/Saintdieinfofr\",\"https:\/\/x.com\/VosgesInfo88\",\"https:\/\/www.youtube.com\/@vosgesinfo\"]},{\"@type\":\"Person\",\"@id\":\"https:\/\/vosgesinfo.fr\/saintdieinfo\/#\/schema\/person\/faee6704a21f3977511db84bd1cd450f\",\"name\":\"la r\u00e9daction\",\"image\":{\"@type\":\"ImageObject\",\"inLanguage\":\"fr-FR\",\"@id\":\"https:\/\/vosgesinfo.fr\/saintdieinfo\/#\/schema\/person\/image\/\",\"url\":\"https:\/\/secure.gravatar.com\/avatar\/6673d8bc6a9c17fa9a453eaa3448de834fa308c2ec9635b7aa99441a7c8d2cf6?s=96&d=mm&r=g\",\"contentUrl\":\"https:\/\/secure.gravatar.com\/avatar\/6673d8bc6a9c17fa9a453eaa3448de834fa308c2ec9635b7aa99441a7c8d2cf6?s=96&d=mm&r=g\",\"caption\":\"la r\u00e9daction\"},\"url\":\"https:\/\/vosgesinfo.fr\/saintdieinfo\/author\/redac\/\"}]}<\/script>\n<!-- \/ Yoast SEO plugin. -->","yoast_head_json":{"title":"FIG \u2013 Et les laur\u00e9ats des prix Amerigo-Vespucci 2022 sont... - Saint Die Info","robots":{"index":"index","follow":"follow","max-snippet":"max-snippet:-1","max-image-preview":"max-image-preview:large","max-video-preview":"max-video-preview:-1"},"canonical":"https:\/\/vosgesinfo.fr\/saintdieinfo\/2022\/08\/fig-laureats-prix-amerigo-vespucci-2022\/","twitter_card":"summary_large_image","twitter_title":"FIG \u2013 Et les laur\u00e9ats des prix Amerigo-Vespucci 2022 sont... - Saint Die Info","twitter_description":"A maintenant un mois de l&rsquo;ouverture du 33e Festival International de G\u00e9ographie de Saint-Di\u00e9-des-Vosges, qui se d\u00e9roulera du 30 septembre [&hellip;]","twitter_image":"https:\/\/vosgesinfo.fr\/app\/uploads\/sites\/4\/2024\/08\/202208avespucci.jpg","twitter_creator":"@VosgesInfo88","twitter_site":"@VosgesInfo88","twitter_misc":{"\u00c9crit par":"la r\u00e9daction","Dur\u00e9e de lecture estim\u00e9e":"3 minutes"},"schema":{"@context":"https:\/\/schema.org","@graph":[{"@type":"Article","@id":"https:\/\/vosgesinfo.fr\/saintdieinfo\/2022\/08\/fig-laureats-prix-amerigo-vespucci-2022\/#article","isPartOf":{"@id":"https:\/\/vosgesinfo.fr\/saintdieinfo\/2022\/08\/fig-laureats-prix-amerigo-vespucci-2022\/"},"author":{"name":"la r\u00e9daction","@id":"https:\/\/vosgesinfo.fr\/saintdieinfo\/#\/schema\/person\/faee6704a21f3977511db84bd1cd450f"},"headline":"FIG \u2013 Et les laur\u00e9ats des prix Amerigo-Vespucci 2022 sont&#8230;","datePublished":"2022-08-30T11:24:10+00:00","dateModified":"2022-08-30T11:24:10+00:00","mainEntityOfPage":{"@id":"https:\/\/vosgesinfo.fr\/saintdieinfo\/2022\/08\/fig-laureats-prix-amerigo-vespucci-2022\/"},"wordCount":651,"commentCount":0,"publisher":{"@id":"https:\/\/vosgesinfo.fr\/saintdieinfo\/#organization"},"image":{"@id":"https:\/\/vosgesinfo.fr\/saintdieinfo\/2022\/08\/fig-laureats-prix-amerigo-vespucci-2022\/#primaryimage"},"thumbnailUrl":"https:\/\/vosgesinfo.fr\/app\/uploads\/sites\/4\/2024\/08\/202208avespucci.jpg","keywords":["33e Festival International de G\u00e9ographie de Saint-Di\u00e9-des-Vosges","Festival International de G\u00e9ographie de Saint-Di\u00e9-des-Vosges","Prix Amerigo-Vespucci","Prix Amerigo-Vespucci 2022"],"articleSection":["A la Une","Culture","Litt\u00e9rature","Saint-Di\u00e9-des-Vosges et son Agglom\u00e9ration"],"inLanguage":"fr-FR","potentialAction":[{"@type":"CommentAction","name":"Comment","target":["https:\/\/vosgesinfo.fr\/saintdieinfo\/2022\/08\/fig-laureats-prix-amerigo-vespucci-2022\/#respond"]}]},{"@type":"WebPage","@id":"https:\/\/vosgesinfo.fr\/saintdieinfo\/2022\/08\/fig-laureats-prix-amerigo-vespucci-2022\/","url":"https:\/\/vosgesinfo.fr\/saintdieinfo\/2022\/08\/fig-laureats-prix-amerigo-vespucci-2022\/","name":"FIG \u2013 Et les laur\u00e9ats des prix Amerigo-Vespucci 2022 sont... - Saint Die Info","isPartOf":{"@id":"https:\/\/vosgesinfo.fr\/saintdieinfo\/#website"},"primaryImageOfPage":{"@id":"https:\/\/vosgesinfo.fr\/saintdieinfo\/2022\/08\/fig-laureats-prix-amerigo-vespucci-2022\/#primaryimage"},"image":{"@id":"https:\/\/vosgesinfo.fr\/saintdieinfo\/2022\/08\/fig-laureats-prix-amerigo-vespucci-2022\/#primaryimage"},"thumbnailUrl":"https:\/\/vosgesinfo.fr\/app\/uploads\/sites\/4\/2024\/08\/202208avespucci.jpg","datePublished":"2022-08-30T11:24:10+00:00","dateModified":"2022-08-30T11:24:10+00:00","breadcrumb":{"@id":"https:\/\/vosgesinfo.fr\/saintdieinfo\/2022\/08\/fig-laureats-prix-amerigo-vespucci-2022\/#breadcrumb"},"inLanguage":"fr-FR","potentialAction":[{"@type":"ReadAction","target":["https:\/\/vosgesinfo.fr\/saintdieinfo\/2022\/08\/fig-laureats-prix-amerigo-vespucci-2022\/"]}]},{"@type":"ImageObject","inLanguage":"fr-FR","@id":"https:\/\/vosgesinfo.fr\/saintdieinfo\/2022\/08\/fig-laureats-prix-amerigo-vespucci-2022\/#primaryimage","url":"https:\/\/vosgesinfo.fr\/app\/uploads\/sites\/4\/2024\/08\/202208avespucci.jpg","contentUrl":"https:\/\/vosgesinfo.fr\/app\/uploads\/sites\/4\/2024\/08\/202208avespucci.jpg","width":1600,"height":1200},{"@type":"BreadcrumbList","@id":"https:\/\/vosgesinfo.fr\/saintdieinfo\/2022\/08\/fig-laureats-prix-amerigo-vespucci-2022\/#breadcrumb","itemListElement":[{"@type":"ListItem","position":1,"name":"Home","item":"https:\/\/vosgesinfo.fr\/saintdieinfo\/"},{"@type":"ListItem","position":2,"name":"FIG \u2013 Et les laur\u00e9ats des prix Amerigo-Vespucci 2022 sont&#8230;"}]},{"@type":"WebSite","@id":"https:\/\/vosgesinfo.fr\/saintdieinfo\/#website","url":"https:\/\/vosgesinfo.fr\/saintdieinfo\/","name":"Saint Die Info","description":"Toute l&#039;actualit\u00e9 de Saint-Di\u00e9-Des-Vosges","publisher":{"@id":"https:\/\/vosgesinfo.fr\/saintdieinfo\/#organization"},"alternateName":"Toute l'actualit\u00e9 de Saint-Di\u00e9-Des-Vosges","potentialAction":[{"@type":"SearchAction","target":{"@type":"EntryPoint","urlTemplate":"https:\/\/vosgesinfo.fr\/saintdieinfo\/?s={search_term_string}"},"query-input":"required name=search_term_string"}],"inLanguage":"fr-FR"},{"@type":"Organization","@id":"https:\/\/vosgesinfo.fr\/saintdieinfo\/#organization","name":"Saint Die Info","url":"https:\/\/vosgesinfo.fr\/saintdieinfo\/","logo":{"@type":"ImageObject","inLanguage":"fr-FR","@id":"https:\/\/vosgesinfo.fr\/saintdieinfo\/#\/schema\/logo\/image\/","url":"https:\/\/vosgesinfo.fr\/app\/uploads\/sites\/4\/2024\/02\/logo-sdi.jpg","contentUrl":"https:\/\/vosgesinfo.fr\/app\/uploads\/sites\/4\/2024\/02\/logo-sdi.jpg","width":600,"height":600,"caption":"Saint Die Info"},"image":{"@id":"https:\/\/vosgesinfo.fr\/saintdieinfo\/#\/schema\/logo\/image\/"},"sameAs":["https:\/\/www.facebook.com\/Saintdieinfofr","https:\/\/x.com\/VosgesInfo88","https:\/\/www.youtube.com\/@vosgesinfo"]},{"@type":"Person","@id":"https:\/\/vosgesinfo.fr\/saintdieinfo\/#\/schema\/person\/faee6704a21f3977511db84bd1cd450f","name":"la r\u00e9daction","image":{"@type":"ImageObject","inLanguage":"fr-FR","@id":"https:\/\/vosgesinfo.fr\/saintdieinfo\/#\/schema\/person\/image\/","url":"https:\/\/secure.gravatar.com\/avatar\/6673d8bc6a9c17fa9a453eaa3448de834fa308c2ec9635b7aa99441a7c8d2cf6?s=96&d=mm&r=g","contentUrl":"https:\/\/secure.gravatar.com\/avatar\/6673d8bc6a9c17fa9a453eaa3448de834fa308c2ec9635b7aa99441a7c8d2cf6?s=96&d=mm&r=g","caption":"la r\u00e9daction"},"url":"https:\/\/vosgesinfo.fr\/saintdieinfo\/author\/redac\/"}]}},"_links":{"self":[{"href":"https:\/\/vosgesinfo.fr\/saintdieinfo\/wp-json\/wp\/v2\/posts\/57042","targetHints":{"allow":["GET"]}}],"collection":[{"href":"https:\/\/vosgesinfo.fr\/saintdieinfo\/wp-json\/wp\/v2\/posts"}],"about":[{"href":"https:\/\/vosgesinfo.fr\/saintdieinfo\/wp-json\/wp\/v2\/types\/post"}],"author":[{"embeddable":true,"href":"https:\/\/vosgesinfo.fr\/saintdieinfo\/wp-json\/wp\/v2\/users\/44"}],"replies":[{"embeddable":true,"href":"https:\/\/vosgesinfo.fr\/saintdieinfo\/wp-json\/wp\/v2\/comments?post=57042"}],"version-history":[{"count":0,"href":"https:\/\/vosgesinfo.fr\/saintdieinfo\/wp-json\/wp\/v2\/posts\/57042\/revisions"}],"wp:featuredmedia":[{"embeddable":true,"href":"https:\/\/vosgesinfo.fr\/saintdieinfo\/wp-json\/wp\/v2\/media\/57043"}],"wp:attachment":[{"href":"https:\/\/vosgesinfo.fr\/saintdieinfo\/wp-json\/wp\/v2\/media?parent=57042"}],"wp:term":[{"taxonomy":"category","embeddable":true,"href":"https:\/\/vosgesinfo.fr\/saintdieinfo\/wp-json\/wp\/v2\/categories?post=57042"},{"taxonomy":"post_tag","embeddable":true,"href":"https:\/\/vosgesinfo.fr\/saintdieinfo\/wp-json\/wp\/v2\/tags?post=57042"}],"curies":[{"name":"wp","href":"https:\/\/api.w.org\/{rel}","templated":true}]}}