{"id":57054,"date":"2022-08-31T07:13:35","date_gmt":"2022-08-31T05:13:35","guid":{"rendered":"https:\/\/vosgesinfo.fr\/saintdieinfo\/2022\/08\/cinema-excelsior-ameliore-limage-de-seances\/"},"modified":"2022-08-31T07:13:35","modified_gmt":"2022-08-31T05:13:35","slug":"cinema-excelsior-ameliore-limage-de-seances","status":"publish","type":"post","link":"https:\/\/vosgesinfo.fr\/saintdieinfo\/2022\/08\/cinema-excelsior-ameliore-limage-de-seances\/","title":{"rendered":"Le cin\u00e9ma Excelsior am\u00e9liore le son et l&rsquo;image de ses s\u00e9ances"},"content":{"rendered":"<div id=\"attachment_189001\" style=\"width: 970px\" class=\"wp-caption aligncenter\"><a href=\"\/2022\/08\/Travaux_Cin\u00e9ma_Excelsior-4.jpg\" target=\"_blank\" rel=\"noopener\"><img decoding=\"async\" aria-describedby=\"caption-attachment-189001\" class=\"wp-image-189001 size-large\" src=\"\/2022\/08\/Travaux_Cin\u00e9ma_Excelsior-4-1024x768.jpg\" alt=\"Travaux_Cin\u00e9ma_Excelsior (4)\" width=\"960\" height=\"720\" \/><\/a><p id=\"caption-attachment-189001\" class=\"wp-caption-text\">Les travaux pour changer l&rsquo;\u00e9cran et le syst\u00e8me sonore du cin\u00e9ma Excelsior ont d\u00e9but\u00e9 ce lundi matin et devrait \u00eatre termin\u00e9s ce mercredi.<\/p><\/div>\n<h2><strong><span style=\"font-size: 14pt;\">Les spectateurs des prochaines s\u00e9ances du cin\u00e9ma Excelsior de Saint-Di\u00e9-des-Vosges, situ\u00e9 \u00e0 l&rsquo;Espace Georges-Sadoul, vont pouvoir profiter d&rsquo;une meilleure qualit\u00e9 de son et d&rsquo;une meilleure image. Ces derniers jours, Thomas Boileau de l&rsquo;entreprise nanc\u00e9ienne Cin\u00e9meccanica a install\u00e9 les nouvelles enceintes JBL 5.1 ainsi que la nouvelle toile de l&rsquo;\u00e9cran, large de 5,30m pour une hauteur de 2,20m.<\/span><\/strong><\/h2>\n<p><!--more--><\/p>\n<p>\u00ab\u00a0L&rsquo;ancien \u00e9cran avait un certain nombre d&rsquo;ann\u00e9es. Il \u00e9tait jauni et renvoyait moins bien la lumi\u00e8re que le nouveau. Les s\u00e9quences sombres \u00e9taient par exemple trop sombres. Quant aux enceintes, qui avaient \u00e9t\u00e9 install\u00e9es en 2005, l&rsquo;une d&rsquo;elle \u00e9tait d\u00e9fectueuse. C&rsquo;\u00e9tait donc l&rsquo;occasion de changer \u00e9galement le syst\u00e8me sonore. Concr\u00e8tement, les nouvelles enceintes sont plus puissantes que les anciennes, le son sera plus audible pour le public notamment au fond de la salle. La restitution sonore est aussi am\u00e9lior\u00e9e, avec un rendu plus ample et plus rond qu&rsquo;auparavant\u00a0\u00bb explique le tr\u00e9sorier de l&rsquo;association Art&amp;Essai Patrice Gambotto, association qui g\u00e8re le cin\u00e9ma Excelsior.<\/p>\n<p>De plus, le \u00ab\u00a0rack son\u00a0\u00bb, ou la partie amplification sonore de la salle, ainsi que le serveur informatique du cin\u00e9ma ont \u00e9galement \u00e9t\u00e9 chang\u00e9s par du mat\u00e9riel plus r\u00e9cent. Le tout repr\u00e9sentant un investissement de 20 000\u20ac HT. Une somme financ\u00e9e \u00e0 hauteur de 80 \u00e0 90% par le fond de soutien du CNC \u2013 Centre National du Cin\u00e9ma. \u00ab\u00a0Nous ne pourrons pas financer tous ces investissements avec la subvention de cette ann\u00e9e, mais vu que le nouveau mat\u00e9riel sera utilis\u00e9 pendant un moment il pourra \u00eatre rembours\u00e9 plus tard\u00a0\u00bb pr\u00e9cise Patrice Gambotto.<\/p>\n<p>Cin\u00e9ma ind\u00e9pendant, le cin\u00e9ma Excelsior peut accueillir jusqu&rsquo;\u00e0 96 spectateurs par s\u00e9ance, avec 2 places r\u00e9serv\u00e9es aux personnes \u00e0 mobilit\u00e9 r\u00e9duite. Il emploie 2 salari\u00e9s, Romain Ganier et Josquin Texier, et r\u00e9alise entre 14 000 et 16 000 entr\u00e9es annuelles. Son association de gestion f\u00eate ses 40 ans cette ann\u00e9e et comptait environ 425 adh\u00e9rents la saison derni\u00e8re. Pour conna\u00eetre la programmation du cin\u00e9ma Excelsior et toutes les informations pratiques le concernant\u00a0: <strong><a href=\"https:\/\/excelsior88.org\/\" target=\"_blank\" rel=\"noopener\">https:\/\/excelsior88.org\/<\/a><\/strong><\/p>\n<p>J.J.<\/p>\n\n","protected":false},"excerpt":{"rendered":"<p>Les spectateurs des prochaines s\u00e9ances du cin\u00e9ma Excelsior de Saint-Di\u00e9-des-Vosges, situ\u00e9 \u00e0 l&rsquo;Espace Georges-Sadoul, vont pouvoir profiter d&rsquo;une meilleure qualit\u00e9 [&hellip;]<\/p>\n","protected":false},"author":44,"featured_media":57055,"comment_status":"open","ping_status":"open","sticky":false,"template":"","format":"standard","meta":{"footnotes":""},"categories":[460,7847,2915,17],"tags":[3564,2946,3559],"class_list":["post-57054","post","type-post","status-publish","format-standard","has-post-thumbnail","hentry","category-a-la-une","category-art-culture","category-saint-die-son-canton","category-vie-associative","tag-association-artessai","tag-cinema-excelsior","tag-espace-georges-sadoul"],"acf":[],"yoast_head":"<!-- This site is optimized with the Yoast SEO plugin v22.5 - https:\/\/yoast.com\/wordpress\/plugins\/seo\/ -->\n<title>Le cin\u00e9ma Excelsior am\u00e9liore le son et l&#039;image de ses s\u00e9ances - Saint Die Info<\/title>\n<meta name=\"robots\" content=\"index, follow, max-snippet:-1, max-image-preview:large, max-video-preview:-1\" \/>\n<link rel=\"canonical\" href=\"https:\/\/vosgesinfo.fr\/saintdieinfo\/2022\/08\/cinema-excelsior-ameliore-limage-de-seances\/\" \/>\n<meta name=\"twitter:card\" content=\"summary_large_image\" \/>\n<meta name=\"twitter:title\" content=\"Le cin\u00e9ma Excelsior am\u00e9liore le son et l&#039;image de ses s\u00e9ances - Saint Die Info\" \/>\n<meta name=\"twitter:description\" content=\"Les spectateurs des prochaines s\u00e9ances du cin\u00e9ma Excelsior de Saint-Di\u00e9-des-Vosges, situ\u00e9 \u00e0 l&rsquo;Espace Georges-Sadoul, vont pouvoir profiter d&rsquo;une meilleure qualit\u00e9 [&hellip;]\" \/>\n<meta name=\"twitter:image\" content=\"https:\/\/vosgesinfo.fr\/app\/uploads\/sites\/4\/2024\/08\/202208travaux-cinema-excelsior-4.jpg\" \/>\n<meta name=\"twitter:creator\" content=\"@VosgesInfo88\" \/>\n<meta name=\"twitter:site\" content=\"@VosgesInfo88\" \/>\n<meta name=\"twitter:label1\" content=\"\u00c9crit par\" \/>\n\t<meta name=\"twitter:data1\" content=\"la r\u00e9daction\" \/>\n\t<meta name=\"twitter:label2\" content=\"Dur\u00e9e de lecture estim\u00e9e\" \/>\n\t<meta name=\"twitter:data2\" content=\"2 minutes\" \/>\n<script type=\"application\/ld+json\" class=\"yoast-schema-graph\">{\"@context\":\"https:\/\/schema.org\",\"@graph\":[{\"@type\":\"Article\",\"@id\":\"https:\/\/vosgesinfo.fr\/saintdieinfo\/2022\/08\/cinema-excelsior-ameliore-limage-de-seances\/#article\",\"isPartOf\":{\"@id\":\"https:\/\/vosgesinfo.fr\/saintdieinfo\/2022\/08\/cinema-excelsior-ameliore-limage-de-seances\/\"},\"author\":{\"name\":\"la r\u00e9daction\",\"@id\":\"https:\/\/vosgesinfo.fr\/saintdieinfo\/#\/schema\/person\/faee6704a21f3977511db84bd1cd450f\"},\"headline\":\"Le cin\u00e9ma Excelsior am\u00e9liore le son et l&rsquo;image de ses s\u00e9ances\",\"datePublished\":\"2022-08-31T05:13:35+00:00\",\"dateModified\":\"2022-08-31T05:13:35+00:00\",\"mainEntityOfPage\":{\"@id\":\"https:\/\/vosgesinfo.fr\/saintdieinfo\/2022\/08\/cinema-excelsior-ameliore-limage-de-seances\/\"},\"wordCount\":423,\"commentCount\":0,\"publisher\":{\"@id\":\"https:\/\/vosgesinfo.fr\/saintdieinfo\/#organization\"},\"image\":{\"@id\":\"https:\/\/vosgesinfo.fr\/saintdieinfo\/2022\/08\/cinema-excelsior-ameliore-limage-de-seances\/#primaryimage\"},\"thumbnailUrl\":\"https:\/\/vosgesinfo.fr\/app\/uploads\/sites\/4\/2024\/08\/202208travaux-cinema-excelsior-4.jpg\",\"keywords\":[\"Association Art&amp;Essai\",\"Cin\u00e9ma Excelsior\",\"Espace Georges-Sadoul\"],\"articleSection\":[\"A la Une\",\"Culture\",\"Saint-Di\u00e9-des-Vosges et son Agglom\u00e9ration\",\"Vie Associative\"],\"inLanguage\":\"fr-FR\",\"potentialAction\":[{\"@type\":\"CommentAction\",\"name\":\"Comment\",\"target\":[\"https:\/\/vosgesinfo.fr\/saintdieinfo\/2022\/08\/cinema-excelsior-ameliore-limage-de-seances\/#respond\"]}]},{\"@type\":\"WebPage\",\"@id\":\"https:\/\/vosgesinfo.fr\/saintdieinfo\/2022\/08\/cinema-excelsior-ameliore-limage-de-seances\/\",\"url\":\"https:\/\/vosgesinfo.fr\/saintdieinfo\/2022\/08\/cinema-excelsior-ameliore-limage-de-seances\/\",\"name\":\"Le cin\u00e9ma Excelsior am\u00e9liore le son et l'image de ses s\u00e9ances - Saint Die Info\",\"isPartOf\":{\"@id\":\"https:\/\/vosgesinfo.fr\/saintdieinfo\/#website\"},\"primaryImageOfPage\":{\"@id\":\"https:\/\/vosgesinfo.fr\/saintdieinfo\/2022\/08\/cinema-excelsior-ameliore-limage-de-seances\/#primaryimage\"},\"image\":{\"@id\":\"https:\/\/vosgesinfo.fr\/saintdieinfo\/2022\/08\/cinema-excelsior-ameliore-limage-de-seances\/#primaryimage\"},\"thumbnailUrl\":\"https:\/\/vosgesinfo.fr\/app\/uploads\/sites\/4\/2024\/08\/202208travaux-cinema-excelsior-4.jpg\",\"datePublished\":\"2022-08-31T05:13:35+00:00\",\"dateModified\":\"2022-08-31T05:13:35+00:00\",\"breadcrumb\":{\"@id\":\"https:\/\/vosgesinfo.fr\/saintdieinfo\/2022\/08\/cinema-excelsior-ameliore-limage-de-seances\/#breadcrumb\"},\"inLanguage\":\"fr-FR\",\"potentialAction\":[{\"@type\":\"ReadAction\",\"target\":[\"https:\/\/vosgesinfo.fr\/saintdieinfo\/2022\/08\/cinema-excelsior-ameliore-limage-de-seances\/\"]}]},{\"@type\":\"ImageObject\",\"inLanguage\":\"fr-FR\",\"@id\":\"https:\/\/vosgesinfo.fr\/saintdieinfo\/2022\/08\/cinema-excelsior-ameliore-limage-de-seances\/#primaryimage\",\"url\":\"https:\/\/vosgesinfo.fr\/app\/uploads\/sites\/4\/2024\/08\/202208travaux-cinema-excelsior-4.jpg\",\"contentUrl\":\"https:\/\/vosgesinfo.fr\/app\/uploads\/sites\/4\/2024\/08\/202208travaux-cinema-excelsior-4.jpg\",\"width\":2048,\"height\":1536},{\"@type\":\"BreadcrumbList\",\"@id\":\"https:\/\/vosgesinfo.fr\/saintdieinfo\/2022\/08\/cinema-excelsior-ameliore-limage-de-seances\/#breadcrumb\",\"itemListElement\":[{\"@type\":\"ListItem\",\"position\":1,\"name\":\"Home\",\"item\":\"https:\/\/vosgesinfo.fr\/saintdieinfo\/\"},{\"@type\":\"ListItem\",\"position\":2,\"name\":\"Le cin\u00e9ma Excelsior am\u00e9liore le son et l&rsquo;image de ses s\u00e9ances\"}]},{\"@type\":\"WebSite\",\"@id\":\"https:\/\/vosgesinfo.fr\/saintdieinfo\/#website\",\"url\":\"https:\/\/vosgesinfo.fr\/saintdieinfo\/\",\"name\":\"Saint Die Info\",\"description\":\"Toute l&#039;actualit\u00e9 de Saint-Di\u00e9-Des-Vosges\",\"publisher\":{\"@id\":\"https:\/\/vosgesinfo.fr\/saintdieinfo\/#organization\"},\"alternateName\":\"Toute l'actualit\u00e9 de Saint-Di\u00e9-Des-Vosges\",\"potentialAction\":[{\"@type\":\"SearchAction\",\"target\":{\"@type\":\"EntryPoint\",\"urlTemplate\":\"https:\/\/vosgesinfo.fr\/saintdieinfo\/?s={search_term_string}\"},\"query-input\":\"required name=search_term_string\"}],\"inLanguage\":\"fr-FR\"},{\"@type\":\"Organization\",\"@id\":\"https:\/\/vosgesinfo.fr\/saintdieinfo\/#organization\",\"name\":\"Saint Die Info\",\"url\":\"https:\/\/vosgesinfo.fr\/saintdieinfo\/\",\"logo\":{\"@type\":\"ImageObject\",\"inLanguage\":\"fr-FR\",\"@id\":\"https:\/\/vosgesinfo.fr\/saintdieinfo\/#\/schema\/logo\/image\/\",\"url\":\"https:\/\/vosgesinfo.fr\/app\/uploads\/sites\/4\/2024\/02\/logo-sdi.jpg\",\"contentUrl\":\"https:\/\/vosgesinfo.fr\/app\/uploads\/sites\/4\/2024\/02\/logo-sdi.jpg\",\"width\":600,\"height\":600,\"caption\":\"Saint Die Info\"},\"image\":{\"@id\":\"https:\/\/vosgesinfo.fr\/saintdieinfo\/#\/schema\/logo\/image\/\"},\"sameAs\":[\"https:\/\/www.facebook.com\/Saintdieinfofr\",\"https:\/\/x.com\/VosgesInfo88\",\"https:\/\/www.youtube.com\/@vosgesinfo\"]},{\"@type\":\"Person\",\"@id\":\"https:\/\/vosgesinfo.fr\/saintdieinfo\/#\/schema\/person\/faee6704a21f3977511db84bd1cd450f\",\"name\":\"la r\u00e9daction\",\"image\":{\"@type\":\"ImageObject\",\"inLanguage\":\"fr-FR\",\"@id\":\"https:\/\/vosgesinfo.fr\/saintdieinfo\/#\/schema\/person\/image\/\",\"url\":\"https:\/\/secure.gravatar.com\/avatar\/6673d8bc6a9c17fa9a453eaa3448de834fa308c2ec9635b7aa99441a7c8d2cf6?s=96&d=mm&r=g\",\"contentUrl\":\"https:\/\/secure.gravatar.com\/avatar\/6673d8bc6a9c17fa9a453eaa3448de834fa308c2ec9635b7aa99441a7c8d2cf6?s=96&d=mm&r=g\",\"caption\":\"la r\u00e9daction\"},\"url\":\"https:\/\/vosgesinfo.fr\/saintdieinfo\/author\/redac\/\"}]}<\/script>\n<!-- \/ Yoast SEO plugin. -->","yoast_head_json":{"title":"Le cin\u00e9ma Excelsior am\u00e9liore le son et l'image de ses s\u00e9ances - Saint Die Info","robots":{"index":"index","follow":"follow","max-snippet":"max-snippet:-1","max-image-preview":"max-image-preview:large","max-video-preview":"max-video-preview:-1"},"canonical":"https:\/\/vosgesinfo.fr\/saintdieinfo\/2022\/08\/cinema-excelsior-ameliore-limage-de-seances\/","twitter_card":"summary_large_image","twitter_title":"Le cin\u00e9ma Excelsior am\u00e9liore le son et l'image de ses s\u00e9ances - Saint Die Info","twitter_description":"Les spectateurs des prochaines s\u00e9ances du cin\u00e9ma Excelsior de Saint-Di\u00e9-des-Vosges, situ\u00e9 \u00e0 l&rsquo;Espace Georges-Sadoul, vont pouvoir profiter d&rsquo;une meilleure qualit\u00e9 [&hellip;]","twitter_image":"https:\/\/vosgesinfo.fr\/app\/uploads\/sites\/4\/2024\/08\/202208travaux-cinema-excelsior-4.jpg","twitter_creator":"@VosgesInfo88","twitter_site":"@VosgesInfo88","twitter_misc":{"\u00c9crit par":"la r\u00e9daction","Dur\u00e9e de lecture estim\u00e9e":"2 minutes"},"schema":{"@context":"https:\/\/schema.org","@graph":[{"@type":"Article","@id":"https:\/\/vosgesinfo.fr\/saintdieinfo\/2022\/08\/cinema-excelsior-ameliore-limage-de-seances\/#article","isPartOf":{"@id":"https:\/\/vosgesinfo.fr\/saintdieinfo\/2022\/08\/cinema-excelsior-ameliore-limage-de-seances\/"},"author":{"name":"la r\u00e9daction","@id":"https:\/\/vosgesinfo.fr\/saintdieinfo\/#\/schema\/person\/faee6704a21f3977511db84bd1cd450f"},"headline":"Le cin\u00e9ma Excelsior am\u00e9liore le son et l&rsquo;image de ses s\u00e9ances","datePublished":"2022-08-31T05:13:35+00:00","dateModified":"2022-08-31T05:13:35+00:00","mainEntityOfPage":{"@id":"https:\/\/vosgesinfo.fr\/saintdieinfo\/2022\/08\/cinema-excelsior-ameliore-limage-de-seances\/"},"wordCount":423,"commentCount":0,"publisher":{"@id":"https:\/\/vosgesinfo.fr\/saintdieinfo\/#organization"},"image":{"@id":"https:\/\/vosgesinfo.fr\/saintdieinfo\/2022\/08\/cinema-excelsior-ameliore-limage-de-seances\/#primaryimage"},"thumbnailUrl":"https:\/\/vosgesinfo.fr\/app\/uploads\/sites\/4\/2024\/08\/202208travaux-cinema-excelsior-4.jpg","keywords":["Association Art&amp;Essai","Cin\u00e9ma Excelsior","Espace Georges-Sadoul"],"articleSection":["A la Une","Culture","Saint-Di\u00e9-des-Vosges et son Agglom\u00e9ration","Vie Associative"],"inLanguage":"fr-FR","potentialAction":[{"@type":"CommentAction","name":"Comment","target":["https:\/\/vosgesinfo.fr\/saintdieinfo\/2022\/08\/cinema-excelsior-ameliore-limage-de-seances\/#respond"]}]},{"@type":"WebPage","@id":"https:\/\/vosgesinfo.fr\/saintdieinfo\/2022\/08\/cinema-excelsior-ameliore-limage-de-seances\/","url":"https:\/\/vosgesinfo.fr\/saintdieinfo\/2022\/08\/cinema-excelsior-ameliore-limage-de-seances\/","name":"Le cin\u00e9ma Excelsior am\u00e9liore le son et l'image de ses s\u00e9ances - Saint Die Info","isPartOf":{"@id":"https:\/\/vosgesinfo.fr\/saintdieinfo\/#website"},"primaryImageOfPage":{"@id":"https:\/\/vosgesinfo.fr\/saintdieinfo\/2022\/08\/cinema-excelsior-ameliore-limage-de-seances\/#primaryimage"},"image":{"@id":"https:\/\/vosgesinfo.fr\/saintdieinfo\/2022\/08\/cinema-excelsior-ameliore-limage-de-seances\/#primaryimage"},"thumbnailUrl":"https:\/\/vosgesinfo.fr\/app\/uploads\/sites\/4\/2024\/08\/202208travaux-cinema-excelsior-4.jpg","datePublished":"2022-08-31T05:13:35+00:00","dateModified":"2022-08-31T05:13:35+00:00","breadcrumb":{"@id":"https:\/\/vosgesinfo.fr\/saintdieinfo\/2022\/08\/cinema-excelsior-ameliore-limage-de-seances\/#breadcrumb"},"inLanguage":"fr-FR","potentialAction":[{"@type":"ReadAction","target":["https:\/\/vosgesinfo.fr\/saintdieinfo\/2022\/08\/cinema-excelsior-ameliore-limage-de-seances\/"]}]},{"@type":"ImageObject","inLanguage":"fr-FR","@id":"https:\/\/vosgesinfo.fr\/saintdieinfo\/2022\/08\/cinema-excelsior-ameliore-limage-de-seances\/#primaryimage","url":"https:\/\/vosgesinfo.fr\/app\/uploads\/sites\/4\/2024\/08\/202208travaux-cinema-excelsior-4.jpg","contentUrl":"https:\/\/vosgesinfo.fr\/app\/uploads\/sites\/4\/2024\/08\/202208travaux-cinema-excelsior-4.jpg","width":2048,"height":1536},{"@type":"BreadcrumbList","@id":"https:\/\/vosgesinfo.fr\/saintdieinfo\/2022\/08\/cinema-excelsior-ameliore-limage-de-seances\/#breadcrumb","itemListElement":[{"@type":"ListItem","position":1,"name":"Home","item":"https:\/\/vosgesinfo.fr\/saintdieinfo\/"},{"@type":"ListItem","position":2,"name":"Le cin\u00e9ma Excelsior am\u00e9liore le son et l&rsquo;image de ses s\u00e9ances"}]},{"@type":"WebSite","@id":"https:\/\/vosgesinfo.fr\/saintdieinfo\/#website","url":"https:\/\/vosgesinfo.fr\/saintdieinfo\/","name":"Saint Die Info","description":"Toute l&#039;actualit\u00e9 de Saint-Di\u00e9-Des-Vosges","publisher":{"@id":"https:\/\/vosgesinfo.fr\/saintdieinfo\/#organization"},"alternateName":"Toute l'actualit\u00e9 de Saint-Di\u00e9-Des-Vosges","potentialAction":[{"@type":"SearchAction","target":{"@type":"EntryPoint","urlTemplate":"https:\/\/vosgesinfo.fr\/saintdieinfo\/?s={search_term_string}"},"query-input":"required name=search_term_string"}],"inLanguage":"fr-FR"},{"@type":"Organization","@id":"https:\/\/vosgesinfo.fr\/saintdieinfo\/#organization","name":"Saint Die Info","url":"https:\/\/vosgesinfo.fr\/saintdieinfo\/","logo":{"@type":"ImageObject","inLanguage":"fr-FR","@id":"https:\/\/vosgesinfo.fr\/saintdieinfo\/#\/schema\/logo\/image\/","url":"https:\/\/vosgesinfo.fr\/app\/uploads\/sites\/4\/2024\/02\/logo-sdi.jpg","contentUrl":"https:\/\/vosgesinfo.fr\/app\/uploads\/sites\/4\/2024\/02\/logo-sdi.jpg","width":600,"height":600,"caption":"Saint Die Info"},"image":{"@id":"https:\/\/vosgesinfo.fr\/saintdieinfo\/#\/schema\/logo\/image\/"},"sameAs":["https:\/\/www.facebook.com\/Saintdieinfofr","https:\/\/x.com\/VosgesInfo88","https:\/\/www.youtube.com\/@vosgesinfo"]},{"@type":"Person","@id":"https:\/\/vosgesinfo.fr\/saintdieinfo\/#\/schema\/person\/faee6704a21f3977511db84bd1cd450f","name":"la r\u00e9daction","image":{"@type":"ImageObject","inLanguage":"fr-FR","@id":"https:\/\/vosgesinfo.fr\/saintdieinfo\/#\/schema\/person\/image\/","url":"https:\/\/secure.gravatar.com\/avatar\/6673d8bc6a9c17fa9a453eaa3448de834fa308c2ec9635b7aa99441a7c8d2cf6?s=96&d=mm&r=g","contentUrl":"https:\/\/secure.gravatar.com\/avatar\/6673d8bc6a9c17fa9a453eaa3448de834fa308c2ec9635b7aa99441a7c8d2cf6?s=96&d=mm&r=g","caption":"la r\u00e9daction"},"url":"https:\/\/vosgesinfo.fr\/saintdieinfo\/author\/redac\/"}]}},"_links":{"self":[{"href":"https:\/\/vosgesinfo.fr\/saintdieinfo\/wp-json\/wp\/v2\/posts\/57054","targetHints":{"allow":["GET"]}}],"collection":[{"href":"https:\/\/vosgesinfo.fr\/saintdieinfo\/wp-json\/wp\/v2\/posts"}],"about":[{"href":"https:\/\/vosgesinfo.fr\/saintdieinfo\/wp-json\/wp\/v2\/types\/post"}],"author":[{"embeddable":true,"href":"https:\/\/vosgesinfo.fr\/saintdieinfo\/wp-json\/wp\/v2\/users\/44"}],"replies":[{"embeddable":true,"href":"https:\/\/vosgesinfo.fr\/saintdieinfo\/wp-json\/wp\/v2\/comments?post=57054"}],"version-history":[{"count":0,"href":"https:\/\/vosgesinfo.fr\/saintdieinfo\/wp-json\/wp\/v2\/posts\/57054\/revisions"}],"wp:featuredmedia":[{"embeddable":true,"href":"https:\/\/vosgesinfo.fr\/saintdieinfo\/wp-json\/wp\/v2\/media\/57055"}],"wp:attachment":[{"href":"https:\/\/vosgesinfo.fr\/saintdieinfo\/wp-json\/wp\/v2\/media?parent=57054"}],"wp:term":[{"taxonomy":"category","embeddable":true,"href":"https:\/\/vosgesinfo.fr\/saintdieinfo\/wp-json\/wp\/v2\/categories?post=57054"},{"taxonomy":"post_tag","embeddable":true,"href":"https:\/\/vosgesinfo.fr\/saintdieinfo\/wp-json\/wp\/v2\/tags?post=57054"}],"curies":[{"name":"wp","href":"https:\/\/api.w.org\/{rel}","templated":true}]}}