{"id":57068,"date":"2022-08-31T07:50:29","date_gmt":"2022-08-31T05:50:29","guid":{"rendered":"https:\/\/vosgesinfo.fr\/saintdieinfo\/2022\/08\/raon-letape-police-municipale-lutte-contre-depots-sauvages-dordures\/"},"modified":"2022-08-31T07:50:29","modified_gmt":"2022-08-31T05:50:29","slug":"raon-letape-police-municipale-lutte-contre-depots-sauvages-dordures","status":"publish","type":"post","link":"https:\/\/vosgesinfo.fr\/saintdieinfo\/2022\/08\/raon-letape-police-municipale-lutte-contre-depots-sauvages-dordures\/","title":{"rendered":"Raon-l&rsquo;Etape \u2013 La Police Municipale lutte contre les d\u00e9p\u00f4ts sauvages d&rsquo;ordures"},"content":{"rendered":"<div id=\"attachment_189013\" style=\"width: 778px\" class=\"wp-caption aligncenter\"><a href=\"\/2022\/08\/Raon-lEtape-D\u00e9p\u00f4ts_Sauvages.jpg\" target=\"_blank\" rel=\"noopener\"><img decoding=\"async\" aria-describedby=\"caption-attachment-189013\" class=\"wp-image-189013 size-large\" src=\"\/2022\/08\/Raon-lEtape-D\u00e9p\u00f4ts_Sauvages-768x1024.jpg\" alt=\"Raon-l'Etape-D\u00e9p\u00f4ts_Sauvages\" width=\"768\" height=\"1024\" \/><\/a><p id=\"caption-attachment-189013\" class=\"wp-caption-text\">(Photographie Police Municipale de Raon-l&rsquo;Etape)<\/p><\/div>\n<h2><strong><span style=\"font-size: 14pt;\">Tout comme Saint-Di\u00e9-des-Vosges, la commune de Raon-l&rsquo;Etape n&rsquo;est pas \u00e9pargn\u00e9e par les d\u00e9p\u00f4ts sauvages d&rsquo;ordures. Et tout comme \u00e0 Saint-Di\u00e9-des-Vosges (<a href=\"https:\/\/saintdieinfo.fr\/2022\/08\/saint-die-vosges-decide-de-sevir-contre-depots-sauvages-de-dechets\/\" target=\"_blank\" rel=\"noopener\">lire notre article<\/a>), il a \u00e9t\u00e9 d\u00e9cid\u00e9 de lutter contre ces incivilit\u00e9s.<\/span><\/strong><\/h2>\n<p><!--more--><\/p>\n<p>La Police Municipale raonnaise a ainsi annonc\u00e9 hier mardi que ses cam\u00e9ras allaient \u00eatre d\u00e9plac\u00e9es afin de pouvoir identifier les auteurs des d\u00e9p\u00f4ts. Et de pr\u00e9ciser \u00e0 ce propos\u00a0: \u00ab\u00a0M\u00eame si des efforts sont constat\u00e9s dans certains quartiers de la ville, d&rsquo;autres ne sont pas \u00e9pargn\u00e9s par les d\u00e9p\u00f4ts sauvages. A savoir que le fait de d\u00e9poser des d\u00e9chets sur la voie publique, vous vous exposez \u00e0 une contravention de 135\u20ac. Et si vous d\u00e9posez \u00e0 l&rsquo;aide de votre v\u00e9hicule, cette contravention s&rsquo;\u00e9l\u00e8vera alors \u00e0 1500\u20ac. Cela vaut pour tout type de d\u00e9chet. Pour rappel, les sacs poubelles doivent \u00eatre mis dans les conteneurs ou abri bac pour \u00eatre collect\u00e9s. Les sacs jaunes doivent \u00eatre sortis la veille du ramassage, apr\u00e8s 18 heures.\u00a0\u00bb<\/p>\n<p>J.J.<\/p>\n","protected":false},"excerpt":{"rendered":"<p>Tout comme Saint-Di\u00e9-des-Vosges, la commune de Raon-l&rsquo;Etape n&rsquo;est pas \u00e9pargn\u00e9e par les d\u00e9p\u00f4ts sauvages d&rsquo;ordures. Et tout comme \u00e0 Saint-Di\u00e9-des-Vosges [&hellip;]<\/p>\n","protected":false},"author":44,"featured_media":57069,"comment_status":"open","ping_status":"open","sticky":false,"template":"","format":"standard","meta":{"footnotes":""},"categories":[460,2915],"tags":[12401,3733,2654],"class_list":["post-57068","post","type-post","status-publish","format-standard","has-post-thumbnail","hentry","category-a-la-une","category-saint-die-son-canton","tag-depots-sauvages-dordures","tag-police-municipale-de-raon-letape","tag-raon-letape"],"acf":[],"yoast_head":"<!-- This site is optimized with the Yoast SEO plugin v22.5 - https:\/\/yoast.com\/wordpress\/plugins\/seo\/ -->\n<title>Raon-l&#039;Etape \u2013 La Police Municipale lutte contre les d\u00e9p\u00f4ts sauvages d&#039;ordures - Saint Die Info<\/title>\n<meta name=\"robots\" content=\"index, follow, max-snippet:-1, max-image-preview:large, max-video-preview:-1\" \/>\n<link rel=\"canonical\" href=\"https:\/\/vosgesinfo.fr\/saintdieinfo\/2022\/08\/raon-letape-police-municipale-lutte-contre-depots-sauvages-dordures\/\" \/>\n<meta name=\"twitter:card\" content=\"summary_large_image\" \/>\n<meta name=\"twitter:title\" content=\"Raon-l&#039;Etape \u2013 La Police Municipale lutte contre les d\u00e9p\u00f4ts sauvages d&#039;ordures - Saint Die Info\" \/>\n<meta name=\"twitter:description\" content=\"Tout comme Saint-Di\u00e9-des-Vosges, la commune de Raon-l&rsquo;Etape n&rsquo;est pas \u00e9pargn\u00e9e par les d\u00e9p\u00f4ts sauvages d&rsquo;ordures. Et tout comme \u00e0 Saint-Di\u00e9-des-Vosges [&hellip;]\" \/>\n<meta name=\"twitter:image\" content=\"https:\/\/vosgesinfo.fr\/app\/uploads\/sites\/4\/2024\/08\/202208raon-letape-depots-sauvages.jpg\" \/>\n<meta name=\"twitter:creator\" content=\"@VosgesInfo88\" \/>\n<meta name=\"twitter:site\" content=\"@VosgesInfo88\" \/>\n<meta name=\"twitter:label1\" content=\"\u00c9crit par\" \/>\n\t<meta name=\"twitter:data1\" content=\"la r\u00e9daction\" \/>\n\t<meta name=\"twitter:label2\" content=\"Dur\u00e9e de lecture estim\u00e9e\" \/>\n\t<meta name=\"twitter:data2\" content=\"1 minute\" \/>\n<script type=\"application\/ld+json\" class=\"yoast-schema-graph\">{\"@context\":\"https:\/\/schema.org\",\"@graph\":[{\"@type\":\"Article\",\"@id\":\"https:\/\/vosgesinfo.fr\/saintdieinfo\/2022\/08\/raon-letape-police-municipale-lutte-contre-depots-sauvages-dordures\/#article\",\"isPartOf\":{\"@id\":\"https:\/\/vosgesinfo.fr\/saintdieinfo\/2022\/08\/raon-letape-police-municipale-lutte-contre-depots-sauvages-dordures\/\"},\"author\":{\"name\":\"la r\u00e9daction\",\"@id\":\"https:\/\/vosgesinfo.fr\/saintdieinfo\/#\/schema\/person\/faee6704a21f3977511db84bd1cd450f\"},\"headline\":\"Raon-l&rsquo;Etape \u2013 La Police Municipale lutte contre les d\u00e9p\u00f4ts sauvages d&rsquo;ordures\",\"datePublished\":\"2022-08-31T05:50:29+00:00\",\"dateModified\":\"2022-08-31T05:50:29+00:00\",\"mainEntityOfPage\":{\"@id\":\"https:\/\/vosgesinfo.fr\/saintdieinfo\/2022\/08\/raon-letape-police-municipale-lutte-contre-depots-sauvages-dordures\/\"},\"wordCount\":208,\"commentCount\":0,\"publisher\":{\"@id\":\"https:\/\/vosgesinfo.fr\/saintdieinfo\/#organization\"},\"image\":{\"@id\":\"https:\/\/vosgesinfo.fr\/saintdieinfo\/2022\/08\/raon-letape-police-municipale-lutte-contre-depots-sauvages-dordures\/#primaryimage\"},\"thumbnailUrl\":\"https:\/\/vosgesinfo.fr\/app\/uploads\/sites\/4\/2024\/08\/202208raon-letape-depots-sauvages.jpg\",\"keywords\":[\"D\u00e9p\u00f4ts sauvages d'ordures\",\"Police Municipale de Raon l'Etape\",\"Raon-l\u2019Etape\"],\"articleSection\":[\"A la Une\",\"Saint-Di\u00e9-des-Vosges et son Agglom\u00e9ration\"],\"inLanguage\":\"fr-FR\",\"potentialAction\":[{\"@type\":\"CommentAction\",\"name\":\"Comment\",\"target\":[\"https:\/\/vosgesinfo.fr\/saintdieinfo\/2022\/08\/raon-letape-police-municipale-lutte-contre-depots-sauvages-dordures\/#respond\"]}]},{\"@type\":\"WebPage\",\"@id\":\"https:\/\/vosgesinfo.fr\/saintdieinfo\/2022\/08\/raon-letape-police-municipale-lutte-contre-depots-sauvages-dordures\/\",\"url\":\"https:\/\/vosgesinfo.fr\/saintdieinfo\/2022\/08\/raon-letape-police-municipale-lutte-contre-depots-sauvages-dordures\/\",\"name\":\"Raon-l'Etape \u2013 La Police Municipale lutte contre les d\u00e9p\u00f4ts sauvages d'ordures - Saint Die Info\",\"isPartOf\":{\"@id\":\"https:\/\/vosgesinfo.fr\/saintdieinfo\/#website\"},\"primaryImageOfPage\":{\"@id\":\"https:\/\/vosgesinfo.fr\/saintdieinfo\/2022\/08\/raon-letape-police-municipale-lutte-contre-depots-sauvages-dordures\/#primaryimage\"},\"image\":{\"@id\":\"https:\/\/vosgesinfo.fr\/saintdieinfo\/2022\/08\/raon-letape-police-municipale-lutte-contre-depots-sauvages-dordures\/#primaryimage\"},\"thumbnailUrl\":\"https:\/\/vosgesinfo.fr\/app\/uploads\/sites\/4\/2024\/08\/202208raon-letape-depots-sauvages.jpg\",\"datePublished\":\"2022-08-31T05:50:29+00:00\",\"dateModified\":\"2022-08-31T05:50:29+00:00\",\"breadcrumb\":{\"@id\":\"https:\/\/vosgesinfo.fr\/saintdieinfo\/2022\/08\/raon-letape-police-municipale-lutte-contre-depots-sauvages-dordures\/#breadcrumb\"},\"inLanguage\":\"fr-FR\",\"potentialAction\":[{\"@type\":\"ReadAction\",\"target\":[\"https:\/\/vosgesinfo.fr\/saintdieinfo\/2022\/08\/raon-letape-police-municipale-lutte-contre-depots-sauvages-dordures\/\"]}]},{\"@type\":\"ImageObject\",\"inLanguage\":\"fr-FR\",\"@id\":\"https:\/\/vosgesinfo.fr\/saintdieinfo\/2022\/08\/raon-letape-police-municipale-lutte-contre-depots-sauvages-dordures\/#primaryimage\",\"url\":\"https:\/\/vosgesinfo.fr\/app\/uploads\/sites\/4\/2024\/08\/202208raon-letape-depots-sauvages.jpg\",\"contentUrl\":\"https:\/\/vosgesinfo.fr\/app\/uploads\/sites\/4\/2024\/08\/202208raon-letape-depots-sauvages.jpg\",\"width\":1536,\"height\":2048},{\"@type\":\"BreadcrumbList\",\"@id\":\"https:\/\/vosgesinfo.fr\/saintdieinfo\/2022\/08\/raon-letape-police-municipale-lutte-contre-depots-sauvages-dordures\/#breadcrumb\",\"itemListElement\":[{\"@type\":\"ListItem\",\"position\":1,\"name\":\"Home\",\"item\":\"https:\/\/vosgesinfo.fr\/saintdieinfo\/\"},{\"@type\":\"ListItem\",\"position\":2,\"name\":\"Raon-l&rsquo;Etape \u2013 La Police Municipale lutte contre les d\u00e9p\u00f4ts sauvages d&rsquo;ordures\"}]},{\"@type\":\"WebSite\",\"@id\":\"https:\/\/vosgesinfo.fr\/saintdieinfo\/#website\",\"url\":\"https:\/\/vosgesinfo.fr\/saintdieinfo\/\",\"name\":\"Saint Die Info\",\"description\":\"Toute l&#039;actualit\u00e9 de Saint-Di\u00e9-Des-Vosges\",\"publisher\":{\"@id\":\"https:\/\/vosgesinfo.fr\/saintdieinfo\/#organization\"},\"alternateName\":\"Toute l'actualit\u00e9 de Saint-Di\u00e9-Des-Vosges\",\"potentialAction\":[{\"@type\":\"SearchAction\",\"target\":{\"@type\":\"EntryPoint\",\"urlTemplate\":\"https:\/\/vosgesinfo.fr\/saintdieinfo\/?s={search_term_string}\"},\"query-input\":\"required name=search_term_string\"}],\"inLanguage\":\"fr-FR\"},{\"@type\":\"Organization\",\"@id\":\"https:\/\/vosgesinfo.fr\/saintdieinfo\/#organization\",\"name\":\"Saint Die Info\",\"url\":\"https:\/\/vosgesinfo.fr\/saintdieinfo\/\",\"logo\":{\"@type\":\"ImageObject\",\"inLanguage\":\"fr-FR\",\"@id\":\"https:\/\/vosgesinfo.fr\/saintdieinfo\/#\/schema\/logo\/image\/\",\"url\":\"https:\/\/vosgesinfo.fr\/app\/uploads\/sites\/4\/2024\/02\/logo-sdi.jpg\",\"contentUrl\":\"https:\/\/vosgesinfo.fr\/app\/uploads\/sites\/4\/2024\/02\/logo-sdi.jpg\",\"width\":600,\"height\":600,\"caption\":\"Saint Die Info\"},\"image\":{\"@id\":\"https:\/\/vosgesinfo.fr\/saintdieinfo\/#\/schema\/logo\/image\/\"},\"sameAs\":[\"https:\/\/www.facebook.com\/Saintdieinfofr\",\"https:\/\/x.com\/VosgesInfo88\",\"https:\/\/www.youtube.com\/@vosgesinfo\"]},{\"@type\":\"Person\",\"@id\":\"https:\/\/vosgesinfo.fr\/saintdieinfo\/#\/schema\/person\/faee6704a21f3977511db84bd1cd450f\",\"name\":\"la r\u00e9daction\",\"image\":{\"@type\":\"ImageObject\",\"inLanguage\":\"fr-FR\",\"@id\":\"https:\/\/vosgesinfo.fr\/saintdieinfo\/#\/schema\/person\/image\/\",\"url\":\"https:\/\/secure.gravatar.com\/avatar\/6673d8bc6a9c17fa9a453eaa3448de834fa308c2ec9635b7aa99441a7c8d2cf6?s=96&d=mm&r=g\",\"contentUrl\":\"https:\/\/secure.gravatar.com\/avatar\/6673d8bc6a9c17fa9a453eaa3448de834fa308c2ec9635b7aa99441a7c8d2cf6?s=96&d=mm&r=g\",\"caption\":\"la r\u00e9daction\"},\"url\":\"https:\/\/vosgesinfo.fr\/saintdieinfo\/author\/redac\/\"}]}<\/script>\n<!-- \/ Yoast SEO plugin. -->","yoast_head_json":{"title":"Raon-l'Etape \u2013 La Police Municipale lutte contre les d\u00e9p\u00f4ts sauvages d'ordures - Saint Die Info","robots":{"index":"index","follow":"follow","max-snippet":"max-snippet:-1","max-image-preview":"max-image-preview:large","max-video-preview":"max-video-preview:-1"},"canonical":"https:\/\/vosgesinfo.fr\/saintdieinfo\/2022\/08\/raon-letape-police-municipale-lutte-contre-depots-sauvages-dordures\/","twitter_card":"summary_large_image","twitter_title":"Raon-l'Etape \u2013 La Police Municipale lutte contre les d\u00e9p\u00f4ts sauvages d'ordures - Saint Die Info","twitter_description":"Tout comme Saint-Di\u00e9-des-Vosges, la commune de Raon-l&rsquo;Etape n&rsquo;est pas \u00e9pargn\u00e9e par les d\u00e9p\u00f4ts sauvages d&rsquo;ordures. Et tout comme \u00e0 Saint-Di\u00e9-des-Vosges [&hellip;]","twitter_image":"https:\/\/vosgesinfo.fr\/app\/uploads\/sites\/4\/2024\/08\/202208raon-letape-depots-sauvages.jpg","twitter_creator":"@VosgesInfo88","twitter_site":"@VosgesInfo88","twitter_misc":{"\u00c9crit par":"la r\u00e9daction","Dur\u00e9e de lecture estim\u00e9e":"1 minute"},"schema":{"@context":"https:\/\/schema.org","@graph":[{"@type":"Article","@id":"https:\/\/vosgesinfo.fr\/saintdieinfo\/2022\/08\/raon-letape-police-municipale-lutte-contre-depots-sauvages-dordures\/#article","isPartOf":{"@id":"https:\/\/vosgesinfo.fr\/saintdieinfo\/2022\/08\/raon-letape-police-municipale-lutte-contre-depots-sauvages-dordures\/"},"author":{"name":"la r\u00e9daction","@id":"https:\/\/vosgesinfo.fr\/saintdieinfo\/#\/schema\/person\/faee6704a21f3977511db84bd1cd450f"},"headline":"Raon-l&rsquo;Etape \u2013 La Police Municipale lutte contre les d\u00e9p\u00f4ts sauvages d&rsquo;ordures","datePublished":"2022-08-31T05:50:29+00:00","dateModified":"2022-08-31T05:50:29+00:00","mainEntityOfPage":{"@id":"https:\/\/vosgesinfo.fr\/saintdieinfo\/2022\/08\/raon-letape-police-municipale-lutte-contre-depots-sauvages-dordures\/"},"wordCount":208,"commentCount":0,"publisher":{"@id":"https:\/\/vosgesinfo.fr\/saintdieinfo\/#organization"},"image":{"@id":"https:\/\/vosgesinfo.fr\/saintdieinfo\/2022\/08\/raon-letape-police-municipale-lutte-contre-depots-sauvages-dordures\/#primaryimage"},"thumbnailUrl":"https:\/\/vosgesinfo.fr\/app\/uploads\/sites\/4\/2024\/08\/202208raon-letape-depots-sauvages.jpg","keywords":["D\u00e9p\u00f4ts sauvages d'ordures","Police Municipale de Raon l'Etape","Raon-l\u2019Etape"],"articleSection":["A la Une","Saint-Di\u00e9-des-Vosges et son Agglom\u00e9ration"],"inLanguage":"fr-FR","potentialAction":[{"@type":"CommentAction","name":"Comment","target":["https:\/\/vosgesinfo.fr\/saintdieinfo\/2022\/08\/raon-letape-police-municipale-lutte-contre-depots-sauvages-dordures\/#respond"]}]},{"@type":"WebPage","@id":"https:\/\/vosgesinfo.fr\/saintdieinfo\/2022\/08\/raon-letape-police-municipale-lutte-contre-depots-sauvages-dordures\/","url":"https:\/\/vosgesinfo.fr\/saintdieinfo\/2022\/08\/raon-letape-police-municipale-lutte-contre-depots-sauvages-dordures\/","name":"Raon-l'Etape \u2013 La Police Municipale lutte contre les d\u00e9p\u00f4ts sauvages d'ordures - Saint Die Info","isPartOf":{"@id":"https:\/\/vosgesinfo.fr\/saintdieinfo\/#website"},"primaryImageOfPage":{"@id":"https:\/\/vosgesinfo.fr\/saintdieinfo\/2022\/08\/raon-letape-police-municipale-lutte-contre-depots-sauvages-dordures\/#primaryimage"},"image":{"@id":"https:\/\/vosgesinfo.fr\/saintdieinfo\/2022\/08\/raon-letape-police-municipale-lutte-contre-depots-sauvages-dordures\/#primaryimage"},"thumbnailUrl":"https:\/\/vosgesinfo.fr\/app\/uploads\/sites\/4\/2024\/08\/202208raon-letape-depots-sauvages.jpg","datePublished":"2022-08-31T05:50:29+00:00","dateModified":"2022-08-31T05:50:29+00:00","breadcrumb":{"@id":"https:\/\/vosgesinfo.fr\/saintdieinfo\/2022\/08\/raon-letape-police-municipale-lutte-contre-depots-sauvages-dordures\/#breadcrumb"},"inLanguage":"fr-FR","potentialAction":[{"@type":"ReadAction","target":["https:\/\/vosgesinfo.fr\/saintdieinfo\/2022\/08\/raon-letape-police-municipale-lutte-contre-depots-sauvages-dordures\/"]}]},{"@type":"ImageObject","inLanguage":"fr-FR","@id":"https:\/\/vosgesinfo.fr\/saintdieinfo\/2022\/08\/raon-letape-police-municipale-lutte-contre-depots-sauvages-dordures\/#primaryimage","url":"https:\/\/vosgesinfo.fr\/app\/uploads\/sites\/4\/2024\/08\/202208raon-letape-depots-sauvages.jpg","contentUrl":"https:\/\/vosgesinfo.fr\/app\/uploads\/sites\/4\/2024\/08\/202208raon-letape-depots-sauvages.jpg","width":1536,"height":2048},{"@type":"BreadcrumbList","@id":"https:\/\/vosgesinfo.fr\/saintdieinfo\/2022\/08\/raon-letape-police-municipale-lutte-contre-depots-sauvages-dordures\/#breadcrumb","itemListElement":[{"@type":"ListItem","position":1,"name":"Home","item":"https:\/\/vosgesinfo.fr\/saintdieinfo\/"},{"@type":"ListItem","position":2,"name":"Raon-l&rsquo;Etape \u2013 La Police Municipale lutte contre les d\u00e9p\u00f4ts sauvages d&rsquo;ordures"}]},{"@type":"WebSite","@id":"https:\/\/vosgesinfo.fr\/saintdieinfo\/#website","url":"https:\/\/vosgesinfo.fr\/saintdieinfo\/","name":"Saint Die Info","description":"Toute l&#039;actualit\u00e9 de Saint-Di\u00e9-Des-Vosges","publisher":{"@id":"https:\/\/vosgesinfo.fr\/saintdieinfo\/#organization"},"alternateName":"Toute l'actualit\u00e9 de Saint-Di\u00e9-Des-Vosges","potentialAction":[{"@type":"SearchAction","target":{"@type":"EntryPoint","urlTemplate":"https:\/\/vosgesinfo.fr\/saintdieinfo\/?s={search_term_string}"},"query-input":"required name=search_term_string"}],"inLanguage":"fr-FR"},{"@type":"Organization","@id":"https:\/\/vosgesinfo.fr\/saintdieinfo\/#organization","name":"Saint Die Info","url":"https:\/\/vosgesinfo.fr\/saintdieinfo\/","logo":{"@type":"ImageObject","inLanguage":"fr-FR","@id":"https:\/\/vosgesinfo.fr\/saintdieinfo\/#\/schema\/logo\/image\/","url":"https:\/\/vosgesinfo.fr\/app\/uploads\/sites\/4\/2024\/02\/logo-sdi.jpg","contentUrl":"https:\/\/vosgesinfo.fr\/app\/uploads\/sites\/4\/2024\/02\/logo-sdi.jpg","width":600,"height":600,"caption":"Saint Die Info"},"image":{"@id":"https:\/\/vosgesinfo.fr\/saintdieinfo\/#\/schema\/logo\/image\/"},"sameAs":["https:\/\/www.facebook.com\/Saintdieinfofr","https:\/\/x.com\/VosgesInfo88","https:\/\/www.youtube.com\/@vosgesinfo"]},{"@type":"Person","@id":"https:\/\/vosgesinfo.fr\/saintdieinfo\/#\/schema\/person\/faee6704a21f3977511db84bd1cd450f","name":"la r\u00e9daction","image":{"@type":"ImageObject","inLanguage":"fr-FR","@id":"https:\/\/vosgesinfo.fr\/saintdieinfo\/#\/schema\/person\/image\/","url":"https:\/\/secure.gravatar.com\/avatar\/6673d8bc6a9c17fa9a453eaa3448de834fa308c2ec9635b7aa99441a7c8d2cf6?s=96&d=mm&r=g","contentUrl":"https:\/\/secure.gravatar.com\/avatar\/6673d8bc6a9c17fa9a453eaa3448de834fa308c2ec9635b7aa99441a7c8d2cf6?s=96&d=mm&r=g","caption":"la r\u00e9daction"},"url":"https:\/\/vosgesinfo.fr\/saintdieinfo\/author\/redac\/"}]}},"_links":{"self":[{"href":"https:\/\/vosgesinfo.fr\/saintdieinfo\/wp-json\/wp\/v2\/posts\/57068","targetHints":{"allow":["GET"]}}],"collection":[{"href":"https:\/\/vosgesinfo.fr\/saintdieinfo\/wp-json\/wp\/v2\/posts"}],"about":[{"href":"https:\/\/vosgesinfo.fr\/saintdieinfo\/wp-json\/wp\/v2\/types\/post"}],"author":[{"embeddable":true,"href":"https:\/\/vosgesinfo.fr\/saintdieinfo\/wp-json\/wp\/v2\/users\/44"}],"replies":[{"embeddable":true,"href":"https:\/\/vosgesinfo.fr\/saintdieinfo\/wp-json\/wp\/v2\/comments?post=57068"}],"version-history":[{"count":0,"href":"https:\/\/vosgesinfo.fr\/saintdieinfo\/wp-json\/wp\/v2\/posts\/57068\/revisions"}],"wp:featuredmedia":[{"embeddable":true,"href":"https:\/\/vosgesinfo.fr\/saintdieinfo\/wp-json\/wp\/v2\/media\/57069"}],"wp:attachment":[{"href":"https:\/\/vosgesinfo.fr\/saintdieinfo\/wp-json\/wp\/v2\/media?parent=57068"}],"wp:term":[{"taxonomy":"category","embeddable":true,"href":"https:\/\/vosgesinfo.fr\/saintdieinfo\/wp-json\/wp\/v2\/categories?post=57068"},{"taxonomy":"post_tag","embeddable":true,"href":"https:\/\/vosgesinfo.fr\/saintdieinfo\/wp-json\/wp\/v2\/tags?post=57068"}],"curies":[{"name":"wp","href":"https:\/\/api.w.org\/{rel}","templated":true}]}}