{"id":57072,"date":"2022-08-31T11:24:12","date_gmt":"2022-08-31T09:24:12","guid":{"rendered":"https:\/\/vosgesinfo.fr\/saintdieinfo\/2022\/08\/solidarite-envers-deplaces-ukrainiens-se-poursuit-vosges\/"},"modified":"2022-08-31T11:24:12","modified_gmt":"2022-08-31T09:24:12","slug":"solidarite-envers-deplaces-ukrainiens-se-poursuit-vosges","status":"publish","type":"post","link":"https:\/\/vosgesinfo.fr\/saintdieinfo\/2022\/08\/solidarite-envers-deplaces-ukrainiens-se-poursuit-vosges\/","title":{"rendered":"La solidarit\u00e9 envers les d\u00e9plac\u00e9s ukrainiens se poursuit dans les Vosges"},"content":{"rendered":"<div id=\"attachment_189019\" style=\"width: 970px\" class=\"wp-caption aligncenter\"><a href=\"\/2022\/08\/Accueil_D\u00e9plac\u00e9s_Ukrainiens-1.jpg\" target=\"_blank\" rel=\"noopener\"><img decoding=\"async\" aria-describedby=\"caption-attachment-189019\" class=\"wp-image-189019 size-large\" src=\"\/2022\/08\/Accueil_D\u00e9plac\u00e9s_Ukrainiens-1-1024x771.jpg\" alt=\"Accueil_D\u00e9plac\u00e9s_Ukrainiens (1)\" width=\"960\" height=\"723\" \/><\/a><p id=\"caption-attachment-189019\" class=\"wp-caption-text\">Le maire de Saint-Di\u00e9-des-Vosges Bruno Toussaint et la sous-pr\u00e9f\u00e8te Carole Dabrigeon (2e en partant de la gauche) ont rencontr\u00e9 ce mercredi matin des d\u00e9plac\u00e9s ukrainiens arriv\u00e9s ces derniers jours dans les Vosges.<\/p><\/div>\n<h2><strong><span style=\"font-size: 14pt;\">Suite \u00e0 l&rsquo;invasion de l&rsquo;Ukraine par l&rsquo;arm\u00e9e russe, le 24 f\u00e9vrier dernier, une grande cha\u00eene de solidarit\u00e9 s&rsquo;est mise en place dans les Vosges pour aider les d\u00e9plac\u00e9s ukrainiens, en grande majorit\u00e9 des femmes et leurs enfants.<\/span><\/strong><\/h2>\n<p><!--more--><\/p>\n<p>On pense notamment \u00e0 la mise en place par la Pr\u00e9fecture d&rsquo;un guichet unique pour les aider \u00e0 s&rsquo;int\u00e9grer en France et dans le d\u00e9partement (<a href=\"https:\/\/saintdieinfo.fr\/2022\/05\/500-deplaces-ukrainiens-actuellement-accueillis-vosges\/\" target=\"_blank\" rel=\"noopener\">lire notre article<\/a>), ou \u00e0 l&rsquo;organisation de collectes solidaires comme ce fut le cas \u00e0 Saint-Di\u00e9-des-Vosges, \u00e0 l&rsquo;initiative de la Mairie (<a href=\"https:\/\/saintdieinfo.fr\/2022\/03\/cette-semaine-ville-de-saint-die-de-vosges-organise-collecte-de-produits-de-premiere-necessite-lukraine\/\" target=\"_blank\" rel=\"noopener\">lire notre article<\/a>) et des H\u00f4pitaux du Massif des Vosges (<a href=\"https:\/\/saintdieinfo.fr\/2022\/03\/hopitaux-massif-vosges-envoient-materiel-medical-ukraine\/\" target=\"_blank\" rel=\"noopener\">lire notre article<\/a>). Une solidarit\u00e9 qui est possible gr\u00e2ce \u00e0 la mobilisation de diff\u00e9rents et nombreux acteurs, dont la Croix Rouge Fran\u00e7aise, l&rsquo;association Coallia, l&rsquo;Education Nationale, le GRETA Lorraine-Sud, l&rsquo;ARS Grand Est, les Communes et les services de l&rsquo;Etat, comme la Direction D\u00e9partementale de la Coh\u00e9sion Sociale et de la Protection des Populations \u2013 DDCSPP.<\/p>\n<p>Cette solidarit\u00e9 se poursuit 6 mois apr\u00e8s le d\u00e9but du conflit, avec l&rsquo;accueil dans la cit\u00e9 d\u00e9odatienne d&rsquo;une trentaine de d\u00e9plac\u00e9s ukrainiens, 5 familles dont 11 mineurs. Ils sont arriv\u00e9s en d\u00e9but de semaine dans les Vosges, \u00e0 Epinal. Depuis ce mercredi, ils logent \u00e0 l&rsquo;h\u00f4tel Formule 1 de la zone Hellieule, le temps de quelques jours en attendant qu&rsquo;une meilleure solution d&rsquo;h\u00e9bergement leur soit trouv\u00e9e. Car comme l&rsquo;a pr\u00e9cis\u00e9 ce matin la sous-pr\u00e9f\u00e8te de l&rsquo;arrondissement Carole Dabrigeon, qui a rencontr\u00e9 ce matin une partie des nouveaux arrivants, l&rsquo;h\u00f4tel d\u00e9odatien fait actuellement office de \u00ab\u00a0sas\u00a0\u00bb pour tous les d\u00e9plac\u00e9s ukrainiens qui arrivent dans le d\u00e9partement.<\/p>\n<p>Une fois install\u00e9s, un bilan est r\u00e9alis\u00e9 afin de les orienter vers les structures d&rsquo;apprentissage de la langue fran\u00e7aise et de formation, les \u00e9tablissements scolaires, les centres sociaux, etc. L&rsquo;id\u00e9e \u00e9tant de favoriser leur int\u00e9gration dans leur ville et leur pays d&rsquo;accueil. \u00ab\u00a0Certains sont d\u00e9j\u00e0 en apprentissage ou ont un emploi. Ce sont des personnes qui demandent \u00e0 s&rsquo;ins\u00e9rer, qui demandent \u00e0 travailler et aller \u00e0 l&rsquo;\u00e9cole\u00a0\u00bb souligne le maire Bruno Toussaint, \u00e9galement pr\u00e9sent ce matin, tout en ajoutant que \u00ab\u00a0on a tous \u00e9t\u00e9 pr\u00e9sents et r\u00e9actifs pour venir en aide \u00e0 ces familles ukrainiennes, qui sont dans une d\u00e9tresse totale. L&rsquo;aide se poursuit mais ne s&rsquo;est jamais arr\u00eat\u00e9e. Il y a une r\u00e9elle continuit\u00e9.\u00a0\u00bb<\/p>\n<p>Fatigu\u00e9s et stress\u00e9s par le voyage depuis leur pays en guerre, les d\u00e9plac\u00e9s ukrainiens qui se trouvaient aux c\u00f4t\u00e9s du maire d\u00e9odatien et de la sous-pr\u00e9f\u00e8te ce mercredi ont t\u00e9moign\u00e9 leur gratitude, remerciant la France pour leur accueil dans ces conditions. A ce jour, le d\u00e9partement des Vosges a accueilli 539 d\u00e9plac\u00e9s ukrainiens depuis le d\u00e9but du conflit.<\/p>\n<p>J.J.<\/p>\n\n","protected":false},"excerpt":{"rendered":"<p>Suite \u00e0 l&rsquo;invasion de l&rsquo;Ukraine par l&rsquo;arm\u00e9e russe, le 24 f\u00e9vrier dernier, une grande cha\u00eene de solidarit\u00e9 s&rsquo;est mise en [&hellip;]<\/p>\n","protected":false},"author":44,"featured_media":57073,"comment_status":"open","ping_status":"open","sticky":false,"template":"","format":"standard","meta":{"footnotes":""},"categories":[460,2915,29],"tags":[12403,12404,11339,10405],"class_list":["post-57072","post","type-post","status-publish","format-standard","has-post-thumbnail","hentry","category-a-la-une","category-saint-die-son-canton","category-solidarite","tag-accueil-des-deplaces-ukrainiens-a-saint-die-des-vosges","tag-accueil-des-deplaces-ukrainiens-dans-les-vosges","tag-deplaces-ukrainiens","tag-guerre-en-ukraine"],"acf":[],"yoast_head":"<!-- This site is optimized with the Yoast SEO plugin v22.5 - https:\/\/yoast.com\/wordpress\/plugins\/seo\/ -->\n<title>La solidarit\u00e9 envers les d\u00e9plac\u00e9s ukrainiens se poursuit dans les Vosges - Saint Die Info<\/title>\n<meta name=\"robots\" content=\"index, follow, max-snippet:-1, max-image-preview:large, max-video-preview:-1\" \/>\n<link rel=\"canonical\" href=\"https:\/\/vosgesinfo.fr\/saintdieinfo\/2022\/08\/solidarite-envers-deplaces-ukrainiens-se-poursuit-vosges\/\" \/>\n<meta name=\"twitter:card\" content=\"summary_large_image\" \/>\n<meta name=\"twitter:title\" content=\"La solidarit\u00e9 envers les d\u00e9plac\u00e9s ukrainiens se poursuit dans les Vosges - Saint Die Info\" \/>\n<meta name=\"twitter:description\" content=\"Suite \u00e0 l&rsquo;invasion de l&rsquo;Ukraine par l&rsquo;arm\u00e9e russe, le 24 f\u00e9vrier dernier, une grande cha\u00eene de solidarit\u00e9 s&rsquo;est mise en [&hellip;]\" \/>\n<meta name=\"twitter:image\" content=\"https:\/\/vosgesinfo.fr\/app\/uploads\/sites\/4\/2024\/08\/202208accueil-deplaces-ukrainiens-1.jpg\" \/>\n<meta name=\"twitter:creator\" content=\"@VosgesInfo88\" \/>\n<meta name=\"twitter:site\" content=\"@VosgesInfo88\" \/>\n<meta name=\"twitter:label1\" content=\"\u00c9crit par\" \/>\n\t<meta name=\"twitter:data1\" content=\"la r\u00e9daction\" \/>\n\t<meta name=\"twitter:label2\" content=\"Dur\u00e9e de lecture estim\u00e9e\" \/>\n\t<meta name=\"twitter:data2\" content=\"3 minutes\" \/>\n<script type=\"application\/ld+json\" class=\"yoast-schema-graph\">{\"@context\":\"https:\/\/schema.org\",\"@graph\":[{\"@type\":\"Article\",\"@id\":\"https:\/\/vosgesinfo.fr\/saintdieinfo\/2022\/08\/solidarite-envers-deplaces-ukrainiens-se-poursuit-vosges\/#article\",\"isPartOf\":{\"@id\":\"https:\/\/vosgesinfo.fr\/saintdieinfo\/2022\/08\/solidarite-envers-deplaces-ukrainiens-se-poursuit-vosges\/\"},\"author\":{\"name\":\"la r\u00e9daction\",\"@id\":\"https:\/\/vosgesinfo.fr\/saintdieinfo\/#\/schema\/person\/faee6704a21f3977511db84bd1cd450f\"},\"headline\":\"La solidarit\u00e9 envers les d\u00e9plac\u00e9s ukrainiens se poursuit dans les Vosges\",\"datePublished\":\"2022-08-31T09:24:12+00:00\",\"dateModified\":\"2022-08-31T09:24:12+00:00\",\"mainEntityOfPage\":{\"@id\":\"https:\/\/vosgesinfo.fr\/saintdieinfo\/2022\/08\/solidarite-envers-deplaces-ukrainiens-se-poursuit-vosges\/\"},\"wordCount\":560,\"commentCount\":0,\"publisher\":{\"@id\":\"https:\/\/vosgesinfo.fr\/saintdieinfo\/#organization\"},\"image\":{\"@id\":\"https:\/\/vosgesinfo.fr\/saintdieinfo\/2022\/08\/solidarite-envers-deplaces-ukrainiens-se-poursuit-vosges\/#primaryimage\"},\"thumbnailUrl\":\"https:\/\/vosgesinfo.fr\/app\/uploads\/sites\/4\/2024\/08\/202208accueil-deplaces-ukrainiens-1.jpg\",\"keywords\":[\"Accueil des d\u00e9plac\u00e9s ukrainiens \u00e0 Saint-Di\u00e9-des-Vosges\",\"Accueil des d\u00e9plac\u00e9s ukrainiens dans les Vosges\",\"D\u00e9plac\u00e9s ukrainiens\",\"Guerre en Ukraine\"],\"articleSection\":[\"A la Une\",\"Saint-Di\u00e9-des-Vosges et son Agglom\u00e9ration\",\"Solidarit\u00e9\"],\"inLanguage\":\"fr-FR\",\"potentialAction\":[{\"@type\":\"CommentAction\",\"name\":\"Comment\",\"target\":[\"https:\/\/vosgesinfo.fr\/saintdieinfo\/2022\/08\/solidarite-envers-deplaces-ukrainiens-se-poursuit-vosges\/#respond\"]}]},{\"@type\":\"WebPage\",\"@id\":\"https:\/\/vosgesinfo.fr\/saintdieinfo\/2022\/08\/solidarite-envers-deplaces-ukrainiens-se-poursuit-vosges\/\",\"url\":\"https:\/\/vosgesinfo.fr\/saintdieinfo\/2022\/08\/solidarite-envers-deplaces-ukrainiens-se-poursuit-vosges\/\",\"name\":\"La solidarit\u00e9 envers les d\u00e9plac\u00e9s ukrainiens se poursuit dans les Vosges - Saint Die Info\",\"isPartOf\":{\"@id\":\"https:\/\/vosgesinfo.fr\/saintdieinfo\/#website\"},\"primaryImageOfPage\":{\"@id\":\"https:\/\/vosgesinfo.fr\/saintdieinfo\/2022\/08\/solidarite-envers-deplaces-ukrainiens-se-poursuit-vosges\/#primaryimage\"},\"image\":{\"@id\":\"https:\/\/vosgesinfo.fr\/saintdieinfo\/2022\/08\/solidarite-envers-deplaces-ukrainiens-se-poursuit-vosges\/#primaryimage\"},\"thumbnailUrl\":\"https:\/\/vosgesinfo.fr\/app\/uploads\/sites\/4\/2024\/08\/202208accueil-deplaces-ukrainiens-1.jpg\",\"datePublished\":\"2022-08-31T09:24:12+00:00\",\"dateModified\":\"2022-08-31T09:24:12+00:00\",\"breadcrumb\":{\"@id\":\"https:\/\/vosgesinfo.fr\/saintdieinfo\/2022\/08\/solidarite-envers-deplaces-ukrainiens-se-poursuit-vosges\/#breadcrumb\"},\"inLanguage\":\"fr-FR\",\"potentialAction\":[{\"@type\":\"ReadAction\",\"target\":[\"https:\/\/vosgesinfo.fr\/saintdieinfo\/2022\/08\/solidarite-envers-deplaces-ukrainiens-se-poursuit-vosges\/\"]}]},{\"@type\":\"ImageObject\",\"inLanguage\":\"fr-FR\",\"@id\":\"https:\/\/vosgesinfo.fr\/saintdieinfo\/2022\/08\/solidarite-envers-deplaces-ukrainiens-se-poursuit-vosges\/#primaryimage\",\"url\":\"https:\/\/vosgesinfo.fr\/app\/uploads\/sites\/4\/2024\/08\/202208accueil-deplaces-ukrainiens-1.jpg\",\"contentUrl\":\"https:\/\/vosgesinfo.fr\/app\/uploads\/sites\/4\/2024\/08\/202208accueil-deplaces-ukrainiens-1.jpg\",\"width\":1600,\"height\":1205},{\"@type\":\"BreadcrumbList\",\"@id\":\"https:\/\/vosgesinfo.fr\/saintdieinfo\/2022\/08\/solidarite-envers-deplaces-ukrainiens-se-poursuit-vosges\/#breadcrumb\",\"itemListElement\":[{\"@type\":\"ListItem\",\"position\":1,\"name\":\"Home\",\"item\":\"https:\/\/vosgesinfo.fr\/saintdieinfo\/\"},{\"@type\":\"ListItem\",\"position\":2,\"name\":\"La solidarit\u00e9 envers les d\u00e9plac\u00e9s ukrainiens se poursuit dans les Vosges\"}]},{\"@type\":\"WebSite\",\"@id\":\"https:\/\/vosgesinfo.fr\/saintdieinfo\/#website\",\"url\":\"https:\/\/vosgesinfo.fr\/saintdieinfo\/\",\"name\":\"Saint Die Info\",\"description\":\"Toute l&#039;actualit\u00e9 de Saint-Di\u00e9-Des-Vosges\",\"publisher\":{\"@id\":\"https:\/\/vosgesinfo.fr\/saintdieinfo\/#organization\"},\"alternateName\":\"Toute l'actualit\u00e9 de Saint-Di\u00e9-Des-Vosges\",\"potentialAction\":[{\"@type\":\"SearchAction\",\"target\":{\"@type\":\"EntryPoint\",\"urlTemplate\":\"https:\/\/vosgesinfo.fr\/saintdieinfo\/?s={search_term_string}\"},\"query-input\":\"required name=search_term_string\"}],\"inLanguage\":\"fr-FR\"},{\"@type\":\"Organization\",\"@id\":\"https:\/\/vosgesinfo.fr\/saintdieinfo\/#organization\",\"name\":\"Saint Die Info\",\"url\":\"https:\/\/vosgesinfo.fr\/saintdieinfo\/\",\"logo\":{\"@type\":\"ImageObject\",\"inLanguage\":\"fr-FR\",\"@id\":\"https:\/\/vosgesinfo.fr\/saintdieinfo\/#\/schema\/logo\/image\/\",\"url\":\"https:\/\/vosgesinfo.fr\/app\/uploads\/sites\/4\/2024\/02\/logo-sdi.jpg\",\"contentUrl\":\"https:\/\/vosgesinfo.fr\/app\/uploads\/sites\/4\/2024\/02\/logo-sdi.jpg\",\"width\":600,\"height\":600,\"caption\":\"Saint Die Info\"},\"image\":{\"@id\":\"https:\/\/vosgesinfo.fr\/saintdieinfo\/#\/schema\/logo\/image\/\"},\"sameAs\":[\"https:\/\/www.facebook.com\/Saintdieinfofr\",\"https:\/\/x.com\/VosgesInfo88\",\"https:\/\/www.youtube.com\/@vosgesinfo\"]},{\"@type\":\"Person\",\"@id\":\"https:\/\/vosgesinfo.fr\/saintdieinfo\/#\/schema\/person\/faee6704a21f3977511db84bd1cd450f\",\"name\":\"la r\u00e9daction\",\"image\":{\"@type\":\"ImageObject\",\"inLanguage\":\"fr-FR\",\"@id\":\"https:\/\/vosgesinfo.fr\/saintdieinfo\/#\/schema\/person\/image\/\",\"url\":\"https:\/\/secure.gravatar.com\/avatar\/6673d8bc6a9c17fa9a453eaa3448de834fa308c2ec9635b7aa99441a7c8d2cf6?s=96&d=mm&r=g\",\"contentUrl\":\"https:\/\/secure.gravatar.com\/avatar\/6673d8bc6a9c17fa9a453eaa3448de834fa308c2ec9635b7aa99441a7c8d2cf6?s=96&d=mm&r=g\",\"caption\":\"la r\u00e9daction\"},\"url\":\"https:\/\/vosgesinfo.fr\/saintdieinfo\/author\/redac\/\"}]}<\/script>\n<!-- \/ Yoast SEO plugin. -->","yoast_head_json":{"title":"La solidarit\u00e9 envers les d\u00e9plac\u00e9s ukrainiens se poursuit dans les Vosges - Saint Die Info","robots":{"index":"index","follow":"follow","max-snippet":"max-snippet:-1","max-image-preview":"max-image-preview:large","max-video-preview":"max-video-preview:-1"},"canonical":"https:\/\/vosgesinfo.fr\/saintdieinfo\/2022\/08\/solidarite-envers-deplaces-ukrainiens-se-poursuit-vosges\/","twitter_card":"summary_large_image","twitter_title":"La solidarit\u00e9 envers les d\u00e9plac\u00e9s ukrainiens se poursuit dans les Vosges - Saint Die Info","twitter_description":"Suite \u00e0 l&rsquo;invasion de l&rsquo;Ukraine par l&rsquo;arm\u00e9e russe, le 24 f\u00e9vrier dernier, une grande cha\u00eene de solidarit\u00e9 s&rsquo;est mise en [&hellip;]","twitter_image":"https:\/\/vosgesinfo.fr\/app\/uploads\/sites\/4\/2024\/08\/202208accueil-deplaces-ukrainiens-1.jpg","twitter_creator":"@VosgesInfo88","twitter_site":"@VosgesInfo88","twitter_misc":{"\u00c9crit par":"la r\u00e9daction","Dur\u00e9e de lecture estim\u00e9e":"3 minutes"},"schema":{"@context":"https:\/\/schema.org","@graph":[{"@type":"Article","@id":"https:\/\/vosgesinfo.fr\/saintdieinfo\/2022\/08\/solidarite-envers-deplaces-ukrainiens-se-poursuit-vosges\/#article","isPartOf":{"@id":"https:\/\/vosgesinfo.fr\/saintdieinfo\/2022\/08\/solidarite-envers-deplaces-ukrainiens-se-poursuit-vosges\/"},"author":{"name":"la r\u00e9daction","@id":"https:\/\/vosgesinfo.fr\/saintdieinfo\/#\/schema\/person\/faee6704a21f3977511db84bd1cd450f"},"headline":"La solidarit\u00e9 envers les d\u00e9plac\u00e9s ukrainiens se poursuit dans les Vosges","datePublished":"2022-08-31T09:24:12+00:00","dateModified":"2022-08-31T09:24:12+00:00","mainEntityOfPage":{"@id":"https:\/\/vosgesinfo.fr\/saintdieinfo\/2022\/08\/solidarite-envers-deplaces-ukrainiens-se-poursuit-vosges\/"},"wordCount":560,"commentCount":0,"publisher":{"@id":"https:\/\/vosgesinfo.fr\/saintdieinfo\/#organization"},"image":{"@id":"https:\/\/vosgesinfo.fr\/saintdieinfo\/2022\/08\/solidarite-envers-deplaces-ukrainiens-se-poursuit-vosges\/#primaryimage"},"thumbnailUrl":"https:\/\/vosgesinfo.fr\/app\/uploads\/sites\/4\/2024\/08\/202208accueil-deplaces-ukrainiens-1.jpg","keywords":["Accueil des d\u00e9plac\u00e9s ukrainiens \u00e0 Saint-Di\u00e9-des-Vosges","Accueil des d\u00e9plac\u00e9s ukrainiens dans les Vosges","D\u00e9plac\u00e9s ukrainiens","Guerre en Ukraine"],"articleSection":["A la Une","Saint-Di\u00e9-des-Vosges et son Agglom\u00e9ration","Solidarit\u00e9"],"inLanguage":"fr-FR","potentialAction":[{"@type":"CommentAction","name":"Comment","target":["https:\/\/vosgesinfo.fr\/saintdieinfo\/2022\/08\/solidarite-envers-deplaces-ukrainiens-se-poursuit-vosges\/#respond"]}]},{"@type":"WebPage","@id":"https:\/\/vosgesinfo.fr\/saintdieinfo\/2022\/08\/solidarite-envers-deplaces-ukrainiens-se-poursuit-vosges\/","url":"https:\/\/vosgesinfo.fr\/saintdieinfo\/2022\/08\/solidarite-envers-deplaces-ukrainiens-se-poursuit-vosges\/","name":"La solidarit\u00e9 envers les d\u00e9plac\u00e9s ukrainiens se poursuit dans les Vosges - Saint Die Info","isPartOf":{"@id":"https:\/\/vosgesinfo.fr\/saintdieinfo\/#website"},"primaryImageOfPage":{"@id":"https:\/\/vosgesinfo.fr\/saintdieinfo\/2022\/08\/solidarite-envers-deplaces-ukrainiens-se-poursuit-vosges\/#primaryimage"},"image":{"@id":"https:\/\/vosgesinfo.fr\/saintdieinfo\/2022\/08\/solidarite-envers-deplaces-ukrainiens-se-poursuit-vosges\/#primaryimage"},"thumbnailUrl":"https:\/\/vosgesinfo.fr\/app\/uploads\/sites\/4\/2024\/08\/202208accueil-deplaces-ukrainiens-1.jpg","datePublished":"2022-08-31T09:24:12+00:00","dateModified":"2022-08-31T09:24:12+00:00","breadcrumb":{"@id":"https:\/\/vosgesinfo.fr\/saintdieinfo\/2022\/08\/solidarite-envers-deplaces-ukrainiens-se-poursuit-vosges\/#breadcrumb"},"inLanguage":"fr-FR","potentialAction":[{"@type":"ReadAction","target":["https:\/\/vosgesinfo.fr\/saintdieinfo\/2022\/08\/solidarite-envers-deplaces-ukrainiens-se-poursuit-vosges\/"]}]},{"@type":"ImageObject","inLanguage":"fr-FR","@id":"https:\/\/vosgesinfo.fr\/saintdieinfo\/2022\/08\/solidarite-envers-deplaces-ukrainiens-se-poursuit-vosges\/#primaryimage","url":"https:\/\/vosgesinfo.fr\/app\/uploads\/sites\/4\/2024\/08\/202208accueil-deplaces-ukrainiens-1.jpg","contentUrl":"https:\/\/vosgesinfo.fr\/app\/uploads\/sites\/4\/2024\/08\/202208accueil-deplaces-ukrainiens-1.jpg","width":1600,"height":1205},{"@type":"BreadcrumbList","@id":"https:\/\/vosgesinfo.fr\/saintdieinfo\/2022\/08\/solidarite-envers-deplaces-ukrainiens-se-poursuit-vosges\/#breadcrumb","itemListElement":[{"@type":"ListItem","position":1,"name":"Home","item":"https:\/\/vosgesinfo.fr\/saintdieinfo\/"},{"@type":"ListItem","position":2,"name":"La solidarit\u00e9 envers les d\u00e9plac\u00e9s ukrainiens se poursuit dans les Vosges"}]},{"@type":"WebSite","@id":"https:\/\/vosgesinfo.fr\/saintdieinfo\/#website","url":"https:\/\/vosgesinfo.fr\/saintdieinfo\/","name":"Saint Die Info","description":"Toute l&#039;actualit\u00e9 de Saint-Di\u00e9-Des-Vosges","publisher":{"@id":"https:\/\/vosgesinfo.fr\/saintdieinfo\/#organization"},"alternateName":"Toute l'actualit\u00e9 de Saint-Di\u00e9-Des-Vosges","potentialAction":[{"@type":"SearchAction","target":{"@type":"EntryPoint","urlTemplate":"https:\/\/vosgesinfo.fr\/saintdieinfo\/?s={search_term_string}"},"query-input":"required name=search_term_string"}],"inLanguage":"fr-FR"},{"@type":"Organization","@id":"https:\/\/vosgesinfo.fr\/saintdieinfo\/#organization","name":"Saint Die Info","url":"https:\/\/vosgesinfo.fr\/saintdieinfo\/","logo":{"@type":"ImageObject","inLanguage":"fr-FR","@id":"https:\/\/vosgesinfo.fr\/saintdieinfo\/#\/schema\/logo\/image\/","url":"https:\/\/vosgesinfo.fr\/app\/uploads\/sites\/4\/2024\/02\/logo-sdi.jpg","contentUrl":"https:\/\/vosgesinfo.fr\/app\/uploads\/sites\/4\/2024\/02\/logo-sdi.jpg","width":600,"height":600,"caption":"Saint Die Info"},"image":{"@id":"https:\/\/vosgesinfo.fr\/saintdieinfo\/#\/schema\/logo\/image\/"},"sameAs":["https:\/\/www.facebook.com\/Saintdieinfofr","https:\/\/x.com\/VosgesInfo88","https:\/\/www.youtube.com\/@vosgesinfo"]},{"@type":"Person","@id":"https:\/\/vosgesinfo.fr\/saintdieinfo\/#\/schema\/person\/faee6704a21f3977511db84bd1cd450f","name":"la r\u00e9daction","image":{"@type":"ImageObject","inLanguage":"fr-FR","@id":"https:\/\/vosgesinfo.fr\/saintdieinfo\/#\/schema\/person\/image\/","url":"https:\/\/secure.gravatar.com\/avatar\/6673d8bc6a9c17fa9a453eaa3448de834fa308c2ec9635b7aa99441a7c8d2cf6?s=96&d=mm&r=g","contentUrl":"https:\/\/secure.gravatar.com\/avatar\/6673d8bc6a9c17fa9a453eaa3448de834fa308c2ec9635b7aa99441a7c8d2cf6?s=96&d=mm&r=g","caption":"la r\u00e9daction"},"url":"https:\/\/vosgesinfo.fr\/saintdieinfo\/author\/redac\/"}]}},"_links":{"self":[{"href":"https:\/\/vosgesinfo.fr\/saintdieinfo\/wp-json\/wp\/v2\/posts\/57072","targetHints":{"allow":["GET"]}}],"collection":[{"href":"https:\/\/vosgesinfo.fr\/saintdieinfo\/wp-json\/wp\/v2\/posts"}],"about":[{"href":"https:\/\/vosgesinfo.fr\/saintdieinfo\/wp-json\/wp\/v2\/types\/post"}],"author":[{"embeddable":true,"href":"https:\/\/vosgesinfo.fr\/saintdieinfo\/wp-json\/wp\/v2\/users\/44"}],"replies":[{"embeddable":true,"href":"https:\/\/vosgesinfo.fr\/saintdieinfo\/wp-json\/wp\/v2\/comments?post=57072"}],"version-history":[{"count":0,"href":"https:\/\/vosgesinfo.fr\/saintdieinfo\/wp-json\/wp\/v2\/posts\/57072\/revisions"}],"wp:featuredmedia":[{"embeddable":true,"href":"https:\/\/vosgesinfo.fr\/saintdieinfo\/wp-json\/wp\/v2\/media\/57073"}],"wp:attachment":[{"href":"https:\/\/vosgesinfo.fr\/saintdieinfo\/wp-json\/wp\/v2\/media?parent=57072"}],"wp:term":[{"taxonomy":"category","embeddable":true,"href":"https:\/\/vosgesinfo.fr\/saintdieinfo\/wp-json\/wp\/v2\/categories?post=57072"},{"taxonomy":"post_tag","embeddable":true,"href":"https:\/\/vosgesinfo.fr\/saintdieinfo\/wp-json\/wp\/v2\/tags?post=57072"}],"curies":[{"name":"wp","href":"https:\/\/api.w.org\/{rel}","templated":true}]}}