{"id":57083,"date":"2022-08-31T19:35:57","date_gmt":"2022-08-31T17:35:57","guid":{"rendered":"https:\/\/vosgesinfo.fr\/saintdieinfo\/2022\/08\/nompatelize-musique-sinvite-dojo-jumeaux\/"},"modified":"2022-08-31T19:35:57","modified_gmt":"2022-08-31T17:35:57","slug":"nompatelize-musique-sinvite-dojo-jumeaux","status":"publish","type":"post","link":"https:\/\/vosgesinfo.fr\/saintdieinfo\/2022\/08\/nompatelize-musique-sinvite-dojo-jumeaux\/","title":{"rendered":"Nompatelize \u2013 La musique s\u2019invite au Dojo Des Jumeaux"},"content":{"rendered":"<p style=\"text-align: left;\"><a href=\"\/2022\/08\/IMG_0751-1.jpg\" target=\"_blank\" rel=\"noopener\"><img decoding=\"async\" class=\"aligncenter wp-image-189042 size-full\" src=\"\/2022\/08\/IMG_0751-1.jpg\" alt=\"IMG_0751 (1)\" width=\"640\" height=\"427\" \/><\/a><\/p>\n<h2 style=\"text-align: left;\"><strong><span style=\"font-size: 14pt;\"><span style=\"font-family: Calibri, sans-serif;\">L\u2019ann\u00e9e<\/span> <span style=\"font-family: Calibri, sans-serif;\">scolaire<\/span> <span style=\"font-family: Calibri, sans-serif;\">2022\/23<\/span> <span style=\"font-family: Calibri, sans-serif;\">s\u2019ouvre<\/span> <span style=\"font-family: Calibri, sans-serif;\">en<\/span> <span style=\"font-family: Calibri, sans-serif;\">musique<\/span> <span style=\"font-family: Calibri, sans-serif;\">au<\/span> <span style=\"font-family: Calibri, sans-serif;\">Dojo<\/span> <span style=\"font-family: Calibri, sans-serif;\">des<\/span> <span style=\"font-family: Calibri, sans-serif;\">Jumeaux, puisqu\u2019il<\/span> <span style=\"font-family: Calibri, sans-serif;\">accueille<\/span> <span style=\"font-family: Calibri, sans-serif;\">une<\/span> <span style=\"font-family: Calibri, sans-serif;\">nouvelle activit\u00e9 : l\u2019initiation musicale, ainsi qu\u2019un large choix de formations instrumentales.<\/span><\/span><\/strong><\/h2>\n<p style=\"text-align: left;\"><!--more--><\/p>\n<p style=\"text-align: left;\"><strong><span style=\"font-family: Calibri, sans-serif;\">Dispens\u00e9<\/span> <span style=\"font-family: Calibri, sans-serif;\">par<\/span> <span style=\"font-family: Calibri, sans-serif;\">Daniel<\/span> <span style=\"font-family: Calibri, sans-serif;\">LEH-MONJARDE<\/span><span style=\"font-family: Calibri, sans-serif;\">,<\/span><\/strong> <span style=\"font-family: Calibri, sans-serif;\">le<\/span> <span style=\"font-family: Calibri, sans-serif;\">cours<\/span> <span style=\"font-family: Calibri, sans-serif;\">de<\/span> <span style=\"font-family: Calibri, sans-serif;\">\u00ab<\/span> <span style=\"font-family: Calibri, sans-serif;\"><i>Voix-Mouvement-Percussions<\/i><\/span><i> <\/i><span style=\"font-family: Calibri, sans-serif;\">\u00bb<\/span> <span style=\"font-family: Calibri, sans-serif;\">qui<\/span> <span style=\"font-family: Calibri, sans-serif;\">a<\/span> <span style=\"font-family: Calibri, sans-serif;\">lieu<\/span> <span style=\"font-family: Calibri, sans-serif;\">le mercredi, propose un apprentissage vivant et actif du langage musical pour entendre, lire, \u00e9crire, chanter et jouer la musique par :<\/span><\/p>\n<p style=\"text-align: left;\"><span style=\"font-family: Calibri, sans-serif;\"><i>-La<\/i><\/span><i> <\/i><span style=\"font-family: Calibri, sans-serif;\"><i>voix<\/i><\/span><i> <\/i><span style=\"font-family: Calibri, sans-serif;\">:<\/span> <span style=\"font-family: Calibri, sans-serif;\">approcher<\/span> <span style=\"font-family: Calibri, sans-serif;\">l&rsquo;instrument<\/span> <span style=\"font-family: Calibri, sans-serif;\">\u00ab<\/span> <span style=\"font-family: Calibri, sans-serif;\">voix<\/span> <span style=\"font-family: Calibri, sans-serif;\">\u00bb,<\/span> <span style=\"font-family: Calibri, sans-serif;\">d\u00e9couvrir<\/span> <span style=\"font-family: Calibri, sans-serif;\">ses<\/span> <span style=\"font-family: Calibri, sans-serif;\">possibilit\u00e9s<\/span> <span style=\"font-family: Calibri, sans-serif;\">d&rsquo;expression<\/span> <span style=\"font-family: Calibri, sans-serif;\">et<\/span> <span style=\"font-family: Calibri, sans-serif;\">l&rsquo;\u00e9coute <\/span><span style=\"font-family: Calibri, sans-serif;\">polyphonique<\/span><\/p>\n<p style=\"text-align: left;\"><span style=\"font-family: Calibri, sans-serif;\"><i>-Le mouvement <\/i><\/span><span style=\"font-family: Calibri, sans-serif;\">: d\u00e9velopper l&rsquo;ind\u00e9pendance des di\ufb00\u00e9rentes parties du corps pour favoriser<\/span> <span style=\"font-family: Calibri, sans-serif;\">le<\/span> <span style=\"font-family: Calibri, sans-serif;\">jeu<\/span> <span style=\"font-family: Calibri, sans-serif;\">sur<\/span> <span style=\"font-family: Calibri, sans-serif;\">l&rsquo;instrument<\/span> <span style=\"font-family: Calibri, sans-serif;\">;<\/span> <span style=\"font-family: Calibri, sans-serif;\">fixer,<\/span> <span style=\"font-family: Calibri, sans-serif;\">par<\/span> <span style=\"font-family: Calibri, sans-serif;\">des<\/span> <span style=\"font-family: Calibri, sans-serif;\">gestes,<\/span> <span style=\"font-family: Calibri, sans-serif;\">les<\/span> <span style=\"font-family: Calibri, sans-serif;\">hauteurs<\/span> <span style=\"font-family: Calibri, sans-serif;\">des<\/span> <span style=\"font-family: Calibri, sans-serif;\">sons<\/span> <span style=\"font-family: Calibri, sans-serif;\">dans<\/span> <span style=\"font-family: Calibri, sans-serif;\">la m\u00e9moire corporelle.<\/span><\/p>\n<p style=\"text-align: left;\"><span style=\"font-family: Calibri, sans-serif;\"><i>-Les<\/i><\/span><i> <\/i><span style=\"font-family: Calibri, sans-serif;\"><i>percussions<\/i><\/span><i> <\/i><span style=\"font-family: Calibri, sans-serif;\">:<\/span> <span style=\"font-family: Calibri, sans-serif;\">apprendre<\/span> <span style=\"font-family: Calibri, sans-serif;\">le<\/span> <span style=\"font-family: Calibri, sans-serif;\">solf\u00e8ge<\/span> <span style=\"font-family: Calibri, sans-serif;\">rythmique<\/span> <span style=\"font-family: Calibri, sans-serif;\">sur<\/span> <span style=\"font-family: Calibri, sans-serif;\">instrumentarium<\/span> <span style=\"font-family: Calibri, sans-serif;\">(djemb\u00e9s,<\/span> <span style=\"font-family: Calibri, sans-serif;\">congas, cajones, bongos) ainsi que sur les xylophones, m\u00e9tallophones, carillons, permettant d&rsquo;entendre la musique<\/span><\/p>\n<p style=\"text-align: left;\"><strong><span style=\"font-family: Calibri, sans-serif;\">Ce<\/span> <span style=\"font-family: Calibri, sans-serif;\">cours<\/span> <span style=\"font-family: Calibri, sans-serif;\">collectif,<\/span> <span style=\"font-family: Calibri, sans-serif;\">qui<\/span> <span style=\"font-family: Calibri, sans-serif;\">d\u00e9veloppe<\/span> <span style=\"font-family: Calibri, sans-serif;\">l&rsquo;\u00e9coute<\/span> <span style=\"font-family: Calibri, sans-serif;\">de<\/span> <span style=\"font-family: Calibri, sans-serif;\">l&rsquo;autre,<\/span> <span style=\"font-family: Calibri, sans-serif;\">cherche<\/span> <span style=\"font-family: Calibri, sans-serif;\">\u00e0<\/span> <span style=\"font-family: Calibri, sans-serif;\">familiariser<\/span> <span style=\"font-family: Calibri, sans-serif;\">l\u2019enfant<\/span> <span style=\"font-family: Calibri, sans-serif;\">\u00e0<\/span> <span style=\"font-family: Calibri, sans-serif;\">la<\/span> <span style=\"font-family: Calibri, sans-serif;\">musique<\/span><\/strong><span style=\"font-family: Calibri, sans-serif;\"> pour l&rsquo;a\ufb03rmation de son individualit\u00e9 dans un groupe.<\/span><\/p>\n<p style=\"text-align: left;\"><strong><span style=\"font-family: Calibri, sans-serif;\">Il<\/span> <span style=\"font-family: Calibri, sans-serif;\">s\u2019adresse<\/span> <span style=\"font-family: Calibri, sans-serif;\">aux<\/span> <span style=\"font-family: Calibri, sans-serif;\">enfants<\/span> <span style=\"font-family: Calibri, sans-serif;\">\u00e0<\/span> <span style=\"font-family: Calibri, sans-serif;\">partir<\/span> <span style=\"font-family: Calibri, sans-serif;\">de<\/span> <span style=\"font-family: Calibri, sans-serif;\">5<\/span> <span style=\"font-family: Calibri, sans-serif;\">ans,<\/span> <span style=\"font-family: Calibri, sans-serif;\">tous<\/span> <span style=\"font-family: Calibri, sans-serif;\">les<\/span> <span style=\"font-family: Calibri, sans-serif;\">mercredis<\/span> <span style=\"font-family: Calibri, sans-serif;\">apr\u00e8s-<\/span><span style=\"font-family: Calibri, sans-serif;\">midi<\/span><\/strong> <span style=\"font-family: Calibri, sans-serif;\">de<\/span> <span style=\"font-family: Calibri, sans-serif;\">16h30<\/span> <span style=\"font-family: Calibri, sans-serif;\">\u00e0<\/span> <span style=\"font-family: Calibri, sans-serif;\">17h15<\/span> <span style=\"font-family: Calibri, sans-serif;\">(horaires donn\u00e9s \u00e0 titre indicatif pouvant faire l\u2019objet de modifications en fonction des inscriptions)<\/span><\/p>\n<p style=\"text-align: left;\"><strong><span style=\"font-family: Calibri, sans-serif;\">Des cours d&rsquo;instruments<\/span><span style=\"font-family: Calibri, sans-serif;\"> : <\/span><\/strong><span style=\"font-family: Calibri, sans-serif;\"><i>guitare, harmonica, accord\u00e9on et saxophone <\/i><\/span><span style=\"font-family: Calibri, sans-serif;\">sont \u00e9galement propos\u00e9s.<\/span> <span style=\"font-family: Calibri, sans-serif;\">Individuels<\/span> <span style=\"font-family: Calibri, sans-serif;\">ou<\/span> <span style=\"font-family: Calibri, sans-serif;\">en<\/span> <span style=\"font-family: Calibri, sans-serif;\">petit<\/span> <span style=\"font-family: Calibri, sans-serif;\">collectif,<\/span> <span style=\"font-family: Calibri, sans-serif;\">ils<\/span> <span style=\"font-family: Calibri, sans-serif;\">ont<\/span> <span style=\"font-family: Calibri, sans-serif;\">lieu<\/span> <span style=\"font-family: Calibri, sans-serif;\">le<\/span> <span style=\"font-family: Calibri, sans-serif;\">mercredi<\/span> <span style=\"font-family: Calibri, sans-serif;\">et<\/span> <span style=\"font-family: Calibri, sans-serif;\">le<\/span> <span style=\"font-family: Calibri, sans-serif;\">samedi.<\/span> <span style=\"font-family: Calibri, sans-serif;\">Ces<\/span> <span style=\"font-family: Calibri, sans-serif;\">cours concernent les enfants, mais aussi les adultes.<\/span><\/p>\n<p style=\"text-align: left;\"><span style=\"font-family: Calibri, sans-serif;\">Ils<\/span> <span style=\"font-family: Calibri, sans-serif;\">permettent<\/span> <span style=\"font-family: Calibri, sans-serif;\">l\u2019apprentissage<\/span> <span style=\"font-family: Calibri, sans-serif;\">et<\/span> <span style=\"font-family: Calibri, sans-serif;\">le<\/span> <span style=\"font-family: Calibri, sans-serif;\">perfectionnement<\/span> <span style=\"font-family: Calibri, sans-serif;\">des<\/span> <span style=\"font-family: Calibri, sans-serif;\">techniques<\/span> <span style=\"font-family: Calibri, sans-serif;\">de<\/span> <span style=\"font-family: Calibri, sans-serif;\">chaque<\/span> <span style=\"font-family: Calibri, sans-serif;\">instrument<\/span> <span style=\"font-family: Calibri, sans-serif;\">\u00e0 travers un r\u00e9pertoire de jazz, rock, blues, folk et classique<\/span><\/p>\n<p style=\"text-align: left;\"><strong><span style=\"font-family: Calibri, sans-serif;\">M\u00e9thode<\/span> <span style=\"font-family: Calibri, sans-serif;\">ludique et attractive adapt\u00e9e \u00e0 tous les <\/span><span style=\"font-family: Calibri, sans-serif;\">niveaux<\/span><\/strong><\/p>\n<p style=\"text-align: left;\"><a name=\"_GoBack\"><\/a><\/p>\n<p style=\"text-align: left;\"><strong><span style=\"font-family: Calibri, sans-serif;\">Renseignements et inscriptions au 06 74 53 24 <\/span><span style=\"font-family: Calibri, sans-serif;\">58<\/span><\/strong><\/p>\n\n","protected":false},"excerpt":{"rendered":"<p>L\u2019ann\u00e9e scolaire 2022\/23 s\u2019ouvre en musique au Dojo des Jumeaux, puisqu\u2019il accueille une nouvelle activit\u00e9 : l\u2019initiation musicale, ainsi qu\u2019un [&hellip;]<\/p>\n","protected":false},"author":44,"featured_media":57084,"comment_status":"open","ping_status":"open","sticky":false,"template":"","format":"standard","meta":{"footnotes":""},"categories":[460,2915],"tags":[5777,3088],"class_list":["post-57083","post","type-post","status-publish","format-standard","has-post-thumbnail","hentry","category-a-la-une","category-saint-die-son-canton","tag-dojo-des-jumeaux","tag-nompatelize"],"acf":[],"yoast_head":"<!-- This site is optimized with the Yoast SEO plugin v22.5 - https:\/\/yoast.com\/wordpress\/plugins\/seo\/ -->\n<title>Nompatelize \u2013 La musique s\u2019invite au Dojo Des Jumeaux - Saint Die Info<\/title>\n<meta name=\"robots\" content=\"index, follow, max-snippet:-1, max-image-preview:large, max-video-preview:-1\" \/>\n<link rel=\"canonical\" href=\"https:\/\/vosgesinfo.fr\/saintdieinfo\/2022\/08\/nompatelize-musique-sinvite-dojo-jumeaux\/\" \/>\n<meta name=\"twitter:card\" content=\"summary_large_image\" \/>\n<meta name=\"twitter:title\" content=\"Nompatelize \u2013 La musique s\u2019invite au Dojo Des Jumeaux - Saint Die Info\" \/>\n<meta name=\"twitter:description\" content=\"L\u2019ann\u00e9e scolaire 2022\/23 s\u2019ouvre en musique au Dojo des Jumeaux, puisqu\u2019il accueille une nouvelle activit\u00e9 : l\u2019initiation musicale, ainsi qu\u2019un [&hellip;]\" \/>\n<meta name=\"twitter:image\" content=\"https:\/\/vosgesinfo.fr\/app\/uploads\/sites\/4\/2024\/08\/202208img-0751-1.jpg\" \/>\n<meta name=\"twitter:creator\" content=\"@VosgesInfo88\" \/>\n<meta name=\"twitter:site\" content=\"@VosgesInfo88\" \/>\n<meta name=\"twitter:label1\" content=\"\u00c9crit par\" \/>\n\t<meta name=\"twitter:data1\" content=\"la r\u00e9daction\" \/>\n\t<meta name=\"twitter:label2\" content=\"Dur\u00e9e de lecture estim\u00e9e\" \/>\n\t<meta name=\"twitter:data2\" content=\"1 minute\" \/>\n<script type=\"application\/ld+json\" class=\"yoast-schema-graph\">{\"@context\":\"https:\/\/schema.org\",\"@graph\":[{\"@type\":\"Article\",\"@id\":\"https:\/\/vosgesinfo.fr\/saintdieinfo\/2022\/08\/nompatelize-musique-sinvite-dojo-jumeaux\/#article\",\"isPartOf\":{\"@id\":\"https:\/\/vosgesinfo.fr\/saintdieinfo\/2022\/08\/nompatelize-musique-sinvite-dojo-jumeaux\/\"},\"author\":{\"name\":\"la r\u00e9daction\",\"@id\":\"https:\/\/vosgesinfo.fr\/saintdieinfo\/#\/schema\/person\/faee6704a21f3977511db84bd1cd450f\"},\"headline\":\"Nompatelize \u2013 La musique s\u2019invite au Dojo Des Jumeaux\",\"datePublished\":\"2022-08-31T17:35:57+00:00\",\"dateModified\":\"2022-08-31T17:35:57+00:00\",\"mainEntityOfPage\":{\"@id\":\"https:\/\/vosgesinfo.fr\/saintdieinfo\/2022\/08\/nompatelize-musique-sinvite-dojo-jumeaux\/\"},\"wordCount\":285,\"commentCount\":0,\"publisher\":{\"@id\":\"https:\/\/vosgesinfo.fr\/saintdieinfo\/#organization\"},\"image\":{\"@id\":\"https:\/\/vosgesinfo.fr\/saintdieinfo\/2022\/08\/nompatelize-musique-sinvite-dojo-jumeaux\/#primaryimage\"},\"thumbnailUrl\":\"https:\/\/vosgesinfo.fr\/app\/uploads\/sites\/4\/2024\/08\/202208img-0751-1.jpg\",\"keywords\":[\"Dojo des Jumeaux\",\"Nompatelize\"],\"articleSection\":[\"A la Une\",\"Saint-Di\u00e9-des-Vosges et son Agglom\u00e9ration\"],\"inLanguage\":\"fr-FR\",\"potentialAction\":[{\"@type\":\"CommentAction\",\"name\":\"Comment\",\"target\":[\"https:\/\/vosgesinfo.fr\/saintdieinfo\/2022\/08\/nompatelize-musique-sinvite-dojo-jumeaux\/#respond\"]}]},{\"@type\":\"WebPage\",\"@id\":\"https:\/\/vosgesinfo.fr\/saintdieinfo\/2022\/08\/nompatelize-musique-sinvite-dojo-jumeaux\/\",\"url\":\"https:\/\/vosgesinfo.fr\/saintdieinfo\/2022\/08\/nompatelize-musique-sinvite-dojo-jumeaux\/\",\"name\":\"Nompatelize \u2013 La musique s\u2019invite au Dojo Des Jumeaux - Saint Die Info\",\"isPartOf\":{\"@id\":\"https:\/\/vosgesinfo.fr\/saintdieinfo\/#website\"},\"primaryImageOfPage\":{\"@id\":\"https:\/\/vosgesinfo.fr\/saintdieinfo\/2022\/08\/nompatelize-musique-sinvite-dojo-jumeaux\/#primaryimage\"},\"image\":{\"@id\":\"https:\/\/vosgesinfo.fr\/saintdieinfo\/2022\/08\/nompatelize-musique-sinvite-dojo-jumeaux\/#primaryimage\"},\"thumbnailUrl\":\"https:\/\/vosgesinfo.fr\/app\/uploads\/sites\/4\/2024\/08\/202208img-0751-1.jpg\",\"datePublished\":\"2022-08-31T17:35:57+00:00\",\"dateModified\":\"2022-08-31T17:35:57+00:00\",\"breadcrumb\":{\"@id\":\"https:\/\/vosgesinfo.fr\/saintdieinfo\/2022\/08\/nompatelize-musique-sinvite-dojo-jumeaux\/#breadcrumb\"},\"inLanguage\":\"fr-FR\",\"potentialAction\":[{\"@type\":\"ReadAction\",\"target\":[\"https:\/\/vosgesinfo.fr\/saintdieinfo\/2022\/08\/nompatelize-musique-sinvite-dojo-jumeaux\/\"]}]},{\"@type\":\"ImageObject\",\"inLanguage\":\"fr-FR\",\"@id\":\"https:\/\/vosgesinfo.fr\/saintdieinfo\/2022\/08\/nompatelize-musique-sinvite-dojo-jumeaux\/#primaryimage\",\"url\":\"https:\/\/vosgesinfo.fr\/app\/uploads\/sites\/4\/2024\/08\/202208img-0751-1.jpg\",\"contentUrl\":\"https:\/\/vosgesinfo.fr\/app\/uploads\/sites\/4\/2024\/08\/202208img-0751-1.jpg\",\"width\":640,\"height\":427},{\"@type\":\"BreadcrumbList\",\"@id\":\"https:\/\/vosgesinfo.fr\/saintdieinfo\/2022\/08\/nompatelize-musique-sinvite-dojo-jumeaux\/#breadcrumb\",\"itemListElement\":[{\"@type\":\"ListItem\",\"position\":1,\"name\":\"Home\",\"item\":\"https:\/\/vosgesinfo.fr\/saintdieinfo\/\"},{\"@type\":\"ListItem\",\"position\":2,\"name\":\"Nompatelize \u2013 La musique s\u2019invite au Dojo Des Jumeaux\"}]},{\"@type\":\"WebSite\",\"@id\":\"https:\/\/vosgesinfo.fr\/saintdieinfo\/#website\",\"url\":\"https:\/\/vosgesinfo.fr\/saintdieinfo\/\",\"name\":\"Saint Die Info\",\"description\":\"Toute l&#039;actualit\u00e9 de Saint-Di\u00e9-Des-Vosges\",\"publisher\":{\"@id\":\"https:\/\/vosgesinfo.fr\/saintdieinfo\/#organization\"},\"alternateName\":\"Toute l'actualit\u00e9 de Saint-Di\u00e9-Des-Vosges\",\"potentialAction\":[{\"@type\":\"SearchAction\",\"target\":{\"@type\":\"EntryPoint\",\"urlTemplate\":\"https:\/\/vosgesinfo.fr\/saintdieinfo\/?s={search_term_string}\"},\"query-input\":\"required name=search_term_string\"}],\"inLanguage\":\"fr-FR\"},{\"@type\":\"Organization\",\"@id\":\"https:\/\/vosgesinfo.fr\/saintdieinfo\/#organization\",\"name\":\"Saint Die Info\",\"url\":\"https:\/\/vosgesinfo.fr\/saintdieinfo\/\",\"logo\":{\"@type\":\"ImageObject\",\"inLanguage\":\"fr-FR\",\"@id\":\"https:\/\/vosgesinfo.fr\/saintdieinfo\/#\/schema\/logo\/image\/\",\"url\":\"https:\/\/vosgesinfo.fr\/app\/uploads\/sites\/4\/2024\/02\/logo-sdi.jpg\",\"contentUrl\":\"https:\/\/vosgesinfo.fr\/app\/uploads\/sites\/4\/2024\/02\/logo-sdi.jpg\",\"width\":600,\"height\":600,\"caption\":\"Saint Die Info\"},\"image\":{\"@id\":\"https:\/\/vosgesinfo.fr\/saintdieinfo\/#\/schema\/logo\/image\/\"},\"sameAs\":[\"https:\/\/www.facebook.com\/Saintdieinfofr\",\"https:\/\/x.com\/VosgesInfo88\",\"https:\/\/www.youtube.com\/@vosgesinfo\"]},{\"@type\":\"Person\",\"@id\":\"https:\/\/vosgesinfo.fr\/saintdieinfo\/#\/schema\/person\/faee6704a21f3977511db84bd1cd450f\",\"name\":\"la r\u00e9daction\",\"image\":{\"@type\":\"ImageObject\",\"inLanguage\":\"fr-FR\",\"@id\":\"https:\/\/vosgesinfo.fr\/saintdieinfo\/#\/schema\/person\/image\/\",\"url\":\"https:\/\/secure.gravatar.com\/avatar\/6673d8bc6a9c17fa9a453eaa3448de834fa308c2ec9635b7aa99441a7c8d2cf6?s=96&d=mm&r=g\",\"contentUrl\":\"https:\/\/secure.gravatar.com\/avatar\/6673d8bc6a9c17fa9a453eaa3448de834fa308c2ec9635b7aa99441a7c8d2cf6?s=96&d=mm&r=g\",\"caption\":\"la r\u00e9daction\"},\"url\":\"https:\/\/vosgesinfo.fr\/saintdieinfo\/author\/redac\/\"}]}<\/script>\n<!-- \/ Yoast SEO plugin. -->","yoast_head_json":{"title":"Nompatelize \u2013 La musique s\u2019invite au Dojo Des Jumeaux - Saint Die Info","robots":{"index":"index","follow":"follow","max-snippet":"max-snippet:-1","max-image-preview":"max-image-preview:large","max-video-preview":"max-video-preview:-1"},"canonical":"https:\/\/vosgesinfo.fr\/saintdieinfo\/2022\/08\/nompatelize-musique-sinvite-dojo-jumeaux\/","twitter_card":"summary_large_image","twitter_title":"Nompatelize \u2013 La musique s\u2019invite au Dojo Des Jumeaux - Saint Die Info","twitter_description":"L\u2019ann\u00e9e scolaire 2022\/23 s\u2019ouvre en musique au Dojo des Jumeaux, puisqu\u2019il accueille une nouvelle activit\u00e9 : l\u2019initiation musicale, ainsi qu\u2019un [&hellip;]","twitter_image":"https:\/\/vosgesinfo.fr\/app\/uploads\/sites\/4\/2024\/08\/202208img-0751-1.jpg","twitter_creator":"@VosgesInfo88","twitter_site":"@VosgesInfo88","twitter_misc":{"\u00c9crit par":"la r\u00e9daction","Dur\u00e9e de lecture estim\u00e9e":"1 minute"},"schema":{"@context":"https:\/\/schema.org","@graph":[{"@type":"Article","@id":"https:\/\/vosgesinfo.fr\/saintdieinfo\/2022\/08\/nompatelize-musique-sinvite-dojo-jumeaux\/#article","isPartOf":{"@id":"https:\/\/vosgesinfo.fr\/saintdieinfo\/2022\/08\/nompatelize-musique-sinvite-dojo-jumeaux\/"},"author":{"name":"la r\u00e9daction","@id":"https:\/\/vosgesinfo.fr\/saintdieinfo\/#\/schema\/person\/faee6704a21f3977511db84bd1cd450f"},"headline":"Nompatelize \u2013 La musique s\u2019invite au Dojo Des Jumeaux","datePublished":"2022-08-31T17:35:57+00:00","dateModified":"2022-08-31T17:35:57+00:00","mainEntityOfPage":{"@id":"https:\/\/vosgesinfo.fr\/saintdieinfo\/2022\/08\/nompatelize-musique-sinvite-dojo-jumeaux\/"},"wordCount":285,"commentCount":0,"publisher":{"@id":"https:\/\/vosgesinfo.fr\/saintdieinfo\/#organization"},"image":{"@id":"https:\/\/vosgesinfo.fr\/saintdieinfo\/2022\/08\/nompatelize-musique-sinvite-dojo-jumeaux\/#primaryimage"},"thumbnailUrl":"https:\/\/vosgesinfo.fr\/app\/uploads\/sites\/4\/2024\/08\/202208img-0751-1.jpg","keywords":["Dojo des Jumeaux","Nompatelize"],"articleSection":["A la Une","Saint-Di\u00e9-des-Vosges et son Agglom\u00e9ration"],"inLanguage":"fr-FR","potentialAction":[{"@type":"CommentAction","name":"Comment","target":["https:\/\/vosgesinfo.fr\/saintdieinfo\/2022\/08\/nompatelize-musique-sinvite-dojo-jumeaux\/#respond"]}]},{"@type":"WebPage","@id":"https:\/\/vosgesinfo.fr\/saintdieinfo\/2022\/08\/nompatelize-musique-sinvite-dojo-jumeaux\/","url":"https:\/\/vosgesinfo.fr\/saintdieinfo\/2022\/08\/nompatelize-musique-sinvite-dojo-jumeaux\/","name":"Nompatelize \u2013 La musique s\u2019invite au Dojo Des Jumeaux - Saint Die Info","isPartOf":{"@id":"https:\/\/vosgesinfo.fr\/saintdieinfo\/#website"},"primaryImageOfPage":{"@id":"https:\/\/vosgesinfo.fr\/saintdieinfo\/2022\/08\/nompatelize-musique-sinvite-dojo-jumeaux\/#primaryimage"},"image":{"@id":"https:\/\/vosgesinfo.fr\/saintdieinfo\/2022\/08\/nompatelize-musique-sinvite-dojo-jumeaux\/#primaryimage"},"thumbnailUrl":"https:\/\/vosgesinfo.fr\/app\/uploads\/sites\/4\/2024\/08\/202208img-0751-1.jpg","datePublished":"2022-08-31T17:35:57+00:00","dateModified":"2022-08-31T17:35:57+00:00","breadcrumb":{"@id":"https:\/\/vosgesinfo.fr\/saintdieinfo\/2022\/08\/nompatelize-musique-sinvite-dojo-jumeaux\/#breadcrumb"},"inLanguage":"fr-FR","potentialAction":[{"@type":"ReadAction","target":["https:\/\/vosgesinfo.fr\/saintdieinfo\/2022\/08\/nompatelize-musique-sinvite-dojo-jumeaux\/"]}]},{"@type":"ImageObject","inLanguage":"fr-FR","@id":"https:\/\/vosgesinfo.fr\/saintdieinfo\/2022\/08\/nompatelize-musique-sinvite-dojo-jumeaux\/#primaryimage","url":"https:\/\/vosgesinfo.fr\/app\/uploads\/sites\/4\/2024\/08\/202208img-0751-1.jpg","contentUrl":"https:\/\/vosgesinfo.fr\/app\/uploads\/sites\/4\/2024\/08\/202208img-0751-1.jpg","width":640,"height":427},{"@type":"BreadcrumbList","@id":"https:\/\/vosgesinfo.fr\/saintdieinfo\/2022\/08\/nompatelize-musique-sinvite-dojo-jumeaux\/#breadcrumb","itemListElement":[{"@type":"ListItem","position":1,"name":"Home","item":"https:\/\/vosgesinfo.fr\/saintdieinfo\/"},{"@type":"ListItem","position":2,"name":"Nompatelize \u2013 La musique s\u2019invite au Dojo Des Jumeaux"}]},{"@type":"WebSite","@id":"https:\/\/vosgesinfo.fr\/saintdieinfo\/#website","url":"https:\/\/vosgesinfo.fr\/saintdieinfo\/","name":"Saint Die Info","description":"Toute l&#039;actualit\u00e9 de Saint-Di\u00e9-Des-Vosges","publisher":{"@id":"https:\/\/vosgesinfo.fr\/saintdieinfo\/#organization"},"alternateName":"Toute l'actualit\u00e9 de Saint-Di\u00e9-Des-Vosges","potentialAction":[{"@type":"SearchAction","target":{"@type":"EntryPoint","urlTemplate":"https:\/\/vosgesinfo.fr\/saintdieinfo\/?s={search_term_string}"},"query-input":"required name=search_term_string"}],"inLanguage":"fr-FR"},{"@type":"Organization","@id":"https:\/\/vosgesinfo.fr\/saintdieinfo\/#organization","name":"Saint Die Info","url":"https:\/\/vosgesinfo.fr\/saintdieinfo\/","logo":{"@type":"ImageObject","inLanguage":"fr-FR","@id":"https:\/\/vosgesinfo.fr\/saintdieinfo\/#\/schema\/logo\/image\/","url":"https:\/\/vosgesinfo.fr\/app\/uploads\/sites\/4\/2024\/02\/logo-sdi.jpg","contentUrl":"https:\/\/vosgesinfo.fr\/app\/uploads\/sites\/4\/2024\/02\/logo-sdi.jpg","width":600,"height":600,"caption":"Saint Die Info"},"image":{"@id":"https:\/\/vosgesinfo.fr\/saintdieinfo\/#\/schema\/logo\/image\/"},"sameAs":["https:\/\/www.facebook.com\/Saintdieinfofr","https:\/\/x.com\/VosgesInfo88","https:\/\/www.youtube.com\/@vosgesinfo"]},{"@type":"Person","@id":"https:\/\/vosgesinfo.fr\/saintdieinfo\/#\/schema\/person\/faee6704a21f3977511db84bd1cd450f","name":"la r\u00e9daction","image":{"@type":"ImageObject","inLanguage":"fr-FR","@id":"https:\/\/vosgesinfo.fr\/saintdieinfo\/#\/schema\/person\/image\/","url":"https:\/\/secure.gravatar.com\/avatar\/6673d8bc6a9c17fa9a453eaa3448de834fa308c2ec9635b7aa99441a7c8d2cf6?s=96&d=mm&r=g","contentUrl":"https:\/\/secure.gravatar.com\/avatar\/6673d8bc6a9c17fa9a453eaa3448de834fa308c2ec9635b7aa99441a7c8d2cf6?s=96&d=mm&r=g","caption":"la r\u00e9daction"},"url":"https:\/\/vosgesinfo.fr\/saintdieinfo\/author\/redac\/"}]}},"_links":{"self":[{"href":"https:\/\/vosgesinfo.fr\/saintdieinfo\/wp-json\/wp\/v2\/posts\/57083","targetHints":{"allow":["GET"]}}],"collection":[{"href":"https:\/\/vosgesinfo.fr\/saintdieinfo\/wp-json\/wp\/v2\/posts"}],"about":[{"href":"https:\/\/vosgesinfo.fr\/saintdieinfo\/wp-json\/wp\/v2\/types\/post"}],"author":[{"embeddable":true,"href":"https:\/\/vosgesinfo.fr\/saintdieinfo\/wp-json\/wp\/v2\/users\/44"}],"replies":[{"embeddable":true,"href":"https:\/\/vosgesinfo.fr\/saintdieinfo\/wp-json\/wp\/v2\/comments?post=57083"}],"version-history":[{"count":0,"href":"https:\/\/vosgesinfo.fr\/saintdieinfo\/wp-json\/wp\/v2\/posts\/57083\/revisions"}],"wp:featuredmedia":[{"embeddable":true,"href":"https:\/\/vosgesinfo.fr\/saintdieinfo\/wp-json\/wp\/v2\/media\/57084"}],"wp:attachment":[{"href":"https:\/\/vosgesinfo.fr\/saintdieinfo\/wp-json\/wp\/v2\/media?parent=57083"}],"wp:term":[{"taxonomy":"category","embeddable":true,"href":"https:\/\/vosgesinfo.fr\/saintdieinfo\/wp-json\/wp\/v2\/categories?post=57083"},{"taxonomy":"post_tag","embeddable":true,"href":"https:\/\/vosgesinfo.fr\/saintdieinfo\/wp-json\/wp\/v2\/tags?post=57083"}],"curies":[{"name":"wp","href":"https:\/\/api.w.org\/{rel}","templated":true}]}}