{"id":57165,"date":"2022-09-03T09:41:36","date_gmt":"2022-09-03T07:41:36","guid":{"rendered":"https:\/\/vosgesinfo.fr\/saintdieinfo\/2022\/09\/lartiste-rero-inaugure-centre-dart-urbain-contemporain-bombes-de-saint-die-vosges\/"},"modified":"2022-09-03T09:41:36","modified_gmt":"2022-09-03T07:41:36","slug":"lartiste-rero-inaugure-centre-dart-urbain-contemporain-bombes-de-saint-die-vosges","status":"publish","type":"post","link":"https:\/\/vosgesinfo.fr\/saintdieinfo\/2022\/09\/lartiste-rero-inaugure-centre-dart-urbain-contemporain-bombes-de-saint-die-vosges\/","title":{"rendered":"L&rsquo;artiste Rero inaugure le Centre d&rsquo;Art Urbain Contemporain \u00ab\u00a0Sous les bombes\u00a0\u00bb de Saint-Di\u00e9-des-Vosges"},"content":{"rendered":"<div id=\"attachment_189164\" style=\"width: 970px\" class=\"wp-caption aligncenter\"><a href=\"\/2022\/09\/Inauguration_Sous_les_Bombes_Rero-5.jpg\" target=\"_blank\" rel=\"noopener\"><img decoding=\"async\" aria-describedby=\"caption-attachment-189164\" class=\"wp-image-189164 size-large\" src=\"\/2022\/09\/Inauguration_Sous_les_Bombes_Rero-5-1024x683.jpg\" alt=\"Inauguration_Sous_les_Bombes_Rero (5)\" width=\"960\" height=\"640\" \/><\/a><p id=\"caption-attachment-189164\" class=\"wp-caption-text\">L&rsquo;exposition de l&rsquo;artiste Rero est visible jusqu&rsquo;au 15 octobre, les vendredis, samedi et dimanche apr\u00e8s-midis. (Photographies Marc Fourniquet)<\/p><\/div>\n<h2><strong><span style=\"font-size: 14pt;\">Il y a du changement au 35, rue Jacques-Delille \u00e0 Saint-Di\u00e9-des-Vosges. Les locaux de la Galerie 36e Art se sont mu\u00e9s en un Centre d&rsquo;Art Urbain Contemporain \u2013 CAUC. Soutenu financi\u00e8rement par la Ville, ce nouvel espace artistique a \u00e9t\u00e9 baptis\u00e9 \u00ab\u00a0Sous les bombes\u00a0\u00bb, en r\u00e9f\u00e9rence \u00e0 l&rsquo;ancien Caf\u00e9 des Ruines, qui accueille aujourd&rsquo;hui le CAUC, mais aussi en r\u00e9f\u00e9rence aux bombes a\u00e9rosols, quasi indissociables de l&rsquo;art urbain.<\/span><\/strong><\/h2>\n<p><!--more--><\/p>\n<p>Mais si la forme change, le fond reste peu ou prou identique, puisqu&rsquo;il s&rsquo;agit \u00e0 travers cette nouvelle structure de promouvoir l&rsquo;art urbain sous ses diff\u00e9rentes formes. La diff\u00e9rence notable \u00e9tant que \u00ab\u00a0Sous les bombes\u00a0\u00bb laissera une place majeure \u00e0 la cr\u00e9ation in-situ, directement sur place. Aux commandes, on retrouve toujours Romain Durain et Jennifer Fangille, qui ont invit\u00e9 l&rsquo;artiste fran\u00e7ais Rero pour inaugurer les lieux avec une premi\u00e8re exposition. Rero, dont le travail a pu \u00eatre notamment aper\u00e7u au Centre Pompidou ou \u00e0 la Fondation Vasarely, \u00ab\u00a0raye les mots pour les souligner\u00a0\u00bb \u00e0 grands renforts de punchlines et aphorismes, d&rsquo;une trahison des images, de jeux s\u00e9mantiques et de mises en pi\u00e8ces des nombreuses contradictions de l&rsquo;\u00e9poque.<\/p>\n<p>C&rsquo;est ce vendredi soir que s&rsquo;est tenu le vernissage de l&rsquo;exposition \u00ab\u00a0NTCAEQLMSD\u00a0\u00bb, acronyme de \u00ab\u00a0Notre t\u00e2che consiste \u00e0 emp\u00eacher que le monde se d\u00e9fasse\u00a0\u00bb, en pr\u00e9sence du maire Bruno Toussaint, du d\u00e9put\u00e9 David Valence et de Claude Kiener, vice-pr\u00e9sidente de la Communaut\u00e9 d&rsquo;Agglom\u00e9ration d\u00e9l\u00e9gu\u00e9e \u00e0 la Culture. Gratuite et ouverte \u00e0 tous, cette premi\u00e8re exposition pour le CAUC \u00ab\u00a0Sous les bombes\u00a0\u00bb est visible jusqu&rsquo;au 15 octobre, le vendredi de 14h \u00e0 16h, le samedi de 15h \u00e0 18h et le dimanche de 15h \u00e0 17h. Durant les Journ\u00e9es Europ\u00e9ennes du Patrimoine, qui se d\u00e9rouleront cette ann\u00e9e les 16, 17 et 18 septembre, l&rsquo;exposition sera ouverte vendredi de 14h \u00e0 17h, samedi de 14h \u00e0 18h et dimanche de 14h \u00e0 18h. Et pour celles et ceux qui se questionneraient sur l&rsquo;avenir des \u00ab\u00a0Histoires Urbaines\u00a0\u00bb, le parcours de fresques urbaines de Saint-Di\u00e9-des-Vosges, pas d&rsquo;inqui\u00e9tude car d&rsquo;autres \u0153uvres viendront le compl\u00e9ter \u00e0 l&rsquo;avenir.<\/p>\n<p>J.J.<\/p>\n\n","protected":false},"excerpt":{"rendered":"<p>Il y a du changement au 35, rue Jacques-Delille \u00e0 Saint-Di\u00e9-des-Vosges. Les locaux de la Galerie 36e Art se sont [&hellip;]<\/p>\n","protected":false},"author":44,"featured_media":57166,"comment_status":"open","ping_status":"open","sticky":false,"template":"","format":"standard","meta":{"footnotes":""},"categories":[460,8019,7847,2915],"tags":[6613,12427,12428,12429,3240],"class_list":["post-57165","post","type-post","status-publish","format-standard","has-post-thumbnail","hentry","category-a-la-une","category-vie-artistique-art-culture","category-art-culture","category-saint-die-son-canton","tag-art-urbain","tag-centre-dart-urbain-contemporaine","tag-rero","tag-sous-les-bombes","tag-ville-de-saint-die-des-vosges"],"acf":[],"yoast_head":"<!-- This site is optimized with the Yoast SEO plugin v22.5 - https:\/\/yoast.com\/wordpress\/plugins\/seo\/ -->\n<title>L&#039;artiste Rero inaugure le Centre d&#039;Art Urbain Contemporain \u00ab\u00a0Sous les bombes\u00a0\u00bb de Saint-Di\u00e9-des-Vosges - Saint Die Info<\/title>\n<meta name=\"robots\" content=\"index, follow, max-snippet:-1, max-image-preview:large, max-video-preview:-1\" \/>\n<link rel=\"canonical\" href=\"https:\/\/vosgesinfo.fr\/saintdieinfo\/2022\/09\/lartiste-rero-inaugure-centre-dart-urbain-contemporain-bombes-de-saint-die-vosges\/\" \/>\n<meta name=\"twitter:card\" content=\"summary_large_image\" \/>\n<meta name=\"twitter:title\" content=\"L&#039;artiste Rero inaugure le Centre d&#039;Art Urbain Contemporain \u00ab\u00a0Sous les bombes\u00a0\u00bb de Saint-Di\u00e9-des-Vosges - Saint Die Info\" \/>\n<meta name=\"twitter:description\" content=\"Il y a du changement au 35, rue Jacques-Delille \u00e0 Saint-Di\u00e9-des-Vosges. Les locaux de la Galerie 36e Art se sont [&hellip;]\" \/>\n<meta name=\"twitter:image\" content=\"https:\/\/vosgesinfo.fr\/app\/uploads\/sites\/4\/2024\/08\/202209inauguration-sous-les-bombes-rero-5.jpg\" \/>\n<meta name=\"twitter:creator\" content=\"@VosgesInfo88\" \/>\n<meta name=\"twitter:site\" content=\"@VosgesInfo88\" \/>\n<meta name=\"twitter:label1\" content=\"\u00c9crit par\" \/>\n\t<meta name=\"twitter:data1\" content=\"la r\u00e9daction\" \/>\n\t<meta name=\"twitter:label2\" content=\"Dur\u00e9e de lecture estim\u00e9e\" \/>\n\t<meta name=\"twitter:data2\" content=\"2 minutes\" \/>\n<script type=\"application\/ld+json\" class=\"yoast-schema-graph\">{\"@context\":\"https:\/\/schema.org\",\"@graph\":[{\"@type\":\"Article\",\"@id\":\"https:\/\/vosgesinfo.fr\/saintdieinfo\/2022\/09\/lartiste-rero-inaugure-centre-dart-urbain-contemporain-bombes-de-saint-die-vosges\/#article\",\"isPartOf\":{\"@id\":\"https:\/\/vosgesinfo.fr\/saintdieinfo\/2022\/09\/lartiste-rero-inaugure-centre-dart-urbain-contemporain-bombes-de-saint-die-vosges\/\"},\"author\":{\"name\":\"la r\u00e9daction\",\"@id\":\"https:\/\/vosgesinfo.fr\/saintdieinfo\/#\/schema\/person\/faee6704a21f3977511db84bd1cd450f\"},\"headline\":\"L&rsquo;artiste Rero inaugure le Centre d&rsquo;Art Urbain Contemporain \u00ab\u00a0Sous les bombes\u00a0\u00bb de Saint-Di\u00e9-des-Vosges\",\"datePublished\":\"2022-09-03T07:41:36+00:00\",\"dateModified\":\"2022-09-03T07:41:36+00:00\",\"mainEntityOfPage\":{\"@id\":\"https:\/\/vosgesinfo.fr\/saintdieinfo\/2022\/09\/lartiste-rero-inaugure-centre-dart-urbain-contemporain-bombes-de-saint-die-vosges\/\"},\"wordCount\":420,\"commentCount\":0,\"publisher\":{\"@id\":\"https:\/\/vosgesinfo.fr\/saintdieinfo\/#organization\"},\"image\":{\"@id\":\"https:\/\/vosgesinfo.fr\/saintdieinfo\/2022\/09\/lartiste-rero-inaugure-centre-dart-urbain-contemporain-bombes-de-saint-die-vosges\/#primaryimage\"},\"thumbnailUrl\":\"https:\/\/vosgesinfo.fr\/app\/uploads\/sites\/4\/2024\/08\/202209inauguration-sous-les-bombes-rero-5.jpg\",\"keywords\":[\"Art urbain\",\"Centre d'Art Urbain Contemporaine\",\"Rero\",\"Sous les bombes\",\"Ville de Saint-Di\u00e9-des-Vosges\"],\"articleSection\":[\"A la Une\",\"Art\",\"Culture\",\"Saint-Di\u00e9-des-Vosges et son Agglom\u00e9ration\"],\"inLanguage\":\"fr-FR\",\"potentialAction\":[{\"@type\":\"CommentAction\",\"name\":\"Comment\",\"target\":[\"https:\/\/vosgesinfo.fr\/saintdieinfo\/2022\/09\/lartiste-rero-inaugure-centre-dart-urbain-contemporain-bombes-de-saint-die-vosges\/#respond\"]}]},{\"@type\":\"WebPage\",\"@id\":\"https:\/\/vosgesinfo.fr\/saintdieinfo\/2022\/09\/lartiste-rero-inaugure-centre-dart-urbain-contemporain-bombes-de-saint-die-vosges\/\",\"url\":\"https:\/\/vosgesinfo.fr\/saintdieinfo\/2022\/09\/lartiste-rero-inaugure-centre-dart-urbain-contemporain-bombes-de-saint-die-vosges\/\",\"name\":\"L'artiste Rero inaugure le Centre d'Art Urbain Contemporain \u00ab\u00a0Sous les bombes\u00a0\u00bb de Saint-Di\u00e9-des-Vosges - Saint Die Info\",\"isPartOf\":{\"@id\":\"https:\/\/vosgesinfo.fr\/saintdieinfo\/#website\"},\"primaryImageOfPage\":{\"@id\":\"https:\/\/vosgesinfo.fr\/saintdieinfo\/2022\/09\/lartiste-rero-inaugure-centre-dart-urbain-contemporain-bombes-de-saint-die-vosges\/#primaryimage\"},\"image\":{\"@id\":\"https:\/\/vosgesinfo.fr\/saintdieinfo\/2022\/09\/lartiste-rero-inaugure-centre-dart-urbain-contemporain-bombes-de-saint-die-vosges\/#primaryimage\"},\"thumbnailUrl\":\"https:\/\/vosgesinfo.fr\/app\/uploads\/sites\/4\/2024\/08\/202209inauguration-sous-les-bombes-rero-5.jpg\",\"datePublished\":\"2022-09-03T07:41:36+00:00\",\"dateModified\":\"2022-09-03T07:41:36+00:00\",\"breadcrumb\":{\"@id\":\"https:\/\/vosgesinfo.fr\/saintdieinfo\/2022\/09\/lartiste-rero-inaugure-centre-dart-urbain-contemporain-bombes-de-saint-die-vosges\/#breadcrumb\"},\"inLanguage\":\"fr-FR\",\"potentialAction\":[{\"@type\":\"ReadAction\",\"target\":[\"https:\/\/vosgesinfo.fr\/saintdieinfo\/2022\/09\/lartiste-rero-inaugure-centre-dart-urbain-contemporain-bombes-de-saint-die-vosges\/\"]}]},{\"@type\":\"ImageObject\",\"inLanguage\":\"fr-FR\",\"@id\":\"https:\/\/vosgesinfo.fr\/saintdieinfo\/2022\/09\/lartiste-rero-inaugure-centre-dart-urbain-contemporain-bombes-de-saint-die-vosges\/#primaryimage\",\"url\":\"https:\/\/vosgesinfo.fr\/app\/uploads\/sites\/4\/2024\/08\/202209inauguration-sous-les-bombes-rero-5.jpg\",\"contentUrl\":\"https:\/\/vosgesinfo.fr\/app\/uploads\/sites\/4\/2024\/08\/202209inauguration-sous-les-bombes-rero-5.jpg\",\"width\":1024,\"height\":683},{\"@type\":\"BreadcrumbList\",\"@id\":\"https:\/\/vosgesinfo.fr\/saintdieinfo\/2022\/09\/lartiste-rero-inaugure-centre-dart-urbain-contemporain-bombes-de-saint-die-vosges\/#breadcrumb\",\"itemListElement\":[{\"@type\":\"ListItem\",\"position\":1,\"name\":\"Home\",\"item\":\"https:\/\/vosgesinfo.fr\/saintdieinfo\/\"},{\"@type\":\"ListItem\",\"position\":2,\"name\":\"L&rsquo;artiste Rero inaugure le Centre d&rsquo;Art Urbain Contemporain \u00ab\u00a0Sous les bombes\u00a0\u00bb de Saint-Di\u00e9-des-Vosges\"}]},{\"@type\":\"WebSite\",\"@id\":\"https:\/\/vosgesinfo.fr\/saintdieinfo\/#website\",\"url\":\"https:\/\/vosgesinfo.fr\/saintdieinfo\/\",\"name\":\"Saint Die Info\",\"description\":\"Toute l&#039;actualit\u00e9 de Saint-Di\u00e9-Des-Vosges\",\"publisher\":{\"@id\":\"https:\/\/vosgesinfo.fr\/saintdieinfo\/#organization\"},\"alternateName\":\"Toute l'actualit\u00e9 de Saint-Di\u00e9-Des-Vosges\",\"potentialAction\":[{\"@type\":\"SearchAction\",\"target\":{\"@type\":\"EntryPoint\",\"urlTemplate\":\"https:\/\/vosgesinfo.fr\/saintdieinfo\/?s={search_term_string}\"},\"query-input\":\"required name=search_term_string\"}],\"inLanguage\":\"fr-FR\"},{\"@type\":\"Organization\",\"@id\":\"https:\/\/vosgesinfo.fr\/saintdieinfo\/#organization\",\"name\":\"Saint Die Info\",\"url\":\"https:\/\/vosgesinfo.fr\/saintdieinfo\/\",\"logo\":{\"@type\":\"ImageObject\",\"inLanguage\":\"fr-FR\",\"@id\":\"https:\/\/vosgesinfo.fr\/saintdieinfo\/#\/schema\/logo\/image\/\",\"url\":\"https:\/\/vosgesinfo.fr\/app\/uploads\/sites\/4\/2024\/02\/logo-sdi.jpg\",\"contentUrl\":\"https:\/\/vosgesinfo.fr\/app\/uploads\/sites\/4\/2024\/02\/logo-sdi.jpg\",\"width\":600,\"height\":600,\"caption\":\"Saint Die Info\"},\"image\":{\"@id\":\"https:\/\/vosgesinfo.fr\/saintdieinfo\/#\/schema\/logo\/image\/\"},\"sameAs\":[\"https:\/\/www.facebook.com\/Saintdieinfofr\",\"https:\/\/x.com\/VosgesInfo88\",\"https:\/\/www.youtube.com\/@vosgesinfo\"]},{\"@type\":\"Person\",\"@id\":\"https:\/\/vosgesinfo.fr\/saintdieinfo\/#\/schema\/person\/faee6704a21f3977511db84bd1cd450f\",\"name\":\"la r\u00e9daction\",\"image\":{\"@type\":\"ImageObject\",\"inLanguage\":\"fr-FR\",\"@id\":\"https:\/\/vosgesinfo.fr\/saintdieinfo\/#\/schema\/person\/image\/\",\"url\":\"https:\/\/secure.gravatar.com\/avatar\/6673d8bc6a9c17fa9a453eaa3448de834fa308c2ec9635b7aa99441a7c8d2cf6?s=96&d=mm&r=g\",\"contentUrl\":\"https:\/\/secure.gravatar.com\/avatar\/6673d8bc6a9c17fa9a453eaa3448de834fa308c2ec9635b7aa99441a7c8d2cf6?s=96&d=mm&r=g\",\"caption\":\"la r\u00e9daction\"},\"url\":\"https:\/\/vosgesinfo.fr\/saintdieinfo\/author\/redac\/\"}]}<\/script>\n<!-- \/ Yoast SEO plugin. -->","yoast_head_json":{"title":"L'artiste Rero inaugure le Centre d'Art Urbain Contemporain \u00ab\u00a0Sous les bombes\u00a0\u00bb de Saint-Di\u00e9-des-Vosges - Saint Die Info","robots":{"index":"index","follow":"follow","max-snippet":"max-snippet:-1","max-image-preview":"max-image-preview:large","max-video-preview":"max-video-preview:-1"},"canonical":"https:\/\/vosgesinfo.fr\/saintdieinfo\/2022\/09\/lartiste-rero-inaugure-centre-dart-urbain-contemporain-bombes-de-saint-die-vosges\/","twitter_card":"summary_large_image","twitter_title":"L'artiste Rero inaugure le Centre d'Art Urbain Contemporain \u00ab\u00a0Sous les bombes\u00a0\u00bb de Saint-Di\u00e9-des-Vosges - Saint Die Info","twitter_description":"Il y a du changement au 35, rue Jacques-Delille \u00e0 Saint-Di\u00e9-des-Vosges. Les locaux de la Galerie 36e Art se sont [&hellip;]","twitter_image":"https:\/\/vosgesinfo.fr\/app\/uploads\/sites\/4\/2024\/08\/202209inauguration-sous-les-bombes-rero-5.jpg","twitter_creator":"@VosgesInfo88","twitter_site":"@VosgesInfo88","twitter_misc":{"\u00c9crit par":"la r\u00e9daction","Dur\u00e9e de lecture estim\u00e9e":"2 minutes"},"schema":{"@context":"https:\/\/schema.org","@graph":[{"@type":"Article","@id":"https:\/\/vosgesinfo.fr\/saintdieinfo\/2022\/09\/lartiste-rero-inaugure-centre-dart-urbain-contemporain-bombes-de-saint-die-vosges\/#article","isPartOf":{"@id":"https:\/\/vosgesinfo.fr\/saintdieinfo\/2022\/09\/lartiste-rero-inaugure-centre-dart-urbain-contemporain-bombes-de-saint-die-vosges\/"},"author":{"name":"la r\u00e9daction","@id":"https:\/\/vosgesinfo.fr\/saintdieinfo\/#\/schema\/person\/faee6704a21f3977511db84bd1cd450f"},"headline":"L&rsquo;artiste Rero inaugure le Centre d&rsquo;Art Urbain Contemporain \u00ab\u00a0Sous les bombes\u00a0\u00bb de Saint-Di\u00e9-des-Vosges","datePublished":"2022-09-03T07:41:36+00:00","dateModified":"2022-09-03T07:41:36+00:00","mainEntityOfPage":{"@id":"https:\/\/vosgesinfo.fr\/saintdieinfo\/2022\/09\/lartiste-rero-inaugure-centre-dart-urbain-contemporain-bombes-de-saint-die-vosges\/"},"wordCount":420,"commentCount":0,"publisher":{"@id":"https:\/\/vosgesinfo.fr\/saintdieinfo\/#organization"},"image":{"@id":"https:\/\/vosgesinfo.fr\/saintdieinfo\/2022\/09\/lartiste-rero-inaugure-centre-dart-urbain-contemporain-bombes-de-saint-die-vosges\/#primaryimage"},"thumbnailUrl":"https:\/\/vosgesinfo.fr\/app\/uploads\/sites\/4\/2024\/08\/202209inauguration-sous-les-bombes-rero-5.jpg","keywords":["Art urbain","Centre d'Art Urbain Contemporaine","Rero","Sous les bombes","Ville de Saint-Di\u00e9-des-Vosges"],"articleSection":["A la Une","Art","Culture","Saint-Di\u00e9-des-Vosges et son Agglom\u00e9ration"],"inLanguage":"fr-FR","potentialAction":[{"@type":"CommentAction","name":"Comment","target":["https:\/\/vosgesinfo.fr\/saintdieinfo\/2022\/09\/lartiste-rero-inaugure-centre-dart-urbain-contemporain-bombes-de-saint-die-vosges\/#respond"]}]},{"@type":"WebPage","@id":"https:\/\/vosgesinfo.fr\/saintdieinfo\/2022\/09\/lartiste-rero-inaugure-centre-dart-urbain-contemporain-bombes-de-saint-die-vosges\/","url":"https:\/\/vosgesinfo.fr\/saintdieinfo\/2022\/09\/lartiste-rero-inaugure-centre-dart-urbain-contemporain-bombes-de-saint-die-vosges\/","name":"L'artiste Rero inaugure le Centre d'Art Urbain Contemporain \u00ab\u00a0Sous les bombes\u00a0\u00bb de Saint-Di\u00e9-des-Vosges - Saint Die Info","isPartOf":{"@id":"https:\/\/vosgesinfo.fr\/saintdieinfo\/#website"},"primaryImageOfPage":{"@id":"https:\/\/vosgesinfo.fr\/saintdieinfo\/2022\/09\/lartiste-rero-inaugure-centre-dart-urbain-contemporain-bombes-de-saint-die-vosges\/#primaryimage"},"image":{"@id":"https:\/\/vosgesinfo.fr\/saintdieinfo\/2022\/09\/lartiste-rero-inaugure-centre-dart-urbain-contemporain-bombes-de-saint-die-vosges\/#primaryimage"},"thumbnailUrl":"https:\/\/vosgesinfo.fr\/app\/uploads\/sites\/4\/2024\/08\/202209inauguration-sous-les-bombes-rero-5.jpg","datePublished":"2022-09-03T07:41:36+00:00","dateModified":"2022-09-03T07:41:36+00:00","breadcrumb":{"@id":"https:\/\/vosgesinfo.fr\/saintdieinfo\/2022\/09\/lartiste-rero-inaugure-centre-dart-urbain-contemporain-bombes-de-saint-die-vosges\/#breadcrumb"},"inLanguage":"fr-FR","potentialAction":[{"@type":"ReadAction","target":["https:\/\/vosgesinfo.fr\/saintdieinfo\/2022\/09\/lartiste-rero-inaugure-centre-dart-urbain-contemporain-bombes-de-saint-die-vosges\/"]}]},{"@type":"ImageObject","inLanguage":"fr-FR","@id":"https:\/\/vosgesinfo.fr\/saintdieinfo\/2022\/09\/lartiste-rero-inaugure-centre-dart-urbain-contemporain-bombes-de-saint-die-vosges\/#primaryimage","url":"https:\/\/vosgesinfo.fr\/app\/uploads\/sites\/4\/2024\/08\/202209inauguration-sous-les-bombes-rero-5.jpg","contentUrl":"https:\/\/vosgesinfo.fr\/app\/uploads\/sites\/4\/2024\/08\/202209inauguration-sous-les-bombes-rero-5.jpg","width":1024,"height":683},{"@type":"BreadcrumbList","@id":"https:\/\/vosgesinfo.fr\/saintdieinfo\/2022\/09\/lartiste-rero-inaugure-centre-dart-urbain-contemporain-bombes-de-saint-die-vosges\/#breadcrumb","itemListElement":[{"@type":"ListItem","position":1,"name":"Home","item":"https:\/\/vosgesinfo.fr\/saintdieinfo\/"},{"@type":"ListItem","position":2,"name":"L&rsquo;artiste Rero inaugure le Centre d&rsquo;Art Urbain Contemporain \u00ab\u00a0Sous les bombes\u00a0\u00bb de Saint-Di\u00e9-des-Vosges"}]},{"@type":"WebSite","@id":"https:\/\/vosgesinfo.fr\/saintdieinfo\/#website","url":"https:\/\/vosgesinfo.fr\/saintdieinfo\/","name":"Saint Die Info","description":"Toute l&#039;actualit\u00e9 de Saint-Di\u00e9-Des-Vosges","publisher":{"@id":"https:\/\/vosgesinfo.fr\/saintdieinfo\/#organization"},"alternateName":"Toute l'actualit\u00e9 de Saint-Di\u00e9-Des-Vosges","potentialAction":[{"@type":"SearchAction","target":{"@type":"EntryPoint","urlTemplate":"https:\/\/vosgesinfo.fr\/saintdieinfo\/?s={search_term_string}"},"query-input":"required name=search_term_string"}],"inLanguage":"fr-FR"},{"@type":"Organization","@id":"https:\/\/vosgesinfo.fr\/saintdieinfo\/#organization","name":"Saint Die Info","url":"https:\/\/vosgesinfo.fr\/saintdieinfo\/","logo":{"@type":"ImageObject","inLanguage":"fr-FR","@id":"https:\/\/vosgesinfo.fr\/saintdieinfo\/#\/schema\/logo\/image\/","url":"https:\/\/vosgesinfo.fr\/app\/uploads\/sites\/4\/2024\/02\/logo-sdi.jpg","contentUrl":"https:\/\/vosgesinfo.fr\/app\/uploads\/sites\/4\/2024\/02\/logo-sdi.jpg","width":600,"height":600,"caption":"Saint Die Info"},"image":{"@id":"https:\/\/vosgesinfo.fr\/saintdieinfo\/#\/schema\/logo\/image\/"},"sameAs":["https:\/\/www.facebook.com\/Saintdieinfofr","https:\/\/x.com\/VosgesInfo88","https:\/\/www.youtube.com\/@vosgesinfo"]},{"@type":"Person","@id":"https:\/\/vosgesinfo.fr\/saintdieinfo\/#\/schema\/person\/faee6704a21f3977511db84bd1cd450f","name":"la r\u00e9daction","image":{"@type":"ImageObject","inLanguage":"fr-FR","@id":"https:\/\/vosgesinfo.fr\/saintdieinfo\/#\/schema\/person\/image\/","url":"https:\/\/secure.gravatar.com\/avatar\/6673d8bc6a9c17fa9a453eaa3448de834fa308c2ec9635b7aa99441a7c8d2cf6?s=96&d=mm&r=g","contentUrl":"https:\/\/secure.gravatar.com\/avatar\/6673d8bc6a9c17fa9a453eaa3448de834fa308c2ec9635b7aa99441a7c8d2cf6?s=96&d=mm&r=g","caption":"la r\u00e9daction"},"url":"https:\/\/vosgesinfo.fr\/saintdieinfo\/author\/redac\/"}]}},"_links":{"self":[{"href":"https:\/\/vosgesinfo.fr\/saintdieinfo\/wp-json\/wp\/v2\/posts\/57165","targetHints":{"allow":["GET"]}}],"collection":[{"href":"https:\/\/vosgesinfo.fr\/saintdieinfo\/wp-json\/wp\/v2\/posts"}],"about":[{"href":"https:\/\/vosgesinfo.fr\/saintdieinfo\/wp-json\/wp\/v2\/types\/post"}],"author":[{"embeddable":true,"href":"https:\/\/vosgesinfo.fr\/saintdieinfo\/wp-json\/wp\/v2\/users\/44"}],"replies":[{"embeddable":true,"href":"https:\/\/vosgesinfo.fr\/saintdieinfo\/wp-json\/wp\/v2\/comments?post=57165"}],"version-history":[{"count":0,"href":"https:\/\/vosgesinfo.fr\/saintdieinfo\/wp-json\/wp\/v2\/posts\/57165\/revisions"}],"wp:featuredmedia":[{"embeddable":true,"href":"https:\/\/vosgesinfo.fr\/saintdieinfo\/wp-json\/wp\/v2\/media\/57166"}],"wp:attachment":[{"href":"https:\/\/vosgesinfo.fr\/saintdieinfo\/wp-json\/wp\/v2\/media?parent=57165"}],"wp:term":[{"taxonomy":"category","embeddable":true,"href":"https:\/\/vosgesinfo.fr\/saintdieinfo\/wp-json\/wp\/v2\/categories?post=57165"},{"taxonomy":"post_tag","embeddable":true,"href":"https:\/\/vosgesinfo.fr\/saintdieinfo\/wp-json\/wp\/v2\/tags?post=57165"}],"curies":[{"name":"wp","href":"https:\/\/api.w.org\/{rel}","templated":true}]}}