{"id":57198,"date":"2022-09-04T06:45:24","date_gmt":"2022-09-04T04:45:24","guid":{"rendered":"https:\/\/vosgesinfo.fr\/saintdieinfo\/2022\/09\/marque-vie-vosges-presente-salon-maison-objet-de-paris\/"},"modified":"2022-09-04T06:45:24","modified_gmt":"2022-09-04T04:45:24","slug":"marque-vie-vosges-presente-salon-maison-objet-de-paris","status":"publish","type":"post","link":"https:\/\/vosgesinfo.fr\/saintdieinfo\/2022\/09\/marque-vie-vosges-presente-salon-maison-objet-de-paris\/","title":{"rendered":"La marque \u00ab La Vie en Vosges \u00bb pr\u00e9sente au salon Maison &#038; Objet de Paris"},"content":{"rendered":"<div id=\"attachment_189206\" style=\"width: 558px\" class=\"wp-caption aligncenter\"><a href=\"\/2022\/09\/je-vois-la-vie-en-vosges-marque.jpg\" target=\"_blank\" rel=\"noopener\"><img decoding=\"async\" aria-describedby=\"caption-attachment-189206\" class=\"wp-image-189206 size-full\" src=\"\/2022\/09\/je-vois-la-vie-en-vosges-marque.jpg\" alt=\"je-vois-la-vie-en-vosges-marque\" width=\"548\" height=\"654\" \/><\/a><p id=\"caption-attachment-189206\" class=\"wp-caption-text\">(Photographie Conseil D\u00e9partemental des Vosges)<\/p><\/div>\n<h2 class=\"x_MsoNormal\"><strong><span style=\"font-size: 14pt;\">Pour la premi\u00e8re fois, la marque \u00ab\u00a0La Vie en Vosges\u00a0\u00bb est pr\u00e9sente au salon Maison &amp; Objet de Paris, du 8 au 12 septembre 2022.<\/span><\/strong><\/h2>\n<p><!--more--><\/p>\n<p class=\"x_MsoNormal\">En 2019, le D\u00e9partement a cr\u00e9\u00e9 la marque La Vie en Vosges pour faire rayonner cette identit\u00e9 naturelle et l\u2019excellence de sa production locale \u00e0 travers des collections de produits in\u00e9dites et fabriqu\u00e9es dans les Vosges.<\/p>\n<p class=\"x_MsoNormal\">Les produits de la marque \u00ab\u00a0La Vie en Vosges\u00a0\u00bb sont d\u00e9j\u00e0 commercialis\u00e9s aux quatre coins du monde. La collection de papeterie Clairefontaine est par exemple vendue partout en Europe, aux \u00c9tats-Unis et jusqu\u2019en Australie.<\/p>\n<p class=\"x_MsoNormal\">En juin dernier, la marque \u00e9tait \u00e9galement expos\u00e9e \u00e0 l\u2019ambassade de France de Tokyo, lors de l\u2019exposition Art de Vivre \u00e0 la Fran\u00e7aise, au cours de laquelle les professionnels japonais ont pu d\u00e9couvrir les collections made in Vosges, le territoire et ses savoir-faire.<\/p>\n","protected":false},"excerpt":{"rendered":"<p>Pour la premi\u00e8re fois, la marque \u00ab\u00a0La Vie en Vosges\u00a0\u00bb est pr\u00e9sente au salon Maison &amp; Objet de Paris, du [&hellip;]<\/p>\n","protected":false},"author":44,"featured_media":57199,"comment_status":"open","ping_status":"open","sticky":false,"template":"","format":"standard","meta":{"footnotes":""},"categories":[460,18],"tags":[12434,7404,12435],"class_list":["post-57198","post","type-post","status-publish","format-standard","has-post-thumbnail","hentry","category-a-la-une","category-vosges","tag-la-vie-en-vosges","tag-paris","tag-salon-maison-et-objet-de-paris"],"acf":[],"yoast_head":"<!-- This site is optimized with the Yoast SEO plugin v22.5 - https:\/\/yoast.com\/wordpress\/plugins\/seo\/ -->\n<title>La marque \u00ab La Vie en Vosges \u00bb pr\u00e9sente au salon Maison &amp; Objet de Paris - Saint Die Info<\/title>\n<meta name=\"robots\" content=\"index, follow, max-snippet:-1, max-image-preview:large, max-video-preview:-1\" \/>\n<link rel=\"canonical\" href=\"https:\/\/vosgesinfo.fr\/saintdieinfo\/2022\/09\/marque-vie-vosges-presente-salon-maison-objet-de-paris\/\" \/>\n<meta name=\"twitter:card\" content=\"summary_large_image\" \/>\n<meta name=\"twitter:title\" content=\"La marque \u00ab La Vie en Vosges \u00bb pr\u00e9sente au salon Maison &amp; Objet de Paris - Saint Die Info\" \/>\n<meta name=\"twitter:description\" content=\"Pour la premi\u00e8re fois, la marque \u00ab\u00a0La Vie en Vosges\u00a0\u00bb est pr\u00e9sente au salon Maison &amp; Objet de Paris, du [&hellip;]\" \/>\n<meta name=\"twitter:image\" content=\"https:\/\/vosgesinfo.fr\/app\/uploads\/sites\/4\/2024\/08\/202209je-vois-la-vie-en-vosges-marque.jpg\" \/>\n<meta name=\"twitter:creator\" content=\"@VosgesInfo88\" \/>\n<meta name=\"twitter:site\" content=\"@VosgesInfo88\" \/>\n<meta name=\"twitter:label1\" content=\"\u00c9crit par\" \/>\n\t<meta name=\"twitter:data1\" content=\"la r\u00e9daction\" \/>\n\t<meta name=\"twitter:label2\" content=\"Dur\u00e9e de lecture estim\u00e9e\" \/>\n\t<meta name=\"twitter:data2\" content=\"1 minute\" \/>\n<script type=\"application\/ld+json\" class=\"yoast-schema-graph\">{\"@context\":\"https:\/\/schema.org\",\"@graph\":[{\"@type\":\"Article\",\"@id\":\"https:\/\/vosgesinfo.fr\/saintdieinfo\/2022\/09\/marque-vie-vosges-presente-salon-maison-objet-de-paris\/#article\",\"isPartOf\":{\"@id\":\"https:\/\/vosgesinfo.fr\/saintdieinfo\/2022\/09\/marque-vie-vosges-presente-salon-maison-objet-de-paris\/\"},\"author\":{\"name\":\"la r\u00e9daction\",\"@id\":\"https:\/\/vosgesinfo.fr\/saintdieinfo\/#\/schema\/person\/faee6704a21f3977511db84bd1cd450f\"},\"headline\":\"La marque \u00ab La Vie en Vosges \u00bb pr\u00e9sente au salon Maison &#038; Objet de Paris\",\"datePublished\":\"2022-09-04T04:45:24+00:00\",\"dateModified\":\"2022-09-04T04:45:24+00:00\",\"mainEntityOfPage\":{\"@id\":\"https:\/\/vosgesinfo.fr\/saintdieinfo\/2022\/09\/marque-vie-vosges-presente-salon-maison-objet-de-paris\/\"},\"wordCount\":172,\"commentCount\":0,\"publisher\":{\"@id\":\"https:\/\/vosgesinfo.fr\/saintdieinfo\/#organization\"},\"image\":{\"@id\":\"https:\/\/vosgesinfo.fr\/saintdieinfo\/2022\/09\/marque-vie-vosges-presente-salon-maison-objet-de-paris\/#primaryimage\"},\"thumbnailUrl\":\"https:\/\/vosgesinfo.fr\/app\/uploads\/sites\/4\/2024\/08\/202209je-vois-la-vie-en-vosges-marque.jpg\",\"keywords\":[\"La Vie en Vosges\",\"Paris\",\"Salon Maison et Objet de Paris\"],\"articleSection\":[\"A la Une\",\"Vosges\"],\"inLanguage\":\"fr-FR\",\"potentialAction\":[{\"@type\":\"CommentAction\",\"name\":\"Comment\",\"target\":[\"https:\/\/vosgesinfo.fr\/saintdieinfo\/2022\/09\/marque-vie-vosges-presente-salon-maison-objet-de-paris\/#respond\"]}]},{\"@type\":\"WebPage\",\"@id\":\"https:\/\/vosgesinfo.fr\/saintdieinfo\/2022\/09\/marque-vie-vosges-presente-salon-maison-objet-de-paris\/\",\"url\":\"https:\/\/vosgesinfo.fr\/saintdieinfo\/2022\/09\/marque-vie-vosges-presente-salon-maison-objet-de-paris\/\",\"name\":\"La marque \u00ab La Vie en Vosges \u00bb pr\u00e9sente au salon Maison & Objet de Paris - Saint Die Info\",\"isPartOf\":{\"@id\":\"https:\/\/vosgesinfo.fr\/saintdieinfo\/#website\"},\"primaryImageOfPage\":{\"@id\":\"https:\/\/vosgesinfo.fr\/saintdieinfo\/2022\/09\/marque-vie-vosges-presente-salon-maison-objet-de-paris\/#primaryimage\"},\"image\":{\"@id\":\"https:\/\/vosgesinfo.fr\/saintdieinfo\/2022\/09\/marque-vie-vosges-presente-salon-maison-objet-de-paris\/#primaryimage\"},\"thumbnailUrl\":\"https:\/\/vosgesinfo.fr\/app\/uploads\/sites\/4\/2024\/08\/202209je-vois-la-vie-en-vosges-marque.jpg\",\"datePublished\":\"2022-09-04T04:45:24+00:00\",\"dateModified\":\"2022-09-04T04:45:24+00:00\",\"breadcrumb\":{\"@id\":\"https:\/\/vosgesinfo.fr\/saintdieinfo\/2022\/09\/marque-vie-vosges-presente-salon-maison-objet-de-paris\/#breadcrumb\"},\"inLanguage\":\"fr-FR\",\"potentialAction\":[{\"@type\":\"ReadAction\",\"target\":[\"https:\/\/vosgesinfo.fr\/saintdieinfo\/2022\/09\/marque-vie-vosges-presente-salon-maison-objet-de-paris\/\"]}]},{\"@type\":\"ImageObject\",\"inLanguage\":\"fr-FR\",\"@id\":\"https:\/\/vosgesinfo.fr\/saintdieinfo\/2022\/09\/marque-vie-vosges-presente-salon-maison-objet-de-paris\/#primaryimage\",\"url\":\"https:\/\/vosgesinfo.fr\/app\/uploads\/sites\/4\/2024\/08\/202209je-vois-la-vie-en-vosges-marque.jpg\",\"contentUrl\":\"https:\/\/vosgesinfo.fr\/app\/uploads\/sites\/4\/2024\/08\/202209je-vois-la-vie-en-vosges-marque.jpg\",\"width\":548,\"height\":654},{\"@type\":\"BreadcrumbList\",\"@id\":\"https:\/\/vosgesinfo.fr\/saintdieinfo\/2022\/09\/marque-vie-vosges-presente-salon-maison-objet-de-paris\/#breadcrumb\",\"itemListElement\":[{\"@type\":\"ListItem\",\"position\":1,\"name\":\"Home\",\"item\":\"https:\/\/vosgesinfo.fr\/saintdieinfo\/\"},{\"@type\":\"ListItem\",\"position\":2,\"name\":\"La marque \u00ab La Vie en Vosges \u00bb pr\u00e9sente au salon Maison &#038; Objet de Paris\"}]},{\"@type\":\"WebSite\",\"@id\":\"https:\/\/vosgesinfo.fr\/saintdieinfo\/#website\",\"url\":\"https:\/\/vosgesinfo.fr\/saintdieinfo\/\",\"name\":\"Saint Die Info\",\"description\":\"Toute l&#039;actualit\u00e9 de Saint-Di\u00e9-Des-Vosges\",\"publisher\":{\"@id\":\"https:\/\/vosgesinfo.fr\/saintdieinfo\/#organization\"},\"alternateName\":\"Toute l'actualit\u00e9 de Saint-Di\u00e9-Des-Vosges\",\"potentialAction\":[{\"@type\":\"SearchAction\",\"target\":{\"@type\":\"EntryPoint\",\"urlTemplate\":\"https:\/\/vosgesinfo.fr\/saintdieinfo\/?s={search_term_string}\"},\"query-input\":\"required name=search_term_string\"}],\"inLanguage\":\"fr-FR\"},{\"@type\":\"Organization\",\"@id\":\"https:\/\/vosgesinfo.fr\/saintdieinfo\/#organization\",\"name\":\"Saint Die Info\",\"url\":\"https:\/\/vosgesinfo.fr\/saintdieinfo\/\",\"logo\":{\"@type\":\"ImageObject\",\"inLanguage\":\"fr-FR\",\"@id\":\"https:\/\/vosgesinfo.fr\/saintdieinfo\/#\/schema\/logo\/image\/\",\"url\":\"https:\/\/vosgesinfo.fr\/app\/uploads\/sites\/4\/2024\/02\/logo-sdi.jpg\",\"contentUrl\":\"https:\/\/vosgesinfo.fr\/app\/uploads\/sites\/4\/2024\/02\/logo-sdi.jpg\",\"width\":600,\"height\":600,\"caption\":\"Saint Die Info\"},\"image\":{\"@id\":\"https:\/\/vosgesinfo.fr\/saintdieinfo\/#\/schema\/logo\/image\/\"},\"sameAs\":[\"https:\/\/www.facebook.com\/Saintdieinfofr\",\"https:\/\/x.com\/VosgesInfo88\",\"https:\/\/www.youtube.com\/@vosgesinfo\"]},{\"@type\":\"Person\",\"@id\":\"https:\/\/vosgesinfo.fr\/saintdieinfo\/#\/schema\/person\/faee6704a21f3977511db84bd1cd450f\",\"name\":\"la r\u00e9daction\",\"image\":{\"@type\":\"ImageObject\",\"inLanguage\":\"fr-FR\",\"@id\":\"https:\/\/vosgesinfo.fr\/saintdieinfo\/#\/schema\/person\/image\/\",\"url\":\"https:\/\/secure.gravatar.com\/avatar\/6673d8bc6a9c17fa9a453eaa3448de834fa308c2ec9635b7aa99441a7c8d2cf6?s=96&d=mm&r=g\",\"contentUrl\":\"https:\/\/secure.gravatar.com\/avatar\/6673d8bc6a9c17fa9a453eaa3448de834fa308c2ec9635b7aa99441a7c8d2cf6?s=96&d=mm&r=g\",\"caption\":\"la r\u00e9daction\"},\"url\":\"https:\/\/vosgesinfo.fr\/saintdieinfo\/author\/redac\/\"}]}<\/script>\n<!-- \/ Yoast SEO plugin. -->","yoast_head_json":{"title":"La marque \u00ab La Vie en Vosges \u00bb pr\u00e9sente au salon Maison & Objet de Paris - Saint Die Info","robots":{"index":"index","follow":"follow","max-snippet":"max-snippet:-1","max-image-preview":"max-image-preview:large","max-video-preview":"max-video-preview:-1"},"canonical":"https:\/\/vosgesinfo.fr\/saintdieinfo\/2022\/09\/marque-vie-vosges-presente-salon-maison-objet-de-paris\/","twitter_card":"summary_large_image","twitter_title":"La marque \u00ab La Vie en Vosges \u00bb pr\u00e9sente au salon Maison & Objet de Paris - Saint Die Info","twitter_description":"Pour la premi\u00e8re fois, la marque \u00ab\u00a0La Vie en Vosges\u00a0\u00bb est pr\u00e9sente au salon Maison &amp; Objet de Paris, du [&hellip;]","twitter_image":"https:\/\/vosgesinfo.fr\/app\/uploads\/sites\/4\/2024\/08\/202209je-vois-la-vie-en-vosges-marque.jpg","twitter_creator":"@VosgesInfo88","twitter_site":"@VosgesInfo88","twitter_misc":{"\u00c9crit par":"la r\u00e9daction","Dur\u00e9e de lecture estim\u00e9e":"1 minute"},"schema":{"@context":"https:\/\/schema.org","@graph":[{"@type":"Article","@id":"https:\/\/vosgesinfo.fr\/saintdieinfo\/2022\/09\/marque-vie-vosges-presente-salon-maison-objet-de-paris\/#article","isPartOf":{"@id":"https:\/\/vosgesinfo.fr\/saintdieinfo\/2022\/09\/marque-vie-vosges-presente-salon-maison-objet-de-paris\/"},"author":{"name":"la r\u00e9daction","@id":"https:\/\/vosgesinfo.fr\/saintdieinfo\/#\/schema\/person\/faee6704a21f3977511db84bd1cd450f"},"headline":"La marque \u00ab La Vie en Vosges \u00bb pr\u00e9sente au salon Maison &#038; Objet de Paris","datePublished":"2022-09-04T04:45:24+00:00","dateModified":"2022-09-04T04:45:24+00:00","mainEntityOfPage":{"@id":"https:\/\/vosgesinfo.fr\/saintdieinfo\/2022\/09\/marque-vie-vosges-presente-salon-maison-objet-de-paris\/"},"wordCount":172,"commentCount":0,"publisher":{"@id":"https:\/\/vosgesinfo.fr\/saintdieinfo\/#organization"},"image":{"@id":"https:\/\/vosgesinfo.fr\/saintdieinfo\/2022\/09\/marque-vie-vosges-presente-salon-maison-objet-de-paris\/#primaryimage"},"thumbnailUrl":"https:\/\/vosgesinfo.fr\/app\/uploads\/sites\/4\/2024\/08\/202209je-vois-la-vie-en-vosges-marque.jpg","keywords":["La Vie en Vosges","Paris","Salon Maison et Objet de Paris"],"articleSection":["A la Une","Vosges"],"inLanguage":"fr-FR","potentialAction":[{"@type":"CommentAction","name":"Comment","target":["https:\/\/vosgesinfo.fr\/saintdieinfo\/2022\/09\/marque-vie-vosges-presente-salon-maison-objet-de-paris\/#respond"]}]},{"@type":"WebPage","@id":"https:\/\/vosgesinfo.fr\/saintdieinfo\/2022\/09\/marque-vie-vosges-presente-salon-maison-objet-de-paris\/","url":"https:\/\/vosgesinfo.fr\/saintdieinfo\/2022\/09\/marque-vie-vosges-presente-salon-maison-objet-de-paris\/","name":"La marque \u00ab La Vie en Vosges \u00bb pr\u00e9sente au salon Maison & Objet de Paris - Saint Die Info","isPartOf":{"@id":"https:\/\/vosgesinfo.fr\/saintdieinfo\/#website"},"primaryImageOfPage":{"@id":"https:\/\/vosgesinfo.fr\/saintdieinfo\/2022\/09\/marque-vie-vosges-presente-salon-maison-objet-de-paris\/#primaryimage"},"image":{"@id":"https:\/\/vosgesinfo.fr\/saintdieinfo\/2022\/09\/marque-vie-vosges-presente-salon-maison-objet-de-paris\/#primaryimage"},"thumbnailUrl":"https:\/\/vosgesinfo.fr\/app\/uploads\/sites\/4\/2024\/08\/202209je-vois-la-vie-en-vosges-marque.jpg","datePublished":"2022-09-04T04:45:24+00:00","dateModified":"2022-09-04T04:45:24+00:00","breadcrumb":{"@id":"https:\/\/vosgesinfo.fr\/saintdieinfo\/2022\/09\/marque-vie-vosges-presente-salon-maison-objet-de-paris\/#breadcrumb"},"inLanguage":"fr-FR","potentialAction":[{"@type":"ReadAction","target":["https:\/\/vosgesinfo.fr\/saintdieinfo\/2022\/09\/marque-vie-vosges-presente-salon-maison-objet-de-paris\/"]}]},{"@type":"ImageObject","inLanguage":"fr-FR","@id":"https:\/\/vosgesinfo.fr\/saintdieinfo\/2022\/09\/marque-vie-vosges-presente-salon-maison-objet-de-paris\/#primaryimage","url":"https:\/\/vosgesinfo.fr\/app\/uploads\/sites\/4\/2024\/08\/202209je-vois-la-vie-en-vosges-marque.jpg","contentUrl":"https:\/\/vosgesinfo.fr\/app\/uploads\/sites\/4\/2024\/08\/202209je-vois-la-vie-en-vosges-marque.jpg","width":548,"height":654},{"@type":"BreadcrumbList","@id":"https:\/\/vosgesinfo.fr\/saintdieinfo\/2022\/09\/marque-vie-vosges-presente-salon-maison-objet-de-paris\/#breadcrumb","itemListElement":[{"@type":"ListItem","position":1,"name":"Home","item":"https:\/\/vosgesinfo.fr\/saintdieinfo\/"},{"@type":"ListItem","position":2,"name":"La marque \u00ab La Vie en Vosges \u00bb pr\u00e9sente au salon Maison &#038; Objet de Paris"}]},{"@type":"WebSite","@id":"https:\/\/vosgesinfo.fr\/saintdieinfo\/#website","url":"https:\/\/vosgesinfo.fr\/saintdieinfo\/","name":"Saint Die Info","description":"Toute l&#039;actualit\u00e9 de Saint-Di\u00e9-Des-Vosges","publisher":{"@id":"https:\/\/vosgesinfo.fr\/saintdieinfo\/#organization"},"alternateName":"Toute l'actualit\u00e9 de Saint-Di\u00e9-Des-Vosges","potentialAction":[{"@type":"SearchAction","target":{"@type":"EntryPoint","urlTemplate":"https:\/\/vosgesinfo.fr\/saintdieinfo\/?s={search_term_string}"},"query-input":"required name=search_term_string"}],"inLanguage":"fr-FR"},{"@type":"Organization","@id":"https:\/\/vosgesinfo.fr\/saintdieinfo\/#organization","name":"Saint Die Info","url":"https:\/\/vosgesinfo.fr\/saintdieinfo\/","logo":{"@type":"ImageObject","inLanguage":"fr-FR","@id":"https:\/\/vosgesinfo.fr\/saintdieinfo\/#\/schema\/logo\/image\/","url":"https:\/\/vosgesinfo.fr\/app\/uploads\/sites\/4\/2024\/02\/logo-sdi.jpg","contentUrl":"https:\/\/vosgesinfo.fr\/app\/uploads\/sites\/4\/2024\/02\/logo-sdi.jpg","width":600,"height":600,"caption":"Saint Die Info"},"image":{"@id":"https:\/\/vosgesinfo.fr\/saintdieinfo\/#\/schema\/logo\/image\/"},"sameAs":["https:\/\/www.facebook.com\/Saintdieinfofr","https:\/\/x.com\/VosgesInfo88","https:\/\/www.youtube.com\/@vosgesinfo"]},{"@type":"Person","@id":"https:\/\/vosgesinfo.fr\/saintdieinfo\/#\/schema\/person\/faee6704a21f3977511db84bd1cd450f","name":"la r\u00e9daction","image":{"@type":"ImageObject","inLanguage":"fr-FR","@id":"https:\/\/vosgesinfo.fr\/saintdieinfo\/#\/schema\/person\/image\/","url":"https:\/\/secure.gravatar.com\/avatar\/6673d8bc6a9c17fa9a453eaa3448de834fa308c2ec9635b7aa99441a7c8d2cf6?s=96&d=mm&r=g","contentUrl":"https:\/\/secure.gravatar.com\/avatar\/6673d8bc6a9c17fa9a453eaa3448de834fa308c2ec9635b7aa99441a7c8d2cf6?s=96&d=mm&r=g","caption":"la r\u00e9daction"},"url":"https:\/\/vosgesinfo.fr\/saintdieinfo\/author\/redac\/"}]}},"_links":{"self":[{"href":"https:\/\/vosgesinfo.fr\/saintdieinfo\/wp-json\/wp\/v2\/posts\/57198","targetHints":{"allow":["GET"]}}],"collection":[{"href":"https:\/\/vosgesinfo.fr\/saintdieinfo\/wp-json\/wp\/v2\/posts"}],"about":[{"href":"https:\/\/vosgesinfo.fr\/saintdieinfo\/wp-json\/wp\/v2\/types\/post"}],"author":[{"embeddable":true,"href":"https:\/\/vosgesinfo.fr\/saintdieinfo\/wp-json\/wp\/v2\/users\/44"}],"replies":[{"embeddable":true,"href":"https:\/\/vosgesinfo.fr\/saintdieinfo\/wp-json\/wp\/v2\/comments?post=57198"}],"version-history":[{"count":0,"href":"https:\/\/vosgesinfo.fr\/saintdieinfo\/wp-json\/wp\/v2\/posts\/57198\/revisions"}],"wp:featuredmedia":[{"embeddable":true,"href":"https:\/\/vosgesinfo.fr\/saintdieinfo\/wp-json\/wp\/v2\/media\/57199"}],"wp:attachment":[{"href":"https:\/\/vosgesinfo.fr\/saintdieinfo\/wp-json\/wp\/v2\/media?parent=57198"}],"wp:term":[{"taxonomy":"category","embeddable":true,"href":"https:\/\/vosgesinfo.fr\/saintdieinfo\/wp-json\/wp\/v2\/categories?post=57198"},{"taxonomy":"post_tag","embeddable":true,"href":"https:\/\/vosgesinfo.fr\/saintdieinfo\/wp-json\/wp\/v2\/tags?post=57198"}],"curies":[{"name":"wp","href":"https:\/\/api.w.org\/{rel}","templated":true}]}}