{"id":57581,"date":"2022-09-14T08:34:17","date_gmt":"2022-09-14T06:34:17","guid":{"rendered":"https:\/\/vosgesinfo.fr\/saintdieinfo\/2022\/09\/vosges-centre-dincendie-de-secours-de-serocourt-a-ete-inaugure\/"},"modified":"2022-09-14T08:34:17","modified_gmt":"2022-09-14T06:34:17","slug":"vosges-centre-dincendie-de-secours-de-serocourt-a-ete-inaugure","status":"publish","type":"post","link":"https:\/\/vosgesinfo.fr\/saintdieinfo\/2022\/09\/vosges-centre-dincendie-de-secours-de-serocourt-a-ete-inaugure\/","title":{"rendered":"Vosges \u2013 Le Centre d&rsquo;Incendie et de Secours de S\u00e9rocourt a \u00e9t\u00e9 inaugur\u00e9"},"content":{"rendered":"<div dir=\"auto\">\n<div dir=\"auto\">\n<div id=\"attachment_189730\" style=\"width: 970px\" class=\"wp-caption aligncenter\"><a href=\"\/2022\/09\/Inauguration-CIS_S\u00e9rocourt-9.jpg\" target=\"_blank\" rel=\"noopener\"><img decoding=\"async\" aria-describedby=\"caption-attachment-189730\" class=\"wp-image-189730 size-large\" src=\"\/2022\/09\/Inauguration-CIS_S\u00e9rocourt-9-1024x527.jpg\" alt=\"Inauguration-CIS_S\u00e9rocourt (9)\" width=\"960\" height=\"494\" \/><\/a><p id=\"caption-attachment-189730\" class=\"wp-caption-text\">(Photographies Sapeurs-pompiers des Vosges)<\/p><\/div>\n<\/div>\n<h2 dir=\"auto\"><strong><span style=\"font-size: 14pt;\">Le Centre d&rsquo;Incendie et de Secours \u2013 CIS \u2013 de S\u00e9rocourt a \u00e9t\u00e9 inaugur\u00e9 le vendredi 9 septembre dernier. En pr\u00e9sence de Ga\u00ebl ROUSSEAU, souspPr\u00e9fet de Neufchateau, de Dominique PEDUZZI, pr\u00e9sident du conseil d&rsquo;administration du SDIS88, de Carole THIEBAUT-GAUDE, vice-pr\u00e9sidente du Conseil D\u00e9partemental des Vosges, ainsi que de nombreux \u00e9lus et invit\u00e9s locaux, le colonel Larry OUVRARD a dirig\u00e9 la prise d&rsquo;armes d&rsquo;inauguration et proc\u00e9d\u00e9 \u00e0 une remise de d\u00e9coration.<\/span><\/strong><\/h2>\n<\/div>\n<p><!--more--><\/p>\n<div class=\"l7ghb35v kjdc1dyq kmwttqpk gh25dzvf jikcssrz n3t5jt4f\">\n<div dir=\"auto\">A l&rsquo;issue de la c\u00e9r\u00e9monie, les autorit\u00e9s ont proc\u00e9d\u00e9 au traditionnel coup\u00e9 de ruban et \u00e0 la visite du centre. Si vous r\u00e9sidez dans les communes de Viviers-le-gras, Gign\u00e9ville, Marey, Frain, Moriz\u00e9court ou S\u00e9rocourt, et que vous souhaitez rendre service, les sapeurs-pompiers du nouveau CIS recrutent !<\/div>\n<div dir=\"auto\">\n\n<\/div>\n<\/div>\n<p>&nbsp;<\/p>\n","protected":false},"excerpt":{"rendered":"<p>Le Centre d&rsquo;Incendie et de Secours \u2013 CIS \u2013 de S\u00e9rocourt a \u00e9t\u00e9 inaugur\u00e9 le vendredi 9 septembre dernier. En [&hellip;]<\/p>\n","protected":false},"author":44,"featured_media":57582,"comment_status":"open","ping_status":"open","sticky":false,"template":"","format":"standard","meta":{"footnotes":""},"categories":[460,18],"tags":[12546,12547,1017,1553,12548],"class_list":["post-57581","post","type-post","status-publish","format-standard","has-post-thumbnail","hentry","category-a-la-une","category-vosges","tag-centre-dincendie-et-de-secours-de-serocourt","tag-inauguration-du-cis-de-serocourt","tag-sapeurs-pompiers-des-vosges","tag-sdis88","tag-serocourt"],"acf":[],"yoast_head":"<!-- This site is optimized with the Yoast SEO plugin v22.5 - https:\/\/yoast.com\/wordpress\/plugins\/seo\/ -->\n<title>Vosges \u2013 Le Centre d&#039;Incendie et de Secours de S\u00e9rocourt a \u00e9t\u00e9 inaugur\u00e9 - Saint Die Info<\/title>\n<meta name=\"robots\" content=\"index, follow, max-snippet:-1, max-image-preview:large, max-video-preview:-1\" \/>\n<link rel=\"canonical\" href=\"https:\/\/vosgesinfo.fr\/saintdieinfo\/2022\/09\/vosges-centre-dincendie-de-secours-de-serocourt-a-ete-inaugure\/\" \/>\n<meta name=\"twitter:card\" content=\"summary_large_image\" \/>\n<meta name=\"twitter:title\" content=\"Vosges \u2013 Le Centre d&#039;Incendie et de Secours de S\u00e9rocourt a \u00e9t\u00e9 inaugur\u00e9 - Saint Die Info\" \/>\n<meta name=\"twitter:description\" content=\"Le Centre d&rsquo;Incendie et de Secours \u2013 CIS \u2013 de S\u00e9rocourt a \u00e9t\u00e9 inaugur\u00e9 le vendredi 9 septembre dernier. En [&hellip;]\" \/>\n<meta name=\"twitter:image\" content=\"https:\/\/vosgesinfo.fr\/app\/uploads\/sites\/4\/2024\/08\/202209inauguration-cis-serocourt-9-1.jpg\" \/>\n<meta name=\"twitter:creator\" content=\"@VosgesInfo88\" \/>\n<meta name=\"twitter:site\" content=\"@VosgesInfo88\" \/>\n<meta name=\"twitter:label1\" content=\"\u00c9crit par\" \/>\n\t<meta name=\"twitter:data1\" content=\"la r\u00e9daction\" \/>\n\t<meta name=\"twitter:label2\" content=\"Dur\u00e9e de lecture estim\u00e9e\" \/>\n\t<meta name=\"twitter:data2\" content=\"1 minute\" \/>\n<script type=\"application\/ld+json\" class=\"yoast-schema-graph\">{\"@context\":\"https:\/\/schema.org\",\"@graph\":[{\"@type\":\"Article\",\"@id\":\"https:\/\/vosgesinfo.fr\/saintdieinfo\/2022\/09\/vosges-centre-dincendie-de-secours-de-serocourt-a-ete-inaugure\/#article\",\"isPartOf\":{\"@id\":\"https:\/\/vosgesinfo.fr\/saintdieinfo\/2022\/09\/vosges-centre-dincendie-de-secours-de-serocourt-a-ete-inaugure\/\"},\"author\":{\"name\":\"la r\u00e9daction\",\"@id\":\"https:\/\/vosgesinfo.fr\/saintdieinfo\/#\/schema\/person\/faee6704a21f3977511db84bd1cd450f\"},\"headline\":\"Vosges \u2013 Le Centre d&rsquo;Incendie et de Secours de S\u00e9rocourt a \u00e9t\u00e9 inaugur\u00e9\",\"datePublished\":\"2022-09-14T06:34:17+00:00\",\"dateModified\":\"2022-09-14T06:34:17+00:00\",\"mainEntityOfPage\":{\"@id\":\"https:\/\/vosgesinfo.fr\/saintdieinfo\/2022\/09\/vosges-centre-dincendie-de-secours-de-serocourt-a-ete-inaugure\/\"},\"wordCount\":166,\"commentCount\":0,\"publisher\":{\"@id\":\"https:\/\/vosgesinfo.fr\/saintdieinfo\/#organization\"},\"image\":{\"@id\":\"https:\/\/vosgesinfo.fr\/saintdieinfo\/2022\/09\/vosges-centre-dincendie-de-secours-de-serocourt-a-ete-inaugure\/#primaryimage\"},\"thumbnailUrl\":\"https:\/\/vosgesinfo.fr\/app\/uploads\/sites\/4\/2024\/08\/202209inauguration-cis-serocourt-9-1.jpg\",\"keywords\":[\"Centre d'Incendie et de Secours de S\u00e9rocourt\",\"Inauguration du CIS de S\u00e9rocourt\",\"sapeurs-pompiers des Vosges\",\"Sdis88\",\"S\u00e9rocourt\"],\"articleSection\":[\"A la Une\",\"Vosges\"],\"inLanguage\":\"fr-FR\",\"potentialAction\":[{\"@type\":\"CommentAction\",\"name\":\"Comment\",\"target\":[\"https:\/\/vosgesinfo.fr\/saintdieinfo\/2022\/09\/vosges-centre-dincendie-de-secours-de-serocourt-a-ete-inaugure\/#respond\"]}]},{\"@type\":\"WebPage\",\"@id\":\"https:\/\/vosgesinfo.fr\/saintdieinfo\/2022\/09\/vosges-centre-dincendie-de-secours-de-serocourt-a-ete-inaugure\/\",\"url\":\"https:\/\/vosgesinfo.fr\/saintdieinfo\/2022\/09\/vosges-centre-dincendie-de-secours-de-serocourt-a-ete-inaugure\/\",\"name\":\"Vosges \u2013 Le Centre d'Incendie et de Secours de S\u00e9rocourt a \u00e9t\u00e9 inaugur\u00e9 - Saint Die Info\",\"isPartOf\":{\"@id\":\"https:\/\/vosgesinfo.fr\/saintdieinfo\/#website\"},\"primaryImageOfPage\":{\"@id\":\"https:\/\/vosgesinfo.fr\/saintdieinfo\/2022\/09\/vosges-centre-dincendie-de-secours-de-serocourt-a-ete-inaugure\/#primaryimage\"},\"image\":{\"@id\":\"https:\/\/vosgesinfo.fr\/saintdieinfo\/2022\/09\/vosges-centre-dincendie-de-secours-de-serocourt-a-ete-inaugure\/#primaryimage\"},\"thumbnailUrl\":\"https:\/\/vosgesinfo.fr\/app\/uploads\/sites\/4\/2024\/08\/202209inauguration-cis-serocourt-9-1.jpg\",\"datePublished\":\"2022-09-14T06:34:17+00:00\",\"dateModified\":\"2022-09-14T06:34:17+00:00\",\"breadcrumb\":{\"@id\":\"https:\/\/vosgesinfo.fr\/saintdieinfo\/2022\/09\/vosges-centre-dincendie-de-secours-de-serocourt-a-ete-inaugure\/#breadcrumb\"},\"inLanguage\":\"fr-FR\",\"potentialAction\":[{\"@type\":\"ReadAction\",\"target\":[\"https:\/\/vosgesinfo.fr\/saintdieinfo\/2022\/09\/vosges-centre-dincendie-de-secours-de-serocourt-a-ete-inaugure\/\"]}]},{\"@type\":\"ImageObject\",\"inLanguage\":\"fr-FR\",\"@id\":\"https:\/\/vosgesinfo.fr\/saintdieinfo\/2022\/09\/vosges-centre-dincendie-de-secours-de-serocourt-a-ete-inaugure\/#primaryimage\",\"url\":\"https:\/\/vosgesinfo.fr\/app\/uploads\/sites\/4\/2024\/08\/202209inauguration-cis-serocourt-9-1.jpg\",\"contentUrl\":\"https:\/\/vosgesinfo.fr\/app\/uploads\/sites\/4\/2024\/08\/202209inauguration-cis-serocourt-9-1.jpg\",\"width\":2048,\"height\":1054},{\"@type\":\"BreadcrumbList\",\"@id\":\"https:\/\/vosgesinfo.fr\/saintdieinfo\/2022\/09\/vosges-centre-dincendie-de-secours-de-serocourt-a-ete-inaugure\/#breadcrumb\",\"itemListElement\":[{\"@type\":\"ListItem\",\"position\":1,\"name\":\"Home\",\"item\":\"https:\/\/vosgesinfo.fr\/saintdieinfo\/\"},{\"@type\":\"ListItem\",\"position\":2,\"name\":\"Vosges \u2013 Le Centre d&rsquo;Incendie et de Secours de S\u00e9rocourt a \u00e9t\u00e9 inaugur\u00e9\"}]},{\"@type\":\"WebSite\",\"@id\":\"https:\/\/vosgesinfo.fr\/saintdieinfo\/#website\",\"url\":\"https:\/\/vosgesinfo.fr\/saintdieinfo\/\",\"name\":\"Saint Die Info\",\"description\":\"Toute l&#039;actualit\u00e9 de Saint-Di\u00e9-Des-Vosges\",\"publisher\":{\"@id\":\"https:\/\/vosgesinfo.fr\/saintdieinfo\/#organization\"},\"alternateName\":\"Toute l'actualit\u00e9 de Saint-Di\u00e9-Des-Vosges\",\"potentialAction\":[{\"@type\":\"SearchAction\",\"target\":{\"@type\":\"EntryPoint\",\"urlTemplate\":\"https:\/\/vosgesinfo.fr\/saintdieinfo\/?s={search_term_string}\"},\"query-input\":\"required name=search_term_string\"}],\"inLanguage\":\"fr-FR\"},{\"@type\":\"Organization\",\"@id\":\"https:\/\/vosgesinfo.fr\/saintdieinfo\/#organization\",\"name\":\"Saint Die Info\",\"url\":\"https:\/\/vosgesinfo.fr\/saintdieinfo\/\",\"logo\":{\"@type\":\"ImageObject\",\"inLanguage\":\"fr-FR\",\"@id\":\"https:\/\/vosgesinfo.fr\/saintdieinfo\/#\/schema\/logo\/image\/\",\"url\":\"https:\/\/vosgesinfo.fr\/app\/uploads\/sites\/4\/2024\/02\/logo-sdi.jpg\",\"contentUrl\":\"https:\/\/vosgesinfo.fr\/app\/uploads\/sites\/4\/2024\/02\/logo-sdi.jpg\",\"width\":600,\"height\":600,\"caption\":\"Saint Die Info\"},\"image\":{\"@id\":\"https:\/\/vosgesinfo.fr\/saintdieinfo\/#\/schema\/logo\/image\/\"},\"sameAs\":[\"https:\/\/www.facebook.com\/Saintdieinfofr\",\"https:\/\/x.com\/VosgesInfo88\",\"https:\/\/www.youtube.com\/@vosgesinfo\"]},{\"@type\":\"Person\",\"@id\":\"https:\/\/vosgesinfo.fr\/saintdieinfo\/#\/schema\/person\/faee6704a21f3977511db84bd1cd450f\",\"name\":\"la r\u00e9daction\",\"image\":{\"@type\":\"ImageObject\",\"inLanguage\":\"fr-FR\",\"@id\":\"https:\/\/vosgesinfo.fr\/saintdieinfo\/#\/schema\/person\/image\/\",\"url\":\"https:\/\/secure.gravatar.com\/avatar\/6673d8bc6a9c17fa9a453eaa3448de834fa308c2ec9635b7aa99441a7c8d2cf6?s=96&d=mm&r=g\",\"contentUrl\":\"https:\/\/secure.gravatar.com\/avatar\/6673d8bc6a9c17fa9a453eaa3448de834fa308c2ec9635b7aa99441a7c8d2cf6?s=96&d=mm&r=g\",\"caption\":\"la r\u00e9daction\"},\"url\":\"https:\/\/vosgesinfo.fr\/saintdieinfo\/author\/redac\/\"}]}<\/script>\n<!-- \/ Yoast SEO plugin. -->","yoast_head_json":{"title":"Vosges \u2013 Le Centre d'Incendie et de Secours de S\u00e9rocourt a \u00e9t\u00e9 inaugur\u00e9 - Saint Die Info","robots":{"index":"index","follow":"follow","max-snippet":"max-snippet:-1","max-image-preview":"max-image-preview:large","max-video-preview":"max-video-preview:-1"},"canonical":"https:\/\/vosgesinfo.fr\/saintdieinfo\/2022\/09\/vosges-centre-dincendie-de-secours-de-serocourt-a-ete-inaugure\/","twitter_card":"summary_large_image","twitter_title":"Vosges \u2013 Le Centre d'Incendie et de Secours de S\u00e9rocourt a \u00e9t\u00e9 inaugur\u00e9 - Saint Die Info","twitter_description":"Le Centre d&rsquo;Incendie et de Secours \u2013 CIS \u2013 de S\u00e9rocourt a \u00e9t\u00e9 inaugur\u00e9 le vendredi 9 septembre dernier. En [&hellip;]","twitter_image":"https:\/\/vosgesinfo.fr\/app\/uploads\/sites\/4\/2024\/08\/202209inauguration-cis-serocourt-9-1.jpg","twitter_creator":"@VosgesInfo88","twitter_site":"@VosgesInfo88","twitter_misc":{"\u00c9crit par":"la r\u00e9daction","Dur\u00e9e de lecture estim\u00e9e":"1 minute"},"schema":{"@context":"https:\/\/schema.org","@graph":[{"@type":"Article","@id":"https:\/\/vosgesinfo.fr\/saintdieinfo\/2022\/09\/vosges-centre-dincendie-de-secours-de-serocourt-a-ete-inaugure\/#article","isPartOf":{"@id":"https:\/\/vosgesinfo.fr\/saintdieinfo\/2022\/09\/vosges-centre-dincendie-de-secours-de-serocourt-a-ete-inaugure\/"},"author":{"name":"la r\u00e9daction","@id":"https:\/\/vosgesinfo.fr\/saintdieinfo\/#\/schema\/person\/faee6704a21f3977511db84bd1cd450f"},"headline":"Vosges \u2013 Le Centre d&rsquo;Incendie et de Secours de S\u00e9rocourt a \u00e9t\u00e9 inaugur\u00e9","datePublished":"2022-09-14T06:34:17+00:00","dateModified":"2022-09-14T06:34:17+00:00","mainEntityOfPage":{"@id":"https:\/\/vosgesinfo.fr\/saintdieinfo\/2022\/09\/vosges-centre-dincendie-de-secours-de-serocourt-a-ete-inaugure\/"},"wordCount":166,"commentCount":0,"publisher":{"@id":"https:\/\/vosgesinfo.fr\/saintdieinfo\/#organization"},"image":{"@id":"https:\/\/vosgesinfo.fr\/saintdieinfo\/2022\/09\/vosges-centre-dincendie-de-secours-de-serocourt-a-ete-inaugure\/#primaryimage"},"thumbnailUrl":"https:\/\/vosgesinfo.fr\/app\/uploads\/sites\/4\/2024\/08\/202209inauguration-cis-serocourt-9-1.jpg","keywords":["Centre d'Incendie et de Secours de S\u00e9rocourt","Inauguration du CIS de S\u00e9rocourt","sapeurs-pompiers des Vosges","Sdis88","S\u00e9rocourt"],"articleSection":["A la Une","Vosges"],"inLanguage":"fr-FR","potentialAction":[{"@type":"CommentAction","name":"Comment","target":["https:\/\/vosgesinfo.fr\/saintdieinfo\/2022\/09\/vosges-centre-dincendie-de-secours-de-serocourt-a-ete-inaugure\/#respond"]}]},{"@type":"WebPage","@id":"https:\/\/vosgesinfo.fr\/saintdieinfo\/2022\/09\/vosges-centre-dincendie-de-secours-de-serocourt-a-ete-inaugure\/","url":"https:\/\/vosgesinfo.fr\/saintdieinfo\/2022\/09\/vosges-centre-dincendie-de-secours-de-serocourt-a-ete-inaugure\/","name":"Vosges \u2013 Le Centre d'Incendie et de Secours de S\u00e9rocourt a \u00e9t\u00e9 inaugur\u00e9 - Saint Die Info","isPartOf":{"@id":"https:\/\/vosgesinfo.fr\/saintdieinfo\/#website"},"primaryImageOfPage":{"@id":"https:\/\/vosgesinfo.fr\/saintdieinfo\/2022\/09\/vosges-centre-dincendie-de-secours-de-serocourt-a-ete-inaugure\/#primaryimage"},"image":{"@id":"https:\/\/vosgesinfo.fr\/saintdieinfo\/2022\/09\/vosges-centre-dincendie-de-secours-de-serocourt-a-ete-inaugure\/#primaryimage"},"thumbnailUrl":"https:\/\/vosgesinfo.fr\/app\/uploads\/sites\/4\/2024\/08\/202209inauguration-cis-serocourt-9-1.jpg","datePublished":"2022-09-14T06:34:17+00:00","dateModified":"2022-09-14T06:34:17+00:00","breadcrumb":{"@id":"https:\/\/vosgesinfo.fr\/saintdieinfo\/2022\/09\/vosges-centre-dincendie-de-secours-de-serocourt-a-ete-inaugure\/#breadcrumb"},"inLanguage":"fr-FR","potentialAction":[{"@type":"ReadAction","target":["https:\/\/vosgesinfo.fr\/saintdieinfo\/2022\/09\/vosges-centre-dincendie-de-secours-de-serocourt-a-ete-inaugure\/"]}]},{"@type":"ImageObject","inLanguage":"fr-FR","@id":"https:\/\/vosgesinfo.fr\/saintdieinfo\/2022\/09\/vosges-centre-dincendie-de-secours-de-serocourt-a-ete-inaugure\/#primaryimage","url":"https:\/\/vosgesinfo.fr\/app\/uploads\/sites\/4\/2024\/08\/202209inauguration-cis-serocourt-9-1.jpg","contentUrl":"https:\/\/vosgesinfo.fr\/app\/uploads\/sites\/4\/2024\/08\/202209inauguration-cis-serocourt-9-1.jpg","width":2048,"height":1054},{"@type":"BreadcrumbList","@id":"https:\/\/vosgesinfo.fr\/saintdieinfo\/2022\/09\/vosges-centre-dincendie-de-secours-de-serocourt-a-ete-inaugure\/#breadcrumb","itemListElement":[{"@type":"ListItem","position":1,"name":"Home","item":"https:\/\/vosgesinfo.fr\/saintdieinfo\/"},{"@type":"ListItem","position":2,"name":"Vosges \u2013 Le Centre d&rsquo;Incendie et de Secours de S\u00e9rocourt a \u00e9t\u00e9 inaugur\u00e9"}]},{"@type":"WebSite","@id":"https:\/\/vosgesinfo.fr\/saintdieinfo\/#website","url":"https:\/\/vosgesinfo.fr\/saintdieinfo\/","name":"Saint Die Info","description":"Toute l&#039;actualit\u00e9 de Saint-Di\u00e9-Des-Vosges","publisher":{"@id":"https:\/\/vosgesinfo.fr\/saintdieinfo\/#organization"},"alternateName":"Toute l'actualit\u00e9 de Saint-Di\u00e9-Des-Vosges","potentialAction":[{"@type":"SearchAction","target":{"@type":"EntryPoint","urlTemplate":"https:\/\/vosgesinfo.fr\/saintdieinfo\/?s={search_term_string}"},"query-input":"required name=search_term_string"}],"inLanguage":"fr-FR"},{"@type":"Organization","@id":"https:\/\/vosgesinfo.fr\/saintdieinfo\/#organization","name":"Saint Die Info","url":"https:\/\/vosgesinfo.fr\/saintdieinfo\/","logo":{"@type":"ImageObject","inLanguage":"fr-FR","@id":"https:\/\/vosgesinfo.fr\/saintdieinfo\/#\/schema\/logo\/image\/","url":"https:\/\/vosgesinfo.fr\/app\/uploads\/sites\/4\/2024\/02\/logo-sdi.jpg","contentUrl":"https:\/\/vosgesinfo.fr\/app\/uploads\/sites\/4\/2024\/02\/logo-sdi.jpg","width":600,"height":600,"caption":"Saint Die Info"},"image":{"@id":"https:\/\/vosgesinfo.fr\/saintdieinfo\/#\/schema\/logo\/image\/"},"sameAs":["https:\/\/www.facebook.com\/Saintdieinfofr","https:\/\/x.com\/VosgesInfo88","https:\/\/www.youtube.com\/@vosgesinfo"]},{"@type":"Person","@id":"https:\/\/vosgesinfo.fr\/saintdieinfo\/#\/schema\/person\/faee6704a21f3977511db84bd1cd450f","name":"la r\u00e9daction","image":{"@type":"ImageObject","inLanguage":"fr-FR","@id":"https:\/\/vosgesinfo.fr\/saintdieinfo\/#\/schema\/person\/image\/","url":"https:\/\/secure.gravatar.com\/avatar\/6673d8bc6a9c17fa9a453eaa3448de834fa308c2ec9635b7aa99441a7c8d2cf6?s=96&d=mm&r=g","contentUrl":"https:\/\/secure.gravatar.com\/avatar\/6673d8bc6a9c17fa9a453eaa3448de834fa308c2ec9635b7aa99441a7c8d2cf6?s=96&d=mm&r=g","caption":"la r\u00e9daction"},"url":"https:\/\/vosgesinfo.fr\/saintdieinfo\/author\/redac\/"}]}},"_links":{"self":[{"href":"https:\/\/vosgesinfo.fr\/saintdieinfo\/wp-json\/wp\/v2\/posts\/57581","targetHints":{"allow":["GET"]}}],"collection":[{"href":"https:\/\/vosgesinfo.fr\/saintdieinfo\/wp-json\/wp\/v2\/posts"}],"about":[{"href":"https:\/\/vosgesinfo.fr\/saintdieinfo\/wp-json\/wp\/v2\/types\/post"}],"author":[{"embeddable":true,"href":"https:\/\/vosgesinfo.fr\/saintdieinfo\/wp-json\/wp\/v2\/users\/44"}],"replies":[{"embeddable":true,"href":"https:\/\/vosgesinfo.fr\/saintdieinfo\/wp-json\/wp\/v2\/comments?post=57581"}],"version-history":[{"count":0,"href":"https:\/\/vosgesinfo.fr\/saintdieinfo\/wp-json\/wp\/v2\/posts\/57581\/revisions"}],"wp:featuredmedia":[{"embeddable":true,"href":"https:\/\/vosgesinfo.fr\/saintdieinfo\/wp-json\/wp\/v2\/media\/57582"}],"wp:attachment":[{"href":"https:\/\/vosgesinfo.fr\/saintdieinfo\/wp-json\/wp\/v2\/media?parent=57581"}],"wp:term":[{"taxonomy":"category","embeddable":true,"href":"https:\/\/vosgesinfo.fr\/saintdieinfo\/wp-json\/wp\/v2\/categories?post=57581"},{"taxonomy":"post_tag","embeddable":true,"href":"https:\/\/vosgesinfo.fr\/saintdieinfo\/wp-json\/wp\/v2\/tags?post=57581"}],"curies":[{"name":"wp","href":"https:\/\/api.w.org\/{rel}","templated":true}]}}