{"id":57583,"date":"2022-09-14T08:39:13","date_gmt":"2022-09-14T06:39:13","guid":{"rendered":"https:\/\/vosgesinfo.fr\/saintdieinfo\/2022\/09\/production-31e-episode-de-capitaine-marleau-lance-second-casting\/"},"modified":"2022-09-14T08:39:13","modified_gmt":"2022-09-14T06:39:13","slug":"production-31e-episode-de-capitaine-marleau-lance-second-casting","status":"publish","type":"post","link":"https:\/\/vosgesinfo.fr\/saintdieinfo\/2022\/09\/production-31e-episode-de-capitaine-marleau-lance-second-casting\/","title":{"rendered":"La production du 31e \u00e9pisode de Capitaine Marleau lance un second casting"},"content":{"rendered":"<div class=\"m8h3af8h l7ghb35v kjdc1dyq kmwttqpk gh25dzvf n3t5jt4f\">\n<div dir=\"auto\">\n<div id=\"attachment_189438\" style=\"width: 680px\" class=\"wp-caption aligncenter\"><a href=\"\/2022\/09\/Capitaine_Marleau.jpg\" target=\"_blank\" rel=\"noopener\"><img decoding=\"async\" aria-describedby=\"caption-attachment-189438\" class=\"wp-image-189438 size-full\" src=\"\/2022\/09\/Capitaine_Marleau.jpg\" alt=\"Capitaine_Marleau\" width=\"670\" height=\"440\" \/><\/a><p id=\"caption-attachment-189438\" class=\"wp-caption-text\">Corinne Masiero tient le r\u00f4le de Capitaine Marleau. (Illustration)<\/p><\/div>\n<h2><strong><span style=\"font-size: 14pt;\">Corinne Masiero sera bient\u00f4t de retour dans les Vosges pour le tournage du 31e \u00e9pisode de la s\u00e9rie \u00ab\u00a0Capitaine Marleau\u00a0\u00bb, qui se d\u00e9roulera du 20 septembre au 7 octobre (<a href=\"https:\/\/saintdieinfo.fr\/2022\/09\/capitaine-marleau-bientot-de-retour-vosges\/\" target=\"_blank\" rel=\"noopener\">lire notre article<\/a>). La production avait lanc\u00e9 ce jeudi un appel sur la page Facebook \u00ab\u00a0Tournages Grand Est\u00a0\u00bb pour trouver des figurants. C&rsquo;est sur cette m\u00eame page qu&rsquo;un second casting figuration ce mardi. Tous les d\u00e9tails sont \u00e0 retrouver ci-dessous :<\/span><br \/>\n<\/strong><\/h2>\n<\/div>\n<\/div>\n<p><!--more--><\/p>\n<div class=\"l7ghb35v kjdc1dyq kmwttqpk gh25dzvf jikcssrz n3t5jt4f\">\n<div dir=\"auto\">Projet : Capitaine Marleau \u00e9pisode 31<\/div>\n<div dir=\"auto\">R\u00e9alisatrice : Jos\u00e9e Dayan<\/div>\n<div dir=\"auto\">Production : Passion Films<\/div>\n<div dir=\"auto\">Lieu : D\u00e9partement des Vosges \/ <a class=\"qi72231t nu7423ey n3hqoq4p r86q59rh b3qcqh3k fq87ekyn bdao358l fsf7x5fv rse6dlih s5oniofx m8h3af8h l7ghb35v kjdc1dyq kmwttqpk srn514ro oxkhqvkx rl78xhln nch0832m cr00lzj9 rn8ck1ys s3jn8y49 icdlwmnq cxfqmxzd d1w2l3lo tes86rjd\" tabindex=\"0\" href=\"https:\/\/www.facebook.com\/culturecnous\/?__cft__[0]=AZWLmtC_v3LM1OuWoewxjQxp8Y7BhrqYG2vndgfghKwX-aEK1xU_neBEEbxH-abxyuS1EoQXwswCBHzBMA5VElYpje4kimOMzSVQGS0vEBXBkzbFV7yu6cwhwFyQQYpH9sviQTETTWoLI5G-v-pfJdAG&amp;__tn__=kK-R\" target=\"_blank\" rel=\"noopener\"><span class=\"rse6dlih\">Culture C Nous<\/span><\/a><\/div>\n<div dir=\"auto\">Dates de tournage : 22 septembre au 5 octobre<\/div>\n<\/div>\n<div class=\"l7ghb35v kjdc1dyq kmwttqpk gh25dzvf jikcssrz n3t5jt4f\">\n<div dir=\"auto\">\u2192 RECHERCHE<\/div>\n<div dir=\"auto\">La production est \u00e0 la recherche de figurants :<\/div>\n<\/div>\n<div class=\"l7ghb35v kjdc1dyq kmwttqpk gh25dzvf jikcssrz n3t5jt4f\">\n<div dir=\"auto\">&#8211; des personnes ayant le C.A.C.E.S (certificat d\u2019aptitude \u00e0 la conduite en s\u00e9curit\u00e9 tracteurs agricoles).<\/div>\n<div dir=\"auto\">Il faut \u00eatre disponible le plus de dates possibles entre le 22 septembre et 5 octobre.<\/div>\n<\/div>\n<div class=\"l7ghb35v kjdc1dyq kmwttqpk gh25dzvf jikcssrz n3t5jt4f\">\n<div dir=\"auto\">&#8211; des FEMMES sachant utiliser une tron\u00e7onneuse.<\/div>\n<div dir=\"auto\">Date de tournage le 30 Septembre pr\u00e8s de Bruy\u00e8res.<\/div>\n<\/div>\n<div class=\"l7ghb35v kjdc1dyq kmwttqpk gh25dzvf jikcssrz n3t5jt4f\">\n<div dir=\"auto\">\u2192 CANDIDATURES<\/div>\n<div dir=\"auto\">Merci de postuler avec photos et coordonn\u00e9es \u00e0<\/div>\n<div dir=\"auto\">\u25ba\u25ba\u25ba <a href=\"mailto:capitainemarleaucasting@gmail.com\" target=\"_blank\" rel=\"noopener\">capitainemarleaucasting@gmail.com<\/a><\/div>\n<div dir=\"auto\">avec en objet \u00ab\u00a0CACES\u00a0\u00bb ou \u00ab\u00a0Femme Tron\u00e7onneuse\u00a0\u00bb<\/div>\n<\/div>\n<div class=\"l7ghb35v kjdc1dyq kmwttqpk gh25dzvf jikcssrz n3t5jt4f\">\n<div dir=\"auto\">\u2192 CONDITIONS<\/div>\n<div dir=\"auto\">R\u00e9mun\u00e9ration : cachet 105,61\u20ac brut<\/div>\n<\/div>\n<div class=\"l7ghb35v kjdc1dyq kmwttqpk gh25dzvf jikcssrz n3t5jt4f\">\n<div dir=\"auto\">&#8211; &#8211; &#8211;<\/div>\n<div dir=\"auto\">Le projet est accompagn\u00e9 par le Bureau d\u2019accueil des tournages de l&rsquo;<a class=\"qi72231t nu7423ey n3hqoq4p r86q59rh b3qcqh3k fq87ekyn bdao358l fsf7x5fv rse6dlih s5oniofx m8h3af8h l7ghb35v kjdc1dyq kmwttqpk srn514ro oxkhqvkx rl78xhln nch0832m cr00lzj9 rn8ck1ys s3jn8y49 icdlwmnq cxfqmxzd d1w2l3lo tes86rjd\" tabindex=\"0\" href=\"https:\/\/www.facebook.com\/Agence-Culturelle-Grand-Est-465686063941867\/?__cft__[0]=AZWLmtC_v3LM1OuWoewxjQxp8Y7BhrqYG2vndgfghKwX-aEK1xU_neBEEbxH-abxyuS1EoQXwswCBHzBMA5VElYpje4kimOMzSVQGS0vEBXBkzbFV7yu6cwhwFyQQYpH9sviQTETTWoLI5G-v-pfJdAG&amp;__tn__=kK-R\" target=\"_blank\" rel=\"noopener\"><span class=\"rse6dlih\">Agence Culturelle Grand Est<\/span><\/a>.<\/div>\n<\/div>\n<p>&nbsp;<\/p>\n","protected":false},"excerpt":{"rendered":"<p>Corinne Masiero sera bient\u00f4t de retour dans les Vosges pour le tournage du 31e \u00e9pisode de la s\u00e9rie \u00ab\u00a0Capitaine Marleau\u00a0\u00bb, [&hellip;]<\/p>\n","protected":false},"author":44,"featured_media":57584,"comment_status":"open","ping_status":"open","sticky":false,"template":"","format":"standard","meta":{"footnotes":""},"categories":[460,20,18],"tags":[5805,12549,12550,5806,2053],"class_list":["post-57583","post","type-post","status-publish","format-standard","has-post-thumbnail","hentry","category-a-la-une","category-loisirs","category-vosges","tag-capitaine-marleau","tag-capitaine-marleau-episode-31","tag-casting-figuration","tag-corinne-masiero","tag-france-2"],"acf":[],"yoast_head":"<!-- This site is optimized with the Yoast SEO plugin v22.5 - https:\/\/yoast.com\/wordpress\/plugins\/seo\/ -->\n<title>La production du 31e \u00e9pisode de Capitaine Marleau lance un second casting - Saint Die Info<\/title>\n<meta name=\"robots\" content=\"index, follow, max-snippet:-1, max-image-preview:large, max-video-preview:-1\" \/>\n<link rel=\"canonical\" href=\"https:\/\/vosgesinfo.fr\/saintdieinfo\/2022\/09\/production-31e-episode-de-capitaine-marleau-lance-second-casting\/\" \/>\n<meta name=\"twitter:card\" content=\"summary_large_image\" \/>\n<meta name=\"twitter:title\" content=\"La production du 31e \u00e9pisode de Capitaine Marleau lance un second casting - Saint Die Info\" \/>\n<meta name=\"twitter:description\" content=\"Corinne Masiero sera bient\u00f4t de retour dans les Vosges pour le tournage du 31e \u00e9pisode de la s\u00e9rie \u00ab\u00a0Capitaine Marleau\u00a0\u00bb, [&hellip;]\" \/>\n<meta name=\"twitter:image\" content=\"https:\/\/vosgesinfo.fr\/app\/uploads\/sites\/4\/2024\/08\/202209capitaine-marleau-1.jpg\" \/>\n<meta name=\"twitter:creator\" content=\"@VosgesInfo88\" \/>\n<meta name=\"twitter:site\" content=\"@VosgesInfo88\" \/>\n<meta name=\"twitter:label1\" content=\"\u00c9crit par\" \/>\n\t<meta name=\"twitter:data1\" content=\"la r\u00e9daction\" \/>\n\t<meta name=\"twitter:label2\" content=\"Dur\u00e9e de lecture estim\u00e9e\" \/>\n\t<meta name=\"twitter:data2\" content=\"1 minute\" \/>\n<script type=\"application\/ld+json\" class=\"yoast-schema-graph\">{\"@context\":\"https:\/\/schema.org\",\"@graph\":[{\"@type\":\"Article\",\"@id\":\"https:\/\/vosgesinfo.fr\/saintdieinfo\/2022\/09\/production-31e-episode-de-capitaine-marleau-lance-second-casting\/#article\",\"isPartOf\":{\"@id\":\"https:\/\/vosgesinfo.fr\/saintdieinfo\/2022\/09\/production-31e-episode-de-capitaine-marleau-lance-second-casting\/\"},\"author\":{\"name\":\"la r\u00e9daction\",\"@id\":\"https:\/\/vosgesinfo.fr\/saintdieinfo\/#\/schema\/person\/faee6704a21f3977511db84bd1cd450f\"},\"headline\":\"La production du 31e \u00e9pisode de Capitaine Marleau lance un second casting\",\"datePublished\":\"2022-09-14T06:39:13+00:00\",\"dateModified\":\"2022-09-14T06:39:13+00:00\",\"mainEntityOfPage\":{\"@id\":\"https:\/\/vosgesinfo.fr\/saintdieinfo\/2022\/09\/production-31e-episode-de-capitaine-marleau-lance-second-casting\/\"},\"wordCount\":235,\"commentCount\":0,\"publisher\":{\"@id\":\"https:\/\/vosgesinfo.fr\/saintdieinfo\/#organization\"},\"image\":{\"@id\":\"https:\/\/vosgesinfo.fr\/saintdieinfo\/2022\/09\/production-31e-episode-de-capitaine-marleau-lance-second-casting\/#primaryimage\"},\"thumbnailUrl\":\"https:\/\/vosgesinfo.fr\/app\/uploads\/sites\/4\/2024\/08\/202209capitaine-marleau-1.jpg\",\"keywords\":[\"Capitaine Marleau\",\"Capitaine Marleau \u00e9pisode 31\",\"Casting figuration\",\"Corinne Masiero\",\"france 2\"],\"articleSection\":[\"A la Une\",\"Loisirs\",\"Vosges\"],\"inLanguage\":\"fr-FR\",\"potentialAction\":[{\"@type\":\"CommentAction\",\"name\":\"Comment\",\"target\":[\"https:\/\/vosgesinfo.fr\/saintdieinfo\/2022\/09\/production-31e-episode-de-capitaine-marleau-lance-second-casting\/#respond\"]}]},{\"@type\":\"WebPage\",\"@id\":\"https:\/\/vosgesinfo.fr\/saintdieinfo\/2022\/09\/production-31e-episode-de-capitaine-marleau-lance-second-casting\/\",\"url\":\"https:\/\/vosgesinfo.fr\/saintdieinfo\/2022\/09\/production-31e-episode-de-capitaine-marleau-lance-second-casting\/\",\"name\":\"La production du 31e \u00e9pisode de Capitaine Marleau lance un second casting - Saint Die Info\",\"isPartOf\":{\"@id\":\"https:\/\/vosgesinfo.fr\/saintdieinfo\/#website\"},\"primaryImageOfPage\":{\"@id\":\"https:\/\/vosgesinfo.fr\/saintdieinfo\/2022\/09\/production-31e-episode-de-capitaine-marleau-lance-second-casting\/#primaryimage\"},\"image\":{\"@id\":\"https:\/\/vosgesinfo.fr\/saintdieinfo\/2022\/09\/production-31e-episode-de-capitaine-marleau-lance-second-casting\/#primaryimage\"},\"thumbnailUrl\":\"https:\/\/vosgesinfo.fr\/app\/uploads\/sites\/4\/2024\/08\/202209capitaine-marleau-1.jpg\",\"datePublished\":\"2022-09-14T06:39:13+00:00\",\"dateModified\":\"2022-09-14T06:39:13+00:00\",\"breadcrumb\":{\"@id\":\"https:\/\/vosgesinfo.fr\/saintdieinfo\/2022\/09\/production-31e-episode-de-capitaine-marleau-lance-second-casting\/#breadcrumb\"},\"inLanguage\":\"fr-FR\",\"potentialAction\":[{\"@type\":\"ReadAction\",\"target\":[\"https:\/\/vosgesinfo.fr\/saintdieinfo\/2022\/09\/production-31e-episode-de-capitaine-marleau-lance-second-casting\/\"]}]},{\"@type\":\"ImageObject\",\"inLanguage\":\"fr-FR\",\"@id\":\"https:\/\/vosgesinfo.fr\/saintdieinfo\/2022\/09\/production-31e-episode-de-capitaine-marleau-lance-second-casting\/#primaryimage\",\"url\":\"https:\/\/vosgesinfo.fr\/app\/uploads\/sites\/4\/2024\/08\/202209capitaine-marleau-1.jpg\",\"contentUrl\":\"https:\/\/vosgesinfo.fr\/app\/uploads\/sites\/4\/2024\/08\/202209capitaine-marleau-1.jpg\",\"width\":670,\"height\":440},{\"@type\":\"BreadcrumbList\",\"@id\":\"https:\/\/vosgesinfo.fr\/saintdieinfo\/2022\/09\/production-31e-episode-de-capitaine-marleau-lance-second-casting\/#breadcrumb\",\"itemListElement\":[{\"@type\":\"ListItem\",\"position\":1,\"name\":\"Home\",\"item\":\"https:\/\/vosgesinfo.fr\/saintdieinfo\/\"},{\"@type\":\"ListItem\",\"position\":2,\"name\":\"La production du 31e \u00e9pisode de Capitaine Marleau lance un second casting\"}]},{\"@type\":\"WebSite\",\"@id\":\"https:\/\/vosgesinfo.fr\/saintdieinfo\/#website\",\"url\":\"https:\/\/vosgesinfo.fr\/saintdieinfo\/\",\"name\":\"Saint Die Info\",\"description\":\"Toute l&#039;actualit\u00e9 de Saint-Di\u00e9-Des-Vosges\",\"publisher\":{\"@id\":\"https:\/\/vosgesinfo.fr\/saintdieinfo\/#organization\"},\"alternateName\":\"Toute l'actualit\u00e9 de Saint-Di\u00e9-Des-Vosges\",\"potentialAction\":[{\"@type\":\"SearchAction\",\"target\":{\"@type\":\"EntryPoint\",\"urlTemplate\":\"https:\/\/vosgesinfo.fr\/saintdieinfo\/?s={search_term_string}\"},\"query-input\":\"required name=search_term_string\"}],\"inLanguage\":\"fr-FR\"},{\"@type\":\"Organization\",\"@id\":\"https:\/\/vosgesinfo.fr\/saintdieinfo\/#organization\",\"name\":\"Saint Die Info\",\"url\":\"https:\/\/vosgesinfo.fr\/saintdieinfo\/\",\"logo\":{\"@type\":\"ImageObject\",\"inLanguage\":\"fr-FR\",\"@id\":\"https:\/\/vosgesinfo.fr\/saintdieinfo\/#\/schema\/logo\/image\/\",\"url\":\"https:\/\/vosgesinfo.fr\/app\/uploads\/sites\/4\/2024\/02\/logo-sdi.jpg\",\"contentUrl\":\"https:\/\/vosgesinfo.fr\/app\/uploads\/sites\/4\/2024\/02\/logo-sdi.jpg\",\"width\":600,\"height\":600,\"caption\":\"Saint Die Info\"},\"image\":{\"@id\":\"https:\/\/vosgesinfo.fr\/saintdieinfo\/#\/schema\/logo\/image\/\"},\"sameAs\":[\"https:\/\/www.facebook.com\/Saintdieinfofr\",\"https:\/\/x.com\/VosgesInfo88\",\"https:\/\/www.youtube.com\/@vosgesinfo\"]},{\"@type\":\"Person\",\"@id\":\"https:\/\/vosgesinfo.fr\/saintdieinfo\/#\/schema\/person\/faee6704a21f3977511db84bd1cd450f\",\"name\":\"la r\u00e9daction\",\"image\":{\"@type\":\"ImageObject\",\"inLanguage\":\"fr-FR\",\"@id\":\"https:\/\/vosgesinfo.fr\/saintdieinfo\/#\/schema\/person\/image\/\",\"url\":\"https:\/\/secure.gravatar.com\/avatar\/6673d8bc6a9c17fa9a453eaa3448de834fa308c2ec9635b7aa99441a7c8d2cf6?s=96&d=mm&r=g\",\"contentUrl\":\"https:\/\/secure.gravatar.com\/avatar\/6673d8bc6a9c17fa9a453eaa3448de834fa308c2ec9635b7aa99441a7c8d2cf6?s=96&d=mm&r=g\",\"caption\":\"la r\u00e9daction\"},\"url\":\"https:\/\/vosgesinfo.fr\/saintdieinfo\/author\/redac\/\"}]}<\/script>\n<!-- \/ Yoast SEO plugin. -->","yoast_head_json":{"title":"La production du 31e \u00e9pisode de Capitaine Marleau lance un second casting - Saint Die Info","robots":{"index":"index","follow":"follow","max-snippet":"max-snippet:-1","max-image-preview":"max-image-preview:large","max-video-preview":"max-video-preview:-1"},"canonical":"https:\/\/vosgesinfo.fr\/saintdieinfo\/2022\/09\/production-31e-episode-de-capitaine-marleau-lance-second-casting\/","twitter_card":"summary_large_image","twitter_title":"La production du 31e \u00e9pisode de Capitaine Marleau lance un second casting - Saint Die Info","twitter_description":"Corinne Masiero sera bient\u00f4t de retour dans les Vosges pour le tournage du 31e \u00e9pisode de la s\u00e9rie \u00ab\u00a0Capitaine Marleau\u00a0\u00bb, [&hellip;]","twitter_image":"https:\/\/vosgesinfo.fr\/app\/uploads\/sites\/4\/2024\/08\/202209capitaine-marleau-1.jpg","twitter_creator":"@VosgesInfo88","twitter_site":"@VosgesInfo88","twitter_misc":{"\u00c9crit par":"la r\u00e9daction","Dur\u00e9e de lecture estim\u00e9e":"1 minute"},"schema":{"@context":"https:\/\/schema.org","@graph":[{"@type":"Article","@id":"https:\/\/vosgesinfo.fr\/saintdieinfo\/2022\/09\/production-31e-episode-de-capitaine-marleau-lance-second-casting\/#article","isPartOf":{"@id":"https:\/\/vosgesinfo.fr\/saintdieinfo\/2022\/09\/production-31e-episode-de-capitaine-marleau-lance-second-casting\/"},"author":{"name":"la r\u00e9daction","@id":"https:\/\/vosgesinfo.fr\/saintdieinfo\/#\/schema\/person\/faee6704a21f3977511db84bd1cd450f"},"headline":"La production du 31e \u00e9pisode de Capitaine Marleau lance un second casting","datePublished":"2022-09-14T06:39:13+00:00","dateModified":"2022-09-14T06:39:13+00:00","mainEntityOfPage":{"@id":"https:\/\/vosgesinfo.fr\/saintdieinfo\/2022\/09\/production-31e-episode-de-capitaine-marleau-lance-second-casting\/"},"wordCount":235,"commentCount":0,"publisher":{"@id":"https:\/\/vosgesinfo.fr\/saintdieinfo\/#organization"},"image":{"@id":"https:\/\/vosgesinfo.fr\/saintdieinfo\/2022\/09\/production-31e-episode-de-capitaine-marleau-lance-second-casting\/#primaryimage"},"thumbnailUrl":"https:\/\/vosgesinfo.fr\/app\/uploads\/sites\/4\/2024\/08\/202209capitaine-marleau-1.jpg","keywords":["Capitaine Marleau","Capitaine Marleau \u00e9pisode 31","Casting figuration","Corinne Masiero","france 2"],"articleSection":["A la Une","Loisirs","Vosges"],"inLanguage":"fr-FR","potentialAction":[{"@type":"CommentAction","name":"Comment","target":["https:\/\/vosgesinfo.fr\/saintdieinfo\/2022\/09\/production-31e-episode-de-capitaine-marleau-lance-second-casting\/#respond"]}]},{"@type":"WebPage","@id":"https:\/\/vosgesinfo.fr\/saintdieinfo\/2022\/09\/production-31e-episode-de-capitaine-marleau-lance-second-casting\/","url":"https:\/\/vosgesinfo.fr\/saintdieinfo\/2022\/09\/production-31e-episode-de-capitaine-marleau-lance-second-casting\/","name":"La production du 31e \u00e9pisode de Capitaine Marleau lance un second casting - Saint Die Info","isPartOf":{"@id":"https:\/\/vosgesinfo.fr\/saintdieinfo\/#website"},"primaryImageOfPage":{"@id":"https:\/\/vosgesinfo.fr\/saintdieinfo\/2022\/09\/production-31e-episode-de-capitaine-marleau-lance-second-casting\/#primaryimage"},"image":{"@id":"https:\/\/vosgesinfo.fr\/saintdieinfo\/2022\/09\/production-31e-episode-de-capitaine-marleau-lance-second-casting\/#primaryimage"},"thumbnailUrl":"https:\/\/vosgesinfo.fr\/app\/uploads\/sites\/4\/2024\/08\/202209capitaine-marleau-1.jpg","datePublished":"2022-09-14T06:39:13+00:00","dateModified":"2022-09-14T06:39:13+00:00","breadcrumb":{"@id":"https:\/\/vosgesinfo.fr\/saintdieinfo\/2022\/09\/production-31e-episode-de-capitaine-marleau-lance-second-casting\/#breadcrumb"},"inLanguage":"fr-FR","potentialAction":[{"@type":"ReadAction","target":["https:\/\/vosgesinfo.fr\/saintdieinfo\/2022\/09\/production-31e-episode-de-capitaine-marleau-lance-second-casting\/"]}]},{"@type":"ImageObject","inLanguage":"fr-FR","@id":"https:\/\/vosgesinfo.fr\/saintdieinfo\/2022\/09\/production-31e-episode-de-capitaine-marleau-lance-second-casting\/#primaryimage","url":"https:\/\/vosgesinfo.fr\/app\/uploads\/sites\/4\/2024\/08\/202209capitaine-marleau-1.jpg","contentUrl":"https:\/\/vosgesinfo.fr\/app\/uploads\/sites\/4\/2024\/08\/202209capitaine-marleau-1.jpg","width":670,"height":440},{"@type":"BreadcrumbList","@id":"https:\/\/vosgesinfo.fr\/saintdieinfo\/2022\/09\/production-31e-episode-de-capitaine-marleau-lance-second-casting\/#breadcrumb","itemListElement":[{"@type":"ListItem","position":1,"name":"Home","item":"https:\/\/vosgesinfo.fr\/saintdieinfo\/"},{"@type":"ListItem","position":2,"name":"La production du 31e \u00e9pisode de Capitaine Marleau lance un second casting"}]},{"@type":"WebSite","@id":"https:\/\/vosgesinfo.fr\/saintdieinfo\/#website","url":"https:\/\/vosgesinfo.fr\/saintdieinfo\/","name":"Saint Die Info","description":"Toute l&#039;actualit\u00e9 de Saint-Di\u00e9-Des-Vosges","publisher":{"@id":"https:\/\/vosgesinfo.fr\/saintdieinfo\/#organization"},"alternateName":"Toute l'actualit\u00e9 de Saint-Di\u00e9-Des-Vosges","potentialAction":[{"@type":"SearchAction","target":{"@type":"EntryPoint","urlTemplate":"https:\/\/vosgesinfo.fr\/saintdieinfo\/?s={search_term_string}"},"query-input":"required name=search_term_string"}],"inLanguage":"fr-FR"},{"@type":"Organization","@id":"https:\/\/vosgesinfo.fr\/saintdieinfo\/#organization","name":"Saint Die Info","url":"https:\/\/vosgesinfo.fr\/saintdieinfo\/","logo":{"@type":"ImageObject","inLanguage":"fr-FR","@id":"https:\/\/vosgesinfo.fr\/saintdieinfo\/#\/schema\/logo\/image\/","url":"https:\/\/vosgesinfo.fr\/app\/uploads\/sites\/4\/2024\/02\/logo-sdi.jpg","contentUrl":"https:\/\/vosgesinfo.fr\/app\/uploads\/sites\/4\/2024\/02\/logo-sdi.jpg","width":600,"height":600,"caption":"Saint Die Info"},"image":{"@id":"https:\/\/vosgesinfo.fr\/saintdieinfo\/#\/schema\/logo\/image\/"},"sameAs":["https:\/\/www.facebook.com\/Saintdieinfofr","https:\/\/x.com\/VosgesInfo88","https:\/\/www.youtube.com\/@vosgesinfo"]},{"@type":"Person","@id":"https:\/\/vosgesinfo.fr\/saintdieinfo\/#\/schema\/person\/faee6704a21f3977511db84bd1cd450f","name":"la r\u00e9daction","image":{"@type":"ImageObject","inLanguage":"fr-FR","@id":"https:\/\/vosgesinfo.fr\/saintdieinfo\/#\/schema\/person\/image\/","url":"https:\/\/secure.gravatar.com\/avatar\/6673d8bc6a9c17fa9a453eaa3448de834fa308c2ec9635b7aa99441a7c8d2cf6?s=96&d=mm&r=g","contentUrl":"https:\/\/secure.gravatar.com\/avatar\/6673d8bc6a9c17fa9a453eaa3448de834fa308c2ec9635b7aa99441a7c8d2cf6?s=96&d=mm&r=g","caption":"la r\u00e9daction"},"url":"https:\/\/vosgesinfo.fr\/saintdieinfo\/author\/redac\/"}]}},"_links":{"self":[{"href":"https:\/\/vosgesinfo.fr\/saintdieinfo\/wp-json\/wp\/v2\/posts\/57583","targetHints":{"allow":["GET"]}}],"collection":[{"href":"https:\/\/vosgesinfo.fr\/saintdieinfo\/wp-json\/wp\/v2\/posts"}],"about":[{"href":"https:\/\/vosgesinfo.fr\/saintdieinfo\/wp-json\/wp\/v2\/types\/post"}],"author":[{"embeddable":true,"href":"https:\/\/vosgesinfo.fr\/saintdieinfo\/wp-json\/wp\/v2\/users\/44"}],"replies":[{"embeddable":true,"href":"https:\/\/vosgesinfo.fr\/saintdieinfo\/wp-json\/wp\/v2\/comments?post=57583"}],"version-history":[{"count":0,"href":"https:\/\/vosgesinfo.fr\/saintdieinfo\/wp-json\/wp\/v2\/posts\/57583\/revisions"}],"wp:featuredmedia":[{"embeddable":true,"href":"https:\/\/vosgesinfo.fr\/saintdieinfo\/wp-json\/wp\/v2\/media\/57584"}],"wp:attachment":[{"href":"https:\/\/vosgesinfo.fr\/saintdieinfo\/wp-json\/wp\/v2\/media?parent=57583"}],"wp:term":[{"taxonomy":"category","embeddable":true,"href":"https:\/\/vosgesinfo.fr\/saintdieinfo\/wp-json\/wp\/v2\/categories?post=57583"},{"taxonomy":"post_tag","embeddable":true,"href":"https:\/\/vosgesinfo.fr\/saintdieinfo\/wp-json\/wp\/v2\/tags?post=57583"}],"curies":[{"name":"wp","href":"https:\/\/api.w.org\/{rel}","templated":true}]}}