{"id":57623,"date":"2022-09-15T06:24:15","date_gmt":"2022-09-15T04:24:15","guid":{"rendered":"https:\/\/vosgesinfo.fr\/saintdieinfo\/2022\/09\/vosges-lhotel-de-prefecture-ouvre-portes-journees-patrimoine\/"},"modified":"2022-09-15T06:24:15","modified_gmt":"2022-09-15T04:24:15","slug":"vosges-lhotel-de-prefecture-ouvre-portes-journees-patrimoine","status":"publish","type":"post","link":"https:\/\/vosgesinfo.fr\/saintdieinfo\/2022\/09\/vosges-lhotel-de-prefecture-ouvre-portes-journees-patrimoine\/","title":{"rendered":"Vosges \u2013 L&rsquo;H\u00f4tel de la Pr\u00e9fecture ouvre ses portes pour les Journ\u00e9es du Patrimoine"},"content":{"rendered":"<div class=\"m8h3af8h l7ghb35v kjdc1dyq kmwttqpk gh25dzvf n3t5jt4f\">\n<div dir=\"auto\">\n<div id=\"attachment_189798\" style=\"width: 970px\" class=\"wp-caption aligncenter\"><a href=\"\/2022\/09\/306044120_401388215473590_5357065368426920885_n.jpg\" target=\"_blank\" rel=\"noopener\"><img decoding=\"async\" aria-describedby=\"caption-attachment-189798\" class=\"wp-image-189798 size-large\" src=\"\/2022\/09\/306044120_401388215473590_5357065368426920885_n-1024x768.jpg\" alt=\"306044120_401388215473590_5357065368426920885_n\" width=\"960\" height=\"720\" \/><\/a><p id=\"caption-attachment-189798\" class=\"wp-caption-text\">(Photographie Pr\u00e9fecture des Vosges)<\/p><\/div>\n<\/div>\n<h2 dir=\"auto\"><strong><span style=\"font-size: 14pt;\">L\u2019H\u00f4tel de la Pr\u00e9fecture sera ouvert au public ce samedi 17 septembre 2022 \u00e0 partir de 14h et jusqu&rsquo;\u00e0 18h pour les journ\u00e9es europ\u00e9ennes du patrimoine. Venez d\u00e9couvrir la Pr\u00e9fecture et son histoire au travers de diff\u00e9rentes expositions photos, visites des pi\u00e8ces de vie. Acc\u00e8s \u00e0 partir de 14h depuis la rue de la Pr\u00e9fecture. Entr\u00e9e gratuite. Pr\u00e9sentation d\u2019une carte d\u2019identit\u00e9 obligatoire pour tout visiteur.<\/span><\/strong><\/h2>\n<\/div>\n<p>&nbsp;<\/p>\n","protected":false},"excerpt":{"rendered":"<p>L\u2019H\u00f4tel de la Pr\u00e9fecture sera ouvert au public ce samedi 17 septembre 2022 \u00e0 partir de 14h et jusqu&rsquo;\u00e0 18h [&hellip;]<\/p>\n","protected":false},"author":44,"featured_media":57624,"comment_status":"open","ping_status":"open","sticky":false,"template":"","format":"standard","meta":{"footnotes":""},"categories":[460,7847,18],"tags":[12442,3285,2163,550],"class_list":["post-57623","post","type-post","status-publish","format-standard","has-post-thumbnail","hentry","category-a-la-une","category-art-culture","category-vosges","tag-39e-journees-europeennes-du-patrimoine","tag-hotel-de-la-prefecture-des-vosges","tag-journees-europeennes-du-patrimoine","tag-prefecture-des-vosges"],"acf":[],"yoast_head":"<!-- This site is optimized with the Yoast SEO plugin v22.5 - https:\/\/yoast.com\/wordpress\/plugins\/seo\/ -->\n<title>Vosges \u2013 L&#039;H\u00f4tel de la Pr\u00e9fecture ouvre ses portes pour les Journ\u00e9es du Patrimoine - Saint Die Info<\/title>\n<meta name=\"robots\" content=\"index, follow, max-snippet:-1, max-image-preview:large, max-video-preview:-1\" \/>\n<link rel=\"canonical\" href=\"https:\/\/vosgesinfo.fr\/saintdieinfo\/2022\/09\/vosges-lhotel-de-prefecture-ouvre-portes-journees-patrimoine\/\" \/>\n<meta name=\"twitter:card\" content=\"summary_large_image\" \/>\n<meta name=\"twitter:title\" content=\"Vosges \u2013 L&#039;H\u00f4tel de la Pr\u00e9fecture ouvre ses portes pour les Journ\u00e9es du Patrimoine - Saint Die Info\" \/>\n<meta name=\"twitter:description\" content=\"L\u2019H\u00f4tel de la Pr\u00e9fecture sera ouvert au public ce samedi 17 septembre 2022 \u00e0 partir de 14h et jusqu&rsquo;\u00e0 18h [&hellip;]\" \/>\n<meta name=\"twitter:image\" content=\"https:\/\/vosgesinfo.fr\/app\/uploads\/sites\/4\/2024\/08\/202209306044120-401388215473590-5357065368426920885-n.jpg\" \/>\n<meta name=\"twitter:creator\" content=\"@VosgesInfo88\" \/>\n<meta name=\"twitter:site\" content=\"@VosgesInfo88\" \/>\n<meta name=\"twitter:label1\" content=\"\u00c9crit par\" \/>\n\t<meta name=\"twitter:data1\" content=\"la r\u00e9daction\" \/>\n<script type=\"application\/ld+json\" class=\"yoast-schema-graph\">{\"@context\":\"https:\/\/schema.org\",\"@graph\":[{\"@type\":\"Article\",\"@id\":\"https:\/\/vosgesinfo.fr\/saintdieinfo\/2022\/09\/vosges-lhotel-de-prefecture-ouvre-portes-journees-patrimoine\/#article\",\"isPartOf\":{\"@id\":\"https:\/\/vosgesinfo.fr\/saintdieinfo\/2022\/09\/vosges-lhotel-de-prefecture-ouvre-portes-journees-patrimoine\/\"},\"author\":{\"name\":\"la r\u00e9daction\",\"@id\":\"https:\/\/vosgesinfo.fr\/saintdieinfo\/#\/schema\/person\/faee6704a21f3977511db84bd1cd450f\"},\"headline\":\"Vosges \u2013 L&rsquo;H\u00f4tel de la Pr\u00e9fecture ouvre ses portes pour les Journ\u00e9es du Patrimoine\",\"datePublished\":\"2022-09-15T04:24:15+00:00\",\"dateModified\":\"2022-09-15T04:24:15+00:00\",\"mainEntityOfPage\":{\"@id\":\"https:\/\/vosgesinfo.fr\/saintdieinfo\/2022\/09\/vosges-lhotel-de-prefecture-ouvre-portes-journees-patrimoine\/\"},\"wordCount\":106,\"commentCount\":0,\"publisher\":{\"@id\":\"https:\/\/vosgesinfo.fr\/saintdieinfo\/#organization\"},\"image\":{\"@id\":\"https:\/\/vosgesinfo.fr\/saintdieinfo\/2022\/09\/vosges-lhotel-de-prefecture-ouvre-portes-journees-patrimoine\/#primaryimage\"},\"thumbnailUrl\":\"https:\/\/vosgesinfo.fr\/app\/uploads\/sites\/4\/2024\/08\/202209306044120-401388215473590-5357065368426920885-n.jpg\",\"keywords\":[\"39e Journ\u00e9es Europ\u00e9ennes du Patrimoine\",\"H\u00f4tel de la Pr\u00e9fecture des Vosges\",\"journ\u00e9es europ\u00e9ennes du patrimoine\",\"pr\u00e9fecture des Vosges\"],\"articleSection\":[\"A la Une\",\"Culture\",\"Vosges\"],\"inLanguage\":\"fr-FR\",\"potentialAction\":[{\"@type\":\"CommentAction\",\"name\":\"Comment\",\"target\":[\"https:\/\/vosgesinfo.fr\/saintdieinfo\/2022\/09\/vosges-lhotel-de-prefecture-ouvre-portes-journees-patrimoine\/#respond\"]}]},{\"@type\":\"WebPage\",\"@id\":\"https:\/\/vosgesinfo.fr\/saintdieinfo\/2022\/09\/vosges-lhotel-de-prefecture-ouvre-portes-journees-patrimoine\/\",\"url\":\"https:\/\/vosgesinfo.fr\/saintdieinfo\/2022\/09\/vosges-lhotel-de-prefecture-ouvre-portes-journees-patrimoine\/\",\"name\":\"Vosges \u2013 L'H\u00f4tel de la Pr\u00e9fecture ouvre ses portes pour les Journ\u00e9es du Patrimoine - Saint Die Info\",\"isPartOf\":{\"@id\":\"https:\/\/vosgesinfo.fr\/saintdieinfo\/#website\"},\"primaryImageOfPage\":{\"@id\":\"https:\/\/vosgesinfo.fr\/saintdieinfo\/2022\/09\/vosges-lhotel-de-prefecture-ouvre-portes-journees-patrimoine\/#primaryimage\"},\"image\":{\"@id\":\"https:\/\/vosgesinfo.fr\/saintdieinfo\/2022\/09\/vosges-lhotel-de-prefecture-ouvre-portes-journees-patrimoine\/#primaryimage\"},\"thumbnailUrl\":\"https:\/\/vosgesinfo.fr\/app\/uploads\/sites\/4\/2024\/08\/202209306044120-401388215473590-5357065368426920885-n.jpg\",\"datePublished\":\"2022-09-15T04:24:15+00:00\",\"dateModified\":\"2022-09-15T04:24:15+00:00\",\"breadcrumb\":{\"@id\":\"https:\/\/vosgesinfo.fr\/saintdieinfo\/2022\/09\/vosges-lhotel-de-prefecture-ouvre-portes-journees-patrimoine\/#breadcrumb\"},\"inLanguage\":\"fr-FR\",\"potentialAction\":[{\"@type\":\"ReadAction\",\"target\":[\"https:\/\/vosgesinfo.fr\/saintdieinfo\/2022\/09\/vosges-lhotel-de-prefecture-ouvre-portes-journees-patrimoine\/\"]}]},{\"@type\":\"ImageObject\",\"inLanguage\":\"fr-FR\",\"@id\":\"https:\/\/vosgesinfo.fr\/saintdieinfo\/2022\/09\/vosges-lhotel-de-prefecture-ouvre-portes-journees-patrimoine\/#primaryimage\",\"url\":\"https:\/\/vosgesinfo.fr\/app\/uploads\/sites\/4\/2024\/08\/202209306044120-401388215473590-5357065368426920885-n.jpg\",\"contentUrl\":\"https:\/\/vosgesinfo.fr\/app\/uploads\/sites\/4\/2024\/08\/202209306044120-401388215473590-5357065368426920885-n.jpg\",\"width\":1600,\"height\":1200},{\"@type\":\"BreadcrumbList\",\"@id\":\"https:\/\/vosgesinfo.fr\/saintdieinfo\/2022\/09\/vosges-lhotel-de-prefecture-ouvre-portes-journees-patrimoine\/#breadcrumb\",\"itemListElement\":[{\"@type\":\"ListItem\",\"position\":1,\"name\":\"Home\",\"item\":\"https:\/\/vosgesinfo.fr\/saintdieinfo\/\"},{\"@type\":\"ListItem\",\"position\":2,\"name\":\"Vosges \u2013 L&rsquo;H\u00f4tel de la Pr\u00e9fecture ouvre ses portes pour les Journ\u00e9es du Patrimoine\"}]},{\"@type\":\"WebSite\",\"@id\":\"https:\/\/vosgesinfo.fr\/saintdieinfo\/#website\",\"url\":\"https:\/\/vosgesinfo.fr\/saintdieinfo\/\",\"name\":\"Saint Die Info\",\"description\":\"Toute l&#039;actualit\u00e9 de Saint-Di\u00e9-Des-Vosges\",\"publisher\":{\"@id\":\"https:\/\/vosgesinfo.fr\/saintdieinfo\/#organization\"},\"alternateName\":\"Toute l'actualit\u00e9 de Saint-Di\u00e9-Des-Vosges\",\"potentialAction\":[{\"@type\":\"SearchAction\",\"target\":{\"@type\":\"EntryPoint\",\"urlTemplate\":\"https:\/\/vosgesinfo.fr\/saintdieinfo\/?s={search_term_string}\"},\"query-input\":\"required name=search_term_string\"}],\"inLanguage\":\"fr-FR\"},{\"@type\":\"Organization\",\"@id\":\"https:\/\/vosgesinfo.fr\/saintdieinfo\/#organization\",\"name\":\"Saint Die Info\",\"url\":\"https:\/\/vosgesinfo.fr\/saintdieinfo\/\",\"logo\":{\"@type\":\"ImageObject\",\"inLanguage\":\"fr-FR\",\"@id\":\"https:\/\/vosgesinfo.fr\/saintdieinfo\/#\/schema\/logo\/image\/\",\"url\":\"https:\/\/vosgesinfo.fr\/app\/uploads\/sites\/4\/2024\/02\/logo-sdi.jpg\",\"contentUrl\":\"https:\/\/vosgesinfo.fr\/app\/uploads\/sites\/4\/2024\/02\/logo-sdi.jpg\",\"width\":600,\"height\":600,\"caption\":\"Saint Die Info\"},\"image\":{\"@id\":\"https:\/\/vosgesinfo.fr\/saintdieinfo\/#\/schema\/logo\/image\/\"},\"sameAs\":[\"https:\/\/www.facebook.com\/Saintdieinfofr\",\"https:\/\/x.com\/VosgesInfo88\",\"https:\/\/www.youtube.com\/@vosgesinfo\"]},{\"@type\":\"Person\",\"@id\":\"https:\/\/vosgesinfo.fr\/saintdieinfo\/#\/schema\/person\/faee6704a21f3977511db84bd1cd450f\",\"name\":\"la r\u00e9daction\",\"image\":{\"@type\":\"ImageObject\",\"inLanguage\":\"fr-FR\",\"@id\":\"https:\/\/vosgesinfo.fr\/saintdieinfo\/#\/schema\/person\/image\/\",\"url\":\"https:\/\/secure.gravatar.com\/avatar\/6673d8bc6a9c17fa9a453eaa3448de834fa308c2ec9635b7aa99441a7c8d2cf6?s=96&d=mm&r=g\",\"contentUrl\":\"https:\/\/secure.gravatar.com\/avatar\/6673d8bc6a9c17fa9a453eaa3448de834fa308c2ec9635b7aa99441a7c8d2cf6?s=96&d=mm&r=g\",\"caption\":\"la r\u00e9daction\"},\"url\":\"https:\/\/vosgesinfo.fr\/saintdieinfo\/author\/redac\/\"}]}<\/script>\n<!-- \/ Yoast SEO plugin. -->","yoast_head_json":{"title":"Vosges \u2013 L'H\u00f4tel de la Pr\u00e9fecture ouvre ses portes pour les Journ\u00e9es du Patrimoine - Saint Die Info","robots":{"index":"index","follow":"follow","max-snippet":"max-snippet:-1","max-image-preview":"max-image-preview:large","max-video-preview":"max-video-preview:-1"},"canonical":"https:\/\/vosgesinfo.fr\/saintdieinfo\/2022\/09\/vosges-lhotel-de-prefecture-ouvre-portes-journees-patrimoine\/","twitter_card":"summary_large_image","twitter_title":"Vosges \u2013 L'H\u00f4tel de la Pr\u00e9fecture ouvre ses portes pour les Journ\u00e9es du Patrimoine - Saint Die Info","twitter_description":"L\u2019H\u00f4tel de la Pr\u00e9fecture sera ouvert au public ce samedi 17 septembre 2022 \u00e0 partir de 14h et jusqu&rsquo;\u00e0 18h [&hellip;]","twitter_image":"https:\/\/vosgesinfo.fr\/app\/uploads\/sites\/4\/2024\/08\/202209306044120-401388215473590-5357065368426920885-n.jpg","twitter_creator":"@VosgesInfo88","twitter_site":"@VosgesInfo88","twitter_misc":{"\u00c9crit par":"la r\u00e9daction"},"schema":{"@context":"https:\/\/schema.org","@graph":[{"@type":"Article","@id":"https:\/\/vosgesinfo.fr\/saintdieinfo\/2022\/09\/vosges-lhotel-de-prefecture-ouvre-portes-journees-patrimoine\/#article","isPartOf":{"@id":"https:\/\/vosgesinfo.fr\/saintdieinfo\/2022\/09\/vosges-lhotel-de-prefecture-ouvre-portes-journees-patrimoine\/"},"author":{"name":"la r\u00e9daction","@id":"https:\/\/vosgesinfo.fr\/saintdieinfo\/#\/schema\/person\/faee6704a21f3977511db84bd1cd450f"},"headline":"Vosges \u2013 L&rsquo;H\u00f4tel de la Pr\u00e9fecture ouvre ses portes pour les Journ\u00e9es du Patrimoine","datePublished":"2022-09-15T04:24:15+00:00","dateModified":"2022-09-15T04:24:15+00:00","mainEntityOfPage":{"@id":"https:\/\/vosgesinfo.fr\/saintdieinfo\/2022\/09\/vosges-lhotel-de-prefecture-ouvre-portes-journees-patrimoine\/"},"wordCount":106,"commentCount":0,"publisher":{"@id":"https:\/\/vosgesinfo.fr\/saintdieinfo\/#organization"},"image":{"@id":"https:\/\/vosgesinfo.fr\/saintdieinfo\/2022\/09\/vosges-lhotel-de-prefecture-ouvre-portes-journees-patrimoine\/#primaryimage"},"thumbnailUrl":"https:\/\/vosgesinfo.fr\/app\/uploads\/sites\/4\/2024\/08\/202209306044120-401388215473590-5357065368426920885-n.jpg","keywords":["39e Journ\u00e9es Europ\u00e9ennes du Patrimoine","H\u00f4tel de la Pr\u00e9fecture des Vosges","journ\u00e9es europ\u00e9ennes du patrimoine","pr\u00e9fecture des Vosges"],"articleSection":["A la Une","Culture","Vosges"],"inLanguage":"fr-FR","potentialAction":[{"@type":"CommentAction","name":"Comment","target":["https:\/\/vosgesinfo.fr\/saintdieinfo\/2022\/09\/vosges-lhotel-de-prefecture-ouvre-portes-journees-patrimoine\/#respond"]}]},{"@type":"WebPage","@id":"https:\/\/vosgesinfo.fr\/saintdieinfo\/2022\/09\/vosges-lhotel-de-prefecture-ouvre-portes-journees-patrimoine\/","url":"https:\/\/vosgesinfo.fr\/saintdieinfo\/2022\/09\/vosges-lhotel-de-prefecture-ouvre-portes-journees-patrimoine\/","name":"Vosges \u2013 L'H\u00f4tel de la Pr\u00e9fecture ouvre ses portes pour les Journ\u00e9es du Patrimoine - Saint Die Info","isPartOf":{"@id":"https:\/\/vosgesinfo.fr\/saintdieinfo\/#website"},"primaryImageOfPage":{"@id":"https:\/\/vosgesinfo.fr\/saintdieinfo\/2022\/09\/vosges-lhotel-de-prefecture-ouvre-portes-journees-patrimoine\/#primaryimage"},"image":{"@id":"https:\/\/vosgesinfo.fr\/saintdieinfo\/2022\/09\/vosges-lhotel-de-prefecture-ouvre-portes-journees-patrimoine\/#primaryimage"},"thumbnailUrl":"https:\/\/vosgesinfo.fr\/app\/uploads\/sites\/4\/2024\/08\/202209306044120-401388215473590-5357065368426920885-n.jpg","datePublished":"2022-09-15T04:24:15+00:00","dateModified":"2022-09-15T04:24:15+00:00","breadcrumb":{"@id":"https:\/\/vosgesinfo.fr\/saintdieinfo\/2022\/09\/vosges-lhotel-de-prefecture-ouvre-portes-journees-patrimoine\/#breadcrumb"},"inLanguage":"fr-FR","potentialAction":[{"@type":"ReadAction","target":["https:\/\/vosgesinfo.fr\/saintdieinfo\/2022\/09\/vosges-lhotel-de-prefecture-ouvre-portes-journees-patrimoine\/"]}]},{"@type":"ImageObject","inLanguage":"fr-FR","@id":"https:\/\/vosgesinfo.fr\/saintdieinfo\/2022\/09\/vosges-lhotel-de-prefecture-ouvre-portes-journees-patrimoine\/#primaryimage","url":"https:\/\/vosgesinfo.fr\/app\/uploads\/sites\/4\/2024\/08\/202209306044120-401388215473590-5357065368426920885-n.jpg","contentUrl":"https:\/\/vosgesinfo.fr\/app\/uploads\/sites\/4\/2024\/08\/202209306044120-401388215473590-5357065368426920885-n.jpg","width":1600,"height":1200},{"@type":"BreadcrumbList","@id":"https:\/\/vosgesinfo.fr\/saintdieinfo\/2022\/09\/vosges-lhotel-de-prefecture-ouvre-portes-journees-patrimoine\/#breadcrumb","itemListElement":[{"@type":"ListItem","position":1,"name":"Home","item":"https:\/\/vosgesinfo.fr\/saintdieinfo\/"},{"@type":"ListItem","position":2,"name":"Vosges \u2013 L&rsquo;H\u00f4tel de la Pr\u00e9fecture ouvre ses portes pour les Journ\u00e9es du Patrimoine"}]},{"@type":"WebSite","@id":"https:\/\/vosgesinfo.fr\/saintdieinfo\/#website","url":"https:\/\/vosgesinfo.fr\/saintdieinfo\/","name":"Saint Die Info","description":"Toute l&#039;actualit\u00e9 de Saint-Di\u00e9-Des-Vosges","publisher":{"@id":"https:\/\/vosgesinfo.fr\/saintdieinfo\/#organization"},"alternateName":"Toute l'actualit\u00e9 de Saint-Di\u00e9-Des-Vosges","potentialAction":[{"@type":"SearchAction","target":{"@type":"EntryPoint","urlTemplate":"https:\/\/vosgesinfo.fr\/saintdieinfo\/?s={search_term_string}"},"query-input":"required name=search_term_string"}],"inLanguage":"fr-FR"},{"@type":"Organization","@id":"https:\/\/vosgesinfo.fr\/saintdieinfo\/#organization","name":"Saint Die Info","url":"https:\/\/vosgesinfo.fr\/saintdieinfo\/","logo":{"@type":"ImageObject","inLanguage":"fr-FR","@id":"https:\/\/vosgesinfo.fr\/saintdieinfo\/#\/schema\/logo\/image\/","url":"https:\/\/vosgesinfo.fr\/app\/uploads\/sites\/4\/2024\/02\/logo-sdi.jpg","contentUrl":"https:\/\/vosgesinfo.fr\/app\/uploads\/sites\/4\/2024\/02\/logo-sdi.jpg","width":600,"height":600,"caption":"Saint Die Info"},"image":{"@id":"https:\/\/vosgesinfo.fr\/saintdieinfo\/#\/schema\/logo\/image\/"},"sameAs":["https:\/\/www.facebook.com\/Saintdieinfofr","https:\/\/x.com\/VosgesInfo88","https:\/\/www.youtube.com\/@vosgesinfo"]},{"@type":"Person","@id":"https:\/\/vosgesinfo.fr\/saintdieinfo\/#\/schema\/person\/faee6704a21f3977511db84bd1cd450f","name":"la r\u00e9daction","image":{"@type":"ImageObject","inLanguage":"fr-FR","@id":"https:\/\/vosgesinfo.fr\/saintdieinfo\/#\/schema\/person\/image\/","url":"https:\/\/secure.gravatar.com\/avatar\/6673d8bc6a9c17fa9a453eaa3448de834fa308c2ec9635b7aa99441a7c8d2cf6?s=96&d=mm&r=g","contentUrl":"https:\/\/secure.gravatar.com\/avatar\/6673d8bc6a9c17fa9a453eaa3448de834fa308c2ec9635b7aa99441a7c8d2cf6?s=96&d=mm&r=g","caption":"la r\u00e9daction"},"url":"https:\/\/vosgesinfo.fr\/saintdieinfo\/author\/redac\/"}]}},"_links":{"self":[{"href":"https:\/\/vosgesinfo.fr\/saintdieinfo\/wp-json\/wp\/v2\/posts\/57623","targetHints":{"allow":["GET"]}}],"collection":[{"href":"https:\/\/vosgesinfo.fr\/saintdieinfo\/wp-json\/wp\/v2\/posts"}],"about":[{"href":"https:\/\/vosgesinfo.fr\/saintdieinfo\/wp-json\/wp\/v2\/types\/post"}],"author":[{"embeddable":true,"href":"https:\/\/vosgesinfo.fr\/saintdieinfo\/wp-json\/wp\/v2\/users\/44"}],"replies":[{"embeddable":true,"href":"https:\/\/vosgesinfo.fr\/saintdieinfo\/wp-json\/wp\/v2\/comments?post=57623"}],"version-history":[{"count":0,"href":"https:\/\/vosgesinfo.fr\/saintdieinfo\/wp-json\/wp\/v2\/posts\/57623\/revisions"}],"wp:featuredmedia":[{"embeddable":true,"href":"https:\/\/vosgesinfo.fr\/saintdieinfo\/wp-json\/wp\/v2\/media\/57624"}],"wp:attachment":[{"href":"https:\/\/vosgesinfo.fr\/saintdieinfo\/wp-json\/wp\/v2\/media?parent=57623"}],"wp:term":[{"taxonomy":"category","embeddable":true,"href":"https:\/\/vosgesinfo.fr\/saintdieinfo\/wp-json\/wp\/v2\/categories?post=57623"},{"taxonomy":"post_tag","embeddable":true,"href":"https:\/\/vosgesinfo.fr\/saintdieinfo\/wp-json\/wp\/v2\/tags?post=57623"}],"curies":[{"name":"wp","href":"https:\/\/api.w.org\/{rel}","templated":true}]}}