{"id":57724,"date":"2022-09-21T08:39:11","date_gmt":"2022-09-21T06:39:11","guid":{"rendered":"https:\/\/vosgesinfo.fr\/saintdieinfo\/2022\/09\/vivez-mieux-yoga-pratique-dojo-jumeaux-de-nompatelize\/"},"modified":"2022-09-21T08:39:11","modified_gmt":"2022-09-21T06:39:11","slug":"vivez-mieux-yoga-pratique-dojo-jumeaux-de-nompatelize","status":"publish","type":"post","link":"https:\/\/vosgesinfo.fr\/saintdieinfo\/2022\/09\/vivez-mieux-yoga-pratique-dojo-jumeaux-de-nompatelize\/","title":{"rendered":"Vivez mieux avec le yoga, pratiqu\u00e9 au Dojo des Jumeaux de Nompatelize"},"content":{"rendered":"<p><span style=\"font-size: large;\"><a href=\"\/2022\/09\/article-yoga-photo-premium.jpg\"><img decoding=\"async\" class=\"aligncenter  wp-image-189965\" src=\"\/2022\/09\/article-yoga-photo-premium.jpg\" alt=\"article yoga-photo premium\" width=\"645\" height=\"405\" \/><\/a><\/span><\/p>\n<p><span style=\"font-size: medium;\"><b>Quoi de plus explicite pour exprimer les bienfaits des cours de yoga que le ressenti des pratiquants de longue date de cette discipline\u00a0? <\/b><\/span><\/p>\n<p><span style=\"font-size: medium;\">Le yoga propos\u00e9 au Dojo des Jumeaux c\u2019est du hatha yoga\u00a0que Christiane Marchal, professeur de yoga bien connue et appr\u00e9ci\u00e9e de tous, dispense 3 fois par semaine \u00e0 la trentaine de personnes inscrites \u00e0 ses cours ; <\/span><\/p>\n<p><span style=\"font-size: medium;\"><b>\u00ab\u00a0Cette discipline permet de muscler profond\u00e9ment le corps mais aussi le mental car il aide \u00e0 devenir plus fort face aux avatars de la vie<\/b><\/span><span style=\"font-size: medium;\">\u00a0! Il s\u2019agit d\u2019\u00eatre l\u00e0, ici et maintenant en restant attentif \u00e0 ses possibilit\u00e9s physiques\u00a0\u00bb, nous explique Christiane.<\/span><\/p>\n<p><a href=\"\/2022\/09\/yoga-photo-2.jpg\"><img decoding=\"async\" class=\"alignright size-medium wp-image-189964\" src=\"\/2022\/09\/yoga-photo-2-395x255.jpg\" alt=\"yoga photo 2\" width=\"395\" height=\"255\" \/><\/a><a name=\"_GoBack\"><\/a><span style=\"font-size: medium;\">Il n\u2019est jamais question de performance ni d\u2019esprit de comp\u00e9tition\u00a0; C\u2019est un moment pour soi, qui aide en plus \u00e0 am\u00e9liorer la souplesse et \u00e0 diminuer les douleurs au niveau du dos.<\/span><\/p>\n<p><span style=\"font-size: medium;\">Lors des s\u00e9ances, Christiane propose des postures (\u00e0 effectuer plut\u00f4t lentement, en conscience) ainsi que des respirations (apprendre \u00e0 respirer).<\/span><\/p>\n<p><span style=\"font-size: medium;\">Chaque \u00e9l\u00e8ve gagne en confiance en soi et en s\u00e9r\u00e9nit\u00e9. Un autre atout de la pratique du yoga, c\u2019est qu\u2019il aide \u00e0 affiner le corps en lib\u00e9rant l\u2019esprit de certains blocages qui emp\u00eachent de maigrir. <\/span><\/p>\n<p><span style=\"font-size: medium;\">Les cours durent une heure suivie d\u2019un quart d\u2019heure de relaxation.<\/span><\/p>\n<p><span style=\"font-size: medium;\"><b>Cours de yoga\u00a0: le lundi de 9h \u00e0 10h15 et le jeudi de 18h30 \u00e0 19h45<\/b><\/span><\/p>\n<p><span style=\"font-size: medium;\"><b>Cours de yoga du son, qui est plus spirituel\u00a0: le vendredi de 9h30 \u00e0 10h45<\/b><\/span><\/p>\n<p><span style=\"font-size: medium;\"><b>Tarif \u00e0 l\u2019ann\u00e9e \u00a0: 110 \u20ac <\/b><\/span><\/p>\n<p><span style=\"font-size: medium;\"><b>Pour tous renseignements\u00a0et inscription : t\u00e9l.\u00a0: 06.82.36.35.85<\/b><\/span><\/p>\n","protected":false},"excerpt":{"rendered":"<p>Quoi de plus explicite pour exprimer les bienfaits des cours de yoga que le ressenti des pratiquants de longue date [&hellip;]<\/p>\n","protected":false},"author":44,"featured_media":57725,"comment_status":"open","ping_status":"open","sticky":false,"template":"","format":"standard","meta":{"footnotes":""},"categories":[460,4152,13,14,18],"tags":[],"class_list":["post-57724","post","type-post","status-publish","format-standard","has-post-thumbnail","hentry","category-a-la-une","category-sante","category-societe","category-sport","category-vosges"],"acf":[],"yoast_head":"<!-- This site is optimized with the Yoast SEO plugin v22.5 - https:\/\/yoast.com\/wordpress\/plugins\/seo\/ -->\n<title>Vivez mieux avec le yoga, pratiqu\u00e9 au Dojo des Jumeaux de Nompatelize - Saint Die Info<\/title>\n<meta name=\"robots\" content=\"index, follow, max-snippet:-1, max-image-preview:large, max-video-preview:-1\" \/>\n<link rel=\"canonical\" href=\"https:\/\/vosgesinfo.fr\/saintdieinfo\/2022\/09\/vivez-mieux-yoga-pratique-dojo-jumeaux-de-nompatelize\/\" \/>\n<meta name=\"twitter:card\" content=\"summary_large_image\" \/>\n<meta name=\"twitter:title\" content=\"Vivez mieux avec le yoga, pratiqu\u00e9 au Dojo des Jumeaux de Nompatelize - Saint Die Info\" \/>\n<meta name=\"twitter:description\" content=\"Quoi de plus explicite pour exprimer les bienfaits des cours de yoga que le ressenti des pratiquants de longue date [&hellip;]\" \/>\n<meta name=\"twitter:image\" content=\"https:\/\/vosgesinfo.fr\/app\/uploads\/sites\/4\/2024\/08\/202209article-yoga-photo-premium.jpg\" \/>\n<meta name=\"twitter:creator\" content=\"@VosgesInfo88\" \/>\n<meta name=\"twitter:site\" content=\"@VosgesInfo88\" \/>\n<meta name=\"twitter:label1\" content=\"\u00c9crit par\" \/>\n\t<meta name=\"twitter:data1\" content=\"la r\u00e9daction\" \/>\n\t<meta name=\"twitter:label2\" content=\"Dur\u00e9e de lecture estim\u00e9e\" \/>\n\t<meta name=\"twitter:data2\" content=\"1 minute\" \/>\n<script type=\"application\/ld+json\" class=\"yoast-schema-graph\">{\"@context\":\"https:\/\/schema.org\",\"@graph\":[{\"@type\":\"Article\",\"@id\":\"https:\/\/vosgesinfo.fr\/saintdieinfo\/2022\/09\/vivez-mieux-yoga-pratique-dojo-jumeaux-de-nompatelize\/#article\",\"isPartOf\":{\"@id\":\"https:\/\/vosgesinfo.fr\/saintdieinfo\/2022\/09\/vivez-mieux-yoga-pratique-dojo-jumeaux-de-nompatelize\/\"},\"author\":{\"name\":\"la r\u00e9daction\",\"@id\":\"https:\/\/vosgesinfo.fr\/saintdieinfo\/#\/schema\/person\/faee6704a21f3977511db84bd1cd450f\"},\"headline\":\"Vivez mieux avec le yoga, pratiqu\u00e9 au Dojo des Jumeaux de Nompatelize\",\"datePublished\":\"2022-09-21T06:39:11+00:00\",\"dateModified\":\"2022-09-21T06:39:11+00:00\",\"mainEntityOfPage\":{\"@id\":\"https:\/\/vosgesinfo.fr\/saintdieinfo\/2022\/09\/vivez-mieux-yoga-pratique-dojo-jumeaux-de-nompatelize\/\"},\"wordCount\":265,\"commentCount\":0,\"publisher\":{\"@id\":\"https:\/\/vosgesinfo.fr\/saintdieinfo\/#organization\"},\"image\":{\"@id\":\"https:\/\/vosgesinfo.fr\/saintdieinfo\/2022\/09\/vivez-mieux-yoga-pratique-dojo-jumeaux-de-nompatelize\/#primaryimage\"},\"thumbnailUrl\":\"https:\/\/vosgesinfo.fr\/app\/uploads\/sites\/4\/2024\/08\/202209article-yoga-photo-premium.jpg\",\"articleSection\":[\"A la Une\",\"Sant\u00e9\",\"Soci\u00e9t\u00e9\",\"Sport\",\"Vosges\"],\"inLanguage\":\"fr-FR\",\"potentialAction\":[{\"@type\":\"CommentAction\",\"name\":\"Comment\",\"target\":[\"https:\/\/vosgesinfo.fr\/saintdieinfo\/2022\/09\/vivez-mieux-yoga-pratique-dojo-jumeaux-de-nompatelize\/#respond\"]}]},{\"@type\":\"WebPage\",\"@id\":\"https:\/\/vosgesinfo.fr\/saintdieinfo\/2022\/09\/vivez-mieux-yoga-pratique-dojo-jumeaux-de-nompatelize\/\",\"url\":\"https:\/\/vosgesinfo.fr\/saintdieinfo\/2022\/09\/vivez-mieux-yoga-pratique-dojo-jumeaux-de-nompatelize\/\",\"name\":\"Vivez mieux avec le yoga, pratiqu\u00e9 au Dojo des Jumeaux de Nompatelize - Saint Die Info\",\"isPartOf\":{\"@id\":\"https:\/\/vosgesinfo.fr\/saintdieinfo\/#website\"},\"primaryImageOfPage\":{\"@id\":\"https:\/\/vosgesinfo.fr\/saintdieinfo\/2022\/09\/vivez-mieux-yoga-pratique-dojo-jumeaux-de-nompatelize\/#primaryimage\"},\"image\":{\"@id\":\"https:\/\/vosgesinfo.fr\/saintdieinfo\/2022\/09\/vivez-mieux-yoga-pratique-dojo-jumeaux-de-nompatelize\/#primaryimage\"},\"thumbnailUrl\":\"https:\/\/vosgesinfo.fr\/app\/uploads\/sites\/4\/2024\/08\/202209article-yoga-photo-premium.jpg\",\"datePublished\":\"2022-09-21T06:39:11+00:00\",\"dateModified\":\"2022-09-21T06:39:11+00:00\",\"breadcrumb\":{\"@id\":\"https:\/\/vosgesinfo.fr\/saintdieinfo\/2022\/09\/vivez-mieux-yoga-pratique-dojo-jumeaux-de-nompatelize\/#breadcrumb\"},\"inLanguage\":\"fr-FR\",\"potentialAction\":[{\"@type\":\"ReadAction\",\"target\":[\"https:\/\/vosgesinfo.fr\/saintdieinfo\/2022\/09\/vivez-mieux-yoga-pratique-dojo-jumeaux-de-nompatelize\/\"]}]},{\"@type\":\"ImageObject\",\"inLanguage\":\"fr-FR\",\"@id\":\"https:\/\/vosgesinfo.fr\/saintdieinfo\/2022\/09\/vivez-mieux-yoga-pratique-dojo-jumeaux-de-nompatelize\/#primaryimage\",\"url\":\"https:\/\/vosgesinfo.fr\/app\/uploads\/sites\/4\/2024\/08\/202209article-yoga-photo-premium.jpg\",\"contentUrl\":\"https:\/\/vosgesinfo.fr\/app\/uploads\/sites\/4\/2024\/08\/202209article-yoga-photo-premium.jpg\",\"width\":925,\"height\":581},{\"@type\":\"BreadcrumbList\",\"@id\":\"https:\/\/vosgesinfo.fr\/saintdieinfo\/2022\/09\/vivez-mieux-yoga-pratique-dojo-jumeaux-de-nompatelize\/#breadcrumb\",\"itemListElement\":[{\"@type\":\"ListItem\",\"position\":1,\"name\":\"Home\",\"item\":\"https:\/\/vosgesinfo.fr\/saintdieinfo\/\"},{\"@type\":\"ListItem\",\"position\":2,\"name\":\"Vivez mieux avec le yoga, pratiqu\u00e9 au Dojo des Jumeaux de Nompatelize\"}]},{\"@type\":\"WebSite\",\"@id\":\"https:\/\/vosgesinfo.fr\/saintdieinfo\/#website\",\"url\":\"https:\/\/vosgesinfo.fr\/saintdieinfo\/\",\"name\":\"Saint Die Info\",\"description\":\"Toute l&#039;actualit\u00e9 de Saint-Di\u00e9-Des-Vosges\",\"publisher\":{\"@id\":\"https:\/\/vosgesinfo.fr\/saintdieinfo\/#organization\"},\"alternateName\":\"Toute l'actualit\u00e9 de Saint-Di\u00e9-Des-Vosges\",\"potentialAction\":[{\"@type\":\"SearchAction\",\"target\":{\"@type\":\"EntryPoint\",\"urlTemplate\":\"https:\/\/vosgesinfo.fr\/saintdieinfo\/?s={search_term_string}\"},\"query-input\":\"required name=search_term_string\"}],\"inLanguage\":\"fr-FR\"},{\"@type\":\"Organization\",\"@id\":\"https:\/\/vosgesinfo.fr\/saintdieinfo\/#organization\",\"name\":\"Saint Die Info\",\"url\":\"https:\/\/vosgesinfo.fr\/saintdieinfo\/\",\"logo\":{\"@type\":\"ImageObject\",\"inLanguage\":\"fr-FR\",\"@id\":\"https:\/\/vosgesinfo.fr\/saintdieinfo\/#\/schema\/logo\/image\/\",\"url\":\"https:\/\/vosgesinfo.fr\/app\/uploads\/sites\/4\/2024\/02\/logo-sdi.jpg\",\"contentUrl\":\"https:\/\/vosgesinfo.fr\/app\/uploads\/sites\/4\/2024\/02\/logo-sdi.jpg\",\"width\":600,\"height\":600,\"caption\":\"Saint Die Info\"},\"image\":{\"@id\":\"https:\/\/vosgesinfo.fr\/saintdieinfo\/#\/schema\/logo\/image\/\"},\"sameAs\":[\"https:\/\/www.facebook.com\/Saintdieinfofr\",\"https:\/\/x.com\/VosgesInfo88\",\"https:\/\/www.youtube.com\/@vosgesinfo\"]},{\"@type\":\"Person\",\"@id\":\"https:\/\/vosgesinfo.fr\/saintdieinfo\/#\/schema\/person\/faee6704a21f3977511db84bd1cd450f\",\"name\":\"la r\u00e9daction\",\"image\":{\"@type\":\"ImageObject\",\"inLanguage\":\"fr-FR\",\"@id\":\"https:\/\/vosgesinfo.fr\/saintdieinfo\/#\/schema\/person\/image\/\",\"url\":\"https:\/\/secure.gravatar.com\/avatar\/6673d8bc6a9c17fa9a453eaa3448de834fa308c2ec9635b7aa99441a7c8d2cf6?s=96&d=mm&r=g\",\"contentUrl\":\"https:\/\/secure.gravatar.com\/avatar\/6673d8bc6a9c17fa9a453eaa3448de834fa308c2ec9635b7aa99441a7c8d2cf6?s=96&d=mm&r=g\",\"caption\":\"la r\u00e9daction\"},\"url\":\"https:\/\/vosgesinfo.fr\/saintdieinfo\/author\/redac\/\"}]}<\/script>\n<!-- \/ Yoast SEO plugin. -->","yoast_head_json":{"title":"Vivez mieux avec le yoga, pratiqu\u00e9 au Dojo des Jumeaux de Nompatelize - Saint Die Info","robots":{"index":"index","follow":"follow","max-snippet":"max-snippet:-1","max-image-preview":"max-image-preview:large","max-video-preview":"max-video-preview:-1"},"canonical":"https:\/\/vosgesinfo.fr\/saintdieinfo\/2022\/09\/vivez-mieux-yoga-pratique-dojo-jumeaux-de-nompatelize\/","twitter_card":"summary_large_image","twitter_title":"Vivez mieux avec le yoga, pratiqu\u00e9 au Dojo des Jumeaux de Nompatelize - Saint Die Info","twitter_description":"Quoi de plus explicite pour exprimer les bienfaits des cours de yoga que le ressenti des pratiquants de longue date [&hellip;]","twitter_image":"https:\/\/vosgesinfo.fr\/app\/uploads\/sites\/4\/2024\/08\/202209article-yoga-photo-premium.jpg","twitter_creator":"@VosgesInfo88","twitter_site":"@VosgesInfo88","twitter_misc":{"\u00c9crit par":"la r\u00e9daction","Dur\u00e9e de lecture estim\u00e9e":"1 minute"},"schema":{"@context":"https:\/\/schema.org","@graph":[{"@type":"Article","@id":"https:\/\/vosgesinfo.fr\/saintdieinfo\/2022\/09\/vivez-mieux-yoga-pratique-dojo-jumeaux-de-nompatelize\/#article","isPartOf":{"@id":"https:\/\/vosgesinfo.fr\/saintdieinfo\/2022\/09\/vivez-mieux-yoga-pratique-dojo-jumeaux-de-nompatelize\/"},"author":{"name":"la r\u00e9daction","@id":"https:\/\/vosgesinfo.fr\/saintdieinfo\/#\/schema\/person\/faee6704a21f3977511db84bd1cd450f"},"headline":"Vivez mieux avec le yoga, pratiqu\u00e9 au Dojo des Jumeaux de Nompatelize","datePublished":"2022-09-21T06:39:11+00:00","dateModified":"2022-09-21T06:39:11+00:00","mainEntityOfPage":{"@id":"https:\/\/vosgesinfo.fr\/saintdieinfo\/2022\/09\/vivez-mieux-yoga-pratique-dojo-jumeaux-de-nompatelize\/"},"wordCount":265,"commentCount":0,"publisher":{"@id":"https:\/\/vosgesinfo.fr\/saintdieinfo\/#organization"},"image":{"@id":"https:\/\/vosgesinfo.fr\/saintdieinfo\/2022\/09\/vivez-mieux-yoga-pratique-dojo-jumeaux-de-nompatelize\/#primaryimage"},"thumbnailUrl":"https:\/\/vosgesinfo.fr\/app\/uploads\/sites\/4\/2024\/08\/202209article-yoga-photo-premium.jpg","articleSection":["A la Une","Sant\u00e9","Soci\u00e9t\u00e9","Sport","Vosges"],"inLanguage":"fr-FR","potentialAction":[{"@type":"CommentAction","name":"Comment","target":["https:\/\/vosgesinfo.fr\/saintdieinfo\/2022\/09\/vivez-mieux-yoga-pratique-dojo-jumeaux-de-nompatelize\/#respond"]}]},{"@type":"WebPage","@id":"https:\/\/vosgesinfo.fr\/saintdieinfo\/2022\/09\/vivez-mieux-yoga-pratique-dojo-jumeaux-de-nompatelize\/","url":"https:\/\/vosgesinfo.fr\/saintdieinfo\/2022\/09\/vivez-mieux-yoga-pratique-dojo-jumeaux-de-nompatelize\/","name":"Vivez mieux avec le yoga, pratiqu\u00e9 au Dojo des Jumeaux de Nompatelize - Saint Die Info","isPartOf":{"@id":"https:\/\/vosgesinfo.fr\/saintdieinfo\/#website"},"primaryImageOfPage":{"@id":"https:\/\/vosgesinfo.fr\/saintdieinfo\/2022\/09\/vivez-mieux-yoga-pratique-dojo-jumeaux-de-nompatelize\/#primaryimage"},"image":{"@id":"https:\/\/vosgesinfo.fr\/saintdieinfo\/2022\/09\/vivez-mieux-yoga-pratique-dojo-jumeaux-de-nompatelize\/#primaryimage"},"thumbnailUrl":"https:\/\/vosgesinfo.fr\/app\/uploads\/sites\/4\/2024\/08\/202209article-yoga-photo-premium.jpg","datePublished":"2022-09-21T06:39:11+00:00","dateModified":"2022-09-21T06:39:11+00:00","breadcrumb":{"@id":"https:\/\/vosgesinfo.fr\/saintdieinfo\/2022\/09\/vivez-mieux-yoga-pratique-dojo-jumeaux-de-nompatelize\/#breadcrumb"},"inLanguage":"fr-FR","potentialAction":[{"@type":"ReadAction","target":["https:\/\/vosgesinfo.fr\/saintdieinfo\/2022\/09\/vivez-mieux-yoga-pratique-dojo-jumeaux-de-nompatelize\/"]}]},{"@type":"ImageObject","inLanguage":"fr-FR","@id":"https:\/\/vosgesinfo.fr\/saintdieinfo\/2022\/09\/vivez-mieux-yoga-pratique-dojo-jumeaux-de-nompatelize\/#primaryimage","url":"https:\/\/vosgesinfo.fr\/app\/uploads\/sites\/4\/2024\/08\/202209article-yoga-photo-premium.jpg","contentUrl":"https:\/\/vosgesinfo.fr\/app\/uploads\/sites\/4\/2024\/08\/202209article-yoga-photo-premium.jpg","width":925,"height":581},{"@type":"BreadcrumbList","@id":"https:\/\/vosgesinfo.fr\/saintdieinfo\/2022\/09\/vivez-mieux-yoga-pratique-dojo-jumeaux-de-nompatelize\/#breadcrumb","itemListElement":[{"@type":"ListItem","position":1,"name":"Home","item":"https:\/\/vosgesinfo.fr\/saintdieinfo\/"},{"@type":"ListItem","position":2,"name":"Vivez mieux avec le yoga, pratiqu\u00e9 au Dojo des Jumeaux de Nompatelize"}]},{"@type":"WebSite","@id":"https:\/\/vosgesinfo.fr\/saintdieinfo\/#website","url":"https:\/\/vosgesinfo.fr\/saintdieinfo\/","name":"Saint Die Info","description":"Toute l&#039;actualit\u00e9 de Saint-Di\u00e9-Des-Vosges","publisher":{"@id":"https:\/\/vosgesinfo.fr\/saintdieinfo\/#organization"},"alternateName":"Toute l'actualit\u00e9 de Saint-Di\u00e9-Des-Vosges","potentialAction":[{"@type":"SearchAction","target":{"@type":"EntryPoint","urlTemplate":"https:\/\/vosgesinfo.fr\/saintdieinfo\/?s={search_term_string}"},"query-input":"required name=search_term_string"}],"inLanguage":"fr-FR"},{"@type":"Organization","@id":"https:\/\/vosgesinfo.fr\/saintdieinfo\/#organization","name":"Saint Die Info","url":"https:\/\/vosgesinfo.fr\/saintdieinfo\/","logo":{"@type":"ImageObject","inLanguage":"fr-FR","@id":"https:\/\/vosgesinfo.fr\/saintdieinfo\/#\/schema\/logo\/image\/","url":"https:\/\/vosgesinfo.fr\/app\/uploads\/sites\/4\/2024\/02\/logo-sdi.jpg","contentUrl":"https:\/\/vosgesinfo.fr\/app\/uploads\/sites\/4\/2024\/02\/logo-sdi.jpg","width":600,"height":600,"caption":"Saint Die Info"},"image":{"@id":"https:\/\/vosgesinfo.fr\/saintdieinfo\/#\/schema\/logo\/image\/"},"sameAs":["https:\/\/www.facebook.com\/Saintdieinfofr","https:\/\/x.com\/VosgesInfo88","https:\/\/www.youtube.com\/@vosgesinfo"]},{"@type":"Person","@id":"https:\/\/vosgesinfo.fr\/saintdieinfo\/#\/schema\/person\/faee6704a21f3977511db84bd1cd450f","name":"la r\u00e9daction","image":{"@type":"ImageObject","inLanguage":"fr-FR","@id":"https:\/\/vosgesinfo.fr\/saintdieinfo\/#\/schema\/person\/image\/","url":"https:\/\/secure.gravatar.com\/avatar\/6673d8bc6a9c17fa9a453eaa3448de834fa308c2ec9635b7aa99441a7c8d2cf6?s=96&d=mm&r=g","contentUrl":"https:\/\/secure.gravatar.com\/avatar\/6673d8bc6a9c17fa9a453eaa3448de834fa308c2ec9635b7aa99441a7c8d2cf6?s=96&d=mm&r=g","caption":"la r\u00e9daction"},"url":"https:\/\/vosgesinfo.fr\/saintdieinfo\/author\/redac\/"}]}},"_links":{"self":[{"href":"https:\/\/vosgesinfo.fr\/saintdieinfo\/wp-json\/wp\/v2\/posts\/57724","targetHints":{"allow":["GET"]}}],"collection":[{"href":"https:\/\/vosgesinfo.fr\/saintdieinfo\/wp-json\/wp\/v2\/posts"}],"about":[{"href":"https:\/\/vosgesinfo.fr\/saintdieinfo\/wp-json\/wp\/v2\/types\/post"}],"author":[{"embeddable":true,"href":"https:\/\/vosgesinfo.fr\/saintdieinfo\/wp-json\/wp\/v2\/users\/44"}],"replies":[{"embeddable":true,"href":"https:\/\/vosgesinfo.fr\/saintdieinfo\/wp-json\/wp\/v2\/comments?post=57724"}],"version-history":[{"count":0,"href":"https:\/\/vosgesinfo.fr\/saintdieinfo\/wp-json\/wp\/v2\/posts\/57724\/revisions"}],"wp:featuredmedia":[{"embeddable":true,"href":"https:\/\/vosgesinfo.fr\/saintdieinfo\/wp-json\/wp\/v2\/media\/57725"}],"wp:attachment":[{"href":"https:\/\/vosgesinfo.fr\/saintdieinfo\/wp-json\/wp\/v2\/media?parent=57724"}],"wp:term":[{"taxonomy":"category","embeddable":true,"href":"https:\/\/vosgesinfo.fr\/saintdieinfo\/wp-json\/wp\/v2\/categories?post=57724"},{"taxonomy":"post_tag","embeddable":true,"href":"https:\/\/vosgesinfo.fr\/saintdieinfo\/wp-json\/wp\/v2\/tags?post=57724"}],"curies":[{"name":"wp","href":"https:\/\/api.w.org\/{rel}","templated":true}]}}