{"id":57731,"date":"2022-09-21T15:21:06","date_gmt":"2022-09-21T13:21:06","guid":{"rendered":"https:\/\/vosgesinfo.fr\/saintdieinfo\/2022\/09\/perceptions-exposition-chere-eleves-lycee-jules-ferry\/"},"modified":"2022-09-21T15:21:06","modified_gmt":"2022-09-21T13:21:06","slug":"perceptions-exposition-chere-eleves-lycee-jules-ferry","status":"publish","type":"post","link":"https:\/\/vosgesinfo.fr\/saintdieinfo\/2022\/09\/perceptions-exposition-chere-eleves-lycee-jules-ferry\/","title":{"rendered":"\u00ab\u00a0Perceptions\u00a0\u00bb, une exposition ch\u00e8re au \u00e9l\u00e8ves du lyc\u00e9e Jules Ferry"},"content":{"rendered":"<div><a href=\"\/2022\/09\/musee-pierre-noel-expo-perceptions-2.jpg\"><img decoding=\"async\" class=\"aligncenter size-large wp-image-189975\" src=\"\/2022\/09\/musee-pierre-noel-expo-perceptions-2-1024x766.jpg\" alt=\"musee pierre-noel expo perceptions (2)\" width=\"960\" height=\"718\" \/><\/a><\/div>\n<p>&nbsp;<\/p>\n<div><span id=\"x_OBJ_PREFIX_DWT5081_com_zimbra_date\" class=\"x_Object\"><span id=\"x_OBJ_PREFIX_DWT5488_com_zimbra_date\" class=\"x_Object\">Vendredi<\/span><\/span> 16 septembre au Mus\u00e9e Pierre-No\u00ebl, de nombreux \u00e9l\u00e8ves du lyc\u00e9e Jules Ferry sont venus retrouver avec plaisir leur r\u00e9alisation de l&rsquo;ann\u00e9e pr\u00e9c\u00e9dente. Dans le cadre du CTEAC (Contrat Territorial d\u2019\u00c9ducation Artistique et Culturelle\u00a0\u00bb, les professeur.e.s d\u2019histoire et g\u00e9ographie Sylvie Renouard et Didier Mathieu ont construit un projet avec les \u00e9l\u00e8ves de premi\u00e8re du lyc\u00e9e Jules Ferry ainsi que l\u2019artiste intervenante \u00c9milie <span id=\"x_DWT2853\" class=\"x_ZmSearchResult\">Thieuleux<\/span>, mis en place entre <span id=\"x_OBJ_PREFIX_DWT2850_com_zimbra_date\" class=\"x_Object\"><span id=\"x_OBJ_PREFIX_DWT5082_com_zimbra_date\" class=\"x_Object\"><span id=\"x_OBJ_PREFIX_DWT5489_com_zimbra_date\" class=\"x_Object\">novembre 2021<\/span><\/span><\/span> et <span id=\"x_OBJ_PREFIX_DWT2851_com_zimbra_date\" class=\"x_Object\"><span id=\"x_OBJ_PREFIX_DWT5083_com_zimbra_date\" class=\"x_Object\"><span id=\"x_OBJ_PREFIX_DWT5490_com_zimbra_date\" class=\"x_Object-hover\">mai 2022<\/span><\/span><\/span>.<\/div>\n<div><\/div>\n<div>\n<p style=\"font-stretch: normal; font-family: 'helvetica'; margin: 0px;\"><i>Perceptions\u00a0<\/i>propose une nouvelle lecture de la ville de Saint-Di\u00e9-des-Vosges et de son patrimoine historique \u00e0 travers la cr\u00e9ation d\u2019une \u00e9dition hybride, l\u2019in-octavo. Celle-ci est compos\u00e9e d\u2019une collection de l\u00e9gendes contemporaines et de pictogrammes invent\u00e9s par les \u00e9l\u00e8ves de l\u2019\u00e9tablissement. Cette r\u00e9alisation a donn\u00e9 lieu \u00e0 une suite d\u2019ateliers \u00e9volutifs et exp\u00e9rimentaux autour de l\u2019\u00e9criture, l\u2019\u00e9dition, le design graphique, l\u2019audiovisuel, l\u2019ing\u00e9nierie papier et enfin l\u2019impression s\u00e9rigraphi\u00e9e.<\/p>\n<p style=\"font-stretch: normal; font-family: 'helvetica'; margin: 0px;\">L&rsquo;exposition est visible dans le hall du mus\u00e9e jusqu&rsquo;\u00e0 <span id=\"x_OBJ_PREFIX_DWT5084_com_zimbra_date\" class=\"x_Object\"><span id=\"x_OBJ_PREFIX_DWT5491_com_zimbra_date\" class=\"x_Object\">ce samedi<\/span><\/span> 24 septembre.<\/p>\n<p style=\"font-stretch: normal; font-family: 'helvetica'; margin: 0px;\"><a href=\"\/2022\/09\/musee-pierre-noel-expo-perceptions-1.jpg\"><img decoding=\"async\" class=\"aligncenter size-large wp-image-189974\" src=\"\/2022\/09\/musee-pierre-noel-expo-perceptions-1-1024x766.jpg\" alt=\"musee pierre-noel expo perceptions (1)\" width=\"960\" height=\"718\" \/><\/a><\/p>\n<\/div>\n","protected":false},"excerpt":{"rendered":"<p>&nbsp; Vendredi 16 septembre au Mus\u00e9e Pierre-No\u00ebl, de nombreux \u00e9l\u00e8ves du lyc\u00e9e Jules Ferry sont venus retrouver avec plaisir leur [&hellip;]<\/p>\n","protected":false},"author":39,"featured_media":57732,"comment_status":"open","ping_status":"open","sticky":false,"template":"","format":"standard","meta":{"footnotes":""},"categories":[460,7847],"tags":[3481,6367,3333],"class_list":["post-57731","post","type-post","status-publish","format-standard","has-post-thumbnail","hentry","category-a-la-une","category-art-culture","tag-cteac-de-la-communaute-dagglomeration-de-saint-die-des-vosges","tag-emilie-thieuleux","tag-musee-pierre-noel"],"acf":[],"yoast_head":"<!-- This site is optimized with the Yoast SEO plugin v22.5 - https:\/\/yoast.com\/wordpress\/plugins\/seo\/ -->\n<title>&quot;Perceptions&quot;, une exposition ch\u00e8re au \u00e9l\u00e8ves du lyc\u00e9e Jules Ferry - Saint Die Info<\/title>\n<meta name=\"robots\" content=\"index, follow, max-snippet:-1, max-image-preview:large, max-video-preview:-1\" \/>\n<link rel=\"canonical\" href=\"https:\/\/vosgesinfo.fr\/saintdieinfo\/2022\/09\/perceptions-exposition-chere-eleves-lycee-jules-ferry\/\" \/>\n<meta name=\"twitter:card\" content=\"summary_large_image\" \/>\n<meta name=\"twitter:title\" content=\"&quot;Perceptions&quot;, une exposition ch\u00e8re au \u00e9l\u00e8ves du lyc\u00e9e Jules Ferry - Saint Die Info\" \/>\n<meta name=\"twitter:description\" content=\"&nbsp; Vendredi 16 septembre au Mus\u00e9e Pierre-No\u00ebl, de nombreux \u00e9l\u00e8ves du lyc\u00e9e Jules Ferry sont venus retrouver avec plaisir leur [&hellip;]\" \/>\n<meta name=\"twitter:image\" content=\"https:\/\/vosgesinfo.fr\/app\/uploads\/sites\/4\/2024\/08\/202209musee-pierre-noel-expo-perceptions-2.jpg\" \/>\n<meta name=\"twitter:creator\" content=\"@VosgesInfo88\" \/>\n<meta name=\"twitter:site\" content=\"@VosgesInfo88\" \/>\n<meta name=\"twitter:label1\" content=\"\u00c9crit par\" \/>\n\t<meta name=\"twitter:data1\" content=\"Phj\" \/>\n\t<meta name=\"twitter:label2\" content=\"Dur\u00e9e de lecture estim\u00e9e\" \/>\n\t<meta name=\"twitter:data2\" content=\"1 minute\" \/>\n<script type=\"application\/ld+json\" class=\"yoast-schema-graph\">{\"@context\":\"https:\/\/schema.org\",\"@graph\":[{\"@type\":\"Article\",\"@id\":\"https:\/\/vosgesinfo.fr\/saintdieinfo\/2022\/09\/perceptions-exposition-chere-eleves-lycee-jules-ferry\/#article\",\"isPartOf\":{\"@id\":\"https:\/\/vosgesinfo.fr\/saintdieinfo\/2022\/09\/perceptions-exposition-chere-eleves-lycee-jules-ferry\/\"},\"author\":{\"name\":\"Phj\",\"@id\":\"https:\/\/vosgesinfo.fr\/saintdieinfo\/#\/schema\/person\/4f57dc393faf2ac8b9f1cab30ad79250\"},\"headline\":\"\u00ab\u00a0Perceptions\u00a0\u00bb, une exposition ch\u00e8re au \u00e9l\u00e8ves du lyc\u00e9e Jules Ferry\",\"datePublished\":\"2022-09-21T13:21:06+00:00\",\"dateModified\":\"2022-09-21T13:21:06+00:00\",\"mainEntityOfPage\":{\"@id\":\"https:\/\/vosgesinfo.fr\/saintdieinfo\/2022\/09\/perceptions-exposition-chere-eleves-lycee-jules-ferry\/\"},\"wordCount\":200,\"commentCount\":0,\"publisher\":{\"@id\":\"https:\/\/vosgesinfo.fr\/saintdieinfo\/#organization\"},\"image\":{\"@id\":\"https:\/\/vosgesinfo.fr\/saintdieinfo\/2022\/09\/perceptions-exposition-chere-eleves-lycee-jules-ferry\/#primaryimage\"},\"thumbnailUrl\":\"https:\/\/vosgesinfo.fr\/app\/uploads\/sites\/4\/2024\/08\/202209musee-pierre-noel-expo-perceptions-2.jpg\",\"keywords\":[\"CTEAC de la Communaut\u00e9 d'Agglom\u00e9ration de Saint-Di\u00e9-des-Vosges\",\"Emilie Thieuleux\",\"Mus\u00e9e Pierre-No\u00ebl\"],\"articleSection\":[\"A la Une\",\"Culture\"],\"inLanguage\":\"fr-FR\",\"potentialAction\":[{\"@type\":\"CommentAction\",\"name\":\"Comment\",\"target\":[\"https:\/\/vosgesinfo.fr\/saintdieinfo\/2022\/09\/perceptions-exposition-chere-eleves-lycee-jules-ferry\/#respond\"]}]},{\"@type\":\"WebPage\",\"@id\":\"https:\/\/vosgesinfo.fr\/saintdieinfo\/2022\/09\/perceptions-exposition-chere-eleves-lycee-jules-ferry\/\",\"url\":\"https:\/\/vosgesinfo.fr\/saintdieinfo\/2022\/09\/perceptions-exposition-chere-eleves-lycee-jules-ferry\/\",\"name\":\"\\\"Perceptions\\\", une exposition ch\u00e8re au \u00e9l\u00e8ves du lyc\u00e9e Jules Ferry - Saint Die Info\",\"isPartOf\":{\"@id\":\"https:\/\/vosgesinfo.fr\/saintdieinfo\/#website\"},\"primaryImageOfPage\":{\"@id\":\"https:\/\/vosgesinfo.fr\/saintdieinfo\/2022\/09\/perceptions-exposition-chere-eleves-lycee-jules-ferry\/#primaryimage\"},\"image\":{\"@id\":\"https:\/\/vosgesinfo.fr\/saintdieinfo\/2022\/09\/perceptions-exposition-chere-eleves-lycee-jules-ferry\/#primaryimage\"},\"thumbnailUrl\":\"https:\/\/vosgesinfo.fr\/app\/uploads\/sites\/4\/2024\/08\/202209musee-pierre-noel-expo-perceptions-2.jpg\",\"datePublished\":\"2022-09-21T13:21:06+00:00\",\"dateModified\":\"2022-09-21T13:21:06+00:00\",\"breadcrumb\":{\"@id\":\"https:\/\/vosgesinfo.fr\/saintdieinfo\/2022\/09\/perceptions-exposition-chere-eleves-lycee-jules-ferry\/#breadcrumb\"},\"inLanguage\":\"fr-FR\",\"potentialAction\":[{\"@type\":\"ReadAction\",\"target\":[\"https:\/\/vosgesinfo.fr\/saintdieinfo\/2022\/09\/perceptions-exposition-chere-eleves-lycee-jules-ferry\/\"]}]},{\"@type\":\"ImageObject\",\"inLanguage\":\"fr-FR\",\"@id\":\"https:\/\/vosgesinfo.fr\/saintdieinfo\/2022\/09\/perceptions-exposition-chere-eleves-lycee-jules-ferry\/#primaryimage\",\"url\":\"https:\/\/vosgesinfo.fr\/app\/uploads\/sites\/4\/2024\/08\/202209musee-pierre-noel-expo-perceptions-2.jpg\",\"contentUrl\":\"https:\/\/vosgesinfo.fr\/app\/uploads\/sites\/4\/2024\/08\/202209musee-pierre-noel-expo-perceptions-2.jpg\",\"width\":1600,\"height\":1197},{\"@type\":\"BreadcrumbList\",\"@id\":\"https:\/\/vosgesinfo.fr\/saintdieinfo\/2022\/09\/perceptions-exposition-chere-eleves-lycee-jules-ferry\/#breadcrumb\",\"itemListElement\":[{\"@type\":\"ListItem\",\"position\":1,\"name\":\"Home\",\"item\":\"https:\/\/vosgesinfo.fr\/saintdieinfo\/\"},{\"@type\":\"ListItem\",\"position\":2,\"name\":\"\u00ab\u00a0Perceptions\u00a0\u00bb, une exposition ch\u00e8re au \u00e9l\u00e8ves du lyc\u00e9e Jules Ferry\"}]},{\"@type\":\"WebSite\",\"@id\":\"https:\/\/vosgesinfo.fr\/saintdieinfo\/#website\",\"url\":\"https:\/\/vosgesinfo.fr\/saintdieinfo\/\",\"name\":\"Saint Die Info\",\"description\":\"Toute l&#039;actualit\u00e9 de Saint-Di\u00e9-Des-Vosges\",\"publisher\":{\"@id\":\"https:\/\/vosgesinfo.fr\/saintdieinfo\/#organization\"},\"alternateName\":\"Toute l'actualit\u00e9 de Saint-Di\u00e9-Des-Vosges\",\"potentialAction\":[{\"@type\":\"SearchAction\",\"target\":{\"@type\":\"EntryPoint\",\"urlTemplate\":\"https:\/\/vosgesinfo.fr\/saintdieinfo\/?s={search_term_string}\"},\"query-input\":\"required name=search_term_string\"}],\"inLanguage\":\"fr-FR\"},{\"@type\":\"Organization\",\"@id\":\"https:\/\/vosgesinfo.fr\/saintdieinfo\/#organization\",\"name\":\"Saint Die Info\",\"url\":\"https:\/\/vosgesinfo.fr\/saintdieinfo\/\",\"logo\":{\"@type\":\"ImageObject\",\"inLanguage\":\"fr-FR\",\"@id\":\"https:\/\/vosgesinfo.fr\/saintdieinfo\/#\/schema\/logo\/image\/\",\"url\":\"https:\/\/vosgesinfo.fr\/app\/uploads\/sites\/4\/2024\/02\/logo-sdi.jpg\",\"contentUrl\":\"https:\/\/vosgesinfo.fr\/app\/uploads\/sites\/4\/2024\/02\/logo-sdi.jpg\",\"width\":600,\"height\":600,\"caption\":\"Saint Die Info\"},\"image\":{\"@id\":\"https:\/\/vosgesinfo.fr\/saintdieinfo\/#\/schema\/logo\/image\/\"},\"sameAs\":[\"https:\/\/www.facebook.com\/Saintdieinfofr\",\"https:\/\/x.com\/VosgesInfo88\",\"https:\/\/www.youtube.com\/@vosgesinfo\"]},{\"@type\":\"Person\",\"@id\":\"https:\/\/vosgesinfo.fr\/saintdieinfo\/#\/schema\/person\/4f57dc393faf2ac8b9f1cab30ad79250\",\"name\":\"Phj\",\"image\":{\"@type\":\"ImageObject\",\"inLanguage\":\"fr-FR\",\"@id\":\"https:\/\/vosgesinfo.fr\/saintdieinfo\/#\/schema\/person\/image\/\",\"url\":\"https:\/\/secure.gravatar.com\/avatar\/ada60265080fb9a89c9809bf0abb1f448a128cb85db1c08905baa5038fbe3cfe?s=96&d=mm&r=g\",\"contentUrl\":\"https:\/\/secure.gravatar.com\/avatar\/ada60265080fb9a89c9809bf0abb1f448a128cb85db1c08905baa5038fbe3cfe?s=96&d=mm&r=g\",\"caption\":\"Phj\"},\"url\":\"https:\/\/vosgesinfo.fr\/saintdieinfo\/author\/phj\/\"}]}<\/script>\n<!-- \/ Yoast SEO plugin. -->","yoast_head_json":{"title":"\"Perceptions\", une exposition ch\u00e8re au \u00e9l\u00e8ves du lyc\u00e9e Jules Ferry - Saint Die Info","robots":{"index":"index","follow":"follow","max-snippet":"max-snippet:-1","max-image-preview":"max-image-preview:large","max-video-preview":"max-video-preview:-1"},"canonical":"https:\/\/vosgesinfo.fr\/saintdieinfo\/2022\/09\/perceptions-exposition-chere-eleves-lycee-jules-ferry\/","twitter_card":"summary_large_image","twitter_title":"\"Perceptions\", une exposition ch\u00e8re au \u00e9l\u00e8ves du lyc\u00e9e Jules Ferry - Saint Die Info","twitter_description":"&nbsp; Vendredi 16 septembre au Mus\u00e9e Pierre-No\u00ebl, de nombreux \u00e9l\u00e8ves du lyc\u00e9e Jules Ferry sont venus retrouver avec plaisir leur [&hellip;]","twitter_image":"https:\/\/vosgesinfo.fr\/app\/uploads\/sites\/4\/2024\/08\/202209musee-pierre-noel-expo-perceptions-2.jpg","twitter_creator":"@VosgesInfo88","twitter_site":"@VosgesInfo88","twitter_misc":{"\u00c9crit par":"Phj","Dur\u00e9e de lecture estim\u00e9e":"1 minute"},"schema":{"@context":"https:\/\/schema.org","@graph":[{"@type":"Article","@id":"https:\/\/vosgesinfo.fr\/saintdieinfo\/2022\/09\/perceptions-exposition-chere-eleves-lycee-jules-ferry\/#article","isPartOf":{"@id":"https:\/\/vosgesinfo.fr\/saintdieinfo\/2022\/09\/perceptions-exposition-chere-eleves-lycee-jules-ferry\/"},"author":{"name":"Phj","@id":"https:\/\/vosgesinfo.fr\/saintdieinfo\/#\/schema\/person\/4f57dc393faf2ac8b9f1cab30ad79250"},"headline":"\u00ab\u00a0Perceptions\u00a0\u00bb, une exposition ch\u00e8re au \u00e9l\u00e8ves du lyc\u00e9e Jules Ferry","datePublished":"2022-09-21T13:21:06+00:00","dateModified":"2022-09-21T13:21:06+00:00","mainEntityOfPage":{"@id":"https:\/\/vosgesinfo.fr\/saintdieinfo\/2022\/09\/perceptions-exposition-chere-eleves-lycee-jules-ferry\/"},"wordCount":200,"commentCount":0,"publisher":{"@id":"https:\/\/vosgesinfo.fr\/saintdieinfo\/#organization"},"image":{"@id":"https:\/\/vosgesinfo.fr\/saintdieinfo\/2022\/09\/perceptions-exposition-chere-eleves-lycee-jules-ferry\/#primaryimage"},"thumbnailUrl":"https:\/\/vosgesinfo.fr\/app\/uploads\/sites\/4\/2024\/08\/202209musee-pierre-noel-expo-perceptions-2.jpg","keywords":["CTEAC de la Communaut\u00e9 d'Agglom\u00e9ration de Saint-Di\u00e9-des-Vosges","Emilie Thieuleux","Mus\u00e9e Pierre-No\u00ebl"],"articleSection":["A la Une","Culture"],"inLanguage":"fr-FR","potentialAction":[{"@type":"CommentAction","name":"Comment","target":["https:\/\/vosgesinfo.fr\/saintdieinfo\/2022\/09\/perceptions-exposition-chere-eleves-lycee-jules-ferry\/#respond"]}]},{"@type":"WebPage","@id":"https:\/\/vosgesinfo.fr\/saintdieinfo\/2022\/09\/perceptions-exposition-chere-eleves-lycee-jules-ferry\/","url":"https:\/\/vosgesinfo.fr\/saintdieinfo\/2022\/09\/perceptions-exposition-chere-eleves-lycee-jules-ferry\/","name":"\"Perceptions\", une exposition ch\u00e8re au \u00e9l\u00e8ves du lyc\u00e9e Jules Ferry - Saint Die Info","isPartOf":{"@id":"https:\/\/vosgesinfo.fr\/saintdieinfo\/#website"},"primaryImageOfPage":{"@id":"https:\/\/vosgesinfo.fr\/saintdieinfo\/2022\/09\/perceptions-exposition-chere-eleves-lycee-jules-ferry\/#primaryimage"},"image":{"@id":"https:\/\/vosgesinfo.fr\/saintdieinfo\/2022\/09\/perceptions-exposition-chere-eleves-lycee-jules-ferry\/#primaryimage"},"thumbnailUrl":"https:\/\/vosgesinfo.fr\/app\/uploads\/sites\/4\/2024\/08\/202209musee-pierre-noel-expo-perceptions-2.jpg","datePublished":"2022-09-21T13:21:06+00:00","dateModified":"2022-09-21T13:21:06+00:00","breadcrumb":{"@id":"https:\/\/vosgesinfo.fr\/saintdieinfo\/2022\/09\/perceptions-exposition-chere-eleves-lycee-jules-ferry\/#breadcrumb"},"inLanguage":"fr-FR","potentialAction":[{"@type":"ReadAction","target":["https:\/\/vosgesinfo.fr\/saintdieinfo\/2022\/09\/perceptions-exposition-chere-eleves-lycee-jules-ferry\/"]}]},{"@type":"ImageObject","inLanguage":"fr-FR","@id":"https:\/\/vosgesinfo.fr\/saintdieinfo\/2022\/09\/perceptions-exposition-chere-eleves-lycee-jules-ferry\/#primaryimage","url":"https:\/\/vosgesinfo.fr\/app\/uploads\/sites\/4\/2024\/08\/202209musee-pierre-noel-expo-perceptions-2.jpg","contentUrl":"https:\/\/vosgesinfo.fr\/app\/uploads\/sites\/4\/2024\/08\/202209musee-pierre-noel-expo-perceptions-2.jpg","width":1600,"height":1197},{"@type":"BreadcrumbList","@id":"https:\/\/vosgesinfo.fr\/saintdieinfo\/2022\/09\/perceptions-exposition-chere-eleves-lycee-jules-ferry\/#breadcrumb","itemListElement":[{"@type":"ListItem","position":1,"name":"Home","item":"https:\/\/vosgesinfo.fr\/saintdieinfo\/"},{"@type":"ListItem","position":2,"name":"\u00ab\u00a0Perceptions\u00a0\u00bb, une exposition ch\u00e8re au \u00e9l\u00e8ves du lyc\u00e9e Jules Ferry"}]},{"@type":"WebSite","@id":"https:\/\/vosgesinfo.fr\/saintdieinfo\/#website","url":"https:\/\/vosgesinfo.fr\/saintdieinfo\/","name":"Saint Die Info","description":"Toute l&#039;actualit\u00e9 de Saint-Di\u00e9-Des-Vosges","publisher":{"@id":"https:\/\/vosgesinfo.fr\/saintdieinfo\/#organization"},"alternateName":"Toute l'actualit\u00e9 de Saint-Di\u00e9-Des-Vosges","potentialAction":[{"@type":"SearchAction","target":{"@type":"EntryPoint","urlTemplate":"https:\/\/vosgesinfo.fr\/saintdieinfo\/?s={search_term_string}"},"query-input":"required name=search_term_string"}],"inLanguage":"fr-FR"},{"@type":"Organization","@id":"https:\/\/vosgesinfo.fr\/saintdieinfo\/#organization","name":"Saint Die Info","url":"https:\/\/vosgesinfo.fr\/saintdieinfo\/","logo":{"@type":"ImageObject","inLanguage":"fr-FR","@id":"https:\/\/vosgesinfo.fr\/saintdieinfo\/#\/schema\/logo\/image\/","url":"https:\/\/vosgesinfo.fr\/app\/uploads\/sites\/4\/2024\/02\/logo-sdi.jpg","contentUrl":"https:\/\/vosgesinfo.fr\/app\/uploads\/sites\/4\/2024\/02\/logo-sdi.jpg","width":600,"height":600,"caption":"Saint Die Info"},"image":{"@id":"https:\/\/vosgesinfo.fr\/saintdieinfo\/#\/schema\/logo\/image\/"},"sameAs":["https:\/\/www.facebook.com\/Saintdieinfofr","https:\/\/x.com\/VosgesInfo88","https:\/\/www.youtube.com\/@vosgesinfo"]},{"@type":"Person","@id":"https:\/\/vosgesinfo.fr\/saintdieinfo\/#\/schema\/person\/4f57dc393faf2ac8b9f1cab30ad79250","name":"Phj","image":{"@type":"ImageObject","inLanguage":"fr-FR","@id":"https:\/\/vosgesinfo.fr\/saintdieinfo\/#\/schema\/person\/image\/","url":"https:\/\/secure.gravatar.com\/avatar\/ada60265080fb9a89c9809bf0abb1f448a128cb85db1c08905baa5038fbe3cfe?s=96&d=mm&r=g","contentUrl":"https:\/\/secure.gravatar.com\/avatar\/ada60265080fb9a89c9809bf0abb1f448a128cb85db1c08905baa5038fbe3cfe?s=96&d=mm&r=g","caption":"Phj"},"url":"https:\/\/vosgesinfo.fr\/saintdieinfo\/author\/phj\/"}]}},"_links":{"self":[{"href":"https:\/\/vosgesinfo.fr\/saintdieinfo\/wp-json\/wp\/v2\/posts\/57731","targetHints":{"allow":["GET"]}}],"collection":[{"href":"https:\/\/vosgesinfo.fr\/saintdieinfo\/wp-json\/wp\/v2\/posts"}],"about":[{"href":"https:\/\/vosgesinfo.fr\/saintdieinfo\/wp-json\/wp\/v2\/types\/post"}],"author":[{"embeddable":true,"href":"https:\/\/vosgesinfo.fr\/saintdieinfo\/wp-json\/wp\/v2\/users\/39"}],"replies":[{"embeddable":true,"href":"https:\/\/vosgesinfo.fr\/saintdieinfo\/wp-json\/wp\/v2\/comments?post=57731"}],"version-history":[{"count":0,"href":"https:\/\/vosgesinfo.fr\/saintdieinfo\/wp-json\/wp\/v2\/posts\/57731\/revisions"}],"wp:featuredmedia":[{"embeddable":true,"href":"https:\/\/vosgesinfo.fr\/saintdieinfo\/wp-json\/wp\/v2\/media\/57732"}],"wp:attachment":[{"href":"https:\/\/vosgesinfo.fr\/saintdieinfo\/wp-json\/wp\/v2\/media?parent=57731"}],"wp:term":[{"taxonomy":"category","embeddable":true,"href":"https:\/\/vosgesinfo.fr\/saintdieinfo\/wp-json\/wp\/v2\/categories?post=57731"},{"taxonomy":"post_tag","embeddable":true,"href":"https:\/\/vosgesinfo.fr\/saintdieinfo\/wp-json\/wp\/v2\/tags?post=57731"}],"curies":[{"name":"wp","href":"https:\/\/api.w.org\/{rel}","templated":true}]}}