{"id":57736,"date":"2022-09-21T17:14:02","date_gmt":"2022-09-21T15:14:02","guid":{"rendered":"https:\/\/vosgesinfo.fr\/saintdieinfo\/2022\/09\/parc-de-leveche-peau-neuve\/"},"modified":"2022-09-21T17:14:02","modified_gmt":"2022-09-21T15:14:02","slug":"parc-de-leveche-peau-neuve","status":"publish","type":"post","link":"https:\/\/vosgesinfo.fr\/saintdieinfo\/2022\/09\/parc-de-leveche-peau-neuve\/","title":{"rendered":"Le parc de l&rsquo;\u00e9v\u00each\u00e9 fait peau neuve"},"content":{"rendered":"<h2 id=\":141\" class=\"hP\" tabindex=\"-1\" data-thread-perm-id=\"thread-f:1744595779153180018\" data-legacy-thread-id=\"18360c9e2d123572\"><a href=\"\/2022\/09\/travaux-parc-evech\u00e9-1.jpg\"><img decoding=\"async\" class=\"aligncenter size-large wp-image-189982\" src=\"\/2022\/09\/travaux-parc-evech\u00e9-1-1024x683.jpg\" alt=\"travaux parc evech\u00e9 (1)\" width=\"960\" height=\"640\" \/><\/a><\/h2>\n<p>&nbsp;<\/p>\n<p><span style=\"font-size: large;\">D\u00e9but\u00e9s le 1er juillet 2022, par les abords de la cath\u00e9drale et du clo\u00eetre, les travaux d&#8217;embellissement du parc de l&rsquo;\u00e9v\u00each\u00e9 s&rsquo;ach\u00e8vent progressivement. A cette occasion, un point presse organis\u00e9 par la municipalit\u00e9 s&rsquo;est d\u00e9roul\u00e9 ce mercredi en fin de matin\u00e9e en pr\u00e9sence du premier magistrat Bruno Toussaint, des chefs de service parc et jardins\u00a0Fran\u00e7oise Claude et Christophe Rey, des agents municipaux ayant particip\u00e9 au chantier, sans oublier Anne Gesseler qui \u00e9tait charg\u00e9e de repr\u00e9senter Arnaud Meyer, pr\u00eatre de \u00a0la Paroisse. Ces travaux enti\u00e8rement r\u00e9alis\u00e9s par les services municipaux ont consist\u00e9 d&rsquo;une part au d\u00e9caissement des all\u00e9es\u00a0et enrobage par du\u00a0sable rose et stabilisant perm\u00e9able\u00a0afin\u00a0que l&rsquo;eau de pluie s&rsquo;infiltre dans le sol ; et d&rsquo;autre part \u00e0 la d\u00e9pose et repose de bordures.<\/span><\/p>\n<p><span style=\"font-size: large;\"><a href=\"\/2022\/09\/travaux-parc-evech\u00e9-2.jpg\"><img decoding=\"async\" class=\"alignright size-medium wp-image-189981\" src=\"\/2022\/09\/travaux-parc-evech\u00e9-2-382x255.jpg\" alt=\"travaux parc evech\u00e9 (2)\" width=\"382\" height=\"255\" \/><\/a>Le Maire Bruno Toussaint a rappel\u00e9 que \u00ab\u00a0<em>le parc de l&rsquo;\u00e9v\u00each\u00e9 est situ\u00e9 sur un site remarquable class\u00e9 au patrimoine (Cath\u00e9drale, clo\u00eetre et usine Le Corbusier) et qu&rsquo;\u00e0 ce titre cela justifie l&#8217;embellissement du parc o\u00f9 de nombreuses m\u00e8res de familles avec enfants viennent se d\u00e9tendre, ainsi que les \u00e9l\u00e8ves du Lyc\u00e9e<\/em><\/span><span style=\"font-size: large;\"><em> voisin de<\/em><\/span><span style=\"font-size: large;\"><em> Sainte-Marie qui, aux beaux jours, r\u00e9visent assis dans les talus<\/em>\u00ab\u00a0.\u00a0 \u00ab\u00a0<em>Des bancs seront pos\u00e9s de part et d&rsquo;autres du parc ainsi que des poubelles et poubelle pour d\u00e9jection animales avec sacs \u00e0 disposition<\/em>\u00a0\u00bb ajoute \u00e9galement le premier magistrat.<br \/>\n<\/span><\/p>\n<p><span style=\"font-size: large;\">Le montant des travaux reste raisonnable pour un montant de 7000 euros TTC pour les mat\u00e9riaux et fournitures.<\/span><\/p>\n<p><a href=\"\/2022\/09\/DSC9609.jpg\"><img decoding=\"async\" class=\"aligncenter size-full wp-image-189983\" src=\"\/2022\/09\/DSC9609.jpg\" alt=\"_DSC9609\" width=\"1024\" height=\"683\" \/><\/a><\/p>\n<p>&nbsp;<\/p>\n","protected":false},"excerpt":{"rendered":"<p>&nbsp; D\u00e9but\u00e9s le 1er juillet 2022, par les abords de la cath\u00e9drale et du clo\u00eetre, les travaux d&#8217;embellissement du parc [&hellip;]<\/p>\n","protected":false},"author":44,"featured_media":57737,"comment_status":"open","ping_status":"open","sticky":false,"template":"","format":"standard","meta":{"footnotes":""},"categories":[460,2915],"tags":[],"class_list":["post-57736","post","type-post","status-publish","format-standard","has-post-thumbnail","hentry","category-a-la-une","category-saint-die-son-canton"],"acf":[],"yoast_head":"<!-- This site is optimized with the Yoast SEO plugin v22.5 - https:\/\/yoast.com\/wordpress\/plugins\/seo\/ -->\n<title>Le parc de l&#039;\u00e9v\u00each\u00e9 fait peau neuve - Saint Die Info<\/title>\n<meta name=\"robots\" content=\"index, follow, max-snippet:-1, max-image-preview:large, max-video-preview:-1\" \/>\n<link rel=\"canonical\" href=\"https:\/\/vosgesinfo.fr\/saintdieinfo\/2022\/09\/parc-de-leveche-peau-neuve\/\" \/>\n<meta name=\"twitter:card\" content=\"summary_large_image\" \/>\n<meta name=\"twitter:title\" content=\"Le parc de l&#039;\u00e9v\u00each\u00e9 fait peau neuve - Saint Die Info\" \/>\n<meta name=\"twitter:description\" content=\"&nbsp; D\u00e9but\u00e9s le 1er juillet 2022, par les abords de la cath\u00e9drale et du clo\u00eetre, les travaux d&#8217;embellissement du parc [&hellip;]\" \/>\n<meta name=\"twitter:image\" content=\"https:\/\/vosgesinfo.fr\/app\/uploads\/sites\/4\/2024\/08\/202209travaux-parc-eveche-1.jpg\" \/>\n<meta name=\"twitter:creator\" content=\"@VosgesInfo88\" \/>\n<meta name=\"twitter:site\" content=\"@VosgesInfo88\" \/>\n<meta name=\"twitter:label1\" content=\"\u00c9crit par\" \/>\n\t<meta name=\"twitter:data1\" content=\"la r\u00e9daction\" \/>\n\t<meta name=\"twitter:label2\" content=\"Dur\u00e9e de lecture estim\u00e9e\" \/>\n\t<meta name=\"twitter:data2\" content=\"1 minute\" \/>\n<script type=\"application\/ld+json\" class=\"yoast-schema-graph\">{\"@context\":\"https:\/\/schema.org\",\"@graph\":[{\"@type\":\"Article\",\"@id\":\"https:\/\/vosgesinfo.fr\/saintdieinfo\/2022\/09\/parc-de-leveche-peau-neuve\/#article\",\"isPartOf\":{\"@id\":\"https:\/\/vosgesinfo.fr\/saintdieinfo\/2022\/09\/parc-de-leveche-peau-neuve\/\"},\"author\":{\"name\":\"la r\u00e9daction\",\"@id\":\"https:\/\/vosgesinfo.fr\/saintdieinfo\/#\/schema\/person\/faee6704a21f3977511db84bd1cd450f\"},\"headline\":\"Le parc de l&rsquo;\u00e9v\u00each\u00e9 fait peau neuve\",\"datePublished\":\"2022-09-21T15:14:02+00:00\",\"dateModified\":\"2022-09-21T15:14:02+00:00\",\"mainEntityOfPage\":{\"@id\":\"https:\/\/vosgesinfo.fr\/saintdieinfo\/2022\/09\/parc-de-leveche-peau-neuve\/\"},\"wordCount\":285,\"commentCount\":0,\"publisher\":{\"@id\":\"https:\/\/vosgesinfo.fr\/saintdieinfo\/#organization\"},\"image\":{\"@id\":\"https:\/\/vosgesinfo.fr\/saintdieinfo\/2022\/09\/parc-de-leveche-peau-neuve\/#primaryimage\"},\"thumbnailUrl\":\"https:\/\/vosgesinfo.fr\/app\/uploads\/sites\/4\/2024\/08\/202209travaux-parc-eveche-1.jpg\",\"articleSection\":[\"A la Une\",\"Saint-Di\u00e9-des-Vosges et son Agglom\u00e9ration\"],\"inLanguage\":\"fr-FR\",\"potentialAction\":[{\"@type\":\"CommentAction\",\"name\":\"Comment\",\"target\":[\"https:\/\/vosgesinfo.fr\/saintdieinfo\/2022\/09\/parc-de-leveche-peau-neuve\/#respond\"]}]},{\"@type\":\"WebPage\",\"@id\":\"https:\/\/vosgesinfo.fr\/saintdieinfo\/2022\/09\/parc-de-leveche-peau-neuve\/\",\"url\":\"https:\/\/vosgesinfo.fr\/saintdieinfo\/2022\/09\/parc-de-leveche-peau-neuve\/\",\"name\":\"Le parc de l'\u00e9v\u00each\u00e9 fait peau neuve - Saint Die Info\",\"isPartOf\":{\"@id\":\"https:\/\/vosgesinfo.fr\/saintdieinfo\/#website\"},\"primaryImageOfPage\":{\"@id\":\"https:\/\/vosgesinfo.fr\/saintdieinfo\/2022\/09\/parc-de-leveche-peau-neuve\/#primaryimage\"},\"image\":{\"@id\":\"https:\/\/vosgesinfo.fr\/saintdieinfo\/2022\/09\/parc-de-leveche-peau-neuve\/#primaryimage\"},\"thumbnailUrl\":\"https:\/\/vosgesinfo.fr\/app\/uploads\/sites\/4\/2024\/08\/202209travaux-parc-eveche-1.jpg\",\"datePublished\":\"2022-09-21T15:14:02+00:00\",\"dateModified\":\"2022-09-21T15:14:02+00:00\",\"breadcrumb\":{\"@id\":\"https:\/\/vosgesinfo.fr\/saintdieinfo\/2022\/09\/parc-de-leveche-peau-neuve\/#breadcrumb\"},\"inLanguage\":\"fr-FR\",\"potentialAction\":[{\"@type\":\"ReadAction\",\"target\":[\"https:\/\/vosgesinfo.fr\/saintdieinfo\/2022\/09\/parc-de-leveche-peau-neuve\/\"]}]},{\"@type\":\"ImageObject\",\"inLanguage\":\"fr-FR\",\"@id\":\"https:\/\/vosgesinfo.fr\/saintdieinfo\/2022\/09\/parc-de-leveche-peau-neuve\/#primaryimage\",\"url\":\"https:\/\/vosgesinfo.fr\/app\/uploads\/sites\/4\/2024\/08\/202209travaux-parc-eveche-1.jpg\",\"contentUrl\":\"https:\/\/vosgesinfo.fr\/app\/uploads\/sites\/4\/2024\/08\/202209travaux-parc-eveche-1.jpg\",\"width\":1024,\"height\":683},{\"@type\":\"BreadcrumbList\",\"@id\":\"https:\/\/vosgesinfo.fr\/saintdieinfo\/2022\/09\/parc-de-leveche-peau-neuve\/#breadcrumb\",\"itemListElement\":[{\"@type\":\"ListItem\",\"position\":1,\"name\":\"Home\",\"item\":\"https:\/\/vosgesinfo.fr\/saintdieinfo\/\"},{\"@type\":\"ListItem\",\"position\":2,\"name\":\"Le parc de l&rsquo;\u00e9v\u00each\u00e9 fait peau neuve\"}]},{\"@type\":\"WebSite\",\"@id\":\"https:\/\/vosgesinfo.fr\/saintdieinfo\/#website\",\"url\":\"https:\/\/vosgesinfo.fr\/saintdieinfo\/\",\"name\":\"Saint Die Info\",\"description\":\"Toute l&#039;actualit\u00e9 de Saint-Di\u00e9-Des-Vosges\",\"publisher\":{\"@id\":\"https:\/\/vosgesinfo.fr\/saintdieinfo\/#organization\"},\"alternateName\":\"Toute l'actualit\u00e9 de Saint-Di\u00e9-Des-Vosges\",\"potentialAction\":[{\"@type\":\"SearchAction\",\"target\":{\"@type\":\"EntryPoint\",\"urlTemplate\":\"https:\/\/vosgesinfo.fr\/saintdieinfo\/?s={search_term_string}\"},\"query-input\":\"required name=search_term_string\"}],\"inLanguage\":\"fr-FR\"},{\"@type\":\"Organization\",\"@id\":\"https:\/\/vosgesinfo.fr\/saintdieinfo\/#organization\",\"name\":\"Saint Die Info\",\"url\":\"https:\/\/vosgesinfo.fr\/saintdieinfo\/\",\"logo\":{\"@type\":\"ImageObject\",\"inLanguage\":\"fr-FR\",\"@id\":\"https:\/\/vosgesinfo.fr\/saintdieinfo\/#\/schema\/logo\/image\/\",\"url\":\"https:\/\/vosgesinfo.fr\/app\/uploads\/sites\/4\/2024\/02\/logo-sdi.jpg\",\"contentUrl\":\"https:\/\/vosgesinfo.fr\/app\/uploads\/sites\/4\/2024\/02\/logo-sdi.jpg\",\"width\":600,\"height\":600,\"caption\":\"Saint Die Info\"},\"image\":{\"@id\":\"https:\/\/vosgesinfo.fr\/saintdieinfo\/#\/schema\/logo\/image\/\"},\"sameAs\":[\"https:\/\/www.facebook.com\/Saintdieinfofr\",\"https:\/\/x.com\/VosgesInfo88\",\"https:\/\/www.youtube.com\/@vosgesinfo\"]},{\"@type\":\"Person\",\"@id\":\"https:\/\/vosgesinfo.fr\/saintdieinfo\/#\/schema\/person\/faee6704a21f3977511db84bd1cd450f\",\"name\":\"la r\u00e9daction\",\"image\":{\"@type\":\"ImageObject\",\"inLanguage\":\"fr-FR\",\"@id\":\"https:\/\/vosgesinfo.fr\/saintdieinfo\/#\/schema\/person\/image\/\",\"url\":\"https:\/\/secure.gravatar.com\/avatar\/6673d8bc6a9c17fa9a453eaa3448de834fa308c2ec9635b7aa99441a7c8d2cf6?s=96&d=mm&r=g\",\"contentUrl\":\"https:\/\/secure.gravatar.com\/avatar\/6673d8bc6a9c17fa9a453eaa3448de834fa308c2ec9635b7aa99441a7c8d2cf6?s=96&d=mm&r=g\",\"caption\":\"la r\u00e9daction\"},\"url\":\"https:\/\/vosgesinfo.fr\/saintdieinfo\/author\/redac\/\"}]}<\/script>\n<!-- \/ Yoast SEO plugin. -->","yoast_head_json":{"title":"Le parc de l'\u00e9v\u00each\u00e9 fait peau neuve - Saint Die Info","robots":{"index":"index","follow":"follow","max-snippet":"max-snippet:-1","max-image-preview":"max-image-preview:large","max-video-preview":"max-video-preview:-1"},"canonical":"https:\/\/vosgesinfo.fr\/saintdieinfo\/2022\/09\/parc-de-leveche-peau-neuve\/","twitter_card":"summary_large_image","twitter_title":"Le parc de l'\u00e9v\u00each\u00e9 fait peau neuve - Saint Die Info","twitter_description":"&nbsp; D\u00e9but\u00e9s le 1er juillet 2022, par les abords de la cath\u00e9drale et du clo\u00eetre, les travaux d&#8217;embellissement du parc [&hellip;]","twitter_image":"https:\/\/vosgesinfo.fr\/app\/uploads\/sites\/4\/2024\/08\/202209travaux-parc-eveche-1.jpg","twitter_creator":"@VosgesInfo88","twitter_site":"@VosgesInfo88","twitter_misc":{"\u00c9crit par":"la r\u00e9daction","Dur\u00e9e de lecture estim\u00e9e":"1 minute"},"schema":{"@context":"https:\/\/schema.org","@graph":[{"@type":"Article","@id":"https:\/\/vosgesinfo.fr\/saintdieinfo\/2022\/09\/parc-de-leveche-peau-neuve\/#article","isPartOf":{"@id":"https:\/\/vosgesinfo.fr\/saintdieinfo\/2022\/09\/parc-de-leveche-peau-neuve\/"},"author":{"name":"la r\u00e9daction","@id":"https:\/\/vosgesinfo.fr\/saintdieinfo\/#\/schema\/person\/faee6704a21f3977511db84bd1cd450f"},"headline":"Le parc de l&rsquo;\u00e9v\u00each\u00e9 fait peau neuve","datePublished":"2022-09-21T15:14:02+00:00","dateModified":"2022-09-21T15:14:02+00:00","mainEntityOfPage":{"@id":"https:\/\/vosgesinfo.fr\/saintdieinfo\/2022\/09\/parc-de-leveche-peau-neuve\/"},"wordCount":285,"commentCount":0,"publisher":{"@id":"https:\/\/vosgesinfo.fr\/saintdieinfo\/#organization"},"image":{"@id":"https:\/\/vosgesinfo.fr\/saintdieinfo\/2022\/09\/parc-de-leveche-peau-neuve\/#primaryimage"},"thumbnailUrl":"https:\/\/vosgesinfo.fr\/app\/uploads\/sites\/4\/2024\/08\/202209travaux-parc-eveche-1.jpg","articleSection":["A la Une","Saint-Di\u00e9-des-Vosges et son Agglom\u00e9ration"],"inLanguage":"fr-FR","potentialAction":[{"@type":"CommentAction","name":"Comment","target":["https:\/\/vosgesinfo.fr\/saintdieinfo\/2022\/09\/parc-de-leveche-peau-neuve\/#respond"]}]},{"@type":"WebPage","@id":"https:\/\/vosgesinfo.fr\/saintdieinfo\/2022\/09\/parc-de-leveche-peau-neuve\/","url":"https:\/\/vosgesinfo.fr\/saintdieinfo\/2022\/09\/parc-de-leveche-peau-neuve\/","name":"Le parc de l'\u00e9v\u00each\u00e9 fait peau neuve - Saint Die Info","isPartOf":{"@id":"https:\/\/vosgesinfo.fr\/saintdieinfo\/#website"},"primaryImageOfPage":{"@id":"https:\/\/vosgesinfo.fr\/saintdieinfo\/2022\/09\/parc-de-leveche-peau-neuve\/#primaryimage"},"image":{"@id":"https:\/\/vosgesinfo.fr\/saintdieinfo\/2022\/09\/parc-de-leveche-peau-neuve\/#primaryimage"},"thumbnailUrl":"https:\/\/vosgesinfo.fr\/app\/uploads\/sites\/4\/2024\/08\/202209travaux-parc-eveche-1.jpg","datePublished":"2022-09-21T15:14:02+00:00","dateModified":"2022-09-21T15:14:02+00:00","breadcrumb":{"@id":"https:\/\/vosgesinfo.fr\/saintdieinfo\/2022\/09\/parc-de-leveche-peau-neuve\/#breadcrumb"},"inLanguage":"fr-FR","potentialAction":[{"@type":"ReadAction","target":["https:\/\/vosgesinfo.fr\/saintdieinfo\/2022\/09\/parc-de-leveche-peau-neuve\/"]}]},{"@type":"ImageObject","inLanguage":"fr-FR","@id":"https:\/\/vosgesinfo.fr\/saintdieinfo\/2022\/09\/parc-de-leveche-peau-neuve\/#primaryimage","url":"https:\/\/vosgesinfo.fr\/app\/uploads\/sites\/4\/2024\/08\/202209travaux-parc-eveche-1.jpg","contentUrl":"https:\/\/vosgesinfo.fr\/app\/uploads\/sites\/4\/2024\/08\/202209travaux-parc-eveche-1.jpg","width":1024,"height":683},{"@type":"BreadcrumbList","@id":"https:\/\/vosgesinfo.fr\/saintdieinfo\/2022\/09\/parc-de-leveche-peau-neuve\/#breadcrumb","itemListElement":[{"@type":"ListItem","position":1,"name":"Home","item":"https:\/\/vosgesinfo.fr\/saintdieinfo\/"},{"@type":"ListItem","position":2,"name":"Le parc de l&rsquo;\u00e9v\u00each\u00e9 fait peau neuve"}]},{"@type":"WebSite","@id":"https:\/\/vosgesinfo.fr\/saintdieinfo\/#website","url":"https:\/\/vosgesinfo.fr\/saintdieinfo\/","name":"Saint Die Info","description":"Toute l&#039;actualit\u00e9 de Saint-Di\u00e9-Des-Vosges","publisher":{"@id":"https:\/\/vosgesinfo.fr\/saintdieinfo\/#organization"},"alternateName":"Toute l'actualit\u00e9 de Saint-Di\u00e9-Des-Vosges","potentialAction":[{"@type":"SearchAction","target":{"@type":"EntryPoint","urlTemplate":"https:\/\/vosgesinfo.fr\/saintdieinfo\/?s={search_term_string}"},"query-input":"required name=search_term_string"}],"inLanguage":"fr-FR"},{"@type":"Organization","@id":"https:\/\/vosgesinfo.fr\/saintdieinfo\/#organization","name":"Saint Die Info","url":"https:\/\/vosgesinfo.fr\/saintdieinfo\/","logo":{"@type":"ImageObject","inLanguage":"fr-FR","@id":"https:\/\/vosgesinfo.fr\/saintdieinfo\/#\/schema\/logo\/image\/","url":"https:\/\/vosgesinfo.fr\/app\/uploads\/sites\/4\/2024\/02\/logo-sdi.jpg","contentUrl":"https:\/\/vosgesinfo.fr\/app\/uploads\/sites\/4\/2024\/02\/logo-sdi.jpg","width":600,"height":600,"caption":"Saint Die Info"},"image":{"@id":"https:\/\/vosgesinfo.fr\/saintdieinfo\/#\/schema\/logo\/image\/"},"sameAs":["https:\/\/www.facebook.com\/Saintdieinfofr","https:\/\/x.com\/VosgesInfo88","https:\/\/www.youtube.com\/@vosgesinfo"]},{"@type":"Person","@id":"https:\/\/vosgesinfo.fr\/saintdieinfo\/#\/schema\/person\/faee6704a21f3977511db84bd1cd450f","name":"la r\u00e9daction","image":{"@type":"ImageObject","inLanguage":"fr-FR","@id":"https:\/\/vosgesinfo.fr\/saintdieinfo\/#\/schema\/person\/image\/","url":"https:\/\/secure.gravatar.com\/avatar\/6673d8bc6a9c17fa9a453eaa3448de834fa308c2ec9635b7aa99441a7c8d2cf6?s=96&d=mm&r=g","contentUrl":"https:\/\/secure.gravatar.com\/avatar\/6673d8bc6a9c17fa9a453eaa3448de834fa308c2ec9635b7aa99441a7c8d2cf6?s=96&d=mm&r=g","caption":"la r\u00e9daction"},"url":"https:\/\/vosgesinfo.fr\/saintdieinfo\/author\/redac\/"}]}},"_links":{"self":[{"href":"https:\/\/vosgesinfo.fr\/saintdieinfo\/wp-json\/wp\/v2\/posts\/57736","targetHints":{"allow":["GET"]}}],"collection":[{"href":"https:\/\/vosgesinfo.fr\/saintdieinfo\/wp-json\/wp\/v2\/posts"}],"about":[{"href":"https:\/\/vosgesinfo.fr\/saintdieinfo\/wp-json\/wp\/v2\/types\/post"}],"author":[{"embeddable":true,"href":"https:\/\/vosgesinfo.fr\/saintdieinfo\/wp-json\/wp\/v2\/users\/44"}],"replies":[{"embeddable":true,"href":"https:\/\/vosgesinfo.fr\/saintdieinfo\/wp-json\/wp\/v2\/comments?post=57736"}],"version-history":[{"count":0,"href":"https:\/\/vosgesinfo.fr\/saintdieinfo\/wp-json\/wp\/v2\/posts\/57736\/revisions"}],"wp:featuredmedia":[{"embeddable":true,"href":"https:\/\/vosgesinfo.fr\/saintdieinfo\/wp-json\/wp\/v2\/media\/57737"}],"wp:attachment":[{"href":"https:\/\/vosgesinfo.fr\/saintdieinfo\/wp-json\/wp\/v2\/media?parent=57736"}],"wp:term":[{"taxonomy":"category","embeddable":true,"href":"https:\/\/vosgesinfo.fr\/saintdieinfo\/wp-json\/wp\/v2\/categories?post=57736"},{"taxonomy":"post_tag","embeddable":true,"href":"https:\/\/vosgesinfo.fr\/saintdieinfo\/wp-json\/wp\/v2\/tags?post=57736"}],"curies":[{"name":"wp","href":"https:\/\/api.w.org\/{rel}","templated":true}]}}