{"id":57742,"date":"2022-09-23T13:33:40","date_gmt":"2022-09-23T11:33:40","guid":{"rendered":"https:\/\/vosgesinfo.fr\/saintdieinfo\/2022\/09\/education-nationale-andreas-pfeiffer-suspendu-trois-mois-dont-deux-sursis\/"},"modified":"2022-09-23T13:33:40","modified_gmt":"2022-09-23T11:33:40","slug":"education-nationale-andreas-pfeiffer-suspendu-trois-mois-dont-deux-sursis","status":"publish","type":"post","link":"https:\/\/vosgesinfo.fr\/saintdieinfo\/2022\/09\/education-nationale-andreas-pfeiffer-suspendu-trois-mois-dont-deux-sursis\/","title":{"rendered":"Education nationale \u2013 Andreas Pfeiffer est suspendu trois mois dont deux avec sursis"},"content":{"rendered":"<p><strong>Andreas Pfeiffer, professeur d\u2019allemand au lyc\u00e9e Claude Gell\u00e9e \u00e0 Epinal, est satisfait, \u00ab\u00a0tr\u00e8s satisfait\u00a0\u00bb par la d\u00e9cision rendue le 16 septembre par le minist\u00e8re de l\u2019\u00e9ducation nationale. Suspendu \u00e0 titre conservatoire de ses fonctions pour quatre mois, il vient d\u2019apprendre que finalement il \u00e9copait d\u2019une exclusion de trois mois, dont deux avec sursis.<\/strong><\/p>\n<p>Andreas Pfeiffer et son avocate Nancy Risacher sont revenus ce vendredi matin sur le verdict apr\u00e8s l\u2019exclusion du professeur de son lyc\u00e9e spinalien. Ils ne veulent pas entendre parler de soulagement mais bien de satisfaction. \u00ab\u00a0Nous remercions le minist\u00e8re. C\u2019est une reconnaissance des qualit\u00e9s professionnelles de mon client\u00a0\u00bb souligne ma\u00eetre Risacher. \u00ab\u00a0Le chef d\u2019\u00e9tablissement et le rectorat ont fait du z\u00e8le mais le ministre ne s\u2019est pas laiss\u00e9 berner\u00a0\u00bb.<\/p>\n","protected":false},"excerpt":{"rendered":"<p>Andreas Pfeiffer, professeur d\u2019allemand au lyc\u00e9e Claude Gell\u00e9e \u00e0 Epinal, est satisfait, \u00ab\u00a0tr\u00e8s satisfait\u00a0\u00bb par la d\u00e9cision rendue le 16 [&hellip;]<\/p>\n","protected":false},"author":44,"featured_media":57743,"comment_status":"open","ping_status":"open","sticky":false,"template":"","format":"standard","meta":{"footnotes":""},"categories":[460,6,18],"tags":[],"class_list":["post-57742","post","type-post","status-publish","format-standard","has-post-thumbnail","hentry","category-a-la-une","category-education","category-vosges"],"acf":[],"yoast_head":"<!-- This site is optimized with the Yoast SEO plugin v22.5 - https:\/\/yoast.com\/wordpress\/plugins\/seo\/ -->\n<title>Education nationale \u2013 Andreas Pfeiffer est suspendu trois mois dont deux avec sursis - Saint Die Info<\/title>\n<meta name=\"robots\" content=\"index, follow, max-snippet:-1, max-image-preview:large, max-video-preview:-1\" \/>\n<link rel=\"canonical\" href=\"https:\/\/vosgesinfo.fr\/saintdieinfo\/2022\/09\/education-nationale-andreas-pfeiffer-suspendu-trois-mois-dont-deux-sursis\/\" \/>\n<meta name=\"twitter:card\" content=\"summary_large_image\" \/>\n<meta name=\"twitter:title\" content=\"Education nationale \u2013 Andreas Pfeiffer est suspendu trois mois dont deux avec sursis - Saint Die Info\" \/>\n<meta name=\"twitter:description\" content=\"Andreas Pfeiffer, professeur d\u2019allemand au lyc\u00e9e Claude Gell\u00e9e \u00e0 Epinal, est satisfait, \u00ab\u00a0tr\u00e8s satisfait\u00a0\u00bb par la d\u00e9cision rendue le 16 [&hellip;]\" \/>\n<meta name=\"twitter:image\" content=\"https:\/\/vosgesinfo.fr\/app\/uploads\/sites\/4\/2024\/08\/202209a-pfeiffer-et-son-avocate.jpg\" \/>\n<meta name=\"twitter:creator\" content=\"@VosgesInfo88\" \/>\n<meta name=\"twitter:site\" content=\"@VosgesInfo88\" \/>\n<meta name=\"twitter:label1\" content=\"\u00c9crit par\" \/>\n\t<meta name=\"twitter:data1\" content=\"la r\u00e9daction\" \/>\n\t<meta name=\"twitter:label2\" content=\"Dur\u00e9e de lecture estim\u00e9e\" \/>\n\t<meta name=\"twitter:data2\" content=\"1 minute\" \/>\n<script type=\"application\/ld+json\" class=\"yoast-schema-graph\">{\"@context\":\"https:\/\/schema.org\",\"@graph\":[{\"@type\":\"Article\",\"@id\":\"https:\/\/vosgesinfo.fr\/saintdieinfo\/2022\/09\/education-nationale-andreas-pfeiffer-suspendu-trois-mois-dont-deux-sursis\/#article\",\"isPartOf\":{\"@id\":\"https:\/\/vosgesinfo.fr\/saintdieinfo\/2022\/09\/education-nationale-andreas-pfeiffer-suspendu-trois-mois-dont-deux-sursis\/\"},\"author\":{\"name\":\"la r\u00e9daction\",\"@id\":\"https:\/\/vosgesinfo.fr\/saintdieinfo\/#\/schema\/person\/faee6704a21f3977511db84bd1cd450f\"},\"headline\":\"Education nationale \u2013 Andreas Pfeiffer est suspendu trois mois dont deux avec sursis\",\"datePublished\":\"2022-09-23T11:33:40+00:00\",\"dateModified\":\"2022-09-23T11:33:40+00:00\",\"mainEntityOfPage\":{\"@id\":\"https:\/\/vosgesinfo.fr\/saintdieinfo\/2022\/09\/education-nationale-andreas-pfeiffer-suspendu-trois-mois-dont-deux-sursis\/\"},\"wordCount\":150,\"commentCount\":0,\"publisher\":{\"@id\":\"https:\/\/vosgesinfo.fr\/saintdieinfo\/#organization\"},\"image\":{\"@id\":\"https:\/\/vosgesinfo.fr\/saintdieinfo\/2022\/09\/education-nationale-andreas-pfeiffer-suspendu-trois-mois-dont-deux-sursis\/#primaryimage\"},\"thumbnailUrl\":\"https:\/\/vosgesinfo.fr\/app\/uploads\/sites\/4\/2024\/08\/202209a-pfeiffer-et-son-avocate.jpg\",\"articleSection\":[\"A la Une\",\"\u00c9ducation\",\"Vosges\"],\"inLanguage\":\"fr-FR\",\"potentialAction\":[{\"@type\":\"CommentAction\",\"name\":\"Comment\",\"target\":[\"https:\/\/vosgesinfo.fr\/saintdieinfo\/2022\/09\/education-nationale-andreas-pfeiffer-suspendu-trois-mois-dont-deux-sursis\/#respond\"]}]},{\"@type\":\"WebPage\",\"@id\":\"https:\/\/vosgesinfo.fr\/saintdieinfo\/2022\/09\/education-nationale-andreas-pfeiffer-suspendu-trois-mois-dont-deux-sursis\/\",\"url\":\"https:\/\/vosgesinfo.fr\/saintdieinfo\/2022\/09\/education-nationale-andreas-pfeiffer-suspendu-trois-mois-dont-deux-sursis\/\",\"name\":\"Education nationale \u2013 Andreas Pfeiffer est suspendu trois mois dont deux avec sursis - Saint Die Info\",\"isPartOf\":{\"@id\":\"https:\/\/vosgesinfo.fr\/saintdieinfo\/#website\"},\"primaryImageOfPage\":{\"@id\":\"https:\/\/vosgesinfo.fr\/saintdieinfo\/2022\/09\/education-nationale-andreas-pfeiffer-suspendu-trois-mois-dont-deux-sursis\/#primaryimage\"},\"image\":{\"@id\":\"https:\/\/vosgesinfo.fr\/saintdieinfo\/2022\/09\/education-nationale-andreas-pfeiffer-suspendu-trois-mois-dont-deux-sursis\/#primaryimage\"},\"thumbnailUrl\":\"https:\/\/vosgesinfo.fr\/app\/uploads\/sites\/4\/2024\/08\/202209a-pfeiffer-et-son-avocate.jpg\",\"datePublished\":\"2022-09-23T11:33:40+00:00\",\"dateModified\":\"2022-09-23T11:33:40+00:00\",\"breadcrumb\":{\"@id\":\"https:\/\/vosgesinfo.fr\/saintdieinfo\/2022\/09\/education-nationale-andreas-pfeiffer-suspendu-trois-mois-dont-deux-sursis\/#breadcrumb\"},\"inLanguage\":\"fr-FR\",\"potentialAction\":[{\"@type\":\"ReadAction\",\"target\":[\"https:\/\/vosgesinfo.fr\/saintdieinfo\/2022\/09\/education-nationale-andreas-pfeiffer-suspendu-trois-mois-dont-deux-sursis\/\"]}]},{\"@type\":\"ImageObject\",\"inLanguage\":\"fr-FR\",\"@id\":\"https:\/\/vosgesinfo.fr\/saintdieinfo\/2022\/09\/education-nationale-andreas-pfeiffer-suspendu-trois-mois-dont-deux-sursis\/#primaryimage\",\"url\":\"https:\/\/vosgesinfo.fr\/app\/uploads\/sites\/4\/2024\/08\/202209a-pfeiffer-et-son-avocate.jpg\",\"contentUrl\":\"https:\/\/vosgesinfo.fr\/app\/uploads\/sites\/4\/2024\/08\/202209a-pfeiffer-et-son-avocate.jpg\",\"width\":800,\"height\":600},{\"@type\":\"BreadcrumbList\",\"@id\":\"https:\/\/vosgesinfo.fr\/saintdieinfo\/2022\/09\/education-nationale-andreas-pfeiffer-suspendu-trois-mois-dont-deux-sursis\/#breadcrumb\",\"itemListElement\":[{\"@type\":\"ListItem\",\"position\":1,\"name\":\"Home\",\"item\":\"https:\/\/vosgesinfo.fr\/saintdieinfo\/\"},{\"@type\":\"ListItem\",\"position\":2,\"name\":\"Education nationale \u2013 Andreas Pfeiffer est suspendu trois mois dont deux avec sursis\"}]},{\"@type\":\"WebSite\",\"@id\":\"https:\/\/vosgesinfo.fr\/saintdieinfo\/#website\",\"url\":\"https:\/\/vosgesinfo.fr\/saintdieinfo\/\",\"name\":\"Saint Die Info\",\"description\":\"Toute l&#039;actualit\u00e9 de Saint-Di\u00e9-Des-Vosges\",\"publisher\":{\"@id\":\"https:\/\/vosgesinfo.fr\/saintdieinfo\/#organization\"},\"alternateName\":\"Toute l'actualit\u00e9 de Saint-Di\u00e9-Des-Vosges\",\"potentialAction\":[{\"@type\":\"SearchAction\",\"target\":{\"@type\":\"EntryPoint\",\"urlTemplate\":\"https:\/\/vosgesinfo.fr\/saintdieinfo\/?s={search_term_string}\"},\"query-input\":\"required name=search_term_string\"}],\"inLanguage\":\"fr-FR\"},{\"@type\":\"Organization\",\"@id\":\"https:\/\/vosgesinfo.fr\/saintdieinfo\/#organization\",\"name\":\"Saint Die Info\",\"url\":\"https:\/\/vosgesinfo.fr\/saintdieinfo\/\",\"logo\":{\"@type\":\"ImageObject\",\"inLanguage\":\"fr-FR\",\"@id\":\"https:\/\/vosgesinfo.fr\/saintdieinfo\/#\/schema\/logo\/image\/\",\"url\":\"https:\/\/vosgesinfo.fr\/app\/uploads\/sites\/4\/2024\/02\/logo-sdi.jpg\",\"contentUrl\":\"https:\/\/vosgesinfo.fr\/app\/uploads\/sites\/4\/2024\/02\/logo-sdi.jpg\",\"width\":600,\"height\":600,\"caption\":\"Saint Die Info\"},\"image\":{\"@id\":\"https:\/\/vosgesinfo.fr\/saintdieinfo\/#\/schema\/logo\/image\/\"},\"sameAs\":[\"https:\/\/www.facebook.com\/Saintdieinfofr\",\"https:\/\/x.com\/VosgesInfo88\",\"https:\/\/www.youtube.com\/@vosgesinfo\"]},{\"@type\":\"Person\",\"@id\":\"https:\/\/vosgesinfo.fr\/saintdieinfo\/#\/schema\/person\/faee6704a21f3977511db84bd1cd450f\",\"name\":\"la r\u00e9daction\",\"image\":{\"@type\":\"ImageObject\",\"inLanguage\":\"fr-FR\",\"@id\":\"https:\/\/vosgesinfo.fr\/saintdieinfo\/#\/schema\/person\/image\/\",\"url\":\"https:\/\/secure.gravatar.com\/avatar\/6673d8bc6a9c17fa9a453eaa3448de834fa308c2ec9635b7aa99441a7c8d2cf6?s=96&d=mm&r=g\",\"contentUrl\":\"https:\/\/secure.gravatar.com\/avatar\/6673d8bc6a9c17fa9a453eaa3448de834fa308c2ec9635b7aa99441a7c8d2cf6?s=96&d=mm&r=g\",\"caption\":\"la r\u00e9daction\"},\"url\":\"https:\/\/vosgesinfo.fr\/saintdieinfo\/author\/redac\/\"}]}<\/script>\n<!-- \/ Yoast SEO plugin. -->","yoast_head_json":{"title":"Education nationale \u2013 Andreas Pfeiffer est suspendu trois mois dont deux avec sursis - Saint Die Info","robots":{"index":"index","follow":"follow","max-snippet":"max-snippet:-1","max-image-preview":"max-image-preview:large","max-video-preview":"max-video-preview:-1"},"canonical":"https:\/\/vosgesinfo.fr\/saintdieinfo\/2022\/09\/education-nationale-andreas-pfeiffer-suspendu-trois-mois-dont-deux-sursis\/","twitter_card":"summary_large_image","twitter_title":"Education nationale \u2013 Andreas Pfeiffer est suspendu trois mois dont deux avec sursis - Saint Die Info","twitter_description":"Andreas Pfeiffer, professeur d\u2019allemand au lyc\u00e9e Claude Gell\u00e9e \u00e0 Epinal, est satisfait, \u00ab\u00a0tr\u00e8s satisfait\u00a0\u00bb par la d\u00e9cision rendue le 16 [&hellip;]","twitter_image":"https:\/\/vosgesinfo.fr\/app\/uploads\/sites\/4\/2024\/08\/202209a-pfeiffer-et-son-avocate.jpg","twitter_creator":"@VosgesInfo88","twitter_site":"@VosgesInfo88","twitter_misc":{"\u00c9crit par":"la r\u00e9daction","Dur\u00e9e de lecture estim\u00e9e":"1 minute"},"schema":{"@context":"https:\/\/schema.org","@graph":[{"@type":"Article","@id":"https:\/\/vosgesinfo.fr\/saintdieinfo\/2022\/09\/education-nationale-andreas-pfeiffer-suspendu-trois-mois-dont-deux-sursis\/#article","isPartOf":{"@id":"https:\/\/vosgesinfo.fr\/saintdieinfo\/2022\/09\/education-nationale-andreas-pfeiffer-suspendu-trois-mois-dont-deux-sursis\/"},"author":{"name":"la r\u00e9daction","@id":"https:\/\/vosgesinfo.fr\/saintdieinfo\/#\/schema\/person\/faee6704a21f3977511db84bd1cd450f"},"headline":"Education nationale \u2013 Andreas Pfeiffer est suspendu trois mois dont deux avec sursis","datePublished":"2022-09-23T11:33:40+00:00","dateModified":"2022-09-23T11:33:40+00:00","mainEntityOfPage":{"@id":"https:\/\/vosgesinfo.fr\/saintdieinfo\/2022\/09\/education-nationale-andreas-pfeiffer-suspendu-trois-mois-dont-deux-sursis\/"},"wordCount":150,"commentCount":0,"publisher":{"@id":"https:\/\/vosgesinfo.fr\/saintdieinfo\/#organization"},"image":{"@id":"https:\/\/vosgesinfo.fr\/saintdieinfo\/2022\/09\/education-nationale-andreas-pfeiffer-suspendu-trois-mois-dont-deux-sursis\/#primaryimage"},"thumbnailUrl":"https:\/\/vosgesinfo.fr\/app\/uploads\/sites\/4\/2024\/08\/202209a-pfeiffer-et-son-avocate.jpg","articleSection":["A la Une","\u00c9ducation","Vosges"],"inLanguage":"fr-FR","potentialAction":[{"@type":"CommentAction","name":"Comment","target":["https:\/\/vosgesinfo.fr\/saintdieinfo\/2022\/09\/education-nationale-andreas-pfeiffer-suspendu-trois-mois-dont-deux-sursis\/#respond"]}]},{"@type":"WebPage","@id":"https:\/\/vosgesinfo.fr\/saintdieinfo\/2022\/09\/education-nationale-andreas-pfeiffer-suspendu-trois-mois-dont-deux-sursis\/","url":"https:\/\/vosgesinfo.fr\/saintdieinfo\/2022\/09\/education-nationale-andreas-pfeiffer-suspendu-trois-mois-dont-deux-sursis\/","name":"Education nationale \u2013 Andreas Pfeiffer est suspendu trois mois dont deux avec sursis - Saint Die Info","isPartOf":{"@id":"https:\/\/vosgesinfo.fr\/saintdieinfo\/#website"},"primaryImageOfPage":{"@id":"https:\/\/vosgesinfo.fr\/saintdieinfo\/2022\/09\/education-nationale-andreas-pfeiffer-suspendu-trois-mois-dont-deux-sursis\/#primaryimage"},"image":{"@id":"https:\/\/vosgesinfo.fr\/saintdieinfo\/2022\/09\/education-nationale-andreas-pfeiffer-suspendu-trois-mois-dont-deux-sursis\/#primaryimage"},"thumbnailUrl":"https:\/\/vosgesinfo.fr\/app\/uploads\/sites\/4\/2024\/08\/202209a-pfeiffer-et-son-avocate.jpg","datePublished":"2022-09-23T11:33:40+00:00","dateModified":"2022-09-23T11:33:40+00:00","breadcrumb":{"@id":"https:\/\/vosgesinfo.fr\/saintdieinfo\/2022\/09\/education-nationale-andreas-pfeiffer-suspendu-trois-mois-dont-deux-sursis\/#breadcrumb"},"inLanguage":"fr-FR","potentialAction":[{"@type":"ReadAction","target":["https:\/\/vosgesinfo.fr\/saintdieinfo\/2022\/09\/education-nationale-andreas-pfeiffer-suspendu-trois-mois-dont-deux-sursis\/"]}]},{"@type":"ImageObject","inLanguage":"fr-FR","@id":"https:\/\/vosgesinfo.fr\/saintdieinfo\/2022\/09\/education-nationale-andreas-pfeiffer-suspendu-trois-mois-dont-deux-sursis\/#primaryimage","url":"https:\/\/vosgesinfo.fr\/app\/uploads\/sites\/4\/2024\/08\/202209a-pfeiffer-et-son-avocate.jpg","contentUrl":"https:\/\/vosgesinfo.fr\/app\/uploads\/sites\/4\/2024\/08\/202209a-pfeiffer-et-son-avocate.jpg","width":800,"height":600},{"@type":"BreadcrumbList","@id":"https:\/\/vosgesinfo.fr\/saintdieinfo\/2022\/09\/education-nationale-andreas-pfeiffer-suspendu-trois-mois-dont-deux-sursis\/#breadcrumb","itemListElement":[{"@type":"ListItem","position":1,"name":"Home","item":"https:\/\/vosgesinfo.fr\/saintdieinfo\/"},{"@type":"ListItem","position":2,"name":"Education nationale \u2013 Andreas Pfeiffer est suspendu trois mois dont deux avec sursis"}]},{"@type":"WebSite","@id":"https:\/\/vosgesinfo.fr\/saintdieinfo\/#website","url":"https:\/\/vosgesinfo.fr\/saintdieinfo\/","name":"Saint Die Info","description":"Toute l&#039;actualit\u00e9 de Saint-Di\u00e9-Des-Vosges","publisher":{"@id":"https:\/\/vosgesinfo.fr\/saintdieinfo\/#organization"},"alternateName":"Toute l'actualit\u00e9 de Saint-Di\u00e9-Des-Vosges","potentialAction":[{"@type":"SearchAction","target":{"@type":"EntryPoint","urlTemplate":"https:\/\/vosgesinfo.fr\/saintdieinfo\/?s={search_term_string}"},"query-input":"required name=search_term_string"}],"inLanguage":"fr-FR"},{"@type":"Organization","@id":"https:\/\/vosgesinfo.fr\/saintdieinfo\/#organization","name":"Saint Die Info","url":"https:\/\/vosgesinfo.fr\/saintdieinfo\/","logo":{"@type":"ImageObject","inLanguage":"fr-FR","@id":"https:\/\/vosgesinfo.fr\/saintdieinfo\/#\/schema\/logo\/image\/","url":"https:\/\/vosgesinfo.fr\/app\/uploads\/sites\/4\/2024\/02\/logo-sdi.jpg","contentUrl":"https:\/\/vosgesinfo.fr\/app\/uploads\/sites\/4\/2024\/02\/logo-sdi.jpg","width":600,"height":600,"caption":"Saint Die Info"},"image":{"@id":"https:\/\/vosgesinfo.fr\/saintdieinfo\/#\/schema\/logo\/image\/"},"sameAs":["https:\/\/www.facebook.com\/Saintdieinfofr","https:\/\/x.com\/VosgesInfo88","https:\/\/www.youtube.com\/@vosgesinfo"]},{"@type":"Person","@id":"https:\/\/vosgesinfo.fr\/saintdieinfo\/#\/schema\/person\/faee6704a21f3977511db84bd1cd450f","name":"la r\u00e9daction","image":{"@type":"ImageObject","inLanguage":"fr-FR","@id":"https:\/\/vosgesinfo.fr\/saintdieinfo\/#\/schema\/person\/image\/","url":"https:\/\/secure.gravatar.com\/avatar\/6673d8bc6a9c17fa9a453eaa3448de834fa308c2ec9635b7aa99441a7c8d2cf6?s=96&d=mm&r=g","contentUrl":"https:\/\/secure.gravatar.com\/avatar\/6673d8bc6a9c17fa9a453eaa3448de834fa308c2ec9635b7aa99441a7c8d2cf6?s=96&d=mm&r=g","caption":"la r\u00e9daction"},"url":"https:\/\/vosgesinfo.fr\/saintdieinfo\/author\/redac\/"}]}},"_links":{"self":[{"href":"https:\/\/vosgesinfo.fr\/saintdieinfo\/wp-json\/wp\/v2\/posts\/57742","targetHints":{"allow":["GET"]}}],"collection":[{"href":"https:\/\/vosgesinfo.fr\/saintdieinfo\/wp-json\/wp\/v2\/posts"}],"about":[{"href":"https:\/\/vosgesinfo.fr\/saintdieinfo\/wp-json\/wp\/v2\/types\/post"}],"author":[{"embeddable":true,"href":"https:\/\/vosgesinfo.fr\/saintdieinfo\/wp-json\/wp\/v2\/users\/44"}],"replies":[{"embeddable":true,"href":"https:\/\/vosgesinfo.fr\/saintdieinfo\/wp-json\/wp\/v2\/comments?post=57742"}],"version-history":[{"count":0,"href":"https:\/\/vosgesinfo.fr\/saintdieinfo\/wp-json\/wp\/v2\/posts\/57742\/revisions"}],"wp:featuredmedia":[{"embeddable":true,"href":"https:\/\/vosgesinfo.fr\/saintdieinfo\/wp-json\/wp\/v2\/media\/57743"}],"wp:attachment":[{"href":"https:\/\/vosgesinfo.fr\/saintdieinfo\/wp-json\/wp\/v2\/media?parent=57742"}],"wp:term":[{"taxonomy":"category","embeddable":true,"href":"https:\/\/vosgesinfo.fr\/saintdieinfo\/wp-json\/wp\/v2\/categories?post=57742"},{"taxonomy":"post_tag","embeddable":true,"href":"https:\/\/vosgesinfo.fr\/saintdieinfo\/wp-json\/wp\/v2\/tags?post=57742"}],"curies":[{"name":"wp","href":"https:\/\/api.w.org\/{rel}","templated":true}]}}