{"id":57751,"date":"2022-09-23T14:36:24","date_gmt":"2022-09-23T12:36:24","guid":{"rendered":"https:\/\/vosgesinfo.fr\/saintdieinfo\/2022\/09\/jour-de-nuit-nuit-deodatie-2\/"},"modified":"2022-09-23T14:36:24","modified_gmt":"2022-09-23T12:36:24","slug":"jour-de-nuit-nuit-deodatie-2","status":"publish","type":"post","link":"https:\/\/vosgesinfo.fr\/saintdieinfo\/2022\/09\/jour-de-nuit-nuit-deodatie-2\/","title":{"rendered":"Le Jour de la Nuit la nuit en D\u00e9odatie"},"content":{"rendered":"<h3 style=\"text-align: center;\"><strong>Un \u00e9v\u00e8nement national de sensibilisation \u00e0 la pollution lumineuse !<\/strong><\/h3>\n<p>Ce samedi 15 octobre aura lieu le \u00ab Jour de la Nuit en D\u00e9odatie \u00bb. Cet \u00e9v\u00e8nement national de sensibilisation \u00e0 la pollution lumineuse se tient pour la 4\u00e8me ann\u00e9e en D\u00e9odatie. Il s\u2019agit de d\u00e9couvrir la biodiversit\u00e9 nocturne, le ciel \u00e9toil\u00e9 et les \u00e9conomies d\u2019\u00e9nergie.<\/p>\n<p style=\"text-align: center;\"><strong>Le programme sur 7 communes du territoire<\/strong><\/p>\n<p><a href=\"\/2022\/09\/img41.jpg\"><img decoding=\"async\" class=\"alignright  wp-image-190004\" src=\"\/2022\/09\/img41.jpg\" alt=\"img41\" width=\"300\" height=\"424\" \/><\/a>\u2022 Bruy\u00e8res : Adaptation th\u00e9\u00e2trale du conte \u00ab Cache Lune \u00bb par les enfants de l\u2019accueil jeunesse \u00e0 14h \u00e0 la Maison des associations-relais de la Cit\u00e9 ; Marche nocturne d\u20191h30 environ entre ville et nature, encadr\u00e9e par Les toujours jeunes, \u00e0 partir de 19h place Jean Jaur\u00e8s ; Exposition \u00ab Songes d\u2019une nuit \u00e9toil\u00e9e \u00bb \u00e0 la salle des f\u00eates le samedi et le dimanche de 10h \u00e0 12h et de 14h \u00e0 18h.<br \/>\n\u2022 Coinches : Les pieds sur terre\u2026 la t\u00eate dans les \u00e9toiles ! Observation du soleil puis des \u00e9toiles avec l\u2019association d\u2019astronomie D.E.N.E.B. 88 en haut de la Rue de la May de 16h30 \u00e0 23h30.<br \/>\n\u2022 La Chapelle-devant-Bruy\u00e8res : Balade nocturne \u00e0 la d\u00e9couverte de figures \u00e9clair\u00e9es pour faire face aux peurs de la nuit, \u00e0 20h30, place de la mairie, suivie d\u2019un d\u00e9bat sur les \u00e9conomies d\u2019\u00e9nergie et la production locale d\u2019\u00e9nergie \u00e0 la salle des f\u00eates.<br \/>\n\u2022 L\u00e9panges-sur-Vologne : Initiation \u00e0 la lecture du ciel et \u00e0 l\u2019astronomie avec Astrorando (en salle ou en ext\u00e9rieur selon la m\u00e9t\u00e9o).<br \/>\n\u2022 Le Tholy : Balade nocturne autour de la biodiversit\u00e9 avec l\u2019association Etc\u2026terra \u00e0 20h, suivie d\u2019un spectacle enflamm\u00e9 sur la pollution lumineuse \u00e0 21h30 au stade.<br \/>\n\u2022 Provench\u00e8res-et-Colroy : D\u00e9couverte des \u00e9toiles et de l\u2019impact de la pollution lumineuse dans le plan\u00e9tarium mobile d\u2019Astro et sac \u00e0 dos \u00e0 18h \u00e0 la salle des f\u00eates de Colroy, suivie d\u2019une conf\u00e9rence-balade sur les chauves-souris par le CPEPESC Lorraine \u00e0 20h \u00e0 la salle du conseil de Provench\u00e8res.<br \/>\n\u2022 Senones : Projection du documentaire \u00ab Lumi\u00e8res sur la ville \u00bb \u00e0 20h \u00e0 la salle des f\u00eates ; d\u00e9fil\u00e9 aux lampions des \u00e9l\u00e8ves de l\u2019\u00e9cole Perrin-Sand depuis la salle des f\u00eates \u00e0 21h15 ; Spectacle de jongleurs de feu \u00e0 21h45 place Thumann.<\/p>\n<p>Un \u00e9v\u00e9nement gratuit avec extinction partielle de l\u2019\u00e9clairage public<br \/>\nToutes ces animations sont gratuites. En parall\u00e8le, les communes participent \u00e0 cette nuit d\u2019extinction totale ou partielle de l\u2019\u00e9clairage public.<\/p>\n<p>Informations compl\u00e9mentaires et inscriptions :<br \/>\n03.29.56.91.14 ou fmattio@deodatie.com<\/p>\n","protected":false},"excerpt":{"rendered":"<p>Un \u00e9v\u00e8nement national de sensibilisation \u00e0 la pollution lumineuse ! Ce samedi 15 octobre aura lieu le \u00ab Jour de [&hellip;]<\/p>\n","protected":false},"author":44,"featured_media":57752,"comment_status":"open","ping_status":"open","sticky":false,"template":"","format":"standard","meta":{"footnotes":""},"categories":[460,7847,18],"tags":[],"class_list":["post-57751","post","type-post","status-publish","format-standard","has-post-thumbnail","hentry","category-a-la-une","category-art-culture","category-vosges"],"acf":[],"yoast_head":"<!-- This site is optimized with the Yoast SEO plugin v22.5 - https:\/\/yoast.com\/wordpress\/plugins\/seo\/ -->\n<title>Le Jour de la Nuit la nuit en D\u00e9odatie - Saint Die Info<\/title>\n<meta name=\"robots\" content=\"index, follow, max-snippet:-1, max-image-preview:large, max-video-preview:-1\" \/>\n<link rel=\"canonical\" href=\"https:\/\/vosgesinfo.fr\/saintdieinfo\/2022\/09\/jour-de-nuit-nuit-deodatie-2\/\" \/>\n<meta name=\"twitter:card\" content=\"summary_large_image\" \/>\n<meta name=\"twitter:title\" content=\"Le Jour de la Nuit la nuit en D\u00e9odatie - Saint Die Info\" \/>\n<meta name=\"twitter:description\" content=\"Un \u00e9v\u00e8nement national de sensibilisation \u00e0 la pollution lumineuse ! Ce samedi 15 octobre aura lieu le \u00ab Jour de [&hellip;]\" \/>\n<meta name=\"twitter:image\" content=\"https:\/\/vosgesinfo.fr\/app\/uploads\/sites\/4\/2024\/08\/202209img41.jpg\" \/>\n<meta name=\"twitter:creator\" content=\"@VosgesInfo88\" \/>\n<meta name=\"twitter:site\" content=\"@VosgesInfo88\" \/>\n<meta name=\"twitter:label1\" content=\"\u00c9crit par\" \/>\n\t<meta name=\"twitter:data1\" content=\"la r\u00e9daction\" \/>\n\t<meta name=\"twitter:label2\" content=\"Dur\u00e9e de lecture estim\u00e9e\" \/>\n\t<meta name=\"twitter:data2\" content=\"2 minutes\" \/>\n<script type=\"application\/ld+json\" class=\"yoast-schema-graph\">{\"@context\":\"https:\/\/schema.org\",\"@graph\":[{\"@type\":\"Article\",\"@id\":\"https:\/\/vosgesinfo.fr\/saintdieinfo\/2022\/09\/jour-de-nuit-nuit-deodatie-2\/#article\",\"isPartOf\":{\"@id\":\"https:\/\/vosgesinfo.fr\/saintdieinfo\/2022\/09\/jour-de-nuit-nuit-deodatie-2\/\"},\"author\":{\"name\":\"la r\u00e9daction\",\"@id\":\"https:\/\/vosgesinfo.fr\/saintdieinfo\/#\/schema\/person\/faee6704a21f3977511db84bd1cd450f\"},\"headline\":\"Le Jour de la Nuit la nuit en D\u00e9odatie\",\"datePublished\":\"2022-09-23T12:36:24+00:00\",\"dateModified\":\"2022-09-23T12:36:24+00:00\",\"mainEntityOfPage\":{\"@id\":\"https:\/\/vosgesinfo.fr\/saintdieinfo\/2022\/09\/jour-de-nuit-nuit-deodatie-2\/\"},\"wordCount\":412,\"commentCount\":0,\"publisher\":{\"@id\":\"https:\/\/vosgesinfo.fr\/saintdieinfo\/#organization\"},\"image\":{\"@id\":\"https:\/\/vosgesinfo.fr\/saintdieinfo\/2022\/09\/jour-de-nuit-nuit-deodatie-2\/#primaryimage\"},\"thumbnailUrl\":\"https:\/\/vosgesinfo.fr\/app\/uploads\/sites\/4\/2024\/08\/202209img41.jpg\",\"articleSection\":[\"A la Une\",\"Culture\",\"Vosges\"],\"inLanguage\":\"fr-FR\",\"potentialAction\":[{\"@type\":\"CommentAction\",\"name\":\"Comment\",\"target\":[\"https:\/\/vosgesinfo.fr\/saintdieinfo\/2022\/09\/jour-de-nuit-nuit-deodatie-2\/#respond\"]}]},{\"@type\":\"WebPage\",\"@id\":\"https:\/\/vosgesinfo.fr\/saintdieinfo\/2022\/09\/jour-de-nuit-nuit-deodatie-2\/\",\"url\":\"https:\/\/vosgesinfo.fr\/saintdieinfo\/2022\/09\/jour-de-nuit-nuit-deodatie-2\/\",\"name\":\"Le Jour de la Nuit la nuit en D\u00e9odatie - Saint Die Info\",\"isPartOf\":{\"@id\":\"https:\/\/vosgesinfo.fr\/saintdieinfo\/#website\"},\"primaryImageOfPage\":{\"@id\":\"https:\/\/vosgesinfo.fr\/saintdieinfo\/2022\/09\/jour-de-nuit-nuit-deodatie-2\/#primaryimage\"},\"image\":{\"@id\":\"https:\/\/vosgesinfo.fr\/saintdieinfo\/2022\/09\/jour-de-nuit-nuit-deodatie-2\/#primaryimage\"},\"thumbnailUrl\":\"https:\/\/vosgesinfo.fr\/app\/uploads\/sites\/4\/2024\/08\/202209img41.jpg\",\"datePublished\":\"2022-09-23T12:36:24+00:00\",\"dateModified\":\"2022-09-23T12:36:24+00:00\",\"breadcrumb\":{\"@id\":\"https:\/\/vosgesinfo.fr\/saintdieinfo\/2022\/09\/jour-de-nuit-nuit-deodatie-2\/#breadcrumb\"},\"inLanguage\":\"fr-FR\",\"potentialAction\":[{\"@type\":\"ReadAction\",\"target\":[\"https:\/\/vosgesinfo.fr\/saintdieinfo\/2022\/09\/jour-de-nuit-nuit-deodatie-2\/\"]}]},{\"@type\":\"ImageObject\",\"inLanguage\":\"fr-FR\",\"@id\":\"https:\/\/vosgesinfo.fr\/saintdieinfo\/2022\/09\/jour-de-nuit-nuit-deodatie-2\/#primaryimage\",\"url\":\"https:\/\/vosgesinfo.fr\/app\/uploads\/sites\/4\/2024\/08\/202209img41.jpg\",\"contentUrl\":\"https:\/\/vosgesinfo.fr\/app\/uploads\/sites\/4\/2024\/08\/202209img41.jpg\",\"width\":476,\"height\":673},{\"@type\":\"BreadcrumbList\",\"@id\":\"https:\/\/vosgesinfo.fr\/saintdieinfo\/2022\/09\/jour-de-nuit-nuit-deodatie-2\/#breadcrumb\",\"itemListElement\":[{\"@type\":\"ListItem\",\"position\":1,\"name\":\"Home\",\"item\":\"https:\/\/vosgesinfo.fr\/saintdieinfo\/\"},{\"@type\":\"ListItem\",\"position\":2,\"name\":\"Le Jour de la Nuit la nuit en D\u00e9odatie\"}]},{\"@type\":\"WebSite\",\"@id\":\"https:\/\/vosgesinfo.fr\/saintdieinfo\/#website\",\"url\":\"https:\/\/vosgesinfo.fr\/saintdieinfo\/\",\"name\":\"Saint Die Info\",\"description\":\"Toute l&#039;actualit\u00e9 de Saint-Di\u00e9-Des-Vosges\",\"publisher\":{\"@id\":\"https:\/\/vosgesinfo.fr\/saintdieinfo\/#organization\"},\"alternateName\":\"Toute l'actualit\u00e9 de Saint-Di\u00e9-Des-Vosges\",\"potentialAction\":[{\"@type\":\"SearchAction\",\"target\":{\"@type\":\"EntryPoint\",\"urlTemplate\":\"https:\/\/vosgesinfo.fr\/saintdieinfo\/?s={search_term_string}\"},\"query-input\":\"required name=search_term_string\"}],\"inLanguage\":\"fr-FR\"},{\"@type\":\"Organization\",\"@id\":\"https:\/\/vosgesinfo.fr\/saintdieinfo\/#organization\",\"name\":\"Saint Die Info\",\"url\":\"https:\/\/vosgesinfo.fr\/saintdieinfo\/\",\"logo\":{\"@type\":\"ImageObject\",\"inLanguage\":\"fr-FR\",\"@id\":\"https:\/\/vosgesinfo.fr\/saintdieinfo\/#\/schema\/logo\/image\/\",\"url\":\"https:\/\/vosgesinfo.fr\/app\/uploads\/sites\/4\/2024\/02\/logo-sdi.jpg\",\"contentUrl\":\"https:\/\/vosgesinfo.fr\/app\/uploads\/sites\/4\/2024\/02\/logo-sdi.jpg\",\"width\":600,\"height\":600,\"caption\":\"Saint Die Info\"},\"image\":{\"@id\":\"https:\/\/vosgesinfo.fr\/saintdieinfo\/#\/schema\/logo\/image\/\"},\"sameAs\":[\"https:\/\/www.facebook.com\/Saintdieinfofr\",\"https:\/\/x.com\/VosgesInfo88\",\"https:\/\/www.youtube.com\/@vosgesinfo\"]},{\"@type\":\"Person\",\"@id\":\"https:\/\/vosgesinfo.fr\/saintdieinfo\/#\/schema\/person\/faee6704a21f3977511db84bd1cd450f\",\"name\":\"la r\u00e9daction\",\"image\":{\"@type\":\"ImageObject\",\"inLanguage\":\"fr-FR\",\"@id\":\"https:\/\/vosgesinfo.fr\/saintdieinfo\/#\/schema\/person\/image\/\",\"url\":\"https:\/\/secure.gravatar.com\/avatar\/6673d8bc6a9c17fa9a453eaa3448de834fa308c2ec9635b7aa99441a7c8d2cf6?s=96&d=mm&r=g\",\"contentUrl\":\"https:\/\/secure.gravatar.com\/avatar\/6673d8bc6a9c17fa9a453eaa3448de834fa308c2ec9635b7aa99441a7c8d2cf6?s=96&d=mm&r=g\",\"caption\":\"la r\u00e9daction\"},\"url\":\"https:\/\/vosgesinfo.fr\/saintdieinfo\/author\/redac\/\"}]}<\/script>\n<!-- \/ Yoast SEO plugin. -->","yoast_head_json":{"title":"Le Jour de la Nuit la nuit en D\u00e9odatie - Saint Die Info","robots":{"index":"index","follow":"follow","max-snippet":"max-snippet:-1","max-image-preview":"max-image-preview:large","max-video-preview":"max-video-preview:-1"},"canonical":"https:\/\/vosgesinfo.fr\/saintdieinfo\/2022\/09\/jour-de-nuit-nuit-deodatie-2\/","twitter_card":"summary_large_image","twitter_title":"Le Jour de la Nuit la nuit en D\u00e9odatie - Saint Die Info","twitter_description":"Un \u00e9v\u00e8nement national de sensibilisation \u00e0 la pollution lumineuse ! Ce samedi 15 octobre aura lieu le \u00ab Jour de [&hellip;]","twitter_image":"https:\/\/vosgesinfo.fr\/app\/uploads\/sites\/4\/2024\/08\/202209img41.jpg","twitter_creator":"@VosgesInfo88","twitter_site":"@VosgesInfo88","twitter_misc":{"\u00c9crit par":"la r\u00e9daction","Dur\u00e9e de lecture estim\u00e9e":"2 minutes"},"schema":{"@context":"https:\/\/schema.org","@graph":[{"@type":"Article","@id":"https:\/\/vosgesinfo.fr\/saintdieinfo\/2022\/09\/jour-de-nuit-nuit-deodatie-2\/#article","isPartOf":{"@id":"https:\/\/vosgesinfo.fr\/saintdieinfo\/2022\/09\/jour-de-nuit-nuit-deodatie-2\/"},"author":{"name":"la r\u00e9daction","@id":"https:\/\/vosgesinfo.fr\/saintdieinfo\/#\/schema\/person\/faee6704a21f3977511db84bd1cd450f"},"headline":"Le Jour de la Nuit la nuit en D\u00e9odatie","datePublished":"2022-09-23T12:36:24+00:00","dateModified":"2022-09-23T12:36:24+00:00","mainEntityOfPage":{"@id":"https:\/\/vosgesinfo.fr\/saintdieinfo\/2022\/09\/jour-de-nuit-nuit-deodatie-2\/"},"wordCount":412,"commentCount":0,"publisher":{"@id":"https:\/\/vosgesinfo.fr\/saintdieinfo\/#organization"},"image":{"@id":"https:\/\/vosgesinfo.fr\/saintdieinfo\/2022\/09\/jour-de-nuit-nuit-deodatie-2\/#primaryimage"},"thumbnailUrl":"https:\/\/vosgesinfo.fr\/app\/uploads\/sites\/4\/2024\/08\/202209img41.jpg","articleSection":["A la Une","Culture","Vosges"],"inLanguage":"fr-FR","potentialAction":[{"@type":"CommentAction","name":"Comment","target":["https:\/\/vosgesinfo.fr\/saintdieinfo\/2022\/09\/jour-de-nuit-nuit-deodatie-2\/#respond"]}]},{"@type":"WebPage","@id":"https:\/\/vosgesinfo.fr\/saintdieinfo\/2022\/09\/jour-de-nuit-nuit-deodatie-2\/","url":"https:\/\/vosgesinfo.fr\/saintdieinfo\/2022\/09\/jour-de-nuit-nuit-deodatie-2\/","name":"Le Jour de la Nuit la nuit en D\u00e9odatie - Saint Die Info","isPartOf":{"@id":"https:\/\/vosgesinfo.fr\/saintdieinfo\/#website"},"primaryImageOfPage":{"@id":"https:\/\/vosgesinfo.fr\/saintdieinfo\/2022\/09\/jour-de-nuit-nuit-deodatie-2\/#primaryimage"},"image":{"@id":"https:\/\/vosgesinfo.fr\/saintdieinfo\/2022\/09\/jour-de-nuit-nuit-deodatie-2\/#primaryimage"},"thumbnailUrl":"https:\/\/vosgesinfo.fr\/app\/uploads\/sites\/4\/2024\/08\/202209img41.jpg","datePublished":"2022-09-23T12:36:24+00:00","dateModified":"2022-09-23T12:36:24+00:00","breadcrumb":{"@id":"https:\/\/vosgesinfo.fr\/saintdieinfo\/2022\/09\/jour-de-nuit-nuit-deodatie-2\/#breadcrumb"},"inLanguage":"fr-FR","potentialAction":[{"@type":"ReadAction","target":["https:\/\/vosgesinfo.fr\/saintdieinfo\/2022\/09\/jour-de-nuit-nuit-deodatie-2\/"]}]},{"@type":"ImageObject","inLanguage":"fr-FR","@id":"https:\/\/vosgesinfo.fr\/saintdieinfo\/2022\/09\/jour-de-nuit-nuit-deodatie-2\/#primaryimage","url":"https:\/\/vosgesinfo.fr\/app\/uploads\/sites\/4\/2024\/08\/202209img41.jpg","contentUrl":"https:\/\/vosgesinfo.fr\/app\/uploads\/sites\/4\/2024\/08\/202209img41.jpg","width":476,"height":673},{"@type":"BreadcrumbList","@id":"https:\/\/vosgesinfo.fr\/saintdieinfo\/2022\/09\/jour-de-nuit-nuit-deodatie-2\/#breadcrumb","itemListElement":[{"@type":"ListItem","position":1,"name":"Home","item":"https:\/\/vosgesinfo.fr\/saintdieinfo\/"},{"@type":"ListItem","position":2,"name":"Le Jour de la Nuit la nuit en D\u00e9odatie"}]},{"@type":"WebSite","@id":"https:\/\/vosgesinfo.fr\/saintdieinfo\/#website","url":"https:\/\/vosgesinfo.fr\/saintdieinfo\/","name":"Saint Die Info","description":"Toute l&#039;actualit\u00e9 de Saint-Di\u00e9-Des-Vosges","publisher":{"@id":"https:\/\/vosgesinfo.fr\/saintdieinfo\/#organization"},"alternateName":"Toute l'actualit\u00e9 de Saint-Di\u00e9-Des-Vosges","potentialAction":[{"@type":"SearchAction","target":{"@type":"EntryPoint","urlTemplate":"https:\/\/vosgesinfo.fr\/saintdieinfo\/?s={search_term_string}"},"query-input":"required name=search_term_string"}],"inLanguage":"fr-FR"},{"@type":"Organization","@id":"https:\/\/vosgesinfo.fr\/saintdieinfo\/#organization","name":"Saint Die Info","url":"https:\/\/vosgesinfo.fr\/saintdieinfo\/","logo":{"@type":"ImageObject","inLanguage":"fr-FR","@id":"https:\/\/vosgesinfo.fr\/saintdieinfo\/#\/schema\/logo\/image\/","url":"https:\/\/vosgesinfo.fr\/app\/uploads\/sites\/4\/2024\/02\/logo-sdi.jpg","contentUrl":"https:\/\/vosgesinfo.fr\/app\/uploads\/sites\/4\/2024\/02\/logo-sdi.jpg","width":600,"height":600,"caption":"Saint Die Info"},"image":{"@id":"https:\/\/vosgesinfo.fr\/saintdieinfo\/#\/schema\/logo\/image\/"},"sameAs":["https:\/\/www.facebook.com\/Saintdieinfofr","https:\/\/x.com\/VosgesInfo88","https:\/\/www.youtube.com\/@vosgesinfo"]},{"@type":"Person","@id":"https:\/\/vosgesinfo.fr\/saintdieinfo\/#\/schema\/person\/faee6704a21f3977511db84bd1cd450f","name":"la r\u00e9daction","image":{"@type":"ImageObject","inLanguage":"fr-FR","@id":"https:\/\/vosgesinfo.fr\/saintdieinfo\/#\/schema\/person\/image\/","url":"https:\/\/secure.gravatar.com\/avatar\/6673d8bc6a9c17fa9a453eaa3448de834fa308c2ec9635b7aa99441a7c8d2cf6?s=96&d=mm&r=g","contentUrl":"https:\/\/secure.gravatar.com\/avatar\/6673d8bc6a9c17fa9a453eaa3448de834fa308c2ec9635b7aa99441a7c8d2cf6?s=96&d=mm&r=g","caption":"la r\u00e9daction"},"url":"https:\/\/vosgesinfo.fr\/saintdieinfo\/author\/redac\/"}]}},"_links":{"self":[{"href":"https:\/\/vosgesinfo.fr\/saintdieinfo\/wp-json\/wp\/v2\/posts\/57751","targetHints":{"allow":["GET"]}}],"collection":[{"href":"https:\/\/vosgesinfo.fr\/saintdieinfo\/wp-json\/wp\/v2\/posts"}],"about":[{"href":"https:\/\/vosgesinfo.fr\/saintdieinfo\/wp-json\/wp\/v2\/types\/post"}],"author":[{"embeddable":true,"href":"https:\/\/vosgesinfo.fr\/saintdieinfo\/wp-json\/wp\/v2\/users\/44"}],"replies":[{"embeddable":true,"href":"https:\/\/vosgesinfo.fr\/saintdieinfo\/wp-json\/wp\/v2\/comments?post=57751"}],"version-history":[{"count":0,"href":"https:\/\/vosgesinfo.fr\/saintdieinfo\/wp-json\/wp\/v2\/posts\/57751\/revisions"}],"wp:featuredmedia":[{"embeddable":true,"href":"https:\/\/vosgesinfo.fr\/saintdieinfo\/wp-json\/wp\/v2\/media\/57752"}],"wp:attachment":[{"href":"https:\/\/vosgesinfo.fr\/saintdieinfo\/wp-json\/wp\/v2\/media?parent=57751"}],"wp:term":[{"taxonomy":"category","embeddable":true,"href":"https:\/\/vosgesinfo.fr\/saintdieinfo\/wp-json\/wp\/v2\/categories?post=57751"},{"taxonomy":"post_tag","embeddable":true,"href":"https:\/\/vosgesinfo.fr\/saintdieinfo\/wp-json\/wp\/v2\/tags?post=57751"}],"curies":[{"name":"wp","href":"https:\/\/api.w.org\/{rel}","templated":true}]}}