{"id":57755,"date":"2022-09-23T15:14:03","date_gmt":"2022-09-23T13:14:03","guid":{"rendered":"https:\/\/vosgesinfo.fr\/saintdieinfo\/2022\/09\/spectacle-labecedaire-de-cie-max-maurice\/"},"modified":"2022-09-23T15:14:03","modified_gmt":"2022-09-23T13:14:03","slug":"spectacle-labecedaire-de-cie-max-maurice","status":"publish","type":"post","link":"https:\/\/vosgesinfo.fr\/saintdieinfo\/2022\/09\/spectacle-labecedaire-de-cie-max-maurice\/","title":{"rendered":"Spectacle &#8211; L\u2019ab\u00e9c\u00e9daire de la Cie Max &#038; Maurice"},"content":{"rendered":"<p class=\"x_ydpd8c10af3NoSpacing\"><a href=\"\/2022\/09\/spectaclequentin2.jpg\"><img decoding=\"async\" class=\"aligncenter size-full wp-image-190011\" src=\"\/2022\/09\/spectaclequentin2.jpg\" alt=\"spectaclequentin2\" width=\"975\" height=\"664\" \/><\/a><\/p>\n<h3 class=\"x_ydpd8c10af3NoSpacing\"><\/h3>\n<h3 class=\"x_ydpd8c10af3NoSpacing\">La Compagnie Max et Maurice \u00e9tait pr\u00e9sente ce jeudi 22 septembre \u00e0 Saint-Di\u00e9-des-Vosges du c\u00f4t\u00e9 de la place de la Premi\u00e8re-Arm\u00e9e-Fran\u00e7aise o\u00f9 elle avait plant\u00e9 son chapiteau pour accueillir pr\u00e8s de 300 \u00e9l\u00e8ves de maternelle et primaire du secteur.<\/h3>\n<p class=\"x_ydpd8c10af3NoSpacing\">Les enfants ont ainsi profit\u00e9 du spectacle intitul\u00e9 \u00ab\u00a0De A \u00e0 Z\u00e8bre\u00a0\u00bb, ces 26 lettres de l\u2019alphabet qui s\u2019encha\u00eenent au fil d&rsquo;une repr\u00e9sentation de haute vol\u00e9e, a\u00e9rienne et pleine de surprises, qui \u00e9volue entre po\u00e9sie, tours de magie, acrobaties et musique&#8230; Le synopsis est \u00e9loquent et devrait vous donner envie de franchir l&rsquo;entr\u00e9e du chapiteau \u00e0 votre tout ce samedi : \u00ab\u00a0Un ab\u00e9c\u00e9daire absurde, libertaire et joyeux \u00e0 d\u00e9couvrir \u00e0 partir de 6 ans\u2026 Les 26 lettres de l\u2019alphabet sont comme 26 respirations pour se faire plaisir, pour rire, pour sourire, chanter, danser, po\u00e9tiser librement sans aucune contrainte. Une galerie de portraits avec des petits et grands cadres, des portraits sombres, des portraits clairs se d\u00e9ploie. 26 caract\u00e8res pour montrer, s\u2019il est encore besoin, que nous sommes multiples dans nos choix, qu\u2019il n\u2019y a pas une v\u00e9rit\u00e9, une direction. La Compagnie Max et Maurice cr\u00e9e depuis pr\u00e8s de 30 ans des spectacles ayant pour ma\u00eetres-mots poussi\u00e8re, po\u00e9sie humanit\u00e9, fantaisie, simplicit\u00e9, beaux frissons, histoires, sourires, bouts de ficelle, illusions, magie.\u00a0\u00bb<\/p>\n<p class=\"x_ydpd8c10af3NoSpacing\"><strong>\u00ab\u00a0De A \u00e0 Z\u00e8bre\u00a0\u00bb<\/strong><\/p>\n<p class=\"x_ydpd8c10af3NoSpacing\">Samedi 24 septembre \u00e0 20 h 30 &#8211; place de la Premi\u00e8re-Arm\u00e9e-Fran\u00e7aise<\/p>\n<p class=\"x_ydpd8c10af3NoSpacing\">Plein tarif : 20 euros &#8211; Tarif r\u00e9duit : 17 euros &#8211; Tarif solidaire : 8 euros<\/p>\n<p class=\"x_ydpd8c10af3NoSpacing\">Famille (parents + enfants &#8211; 18 ans) : 50 euros.<\/p>\n","protected":false},"excerpt":{"rendered":"<p>La Compagnie Max et Maurice \u00e9tait pr\u00e9sente ce jeudi 22 septembre \u00e0 Saint-Di\u00e9-des-Vosges du c\u00f4t\u00e9 de la place de la [&hellip;]<\/p>\n","protected":false},"author":44,"featured_media":57756,"comment_status":"open","ping_status":"open","sticky":false,"template":"","format":"standard","meta":{"footnotes":""},"categories":[460,7847,18],"tags":[],"class_list":["post-57755","post","type-post","status-publish","format-standard","has-post-thumbnail","hentry","category-a-la-une","category-art-culture","category-vosges"],"acf":[],"yoast_head":"<!-- This site is optimized with the Yoast SEO plugin v22.5 - https:\/\/yoast.com\/wordpress\/plugins\/seo\/ -->\n<title>Spectacle - L\u2019ab\u00e9c\u00e9daire de la Cie Max &amp; Maurice - Saint Die Info<\/title>\n<meta name=\"robots\" content=\"index, follow, max-snippet:-1, max-image-preview:large, max-video-preview:-1\" \/>\n<link rel=\"canonical\" href=\"https:\/\/vosgesinfo.fr\/saintdieinfo\/2022\/09\/spectacle-labecedaire-de-cie-max-maurice\/\" \/>\n<meta name=\"twitter:card\" content=\"summary_large_image\" \/>\n<meta name=\"twitter:title\" content=\"Spectacle - L\u2019ab\u00e9c\u00e9daire de la Cie Max &amp; Maurice - Saint Die Info\" \/>\n<meta name=\"twitter:description\" content=\"La Compagnie Max et Maurice \u00e9tait pr\u00e9sente ce jeudi 22 septembre \u00e0 Saint-Di\u00e9-des-Vosges du c\u00f4t\u00e9 de la place de la [&hellip;]\" \/>\n<meta name=\"twitter:image\" content=\"https:\/\/vosgesinfo.fr\/app\/uploads\/sites\/4\/2024\/08\/202209spectaclequentin2.jpg\" \/>\n<meta name=\"twitter:creator\" content=\"@VosgesInfo88\" \/>\n<meta name=\"twitter:site\" content=\"@VosgesInfo88\" \/>\n<meta name=\"twitter:label1\" content=\"\u00c9crit par\" \/>\n\t<meta name=\"twitter:data1\" content=\"la r\u00e9daction\" \/>\n\t<meta name=\"twitter:label2\" content=\"Dur\u00e9e de lecture estim\u00e9e\" \/>\n\t<meta name=\"twitter:data2\" content=\"1 minute\" \/>\n<script type=\"application\/ld+json\" class=\"yoast-schema-graph\">{\"@context\":\"https:\/\/schema.org\",\"@graph\":[{\"@type\":\"Article\",\"@id\":\"https:\/\/vosgesinfo.fr\/saintdieinfo\/2022\/09\/spectacle-labecedaire-de-cie-max-maurice\/#article\",\"isPartOf\":{\"@id\":\"https:\/\/vosgesinfo.fr\/saintdieinfo\/2022\/09\/spectacle-labecedaire-de-cie-max-maurice\/\"},\"author\":{\"name\":\"la r\u00e9daction\",\"@id\":\"https:\/\/vosgesinfo.fr\/saintdieinfo\/#\/schema\/person\/faee6704a21f3977511db84bd1cd450f\"},\"headline\":\"Spectacle &#8211; L\u2019ab\u00e9c\u00e9daire de la Cie Max &#038; Maurice\",\"datePublished\":\"2022-09-23T13:14:03+00:00\",\"dateModified\":\"2022-09-23T13:14:03+00:00\",\"mainEntityOfPage\":{\"@id\":\"https:\/\/vosgesinfo.fr\/saintdieinfo\/2022\/09\/spectacle-labecedaire-de-cie-max-maurice\/\"},\"wordCount\":273,\"commentCount\":0,\"publisher\":{\"@id\":\"https:\/\/vosgesinfo.fr\/saintdieinfo\/#organization\"},\"image\":{\"@id\":\"https:\/\/vosgesinfo.fr\/saintdieinfo\/2022\/09\/spectacle-labecedaire-de-cie-max-maurice\/#primaryimage\"},\"thumbnailUrl\":\"https:\/\/vosgesinfo.fr\/app\/uploads\/sites\/4\/2024\/08\/202209spectaclequentin2.jpg\",\"articleSection\":[\"A la Une\",\"Culture\",\"Vosges\"],\"inLanguage\":\"fr-FR\",\"potentialAction\":[{\"@type\":\"CommentAction\",\"name\":\"Comment\",\"target\":[\"https:\/\/vosgesinfo.fr\/saintdieinfo\/2022\/09\/spectacle-labecedaire-de-cie-max-maurice\/#respond\"]}]},{\"@type\":\"WebPage\",\"@id\":\"https:\/\/vosgesinfo.fr\/saintdieinfo\/2022\/09\/spectacle-labecedaire-de-cie-max-maurice\/\",\"url\":\"https:\/\/vosgesinfo.fr\/saintdieinfo\/2022\/09\/spectacle-labecedaire-de-cie-max-maurice\/\",\"name\":\"Spectacle - L\u2019ab\u00e9c\u00e9daire de la Cie Max & Maurice - Saint Die Info\",\"isPartOf\":{\"@id\":\"https:\/\/vosgesinfo.fr\/saintdieinfo\/#website\"},\"primaryImageOfPage\":{\"@id\":\"https:\/\/vosgesinfo.fr\/saintdieinfo\/2022\/09\/spectacle-labecedaire-de-cie-max-maurice\/#primaryimage\"},\"image\":{\"@id\":\"https:\/\/vosgesinfo.fr\/saintdieinfo\/2022\/09\/spectacle-labecedaire-de-cie-max-maurice\/#primaryimage\"},\"thumbnailUrl\":\"https:\/\/vosgesinfo.fr\/app\/uploads\/sites\/4\/2024\/08\/202209spectaclequentin2.jpg\",\"datePublished\":\"2022-09-23T13:14:03+00:00\",\"dateModified\":\"2022-09-23T13:14:03+00:00\",\"breadcrumb\":{\"@id\":\"https:\/\/vosgesinfo.fr\/saintdieinfo\/2022\/09\/spectacle-labecedaire-de-cie-max-maurice\/#breadcrumb\"},\"inLanguage\":\"fr-FR\",\"potentialAction\":[{\"@type\":\"ReadAction\",\"target\":[\"https:\/\/vosgesinfo.fr\/saintdieinfo\/2022\/09\/spectacle-labecedaire-de-cie-max-maurice\/\"]}]},{\"@type\":\"ImageObject\",\"inLanguage\":\"fr-FR\",\"@id\":\"https:\/\/vosgesinfo.fr\/saintdieinfo\/2022\/09\/spectacle-labecedaire-de-cie-max-maurice\/#primaryimage\",\"url\":\"https:\/\/vosgesinfo.fr\/app\/uploads\/sites\/4\/2024\/08\/202209spectaclequentin2.jpg\",\"contentUrl\":\"https:\/\/vosgesinfo.fr\/app\/uploads\/sites\/4\/2024\/08\/202209spectaclequentin2.jpg\",\"width\":975,\"height\":664},{\"@type\":\"BreadcrumbList\",\"@id\":\"https:\/\/vosgesinfo.fr\/saintdieinfo\/2022\/09\/spectacle-labecedaire-de-cie-max-maurice\/#breadcrumb\",\"itemListElement\":[{\"@type\":\"ListItem\",\"position\":1,\"name\":\"Home\",\"item\":\"https:\/\/vosgesinfo.fr\/saintdieinfo\/\"},{\"@type\":\"ListItem\",\"position\":2,\"name\":\"Spectacle &#8211; L\u2019ab\u00e9c\u00e9daire de la Cie Max &#038; Maurice\"}]},{\"@type\":\"WebSite\",\"@id\":\"https:\/\/vosgesinfo.fr\/saintdieinfo\/#website\",\"url\":\"https:\/\/vosgesinfo.fr\/saintdieinfo\/\",\"name\":\"Saint Die Info\",\"description\":\"Toute l&#039;actualit\u00e9 de Saint-Di\u00e9-Des-Vosges\",\"publisher\":{\"@id\":\"https:\/\/vosgesinfo.fr\/saintdieinfo\/#organization\"},\"alternateName\":\"Toute l'actualit\u00e9 de Saint-Di\u00e9-Des-Vosges\",\"potentialAction\":[{\"@type\":\"SearchAction\",\"target\":{\"@type\":\"EntryPoint\",\"urlTemplate\":\"https:\/\/vosgesinfo.fr\/saintdieinfo\/?s={search_term_string}\"},\"query-input\":\"required name=search_term_string\"}],\"inLanguage\":\"fr-FR\"},{\"@type\":\"Organization\",\"@id\":\"https:\/\/vosgesinfo.fr\/saintdieinfo\/#organization\",\"name\":\"Saint Die Info\",\"url\":\"https:\/\/vosgesinfo.fr\/saintdieinfo\/\",\"logo\":{\"@type\":\"ImageObject\",\"inLanguage\":\"fr-FR\",\"@id\":\"https:\/\/vosgesinfo.fr\/saintdieinfo\/#\/schema\/logo\/image\/\",\"url\":\"https:\/\/vosgesinfo.fr\/app\/uploads\/sites\/4\/2024\/02\/logo-sdi.jpg\",\"contentUrl\":\"https:\/\/vosgesinfo.fr\/app\/uploads\/sites\/4\/2024\/02\/logo-sdi.jpg\",\"width\":600,\"height\":600,\"caption\":\"Saint Die Info\"},\"image\":{\"@id\":\"https:\/\/vosgesinfo.fr\/saintdieinfo\/#\/schema\/logo\/image\/\"},\"sameAs\":[\"https:\/\/www.facebook.com\/Saintdieinfofr\",\"https:\/\/x.com\/VosgesInfo88\",\"https:\/\/www.youtube.com\/@vosgesinfo\"]},{\"@type\":\"Person\",\"@id\":\"https:\/\/vosgesinfo.fr\/saintdieinfo\/#\/schema\/person\/faee6704a21f3977511db84bd1cd450f\",\"name\":\"la r\u00e9daction\",\"image\":{\"@type\":\"ImageObject\",\"inLanguage\":\"fr-FR\",\"@id\":\"https:\/\/vosgesinfo.fr\/saintdieinfo\/#\/schema\/person\/image\/\",\"url\":\"https:\/\/secure.gravatar.com\/avatar\/6673d8bc6a9c17fa9a453eaa3448de834fa308c2ec9635b7aa99441a7c8d2cf6?s=96&d=mm&r=g\",\"contentUrl\":\"https:\/\/secure.gravatar.com\/avatar\/6673d8bc6a9c17fa9a453eaa3448de834fa308c2ec9635b7aa99441a7c8d2cf6?s=96&d=mm&r=g\",\"caption\":\"la r\u00e9daction\"},\"url\":\"https:\/\/vosgesinfo.fr\/saintdieinfo\/author\/redac\/\"}]}<\/script>\n<!-- \/ Yoast SEO plugin. -->","yoast_head_json":{"title":"Spectacle - L\u2019ab\u00e9c\u00e9daire de la Cie Max & Maurice - Saint Die Info","robots":{"index":"index","follow":"follow","max-snippet":"max-snippet:-1","max-image-preview":"max-image-preview:large","max-video-preview":"max-video-preview:-1"},"canonical":"https:\/\/vosgesinfo.fr\/saintdieinfo\/2022\/09\/spectacle-labecedaire-de-cie-max-maurice\/","twitter_card":"summary_large_image","twitter_title":"Spectacle - L\u2019ab\u00e9c\u00e9daire de la Cie Max & Maurice - Saint Die Info","twitter_description":"La Compagnie Max et Maurice \u00e9tait pr\u00e9sente ce jeudi 22 septembre \u00e0 Saint-Di\u00e9-des-Vosges du c\u00f4t\u00e9 de la place de la [&hellip;]","twitter_image":"https:\/\/vosgesinfo.fr\/app\/uploads\/sites\/4\/2024\/08\/202209spectaclequentin2.jpg","twitter_creator":"@VosgesInfo88","twitter_site":"@VosgesInfo88","twitter_misc":{"\u00c9crit par":"la r\u00e9daction","Dur\u00e9e de lecture estim\u00e9e":"1 minute"},"schema":{"@context":"https:\/\/schema.org","@graph":[{"@type":"Article","@id":"https:\/\/vosgesinfo.fr\/saintdieinfo\/2022\/09\/spectacle-labecedaire-de-cie-max-maurice\/#article","isPartOf":{"@id":"https:\/\/vosgesinfo.fr\/saintdieinfo\/2022\/09\/spectacle-labecedaire-de-cie-max-maurice\/"},"author":{"name":"la r\u00e9daction","@id":"https:\/\/vosgesinfo.fr\/saintdieinfo\/#\/schema\/person\/faee6704a21f3977511db84bd1cd450f"},"headline":"Spectacle &#8211; L\u2019ab\u00e9c\u00e9daire de la Cie Max &#038; Maurice","datePublished":"2022-09-23T13:14:03+00:00","dateModified":"2022-09-23T13:14:03+00:00","mainEntityOfPage":{"@id":"https:\/\/vosgesinfo.fr\/saintdieinfo\/2022\/09\/spectacle-labecedaire-de-cie-max-maurice\/"},"wordCount":273,"commentCount":0,"publisher":{"@id":"https:\/\/vosgesinfo.fr\/saintdieinfo\/#organization"},"image":{"@id":"https:\/\/vosgesinfo.fr\/saintdieinfo\/2022\/09\/spectacle-labecedaire-de-cie-max-maurice\/#primaryimage"},"thumbnailUrl":"https:\/\/vosgesinfo.fr\/app\/uploads\/sites\/4\/2024\/08\/202209spectaclequentin2.jpg","articleSection":["A la Une","Culture","Vosges"],"inLanguage":"fr-FR","potentialAction":[{"@type":"CommentAction","name":"Comment","target":["https:\/\/vosgesinfo.fr\/saintdieinfo\/2022\/09\/spectacle-labecedaire-de-cie-max-maurice\/#respond"]}]},{"@type":"WebPage","@id":"https:\/\/vosgesinfo.fr\/saintdieinfo\/2022\/09\/spectacle-labecedaire-de-cie-max-maurice\/","url":"https:\/\/vosgesinfo.fr\/saintdieinfo\/2022\/09\/spectacle-labecedaire-de-cie-max-maurice\/","name":"Spectacle - L\u2019ab\u00e9c\u00e9daire de la Cie Max & Maurice - Saint Die Info","isPartOf":{"@id":"https:\/\/vosgesinfo.fr\/saintdieinfo\/#website"},"primaryImageOfPage":{"@id":"https:\/\/vosgesinfo.fr\/saintdieinfo\/2022\/09\/spectacle-labecedaire-de-cie-max-maurice\/#primaryimage"},"image":{"@id":"https:\/\/vosgesinfo.fr\/saintdieinfo\/2022\/09\/spectacle-labecedaire-de-cie-max-maurice\/#primaryimage"},"thumbnailUrl":"https:\/\/vosgesinfo.fr\/app\/uploads\/sites\/4\/2024\/08\/202209spectaclequentin2.jpg","datePublished":"2022-09-23T13:14:03+00:00","dateModified":"2022-09-23T13:14:03+00:00","breadcrumb":{"@id":"https:\/\/vosgesinfo.fr\/saintdieinfo\/2022\/09\/spectacle-labecedaire-de-cie-max-maurice\/#breadcrumb"},"inLanguage":"fr-FR","potentialAction":[{"@type":"ReadAction","target":["https:\/\/vosgesinfo.fr\/saintdieinfo\/2022\/09\/spectacle-labecedaire-de-cie-max-maurice\/"]}]},{"@type":"ImageObject","inLanguage":"fr-FR","@id":"https:\/\/vosgesinfo.fr\/saintdieinfo\/2022\/09\/spectacle-labecedaire-de-cie-max-maurice\/#primaryimage","url":"https:\/\/vosgesinfo.fr\/app\/uploads\/sites\/4\/2024\/08\/202209spectaclequentin2.jpg","contentUrl":"https:\/\/vosgesinfo.fr\/app\/uploads\/sites\/4\/2024\/08\/202209spectaclequentin2.jpg","width":975,"height":664},{"@type":"BreadcrumbList","@id":"https:\/\/vosgesinfo.fr\/saintdieinfo\/2022\/09\/spectacle-labecedaire-de-cie-max-maurice\/#breadcrumb","itemListElement":[{"@type":"ListItem","position":1,"name":"Home","item":"https:\/\/vosgesinfo.fr\/saintdieinfo\/"},{"@type":"ListItem","position":2,"name":"Spectacle &#8211; L\u2019ab\u00e9c\u00e9daire de la Cie Max &#038; Maurice"}]},{"@type":"WebSite","@id":"https:\/\/vosgesinfo.fr\/saintdieinfo\/#website","url":"https:\/\/vosgesinfo.fr\/saintdieinfo\/","name":"Saint Die Info","description":"Toute l&#039;actualit\u00e9 de Saint-Di\u00e9-Des-Vosges","publisher":{"@id":"https:\/\/vosgesinfo.fr\/saintdieinfo\/#organization"},"alternateName":"Toute l'actualit\u00e9 de Saint-Di\u00e9-Des-Vosges","potentialAction":[{"@type":"SearchAction","target":{"@type":"EntryPoint","urlTemplate":"https:\/\/vosgesinfo.fr\/saintdieinfo\/?s={search_term_string}"},"query-input":"required name=search_term_string"}],"inLanguage":"fr-FR"},{"@type":"Organization","@id":"https:\/\/vosgesinfo.fr\/saintdieinfo\/#organization","name":"Saint Die Info","url":"https:\/\/vosgesinfo.fr\/saintdieinfo\/","logo":{"@type":"ImageObject","inLanguage":"fr-FR","@id":"https:\/\/vosgesinfo.fr\/saintdieinfo\/#\/schema\/logo\/image\/","url":"https:\/\/vosgesinfo.fr\/app\/uploads\/sites\/4\/2024\/02\/logo-sdi.jpg","contentUrl":"https:\/\/vosgesinfo.fr\/app\/uploads\/sites\/4\/2024\/02\/logo-sdi.jpg","width":600,"height":600,"caption":"Saint Die Info"},"image":{"@id":"https:\/\/vosgesinfo.fr\/saintdieinfo\/#\/schema\/logo\/image\/"},"sameAs":["https:\/\/www.facebook.com\/Saintdieinfofr","https:\/\/x.com\/VosgesInfo88","https:\/\/www.youtube.com\/@vosgesinfo"]},{"@type":"Person","@id":"https:\/\/vosgesinfo.fr\/saintdieinfo\/#\/schema\/person\/faee6704a21f3977511db84bd1cd450f","name":"la r\u00e9daction","image":{"@type":"ImageObject","inLanguage":"fr-FR","@id":"https:\/\/vosgesinfo.fr\/saintdieinfo\/#\/schema\/person\/image\/","url":"https:\/\/secure.gravatar.com\/avatar\/6673d8bc6a9c17fa9a453eaa3448de834fa308c2ec9635b7aa99441a7c8d2cf6?s=96&d=mm&r=g","contentUrl":"https:\/\/secure.gravatar.com\/avatar\/6673d8bc6a9c17fa9a453eaa3448de834fa308c2ec9635b7aa99441a7c8d2cf6?s=96&d=mm&r=g","caption":"la r\u00e9daction"},"url":"https:\/\/vosgesinfo.fr\/saintdieinfo\/author\/redac\/"}]}},"_links":{"self":[{"href":"https:\/\/vosgesinfo.fr\/saintdieinfo\/wp-json\/wp\/v2\/posts\/57755","targetHints":{"allow":["GET"]}}],"collection":[{"href":"https:\/\/vosgesinfo.fr\/saintdieinfo\/wp-json\/wp\/v2\/posts"}],"about":[{"href":"https:\/\/vosgesinfo.fr\/saintdieinfo\/wp-json\/wp\/v2\/types\/post"}],"author":[{"embeddable":true,"href":"https:\/\/vosgesinfo.fr\/saintdieinfo\/wp-json\/wp\/v2\/users\/44"}],"replies":[{"embeddable":true,"href":"https:\/\/vosgesinfo.fr\/saintdieinfo\/wp-json\/wp\/v2\/comments?post=57755"}],"version-history":[{"count":0,"href":"https:\/\/vosgesinfo.fr\/saintdieinfo\/wp-json\/wp\/v2\/posts\/57755\/revisions"}],"wp:featuredmedia":[{"embeddable":true,"href":"https:\/\/vosgesinfo.fr\/saintdieinfo\/wp-json\/wp\/v2\/media\/57756"}],"wp:attachment":[{"href":"https:\/\/vosgesinfo.fr\/saintdieinfo\/wp-json\/wp\/v2\/media?parent=57755"}],"wp:term":[{"taxonomy":"category","embeddable":true,"href":"https:\/\/vosgesinfo.fr\/saintdieinfo\/wp-json\/wp\/v2\/categories?post=57755"},{"taxonomy":"post_tag","embeddable":true,"href":"https:\/\/vosgesinfo.fr\/saintdieinfo\/wp-json\/wp\/v2\/tags?post=57755"}],"curies":[{"name":"wp","href":"https:\/\/api.w.org\/{rel}","templated":true}]}}