{"id":57795,"date":"2022-09-26T10:55:21","date_gmt":"2022-09-26T08:55:21","guid":{"rendered":"https:\/\/vosgesinfo.fr\/saintdieinfo\/2022\/09\/actualites-de-paroisse-de-saint-die-vosges-7\/"},"modified":"2022-09-26T10:55:21","modified_gmt":"2022-09-26T08:55:21","slug":"actualites-de-paroisse-de-saint-die-vosges-7","status":"publish","type":"post","link":"https:\/\/vosgesinfo.fr\/saintdieinfo\/2022\/09\/actualites-de-paroisse-de-saint-die-vosges-7\/","title":{"rendered":"Les actualit\u00e9s de la Paroisse de Saint-Di\u00e9-des-Vosges"},"content":{"rendered":"<p style=\"text-align: left;\" align=\"JUSTIFY\"><strong><span style=\"color: #444444;\"><span style=\"font-family: Times New Roman, sans-serif;\"><span style=\"font-size: medium;\">Dans le cadre du Festival de G\u00e9ographie \u00e0 St Di\u00e9 sur le th\u00e8me \u00ab\u00a0D\u00e9serts\u00a0\u00bb, le vendredi 30 septembre 2022, <\/span><\/span><\/span><span style=\"font-family: Times New Roman, sans-serif;\"><span style=\"font-size: medium;\">de 18h \u00e0 19h au TEMPLE, Charles de Foucauld et la g\u00e9ographie<\/span><\/span><span style=\"font-family: Times New Roman, sans-serif;\"><span style=\"font-size: medium;\">, <\/span><\/span><span style=\"font-family: Times New Roman, sans-serif;\"><span style=\"font-size: medium;\">des Vosges au d\u00e9sert avec Guy BASSET<\/span><\/span><\/strong><span style=\"font-family: Times New Roman, sans-serif;\"><span style=\"font-size: medium;\"><strong>, auteur.<\/strong> Charles de Foucauld a toujours \u00e9t\u00e9 sensible \u00e0 la g\u00e9ographie des paysages comme \u00e0 la g\u00e9ographie humaine. Les Vosges font partie de son univers d\u2019enfant pour lequel il gardera jusqu\u2019\u00e0 la fin de sa vie une tendresse particuli\u00e8re. Ses pas le porteront dans divers lieux, en France comme en Orient (Syrie, Terre Sainte) et il passera les dix derni\u00e8res ann\u00e9es comme pr\u00eatre fran\u00e7ais dans le d\u00e9sert du Sahara, au milieu des populations touar\u00e8gues, r\u00e9alisant aussi une \u0153uvre scientifique de r\u00e9f\u00e9rence pour la connaissance de la r\u00e9gion comme de ses habitants.<\/span><\/span><\/p>\n<p style=\"text-align: left;\" align=\"JUSTIFY\"><strong><span style=\"color: #444444;\"><span style=\"font-family: Times New Roman, sans-serif;\"><span style=\"font-size: medium;\">Le samedi 1er octobre 2022 de 9h30 \u00e0 10h30, \u00e0 la CATHEDRALE<\/span><\/span><\/span><span style=\"color: #444444;\"><span style=\"font-family: Times New Roman, sans-serif;\"><span style=\"font-size: medium;\"><u>,<\/u><\/span><\/span><\/span><span style=\"color: #444444;\"><span style=\"font-family: Times New Roman, sans-serif;\"><span style=\"font-size: medium;\">\u00a0le P\u00e8re Olivier Bourion, bibliste et pr\u00eatre vosgien, assurera une conf\u00e9rence sur \u00ab\u00a0les d\u00e9serts dans la Bible\u00a0\u00bb<\/span><\/span><\/span><\/strong><span style=\"color: #444444;\"><span style=\"font-family: Times New Roman, sans-serif;\"><span style=\"font-size: medium;\"><strong>.\u00a0<\/strong> Pourquoi des hommes, \u00e0 toutes \u00e9poques et lieux se sont retir\u00e9s dans le d\u00e9sert ?\u00a0\u00a0Dans le corpus biblique, Ancien comme Nouveau Testament, le d\u00e9sert n&rsquo;est pas seulement un lieu g\u00e9ographique. C&rsquo;est un motif anthropologique et th\u00e9ologique. Parce qu&rsquo;il n&rsquo;appartient \u00e0 personne, il constitue un lieu de refuge, une \u00e9tape r\u00e9g\u00e9n\u00e9ratrice et un espace de tous les possibles o\u00f9 une Parole peut de nouveau se faire entendre.\u00a0 En cela, la Bible invite tout lecteur attentif, croyant ou non, \u00e0 reconsid\u00e9rer le d\u00e9sert comme un lieu de vie.<\/span><\/span><\/span><\/p>\n<p style=\"text-align: left;\" align=\"JUSTIFY\">&#8211;<\/p>\n<p>Reprendre souffle et discerner, quoi de plus essentiel ? Un c\u0153ur qui discerne. En lien avec le R\u00e9seau Ignatien de l\u2019Est, un parcours d\u2019initiation au discernement spirituel en vue de \u00ab chercher et trouver Dieu en toutes choses \u00bb et porter du fruit. La d\u00e9marche s\u2019appuie sur la p\u00e9dagogie ignatienne qui pose un regard positif sur l\u2019exp\u00e9rience humaine. Un itin\u00e9raire de neuf mois pour apprendre \u00e0 choisir ce qui est meilleur pour soi-m\u00eame, qui rend libre, vivant et heureux, comme Dieu le d\u00e9sire pour soi. Ce parcours (en neuf rencontres d&rsquo;octobre \u00e0 juin) s\u2019adresse \u00e0 ceux qui veulent entreprendre ou poursuivre un chemin de croissance spirituelle. Qu\u2019ils soient en recherche ou croyants engag\u00e9s, leur foi sera raviv\u00e9e.<\/p>\n<p><span style=\"font-family: Times New Roman, sans-serif;\"><span style=\"font-size: medium;\">Neuf rencontres en groupe sur les th\u00e8mes suivants :<\/span><\/span><\/p>\n<p><span style=\"font-family: Times New Roman, sans-serif;\"><span style=\"font-size: medium;\">Fondement de ma vie<br \/>\nVivre dans la lumi\u00e8re<br \/>\nTout est don, tout est gr\u00e2ce<br \/>\nNotre Dieu nous appelle \u00e0 la vie en abondance<br \/>\nAppels de Dieu et discernement spirituel<br \/>\nMes r\u00e9ponses \u00e0 Dieu et le discernement spirituel<br \/>\nPass\u00e9 et mis\u00e9ricorde : Mon histoire sainte<br \/>\nAvenir dans l\u2019esp\u00e9rance<br \/>\nPorter du fruit : Un fruit qui demeure<\/span><\/span><\/p>\n<p><span style=\"font-family: Times New Roman, sans-serif;\"><span style=\"font-size: medium;\">Les dates :<\/span><\/span><\/p>\n<p><span style=\"font-family: Times New Roman, sans-serif;\"><span style=\"font-size: medium;\">Samedi 8 octobre 2022 \u2013 10h \u00e0 16h \u2013 Autrey<br \/>\nSamedi 5 novembre 2022 \u2013 9h \u00e0 12h \u2013 \u00c9pinal<br \/>\nSamedi 3 d\u00e9cembre 2022 \u2013 9h \u00e0 12h \u2013 \u00c9pinal<br \/>\nSamedi 7 janvier 2023 \u2013 9h \u00e0 12h \u2013 \u00c9pinal<br \/>\nSamedi 4 f\u00e9vrier 2023 \u2013 9h \u00e0 12h \u2013 \u00c9pinal<br \/>\nSamedi 4 mars 2023 \u2013 9h \u00e0 12h \u2013 \u00c9pinal<br \/>\nSamedi 1 avril 2023 \u2013 9h \u00e0 12h \u2013 \u00c9pinal<br \/>\nSamedi 13 mai 2023 \u2013 9h \u00e0 12h \u2013 \u00c9pinal<br \/>\nSamedi 10 juin 2023 \u2013 9h \u00e0 12h \u2013 \u00c9pinal<br \/>\nParticipation financi\u00e8re :<\/span><\/span><\/p>\n<p><span style=\"font-family: Times New Roman, sans-serif;\"><span style=\"font-size: medium;\">Entre 40 et 140 \u20ac selon vos revenus. Une difficult\u00e9 financi\u00e8re ne doit pas \u00eatre un obstacle \u00e0 la participation \u00e0 ce parcours.<\/span><\/span><\/p>\n<p><span style=\"font-family: Times New Roman, sans-serif;\"><span style=\"font-size: medium;\">Renseignements et inscriptions :<\/span><\/span><\/p>\n<p><span style=\"font-family: Times New Roman, sans-serif;\"><span style=\"font-size: medium;\">Contacter Annie VIRY 07 80 03 60 66 ou Claude HERAIL 06 88 59 42 88<\/span><\/span><\/p>\n<p><span style=\"font-family: Times New Roman, sans-serif;\"><span style=\"font-size: medium;\">ou \u00e9crire \u00e0 l\u2019adresse :\u00a0viespirituelle@catholique88.fr<\/span><\/span><\/p>\n<p>&#8211;<\/p>\n<p><a href=\"\/2022\/09\/vie_spirituelle.png\"><img decoding=\"async\" class=\"aligncenter size-full wp-image-190075\" src=\"\/2022\/09\/vie_spirituelle.png\" alt=\"vie_spirituelle\" width=\"645\" height=\"638\" \/><\/a><\/p>\n","protected":false},"excerpt":{"rendered":"<p>Dans le cadre du Festival de G\u00e9ographie \u00e0 St Di\u00e9 sur le th\u00e8me \u00ab\u00a0D\u00e9serts\u00a0\u00bb, le vendredi 30 septembre 2022, de [&hellip;]<\/p>\n","protected":false},"author":44,"featured_media":57796,"comment_status":"open","ping_status":"open","sticky":false,"template":"","format":"standard","meta":{"footnotes":""},"categories":[3900,2915],"tags":[2982],"class_list":["post-57795","post","type-post","status-publish","format-standard","has-post-thumbnail","hentry","category-breves","category-saint-die-son-canton","tag-paroisse-de-saint-die-des-vosges"],"acf":[],"yoast_head":"<!-- This site is optimized with the Yoast SEO plugin v22.5 - https:\/\/yoast.com\/wordpress\/plugins\/seo\/ -->\n<title>Les actualit\u00e9s de la Paroisse de Saint-Di\u00e9-des-Vosges - Saint Die Info<\/title>\n<meta name=\"robots\" content=\"index, follow, max-snippet:-1, max-image-preview:large, max-video-preview:-1\" \/>\n<link rel=\"canonical\" href=\"https:\/\/vosgesinfo.fr\/saintdieinfo\/2022\/09\/actualites-de-paroisse-de-saint-die-vosges-7\/\" \/>\n<meta name=\"twitter:card\" content=\"summary_large_image\" \/>\n<meta name=\"twitter:title\" content=\"Les actualit\u00e9s de la Paroisse de Saint-Di\u00e9-des-Vosges - Saint Die Info\" \/>\n<meta name=\"twitter:description\" content=\"Dans le cadre du Festival de G\u00e9ographie \u00e0 St Di\u00e9 sur le th\u00e8me \u00ab\u00a0D\u00e9serts\u00a0\u00bb, le vendredi 30 septembre 2022, de [&hellip;]\" \/>\n<meta name=\"twitter:image\" content=\"https:\/\/vosgesinfo.fr\/app\/uploads\/sites\/4\/2024\/08\/201701cathedrale-sddv-01-14.jpg\" \/>\n<meta name=\"twitter:creator\" content=\"@VosgesInfo88\" \/>\n<meta name=\"twitter:site\" content=\"@VosgesInfo88\" \/>\n<meta name=\"twitter:label1\" content=\"\u00c9crit par\" \/>\n\t<meta name=\"twitter:data1\" content=\"la r\u00e9daction\" \/>\n\t<meta name=\"twitter:label2\" content=\"Dur\u00e9e de lecture estim\u00e9e\" \/>\n\t<meta name=\"twitter:data2\" content=\"3 minutes\" \/>\n<script type=\"application\/ld+json\" class=\"yoast-schema-graph\">{\"@context\":\"https:\/\/schema.org\",\"@graph\":[{\"@type\":\"Article\",\"@id\":\"https:\/\/vosgesinfo.fr\/saintdieinfo\/2022\/09\/actualites-de-paroisse-de-saint-die-vosges-7\/#article\",\"isPartOf\":{\"@id\":\"https:\/\/vosgesinfo.fr\/saintdieinfo\/2022\/09\/actualites-de-paroisse-de-saint-die-vosges-7\/\"},\"author\":{\"name\":\"la r\u00e9daction\",\"@id\":\"https:\/\/vosgesinfo.fr\/saintdieinfo\/#\/schema\/person\/faee6704a21f3977511db84bd1cd450f\"},\"headline\":\"Les actualit\u00e9s de la Paroisse de Saint-Di\u00e9-des-Vosges\",\"datePublished\":\"2022-09-26T08:55:21+00:00\",\"dateModified\":\"2022-09-26T08:55:21+00:00\",\"mainEntityOfPage\":{\"@id\":\"https:\/\/vosgesinfo.fr\/saintdieinfo\/2022\/09\/actualites-de-paroisse-de-saint-die-vosges-7\/\"},\"wordCount\":560,\"commentCount\":0,\"publisher\":{\"@id\":\"https:\/\/vosgesinfo.fr\/saintdieinfo\/#organization\"},\"image\":{\"@id\":\"https:\/\/vosgesinfo.fr\/saintdieinfo\/2022\/09\/actualites-de-paroisse-de-saint-die-vosges-7\/#primaryimage\"},\"thumbnailUrl\":\"https:\/\/vosgesinfo.fr\/app\/uploads\/sites\/4\/2024\/08\/201701cathedrale-sddv-01-14.jpg\",\"keywords\":[\"Paroisse de Saint-Di\u00e9-des-Vosges\"],\"articleSection\":[\"Br\u00e8ves\",\"Saint-Di\u00e9-des-Vosges et son Agglom\u00e9ration\"],\"inLanguage\":\"fr-FR\",\"potentialAction\":[{\"@type\":\"CommentAction\",\"name\":\"Comment\",\"target\":[\"https:\/\/vosgesinfo.fr\/saintdieinfo\/2022\/09\/actualites-de-paroisse-de-saint-die-vosges-7\/#respond\"]}]},{\"@type\":\"WebPage\",\"@id\":\"https:\/\/vosgesinfo.fr\/saintdieinfo\/2022\/09\/actualites-de-paroisse-de-saint-die-vosges-7\/\",\"url\":\"https:\/\/vosgesinfo.fr\/saintdieinfo\/2022\/09\/actualites-de-paroisse-de-saint-die-vosges-7\/\",\"name\":\"Les actualit\u00e9s de la Paroisse de Saint-Di\u00e9-des-Vosges - Saint Die Info\",\"isPartOf\":{\"@id\":\"https:\/\/vosgesinfo.fr\/saintdieinfo\/#website\"},\"primaryImageOfPage\":{\"@id\":\"https:\/\/vosgesinfo.fr\/saintdieinfo\/2022\/09\/actualites-de-paroisse-de-saint-die-vosges-7\/#primaryimage\"},\"image\":{\"@id\":\"https:\/\/vosgesinfo.fr\/saintdieinfo\/2022\/09\/actualites-de-paroisse-de-saint-die-vosges-7\/#primaryimage\"},\"thumbnailUrl\":\"https:\/\/vosgesinfo.fr\/app\/uploads\/sites\/4\/2024\/08\/201701cathedrale-sddv-01-14.jpg\",\"datePublished\":\"2022-09-26T08:55:21+00:00\",\"dateModified\":\"2022-09-26T08:55:21+00:00\",\"breadcrumb\":{\"@id\":\"https:\/\/vosgesinfo.fr\/saintdieinfo\/2022\/09\/actualites-de-paroisse-de-saint-die-vosges-7\/#breadcrumb\"},\"inLanguage\":\"fr-FR\",\"potentialAction\":[{\"@type\":\"ReadAction\",\"target\":[\"https:\/\/vosgesinfo.fr\/saintdieinfo\/2022\/09\/actualites-de-paroisse-de-saint-die-vosges-7\/\"]}]},{\"@type\":\"ImageObject\",\"inLanguage\":\"fr-FR\",\"@id\":\"https:\/\/vosgesinfo.fr\/saintdieinfo\/2022\/09\/actualites-de-paroisse-de-saint-die-vosges-7\/#primaryimage\",\"url\":\"https:\/\/vosgesinfo.fr\/app\/uploads\/sites\/4\/2024\/08\/201701cathedrale-sddv-01-14.jpg\",\"contentUrl\":\"https:\/\/vosgesinfo.fr\/app\/uploads\/sites\/4\/2024\/08\/201701cathedrale-sddv-01-14.jpg\",\"width\":1024,\"height\":682},{\"@type\":\"BreadcrumbList\",\"@id\":\"https:\/\/vosgesinfo.fr\/saintdieinfo\/2022\/09\/actualites-de-paroisse-de-saint-die-vosges-7\/#breadcrumb\",\"itemListElement\":[{\"@type\":\"ListItem\",\"position\":1,\"name\":\"Home\",\"item\":\"https:\/\/vosgesinfo.fr\/saintdieinfo\/\"},{\"@type\":\"ListItem\",\"position\":2,\"name\":\"Les actualit\u00e9s de la Paroisse de Saint-Di\u00e9-des-Vosges\"}]},{\"@type\":\"WebSite\",\"@id\":\"https:\/\/vosgesinfo.fr\/saintdieinfo\/#website\",\"url\":\"https:\/\/vosgesinfo.fr\/saintdieinfo\/\",\"name\":\"Saint Die Info\",\"description\":\"Toute l&#039;actualit\u00e9 de Saint-Di\u00e9-Des-Vosges\",\"publisher\":{\"@id\":\"https:\/\/vosgesinfo.fr\/saintdieinfo\/#organization\"},\"alternateName\":\"Toute l'actualit\u00e9 de Saint-Di\u00e9-Des-Vosges\",\"potentialAction\":[{\"@type\":\"SearchAction\",\"target\":{\"@type\":\"EntryPoint\",\"urlTemplate\":\"https:\/\/vosgesinfo.fr\/saintdieinfo\/?s={search_term_string}\"},\"query-input\":\"required name=search_term_string\"}],\"inLanguage\":\"fr-FR\"},{\"@type\":\"Organization\",\"@id\":\"https:\/\/vosgesinfo.fr\/saintdieinfo\/#organization\",\"name\":\"Saint Die Info\",\"url\":\"https:\/\/vosgesinfo.fr\/saintdieinfo\/\",\"logo\":{\"@type\":\"ImageObject\",\"inLanguage\":\"fr-FR\",\"@id\":\"https:\/\/vosgesinfo.fr\/saintdieinfo\/#\/schema\/logo\/image\/\",\"url\":\"https:\/\/vosgesinfo.fr\/app\/uploads\/sites\/4\/2024\/02\/logo-sdi.jpg\",\"contentUrl\":\"https:\/\/vosgesinfo.fr\/app\/uploads\/sites\/4\/2024\/02\/logo-sdi.jpg\",\"width\":600,\"height\":600,\"caption\":\"Saint Die Info\"},\"image\":{\"@id\":\"https:\/\/vosgesinfo.fr\/saintdieinfo\/#\/schema\/logo\/image\/\"},\"sameAs\":[\"https:\/\/www.facebook.com\/Saintdieinfofr\",\"https:\/\/x.com\/VosgesInfo88\",\"https:\/\/www.youtube.com\/@vosgesinfo\"]},{\"@type\":\"Person\",\"@id\":\"https:\/\/vosgesinfo.fr\/saintdieinfo\/#\/schema\/person\/faee6704a21f3977511db84bd1cd450f\",\"name\":\"la r\u00e9daction\",\"image\":{\"@type\":\"ImageObject\",\"inLanguage\":\"fr-FR\",\"@id\":\"https:\/\/vosgesinfo.fr\/saintdieinfo\/#\/schema\/person\/image\/\",\"url\":\"https:\/\/secure.gravatar.com\/avatar\/6673d8bc6a9c17fa9a453eaa3448de834fa308c2ec9635b7aa99441a7c8d2cf6?s=96&d=mm&r=g\",\"contentUrl\":\"https:\/\/secure.gravatar.com\/avatar\/6673d8bc6a9c17fa9a453eaa3448de834fa308c2ec9635b7aa99441a7c8d2cf6?s=96&d=mm&r=g\",\"caption\":\"la r\u00e9daction\"},\"url\":\"https:\/\/vosgesinfo.fr\/saintdieinfo\/author\/redac\/\"}]}<\/script>\n<!-- \/ Yoast SEO plugin. -->","yoast_head_json":{"title":"Les actualit\u00e9s de la Paroisse de Saint-Di\u00e9-des-Vosges - Saint Die Info","robots":{"index":"index","follow":"follow","max-snippet":"max-snippet:-1","max-image-preview":"max-image-preview:large","max-video-preview":"max-video-preview:-1"},"canonical":"https:\/\/vosgesinfo.fr\/saintdieinfo\/2022\/09\/actualites-de-paroisse-de-saint-die-vosges-7\/","twitter_card":"summary_large_image","twitter_title":"Les actualit\u00e9s de la Paroisse de Saint-Di\u00e9-des-Vosges - Saint Die Info","twitter_description":"Dans le cadre du Festival de G\u00e9ographie \u00e0 St Di\u00e9 sur le th\u00e8me \u00ab\u00a0D\u00e9serts\u00a0\u00bb, le vendredi 30 septembre 2022, de [&hellip;]","twitter_image":"https:\/\/vosgesinfo.fr\/app\/uploads\/sites\/4\/2024\/08\/201701cathedrale-sddv-01-14.jpg","twitter_creator":"@VosgesInfo88","twitter_site":"@VosgesInfo88","twitter_misc":{"\u00c9crit par":"la r\u00e9daction","Dur\u00e9e de lecture estim\u00e9e":"3 minutes"},"schema":{"@context":"https:\/\/schema.org","@graph":[{"@type":"Article","@id":"https:\/\/vosgesinfo.fr\/saintdieinfo\/2022\/09\/actualites-de-paroisse-de-saint-die-vosges-7\/#article","isPartOf":{"@id":"https:\/\/vosgesinfo.fr\/saintdieinfo\/2022\/09\/actualites-de-paroisse-de-saint-die-vosges-7\/"},"author":{"name":"la r\u00e9daction","@id":"https:\/\/vosgesinfo.fr\/saintdieinfo\/#\/schema\/person\/faee6704a21f3977511db84bd1cd450f"},"headline":"Les actualit\u00e9s de la Paroisse de Saint-Di\u00e9-des-Vosges","datePublished":"2022-09-26T08:55:21+00:00","dateModified":"2022-09-26T08:55:21+00:00","mainEntityOfPage":{"@id":"https:\/\/vosgesinfo.fr\/saintdieinfo\/2022\/09\/actualites-de-paroisse-de-saint-die-vosges-7\/"},"wordCount":560,"commentCount":0,"publisher":{"@id":"https:\/\/vosgesinfo.fr\/saintdieinfo\/#organization"},"image":{"@id":"https:\/\/vosgesinfo.fr\/saintdieinfo\/2022\/09\/actualites-de-paroisse-de-saint-die-vosges-7\/#primaryimage"},"thumbnailUrl":"https:\/\/vosgesinfo.fr\/app\/uploads\/sites\/4\/2024\/08\/201701cathedrale-sddv-01-14.jpg","keywords":["Paroisse de Saint-Di\u00e9-des-Vosges"],"articleSection":["Br\u00e8ves","Saint-Di\u00e9-des-Vosges et son Agglom\u00e9ration"],"inLanguage":"fr-FR","potentialAction":[{"@type":"CommentAction","name":"Comment","target":["https:\/\/vosgesinfo.fr\/saintdieinfo\/2022\/09\/actualites-de-paroisse-de-saint-die-vosges-7\/#respond"]}]},{"@type":"WebPage","@id":"https:\/\/vosgesinfo.fr\/saintdieinfo\/2022\/09\/actualites-de-paroisse-de-saint-die-vosges-7\/","url":"https:\/\/vosgesinfo.fr\/saintdieinfo\/2022\/09\/actualites-de-paroisse-de-saint-die-vosges-7\/","name":"Les actualit\u00e9s de la Paroisse de Saint-Di\u00e9-des-Vosges - Saint Die Info","isPartOf":{"@id":"https:\/\/vosgesinfo.fr\/saintdieinfo\/#website"},"primaryImageOfPage":{"@id":"https:\/\/vosgesinfo.fr\/saintdieinfo\/2022\/09\/actualites-de-paroisse-de-saint-die-vosges-7\/#primaryimage"},"image":{"@id":"https:\/\/vosgesinfo.fr\/saintdieinfo\/2022\/09\/actualites-de-paroisse-de-saint-die-vosges-7\/#primaryimage"},"thumbnailUrl":"https:\/\/vosgesinfo.fr\/app\/uploads\/sites\/4\/2024\/08\/201701cathedrale-sddv-01-14.jpg","datePublished":"2022-09-26T08:55:21+00:00","dateModified":"2022-09-26T08:55:21+00:00","breadcrumb":{"@id":"https:\/\/vosgesinfo.fr\/saintdieinfo\/2022\/09\/actualites-de-paroisse-de-saint-die-vosges-7\/#breadcrumb"},"inLanguage":"fr-FR","potentialAction":[{"@type":"ReadAction","target":["https:\/\/vosgesinfo.fr\/saintdieinfo\/2022\/09\/actualites-de-paroisse-de-saint-die-vosges-7\/"]}]},{"@type":"ImageObject","inLanguage":"fr-FR","@id":"https:\/\/vosgesinfo.fr\/saintdieinfo\/2022\/09\/actualites-de-paroisse-de-saint-die-vosges-7\/#primaryimage","url":"https:\/\/vosgesinfo.fr\/app\/uploads\/sites\/4\/2024\/08\/201701cathedrale-sddv-01-14.jpg","contentUrl":"https:\/\/vosgesinfo.fr\/app\/uploads\/sites\/4\/2024\/08\/201701cathedrale-sddv-01-14.jpg","width":1024,"height":682},{"@type":"BreadcrumbList","@id":"https:\/\/vosgesinfo.fr\/saintdieinfo\/2022\/09\/actualites-de-paroisse-de-saint-die-vosges-7\/#breadcrumb","itemListElement":[{"@type":"ListItem","position":1,"name":"Home","item":"https:\/\/vosgesinfo.fr\/saintdieinfo\/"},{"@type":"ListItem","position":2,"name":"Les actualit\u00e9s de la Paroisse de Saint-Di\u00e9-des-Vosges"}]},{"@type":"WebSite","@id":"https:\/\/vosgesinfo.fr\/saintdieinfo\/#website","url":"https:\/\/vosgesinfo.fr\/saintdieinfo\/","name":"Saint Die Info","description":"Toute l&#039;actualit\u00e9 de Saint-Di\u00e9-Des-Vosges","publisher":{"@id":"https:\/\/vosgesinfo.fr\/saintdieinfo\/#organization"},"alternateName":"Toute l'actualit\u00e9 de Saint-Di\u00e9-Des-Vosges","potentialAction":[{"@type":"SearchAction","target":{"@type":"EntryPoint","urlTemplate":"https:\/\/vosgesinfo.fr\/saintdieinfo\/?s={search_term_string}"},"query-input":"required name=search_term_string"}],"inLanguage":"fr-FR"},{"@type":"Organization","@id":"https:\/\/vosgesinfo.fr\/saintdieinfo\/#organization","name":"Saint Die Info","url":"https:\/\/vosgesinfo.fr\/saintdieinfo\/","logo":{"@type":"ImageObject","inLanguage":"fr-FR","@id":"https:\/\/vosgesinfo.fr\/saintdieinfo\/#\/schema\/logo\/image\/","url":"https:\/\/vosgesinfo.fr\/app\/uploads\/sites\/4\/2024\/02\/logo-sdi.jpg","contentUrl":"https:\/\/vosgesinfo.fr\/app\/uploads\/sites\/4\/2024\/02\/logo-sdi.jpg","width":600,"height":600,"caption":"Saint Die Info"},"image":{"@id":"https:\/\/vosgesinfo.fr\/saintdieinfo\/#\/schema\/logo\/image\/"},"sameAs":["https:\/\/www.facebook.com\/Saintdieinfofr","https:\/\/x.com\/VosgesInfo88","https:\/\/www.youtube.com\/@vosgesinfo"]},{"@type":"Person","@id":"https:\/\/vosgesinfo.fr\/saintdieinfo\/#\/schema\/person\/faee6704a21f3977511db84bd1cd450f","name":"la r\u00e9daction","image":{"@type":"ImageObject","inLanguage":"fr-FR","@id":"https:\/\/vosgesinfo.fr\/saintdieinfo\/#\/schema\/person\/image\/","url":"https:\/\/secure.gravatar.com\/avatar\/6673d8bc6a9c17fa9a453eaa3448de834fa308c2ec9635b7aa99441a7c8d2cf6?s=96&d=mm&r=g","contentUrl":"https:\/\/secure.gravatar.com\/avatar\/6673d8bc6a9c17fa9a453eaa3448de834fa308c2ec9635b7aa99441a7c8d2cf6?s=96&d=mm&r=g","caption":"la r\u00e9daction"},"url":"https:\/\/vosgesinfo.fr\/saintdieinfo\/author\/redac\/"}]}},"_links":{"self":[{"href":"https:\/\/vosgesinfo.fr\/saintdieinfo\/wp-json\/wp\/v2\/posts\/57795","targetHints":{"allow":["GET"]}}],"collection":[{"href":"https:\/\/vosgesinfo.fr\/saintdieinfo\/wp-json\/wp\/v2\/posts"}],"about":[{"href":"https:\/\/vosgesinfo.fr\/saintdieinfo\/wp-json\/wp\/v2\/types\/post"}],"author":[{"embeddable":true,"href":"https:\/\/vosgesinfo.fr\/saintdieinfo\/wp-json\/wp\/v2\/users\/44"}],"replies":[{"embeddable":true,"href":"https:\/\/vosgesinfo.fr\/saintdieinfo\/wp-json\/wp\/v2\/comments?post=57795"}],"version-history":[{"count":0,"href":"https:\/\/vosgesinfo.fr\/saintdieinfo\/wp-json\/wp\/v2\/posts\/57795\/revisions"}],"wp:featuredmedia":[{"embeddable":true,"href":"https:\/\/vosgesinfo.fr\/saintdieinfo\/wp-json\/wp\/v2\/media\/57796"}],"wp:attachment":[{"href":"https:\/\/vosgesinfo.fr\/saintdieinfo\/wp-json\/wp\/v2\/media?parent=57795"}],"wp:term":[{"taxonomy":"category","embeddable":true,"href":"https:\/\/vosgesinfo.fr\/saintdieinfo\/wp-json\/wp\/v2\/categories?post=57795"},{"taxonomy":"post_tag","embeddable":true,"href":"https:\/\/vosgesinfo.fr\/saintdieinfo\/wp-json\/wp\/v2\/tags?post=57795"}],"curies":[{"name":"wp","href":"https:\/\/api.w.org\/{rel}","templated":true}]}}