{"id":57798,"date":"2022-09-26T11:30:20","date_gmt":"2022-09-26T09:30:20","guid":{"rendered":"https:\/\/vosgesinfo.fr\/saintdieinfo\/2022\/09\/fig-programme-de-cour-arts\/"},"modified":"2022-09-26T11:30:20","modified_gmt":"2022-09-26T09:30:20","slug":"fig-programme-de-cour-arts","status":"publish","type":"post","link":"https:\/\/vosgesinfo.fr\/saintdieinfo\/2022\/09\/fig-programme-de-cour-arts\/","title":{"rendered":"FIG \u2013 Le programme de la Cour des Arts"},"content":{"rendered":"<div id=\"attachment_190078\" style=\"width: 829px\" class=\"wp-caption aligncenter\"><a href=\"\/2022\/09\/FIG-Programme_Cour_des_Arts.jpg\" target=\"_blank\" rel=\"noopener\"><img decoding=\"async\" aria-describedby=\"caption-attachment-190078\" class=\"wp-image-190078 size-large\" src=\"\/2022\/09\/FIG-Programme_Cour_des_Arts-819x1024.jpg\" alt=\"FIG-Programme_Cour_des_Arts\" width=\"819\" height=\"1024\" \/><\/a><p id=\"caption-attachment-190078\" class=\"wp-caption-text\">(Image La Cour des Arts)<\/p><\/div>\n<h2><strong><span style=\"font-size: 14pt;\">A l&rsquo;occasion du 33e Festival International de G\u00e9ographie de Saint-Di\u00e9-des-Vosges, dont le th\u00e8me est \u00ab\u00a0D\u00e9serts\u00a0\u00bb et le pays invit\u00e9 le Portugal, la Cour des Arts pr\u00e9sente le programme suivant\u00a0:<\/span><\/strong><\/h2>\n<p><!--more--><\/p>\n<p><strong>VENDREDI 30 SEPT jusqu&rsquo;au 21 OCTOBRE<\/strong><\/p>\n<p>exposition de peinture \u00ab\u00a0Puisque les for\u00eats feront des d\u00e9serts\u00a0\u00bb par le mouvement \u00ab\u00a0inabstrait\u00a0\u00bb : 6\u00a0peintres, 1 photographe, 1 po\u00e8te.<\/p>\n<p><strong>VENDREDI 30 SEPT\u00a0\u00e0 18h30.<\/strong><\/p>\n<ul>\n<li>Caf\u00e9 g\u00e9o sur les vins de Porto\u00a0avec Philippe Baumert\u00a0g\u00e9ographe<\/li>\n<\/ul>\n<p>D\u00e9gustation de Porto avec des mets associ\u00e9s.<\/p>\n<ul>\n<li>Porto Blanc 10 ans d&rsquo;\u00e2ge QUINTA DAS LEMALAS, Canap\u00e9 de Foie Gras sur pain d&rsquo;\u00e9pices, morceaux de poires fra\u00eeches.<\/li>\n<li>Late Bottled Vintage 2014 QUINTA DE VENTOZELO, Chocolat<\/li>\n<li>Porto Tawny 10 ans d&rsquo;\u00e2ge RAMOS PINTO, Pastel de Nata, fruits secs<\/li>\n<\/ul>\n<p>10 euros\u00a0 la d\u00e9gustation<\/p>\n<p><strong>VENDREDI 30 SEPT \u00e0 20h.<\/strong><\/p>\n<ul>\n<li>le COZIDO<br \/>\nr\u00e9servation au 06 20 43 12 12.<br \/>\nLe Cozido \u00e0 Portuguesa est pr\u00e9par\u00e9 avec une multitude de l\u00e9gumes (choux, haricots, pommes de terre, carottes, navets, riz), de viande (poulet, c\u00f4tes de porc, bacon, oreille et pieds de porc, diverses parties de b\u0153uf), et de saucisses fum\u00e9es (chouri\u00e7o, farinheira, morcela).<\/li>\n<\/ul>\n<p>20 euros le repas avec un verre de vin et une panna cotta<\/p>\n<p><strong>SAMEDI 1 OCTOBRE \u00e0 14h.<\/strong><\/p>\n<ul>\n<li>ATELIER \u00ab\u00a0terre de d\u00e9sert\u00a0\u00bb &#8211; samedi \u00e0\u00a0partir de 14h. Moment de cr\u00e9ation et de partage autour d&rsquo;une oeuvre collective \u00e9ph\u00e9m\u00e8re. Olivia Lef\u00e8vre propose un atelier participatif, moment de palpation, de modelage de la terre sur le th\u00e8me de la dune, des formes du d\u00e9sert.<\/li>\n<\/ul>\n<p>Gratuit. Enfants et adultes.<\/p>\n<p><strong>SAMEDI 1\u00a0OCTOBRE \u00e0 20h.<\/strong><\/p>\n<ul>\n<li>soir\u00e9e Bivouac\u00a0avec Allassane Sidibe, conteur. Derri\u00e8re ces dunes de sable, un puits. Le voyageur assoiff\u00e9\u00a0 sourit et remercie la vie. Il presse le pas; mais, le puits est ass\u00e9ch\u00e9. Au pied du puits, une toute petite gourde en calebasse remplie d&rsquo;eau. Mais&#8230;..sur la calebasse il est \u00e9crit : versez tout mon contenu dans ce puits pour le relancer.<\/li>\n<li>Et, si le puits ne red\u00e9marrait pas apr\u00e8s ?<\/li>\n<\/ul>\n<p>Des dilemmes et des vents. Contes et percussions &#8211; 1 h &#8211; \u00e0 partir de 6 ans &#8211; Gratuit<\/p>\n<p><strong>SAMEDI 1\u00a0OCTOBRE \u00e0 20h.<\/strong><\/p>\n<ul>\n<li>TAJINE POULET CITRON<\/li>\n<\/ul>\n<p>20 euros le repas avec un verre de vin et une panna cotta<\/p>\n","protected":false},"excerpt":{"rendered":"<p>A l&rsquo;occasion du 33e Festival International de G\u00e9ographie de Saint-Di\u00e9-des-Vosges, dont le th\u00e8me est \u00ab\u00a0D\u00e9serts\u00a0\u00bb et le pays invit\u00e9 le [&hellip;]<\/p>\n","protected":false},"author":44,"featured_media":57799,"comment_status":"open","ping_status":"open","sticky":false,"template":"","format":"standard","meta":{"footnotes":""},"categories":[460,8019,7847,2915],"tags":[11574,3081,2976],"class_list":["post-57798","post","type-post","status-publish","format-standard","has-post-thumbnail","hentry","category-a-la-une","category-vie-artistique-art-culture","category-art-culture","category-saint-die-son-canton","tag-33e-festival-international-de-geographie-de-saint-die-des-vosges","tag-festival-international-de-geographie-de-saint-die-des-vosges","tag-la-cour-des-arts"],"acf":[],"yoast_head":"<!-- This site is optimized with the Yoast SEO plugin v22.5 - https:\/\/yoast.com\/wordpress\/plugins\/seo\/ -->\n<title>FIG \u2013 Le programme de la Cour des Arts - Saint Die Info<\/title>\n<meta name=\"robots\" content=\"index, follow, max-snippet:-1, max-image-preview:large, max-video-preview:-1\" \/>\n<link rel=\"canonical\" href=\"https:\/\/vosgesinfo.fr\/saintdieinfo\/2022\/09\/fig-programme-de-cour-arts\/\" \/>\n<meta name=\"twitter:card\" content=\"summary_large_image\" \/>\n<meta name=\"twitter:title\" content=\"FIG \u2013 Le programme de la Cour des Arts - Saint Die Info\" \/>\n<meta name=\"twitter:description\" content=\"A l&rsquo;occasion du 33e Festival International de G\u00e9ographie de Saint-Di\u00e9-des-Vosges, dont le th\u00e8me est \u00ab\u00a0D\u00e9serts\u00a0\u00bb et le pays invit\u00e9 le [&hellip;]\" \/>\n<meta name=\"twitter:image\" content=\"https:\/\/vosgesinfo.fr\/app\/uploads\/sites\/4\/2024\/08\/202209fig-programme-cour-des-arts.jpg\" \/>\n<meta name=\"twitter:creator\" content=\"@VosgesInfo88\" \/>\n<meta name=\"twitter:site\" content=\"@VosgesInfo88\" \/>\n<meta name=\"twitter:label1\" content=\"\u00c9crit par\" \/>\n\t<meta name=\"twitter:data1\" content=\"la r\u00e9daction\" \/>\n\t<meta name=\"twitter:label2\" content=\"Dur\u00e9e de lecture estim\u00e9e\" \/>\n\t<meta name=\"twitter:data2\" content=\"2 minutes\" \/>\n<script type=\"application\/ld+json\" class=\"yoast-schema-graph\">{\"@context\":\"https:\/\/schema.org\",\"@graph\":[{\"@type\":\"Article\",\"@id\":\"https:\/\/vosgesinfo.fr\/saintdieinfo\/2022\/09\/fig-programme-de-cour-arts\/#article\",\"isPartOf\":{\"@id\":\"https:\/\/vosgesinfo.fr\/saintdieinfo\/2022\/09\/fig-programme-de-cour-arts\/\"},\"author\":{\"name\":\"la r\u00e9daction\",\"@id\":\"https:\/\/vosgesinfo.fr\/saintdieinfo\/#\/schema\/person\/faee6704a21f3977511db84bd1cd450f\"},\"headline\":\"FIG \u2013 Le programme de la Cour des Arts\",\"datePublished\":\"2022-09-26T09:30:20+00:00\",\"dateModified\":\"2022-09-26T09:30:20+00:00\",\"mainEntityOfPage\":{\"@id\":\"https:\/\/vosgesinfo.fr\/saintdieinfo\/2022\/09\/fig-programme-de-cour-arts\/\"},\"wordCount\":384,\"commentCount\":0,\"publisher\":{\"@id\":\"https:\/\/vosgesinfo.fr\/saintdieinfo\/#organization\"},\"image\":{\"@id\":\"https:\/\/vosgesinfo.fr\/saintdieinfo\/2022\/09\/fig-programme-de-cour-arts\/#primaryimage\"},\"thumbnailUrl\":\"https:\/\/vosgesinfo.fr\/app\/uploads\/sites\/4\/2024\/08\/202209fig-programme-cour-des-arts.jpg\",\"keywords\":[\"33e Festival International de G\u00e9ographie de Saint-Di\u00e9-des-Vosges\",\"Festival International de G\u00e9ographie de Saint-Di\u00e9-des-Vosges\",\"La Cour des Arts\"],\"articleSection\":[\"A la Une\",\"Art\",\"Culture\",\"Saint-Di\u00e9-des-Vosges et son Agglom\u00e9ration\"],\"inLanguage\":\"fr-FR\",\"potentialAction\":[{\"@type\":\"CommentAction\",\"name\":\"Comment\",\"target\":[\"https:\/\/vosgesinfo.fr\/saintdieinfo\/2022\/09\/fig-programme-de-cour-arts\/#respond\"]}]},{\"@type\":\"WebPage\",\"@id\":\"https:\/\/vosgesinfo.fr\/saintdieinfo\/2022\/09\/fig-programme-de-cour-arts\/\",\"url\":\"https:\/\/vosgesinfo.fr\/saintdieinfo\/2022\/09\/fig-programme-de-cour-arts\/\",\"name\":\"FIG \u2013 Le programme de la Cour des Arts - Saint Die Info\",\"isPartOf\":{\"@id\":\"https:\/\/vosgesinfo.fr\/saintdieinfo\/#website\"},\"primaryImageOfPage\":{\"@id\":\"https:\/\/vosgesinfo.fr\/saintdieinfo\/2022\/09\/fig-programme-de-cour-arts\/#primaryimage\"},\"image\":{\"@id\":\"https:\/\/vosgesinfo.fr\/saintdieinfo\/2022\/09\/fig-programme-de-cour-arts\/#primaryimage\"},\"thumbnailUrl\":\"https:\/\/vosgesinfo.fr\/app\/uploads\/sites\/4\/2024\/08\/202209fig-programme-cour-des-arts.jpg\",\"datePublished\":\"2022-09-26T09:30:20+00:00\",\"dateModified\":\"2022-09-26T09:30:20+00:00\",\"breadcrumb\":{\"@id\":\"https:\/\/vosgesinfo.fr\/saintdieinfo\/2022\/09\/fig-programme-de-cour-arts\/#breadcrumb\"},\"inLanguage\":\"fr-FR\",\"potentialAction\":[{\"@type\":\"ReadAction\",\"target\":[\"https:\/\/vosgesinfo.fr\/saintdieinfo\/2022\/09\/fig-programme-de-cour-arts\/\"]}]},{\"@type\":\"ImageObject\",\"inLanguage\":\"fr-FR\",\"@id\":\"https:\/\/vosgesinfo.fr\/saintdieinfo\/2022\/09\/fig-programme-de-cour-arts\/#primaryimage\",\"url\":\"https:\/\/vosgesinfo.fr\/app\/uploads\/sites\/4\/2024\/08\/202209fig-programme-cour-des-arts.jpg\",\"contentUrl\":\"https:\/\/vosgesinfo.fr\/app\/uploads\/sites\/4\/2024\/08\/202209fig-programme-cour-des-arts.jpg\",\"width\":1080,\"height\":1350},{\"@type\":\"BreadcrumbList\",\"@id\":\"https:\/\/vosgesinfo.fr\/saintdieinfo\/2022\/09\/fig-programme-de-cour-arts\/#breadcrumb\",\"itemListElement\":[{\"@type\":\"ListItem\",\"position\":1,\"name\":\"Home\",\"item\":\"https:\/\/vosgesinfo.fr\/saintdieinfo\/\"},{\"@type\":\"ListItem\",\"position\":2,\"name\":\"FIG \u2013 Le programme de la Cour des Arts\"}]},{\"@type\":\"WebSite\",\"@id\":\"https:\/\/vosgesinfo.fr\/saintdieinfo\/#website\",\"url\":\"https:\/\/vosgesinfo.fr\/saintdieinfo\/\",\"name\":\"Saint Die Info\",\"description\":\"Toute l&#039;actualit\u00e9 de Saint-Di\u00e9-Des-Vosges\",\"publisher\":{\"@id\":\"https:\/\/vosgesinfo.fr\/saintdieinfo\/#organization\"},\"alternateName\":\"Toute l'actualit\u00e9 de Saint-Di\u00e9-Des-Vosges\",\"potentialAction\":[{\"@type\":\"SearchAction\",\"target\":{\"@type\":\"EntryPoint\",\"urlTemplate\":\"https:\/\/vosgesinfo.fr\/saintdieinfo\/?s={search_term_string}\"},\"query-input\":\"required name=search_term_string\"}],\"inLanguage\":\"fr-FR\"},{\"@type\":\"Organization\",\"@id\":\"https:\/\/vosgesinfo.fr\/saintdieinfo\/#organization\",\"name\":\"Saint Die Info\",\"url\":\"https:\/\/vosgesinfo.fr\/saintdieinfo\/\",\"logo\":{\"@type\":\"ImageObject\",\"inLanguage\":\"fr-FR\",\"@id\":\"https:\/\/vosgesinfo.fr\/saintdieinfo\/#\/schema\/logo\/image\/\",\"url\":\"https:\/\/vosgesinfo.fr\/app\/uploads\/sites\/4\/2024\/02\/logo-sdi.jpg\",\"contentUrl\":\"https:\/\/vosgesinfo.fr\/app\/uploads\/sites\/4\/2024\/02\/logo-sdi.jpg\",\"width\":600,\"height\":600,\"caption\":\"Saint Die Info\"},\"image\":{\"@id\":\"https:\/\/vosgesinfo.fr\/saintdieinfo\/#\/schema\/logo\/image\/\"},\"sameAs\":[\"https:\/\/www.facebook.com\/Saintdieinfofr\",\"https:\/\/x.com\/VosgesInfo88\",\"https:\/\/www.youtube.com\/@vosgesinfo\"]},{\"@type\":\"Person\",\"@id\":\"https:\/\/vosgesinfo.fr\/saintdieinfo\/#\/schema\/person\/faee6704a21f3977511db84bd1cd450f\",\"name\":\"la r\u00e9daction\",\"image\":{\"@type\":\"ImageObject\",\"inLanguage\":\"fr-FR\",\"@id\":\"https:\/\/vosgesinfo.fr\/saintdieinfo\/#\/schema\/person\/image\/\",\"url\":\"https:\/\/secure.gravatar.com\/avatar\/6673d8bc6a9c17fa9a453eaa3448de834fa308c2ec9635b7aa99441a7c8d2cf6?s=96&d=mm&r=g\",\"contentUrl\":\"https:\/\/secure.gravatar.com\/avatar\/6673d8bc6a9c17fa9a453eaa3448de834fa308c2ec9635b7aa99441a7c8d2cf6?s=96&d=mm&r=g\",\"caption\":\"la r\u00e9daction\"},\"url\":\"https:\/\/vosgesinfo.fr\/saintdieinfo\/author\/redac\/\"}]}<\/script>\n<!-- \/ Yoast SEO plugin. -->","yoast_head_json":{"title":"FIG \u2013 Le programme de la Cour des Arts - Saint Die Info","robots":{"index":"index","follow":"follow","max-snippet":"max-snippet:-1","max-image-preview":"max-image-preview:large","max-video-preview":"max-video-preview:-1"},"canonical":"https:\/\/vosgesinfo.fr\/saintdieinfo\/2022\/09\/fig-programme-de-cour-arts\/","twitter_card":"summary_large_image","twitter_title":"FIG \u2013 Le programme de la Cour des Arts - Saint Die Info","twitter_description":"A l&rsquo;occasion du 33e Festival International de G\u00e9ographie de Saint-Di\u00e9-des-Vosges, dont le th\u00e8me est \u00ab\u00a0D\u00e9serts\u00a0\u00bb et le pays invit\u00e9 le [&hellip;]","twitter_image":"https:\/\/vosgesinfo.fr\/app\/uploads\/sites\/4\/2024\/08\/202209fig-programme-cour-des-arts.jpg","twitter_creator":"@VosgesInfo88","twitter_site":"@VosgesInfo88","twitter_misc":{"\u00c9crit par":"la r\u00e9daction","Dur\u00e9e de lecture estim\u00e9e":"2 minutes"},"schema":{"@context":"https:\/\/schema.org","@graph":[{"@type":"Article","@id":"https:\/\/vosgesinfo.fr\/saintdieinfo\/2022\/09\/fig-programme-de-cour-arts\/#article","isPartOf":{"@id":"https:\/\/vosgesinfo.fr\/saintdieinfo\/2022\/09\/fig-programme-de-cour-arts\/"},"author":{"name":"la r\u00e9daction","@id":"https:\/\/vosgesinfo.fr\/saintdieinfo\/#\/schema\/person\/faee6704a21f3977511db84bd1cd450f"},"headline":"FIG \u2013 Le programme de la Cour des Arts","datePublished":"2022-09-26T09:30:20+00:00","dateModified":"2022-09-26T09:30:20+00:00","mainEntityOfPage":{"@id":"https:\/\/vosgesinfo.fr\/saintdieinfo\/2022\/09\/fig-programme-de-cour-arts\/"},"wordCount":384,"commentCount":0,"publisher":{"@id":"https:\/\/vosgesinfo.fr\/saintdieinfo\/#organization"},"image":{"@id":"https:\/\/vosgesinfo.fr\/saintdieinfo\/2022\/09\/fig-programme-de-cour-arts\/#primaryimage"},"thumbnailUrl":"https:\/\/vosgesinfo.fr\/app\/uploads\/sites\/4\/2024\/08\/202209fig-programme-cour-des-arts.jpg","keywords":["33e Festival International de G\u00e9ographie de Saint-Di\u00e9-des-Vosges","Festival International de G\u00e9ographie de Saint-Di\u00e9-des-Vosges","La Cour des Arts"],"articleSection":["A la Une","Art","Culture","Saint-Di\u00e9-des-Vosges et son Agglom\u00e9ration"],"inLanguage":"fr-FR","potentialAction":[{"@type":"CommentAction","name":"Comment","target":["https:\/\/vosgesinfo.fr\/saintdieinfo\/2022\/09\/fig-programme-de-cour-arts\/#respond"]}]},{"@type":"WebPage","@id":"https:\/\/vosgesinfo.fr\/saintdieinfo\/2022\/09\/fig-programme-de-cour-arts\/","url":"https:\/\/vosgesinfo.fr\/saintdieinfo\/2022\/09\/fig-programme-de-cour-arts\/","name":"FIG \u2013 Le programme de la Cour des Arts - Saint Die Info","isPartOf":{"@id":"https:\/\/vosgesinfo.fr\/saintdieinfo\/#website"},"primaryImageOfPage":{"@id":"https:\/\/vosgesinfo.fr\/saintdieinfo\/2022\/09\/fig-programme-de-cour-arts\/#primaryimage"},"image":{"@id":"https:\/\/vosgesinfo.fr\/saintdieinfo\/2022\/09\/fig-programme-de-cour-arts\/#primaryimage"},"thumbnailUrl":"https:\/\/vosgesinfo.fr\/app\/uploads\/sites\/4\/2024\/08\/202209fig-programme-cour-des-arts.jpg","datePublished":"2022-09-26T09:30:20+00:00","dateModified":"2022-09-26T09:30:20+00:00","breadcrumb":{"@id":"https:\/\/vosgesinfo.fr\/saintdieinfo\/2022\/09\/fig-programme-de-cour-arts\/#breadcrumb"},"inLanguage":"fr-FR","potentialAction":[{"@type":"ReadAction","target":["https:\/\/vosgesinfo.fr\/saintdieinfo\/2022\/09\/fig-programme-de-cour-arts\/"]}]},{"@type":"ImageObject","inLanguage":"fr-FR","@id":"https:\/\/vosgesinfo.fr\/saintdieinfo\/2022\/09\/fig-programme-de-cour-arts\/#primaryimage","url":"https:\/\/vosgesinfo.fr\/app\/uploads\/sites\/4\/2024\/08\/202209fig-programme-cour-des-arts.jpg","contentUrl":"https:\/\/vosgesinfo.fr\/app\/uploads\/sites\/4\/2024\/08\/202209fig-programme-cour-des-arts.jpg","width":1080,"height":1350},{"@type":"BreadcrumbList","@id":"https:\/\/vosgesinfo.fr\/saintdieinfo\/2022\/09\/fig-programme-de-cour-arts\/#breadcrumb","itemListElement":[{"@type":"ListItem","position":1,"name":"Home","item":"https:\/\/vosgesinfo.fr\/saintdieinfo\/"},{"@type":"ListItem","position":2,"name":"FIG \u2013 Le programme de la Cour des Arts"}]},{"@type":"WebSite","@id":"https:\/\/vosgesinfo.fr\/saintdieinfo\/#website","url":"https:\/\/vosgesinfo.fr\/saintdieinfo\/","name":"Saint Die Info","description":"Toute l&#039;actualit\u00e9 de Saint-Di\u00e9-Des-Vosges","publisher":{"@id":"https:\/\/vosgesinfo.fr\/saintdieinfo\/#organization"},"alternateName":"Toute l'actualit\u00e9 de Saint-Di\u00e9-Des-Vosges","potentialAction":[{"@type":"SearchAction","target":{"@type":"EntryPoint","urlTemplate":"https:\/\/vosgesinfo.fr\/saintdieinfo\/?s={search_term_string}"},"query-input":"required name=search_term_string"}],"inLanguage":"fr-FR"},{"@type":"Organization","@id":"https:\/\/vosgesinfo.fr\/saintdieinfo\/#organization","name":"Saint Die Info","url":"https:\/\/vosgesinfo.fr\/saintdieinfo\/","logo":{"@type":"ImageObject","inLanguage":"fr-FR","@id":"https:\/\/vosgesinfo.fr\/saintdieinfo\/#\/schema\/logo\/image\/","url":"https:\/\/vosgesinfo.fr\/app\/uploads\/sites\/4\/2024\/02\/logo-sdi.jpg","contentUrl":"https:\/\/vosgesinfo.fr\/app\/uploads\/sites\/4\/2024\/02\/logo-sdi.jpg","width":600,"height":600,"caption":"Saint Die Info"},"image":{"@id":"https:\/\/vosgesinfo.fr\/saintdieinfo\/#\/schema\/logo\/image\/"},"sameAs":["https:\/\/www.facebook.com\/Saintdieinfofr","https:\/\/x.com\/VosgesInfo88","https:\/\/www.youtube.com\/@vosgesinfo"]},{"@type":"Person","@id":"https:\/\/vosgesinfo.fr\/saintdieinfo\/#\/schema\/person\/faee6704a21f3977511db84bd1cd450f","name":"la r\u00e9daction","image":{"@type":"ImageObject","inLanguage":"fr-FR","@id":"https:\/\/vosgesinfo.fr\/saintdieinfo\/#\/schema\/person\/image\/","url":"https:\/\/secure.gravatar.com\/avatar\/6673d8bc6a9c17fa9a453eaa3448de834fa308c2ec9635b7aa99441a7c8d2cf6?s=96&d=mm&r=g","contentUrl":"https:\/\/secure.gravatar.com\/avatar\/6673d8bc6a9c17fa9a453eaa3448de834fa308c2ec9635b7aa99441a7c8d2cf6?s=96&d=mm&r=g","caption":"la r\u00e9daction"},"url":"https:\/\/vosgesinfo.fr\/saintdieinfo\/author\/redac\/"}]}},"_links":{"self":[{"href":"https:\/\/vosgesinfo.fr\/saintdieinfo\/wp-json\/wp\/v2\/posts\/57798","targetHints":{"allow":["GET"]}}],"collection":[{"href":"https:\/\/vosgesinfo.fr\/saintdieinfo\/wp-json\/wp\/v2\/posts"}],"about":[{"href":"https:\/\/vosgesinfo.fr\/saintdieinfo\/wp-json\/wp\/v2\/types\/post"}],"author":[{"embeddable":true,"href":"https:\/\/vosgesinfo.fr\/saintdieinfo\/wp-json\/wp\/v2\/users\/44"}],"replies":[{"embeddable":true,"href":"https:\/\/vosgesinfo.fr\/saintdieinfo\/wp-json\/wp\/v2\/comments?post=57798"}],"version-history":[{"count":0,"href":"https:\/\/vosgesinfo.fr\/saintdieinfo\/wp-json\/wp\/v2\/posts\/57798\/revisions"}],"wp:featuredmedia":[{"embeddable":true,"href":"https:\/\/vosgesinfo.fr\/saintdieinfo\/wp-json\/wp\/v2\/media\/57799"}],"wp:attachment":[{"href":"https:\/\/vosgesinfo.fr\/saintdieinfo\/wp-json\/wp\/v2\/media?parent=57798"}],"wp:term":[{"taxonomy":"category","embeddable":true,"href":"https:\/\/vosgesinfo.fr\/saintdieinfo\/wp-json\/wp\/v2\/categories?post=57798"},{"taxonomy":"post_tag","embeddable":true,"href":"https:\/\/vosgesinfo.fr\/saintdieinfo\/wp-json\/wp\/v2\/tags?post=57798"}],"curies":[{"name":"wp","href":"https:\/\/api.w.org\/{rel}","templated":true}]}}