{"id":57966,"date":"2022-09-30T08:50:57","date_gmt":"2022-09-30T06:50:57","guid":{"rendered":"https:\/\/vosgesinfo.fr\/saintdieinfo\/2022\/09\/fig-comprendre-deserts-demographiques-francais-carte-ign-geante-festival\/"},"modified":"2022-09-30T08:50:57","modified_gmt":"2022-09-30T06:50:57","slug":"fig-comprendre-deserts-demographiques-francais-carte-ign-geante-festival","status":"publish","type":"post","link":"https:\/\/vosgesinfo.fr\/saintdieinfo\/2022\/09\/fig-comprendre-deserts-demographiques-francais-carte-ign-geante-festival\/","title":{"rendered":"FIG \u2013 Comprendre les d\u00e9serts d\u00e9mographiques fran\u00e7ais avec la carte IGN g\u00e9ante du festival"},"content":{"rendered":"<p><a href=\"\/2022\/09\/FIG-Inauguration_Carte_IGN-1.jpg\" target=\"_blank\" rel=\"noopener\"><img decoding=\"async\" class=\"aligncenter wp-image-190312 size-large\" src=\"\/2022\/09\/FIG-Inauguration_Carte_IGN-1-1024x771.jpg\" alt=\"FIG-Inauguration_Carte_IGN (1)\" width=\"960\" height=\"723\" \/><\/a><\/p>\n<h2><strong><span style=\"font-size: 14pt;\">La carte g\u00e9ante IGN du 33e Festival International de G\u00e9ographie de Saint-Di\u00e9-des-Vosges, la 24e en date, s&rsquo;intitule \u00ab D\u00e9serts d\u00e9mographiques et flux de populations en France \u00bb. Un th\u00e8me totalement en phase avec le th\u00e8me du festival cette ann\u00e9e qui, pour rappel, est \u00ab\u00a0d\u00e9serts\u00a0\u00bb.<\/span><\/strong><\/h2>\n<p><!--more--><\/p>\n<p>C&rsquo;est ce vendredi matin, sur les coups de 10h, qu&rsquo;elle a \u00e9t\u00e9 inaugur\u00e9e, lan\u00e7ant officieusement le FIG \u00e9dition 2022&#8230; non pas \u00e0 la gare SNCF comme le veut la tradition, mais \u00e0 l&rsquo;entr\u00e9e du Salon G\u00e9o-Num\u00e9rique, \u00e0 l&rsquo;Espace Fran\u00e7ois-Mitterrand. Et ce en raison des travaux d&rsquo;am\u00e9nagement du futur p\u00f4le multimodal d\u00e9odatien.<\/p>\n<p>Cette carte montre qu&rsquo;un d\u00e9sert ne se limite pas \u00e0 un paysage aride, mais que c&rsquo;est aussi le reflet d&rsquo;une dynamique de population. Certaines r\u00e9gions \u00e9tant appel\u00e9es des d\u00e9serts d\u00e9mographiques. A partir de donn\u00e9es de l&rsquo;INSEE, l&rsquo;IGN a ainsi choisi de mettre en lumi\u00e8re les mouvements r\u00e9cents de la population fran\u00e7aise.<\/p>\n<p>On y apprend par exemple que le d\u00e9partement de France avec la plus faible d\u00e9mographie et la plus faible \u00e9volution entre 2019 et 2022 est la Loz\u00e8re, tout en \u00e9tant \u00e9galement le d\u00e9partement m\u00e9tropolitain le moins dens\u00e9ment peupl\u00e9, avec seulement 15 habitants au km\u00b2. A l&rsquo;oppos\u00e9, Paris a une densit\u00e9 de population 20 720 habitants au km\u00b2. Soit 1381 fois plus d&rsquo;habitants au km\u00b2 que la Loz\u00e8re. Avec 62 habitants au km\u00b2, les Vosges sont le 37e d\u00e9partement le moins peupl\u00e9 de France.<\/p>\n<p>J.J.<\/p>\n\n","protected":false},"excerpt":{"rendered":"<p>La carte g\u00e9ante IGN du 33e Festival International de G\u00e9ographie de Saint-Di\u00e9-des-Vosges, la 24e en date, s&rsquo;intitule \u00ab D\u00e9serts d\u00e9mographiques [&hellip;]<\/p>\n","protected":false},"author":44,"featured_media":57967,"comment_status":"open","ping_status":"open","sticky":false,"template":"","format":"standard","meta":{"footnotes":""},"categories":[460,7847,2915],"tags":[11574,3551,12657,3089,3553,12658],"class_list":["post-57966","post","type-post","status-publish","format-standard","has-post-thumbnail","hentry","category-a-la-une","category-art-culture","category-saint-die-son-canton","tag-33e-festival-international-de-geographie-de-saint-die-des-vosges","tag-carte-ign-geante","tag-deserts-demographiques-en-france","tag-espace-francois-mitterrand","tag-ign","tag-salon-geo-numerique"],"acf":[],"yoast_head":"<!-- This site is optimized with the Yoast SEO plugin v22.5 - https:\/\/yoast.com\/wordpress\/plugins\/seo\/ -->\n<title>FIG \u2013 Comprendre les d\u00e9serts d\u00e9mographiques fran\u00e7ais avec la carte IGN g\u00e9ante du festival - Saint Die Info<\/title>\n<meta name=\"robots\" content=\"index, follow, max-snippet:-1, max-image-preview:large, max-video-preview:-1\" \/>\n<link rel=\"canonical\" href=\"https:\/\/vosgesinfo.fr\/saintdieinfo\/2022\/09\/fig-comprendre-deserts-demographiques-francais-carte-ign-geante-festival\/\" \/>\n<meta name=\"twitter:card\" content=\"summary_large_image\" \/>\n<meta name=\"twitter:title\" content=\"FIG \u2013 Comprendre les d\u00e9serts d\u00e9mographiques fran\u00e7ais avec la carte IGN g\u00e9ante du festival - Saint Die Info\" \/>\n<meta name=\"twitter:description\" content=\"La carte g\u00e9ante IGN du 33e Festival International de G\u00e9ographie de Saint-Di\u00e9-des-Vosges, la 24e en date, s&rsquo;intitule \u00ab D\u00e9serts d\u00e9mographiques [&hellip;]\" \/>\n<meta name=\"twitter:image\" content=\"https:\/\/vosgesinfo.fr\/app\/uploads\/sites\/4\/2024\/08\/202209fig-inauguration-carte-ign-1.jpg\" \/>\n<meta name=\"twitter:creator\" content=\"@VosgesInfo88\" \/>\n<meta name=\"twitter:site\" content=\"@VosgesInfo88\" \/>\n<meta name=\"twitter:label1\" content=\"\u00c9crit par\" \/>\n\t<meta name=\"twitter:data1\" content=\"la r\u00e9daction\" \/>\n\t<meta name=\"twitter:label2\" content=\"Dur\u00e9e de lecture estim\u00e9e\" \/>\n\t<meta name=\"twitter:data2\" content=\"1 minute\" \/>\n<script type=\"application\/ld+json\" class=\"yoast-schema-graph\">{\"@context\":\"https:\/\/schema.org\",\"@graph\":[{\"@type\":\"Article\",\"@id\":\"https:\/\/vosgesinfo.fr\/saintdieinfo\/2022\/09\/fig-comprendre-deserts-demographiques-francais-carte-ign-geante-festival\/#article\",\"isPartOf\":{\"@id\":\"https:\/\/vosgesinfo.fr\/saintdieinfo\/2022\/09\/fig-comprendre-deserts-demographiques-francais-carte-ign-geante-festival\/\"},\"author\":{\"name\":\"la r\u00e9daction\",\"@id\":\"https:\/\/vosgesinfo.fr\/saintdieinfo\/#\/schema\/person\/faee6704a21f3977511db84bd1cd450f\"},\"headline\":\"FIG \u2013 Comprendre les d\u00e9serts d\u00e9mographiques fran\u00e7ais avec la carte IGN g\u00e9ante du festival\",\"datePublished\":\"2022-09-30T06:50:57+00:00\",\"dateModified\":\"2022-09-30T06:50:57+00:00\",\"mainEntityOfPage\":{\"@id\":\"https:\/\/vosgesinfo.fr\/saintdieinfo\/2022\/09\/fig-comprendre-deserts-demographiques-francais-carte-ign-geante-festival\/\"},\"wordCount\":288,\"commentCount\":0,\"publisher\":{\"@id\":\"https:\/\/vosgesinfo.fr\/saintdieinfo\/#organization\"},\"image\":{\"@id\":\"https:\/\/vosgesinfo.fr\/saintdieinfo\/2022\/09\/fig-comprendre-deserts-demographiques-francais-carte-ign-geante-festival\/#primaryimage\"},\"thumbnailUrl\":\"https:\/\/vosgesinfo.fr\/app\/uploads\/sites\/4\/2024\/08\/202209fig-inauguration-carte-ign-1.jpg\",\"keywords\":[\"33e Festival International de G\u00e9ographie de Saint-Di\u00e9-des-Vosges\",\"Carte IGN g\u00e9ante\",\"D\u00e9serts d\u00e9mographiques en France\",\"Espace Fran\u00e7ois-Mitterrand\",\"IGN\",\"Salon G\u00e9o-Num\u00e9rique\"],\"articleSection\":[\"A la Une\",\"Culture\",\"Saint-Di\u00e9-des-Vosges et son Agglom\u00e9ration\"],\"inLanguage\":\"fr-FR\",\"potentialAction\":[{\"@type\":\"CommentAction\",\"name\":\"Comment\",\"target\":[\"https:\/\/vosgesinfo.fr\/saintdieinfo\/2022\/09\/fig-comprendre-deserts-demographiques-francais-carte-ign-geante-festival\/#respond\"]}]},{\"@type\":\"WebPage\",\"@id\":\"https:\/\/vosgesinfo.fr\/saintdieinfo\/2022\/09\/fig-comprendre-deserts-demographiques-francais-carte-ign-geante-festival\/\",\"url\":\"https:\/\/vosgesinfo.fr\/saintdieinfo\/2022\/09\/fig-comprendre-deserts-demographiques-francais-carte-ign-geante-festival\/\",\"name\":\"FIG \u2013 Comprendre les d\u00e9serts d\u00e9mographiques fran\u00e7ais avec la carte IGN g\u00e9ante du festival - Saint Die Info\",\"isPartOf\":{\"@id\":\"https:\/\/vosgesinfo.fr\/saintdieinfo\/#website\"},\"primaryImageOfPage\":{\"@id\":\"https:\/\/vosgesinfo.fr\/saintdieinfo\/2022\/09\/fig-comprendre-deserts-demographiques-francais-carte-ign-geante-festival\/#primaryimage\"},\"image\":{\"@id\":\"https:\/\/vosgesinfo.fr\/saintdieinfo\/2022\/09\/fig-comprendre-deserts-demographiques-francais-carte-ign-geante-festival\/#primaryimage\"},\"thumbnailUrl\":\"https:\/\/vosgesinfo.fr\/app\/uploads\/sites\/4\/2024\/08\/202209fig-inauguration-carte-ign-1.jpg\",\"datePublished\":\"2022-09-30T06:50:57+00:00\",\"dateModified\":\"2022-09-30T06:50:57+00:00\",\"breadcrumb\":{\"@id\":\"https:\/\/vosgesinfo.fr\/saintdieinfo\/2022\/09\/fig-comprendre-deserts-demographiques-francais-carte-ign-geante-festival\/#breadcrumb\"},\"inLanguage\":\"fr-FR\",\"potentialAction\":[{\"@type\":\"ReadAction\",\"target\":[\"https:\/\/vosgesinfo.fr\/saintdieinfo\/2022\/09\/fig-comprendre-deserts-demographiques-francais-carte-ign-geante-festival\/\"]}]},{\"@type\":\"ImageObject\",\"inLanguage\":\"fr-FR\",\"@id\":\"https:\/\/vosgesinfo.fr\/saintdieinfo\/2022\/09\/fig-comprendre-deserts-demographiques-francais-carte-ign-geante-festival\/#primaryimage\",\"url\":\"https:\/\/vosgesinfo.fr\/app\/uploads\/sites\/4\/2024\/08\/202209fig-inauguration-carte-ign-1.jpg\",\"contentUrl\":\"https:\/\/vosgesinfo.fr\/app\/uploads\/sites\/4\/2024\/08\/202209fig-inauguration-carte-ign-1.jpg\",\"width\":1600,\"height\":1205},{\"@type\":\"BreadcrumbList\",\"@id\":\"https:\/\/vosgesinfo.fr\/saintdieinfo\/2022\/09\/fig-comprendre-deserts-demographiques-francais-carte-ign-geante-festival\/#breadcrumb\",\"itemListElement\":[{\"@type\":\"ListItem\",\"position\":1,\"name\":\"Home\",\"item\":\"https:\/\/vosgesinfo.fr\/saintdieinfo\/\"},{\"@type\":\"ListItem\",\"position\":2,\"name\":\"FIG \u2013 Comprendre les d\u00e9serts d\u00e9mographiques fran\u00e7ais avec la carte IGN g\u00e9ante du festival\"}]},{\"@type\":\"WebSite\",\"@id\":\"https:\/\/vosgesinfo.fr\/saintdieinfo\/#website\",\"url\":\"https:\/\/vosgesinfo.fr\/saintdieinfo\/\",\"name\":\"Saint Die Info\",\"description\":\"Toute l&#039;actualit\u00e9 de Saint-Di\u00e9-Des-Vosges\",\"publisher\":{\"@id\":\"https:\/\/vosgesinfo.fr\/saintdieinfo\/#organization\"},\"alternateName\":\"Toute l'actualit\u00e9 de Saint-Di\u00e9-Des-Vosges\",\"potentialAction\":[{\"@type\":\"SearchAction\",\"target\":{\"@type\":\"EntryPoint\",\"urlTemplate\":\"https:\/\/vosgesinfo.fr\/saintdieinfo\/?s={search_term_string}\"},\"query-input\":\"required name=search_term_string\"}],\"inLanguage\":\"fr-FR\"},{\"@type\":\"Organization\",\"@id\":\"https:\/\/vosgesinfo.fr\/saintdieinfo\/#organization\",\"name\":\"Saint Die Info\",\"url\":\"https:\/\/vosgesinfo.fr\/saintdieinfo\/\",\"logo\":{\"@type\":\"ImageObject\",\"inLanguage\":\"fr-FR\",\"@id\":\"https:\/\/vosgesinfo.fr\/saintdieinfo\/#\/schema\/logo\/image\/\",\"url\":\"https:\/\/vosgesinfo.fr\/app\/uploads\/sites\/4\/2024\/02\/logo-sdi.jpg\",\"contentUrl\":\"https:\/\/vosgesinfo.fr\/app\/uploads\/sites\/4\/2024\/02\/logo-sdi.jpg\",\"width\":600,\"height\":600,\"caption\":\"Saint Die Info\"},\"image\":{\"@id\":\"https:\/\/vosgesinfo.fr\/saintdieinfo\/#\/schema\/logo\/image\/\"},\"sameAs\":[\"https:\/\/www.facebook.com\/Saintdieinfofr\",\"https:\/\/x.com\/VosgesInfo88\",\"https:\/\/www.youtube.com\/@vosgesinfo\"]},{\"@type\":\"Person\",\"@id\":\"https:\/\/vosgesinfo.fr\/saintdieinfo\/#\/schema\/person\/faee6704a21f3977511db84bd1cd450f\",\"name\":\"la r\u00e9daction\",\"image\":{\"@type\":\"ImageObject\",\"inLanguage\":\"fr-FR\",\"@id\":\"https:\/\/vosgesinfo.fr\/saintdieinfo\/#\/schema\/person\/image\/\",\"url\":\"https:\/\/secure.gravatar.com\/avatar\/6673d8bc6a9c17fa9a453eaa3448de834fa308c2ec9635b7aa99441a7c8d2cf6?s=96&d=mm&r=g\",\"contentUrl\":\"https:\/\/secure.gravatar.com\/avatar\/6673d8bc6a9c17fa9a453eaa3448de834fa308c2ec9635b7aa99441a7c8d2cf6?s=96&d=mm&r=g\",\"caption\":\"la r\u00e9daction\"},\"url\":\"https:\/\/vosgesinfo.fr\/saintdieinfo\/author\/redac\/\"}]}<\/script>\n<!-- \/ Yoast SEO plugin. -->","yoast_head_json":{"title":"FIG \u2013 Comprendre les d\u00e9serts d\u00e9mographiques fran\u00e7ais avec la carte IGN g\u00e9ante du festival - Saint Die Info","robots":{"index":"index","follow":"follow","max-snippet":"max-snippet:-1","max-image-preview":"max-image-preview:large","max-video-preview":"max-video-preview:-1"},"canonical":"https:\/\/vosgesinfo.fr\/saintdieinfo\/2022\/09\/fig-comprendre-deserts-demographiques-francais-carte-ign-geante-festival\/","twitter_card":"summary_large_image","twitter_title":"FIG \u2013 Comprendre les d\u00e9serts d\u00e9mographiques fran\u00e7ais avec la carte IGN g\u00e9ante du festival - Saint Die Info","twitter_description":"La carte g\u00e9ante IGN du 33e Festival International de G\u00e9ographie de Saint-Di\u00e9-des-Vosges, la 24e en date, s&rsquo;intitule \u00ab D\u00e9serts d\u00e9mographiques [&hellip;]","twitter_image":"https:\/\/vosgesinfo.fr\/app\/uploads\/sites\/4\/2024\/08\/202209fig-inauguration-carte-ign-1.jpg","twitter_creator":"@VosgesInfo88","twitter_site":"@VosgesInfo88","twitter_misc":{"\u00c9crit par":"la r\u00e9daction","Dur\u00e9e de lecture estim\u00e9e":"1 minute"},"schema":{"@context":"https:\/\/schema.org","@graph":[{"@type":"Article","@id":"https:\/\/vosgesinfo.fr\/saintdieinfo\/2022\/09\/fig-comprendre-deserts-demographiques-francais-carte-ign-geante-festival\/#article","isPartOf":{"@id":"https:\/\/vosgesinfo.fr\/saintdieinfo\/2022\/09\/fig-comprendre-deserts-demographiques-francais-carte-ign-geante-festival\/"},"author":{"name":"la r\u00e9daction","@id":"https:\/\/vosgesinfo.fr\/saintdieinfo\/#\/schema\/person\/faee6704a21f3977511db84bd1cd450f"},"headline":"FIG \u2013 Comprendre les d\u00e9serts d\u00e9mographiques fran\u00e7ais avec la carte IGN g\u00e9ante du festival","datePublished":"2022-09-30T06:50:57+00:00","dateModified":"2022-09-30T06:50:57+00:00","mainEntityOfPage":{"@id":"https:\/\/vosgesinfo.fr\/saintdieinfo\/2022\/09\/fig-comprendre-deserts-demographiques-francais-carte-ign-geante-festival\/"},"wordCount":288,"commentCount":0,"publisher":{"@id":"https:\/\/vosgesinfo.fr\/saintdieinfo\/#organization"},"image":{"@id":"https:\/\/vosgesinfo.fr\/saintdieinfo\/2022\/09\/fig-comprendre-deserts-demographiques-francais-carte-ign-geante-festival\/#primaryimage"},"thumbnailUrl":"https:\/\/vosgesinfo.fr\/app\/uploads\/sites\/4\/2024\/08\/202209fig-inauguration-carte-ign-1.jpg","keywords":["33e Festival International de G\u00e9ographie de Saint-Di\u00e9-des-Vosges","Carte IGN g\u00e9ante","D\u00e9serts d\u00e9mographiques en France","Espace Fran\u00e7ois-Mitterrand","IGN","Salon G\u00e9o-Num\u00e9rique"],"articleSection":["A la Une","Culture","Saint-Di\u00e9-des-Vosges et son Agglom\u00e9ration"],"inLanguage":"fr-FR","potentialAction":[{"@type":"CommentAction","name":"Comment","target":["https:\/\/vosgesinfo.fr\/saintdieinfo\/2022\/09\/fig-comprendre-deserts-demographiques-francais-carte-ign-geante-festival\/#respond"]}]},{"@type":"WebPage","@id":"https:\/\/vosgesinfo.fr\/saintdieinfo\/2022\/09\/fig-comprendre-deserts-demographiques-francais-carte-ign-geante-festival\/","url":"https:\/\/vosgesinfo.fr\/saintdieinfo\/2022\/09\/fig-comprendre-deserts-demographiques-francais-carte-ign-geante-festival\/","name":"FIG \u2013 Comprendre les d\u00e9serts d\u00e9mographiques fran\u00e7ais avec la carte IGN g\u00e9ante du festival - Saint Die Info","isPartOf":{"@id":"https:\/\/vosgesinfo.fr\/saintdieinfo\/#website"},"primaryImageOfPage":{"@id":"https:\/\/vosgesinfo.fr\/saintdieinfo\/2022\/09\/fig-comprendre-deserts-demographiques-francais-carte-ign-geante-festival\/#primaryimage"},"image":{"@id":"https:\/\/vosgesinfo.fr\/saintdieinfo\/2022\/09\/fig-comprendre-deserts-demographiques-francais-carte-ign-geante-festival\/#primaryimage"},"thumbnailUrl":"https:\/\/vosgesinfo.fr\/app\/uploads\/sites\/4\/2024\/08\/202209fig-inauguration-carte-ign-1.jpg","datePublished":"2022-09-30T06:50:57+00:00","dateModified":"2022-09-30T06:50:57+00:00","breadcrumb":{"@id":"https:\/\/vosgesinfo.fr\/saintdieinfo\/2022\/09\/fig-comprendre-deserts-demographiques-francais-carte-ign-geante-festival\/#breadcrumb"},"inLanguage":"fr-FR","potentialAction":[{"@type":"ReadAction","target":["https:\/\/vosgesinfo.fr\/saintdieinfo\/2022\/09\/fig-comprendre-deserts-demographiques-francais-carte-ign-geante-festival\/"]}]},{"@type":"ImageObject","inLanguage":"fr-FR","@id":"https:\/\/vosgesinfo.fr\/saintdieinfo\/2022\/09\/fig-comprendre-deserts-demographiques-francais-carte-ign-geante-festival\/#primaryimage","url":"https:\/\/vosgesinfo.fr\/app\/uploads\/sites\/4\/2024\/08\/202209fig-inauguration-carte-ign-1.jpg","contentUrl":"https:\/\/vosgesinfo.fr\/app\/uploads\/sites\/4\/2024\/08\/202209fig-inauguration-carte-ign-1.jpg","width":1600,"height":1205},{"@type":"BreadcrumbList","@id":"https:\/\/vosgesinfo.fr\/saintdieinfo\/2022\/09\/fig-comprendre-deserts-demographiques-francais-carte-ign-geante-festival\/#breadcrumb","itemListElement":[{"@type":"ListItem","position":1,"name":"Home","item":"https:\/\/vosgesinfo.fr\/saintdieinfo\/"},{"@type":"ListItem","position":2,"name":"FIG \u2013 Comprendre les d\u00e9serts d\u00e9mographiques fran\u00e7ais avec la carte IGN g\u00e9ante du festival"}]},{"@type":"WebSite","@id":"https:\/\/vosgesinfo.fr\/saintdieinfo\/#website","url":"https:\/\/vosgesinfo.fr\/saintdieinfo\/","name":"Saint Die Info","description":"Toute l&#039;actualit\u00e9 de Saint-Di\u00e9-Des-Vosges","publisher":{"@id":"https:\/\/vosgesinfo.fr\/saintdieinfo\/#organization"},"alternateName":"Toute l'actualit\u00e9 de Saint-Di\u00e9-Des-Vosges","potentialAction":[{"@type":"SearchAction","target":{"@type":"EntryPoint","urlTemplate":"https:\/\/vosgesinfo.fr\/saintdieinfo\/?s={search_term_string}"},"query-input":"required name=search_term_string"}],"inLanguage":"fr-FR"},{"@type":"Organization","@id":"https:\/\/vosgesinfo.fr\/saintdieinfo\/#organization","name":"Saint Die Info","url":"https:\/\/vosgesinfo.fr\/saintdieinfo\/","logo":{"@type":"ImageObject","inLanguage":"fr-FR","@id":"https:\/\/vosgesinfo.fr\/saintdieinfo\/#\/schema\/logo\/image\/","url":"https:\/\/vosgesinfo.fr\/app\/uploads\/sites\/4\/2024\/02\/logo-sdi.jpg","contentUrl":"https:\/\/vosgesinfo.fr\/app\/uploads\/sites\/4\/2024\/02\/logo-sdi.jpg","width":600,"height":600,"caption":"Saint Die Info"},"image":{"@id":"https:\/\/vosgesinfo.fr\/saintdieinfo\/#\/schema\/logo\/image\/"},"sameAs":["https:\/\/www.facebook.com\/Saintdieinfofr","https:\/\/x.com\/VosgesInfo88","https:\/\/www.youtube.com\/@vosgesinfo"]},{"@type":"Person","@id":"https:\/\/vosgesinfo.fr\/saintdieinfo\/#\/schema\/person\/faee6704a21f3977511db84bd1cd450f","name":"la r\u00e9daction","image":{"@type":"ImageObject","inLanguage":"fr-FR","@id":"https:\/\/vosgesinfo.fr\/saintdieinfo\/#\/schema\/person\/image\/","url":"https:\/\/secure.gravatar.com\/avatar\/6673d8bc6a9c17fa9a453eaa3448de834fa308c2ec9635b7aa99441a7c8d2cf6?s=96&d=mm&r=g","contentUrl":"https:\/\/secure.gravatar.com\/avatar\/6673d8bc6a9c17fa9a453eaa3448de834fa308c2ec9635b7aa99441a7c8d2cf6?s=96&d=mm&r=g","caption":"la r\u00e9daction"},"url":"https:\/\/vosgesinfo.fr\/saintdieinfo\/author\/redac\/"}]}},"_links":{"self":[{"href":"https:\/\/vosgesinfo.fr\/saintdieinfo\/wp-json\/wp\/v2\/posts\/57966","targetHints":{"allow":["GET"]}}],"collection":[{"href":"https:\/\/vosgesinfo.fr\/saintdieinfo\/wp-json\/wp\/v2\/posts"}],"about":[{"href":"https:\/\/vosgesinfo.fr\/saintdieinfo\/wp-json\/wp\/v2\/types\/post"}],"author":[{"embeddable":true,"href":"https:\/\/vosgesinfo.fr\/saintdieinfo\/wp-json\/wp\/v2\/users\/44"}],"replies":[{"embeddable":true,"href":"https:\/\/vosgesinfo.fr\/saintdieinfo\/wp-json\/wp\/v2\/comments?post=57966"}],"version-history":[{"count":0,"href":"https:\/\/vosgesinfo.fr\/saintdieinfo\/wp-json\/wp\/v2\/posts\/57966\/revisions"}],"wp:featuredmedia":[{"embeddable":true,"href":"https:\/\/vosgesinfo.fr\/saintdieinfo\/wp-json\/wp\/v2\/media\/57967"}],"wp:attachment":[{"href":"https:\/\/vosgesinfo.fr\/saintdieinfo\/wp-json\/wp\/v2\/media?parent=57966"}],"wp:term":[{"taxonomy":"category","embeddable":true,"href":"https:\/\/vosgesinfo.fr\/saintdieinfo\/wp-json\/wp\/v2\/categories?post=57966"},{"taxonomy":"post_tag","embeddable":true,"href":"https:\/\/vosgesinfo.fr\/saintdieinfo\/wp-json\/wp\/v2\/tags?post=57966"}],"curies":[{"name":"wp","href":"https:\/\/api.w.org\/{rel}","templated":true}]}}