{"id":58022,"date":"2022-09-30T20:06:10","date_gmt":"2022-09-30T18:06:10","guid":{"rendered":"https:\/\/vosgesinfo.fr\/saintdieinfo\/2022\/09\/fig-33e-festival-international-de-geographie-de-saint-die-vosges-a-ete-inaugure\/"},"modified":"2022-09-30T20:06:10","modified_gmt":"2022-09-30T18:06:10","slug":"fig-33e-festival-international-de-geographie-de-saint-die-vosges-a-ete-inaugure","status":"publish","type":"post","link":"https:\/\/vosgesinfo.fr\/saintdieinfo\/2022\/09\/fig-33e-festival-international-de-geographie-de-saint-die-vosges-a-ete-inaugure\/","title":{"rendered":"FIG \u2013 Le 33e Festival International de G\u00e9ographie de Saint-Di\u00e9-des-Vosges a \u00e9t\u00e9 inaugur\u00e9"},"content":{"rendered":"<p><a href=\"\/2022\/09\/FIG-C\u00e9r\u00e9monie_Inaugurale-2.jpg\" target=\"_blank\" rel=\"noopener\"><img decoding=\"async\" class=\"aligncenter wp-image-190384 size-large\" src=\"\/2022\/09\/FIG-C\u00e9r\u00e9monie_Inaugurale-2-1024x771.jpg\" alt=\"FIG-C\u00e9r\u00e9monie_Inaugurale (2)\" width=\"960\" height=\"723\" \/><\/a><\/p>\n<h2><strong><span style=\"font-size: 14pt;\">Le 33e Festival International de G\u00e9ographie de Saint-Di\u00e9-des-Vosges s&rsquo;est ouvert ce vendredi matin, en ce dernier jour de septembre. Une \u00e9dition 2022 qui s&rsquo;articule autour du th\u00e8me des \u00ab\u00a0d\u00e9serts\u00a0\u00bb, avec comme pays invit\u00e9 le Portugal. Mais c&rsquo;est en d\u00e9but de soir\u00e9e que le festival a \u00e9t\u00e9 officiellement inaugur\u00e9, lors de la traditionnelle c\u00e9r\u00e9monie inaugurale \u00e0 l&rsquo;Espace Georges-Sadoul.<\/span><\/strong><\/h2>\n<p><!--more--><\/p>\n<p>\u00ab\u00a0Le FIG est bien plus qu&rsquo;un festival. Pour nous, habitants de Saint-Di\u00e9-des-Vosges et de l&rsquo;Agglom\u00e9ration, c&rsquo;est l&rsquo;un des moyens de braquer les projecteurs sur la capitale du massif vosgien, qui est entr\u00e9e dans l&rsquo;Histoire un beau jour de 1507. Je tiens \u00e0 remercier les 250 \u00e0 300 agents et b\u00e9n\u00e9voles mobilis\u00e9s, les m\u00e9c\u00e8nes qui soutiennent la manifestation et bien entendu les festivaliers. Le FIG appartient aux D\u00e9odatiens, il est donc hors de question de remettre en cause ce joyau de la D\u00e9odatie\u00a0\u00bb a d\u00e9clar\u00e9 le maire Bruno Toussaint en ouverture de la c\u00e9r\u00e9monie. Se sont ensuite succ\u00e9d\u00e9 sur la sc\u00e8ne de la salle Yvan-Goll le d\u00e9put\u00e9 David Valence, le pr\u00e9fet Yves Seguy, le directeur scientifique du FIG Julien Brachet, l&rsquo;\u00e9crivain Mia Couto, en sa qualit\u00e9 de pr\u00e9sident du Salon du Livre 2022, l&rsquo;astronome, exploratrice et astrophysicienne Merieme Chadid, Grand Temoin du festival cette ann\u00e9e, et Fran\u00e7ois Xavier Fauvelle, professeur du Coll\u00e8ge de France et pr\u00e9sident du 33e FIG.<\/p>\n<p>Le 33e FIG qui se poursuit tout au long du week-end, avec au programme des conf\u00e9rences, tables-rondes, d\u00e9bats, caf\u00e9s g\u00e9ographiques, rencontres, expositions, spectacles, projections de films et documentaires, salons, FIG Junior&#8230; l&rsquo;actualit\u00e9 du festival est \u00e0 suivre en direct sur <a href=\"https:\/\/www.fig.saint-die-des-vosges.fr\/\" target=\"_blank\" rel=\"noopener\">https:\/\/www.fig.saint-die-des-vosges.fr\/<\/a>.<\/p>\n<p>J.J.<\/p>\n\n","protected":false},"excerpt":{"rendered":"<p>Le 33e Festival International de G\u00e9ographie de Saint-Di\u00e9-des-Vosges s&rsquo;est ouvert ce vendredi matin, en ce dernier jour de septembre. Une [&hellip;]<\/p>\n","protected":false},"author":44,"featured_media":58023,"comment_status":"open","ping_status":"open","sticky":false,"template":"","format":"standard","meta":{"footnotes":""},"categories":[460,7847,2915],"tags":[11574,12665,3559],"class_list":["post-58022","post","type-post","status-publish","format-standard","has-post-thumbnail","hentry","category-a-la-une","category-art-culture","category-saint-die-son-canton","tag-33e-festival-international-de-geographie-de-saint-die-des-vosges","tag-ceremonie-inaugurale-du-fig","tag-espace-georges-sadoul"],"acf":[],"yoast_head":"<!-- This site is optimized with the Yoast SEO plugin v22.5 - https:\/\/yoast.com\/wordpress\/plugins\/seo\/ -->\n<title>FIG \u2013 Le 33e Festival International de G\u00e9ographie de Saint-Di\u00e9-des-Vosges a \u00e9t\u00e9 inaugur\u00e9 - Saint Die Info<\/title>\n<meta name=\"robots\" content=\"index, follow, max-snippet:-1, max-image-preview:large, max-video-preview:-1\" \/>\n<link rel=\"canonical\" href=\"https:\/\/vosgesinfo.fr\/saintdieinfo\/2022\/09\/fig-33e-festival-international-de-geographie-de-saint-die-vosges-a-ete-inaugure\/\" \/>\n<meta name=\"twitter:card\" content=\"summary_large_image\" \/>\n<meta name=\"twitter:title\" content=\"FIG \u2013 Le 33e Festival International de G\u00e9ographie de Saint-Di\u00e9-des-Vosges a \u00e9t\u00e9 inaugur\u00e9 - Saint Die Info\" \/>\n<meta name=\"twitter:description\" content=\"Le 33e Festival International de G\u00e9ographie de Saint-Di\u00e9-des-Vosges s&rsquo;est ouvert ce vendredi matin, en ce dernier jour de septembre. Une [&hellip;]\" \/>\n<meta name=\"twitter:image\" content=\"https:\/\/vosgesinfo.fr\/app\/uploads\/sites\/4\/2024\/08\/202209fig-ceremonie-inaugurale-2.jpg\" \/>\n<meta name=\"twitter:creator\" content=\"@VosgesInfo88\" \/>\n<meta name=\"twitter:site\" content=\"@VosgesInfo88\" \/>\n<meta name=\"twitter:label1\" content=\"\u00c9crit par\" \/>\n\t<meta name=\"twitter:data1\" content=\"la r\u00e9daction\" \/>\n\t<meta name=\"twitter:label2\" content=\"Dur\u00e9e de lecture estim\u00e9e\" \/>\n\t<meta name=\"twitter:data2\" content=\"1 minute\" \/>\n<script type=\"application\/ld+json\" class=\"yoast-schema-graph\">{\"@context\":\"https:\/\/schema.org\",\"@graph\":[{\"@type\":\"Article\",\"@id\":\"https:\/\/vosgesinfo.fr\/saintdieinfo\/2022\/09\/fig-33e-festival-international-de-geographie-de-saint-die-vosges-a-ete-inaugure\/#article\",\"isPartOf\":{\"@id\":\"https:\/\/vosgesinfo.fr\/saintdieinfo\/2022\/09\/fig-33e-festival-international-de-geographie-de-saint-die-vosges-a-ete-inaugure\/\"},\"author\":{\"name\":\"la r\u00e9daction\",\"@id\":\"https:\/\/vosgesinfo.fr\/saintdieinfo\/#\/schema\/person\/faee6704a21f3977511db84bd1cd450f\"},\"headline\":\"FIG \u2013 Le 33e Festival International de G\u00e9ographie de Saint-Di\u00e9-des-Vosges a \u00e9t\u00e9 inaugur\u00e9\",\"datePublished\":\"2022-09-30T18:06:10+00:00\",\"dateModified\":\"2022-09-30T18:06:10+00:00\",\"mainEntityOfPage\":{\"@id\":\"https:\/\/vosgesinfo.fr\/saintdieinfo\/2022\/09\/fig-33e-festival-international-de-geographie-de-saint-die-vosges-a-ete-inaugure\/\"},\"wordCount\":317,\"commentCount\":0,\"publisher\":{\"@id\":\"https:\/\/vosgesinfo.fr\/saintdieinfo\/#organization\"},\"image\":{\"@id\":\"https:\/\/vosgesinfo.fr\/saintdieinfo\/2022\/09\/fig-33e-festival-international-de-geographie-de-saint-die-vosges-a-ete-inaugure\/#primaryimage\"},\"thumbnailUrl\":\"https:\/\/vosgesinfo.fr\/app\/uploads\/sites\/4\/2024\/08\/202209fig-ceremonie-inaugurale-2.jpg\",\"keywords\":[\"33e Festival International de G\u00e9ographie de Saint-Di\u00e9-des-Vosges\",\"C\u00e9r\u00e9monie inaugurale du FIG\",\"Espace Georges-Sadoul\"],\"articleSection\":[\"A la Une\",\"Culture\",\"Saint-Di\u00e9-des-Vosges et son Agglom\u00e9ration\"],\"inLanguage\":\"fr-FR\",\"potentialAction\":[{\"@type\":\"CommentAction\",\"name\":\"Comment\",\"target\":[\"https:\/\/vosgesinfo.fr\/saintdieinfo\/2022\/09\/fig-33e-festival-international-de-geographie-de-saint-die-vosges-a-ete-inaugure\/#respond\"]}]},{\"@type\":\"WebPage\",\"@id\":\"https:\/\/vosgesinfo.fr\/saintdieinfo\/2022\/09\/fig-33e-festival-international-de-geographie-de-saint-die-vosges-a-ete-inaugure\/\",\"url\":\"https:\/\/vosgesinfo.fr\/saintdieinfo\/2022\/09\/fig-33e-festival-international-de-geographie-de-saint-die-vosges-a-ete-inaugure\/\",\"name\":\"FIG \u2013 Le 33e Festival International de G\u00e9ographie de Saint-Di\u00e9-des-Vosges a \u00e9t\u00e9 inaugur\u00e9 - Saint Die Info\",\"isPartOf\":{\"@id\":\"https:\/\/vosgesinfo.fr\/saintdieinfo\/#website\"},\"primaryImageOfPage\":{\"@id\":\"https:\/\/vosgesinfo.fr\/saintdieinfo\/2022\/09\/fig-33e-festival-international-de-geographie-de-saint-die-vosges-a-ete-inaugure\/#primaryimage\"},\"image\":{\"@id\":\"https:\/\/vosgesinfo.fr\/saintdieinfo\/2022\/09\/fig-33e-festival-international-de-geographie-de-saint-die-vosges-a-ete-inaugure\/#primaryimage\"},\"thumbnailUrl\":\"https:\/\/vosgesinfo.fr\/app\/uploads\/sites\/4\/2024\/08\/202209fig-ceremonie-inaugurale-2.jpg\",\"datePublished\":\"2022-09-30T18:06:10+00:00\",\"dateModified\":\"2022-09-30T18:06:10+00:00\",\"breadcrumb\":{\"@id\":\"https:\/\/vosgesinfo.fr\/saintdieinfo\/2022\/09\/fig-33e-festival-international-de-geographie-de-saint-die-vosges-a-ete-inaugure\/#breadcrumb\"},\"inLanguage\":\"fr-FR\",\"potentialAction\":[{\"@type\":\"ReadAction\",\"target\":[\"https:\/\/vosgesinfo.fr\/saintdieinfo\/2022\/09\/fig-33e-festival-international-de-geographie-de-saint-die-vosges-a-ete-inaugure\/\"]}]},{\"@type\":\"ImageObject\",\"inLanguage\":\"fr-FR\",\"@id\":\"https:\/\/vosgesinfo.fr\/saintdieinfo\/2022\/09\/fig-33e-festival-international-de-geographie-de-saint-die-vosges-a-ete-inaugure\/#primaryimage\",\"url\":\"https:\/\/vosgesinfo.fr\/app\/uploads\/sites\/4\/2024\/08\/202209fig-ceremonie-inaugurale-2.jpg\",\"contentUrl\":\"https:\/\/vosgesinfo.fr\/app\/uploads\/sites\/4\/2024\/08\/202209fig-ceremonie-inaugurale-2.jpg\",\"width\":1600,\"height\":1205},{\"@type\":\"BreadcrumbList\",\"@id\":\"https:\/\/vosgesinfo.fr\/saintdieinfo\/2022\/09\/fig-33e-festival-international-de-geographie-de-saint-die-vosges-a-ete-inaugure\/#breadcrumb\",\"itemListElement\":[{\"@type\":\"ListItem\",\"position\":1,\"name\":\"Home\",\"item\":\"https:\/\/vosgesinfo.fr\/saintdieinfo\/\"},{\"@type\":\"ListItem\",\"position\":2,\"name\":\"FIG \u2013 Le 33e Festival International de G\u00e9ographie de Saint-Di\u00e9-des-Vosges a \u00e9t\u00e9 inaugur\u00e9\"}]},{\"@type\":\"WebSite\",\"@id\":\"https:\/\/vosgesinfo.fr\/saintdieinfo\/#website\",\"url\":\"https:\/\/vosgesinfo.fr\/saintdieinfo\/\",\"name\":\"Saint Die Info\",\"description\":\"Toute l&#039;actualit\u00e9 de Saint-Di\u00e9-Des-Vosges\",\"publisher\":{\"@id\":\"https:\/\/vosgesinfo.fr\/saintdieinfo\/#organization\"},\"alternateName\":\"Toute l'actualit\u00e9 de Saint-Di\u00e9-Des-Vosges\",\"potentialAction\":[{\"@type\":\"SearchAction\",\"target\":{\"@type\":\"EntryPoint\",\"urlTemplate\":\"https:\/\/vosgesinfo.fr\/saintdieinfo\/?s={search_term_string}\"},\"query-input\":\"required name=search_term_string\"}],\"inLanguage\":\"fr-FR\"},{\"@type\":\"Organization\",\"@id\":\"https:\/\/vosgesinfo.fr\/saintdieinfo\/#organization\",\"name\":\"Saint Die Info\",\"url\":\"https:\/\/vosgesinfo.fr\/saintdieinfo\/\",\"logo\":{\"@type\":\"ImageObject\",\"inLanguage\":\"fr-FR\",\"@id\":\"https:\/\/vosgesinfo.fr\/saintdieinfo\/#\/schema\/logo\/image\/\",\"url\":\"https:\/\/vosgesinfo.fr\/app\/uploads\/sites\/4\/2024\/02\/logo-sdi.jpg\",\"contentUrl\":\"https:\/\/vosgesinfo.fr\/app\/uploads\/sites\/4\/2024\/02\/logo-sdi.jpg\",\"width\":600,\"height\":600,\"caption\":\"Saint Die Info\"},\"image\":{\"@id\":\"https:\/\/vosgesinfo.fr\/saintdieinfo\/#\/schema\/logo\/image\/\"},\"sameAs\":[\"https:\/\/www.facebook.com\/Saintdieinfofr\",\"https:\/\/x.com\/VosgesInfo88\",\"https:\/\/www.youtube.com\/@vosgesinfo\"]},{\"@type\":\"Person\",\"@id\":\"https:\/\/vosgesinfo.fr\/saintdieinfo\/#\/schema\/person\/faee6704a21f3977511db84bd1cd450f\",\"name\":\"la r\u00e9daction\",\"image\":{\"@type\":\"ImageObject\",\"inLanguage\":\"fr-FR\",\"@id\":\"https:\/\/vosgesinfo.fr\/saintdieinfo\/#\/schema\/person\/image\/\",\"url\":\"https:\/\/secure.gravatar.com\/avatar\/6673d8bc6a9c17fa9a453eaa3448de834fa308c2ec9635b7aa99441a7c8d2cf6?s=96&d=mm&r=g\",\"contentUrl\":\"https:\/\/secure.gravatar.com\/avatar\/6673d8bc6a9c17fa9a453eaa3448de834fa308c2ec9635b7aa99441a7c8d2cf6?s=96&d=mm&r=g\",\"caption\":\"la r\u00e9daction\"},\"url\":\"https:\/\/vosgesinfo.fr\/saintdieinfo\/author\/redac\/\"}]}<\/script>\n<!-- \/ Yoast SEO plugin. -->","yoast_head_json":{"title":"FIG \u2013 Le 33e Festival International de G\u00e9ographie de Saint-Di\u00e9-des-Vosges a \u00e9t\u00e9 inaugur\u00e9 - Saint Die Info","robots":{"index":"index","follow":"follow","max-snippet":"max-snippet:-1","max-image-preview":"max-image-preview:large","max-video-preview":"max-video-preview:-1"},"canonical":"https:\/\/vosgesinfo.fr\/saintdieinfo\/2022\/09\/fig-33e-festival-international-de-geographie-de-saint-die-vosges-a-ete-inaugure\/","twitter_card":"summary_large_image","twitter_title":"FIG \u2013 Le 33e Festival International de G\u00e9ographie de Saint-Di\u00e9-des-Vosges a \u00e9t\u00e9 inaugur\u00e9 - Saint Die Info","twitter_description":"Le 33e Festival International de G\u00e9ographie de Saint-Di\u00e9-des-Vosges s&rsquo;est ouvert ce vendredi matin, en ce dernier jour de septembre. Une [&hellip;]","twitter_image":"https:\/\/vosgesinfo.fr\/app\/uploads\/sites\/4\/2024\/08\/202209fig-ceremonie-inaugurale-2.jpg","twitter_creator":"@VosgesInfo88","twitter_site":"@VosgesInfo88","twitter_misc":{"\u00c9crit par":"la r\u00e9daction","Dur\u00e9e de lecture estim\u00e9e":"1 minute"},"schema":{"@context":"https:\/\/schema.org","@graph":[{"@type":"Article","@id":"https:\/\/vosgesinfo.fr\/saintdieinfo\/2022\/09\/fig-33e-festival-international-de-geographie-de-saint-die-vosges-a-ete-inaugure\/#article","isPartOf":{"@id":"https:\/\/vosgesinfo.fr\/saintdieinfo\/2022\/09\/fig-33e-festival-international-de-geographie-de-saint-die-vosges-a-ete-inaugure\/"},"author":{"name":"la r\u00e9daction","@id":"https:\/\/vosgesinfo.fr\/saintdieinfo\/#\/schema\/person\/faee6704a21f3977511db84bd1cd450f"},"headline":"FIG \u2013 Le 33e Festival International de G\u00e9ographie de Saint-Di\u00e9-des-Vosges a \u00e9t\u00e9 inaugur\u00e9","datePublished":"2022-09-30T18:06:10+00:00","dateModified":"2022-09-30T18:06:10+00:00","mainEntityOfPage":{"@id":"https:\/\/vosgesinfo.fr\/saintdieinfo\/2022\/09\/fig-33e-festival-international-de-geographie-de-saint-die-vosges-a-ete-inaugure\/"},"wordCount":317,"commentCount":0,"publisher":{"@id":"https:\/\/vosgesinfo.fr\/saintdieinfo\/#organization"},"image":{"@id":"https:\/\/vosgesinfo.fr\/saintdieinfo\/2022\/09\/fig-33e-festival-international-de-geographie-de-saint-die-vosges-a-ete-inaugure\/#primaryimage"},"thumbnailUrl":"https:\/\/vosgesinfo.fr\/app\/uploads\/sites\/4\/2024\/08\/202209fig-ceremonie-inaugurale-2.jpg","keywords":["33e Festival International de G\u00e9ographie de Saint-Di\u00e9-des-Vosges","C\u00e9r\u00e9monie inaugurale du FIG","Espace Georges-Sadoul"],"articleSection":["A la Une","Culture","Saint-Di\u00e9-des-Vosges et son Agglom\u00e9ration"],"inLanguage":"fr-FR","potentialAction":[{"@type":"CommentAction","name":"Comment","target":["https:\/\/vosgesinfo.fr\/saintdieinfo\/2022\/09\/fig-33e-festival-international-de-geographie-de-saint-die-vosges-a-ete-inaugure\/#respond"]}]},{"@type":"WebPage","@id":"https:\/\/vosgesinfo.fr\/saintdieinfo\/2022\/09\/fig-33e-festival-international-de-geographie-de-saint-die-vosges-a-ete-inaugure\/","url":"https:\/\/vosgesinfo.fr\/saintdieinfo\/2022\/09\/fig-33e-festival-international-de-geographie-de-saint-die-vosges-a-ete-inaugure\/","name":"FIG \u2013 Le 33e Festival International de G\u00e9ographie de Saint-Di\u00e9-des-Vosges a \u00e9t\u00e9 inaugur\u00e9 - Saint Die Info","isPartOf":{"@id":"https:\/\/vosgesinfo.fr\/saintdieinfo\/#website"},"primaryImageOfPage":{"@id":"https:\/\/vosgesinfo.fr\/saintdieinfo\/2022\/09\/fig-33e-festival-international-de-geographie-de-saint-die-vosges-a-ete-inaugure\/#primaryimage"},"image":{"@id":"https:\/\/vosgesinfo.fr\/saintdieinfo\/2022\/09\/fig-33e-festival-international-de-geographie-de-saint-die-vosges-a-ete-inaugure\/#primaryimage"},"thumbnailUrl":"https:\/\/vosgesinfo.fr\/app\/uploads\/sites\/4\/2024\/08\/202209fig-ceremonie-inaugurale-2.jpg","datePublished":"2022-09-30T18:06:10+00:00","dateModified":"2022-09-30T18:06:10+00:00","breadcrumb":{"@id":"https:\/\/vosgesinfo.fr\/saintdieinfo\/2022\/09\/fig-33e-festival-international-de-geographie-de-saint-die-vosges-a-ete-inaugure\/#breadcrumb"},"inLanguage":"fr-FR","potentialAction":[{"@type":"ReadAction","target":["https:\/\/vosgesinfo.fr\/saintdieinfo\/2022\/09\/fig-33e-festival-international-de-geographie-de-saint-die-vosges-a-ete-inaugure\/"]}]},{"@type":"ImageObject","inLanguage":"fr-FR","@id":"https:\/\/vosgesinfo.fr\/saintdieinfo\/2022\/09\/fig-33e-festival-international-de-geographie-de-saint-die-vosges-a-ete-inaugure\/#primaryimage","url":"https:\/\/vosgesinfo.fr\/app\/uploads\/sites\/4\/2024\/08\/202209fig-ceremonie-inaugurale-2.jpg","contentUrl":"https:\/\/vosgesinfo.fr\/app\/uploads\/sites\/4\/2024\/08\/202209fig-ceremonie-inaugurale-2.jpg","width":1600,"height":1205},{"@type":"BreadcrumbList","@id":"https:\/\/vosgesinfo.fr\/saintdieinfo\/2022\/09\/fig-33e-festival-international-de-geographie-de-saint-die-vosges-a-ete-inaugure\/#breadcrumb","itemListElement":[{"@type":"ListItem","position":1,"name":"Home","item":"https:\/\/vosgesinfo.fr\/saintdieinfo\/"},{"@type":"ListItem","position":2,"name":"FIG \u2013 Le 33e Festival International de G\u00e9ographie de Saint-Di\u00e9-des-Vosges a \u00e9t\u00e9 inaugur\u00e9"}]},{"@type":"WebSite","@id":"https:\/\/vosgesinfo.fr\/saintdieinfo\/#website","url":"https:\/\/vosgesinfo.fr\/saintdieinfo\/","name":"Saint Die Info","description":"Toute l&#039;actualit\u00e9 de Saint-Di\u00e9-Des-Vosges","publisher":{"@id":"https:\/\/vosgesinfo.fr\/saintdieinfo\/#organization"},"alternateName":"Toute l'actualit\u00e9 de Saint-Di\u00e9-Des-Vosges","potentialAction":[{"@type":"SearchAction","target":{"@type":"EntryPoint","urlTemplate":"https:\/\/vosgesinfo.fr\/saintdieinfo\/?s={search_term_string}"},"query-input":"required name=search_term_string"}],"inLanguage":"fr-FR"},{"@type":"Organization","@id":"https:\/\/vosgesinfo.fr\/saintdieinfo\/#organization","name":"Saint Die Info","url":"https:\/\/vosgesinfo.fr\/saintdieinfo\/","logo":{"@type":"ImageObject","inLanguage":"fr-FR","@id":"https:\/\/vosgesinfo.fr\/saintdieinfo\/#\/schema\/logo\/image\/","url":"https:\/\/vosgesinfo.fr\/app\/uploads\/sites\/4\/2024\/02\/logo-sdi.jpg","contentUrl":"https:\/\/vosgesinfo.fr\/app\/uploads\/sites\/4\/2024\/02\/logo-sdi.jpg","width":600,"height":600,"caption":"Saint Die Info"},"image":{"@id":"https:\/\/vosgesinfo.fr\/saintdieinfo\/#\/schema\/logo\/image\/"},"sameAs":["https:\/\/www.facebook.com\/Saintdieinfofr","https:\/\/x.com\/VosgesInfo88","https:\/\/www.youtube.com\/@vosgesinfo"]},{"@type":"Person","@id":"https:\/\/vosgesinfo.fr\/saintdieinfo\/#\/schema\/person\/faee6704a21f3977511db84bd1cd450f","name":"la r\u00e9daction","image":{"@type":"ImageObject","inLanguage":"fr-FR","@id":"https:\/\/vosgesinfo.fr\/saintdieinfo\/#\/schema\/person\/image\/","url":"https:\/\/secure.gravatar.com\/avatar\/6673d8bc6a9c17fa9a453eaa3448de834fa308c2ec9635b7aa99441a7c8d2cf6?s=96&d=mm&r=g","contentUrl":"https:\/\/secure.gravatar.com\/avatar\/6673d8bc6a9c17fa9a453eaa3448de834fa308c2ec9635b7aa99441a7c8d2cf6?s=96&d=mm&r=g","caption":"la r\u00e9daction"},"url":"https:\/\/vosgesinfo.fr\/saintdieinfo\/author\/redac\/"}]}},"_links":{"self":[{"href":"https:\/\/vosgesinfo.fr\/saintdieinfo\/wp-json\/wp\/v2\/posts\/58022","targetHints":{"allow":["GET"]}}],"collection":[{"href":"https:\/\/vosgesinfo.fr\/saintdieinfo\/wp-json\/wp\/v2\/posts"}],"about":[{"href":"https:\/\/vosgesinfo.fr\/saintdieinfo\/wp-json\/wp\/v2\/types\/post"}],"author":[{"embeddable":true,"href":"https:\/\/vosgesinfo.fr\/saintdieinfo\/wp-json\/wp\/v2\/users\/44"}],"replies":[{"embeddable":true,"href":"https:\/\/vosgesinfo.fr\/saintdieinfo\/wp-json\/wp\/v2\/comments?post=58022"}],"version-history":[{"count":0,"href":"https:\/\/vosgesinfo.fr\/saintdieinfo\/wp-json\/wp\/v2\/posts\/58022\/revisions"}],"wp:featuredmedia":[{"embeddable":true,"href":"https:\/\/vosgesinfo.fr\/saintdieinfo\/wp-json\/wp\/v2\/media\/58023"}],"wp:attachment":[{"href":"https:\/\/vosgesinfo.fr\/saintdieinfo\/wp-json\/wp\/v2\/media?parent=58022"}],"wp:term":[{"taxonomy":"category","embeddable":true,"href":"https:\/\/vosgesinfo.fr\/saintdieinfo\/wp-json\/wp\/v2\/categories?post=58022"},{"taxonomy":"post_tag","embeddable":true,"href":"https:\/\/vosgesinfo.fr\/saintdieinfo\/wp-json\/wp\/v2\/tags?post=58022"}],"curies":[{"name":"wp","href":"https:\/\/api.w.org\/{rel}","templated":true}]}}