{"id":58053,"date":"2022-10-01T12:55:03","date_gmt":"2022-10-01T10:55:03","guid":{"rendered":"https:\/\/vosgesinfo.fr\/saintdieinfo\/2022\/10\/fig-taille-arbres-de-fabien-truong-prix-amerigo-vespucci-2022\/"},"modified":"2022-10-01T12:55:03","modified_gmt":"2022-10-01T10:55:03","slug":"fig-taille-arbres-de-fabien-truong-prix-amerigo-vespucci-2022","status":"publish","type":"post","link":"https:\/\/vosgesinfo.fr\/saintdieinfo\/2022\/10\/fig-taille-arbres-de-fabien-truong-prix-amerigo-vespucci-2022\/","title":{"rendered":"FIG \u2013 \u00ab\u00a0La taille des arbres\u00a0\u00bb de Fabien Truong, prix Amerigo-Vespucci 2022"},"content":{"rendered":"<p><a href=\"\/2022\/10\/FIG-Prix_Amerigo-Vespucci_2022-5.jpg\" target=\"_blank\" rel=\"noopener\"><img decoding=\"async\" class=\"aligncenter wp-image-190432 size-large\" src=\"\/2022\/10\/FIG-Prix_Amerigo-Vespucci_2022-5-1024x771.jpg\" alt=\"FIG-Prix_Amerigo-Vespucci_2022 (5)\" width=\"960\" height=\"723\" \/><\/a><\/p>\n<h2><strong><span style=\"font-size: 14pt;\">Les laur\u00e9ats des 3 prix Amerigo-Vespucci 2022, les prix litt\u00e9raires du FIG, sont connus depuis la toute fin du mois d&rsquo;ao\u00fbt (<a href=\"https:\/\/saintdieinfo.fr\/2022\/08\/fig-laureats-prix-amerigo-vespucci-2022\/\" target=\"_blank\" rel=\"noopener\">lire notre article<\/a>). C&rsquo;est ce samedi en fin de matin\u00e9e, alors que le festival bat son plein, qu&rsquo;ils ont \u00e9t\u00e9 remis \u00e0 leurs laur\u00e9ats respectifs au Grand Salon de l&rsquo;H\u00f4tel de Ville.<\/span><\/strong><\/h2>\n<p><!--more--><\/p>\n<p>Le prix Amerigo-Vespucci vient r\u00e9compenser le ou les auteur(s) d&rsquo;un roman ou d&rsquo;un r\u00e9cit de voyage ou d&rsquo;aventure, destin\u00e9 \u00e0 un public adulte. Compos\u00e9 de journalistes, \u00e9crivains, libraires, biblioth\u00e9caires et du dernier laur\u00e9at en date, le jury a d\u00e9cern\u00e9 le prix cette ann\u00e9e \u00e0 l&rsquo;ouvrage \u00ab\u00a0La taille des arbres\u00a0\u00bb de Fabien Truong, paru aux \u00e9ditions Rivages le 9 f\u00e9vrier 2022. Le prix s&rsquo;accompagne d&rsquo;un ch\u00e8que de 1500\u20ac.<\/p>\n<h3><strong><span style=\"font-size: 12pt;\">Quatri\u00e8me de couverte de \u00ab\u00a0La taille des arbres\u00a0\u00bb\u00a0:<\/span><\/strong><\/h3>\n<p>\u00ab\u00a0Saint-Denis, Nouvelle-Cal\u00e9donie, Vietnam. Pierrot, professeur de fran\u00e7ais au lyc\u00e9e Paul Eluard, dans le 93, a r\u00e9ussi l\u2019exploit de faire le lien entre ces trois lieux plus ou moins exotiques.<\/p>\n<p>Il embarque ses \u00e9l\u00e8ves de terminale pour des voyages scolaires dont ils se souviendront toute leur vie. Et, avec eux, le narrateur : sociologue de m\u00e9tier, ce dernier nourrit alors le projet d\u2019\u00e9crire sur ces jeunes d\u00e9favoris\u00e9s qui d\u00e9couvrent un autre monde et s\u2019ouvrent \u00e0 l\u2019alt\u00e9rit\u00e9.<\/p>\n<p>L\u2019occasion aussi pour lui de revenir sur une tranche de sa propre histoire familiale : cela fait plus de vingt ans qu\u2019il n\u2019est pas retourn\u00e9 au Vietnam. Impressions de voyageset r\u00e9miniscences l\u2019encouragent \u00e0 en apprendre davantage sur le grand-p\u00e8re qu\u2019il n\u2019a jamais connu.\u00a0\u00bb<\/p>\n<p>J.J.<\/p>\n\n","protected":false},"excerpt":{"rendered":"<p>Les laur\u00e9ats des 3 prix Amerigo-Vespucci 2022, les prix litt\u00e9raires du FIG, sont connus depuis la toute fin du mois [&hellip;]<\/p>\n","protected":false},"author":44,"featured_media":58054,"comment_status":"open","ping_status":"open","sticky":false,"template":"","format":"standard","meta":{"footnotes":""},"categories":[460,7847,8090,2915],"tags":[11574,3133,12392],"class_list":["post-58053","post","type-post","status-publish","format-standard","has-post-thumbnail","hentry","category-a-la-une","category-art-culture","category-litterature","category-saint-die-son-canton","tag-33e-festival-international-de-geographie-de-saint-die-des-vosges","tag-prix-amerigo-vespucci","tag-prix-amerigo-vespucci-2022"],"acf":[],"yoast_head":"<!-- This site is optimized with the Yoast SEO plugin v22.5 - https:\/\/yoast.com\/wordpress\/plugins\/seo\/ -->\n<title>FIG \u2013 \u00ab\u00a0La taille des arbres\u00a0\u00bb de Fabien Truong, prix Amerigo-Vespucci 2022 - Saint Die Info<\/title>\n<meta name=\"robots\" content=\"index, follow, max-snippet:-1, max-image-preview:large, max-video-preview:-1\" \/>\n<link rel=\"canonical\" href=\"https:\/\/vosgesinfo.fr\/saintdieinfo\/2022\/10\/fig-taille-arbres-de-fabien-truong-prix-amerigo-vespucci-2022\/\" \/>\n<meta name=\"twitter:card\" content=\"summary_large_image\" \/>\n<meta name=\"twitter:title\" content=\"FIG \u2013 \u00ab\u00a0La taille des arbres\u00a0\u00bb de Fabien Truong, prix Amerigo-Vespucci 2022 - Saint Die Info\" \/>\n<meta name=\"twitter:description\" content=\"Les laur\u00e9ats des 3 prix Amerigo-Vespucci 2022, les prix litt\u00e9raires du FIG, sont connus depuis la toute fin du mois [&hellip;]\" \/>\n<meta name=\"twitter:image\" content=\"https:\/\/vosgesinfo.fr\/app\/uploads\/sites\/4\/2024\/08\/202210fig-prix-amerigo-vespucci-2022-5.jpg\" \/>\n<meta name=\"twitter:creator\" content=\"@VosgesInfo88\" \/>\n<meta name=\"twitter:site\" content=\"@VosgesInfo88\" \/>\n<meta name=\"twitter:label1\" content=\"\u00c9crit par\" \/>\n\t<meta name=\"twitter:data1\" content=\"la r\u00e9daction\" \/>\n\t<meta name=\"twitter:label2\" content=\"Dur\u00e9e de lecture estim\u00e9e\" \/>\n\t<meta name=\"twitter:data2\" content=\"1 minute\" \/>\n<script type=\"application\/ld+json\" class=\"yoast-schema-graph\">{\"@context\":\"https:\/\/schema.org\",\"@graph\":[{\"@type\":\"Article\",\"@id\":\"https:\/\/vosgesinfo.fr\/saintdieinfo\/2022\/10\/fig-taille-arbres-de-fabien-truong-prix-amerigo-vespucci-2022\/#article\",\"isPartOf\":{\"@id\":\"https:\/\/vosgesinfo.fr\/saintdieinfo\/2022\/10\/fig-taille-arbres-de-fabien-truong-prix-amerigo-vespucci-2022\/\"},\"author\":{\"name\":\"la r\u00e9daction\",\"@id\":\"https:\/\/vosgesinfo.fr\/saintdieinfo\/#\/schema\/person\/faee6704a21f3977511db84bd1cd450f\"},\"headline\":\"FIG \u2013 \u00ab\u00a0La taille des arbres\u00a0\u00bb de Fabien Truong, prix Amerigo-Vespucci 2022\",\"datePublished\":\"2022-10-01T10:55:03+00:00\",\"dateModified\":\"2022-10-01T10:55:03+00:00\",\"mainEntityOfPage\":{\"@id\":\"https:\/\/vosgesinfo.fr\/saintdieinfo\/2022\/10\/fig-taille-arbres-de-fabien-truong-prix-amerigo-vespucci-2022\/\"},\"wordCount\":299,\"commentCount\":0,\"publisher\":{\"@id\":\"https:\/\/vosgesinfo.fr\/saintdieinfo\/#organization\"},\"image\":{\"@id\":\"https:\/\/vosgesinfo.fr\/saintdieinfo\/2022\/10\/fig-taille-arbres-de-fabien-truong-prix-amerigo-vespucci-2022\/#primaryimage\"},\"thumbnailUrl\":\"https:\/\/vosgesinfo.fr\/app\/uploads\/sites\/4\/2024\/08\/202210fig-prix-amerigo-vespucci-2022-5.jpg\",\"keywords\":[\"33e Festival International de G\u00e9ographie de Saint-Di\u00e9-des-Vosges\",\"Prix Amerigo-Vespucci\",\"Prix Amerigo-Vespucci 2022\"],\"articleSection\":[\"A la Une\",\"Culture\",\"Litt\u00e9rature\",\"Saint-Di\u00e9-des-Vosges et son Agglom\u00e9ration\"],\"inLanguage\":\"fr-FR\",\"potentialAction\":[{\"@type\":\"CommentAction\",\"name\":\"Comment\",\"target\":[\"https:\/\/vosgesinfo.fr\/saintdieinfo\/2022\/10\/fig-taille-arbres-de-fabien-truong-prix-amerigo-vespucci-2022\/#respond\"]}]},{\"@type\":\"WebPage\",\"@id\":\"https:\/\/vosgesinfo.fr\/saintdieinfo\/2022\/10\/fig-taille-arbres-de-fabien-truong-prix-amerigo-vespucci-2022\/\",\"url\":\"https:\/\/vosgesinfo.fr\/saintdieinfo\/2022\/10\/fig-taille-arbres-de-fabien-truong-prix-amerigo-vespucci-2022\/\",\"name\":\"FIG \u2013 \u00ab\u00a0La taille des arbres\u00a0\u00bb de Fabien Truong, prix Amerigo-Vespucci 2022 - Saint Die Info\",\"isPartOf\":{\"@id\":\"https:\/\/vosgesinfo.fr\/saintdieinfo\/#website\"},\"primaryImageOfPage\":{\"@id\":\"https:\/\/vosgesinfo.fr\/saintdieinfo\/2022\/10\/fig-taille-arbres-de-fabien-truong-prix-amerigo-vespucci-2022\/#primaryimage\"},\"image\":{\"@id\":\"https:\/\/vosgesinfo.fr\/saintdieinfo\/2022\/10\/fig-taille-arbres-de-fabien-truong-prix-amerigo-vespucci-2022\/#primaryimage\"},\"thumbnailUrl\":\"https:\/\/vosgesinfo.fr\/app\/uploads\/sites\/4\/2024\/08\/202210fig-prix-amerigo-vespucci-2022-5.jpg\",\"datePublished\":\"2022-10-01T10:55:03+00:00\",\"dateModified\":\"2022-10-01T10:55:03+00:00\",\"breadcrumb\":{\"@id\":\"https:\/\/vosgesinfo.fr\/saintdieinfo\/2022\/10\/fig-taille-arbres-de-fabien-truong-prix-amerigo-vespucci-2022\/#breadcrumb\"},\"inLanguage\":\"fr-FR\",\"potentialAction\":[{\"@type\":\"ReadAction\",\"target\":[\"https:\/\/vosgesinfo.fr\/saintdieinfo\/2022\/10\/fig-taille-arbres-de-fabien-truong-prix-amerigo-vespucci-2022\/\"]}]},{\"@type\":\"ImageObject\",\"inLanguage\":\"fr-FR\",\"@id\":\"https:\/\/vosgesinfo.fr\/saintdieinfo\/2022\/10\/fig-taille-arbres-de-fabien-truong-prix-amerigo-vespucci-2022\/#primaryimage\",\"url\":\"https:\/\/vosgesinfo.fr\/app\/uploads\/sites\/4\/2024\/08\/202210fig-prix-amerigo-vespucci-2022-5.jpg\",\"contentUrl\":\"https:\/\/vosgesinfo.fr\/app\/uploads\/sites\/4\/2024\/08\/202210fig-prix-amerigo-vespucci-2022-5.jpg\",\"width\":1600,\"height\":1205},{\"@type\":\"BreadcrumbList\",\"@id\":\"https:\/\/vosgesinfo.fr\/saintdieinfo\/2022\/10\/fig-taille-arbres-de-fabien-truong-prix-amerigo-vespucci-2022\/#breadcrumb\",\"itemListElement\":[{\"@type\":\"ListItem\",\"position\":1,\"name\":\"Home\",\"item\":\"https:\/\/vosgesinfo.fr\/saintdieinfo\/\"},{\"@type\":\"ListItem\",\"position\":2,\"name\":\"FIG \u2013 \u00ab\u00a0La taille des arbres\u00a0\u00bb de Fabien Truong, prix Amerigo-Vespucci 2022\"}]},{\"@type\":\"WebSite\",\"@id\":\"https:\/\/vosgesinfo.fr\/saintdieinfo\/#website\",\"url\":\"https:\/\/vosgesinfo.fr\/saintdieinfo\/\",\"name\":\"Saint Die Info\",\"description\":\"Toute l&#039;actualit\u00e9 de Saint-Di\u00e9-Des-Vosges\",\"publisher\":{\"@id\":\"https:\/\/vosgesinfo.fr\/saintdieinfo\/#organization\"},\"alternateName\":\"Toute l'actualit\u00e9 de Saint-Di\u00e9-Des-Vosges\",\"potentialAction\":[{\"@type\":\"SearchAction\",\"target\":{\"@type\":\"EntryPoint\",\"urlTemplate\":\"https:\/\/vosgesinfo.fr\/saintdieinfo\/?s={search_term_string}\"},\"query-input\":\"required name=search_term_string\"}],\"inLanguage\":\"fr-FR\"},{\"@type\":\"Organization\",\"@id\":\"https:\/\/vosgesinfo.fr\/saintdieinfo\/#organization\",\"name\":\"Saint Die Info\",\"url\":\"https:\/\/vosgesinfo.fr\/saintdieinfo\/\",\"logo\":{\"@type\":\"ImageObject\",\"inLanguage\":\"fr-FR\",\"@id\":\"https:\/\/vosgesinfo.fr\/saintdieinfo\/#\/schema\/logo\/image\/\",\"url\":\"https:\/\/vosgesinfo.fr\/app\/uploads\/sites\/4\/2024\/02\/logo-sdi.jpg\",\"contentUrl\":\"https:\/\/vosgesinfo.fr\/app\/uploads\/sites\/4\/2024\/02\/logo-sdi.jpg\",\"width\":600,\"height\":600,\"caption\":\"Saint Die Info\"},\"image\":{\"@id\":\"https:\/\/vosgesinfo.fr\/saintdieinfo\/#\/schema\/logo\/image\/\"},\"sameAs\":[\"https:\/\/www.facebook.com\/Saintdieinfofr\",\"https:\/\/x.com\/VosgesInfo88\",\"https:\/\/www.youtube.com\/@vosgesinfo\"]},{\"@type\":\"Person\",\"@id\":\"https:\/\/vosgesinfo.fr\/saintdieinfo\/#\/schema\/person\/faee6704a21f3977511db84bd1cd450f\",\"name\":\"la r\u00e9daction\",\"image\":{\"@type\":\"ImageObject\",\"inLanguage\":\"fr-FR\",\"@id\":\"https:\/\/vosgesinfo.fr\/saintdieinfo\/#\/schema\/person\/image\/\",\"url\":\"https:\/\/secure.gravatar.com\/avatar\/6673d8bc6a9c17fa9a453eaa3448de834fa308c2ec9635b7aa99441a7c8d2cf6?s=96&d=mm&r=g\",\"contentUrl\":\"https:\/\/secure.gravatar.com\/avatar\/6673d8bc6a9c17fa9a453eaa3448de834fa308c2ec9635b7aa99441a7c8d2cf6?s=96&d=mm&r=g\",\"caption\":\"la r\u00e9daction\"},\"url\":\"https:\/\/vosgesinfo.fr\/saintdieinfo\/author\/redac\/\"}]}<\/script>\n<!-- \/ Yoast SEO plugin. -->","yoast_head_json":{"title":"FIG \u2013 \u00ab\u00a0La taille des arbres\u00a0\u00bb de Fabien Truong, prix Amerigo-Vespucci 2022 - Saint Die Info","robots":{"index":"index","follow":"follow","max-snippet":"max-snippet:-1","max-image-preview":"max-image-preview:large","max-video-preview":"max-video-preview:-1"},"canonical":"https:\/\/vosgesinfo.fr\/saintdieinfo\/2022\/10\/fig-taille-arbres-de-fabien-truong-prix-amerigo-vespucci-2022\/","twitter_card":"summary_large_image","twitter_title":"FIG \u2013 \u00ab\u00a0La taille des arbres\u00a0\u00bb de Fabien Truong, prix Amerigo-Vespucci 2022 - Saint Die Info","twitter_description":"Les laur\u00e9ats des 3 prix Amerigo-Vespucci 2022, les prix litt\u00e9raires du FIG, sont connus depuis la toute fin du mois [&hellip;]","twitter_image":"https:\/\/vosgesinfo.fr\/app\/uploads\/sites\/4\/2024\/08\/202210fig-prix-amerigo-vespucci-2022-5.jpg","twitter_creator":"@VosgesInfo88","twitter_site":"@VosgesInfo88","twitter_misc":{"\u00c9crit par":"la r\u00e9daction","Dur\u00e9e de lecture estim\u00e9e":"1 minute"},"schema":{"@context":"https:\/\/schema.org","@graph":[{"@type":"Article","@id":"https:\/\/vosgesinfo.fr\/saintdieinfo\/2022\/10\/fig-taille-arbres-de-fabien-truong-prix-amerigo-vespucci-2022\/#article","isPartOf":{"@id":"https:\/\/vosgesinfo.fr\/saintdieinfo\/2022\/10\/fig-taille-arbres-de-fabien-truong-prix-amerigo-vespucci-2022\/"},"author":{"name":"la r\u00e9daction","@id":"https:\/\/vosgesinfo.fr\/saintdieinfo\/#\/schema\/person\/faee6704a21f3977511db84bd1cd450f"},"headline":"FIG \u2013 \u00ab\u00a0La taille des arbres\u00a0\u00bb de Fabien Truong, prix Amerigo-Vespucci 2022","datePublished":"2022-10-01T10:55:03+00:00","dateModified":"2022-10-01T10:55:03+00:00","mainEntityOfPage":{"@id":"https:\/\/vosgesinfo.fr\/saintdieinfo\/2022\/10\/fig-taille-arbres-de-fabien-truong-prix-amerigo-vespucci-2022\/"},"wordCount":299,"commentCount":0,"publisher":{"@id":"https:\/\/vosgesinfo.fr\/saintdieinfo\/#organization"},"image":{"@id":"https:\/\/vosgesinfo.fr\/saintdieinfo\/2022\/10\/fig-taille-arbres-de-fabien-truong-prix-amerigo-vespucci-2022\/#primaryimage"},"thumbnailUrl":"https:\/\/vosgesinfo.fr\/app\/uploads\/sites\/4\/2024\/08\/202210fig-prix-amerigo-vespucci-2022-5.jpg","keywords":["33e Festival International de G\u00e9ographie de Saint-Di\u00e9-des-Vosges","Prix Amerigo-Vespucci","Prix Amerigo-Vespucci 2022"],"articleSection":["A la Une","Culture","Litt\u00e9rature","Saint-Di\u00e9-des-Vosges et son Agglom\u00e9ration"],"inLanguage":"fr-FR","potentialAction":[{"@type":"CommentAction","name":"Comment","target":["https:\/\/vosgesinfo.fr\/saintdieinfo\/2022\/10\/fig-taille-arbres-de-fabien-truong-prix-amerigo-vespucci-2022\/#respond"]}]},{"@type":"WebPage","@id":"https:\/\/vosgesinfo.fr\/saintdieinfo\/2022\/10\/fig-taille-arbres-de-fabien-truong-prix-amerigo-vespucci-2022\/","url":"https:\/\/vosgesinfo.fr\/saintdieinfo\/2022\/10\/fig-taille-arbres-de-fabien-truong-prix-amerigo-vespucci-2022\/","name":"FIG \u2013 \u00ab\u00a0La taille des arbres\u00a0\u00bb de Fabien Truong, prix Amerigo-Vespucci 2022 - Saint Die Info","isPartOf":{"@id":"https:\/\/vosgesinfo.fr\/saintdieinfo\/#website"},"primaryImageOfPage":{"@id":"https:\/\/vosgesinfo.fr\/saintdieinfo\/2022\/10\/fig-taille-arbres-de-fabien-truong-prix-amerigo-vespucci-2022\/#primaryimage"},"image":{"@id":"https:\/\/vosgesinfo.fr\/saintdieinfo\/2022\/10\/fig-taille-arbres-de-fabien-truong-prix-amerigo-vespucci-2022\/#primaryimage"},"thumbnailUrl":"https:\/\/vosgesinfo.fr\/app\/uploads\/sites\/4\/2024\/08\/202210fig-prix-amerigo-vespucci-2022-5.jpg","datePublished":"2022-10-01T10:55:03+00:00","dateModified":"2022-10-01T10:55:03+00:00","breadcrumb":{"@id":"https:\/\/vosgesinfo.fr\/saintdieinfo\/2022\/10\/fig-taille-arbres-de-fabien-truong-prix-amerigo-vespucci-2022\/#breadcrumb"},"inLanguage":"fr-FR","potentialAction":[{"@type":"ReadAction","target":["https:\/\/vosgesinfo.fr\/saintdieinfo\/2022\/10\/fig-taille-arbres-de-fabien-truong-prix-amerigo-vespucci-2022\/"]}]},{"@type":"ImageObject","inLanguage":"fr-FR","@id":"https:\/\/vosgesinfo.fr\/saintdieinfo\/2022\/10\/fig-taille-arbres-de-fabien-truong-prix-amerigo-vespucci-2022\/#primaryimage","url":"https:\/\/vosgesinfo.fr\/app\/uploads\/sites\/4\/2024\/08\/202210fig-prix-amerigo-vespucci-2022-5.jpg","contentUrl":"https:\/\/vosgesinfo.fr\/app\/uploads\/sites\/4\/2024\/08\/202210fig-prix-amerigo-vespucci-2022-5.jpg","width":1600,"height":1205},{"@type":"BreadcrumbList","@id":"https:\/\/vosgesinfo.fr\/saintdieinfo\/2022\/10\/fig-taille-arbres-de-fabien-truong-prix-amerigo-vespucci-2022\/#breadcrumb","itemListElement":[{"@type":"ListItem","position":1,"name":"Home","item":"https:\/\/vosgesinfo.fr\/saintdieinfo\/"},{"@type":"ListItem","position":2,"name":"FIG \u2013 \u00ab\u00a0La taille des arbres\u00a0\u00bb de Fabien Truong, prix Amerigo-Vespucci 2022"}]},{"@type":"WebSite","@id":"https:\/\/vosgesinfo.fr\/saintdieinfo\/#website","url":"https:\/\/vosgesinfo.fr\/saintdieinfo\/","name":"Saint Die Info","description":"Toute l&#039;actualit\u00e9 de Saint-Di\u00e9-Des-Vosges","publisher":{"@id":"https:\/\/vosgesinfo.fr\/saintdieinfo\/#organization"},"alternateName":"Toute l'actualit\u00e9 de Saint-Di\u00e9-Des-Vosges","potentialAction":[{"@type":"SearchAction","target":{"@type":"EntryPoint","urlTemplate":"https:\/\/vosgesinfo.fr\/saintdieinfo\/?s={search_term_string}"},"query-input":"required name=search_term_string"}],"inLanguage":"fr-FR"},{"@type":"Organization","@id":"https:\/\/vosgesinfo.fr\/saintdieinfo\/#organization","name":"Saint Die Info","url":"https:\/\/vosgesinfo.fr\/saintdieinfo\/","logo":{"@type":"ImageObject","inLanguage":"fr-FR","@id":"https:\/\/vosgesinfo.fr\/saintdieinfo\/#\/schema\/logo\/image\/","url":"https:\/\/vosgesinfo.fr\/app\/uploads\/sites\/4\/2024\/02\/logo-sdi.jpg","contentUrl":"https:\/\/vosgesinfo.fr\/app\/uploads\/sites\/4\/2024\/02\/logo-sdi.jpg","width":600,"height":600,"caption":"Saint Die Info"},"image":{"@id":"https:\/\/vosgesinfo.fr\/saintdieinfo\/#\/schema\/logo\/image\/"},"sameAs":["https:\/\/www.facebook.com\/Saintdieinfofr","https:\/\/x.com\/VosgesInfo88","https:\/\/www.youtube.com\/@vosgesinfo"]},{"@type":"Person","@id":"https:\/\/vosgesinfo.fr\/saintdieinfo\/#\/schema\/person\/faee6704a21f3977511db84bd1cd450f","name":"la r\u00e9daction","image":{"@type":"ImageObject","inLanguage":"fr-FR","@id":"https:\/\/vosgesinfo.fr\/saintdieinfo\/#\/schema\/person\/image\/","url":"https:\/\/secure.gravatar.com\/avatar\/6673d8bc6a9c17fa9a453eaa3448de834fa308c2ec9635b7aa99441a7c8d2cf6?s=96&d=mm&r=g","contentUrl":"https:\/\/secure.gravatar.com\/avatar\/6673d8bc6a9c17fa9a453eaa3448de834fa308c2ec9635b7aa99441a7c8d2cf6?s=96&d=mm&r=g","caption":"la r\u00e9daction"},"url":"https:\/\/vosgesinfo.fr\/saintdieinfo\/author\/redac\/"}]}},"_links":{"self":[{"href":"https:\/\/vosgesinfo.fr\/saintdieinfo\/wp-json\/wp\/v2\/posts\/58053","targetHints":{"allow":["GET"]}}],"collection":[{"href":"https:\/\/vosgesinfo.fr\/saintdieinfo\/wp-json\/wp\/v2\/posts"}],"about":[{"href":"https:\/\/vosgesinfo.fr\/saintdieinfo\/wp-json\/wp\/v2\/types\/post"}],"author":[{"embeddable":true,"href":"https:\/\/vosgesinfo.fr\/saintdieinfo\/wp-json\/wp\/v2\/users\/44"}],"replies":[{"embeddable":true,"href":"https:\/\/vosgesinfo.fr\/saintdieinfo\/wp-json\/wp\/v2\/comments?post=58053"}],"version-history":[{"count":0,"href":"https:\/\/vosgesinfo.fr\/saintdieinfo\/wp-json\/wp\/v2\/posts\/58053\/revisions"}],"wp:featuredmedia":[{"embeddable":true,"href":"https:\/\/vosgesinfo.fr\/saintdieinfo\/wp-json\/wp\/v2\/media\/58054"}],"wp:attachment":[{"href":"https:\/\/vosgesinfo.fr\/saintdieinfo\/wp-json\/wp\/v2\/media?parent=58053"}],"wp:term":[{"taxonomy":"category","embeddable":true,"href":"https:\/\/vosgesinfo.fr\/saintdieinfo\/wp-json\/wp\/v2\/categories?post=58053"},{"taxonomy":"post_tag","embeddable":true,"href":"https:\/\/vosgesinfo.fr\/saintdieinfo\/wp-json\/wp\/v2\/tags?post=58053"}],"curies":[{"name":"wp","href":"https:\/\/api.w.org\/{rel}","templated":true}]}}