{"id":58059,"date":"2022-10-01T13:20:43","date_gmt":"2022-10-01T11:20:43","guid":{"rendered":"https:\/\/vosgesinfo.fr\/saintdieinfo\/2022\/10\/fig-hokusai-fujisan-de-eva-bensard-daniele-catalli-remporte-prix-amerigo-vespucci-jeunesse-2022\/"},"modified":"2022-10-01T13:20:43","modified_gmt":"2022-10-01T11:20:43","slug":"fig-hokusai-fujisan-de-eva-bensard-daniele-catalli-remporte-prix-amerigo-vespucci-jeunesse-2022","status":"publish","type":"post","link":"https:\/\/vosgesinfo.fr\/saintdieinfo\/2022\/10\/fig-hokusai-fujisan-de-eva-bensard-daniele-catalli-remporte-prix-amerigo-vespucci-jeunesse-2022\/","title":{"rendered":"FIG \u2013 \u00ab\u00a0Hokusai et le Fujisan\u00a0\u00bb, de Eva Bensard et Daniele Catalli, remporte le prix Amerigo-Vespucci Jeunesse 2022"},"content":{"rendered":"<p><a href=\"\/2022\/10\/FIG-Prix_Amerigo-Vespucci_Jeunesse_2022-1.jpg\" target=\"_blank\" rel=\"noopener\"><img decoding=\"async\" class=\"aligncenter wp-image-190436 size-large\" src=\"\/2022\/10\/FIG-Prix_Amerigo-Vespucci_Jeunesse_2022-1-1024x771.jpg\" alt=\"FIG-Prix_Amerigo-Vespucci_Jeunesse_2022 (1)\" width=\"960\" height=\"723\" \/><\/a><\/p>\n<h2><strong><span style=\"font-size: 14pt;\">Le Prix Amerigo-Vespucci Jeunesse est l&rsquo;un des 3 prix litt\u00e9raires du Festival International de G\u00e9ographie de Saint-Di\u00e9-des-Vosges. Parrain\u00e9 par la Mutuelle Assurance de l&rsquo;Education \u2013 MAE \u2013 ce prix dot\u00e9 de 1500\u20ac vient r\u00e9compenser le ou les auteur(s) d&rsquo;un ouvrage destin\u00e9 aux jeunes lecteurs, qui traite des th\u00e9matiques de l&rsquo;aventure, du voyage ou des ailleurs.<\/span><\/strong><\/h2>\n<p><!--more--><\/p>\n<p>Il a \u00e9t\u00e9 attribu\u00e9 cette ann\u00e9e \u00e0 l&rsquo;ouvrage \u00ab\u00a0Hokusai et le Fujisan\u00a0\u00bb, de Eva Bensard et Daniele Catalli, paru aux \u00e9ditions Amaterra. Les 2 laur\u00e9ats ont re\u00e7u leur prix au Grand Salon de l&rsquo;H\u00f4tel de Ville en fin de matin\u00e9e ce samedi, en plein festival, en pr\u00e9sence d&rsquo;une partie des membres du jury, compos\u00e9 d&rsquo;\u00e9crivains, de journalistes, de libraires, de biblioth\u00e9caires et d&rsquo;une classe d&rsquo;\u00e9l\u00e8ves.<\/p>\n<p>\u00ab\u00a0Hokusai et le Fujisan\u00a0\u00bb est un album de 52 pages pour les lecteurs de 7 \u00e0 9 ans. Tir\u00e9 de la la collection \u00ab\u00a0L&rsquo;autre histoire\u00a0\u00bb, l&rsquo;ouvrage invite \u00e0 d\u00e9couvrir un tr\u00e9sor de notre patrimoine, via un narrateur inattendu. Le Fujisan, montagne sacr\u00e9e du Japon, raconte la vie d\u2019Hokusai, ce fou de dessin, qui l\u2019a repr\u00e9sent\u00e9 des dizaines de fois, de pr\u00e8s comme de loin, dans La Vague, \u00e0 l\u2019aube ou au cr\u00e9puscule, sous la neige ou l\u2019orage\u2026<\/p>\n<p>J.J.<\/p>\n<p><a href=\"\/2022\/10\/FIG-Prix_Amerigo-Vespucci_Jeunesse_2022-2.jpg\" target=\"_blank\" rel=\"noopener\"><img decoding=\"async\" class=\"aligncenter wp-image-190437 size-large\" src=\"\/2022\/10\/FIG-Prix_Amerigo-Vespucci_Jeunesse_2022-2-1024x771.jpg\" alt=\"FIG-Prix_Amerigo-Vespucci_Jeunesse_2022 (2)\" width=\"960\" height=\"723\" \/><\/a><\/p>\n","protected":false},"excerpt":{"rendered":"<p>Le Prix Amerigo-Vespucci Jeunesse est l&rsquo;un des 3 prix litt\u00e9raires du Festival International de G\u00e9ographie de Saint-Di\u00e9-des-Vosges. Parrain\u00e9 par la [&hellip;]<\/p>\n","protected":false},"author":44,"featured_media":58060,"comment_status":"open","ping_status":"open","sticky":false,"template":"","format":"standard","meta":{"footnotes":""},"categories":[460,7847,3532,8090,20,2915],"tags":[11574,12670,12671,12672,12673,12674],"class_list":["post-58059","post","type-post","status-publish","format-standard","has-post-thumbnail","hentry","category-a-la-une","category-art-culture","category-enfants","category-litterature","category-loisirs","category-saint-die-son-canton","tag-33e-festival-international-de-geographie-de-saint-die-des-vosges","tag-daniele-catalli","tag-editions-amaterra","tag-eva-bensard","tag-hokusai-et-le-fujisan","tag-prix-amerigo-vespucci-jeunesse-2022"],"acf":[],"yoast_head":"<!-- This site is optimized with the Yoast SEO plugin v22.5 - https:\/\/yoast.com\/wordpress\/plugins\/seo\/ -->\n<title>FIG \u2013 \u00ab\u00a0Hokusai et le Fujisan\u00a0\u00bb, de Eva Bensard et Daniele Catalli, remporte le prix Amerigo-Vespucci Jeunesse 2022 - Saint Die Info<\/title>\n<meta name=\"robots\" content=\"index, follow, max-snippet:-1, max-image-preview:large, max-video-preview:-1\" \/>\n<link rel=\"canonical\" href=\"https:\/\/vosgesinfo.fr\/saintdieinfo\/2022\/10\/fig-hokusai-fujisan-de-eva-bensard-daniele-catalli-remporte-prix-amerigo-vespucci-jeunesse-2022\/\" \/>\n<meta name=\"twitter:card\" content=\"summary_large_image\" \/>\n<meta name=\"twitter:title\" content=\"FIG \u2013 \u00ab\u00a0Hokusai et le Fujisan\u00a0\u00bb, de Eva Bensard et Daniele Catalli, remporte le prix Amerigo-Vespucci Jeunesse 2022 - Saint Die Info\" \/>\n<meta name=\"twitter:description\" content=\"Le Prix Amerigo-Vespucci Jeunesse est l&rsquo;un des 3 prix litt\u00e9raires du Festival International de G\u00e9ographie de Saint-Di\u00e9-des-Vosges. Parrain\u00e9 par la [&hellip;]\" \/>\n<meta name=\"twitter:image\" content=\"https:\/\/vosgesinfo.fr\/app\/uploads\/sites\/4\/2024\/08\/202210fig-prix-amerigo-vespucci-jeunesse-2022-1.jpg\" \/>\n<meta name=\"twitter:creator\" content=\"@VosgesInfo88\" \/>\n<meta name=\"twitter:site\" content=\"@VosgesInfo88\" \/>\n<meta name=\"twitter:label1\" content=\"\u00c9crit par\" \/>\n\t<meta name=\"twitter:data1\" content=\"la r\u00e9daction\" \/>\n\t<meta name=\"twitter:label2\" content=\"Dur\u00e9e de lecture estim\u00e9e\" \/>\n\t<meta name=\"twitter:data2\" content=\"1 minute\" \/>\n<script type=\"application\/ld+json\" class=\"yoast-schema-graph\">{\"@context\":\"https:\/\/schema.org\",\"@graph\":[{\"@type\":\"Article\",\"@id\":\"https:\/\/vosgesinfo.fr\/saintdieinfo\/2022\/10\/fig-hokusai-fujisan-de-eva-bensard-daniele-catalli-remporte-prix-amerigo-vespucci-jeunesse-2022\/#article\",\"isPartOf\":{\"@id\":\"https:\/\/vosgesinfo.fr\/saintdieinfo\/2022\/10\/fig-hokusai-fujisan-de-eva-bensard-daniele-catalli-remporte-prix-amerigo-vespucci-jeunesse-2022\/\"},\"author\":{\"name\":\"la r\u00e9daction\",\"@id\":\"https:\/\/vosgesinfo.fr\/saintdieinfo\/#\/schema\/person\/faee6704a21f3977511db84bd1cd450f\"},\"headline\":\"FIG \u2013 \u00ab\u00a0Hokusai et le Fujisan\u00a0\u00bb, de Eva Bensard et Daniele Catalli, remporte le prix Amerigo-Vespucci Jeunesse 2022\",\"datePublished\":\"2022-10-01T11:20:43+00:00\",\"dateModified\":\"2022-10-01T11:20:43+00:00\",\"mainEntityOfPage\":{\"@id\":\"https:\/\/vosgesinfo.fr\/saintdieinfo\/2022\/10\/fig-hokusai-fujisan-de-eva-bensard-daniele-catalli-remporte-prix-amerigo-vespucci-jeunesse-2022\/\"},\"wordCount\":239,\"commentCount\":0,\"publisher\":{\"@id\":\"https:\/\/vosgesinfo.fr\/saintdieinfo\/#organization\"},\"image\":{\"@id\":\"https:\/\/vosgesinfo.fr\/saintdieinfo\/2022\/10\/fig-hokusai-fujisan-de-eva-bensard-daniele-catalli-remporte-prix-amerigo-vespucci-jeunesse-2022\/#primaryimage\"},\"thumbnailUrl\":\"https:\/\/vosgesinfo.fr\/app\/uploads\/sites\/4\/2024\/08\/202210fig-prix-amerigo-vespucci-jeunesse-2022-1.jpg\",\"keywords\":[\"33e Festival International de G\u00e9ographie de Saint-Di\u00e9-des-Vosges\",\"Daniele Catalli\",\"Editions Amaterra\",\"Eva Bensard\",\"Hokusai et le Fujisan\",\"Prix Amerigo-Vespucci Jeunesse 2022\"],\"articleSection\":[\"A la Une\",\"Culture\",\"Enfants\",\"Litt\u00e9rature\",\"Loisirs\",\"Saint-Di\u00e9-des-Vosges et son Agglom\u00e9ration\"],\"inLanguage\":\"fr-FR\",\"potentialAction\":[{\"@type\":\"CommentAction\",\"name\":\"Comment\",\"target\":[\"https:\/\/vosgesinfo.fr\/saintdieinfo\/2022\/10\/fig-hokusai-fujisan-de-eva-bensard-daniele-catalli-remporte-prix-amerigo-vespucci-jeunesse-2022\/#respond\"]}]},{\"@type\":\"WebPage\",\"@id\":\"https:\/\/vosgesinfo.fr\/saintdieinfo\/2022\/10\/fig-hokusai-fujisan-de-eva-bensard-daniele-catalli-remporte-prix-amerigo-vespucci-jeunesse-2022\/\",\"url\":\"https:\/\/vosgesinfo.fr\/saintdieinfo\/2022\/10\/fig-hokusai-fujisan-de-eva-bensard-daniele-catalli-remporte-prix-amerigo-vespucci-jeunesse-2022\/\",\"name\":\"FIG \u2013 \u00ab\u00a0Hokusai et le Fujisan\u00a0\u00bb, de Eva Bensard et Daniele Catalli, remporte le prix Amerigo-Vespucci Jeunesse 2022 - Saint Die Info\",\"isPartOf\":{\"@id\":\"https:\/\/vosgesinfo.fr\/saintdieinfo\/#website\"},\"primaryImageOfPage\":{\"@id\":\"https:\/\/vosgesinfo.fr\/saintdieinfo\/2022\/10\/fig-hokusai-fujisan-de-eva-bensard-daniele-catalli-remporte-prix-amerigo-vespucci-jeunesse-2022\/#primaryimage\"},\"image\":{\"@id\":\"https:\/\/vosgesinfo.fr\/saintdieinfo\/2022\/10\/fig-hokusai-fujisan-de-eva-bensard-daniele-catalli-remporte-prix-amerigo-vespucci-jeunesse-2022\/#primaryimage\"},\"thumbnailUrl\":\"https:\/\/vosgesinfo.fr\/app\/uploads\/sites\/4\/2024\/08\/202210fig-prix-amerigo-vespucci-jeunesse-2022-1.jpg\",\"datePublished\":\"2022-10-01T11:20:43+00:00\",\"dateModified\":\"2022-10-01T11:20:43+00:00\",\"breadcrumb\":{\"@id\":\"https:\/\/vosgesinfo.fr\/saintdieinfo\/2022\/10\/fig-hokusai-fujisan-de-eva-bensard-daniele-catalli-remporte-prix-amerigo-vespucci-jeunesse-2022\/#breadcrumb\"},\"inLanguage\":\"fr-FR\",\"potentialAction\":[{\"@type\":\"ReadAction\",\"target\":[\"https:\/\/vosgesinfo.fr\/saintdieinfo\/2022\/10\/fig-hokusai-fujisan-de-eva-bensard-daniele-catalli-remporte-prix-amerigo-vespucci-jeunesse-2022\/\"]}]},{\"@type\":\"ImageObject\",\"inLanguage\":\"fr-FR\",\"@id\":\"https:\/\/vosgesinfo.fr\/saintdieinfo\/2022\/10\/fig-hokusai-fujisan-de-eva-bensard-daniele-catalli-remporte-prix-amerigo-vespucci-jeunesse-2022\/#primaryimage\",\"url\":\"https:\/\/vosgesinfo.fr\/app\/uploads\/sites\/4\/2024\/08\/202210fig-prix-amerigo-vespucci-jeunesse-2022-1.jpg\",\"contentUrl\":\"https:\/\/vosgesinfo.fr\/app\/uploads\/sites\/4\/2024\/08\/202210fig-prix-amerigo-vespucci-jeunesse-2022-1.jpg\",\"width\":1600,\"height\":1205},{\"@type\":\"BreadcrumbList\",\"@id\":\"https:\/\/vosgesinfo.fr\/saintdieinfo\/2022\/10\/fig-hokusai-fujisan-de-eva-bensard-daniele-catalli-remporte-prix-amerigo-vespucci-jeunesse-2022\/#breadcrumb\",\"itemListElement\":[{\"@type\":\"ListItem\",\"position\":1,\"name\":\"Home\",\"item\":\"https:\/\/vosgesinfo.fr\/saintdieinfo\/\"},{\"@type\":\"ListItem\",\"position\":2,\"name\":\"FIG \u2013 \u00ab\u00a0Hokusai et le Fujisan\u00a0\u00bb, de Eva Bensard et Daniele Catalli, remporte le prix Amerigo-Vespucci Jeunesse 2022\"}]},{\"@type\":\"WebSite\",\"@id\":\"https:\/\/vosgesinfo.fr\/saintdieinfo\/#website\",\"url\":\"https:\/\/vosgesinfo.fr\/saintdieinfo\/\",\"name\":\"Saint Die Info\",\"description\":\"Toute l&#039;actualit\u00e9 de Saint-Di\u00e9-Des-Vosges\",\"publisher\":{\"@id\":\"https:\/\/vosgesinfo.fr\/saintdieinfo\/#organization\"},\"alternateName\":\"Toute l'actualit\u00e9 de Saint-Di\u00e9-Des-Vosges\",\"potentialAction\":[{\"@type\":\"SearchAction\",\"target\":{\"@type\":\"EntryPoint\",\"urlTemplate\":\"https:\/\/vosgesinfo.fr\/saintdieinfo\/?s={search_term_string}\"},\"query-input\":\"required name=search_term_string\"}],\"inLanguage\":\"fr-FR\"},{\"@type\":\"Organization\",\"@id\":\"https:\/\/vosgesinfo.fr\/saintdieinfo\/#organization\",\"name\":\"Saint Die Info\",\"url\":\"https:\/\/vosgesinfo.fr\/saintdieinfo\/\",\"logo\":{\"@type\":\"ImageObject\",\"inLanguage\":\"fr-FR\",\"@id\":\"https:\/\/vosgesinfo.fr\/saintdieinfo\/#\/schema\/logo\/image\/\",\"url\":\"https:\/\/vosgesinfo.fr\/app\/uploads\/sites\/4\/2024\/02\/logo-sdi.jpg\",\"contentUrl\":\"https:\/\/vosgesinfo.fr\/app\/uploads\/sites\/4\/2024\/02\/logo-sdi.jpg\",\"width\":600,\"height\":600,\"caption\":\"Saint Die Info\"},\"image\":{\"@id\":\"https:\/\/vosgesinfo.fr\/saintdieinfo\/#\/schema\/logo\/image\/\"},\"sameAs\":[\"https:\/\/www.facebook.com\/Saintdieinfofr\",\"https:\/\/x.com\/VosgesInfo88\",\"https:\/\/www.youtube.com\/@vosgesinfo\"]},{\"@type\":\"Person\",\"@id\":\"https:\/\/vosgesinfo.fr\/saintdieinfo\/#\/schema\/person\/faee6704a21f3977511db84bd1cd450f\",\"name\":\"la r\u00e9daction\",\"image\":{\"@type\":\"ImageObject\",\"inLanguage\":\"fr-FR\",\"@id\":\"https:\/\/vosgesinfo.fr\/saintdieinfo\/#\/schema\/person\/image\/\",\"url\":\"https:\/\/secure.gravatar.com\/avatar\/6673d8bc6a9c17fa9a453eaa3448de834fa308c2ec9635b7aa99441a7c8d2cf6?s=96&d=mm&r=g\",\"contentUrl\":\"https:\/\/secure.gravatar.com\/avatar\/6673d8bc6a9c17fa9a453eaa3448de834fa308c2ec9635b7aa99441a7c8d2cf6?s=96&d=mm&r=g\",\"caption\":\"la r\u00e9daction\"},\"url\":\"https:\/\/vosgesinfo.fr\/saintdieinfo\/author\/redac\/\"}]}<\/script>\n<!-- \/ Yoast SEO plugin. -->","yoast_head_json":{"title":"FIG \u2013 \u00ab\u00a0Hokusai et le Fujisan\u00a0\u00bb, de Eva Bensard et Daniele Catalli, remporte le prix Amerigo-Vespucci Jeunesse 2022 - Saint Die Info","robots":{"index":"index","follow":"follow","max-snippet":"max-snippet:-1","max-image-preview":"max-image-preview:large","max-video-preview":"max-video-preview:-1"},"canonical":"https:\/\/vosgesinfo.fr\/saintdieinfo\/2022\/10\/fig-hokusai-fujisan-de-eva-bensard-daniele-catalli-remporte-prix-amerigo-vespucci-jeunesse-2022\/","twitter_card":"summary_large_image","twitter_title":"FIG \u2013 \u00ab\u00a0Hokusai et le Fujisan\u00a0\u00bb, de Eva Bensard et Daniele Catalli, remporte le prix Amerigo-Vespucci Jeunesse 2022 - Saint Die Info","twitter_description":"Le Prix Amerigo-Vespucci Jeunesse est l&rsquo;un des 3 prix litt\u00e9raires du Festival International de G\u00e9ographie de Saint-Di\u00e9-des-Vosges. Parrain\u00e9 par la [&hellip;]","twitter_image":"https:\/\/vosgesinfo.fr\/app\/uploads\/sites\/4\/2024\/08\/202210fig-prix-amerigo-vespucci-jeunesse-2022-1.jpg","twitter_creator":"@VosgesInfo88","twitter_site":"@VosgesInfo88","twitter_misc":{"\u00c9crit par":"la r\u00e9daction","Dur\u00e9e de lecture estim\u00e9e":"1 minute"},"schema":{"@context":"https:\/\/schema.org","@graph":[{"@type":"Article","@id":"https:\/\/vosgesinfo.fr\/saintdieinfo\/2022\/10\/fig-hokusai-fujisan-de-eva-bensard-daniele-catalli-remporte-prix-amerigo-vespucci-jeunesse-2022\/#article","isPartOf":{"@id":"https:\/\/vosgesinfo.fr\/saintdieinfo\/2022\/10\/fig-hokusai-fujisan-de-eva-bensard-daniele-catalli-remporte-prix-amerigo-vespucci-jeunesse-2022\/"},"author":{"name":"la r\u00e9daction","@id":"https:\/\/vosgesinfo.fr\/saintdieinfo\/#\/schema\/person\/faee6704a21f3977511db84bd1cd450f"},"headline":"FIG \u2013 \u00ab\u00a0Hokusai et le Fujisan\u00a0\u00bb, de Eva Bensard et Daniele Catalli, remporte le prix Amerigo-Vespucci Jeunesse 2022","datePublished":"2022-10-01T11:20:43+00:00","dateModified":"2022-10-01T11:20:43+00:00","mainEntityOfPage":{"@id":"https:\/\/vosgesinfo.fr\/saintdieinfo\/2022\/10\/fig-hokusai-fujisan-de-eva-bensard-daniele-catalli-remporte-prix-amerigo-vespucci-jeunesse-2022\/"},"wordCount":239,"commentCount":0,"publisher":{"@id":"https:\/\/vosgesinfo.fr\/saintdieinfo\/#organization"},"image":{"@id":"https:\/\/vosgesinfo.fr\/saintdieinfo\/2022\/10\/fig-hokusai-fujisan-de-eva-bensard-daniele-catalli-remporte-prix-amerigo-vespucci-jeunesse-2022\/#primaryimage"},"thumbnailUrl":"https:\/\/vosgesinfo.fr\/app\/uploads\/sites\/4\/2024\/08\/202210fig-prix-amerigo-vespucci-jeunesse-2022-1.jpg","keywords":["33e Festival International de G\u00e9ographie de Saint-Di\u00e9-des-Vosges","Daniele Catalli","Editions Amaterra","Eva Bensard","Hokusai et le Fujisan","Prix Amerigo-Vespucci Jeunesse 2022"],"articleSection":["A la Une","Culture","Enfants","Litt\u00e9rature","Loisirs","Saint-Di\u00e9-des-Vosges et son Agglom\u00e9ration"],"inLanguage":"fr-FR","potentialAction":[{"@type":"CommentAction","name":"Comment","target":["https:\/\/vosgesinfo.fr\/saintdieinfo\/2022\/10\/fig-hokusai-fujisan-de-eva-bensard-daniele-catalli-remporte-prix-amerigo-vespucci-jeunesse-2022\/#respond"]}]},{"@type":"WebPage","@id":"https:\/\/vosgesinfo.fr\/saintdieinfo\/2022\/10\/fig-hokusai-fujisan-de-eva-bensard-daniele-catalli-remporte-prix-amerigo-vespucci-jeunesse-2022\/","url":"https:\/\/vosgesinfo.fr\/saintdieinfo\/2022\/10\/fig-hokusai-fujisan-de-eva-bensard-daniele-catalli-remporte-prix-amerigo-vespucci-jeunesse-2022\/","name":"FIG \u2013 \u00ab\u00a0Hokusai et le Fujisan\u00a0\u00bb, de Eva Bensard et Daniele Catalli, remporte le prix Amerigo-Vespucci Jeunesse 2022 - Saint Die Info","isPartOf":{"@id":"https:\/\/vosgesinfo.fr\/saintdieinfo\/#website"},"primaryImageOfPage":{"@id":"https:\/\/vosgesinfo.fr\/saintdieinfo\/2022\/10\/fig-hokusai-fujisan-de-eva-bensard-daniele-catalli-remporte-prix-amerigo-vespucci-jeunesse-2022\/#primaryimage"},"image":{"@id":"https:\/\/vosgesinfo.fr\/saintdieinfo\/2022\/10\/fig-hokusai-fujisan-de-eva-bensard-daniele-catalli-remporte-prix-amerigo-vespucci-jeunesse-2022\/#primaryimage"},"thumbnailUrl":"https:\/\/vosgesinfo.fr\/app\/uploads\/sites\/4\/2024\/08\/202210fig-prix-amerigo-vespucci-jeunesse-2022-1.jpg","datePublished":"2022-10-01T11:20:43+00:00","dateModified":"2022-10-01T11:20:43+00:00","breadcrumb":{"@id":"https:\/\/vosgesinfo.fr\/saintdieinfo\/2022\/10\/fig-hokusai-fujisan-de-eva-bensard-daniele-catalli-remporte-prix-amerigo-vespucci-jeunesse-2022\/#breadcrumb"},"inLanguage":"fr-FR","potentialAction":[{"@type":"ReadAction","target":["https:\/\/vosgesinfo.fr\/saintdieinfo\/2022\/10\/fig-hokusai-fujisan-de-eva-bensard-daniele-catalli-remporte-prix-amerigo-vespucci-jeunesse-2022\/"]}]},{"@type":"ImageObject","inLanguage":"fr-FR","@id":"https:\/\/vosgesinfo.fr\/saintdieinfo\/2022\/10\/fig-hokusai-fujisan-de-eva-bensard-daniele-catalli-remporte-prix-amerigo-vespucci-jeunesse-2022\/#primaryimage","url":"https:\/\/vosgesinfo.fr\/app\/uploads\/sites\/4\/2024\/08\/202210fig-prix-amerigo-vespucci-jeunesse-2022-1.jpg","contentUrl":"https:\/\/vosgesinfo.fr\/app\/uploads\/sites\/4\/2024\/08\/202210fig-prix-amerigo-vespucci-jeunesse-2022-1.jpg","width":1600,"height":1205},{"@type":"BreadcrumbList","@id":"https:\/\/vosgesinfo.fr\/saintdieinfo\/2022\/10\/fig-hokusai-fujisan-de-eva-bensard-daniele-catalli-remporte-prix-amerigo-vespucci-jeunesse-2022\/#breadcrumb","itemListElement":[{"@type":"ListItem","position":1,"name":"Home","item":"https:\/\/vosgesinfo.fr\/saintdieinfo\/"},{"@type":"ListItem","position":2,"name":"FIG \u2013 \u00ab\u00a0Hokusai et le Fujisan\u00a0\u00bb, de Eva Bensard et Daniele Catalli, remporte le prix Amerigo-Vespucci Jeunesse 2022"}]},{"@type":"WebSite","@id":"https:\/\/vosgesinfo.fr\/saintdieinfo\/#website","url":"https:\/\/vosgesinfo.fr\/saintdieinfo\/","name":"Saint Die Info","description":"Toute l&#039;actualit\u00e9 de Saint-Di\u00e9-Des-Vosges","publisher":{"@id":"https:\/\/vosgesinfo.fr\/saintdieinfo\/#organization"},"alternateName":"Toute l'actualit\u00e9 de Saint-Di\u00e9-Des-Vosges","potentialAction":[{"@type":"SearchAction","target":{"@type":"EntryPoint","urlTemplate":"https:\/\/vosgesinfo.fr\/saintdieinfo\/?s={search_term_string}"},"query-input":"required name=search_term_string"}],"inLanguage":"fr-FR"},{"@type":"Organization","@id":"https:\/\/vosgesinfo.fr\/saintdieinfo\/#organization","name":"Saint Die Info","url":"https:\/\/vosgesinfo.fr\/saintdieinfo\/","logo":{"@type":"ImageObject","inLanguage":"fr-FR","@id":"https:\/\/vosgesinfo.fr\/saintdieinfo\/#\/schema\/logo\/image\/","url":"https:\/\/vosgesinfo.fr\/app\/uploads\/sites\/4\/2024\/02\/logo-sdi.jpg","contentUrl":"https:\/\/vosgesinfo.fr\/app\/uploads\/sites\/4\/2024\/02\/logo-sdi.jpg","width":600,"height":600,"caption":"Saint Die Info"},"image":{"@id":"https:\/\/vosgesinfo.fr\/saintdieinfo\/#\/schema\/logo\/image\/"},"sameAs":["https:\/\/www.facebook.com\/Saintdieinfofr","https:\/\/x.com\/VosgesInfo88","https:\/\/www.youtube.com\/@vosgesinfo"]},{"@type":"Person","@id":"https:\/\/vosgesinfo.fr\/saintdieinfo\/#\/schema\/person\/faee6704a21f3977511db84bd1cd450f","name":"la r\u00e9daction","image":{"@type":"ImageObject","inLanguage":"fr-FR","@id":"https:\/\/vosgesinfo.fr\/saintdieinfo\/#\/schema\/person\/image\/","url":"https:\/\/secure.gravatar.com\/avatar\/6673d8bc6a9c17fa9a453eaa3448de834fa308c2ec9635b7aa99441a7c8d2cf6?s=96&d=mm&r=g","contentUrl":"https:\/\/secure.gravatar.com\/avatar\/6673d8bc6a9c17fa9a453eaa3448de834fa308c2ec9635b7aa99441a7c8d2cf6?s=96&d=mm&r=g","caption":"la r\u00e9daction"},"url":"https:\/\/vosgesinfo.fr\/saintdieinfo\/author\/redac\/"}]}},"_links":{"self":[{"href":"https:\/\/vosgesinfo.fr\/saintdieinfo\/wp-json\/wp\/v2\/posts\/58059","targetHints":{"allow":["GET"]}}],"collection":[{"href":"https:\/\/vosgesinfo.fr\/saintdieinfo\/wp-json\/wp\/v2\/posts"}],"about":[{"href":"https:\/\/vosgesinfo.fr\/saintdieinfo\/wp-json\/wp\/v2\/types\/post"}],"author":[{"embeddable":true,"href":"https:\/\/vosgesinfo.fr\/saintdieinfo\/wp-json\/wp\/v2\/users\/44"}],"replies":[{"embeddable":true,"href":"https:\/\/vosgesinfo.fr\/saintdieinfo\/wp-json\/wp\/v2\/comments?post=58059"}],"version-history":[{"count":0,"href":"https:\/\/vosgesinfo.fr\/saintdieinfo\/wp-json\/wp\/v2\/posts\/58059\/revisions"}],"wp:featuredmedia":[{"embeddable":true,"href":"https:\/\/vosgesinfo.fr\/saintdieinfo\/wp-json\/wp\/v2\/media\/58060"}],"wp:attachment":[{"href":"https:\/\/vosgesinfo.fr\/saintdieinfo\/wp-json\/wp\/v2\/media?parent=58059"}],"wp:term":[{"taxonomy":"category","embeddable":true,"href":"https:\/\/vosgesinfo.fr\/saintdieinfo\/wp-json\/wp\/v2\/categories?post=58059"},{"taxonomy":"post_tag","embeddable":true,"href":"https:\/\/vosgesinfo.fr\/saintdieinfo\/wp-json\/wp\/v2\/tags?post=58059"}],"curies":[{"name":"wp","href":"https:\/\/api.w.org\/{rel}","templated":true}]}}