{"id":58104,"date":"2022-10-02T13:12:22","date_gmt":"2022-10-02T11:12:22","guid":{"rendered":"https:\/\/vosgesinfo.fr\/saintdieinfo\/2022\/10\/fig-nora-nafaa-laureate-prix-de-these-cnfg-2022\/"},"modified":"2022-10-02T13:12:22","modified_gmt":"2022-10-02T11:12:22","slug":"fig-nora-nafaa-laureate-prix-de-these-cnfg-2022","status":"publish","type":"post","link":"https:\/\/vosgesinfo.fr\/saintdieinfo\/2022\/10\/fig-nora-nafaa-laureate-prix-de-these-cnfg-2022\/","title":{"rendered":"FIG \u2013 Nora Nafaa est laur\u00e9ate du prix de la th\u00e8se CNFG 2022"},"content":{"rendered":"<h2><strong><span style=\"font-size: 14pt;\">Depuis 2003, le prix de la th\u00e8se du Comit\u00e9 National Fran\u00e7ais de la G\u00e9ographie \u2013 CNFG \u2013 vient chaque ann\u00e9e r\u00e9compenser le travail de 3 doctorants en G\u00e9ographie. C&rsquo;est ce dimanche matin, lors du 33e Festival International de G\u00e9ographie, que les prix des th\u00e8ses CNFG 2022 ont \u00e9t\u00e9 remis \u00e0 leurs laur\u00e9ats, au Grand Salon de l&rsquo;H\u00f4tel de Ville.<\/span><\/strong><\/h2>\n<p><!--more--><\/p>\n<p><a href=\"\/2022\/10\/FIG-Prix_Th\u00e8ses_CNFG_2022-3.jpg\" target=\"_blank\" rel=\"noopener\"><img decoding=\"async\" class=\"aligncenter wp-image-190483 size-large\" src=\"\/2022\/10\/FIG-Prix_Th\u00e8ses_CNFG_2022-3-1024x771.jpg\" alt=\"FIG-Prix_Th\u00e8ses_CNFG_2022 (3)\" width=\"960\" height=\"723\" \/><\/a><\/p>\n<p>Le prix, qui s&rsquo;accompagne d&rsquo;un ch\u00e8que de 1000\u20ac, a \u00e9t\u00e9 attribu\u00e9 cette ann\u00e9e \u00e0 Nora Nafaa, pour sa th\u00e8se intitul\u00e9e \u00ab\u00a0D\u00e9poss\u00e9der l&rsquo;\u00e9cole pour servir la ville n\u00e9olib\u00e9rale aux Etats-Unis\u00a0: les cas d&rsquo;Atlanta et de Philadelphie\u00a0\u00bb. Une th\u00e8se soutenue \u00e0 l&rsquo;Universit\u00e9 de Perpignan.<\/p>\n<p><a href=\"\/2022\/10\/FIG-Prix_Th\u00e8ses_CNFG_2022-2.jpg\" target=\"_blank\" rel=\"noopener\"><img decoding=\"async\" class=\"aligncenter wp-image-190482 size-large\" src=\"\/2022\/10\/FIG-Prix_Th\u00e8ses_CNFG_2022-2-1024x771.jpg\" alt=\"FIG-Prix_Th\u00e8ses_CNFG_2022 (2)\" width=\"960\" height=\"723\" \/><\/a><\/p>\n<p>Aude Le Gallou est 1er accessit, pour sa th\u00e8se soutenue \u00e0 l&rsquo;Universit\u00e9 Paris 1 Panth\u00e9on Sorbonne, \u00ab\u00a0G\u00e9ographie des lieux abandonn\u00e9s. De l&rsquo;urbex au tourisme de l&rsquo;abandon\u00a0: perspectives crois\u00e9es \u00e0 partir de Berlin et Detroit.\u00a0\u00bb<\/p>\n<p><a href=\"\/2022\/10\/FIG-Prix_Th\u00e8ses_CNFG_2022-1.jpg\" target=\"_blank\" rel=\"noopener\"><img decoding=\"async\" class=\"aligncenter wp-image-190481 size-large\" src=\"\/2022\/10\/FIG-Prix_Th\u00e8ses_CNFG_2022-1-1024x771.jpg\" alt=\"FIG-Prix_Th\u00e8ses_CNFG_2022 (1)\" width=\"960\" height=\"723\" \/><\/a><\/p>\n<p>Elsa Fil\u00e2tre est quant \u00e0 elle 2e accessit 2022, pour sa th\u00e8se \u00ab\u00a0D\u00e9velopper la conscience g\u00e9ographique des \u00e9l\u00e8ves en enseignants \u00e0 partir de l&rsquo;espace proche\u00a0\u00bb, soutenue \u00e0 l&rsquo;Universit\u00e9 de Toulouse Jean-Jaur\u00e8s.<\/p>\n<p>J.J.<\/p>\n","protected":false},"excerpt":{"rendered":"<p>Depuis 2003, le prix de la th\u00e8se du Comit\u00e9 National Fran\u00e7ais de la G\u00e9ographie \u2013 CNFG \u2013 vient chaque ann\u00e9e [&hellip;]<\/p>\n","protected":false},"author":44,"featured_media":58105,"comment_status":"open","ping_status":"open","sticky":false,"template":"","format":"standard","meta":{"footnotes":""},"categories":[460,7847,2915],"tags":[11574,12681,9014,12682,12683,12684,12685],"class_list":["post-58104","post","type-post","status-publish","format-standard","has-post-thumbnail","hentry","category-a-la-une","category-art-culture","category-saint-die-son-canton","tag-33e-festival-international-de-geographie-de-saint-die-des-vosges","tag-aude-le-gallou","tag-cnfg","tag-comite-national-francais-de-la-geographie","tag-elsa-filatre","tag-nora-nafaa","tag-prix-de-la-these-cnfg-2022"],"acf":[],"yoast_head":"<!-- This site is optimized with the Yoast SEO plugin v22.5 - https:\/\/yoast.com\/wordpress\/plugins\/seo\/ -->\n<title>FIG \u2013 Nora Nafaa est laur\u00e9ate du prix de la th\u00e8se CNFG 2022 - Saint Die Info<\/title>\n<meta name=\"robots\" content=\"index, follow, max-snippet:-1, max-image-preview:large, max-video-preview:-1\" \/>\n<link rel=\"canonical\" href=\"https:\/\/vosgesinfo.fr\/saintdieinfo\/2022\/10\/fig-nora-nafaa-laureate-prix-de-these-cnfg-2022\/\" \/>\n<meta name=\"twitter:card\" content=\"summary_large_image\" \/>\n<meta name=\"twitter:title\" content=\"FIG \u2013 Nora Nafaa est laur\u00e9ate du prix de la th\u00e8se CNFG 2022 - Saint Die Info\" \/>\n<meta name=\"twitter:description\" content=\"Depuis 2003, le prix de la th\u00e8se du Comit\u00e9 National Fran\u00e7ais de la G\u00e9ographie \u2013 CNFG \u2013 vient chaque ann\u00e9e [&hellip;]\" \/>\n<meta name=\"twitter:image\" content=\"https:\/\/vosgesinfo.fr\/app\/uploads\/sites\/4\/2024\/08\/202210fig-prix-theses-cnfg-2022-3-1.jpg\" \/>\n<meta name=\"twitter:creator\" content=\"@VosgesInfo88\" \/>\n<meta name=\"twitter:site\" content=\"@VosgesInfo88\" \/>\n<meta name=\"twitter:label1\" content=\"\u00c9crit par\" \/>\n\t<meta name=\"twitter:data1\" content=\"la r\u00e9daction\" \/>\n\t<meta name=\"twitter:label2\" content=\"Dur\u00e9e de lecture estim\u00e9e\" \/>\n\t<meta name=\"twitter:data2\" content=\"1 minute\" \/>\n<script type=\"application\/ld+json\" class=\"yoast-schema-graph\">{\"@context\":\"https:\/\/schema.org\",\"@graph\":[{\"@type\":\"Article\",\"@id\":\"https:\/\/vosgesinfo.fr\/saintdieinfo\/2022\/10\/fig-nora-nafaa-laureate-prix-de-these-cnfg-2022\/#article\",\"isPartOf\":{\"@id\":\"https:\/\/vosgesinfo.fr\/saintdieinfo\/2022\/10\/fig-nora-nafaa-laureate-prix-de-these-cnfg-2022\/\"},\"author\":{\"name\":\"la r\u00e9daction\",\"@id\":\"https:\/\/vosgesinfo.fr\/saintdieinfo\/#\/schema\/person\/faee6704a21f3977511db84bd1cd450f\"},\"headline\":\"FIG \u2013 Nora Nafaa est laur\u00e9ate du prix de la th\u00e8se CNFG 2022\",\"datePublished\":\"2022-10-02T11:12:22+00:00\",\"dateModified\":\"2022-10-02T11:12:22+00:00\",\"mainEntityOfPage\":{\"@id\":\"https:\/\/vosgesinfo.fr\/saintdieinfo\/2022\/10\/fig-nora-nafaa-laureate-prix-de-these-cnfg-2022\/\"},\"wordCount\":207,\"commentCount\":0,\"publisher\":{\"@id\":\"https:\/\/vosgesinfo.fr\/saintdieinfo\/#organization\"},\"image\":{\"@id\":\"https:\/\/vosgesinfo.fr\/saintdieinfo\/2022\/10\/fig-nora-nafaa-laureate-prix-de-these-cnfg-2022\/#primaryimage\"},\"thumbnailUrl\":\"https:\/\/vosgesinfo.fr\/app\/uploads\/sites\/4\/2024\/08\/202210fig-prix-theses-cnfg-2022-3-1.jpg\",\"keywords\":[\"33e Festival International de G\u00e9ographie de Saint-Di\u00e9-des-Vosges\",\"Aude Le Gallou\",\"CNFG\",\"Comit\u00e9 National Fran\u00e7ais de la G\u00e9ographie\",\"Elsa Fil\u00e2tre\",\"Nora Nafaa\",\"Prix de la th\u00e8se CNFG 2022\"],\"articleSection\":[\"A la Une\",\"Culture\",\"Saint-Di\u00e9-des-Vosges et son Agglom\u00e9ration\"],\"inLanguage\":\"fr-FR\",\"potentialAction\":[{\"@type\":\"CommentAction\",\"name\":\"Comment\",\"target\":[\"https:\/\/vosgesinfo.fr\/saintdieinfo\/2022\/10\/fig-nora-nafaa-laureate-prix-de-these-cnfg-2022\/#respond\"]}]},{\"@type\":\"WebPage\",\"@id\":\"https:\/\/vosgesinfo.fr\/saintdieinfo\/2022\/10\/fig-nora-nafaa-laureate-prix-de-these-cnfg-2022\/\",\"url\":\"https:\/\/vosgesinfo.fr\/saintdieinfo\/2022\/10\/fig-nora-nafaa-laureate-prix-de-these-cnfg-2022\/\",\"name\":\"FIG \u2013 Nora Nafaa est laur\u00e9ate du prix de la th\u00e8se CNFG 2022 - Saint Die Info\",\"isPartOf\":{\"@id\":\"https:\/\/vosgesinfo.fr\/saintdieinfo\/#website\"},\"primaryImageOfPage\":{\"@id\":\"https:\/\/vosgesinfo.fr\/saintdieinfo\/2022\/10\/fig-nora-nafaa-laureate-prix-de-these-cnfg-2022\/#primaryimage\"},\"image\":{\"@id\":\"https:\/\/vosgesinfo.fr\/saintdieinfo\/2022\/10\/fig-nora-nafaa-laureate-prix-de-these-cnfg-2022\/#primaryimage\"},\"thumbnailUrl\":\"https:\/\/vosgesinfo.fr\/app\/uploads\/sites\/4\/2024\/08\/202210fig-prix-theses-cnfg-2022-3-1.jpg\",\"datePublished\":\"2022-10-02T11:12:22+00:00\",\"dateModified\":\"2022-10-02T11:12:22+00:00\",\"breadcrumb\":{\"@id\":\"https:\/\/vosgesinfo.fr\/saintdieinfo\/2022\/10\/fig-nora-nafaa-laureate-prix-de-these-cnfg-2022\/#breadcrumb\"},\"inLanguage\":\"fr-FR\",\"potentialAction\":[{\"@type\":\"ReadAction\",\"target\":[\"https:\/\/vosgesinfo.fr\/saintdieinfo\/2022\/10\/fig-nora-nafaa-laureate-prix-de-these-cnfg-2022\/\"]}]},{\"@type\":\"ImageObject\",\"inLanguage\":\"fr-FR\",\"@id\":\"https:\/\/vosgesinfo.fr\/saintdieinfo\/2022\/10\/fig-nora-nafaa-laureate-prix-de-these-cnfg-2022\/#primaryimage\",\"url\":\"https:\/\/vosgesinfo.fr\/app\/uploads\/sites\/4\/2024\/08\/202210fig-prix-theses-cnfg-2022-3-1.jpg\",\"contentUrl\":\"https:\/\/vosgesinfo.fr\/app\/uploads\/sites\/4\/2024\/08\/202210fig-prix-theses-cnfg-2022-3-1.jpg\",\"width\":1600,\"height\":1205},{\"@type\":\"BreadcrumbList\",\"@id\":\"https:\/\/vosgesinfo.fr\/saintdieinfo\/2022\/10\/fig-nora-nafaa-laureate-prix-de-these-cnfg-2022\/#breadcrumb\",\"itemListElement\":[{\"@type\":\"ListItem\",\"position\":1,\"name\":\"Home\",\"item\":\"https:\/\/vosgesinfo.fr\/saintdieinfo\/\"},{\"@type\":\"ListItem\",\"position\":2,\"name\":\"FIG \u2013 Nora Nafaa est laur\u00e9ate du prix de la th\u00e8se CNFG 2022\"}]},{\"@type\":\"WebSite\",\"@id\":\"https:\/\/vosgesinfo.fr\/saintdieinfo\/#website\",\"url\":\"https:\/\/vosgesinfo.fr\/saintdieinfo\/\",\"name\":\"Saint Die Info\",\"description\":\"Toute l&#039;actualit\u00e9 de Saint-Di\u00e9-Des-Vosges\",\"publisher\":{\"@id\":\"https:\/\/vosgesinfo.fr\/saintdieinfo\/#organization\"},\"alternateName\":\"Toute l'actualit\u00e9 de Saint-Di\u00e9-Des-Vosges\",\"potentialAction\":[{\"@type\":\"SearchAction\",\"target\":{\"@type\":\"EntryPoint\",\"urlTemplate\":\"https:\/\/vosgesinfo.fr\/saintdieinfo\/?s={search_term_string}\"},\"query-input\":\"required name=search_term_string\"}],\"inLanguage\":\"fr-FR\"},{\"@type\":\"Organization\",\"@id\":\"https:\/\/vosgesinfo.fr\/saintdieinfo\/#organization\",\"name\":\"Saint Die Info\",\"url\":\"https:\/\/vosgesinfo.fr\/saintdieinfo\/\",\"logo\":{\"@type\":\"ImageObject\",\"inLanguage\":\"fr-FR\",\"@id\":\"https:\/\/vosgesinfo.fr\/saintdieinfo\/#\/schema\/logo\/image\/\",\"url\":\"https:\/\/vosgesinfo.fr\/app\/uploads\/sites\/4\/2024\/02\/logo-sdi.jpg\",\"contentUrl\":\"https:\/\/vosgesinfo.fr\/app\/uploads\/sites\/4\/2024\/02\/logo-sdi.jpg\",\"width\":600,\"height\":600,\"caption\":\"Saint Die Info\"},\"image\":{\"@id\":\"https:\/\/vosgesinfo.fr\/saintdieinfo\/#\/schema\/logo\/image\/\"},\"sameAs\":[\"https:\/\/www.facebook.com\/Saintdieinfofr\",\"https:\/\/x.com\/VosgesInfo88\",\"https:\/\/www.youtube.com\/@vosgesinfo\"]},{\"@type\":\"Person\",\"@id\":\"https:\/\/vosgesinfo.fr\/saintdieinfo\/#\/schema\/person\/faee6704a21f3977511db84bd1cd450f\",\"name\":\"la r\u00e9daction\",\"image\":{\"@type\":\"ImageObject\",\"inLanguage\":\"fr-FR\",\"@id\":\"https:\/\/vosgesinfo.fr\/saintdieinfo\/#\/schema\/person\/image\/\",\"url\":\"https:\/\/secure.gravatar.com\/avatar\/6673d8bc6a9c17fa9a453eaa3448de834fa308c2ec9635b7aa99441a7c8d2cf6?s=96&d=mm&r=g\",\"contentUrl\":\"https:\/\/secure.gravatar.com\/avatar\/6673d8bc6a9c17fa9a453eaa3448de834fa308c2ec9635b7aa99441a7c8d2cf6?s=96&d=mm&r=g\",\"caption\":\"la r\u00e9daction\"},\"url\":\"https:\/\/vosgesinfo.fr\/saintdieinfo\/author\/redac\/\"}]}<\/script>\n<!-- \/ Yoast SEO plugin. -->","yoast_head_json":{"title":"FIG \u2013 Nora Nafaa est laur\u00e9ate du prix de la th\u00e8se CNFG 2022 - Saint Die Info","robots":{"index":"index","follow":"follow","max-snippet":"max-snippet:-1","max-image-preview":"max-image-preview:large","max-video-preview":"max-video-preview:-1"},"canonical":"https:\/\/vosgesinfo.fr\/saintdieinfo\/2022\/10\/fig-nora-nafaa-laureate-prix-de-these-cnfg-2022\/","twitter_card":"summary_large_image","twitter_title":"FIG \u2013 Nora Nafaa est laur\u00e9ate du prix de la th\u00e8se CNFG 2022 - Saint Die Info","twitter_description":"Depuis 2003, le prix de la th\u00e8se du Comit\u00e9 National Fran\u00e7ais de la G\u00e9ographie \u2013 CNFG \u2013 vient chaque ann\u00e9e [&hellip;]","twitter_image":"https:\/\/vosgesinfo.fr\/app\/uploads\/sites\/4\/2024\/08\/202210fig-prix-theses-cnfg-2022-3-1.jpg","twitter_creator":"@VosgesInfo88","twitter_site":"@VosgesInfo88","twitter_misc":{"\u00c9crit par":"la r\u00e9daction","Dur\u00e9e de lecture estim\u00e9e":"1 minute"},"schema":{"@context":"https:\/\/schema.org","@graph":[{"@type":"Article","@id":"https:\/\/vosgesinfo.fr\/saintdieinfo\/2022\/10\/fig-nora-nafaa-laureate-prix-de-these-cnfg-2022\/#article","isPartOf":{"@id":"https:\/\/vosgesinfo.fr\/saintdieinfo\/2022\/10\/fig-nora-nafaa-laureate-prix-de-these-cnfg-2022\/"},"author":{"name":"la r\u00e9daction","@id":"https:\/\/vosgesinfo.fr\/saintdieinfo\/#\/schema\/person\/faee6704a21f3977511db84bd1cd450f"},"headline":"FIG \u2013 Nora Nafaa est laur\u00e9ate du prix de la th\u00e8se CNFG 2022","datePublished":"2022-10-02T11:12:22+00:00","dateModified":"2022-10-02T11:12:22+00:00","mainEntityOfPage":{"@id":"https:\/\/vosgesinfo.fr\/saintdieinfo\/2022\/10\/fig-nora-nafaa-laureate-prix-de-these-cnfg-2022\/"},"wordCount":207,"commentCount":0,"publisher":{"@id":"https:\/\/vosgesinfo.fr\/saintdieinfo\/#organization"},"image":{"@id":"https:\/\/vosgesinfo.fr\/saintdieinfo\/2022\/10\/fig-nora-nafaa-laureate-prix-de-these-cnfg-2022\/#primaryimage"},"thumbnailUrl":"https:\/\/vosgesinfo.fr\/app\/uploads\/sites\/4\/2024\/08\/202210fig-prix-theses-cnfg-2022-3-1.jpg","keywords":["33e Festival International de G\u00e9ographie de Saint-Di\u00e9-des-Vosges","Aude Le Gallou","CNFG","Comit\u00e9 National Fran\u00e7ais de la G\u00e9ographie","Elsa Fil\u00e2tre","Nora Nafaa","Prix de la th\u00e8se CNFG 2022"],"articleSection":["A la Une","Culture","Saint-Di\u00e9-des-Vosges et son Agglom\u00e9ration"],"inLanguage":"fr-FR","potentialAction":[{"@type":"CommentAction","name":"Comment","target":["https:\/\/vosgesinfo.fr\/saintdieinfo\/2022\/10\/fig-nora-nafaa-laureate-prix-de-these-cnfg-2022\/#respond"]}]},{"@type":"WebPage","@id":"https:\/\/vosgesinfo.fr\/saintdieinfo\/2022\/10\/fig-nora-nafaa-laureate-prix-de-these-cnfg-2022\/","url":"https:\/\/vosgesinfo.fr\/saintdieinfo\/2022\/10\/fig-nora-nafaa-laureate-prix-de-these-cnfg-2022\/","name":"FIG \u2013 Nora Nafaa est laur\u00e9ate du prix de la th\u00e8se CNFG 2022 - Saint Die Info","isPartOf":{"@id":"https:\/\/vosgesinfo.fr\/saintdieinfo\/#website"},"primaryImageOfPage":{"@id":"https:\/\/vosgesinfo.fr\/saintdieinfo\/2022\/10\/fig-nora-nafaa-laureate-prix-de-these-cnfg-2022\/#primaryimage"},"image":{"@id":"https:\/\/vosgesinfo.fr\/saintdieinfo\/2022\/10\/fig-nora-nafaa-laureate-prix-de-these-cnfg-2022\/#primaryimage"},"thumbnailUrl":"https:\/\/vosgesinfo.fr\/app\/uploads\/sites\/4\/2024\/08\/202210fig-prix-theses-cnfg-2022-3-1.jpg","datePublished":"2022-10-02T11:12:22+00:00","dateModified":"2022-10-02T11:12:22+00:00","breadcrumb":{"@id":"https:\/\/vosgesinfo.fr\/saintdieinfo\/2022\/10\/fig-nora-nafaa-laureate-prix-de-these-cnfg-2022\/#breadcrumb"},"inLanguage":"fr-FR","potentialAction":[{"@type":"ReadAction","target":["https:\/\/vosgesinfo.fr\/saintdieinfo\/2022\/10\/fig-nora-nafaa-laureate-prix-de-these-cnfg-2022\/"]}]},{"@type":"ImageObject","inLanguage":"fr-FR","@id":"https:\/\/vosgesinfo.fr\/saintdieinfo\/2022\/10\/fig-nora-nafaa-laureate-prix-de-these-cnfg-2022\/#primaryimage","url":"https:\/\/vosgesinfo.fr\/app\/uploads\/sites\/4\/2024\/08\/202210fig-prix-theses-cnfg-2022-3-1.jpg","contentUrl":"https:\/\/vosgesinfo.fr\/app\/uploads\/sites\/4\/2024\/08\/202210fig-prix-theses-cnfg-2022-3-1.jpg","width":1600,"height":1205},{"@type":"BreadcrumbList","@id":"https:\/\/vosgesinfo.fr\/saintdieinfo\/2022\/10\/fig-nora-nafaa-laureate-prix-de-these-cnfg-2022\/#breadcrumb","itemListElement":[{"@type":"ListItem","position":1,"name":"Home","item":"https:\/\/vosgesinfo.fr\/saintdieinfo\/"},{"@type":"ListItem","position":2,"name":"FIG \u2013 Nora Nafaa est laur\u00e9ate du prix de la th\u00e8se CNFG 2022"}]},{"@type":"WebSite","@id":"https:\/\/vosgesinfo.fr\/saintdieinfo\/#website","url":"https:\/\/vosgesinfo.fr\/saintdieinfo\/","name":"Saint Die Info","description":"Toute l&#039;actualit\u00e9 de Saint-Di\u00e9-Des-Vosges","publisher":{"@id":"https:\/\/vosgesinfo.fr\/saintdieinfo\/#organization"},"alternateName":"Toute l'actualit\u00e9 de Saint-Di\u00e9-Des-Vosges","potentialAction":[{"@type":"SearchAction","target":{"@type":"EntryPoint","urlTemplate":"https:\/\/vosgesinfo.fr\/saintdieinfo\/?s={search_term_string}"},"query-input":"required name=search_term_string"}],"inLanguage":"fr-FR"},{"@type":"Organization","@id":"https:\/\/vosgesinfo.fr\/saintdieinfo\/#organization","name":"Saint Die Info","url":"https:\/\/vosgesinfo.fr\/saintdieinfo\/","logo":{"@type":"ImageObject","inLanguage":"fr-FR","@id":"https:\/\/vosgesinfo.fr\/saintdieinfo\/#\/schema\/logo\/image\/","url":"https:\/\/vosgesinfo.fr\/app\/uploads\/sites\/4\/2024\/02\/logo-sdi.jpg","contentUrl":"https:\/\/vosgesinfo.fr\/app\/uploads\/sites\/4\/2024\/02\/logo-sdi.jpg","width":600,"height":600,"caption":"Saint Die Info"},"image":{"@id":"https:\/\/vosgesinfo.fr\/saintdieinfo\/#\/schema\/logo\/image\/"},"sameAs":["https:\/\/www.facebook.com\/Saintdieinfofr","https:\/\/x.com\/VosgesInfo88","https:\/\/www.youtube.com\/@vosgesinfo"]},{"@type":"Person","@id":"https:\/\/vosgesinfo.fr\/saintdieinfo\/#\/schema\/person\/faee6704a21f3977511db84bd1cd450f","name":"la r\u00e9daction","image":{"@type":"ImageObject","inLanguage":"fr-FR","@id":"https:\/\/vosgesinfo.fr\/saintdieinfo\/#\/schema\/person\/image\/","url":"https:\/\/secure.gravatar.com\/avatar\/6673d8bc6a9c17fa9a453eaa3448de834fa308c2ec9635b7aa99441a7c8d2cf6?s=96&d=mm&r=g","contentUrl":"https:\/\/secure.gravatar.com\/avatar\/6673d8bc6a9c17fa9a453eaa3448de834fa308c2ec9635b7aa99441a7c8d2cf6?s=96&d=mm&r=g","caption":"la r\u00e9daction"},"url":"https:\/\/vosgesinfo.fr\/saintdieinfo\/author\/redac\/"}]}},"_links":{"self":[{"href":"https:\/\/vosgesinfo.fr\/saintdieinfo\/wp-json\/wp\/v2\/posts\/58104","targetHints":{"allow":["GET"]}}],"collection":[{"href":"https:\/\/vosgesinfo.fr\/saintdieinfo\/wp-json\/wp\/v2\/posts"}],"about":[{"href":"https:\/\/vosgesinfo.fr\/saintdieinfo\/wp-json\/wp\/v2\/types\/post"}],"author":[{"embeddable":true,"href":"https:\/\/vosgesinfo.fr\/saintdieinfo\/wp-json\/wp\/v2\/users\/44"}],"replies":[{"embeddable":true,"href":"https:\/\/vosgesinfo.fr\/saintdieinfo\/wp-json\/wp\/v2\/comments?post=58104"}],"version-history":[{"count":0,"href":"https:\/\/vosgesinfo.fr\/saintdieinfo\/wp-json\/wp\/v2\/posts\/58104\/revisions"}],"wp:featuredmedia":[{"embeddable":true,"href":"https:\/\/vosgesinfo.fr\/saintdieinfo\/wp-json\/wp\/v2\/media\/58105"}],"wp:attachment":[{"href":"https:\/\/vosgesinfo.fr\/saintdieinfo\/wp-json\/wp\/v2\/media?parent=58104"}],"wp:term":[{"taxonomy":"category","embeddable":true,"href":"https:\/\/vosgesinfo.fr\/saintdieinfo\/wp-json\/wp\/v2\/categories?post=58104"},{"taxonomy":"post_tag","embeddable":true,"href":"https:\/\/vosgesinfo.fr\/saintdieinfo\/wp-json\/wp\/v2\/tags?post=58104"}],"curies":[{"name":"wp","href":"https:\/\/api.w.org\/{rel}","templated":true}]}}