{"id":58197,"date":"2022-10-03T13:48:35","date_gmt":"2022-10-03T11:48:35","guid":{"rendered":"https:\/\/vosgesinfo.fr\/saintdieinfo\/2022\/10\/cette-semaine-cest-semaine-bleue-a-saint-die-vosges\/"},"modified":"2022-10-03T13:48:35","modified_gmt":"2022-10-03T11:48:35","slug":"cette-semaine-cest-semaine-bleue-a-saint-die-vosges","status":"publish","type":"post","link":"https:\/\/vosgesinfo.fr\/saintdieinfo\/2022\/10\/cette-semaine-cest-semaine-bleue-a-saint-die-vosges\/","title":{"rendered":"Cette semaine, c&rsquo;est la Semaine Bleue \u00e0 Saint-Di\u00e9-des-Vosges"},"content":{"rendered":"<div id=\"attachment_190593\" style=\"width: 970px\" class=\"wp-caption aligncenter\"><a href=\"\/2022\/10\/Semaine_Bleue_SDDV-2.jpg\" target=\"_blank\" rel=\"noopener\"><img decoding=\"async\" aria-describedby=\"caption-attachment-190593\" class=\"wp-image-190593 size-large\" src=\"\/2022\/10\/Semaine_Bleue_SDDV-2-1024x771.jpg\" alt=\"Semaine_Bleue_SDDV (2)\" width=\"960\" height=\"723\" \/><\/a><p id=\"caption-attachment-190593\" class=\"wp-caption-text\">Avec 70 participants ce lundi matin pour la s\u00e9ance de Aquafitness, la Semaine Bleue est bien lanc\u00e9e au centre AquaNova America<\/p><\/div>\n<h2><strong><span style=\"font-size: 14pt;\">La Semaine Bleue, qui a \u00e9t\u00e9 lanc\u00e9e en 1951, est la semaine nationale des personnes \u00e2g\u00e9es et retrait\u00e9es. Elle a lieu la premi\u00e8re semaine d&rsquo;octobre. Saint-Di\u00e9-des-Vosges donne chaque ann\u00e9e un \u00e9cho \u00e0 la Semaine Bleue, comme c&rsquo;est encore le cas en 2022. Sont concern\u00e9es les personnes de plus de 60 ans \u2013 et non plus 65 ans comme les ann\u00e9es pr\u00e9c\u00e9dentes \u2013 qui habitent \u00e0 Saint-Di\u00e9-des-Vosges ou dans l&rsquo;une des autres communes de la Communaut\u00e9 d&rsquo;Agglom\u00e9ration.<\/span><\/strong><\/h2>\n<p><!--more--><\/p>\n<p>Concr\u00e8tement, depuis ce lundi matin et jusqu&rsquo;\u00e0 dimanche soir, l&rsquo;acc\u00e8s au mus\u00e9e Pierre-No\u00ebl est libre et gratuit, chaque jour de 13h30 \u00e0 17h30 except\u00e9 le mardi, et l&rsquo;acc\u00e8s aux diff\u00e9rents espaces du centre aqualudique AquaNova America est \u00e9galement libre et gratuit tous les jours de la semaine. Toujours \u00e0 AquaNova America, il est aussi possible de participer gratuitement \u00e0 des activit\u00e9s dans le cadre de la Semaine Bleue, selon le planning suivant\u00a0:<\/p>\n<ul>\n<li>Lundi\u00a0: espace aquatique et oc\u00e9ane de 16h \u00e0 19h\u00a0;<\/li>\n<li>Mardi\u00a0: aquafitness \u00e0 12h15 \u2013 espace aquatique et oc\u00e9ane de 12h \u00e0 13h30, puis de 16h \u00e0 19h\u00a0;<\/li>\n<li>Mercredi\u00a0: aquasophro \u00e0 8h15 \u2013 aquafitness \u00e0 9h15 \u2013 espace aquatique et oc\u00e9ane de 9h \u00e0 13h, puis de 16h \u00e0 19h\u00a0;<\/li>\n<li>Jeudi\u00a0: espace aquatique et oc\u00e9ane de 12h \u00e0 13h30, puis de 16h \u00e0 19h\u00a0;<\/li>\n<li>Vendredi\u00a0: espace aquatique et oc\u00e9ane de 12h \u00e0 13h30, puis de 16h \u00e0 19h\u00a0;<\/li>\n<li>Samedi\u00a0: aquarelax \u00e0 12h30 \u2013 espace aquatique et oc\u00e9ane de 13h30 \u00e0 18h\u00a0;<\/li>\n<li>Dimanche\u00a0: espace aquatique et oc\u00e9ane de 9h \u00e0 18h.<\/li>\n<\/ul>\n<p>Une r\u00e9servation pr\u00e9alable pour les activit\u00e9s est demand\u00e9e, sur <a href=\"https:\/\/moncentreaquatique.com\/\" target=\"_blank\" rel=\"noopener\">https:\/\/moncentreaquatique.com\/<\/a> ou aupr\u00e8s de l&rsquo;accueil de AquaNova America, directement sur place ou par t\u00e9l\u00e9phone au 09-71-00-88-00.<\/p>\n<p>J.J.<\/p>\n\n","protected":false},"excerpt":{"rendered":"<p>La Semaine Bleue, qui a \u00e9t\u00e9 lanc\u00e9e en 1951, est la semaine nationale des personnes \u00e2g\u00e9es et retrait\u00e9es. Elle a [&hellip;]<\/p>\n","protected":false},"author":44,"featured_media":26209,"comment_status":"open","ping_status":"open","sticky":false,"template":"","format":"standard","meta":{"footnotes":""},"categories":[460,7847,20,2915,14],"tags":[3422,3333,4486],"class_list":["post-58197","post","type-post","status-publish","format-standard","has-post-thumbnail","hentry","category-a-la-une","category-art-culture","category-loisirs","category-saint-die-son-canton","category-sport","tag-aquanova-america","tag-musee-pierre-noel","tag-semaine-bleue"],"acf":[],"yoast_head":"<!-- This site is optimized with the Yoast SEO plugin v22.5 - https:\/\/yoast.com\/wordpress\/plugins\/seo\/ -->\n<title>Cette semaine, c&#039;est la Semaine Bleue \u00e0 Saint-Di\u00e9-des-Vosges - Saint Die Info<\/title>\n<meta name=\"robots\" content=\"index, follow, max-snippet:-1, max-image-preview:large, max-video-preview:-1\" \/>\n<link rel=\"canonical\" href=\"https:\/\/vosgesinfo.fr\/saintdieinfo\/2022\/10\/cette-semaine-cest-semaine-bleue-a-saint-die-vosges\/\" \/>\n<meta name=\"twitter:card\" content=\"summary_large_image\" \/>\n<meta name=\"twitter:title\" content=\"Cette semaine, c&#039;est la Semaine Bleue \u00e0 Saint-Di\u00e9-des-Vosges - Saint Die Info\" \/>\n<meta name=\"twitter:description\" content=\"La Semaine Bleue, qui a \u00e9t\u00e9 lanc\u00e9e en 1951, est la semaine nationale des personnes \u00e2g\u00e9es et retrait\u00e9es. Elle a [&hellip;]\" \/>\n<meta name=\"twitter:image\" content=\"https:\/\/vosgesinfo.fr\/app\/uploads\/sites\/4\/2023\/10\/semaine-bleue-sddv-2.jpg\" \/>\n<meta name=\"twitter:creator\" content=\"@VosgesInfo88\" \/>\n<meta name=\"twitter:site\" content=\"@VosgesInfo88\" \/>\n<meta name=\"twitter:label1\" content=\"\u00c9crit par\" \/>\n\t<meta name=\"twitter:data1\" content=\"la r\u00e9daction\" \/>\n\t<meta name=\"twitter:label2\" content=\"Dur\u00e9e de lecture estim\u00e9e\" \/>\n\t<meta name=\"twitter:data2\" content=\"2 minutes\" \/>\n<script type=\"application\/ld+json\" class=\"yoast-schema-graph\">{\"@context\":\"https:\/\/schema.org\",\"@graph\":[{\"@type\":\"Article\",\"@id\":\"https:\/\/vosgesinfo.fr\/saintdieinfo\/2022\/10\/cette-semaine-cest-semaine-bleue-a-saint-die-vosges\/#article\",\"isPartOf\":{\"@id\":\"https:\/\/vosgesinfo.fr\/saintdieinfo\/2022\/10\/cette-semaine-cest-semaine-bleue-a-saint-die-vosges\/\"},\"author\":{\"name\":\"la r\u00e9daction\",\"@id\":\"https:\/\/vosgesinfo.fr\/saintdieinfo\/#\/schema\/person\/faee6704a21f3977511db84bd1cd450f\"},\"headline\":\"Cette semaine, c&rsquo;est la Semaine Bleue \u00e0 Saint-Di\u00e9-des-Vosges\",\"datePublished\":\"2022-10-03T11:48:35+00:00\",\"dateModified\":\"2022-10-03T11:48:35+00:00\",\"mainEntityOfPage\":{\"@id\":\"https:\/\/vosgesinfo.fr\/saintdieinfo\/2022\/10\/cette-semaine-cest-semaine-bleue-a-saint-die-vosges\/\"},\"wordCount\":333,\"commentCount\":0,\"publisher\":{\"@id\":\"https:\/\/vosgesinfo.fr\/saintdieinfo\/#organization\"},\"image\":{\"@id\":\"https:\/\/vosgesinfo.fr\/saintdieinfo\/2022\/10\/cette-semaine-cest-semaine-bleue-a-saint-die-vosges\/#primaryimage\"},\"thumbnailUrl\":\"https:\/\/vosgesinfo.fr\/app\/uploads\/sites\/4\/2023\/10\/semaine-bleue-sddv-2.jpg\",\"keywords\":[\"AquaNova America\",\"Mus\u00e9e Pierre-No\u00ebl\",\"Semaine Bleue\"],\"articleSection\":[\"A la Une\",\"Culture\",\"Loisirs\",\"Saint-Di\u00e9-des-Vosges et son Agglom\u00e9ration\",\"Sport\"],\"inLanguage\":\"fr-FR\",\"potentialAction\":[{\"@type\":\"CommentAction\",\"name\":\"Comment\",\"target\":[\"https:\/\/vosgesinfo.fr\/saintdieinfo\/2022\/10\/cette-semaine-cest-semaine-bleue-a-saint-die-vosges\/#respond\"]}]},{\"@type\":\"WebPage\",\"@id\":\"https:\/\/vosgesinfo.fr\/saintdieinfo\/2022\/10\/cette-semaine-cest-semaine-bleue-a-saint-die-vosges\/\",\"url\":\"https:\/\/vosgesinfo.fr\/saintdieinfo\/2022\/10\/cette-semaine-cest-semaine-bleue-a-saint-die-vosges\/\",\"name\":\"Cette semaine, c'est la Semaine Bleue \u00e0 Saint-Di\u00e9-des-Vosges - Saint Die Info\",\"isPartOf\":{\"@id\":\"https:\/\/vosgesinfo.fr\/saintdieinfo\/#website\"},\"primaryImageOfPage\":{\"@id\":\"https:\/\/vosgesinfo.fr\/saintdieinfo\/2022\/10\/cette-semaine-cest-semaine-bleue-a-saint-die-vosges\/#primaryimage\"},\"image\":{\"@id\":\"https:\/\/vosgesinfo.fr\/saintdieinfo\/2022\/10\/cette-semaine-cest-semaine-bleue-a-saint-die-vosges\/#primaryimage\"},\"thumbnailUrl\":\"https:\/\/vosgesinfo.fr\/app\/uploads\/sites\/4\/2023\/10\/semaine-bleue-sddv-2.jpg\",\"datePublished\":\"2022-10-03T11:48:35+00:00\",\"dateModified\":\"2022-10-03T11:48:35+00:00\",\"breadcrumb\":{\"@id\":\"https:\/\/vosgesinfo.fr\/saintdieinfo\/2022\/10\/cette-semaine-cest-semaine-bleue-a-saint-die-vosges\/#breadcrumb\"},\"inLanguage\":\"fr-FR\",\"potentialAction\":[{\"@type\":\"ReadAction\",\"target\":[\"https:\/\/vosgesinfo.fr\/saintdieinfo\/2022\/10\/cette-semaine-cest-semaine-bleue-a-saint-die-vosges\/\"]}]},{\"@type\":\"ImageObject\",\"inLanguage\":\"fr-FR\",\"@id\":\"https:\/\/vosgesinfo.fr\/saintdieinfo\/2022\/10\/cette-semaine-cest-semaine-bleue-a-saint-die-vosges\/#primaryimage\",\"url\":\"https:\/\/vosgesinfo.fr\/app\/uploads\/sites\/4\/2023\/10\/semaine-bleue-sddv-2.jpg\",\"contentUrl\":\"https:\/\/vosgesinfo.fr\/app\/uploads\/sites\/4\/2023\/10\/semaine-bleue-sddv-2.jpg\",\"width\":1080,\"height\":810},{\"@type\":\"BreadcrumbList\",\"@id\":\"https:\/\/vosgesinfo.fr\/saintdieinfo\/2022\/10\/cette-semaine-cest-semaine-bleue-a-saint-die-vosges\/#breadcrumb\",\"itemListElement\":[{\"@type\":\"ListItem\",\"position\":1,\"name\":\"Home\",\"item\":\"https:\/\/vosgesinfo.fr\/saintdieinfo\/\"},{\"@type\":\"ListItem\",\"position\":2,\"name\":\"Cette semaine, c&rsquo;est la Semaine Bleue \u00e0 Saint-Di\u00e9-des-Vosges\"}]},{\"@type\":\"WebSite\",\"@id\":\"https:\/\/vosgesinfo.fr\/saintdieinfo\/#website\",\"url\":\"https:\/\/vosgesinfo.fr\/saintdieinfo\/\",\"name\":\"Saint Die Info\",\"description\":\"Toute l&#039;actualit\u00e9 de Saint-Di\u00e9-Des-Vosges\",\"publisher\":{\"@id\":\"https:\/\/vosgesinfo.fr\/saintdieinfo\/#organization\"},\"alternateName\":\"Toute l'actualit\u00e9 de Saint-Di\u00e9-Des-Vosges\",\"potentialAction\":[{\"@type\":\"SearchAction\",\"target\":{\"@type\":\"EntryPoint\",\"urlTemplate\":\"https:\/\/vosgesinfo.fr\/saintdieinfo\/?s={search_term_string}\"},\"query-input\":\"required name=search_term_string\"}],\"inLanguage\":\"fr-FR\"},{\"@type\":\"Organization\",\"@id\":\"https:\/\/vosgesinfo.fr\/saintdieinfo\/#organization\",\"name\":\"Saint Die Info\",\"url\":\"https:\/\/vosgesinfo.fr\/saintdieinfo\/\",\"logo\":{\"@type\":\"ImageObject\",\"inLanguage\":\"fr-FR\",\"@id\":\"https:\/\/vosgesinfo.fr\/saintdieinfo\/#\/schema\/logo\/image\/\",\"url\":\"https:\/\/vosgesinfo.fr\/app\/uploads\/sites\/4\/2024\/02\/logo-sdi.jpg\",\"contentUrl\":\"https:\/\/vosgesinfo.fr\/app\/uploads\/sites\/4\/2024\/02\/logo-sdi.jpg\",\"width\":600,\"height\":600,\"caption\":\"Saint Die Info\"},\"image\":{\"@id\":\"https:\/\/vosgesinfo.fr\/saintdieinfo\/#\/schema\/logo\/image\/\"},\"sameAs\":[\"https:\/\/www.facebook.com\/Saintdieinfofr\",\"https:\/\/x.com\/VosgesInfo88\",\"https:\/\/www.youtube.com\/@vosgesinfo\"]},{\"@type\":\"Person\",\"@id\":\"https:\/\/vosgesinfo.fr\/saintdieinfo\/#\/schema\/person\/faee6704a21f3977511db84bd1cd450f\",\"name\":\"la r\u00e9daction\",\"image\":{\"@type\":\"ImageObject\",\"inLanguage\":\"fr-FR\",\"@id\":\"https:\/\/vosgesinfo.fr\/saintdieinfo\/#\/schema\/person\/image\/\",\"url\":\"https:\/\/secure.gravatar.com\/avatar\/6673d8bc6a9c17fa9a453eaa3448de834fa308c2ec9635b7aa99441a7c8d2cf6?s=96&d=mm&r=g\",\"contentUrl\":\"https:\/\/secure.gravatar.com\/avatar\/6673d8bc6a9c17fa9a453eaa3448de834fa308c2ec9635b7aa99441a7c8d2cf6?s=96&d=mm&r=g\",\"caption\":\"la r\u00e9daction\"},\"url\":\"https:\/\/vosgesinfo.fr\/saintdieinfo\/author\/redac\/\"}]}<\/script>\n<!-- \/ Yoast SEO plugin. -->","yoast_head_json":{"title":"Cette semaine, c'est la Semaine Bleue \u00e0 Saint-Di\u00e9-des-Vosges - Saint Die Info","robots":{"index":"index","follow":"follow","max-snippet":"max-snippet:-1","max-image-preview":"max-image-preview:large","max-video-preview":"max-video-preview:-1"},"canonical":"https:\/\/vosgesinfo.fr\/saintdieinfo\/2022\/10\/cette-semaine-cest-semaine-bleue-a-saint-die-vosges\/","twitter_card":"summary_large_image","twitter_title":"Cette semaine, c'est la Semaine Bleue \u00e0 Saint-Di\u00e9-des-Vosges - Saint Die Info","twitter_description":"La Semaine Bleue, qui a \u00e9t\u00e9 lanc\u00e9e en 1951, est la semaine nationale des personnes \u00e2g\u00e9es et retrait\u00e9es. Elle a [&hellip;]","twitter_image":"https:\/\/vosgesinfo.fr\/app\/uploads\/sites\/4\/2023\/10\/semaine-bleue-sddv-2.jpg","twitter_creator":"@VosgesInfo88","twitter_site":"@VosgesInfo88","twitter_misc":{"\u00c9crit par":"la r\u00e9daction","Dur\u00e9e de lecture estim\u00e9e":"2 minutes"},"schema":{"@context":"https:\/\/schema.org","@graph":[{"@type":"Article","@id":"https:\/\/vosgesinfo.fr\/saintdieinfo\/2022\/10\/cette-semaine-cest-semaine-bleue-a-saint-die-vosges\/#article","isPartOf":{"@id":"https:\/\/vosgesinfo.fr\/saintdieinfo\/2022\/10\/cette-semaine-cest-semaine-bleue-a-saint-die-vosges\/"},"author":{"name":"la r\u00e9daction","@id":"https:\/\/vosgesinfo.fr\/saintdieinfo\/#\/schema\/person\/faee6704a21f3977511db84bd1cd450f"},"headline":"Cette semaine, c&rsquo;est la Semaine Bleue \u00e0 Saint-Di\u00e9-des-Vosges","datePublished":"2022-10-03T11:48:35+00:00","dateModified":"2022-10-03T11:48:35+00:00","mainEntityOfPage":{"@id":"https:\/\/vosgesinfo.fr\/saintdieinfo\/2022\/10\/cette-semaine-cest-semaine-bleue-a-saint-die-vosges\/"},"wordCount":333,"commentCount":0,"publisher":{"@id":"https:\/\/vosgesinfo.fr\/saintdieinfo\/#organization"},"image":{"@id":"https:\/\/vosgesinfo.fr\/saintdieinfo\/2022\/10\/cette-semaine-cest-semaine-bleue-a-saint-die-vosges\/#primaryimage"},"thumbnailUrl":"https:\/\/vosgesinfo.fr\/app\/uploads\/sites\/4\/2023\/10\/semaine-bleue-sddv-2.jpg","keywords":["AquaNova America","Mus\u00e9e Pierre-No\u00ebl","Semaine Bleue"],"articleSection":["A la Une","Culture","Loisirs","Saint-Di\u00e9-des-Vosges et son Agglom\u00e9ration","Sport"],"inLanguage":"fr-FR","potentialAction":[{"@type":"CommentAction","name":"Comment","target":["https:\/\/vosgesinfo.fr\/saintdieinfo\/2022\/10\/cette-semaine-cest-semaine-bleue-a-saint-die-vosges\/#respond"]}]},{"@type":"WebPage","@id":"https:\/\/vosgesinfo.fr\/saintdieinfo\/2022\/10\/cette-semaine-cest-semaine-bleue-a-saint-die-vosges\/","url":"https:\/\/vosgesinfo.fr\/saintdieinfo\/2022\/10\/cette-semaine-cest-semaine-bleue-a-saint-die-vosges\/","name":"Cette semaine, c'est la Semaine Bleue \u00e0 Saint-Di\u00e9-des-Vosges - Saint Die Info","isPartOf":{"@id":"https:\/\/vosgesinfo.fr\/saintdieinfo\/#website"},"primaryImageOfPage":{"@id":"https:\/\/vosgesinfo.fr\/saintdieinfo\/2022\/10\/cette-semaine-cest-semaine-bleue-a-saint-die-vosges\/#primaryimage"},"image":{"@id":"https:\/\/vosgesinfo.fr\/saintdieinfo\/2022\/10\/cette-semaine-cest-semaine-bleue-a-saint-die-vosges\/#primaryimage"},"thumbnailUrl":"https:\/\/vosgesinfo.fr\/app\/uploads\/sites\/4\/2023\/10\/semaine-bleue-sddv-2.jpg","datePublished":"2022-10-03T11:48:35+00:00","dateModified":"2022-10-03T11:48:35+00:00","breadcrumb":{"@id":"https:\/\/vosgesinfo.fr\/saintdieinfo\/2022\/10\/cette-semaine-cest-semaine-bleue-a-saint-die-vosges\/#breadcrumb"},"inLanguage":"fr-FR","potentialAction":[{"@type":"ReadAction","target":["https:\/\/vosgesinfo.fr\/saintdieinfo\/2022\/10\/cette-semaine-cest-semaine-bleue-a-saint-die-vosges\/"]}]},{"@type":"ImageObject","inLanguage":"fr-FR","@id":"https:\/\/vosgesinfo.fr\/saintdieinfo\/2022\/10\/cette-semaine-cest-semaine-bleue-a-saint-die-vosges\/#primaryimage","url":"https:\/\/vosgesinfo.fr\/app\/uploads\/sites\/4\/2023\/10\/semaine-bleue-sddv-2.jpg","contentUrl":"https:\/\/vosgesinfo.fr\/app\/uploads\/sites\/4\/2023\/10\/semaine-bleue-sddv-2.jpg","width":1080,"height":810},{"@type":"BreadcrumbList","@id":"https:\/\/vosgesinfo.fr\/saintdieinfo\/2022\/10\/cette-semaine-cest-semaine-bleue-a-saint-die-vosges\/#breadcrumb","itemListElement":[{"@type":"ListItem","position":1,"name":"Home","item":"https:\/\/vosgesinfo.fr\/saintdieinfo\/"},{"@type":"ListItem","position":2,"name":"Cette semaine, c&rsquo;est la Semaine Bleue \u00e0 Saint-Di\u00e9-des-Vosges"}]},{"@type":"WebSite","@id":"https:\/\/vosgesinfo.fr\/saintdieinfo\/#website","url":"https:\/\/vosgesinfo.fr\/saintdieinfo\/","name":"Saint Die Info","description":"Toute l&#039;actualit\u00e9 de Saint-Di\u00e9-Des-Vosges","publisher":{"@id":"https:\/\/vosgesinfo.fr\/saintdieinfo\/#organization"},"alternateName":"Toute l'actualit\u00e9 de Saint-Di\u00e9-Des-Vosges","potentialAction":[{"@type":"SearchAction","target":{"@type":"EntryPoint","urlTemplate":"https:\/\/vosgesinfo.fr\/saintdieinfo\/?s={search_term_string}"},"query-input":"required name=search_term_string"}],"inLanguage":"fr-FR"},{"@type":"Organization","@id":"https:\/\/vosgesinfo.fr\/saintdieinfo\/#organization","name":"Saint Die Info","url":"https:\/\/vosgesinfo.fr\/saintdieinfo\/","logo":{"@type":"ImageObject","inLanguage":"fr-FR","@id":"https:\/\/vosgesinfo.fr\/saintdieinfo\/#\/schema\/logo\/image\/","url":"https:\/\/vosgesinfo.fr\/app\/uploads\/sites\/4\/2024\/02\/logo-sdi.jpg","contentUrl":"https:\/\/vosgesinfo.fr\/app\/uploads\/sites\/4\/2024\/02\/logo-sdi.jpg","width":600,"height":600,"caption":"Saint Die Info"},"image":{"@id":"https:\/\/vosgesinfo.fr\/saintdieinfo\/#\/schema\/logo\/image\/"},"sameAs":["https:\/\/www.facebook.com\/Saintdieinfofr","https:\/\/x.com\/VosgesInfo88","https:\/\/www.youtube.com\/@vosgesinfo"]},{"@type":"Person","@id":"https:\/\/vosgesinfo.fr\/saintdieinfo\/#\/schema\/person\/faee6704a21f3977511db84bd1cd450f","name":"la r\u00e9daction","image":{"@type":"ImageObject","inLanguage":"fr-FR","@id":"https:\/\/vosgesinfo.fr\/saintdieinfo\/#\/schema\/person\/image\/","url":"https:\/\/secure.gravatar.com\/avatar\/6673d8bc6a9c17fa9a453eaa3448de834fa308c2ec9635b7aa99441a7c8d2cf6?s=96&d=mm&r=g","contentUrl":"https:\/\/secure.gravatar.com\/avatar\/6673d8bc6a9c17fa9a453eaa3448de834fa308c2ec9635b7aa99441a7c8d2cf6?s=96&d=mm&r=g","caption":"la r\u00e9daction"},"url":"https:\/\/vosgesinfo.fr\/saintdieinfo\/author\/redac\/"}]}},"_links":{"self":[{"href":"https:\/\/vosgesinfo.fr\/saintdieinfo\/wp-json\/wp\/v2\/posts\/58197","targetHints":{"allow":["GET"]}}],"collection":[{"href":"https:\/\/vosgesinfo.fr\/saintdieinfo\/wp-json\/wp\/v2\/posts"}],"about":[{"href":"https:\/\/vosgesinfo.fr\/saintdieinfo\/wp-json\/wp\/v2\/types\/post"}],"author":[{"embeddable":true,"href":"https:\/\/vosgesinfo.fr\/saintdieinfo\/wp-json\/wp\/v2\/users\/44"}],"replies":[{"embeddable":true,"href":"https:\/\/vosgesinfo.fr\/saintdieinfo\/wp-json\/wp\/v2\/comments?post=58197"}],"version-history":[{"count":0,"href":"https:\/\/vosgesinfo.fr\/saintdieinfo\/wp-json\/wp\/v2\/posts\/58197\/revisions"}],"wp:featuredmedia":[{"embeddable":true,"href":"https:\/\/vosgesinfo.fr\/saintdieinfo\/wp-json\/wp\/v2\/media\/26209"}],"wp:attachment":[{"href":"https:\/\/vosgesinfo.fr\/saintdieinfo\/wp-json\/wp\/v2\/media?parent=58197"}],"wp:term":[{"taxonomy":"category","embeddable":true,"href":"https:\/\/vosgesinfo.fr\/saintdieinfo\/wp-json\/wp\/v2\/categories?post=58197"},{"taxonomy":"post_tag","embeddable":true,"href":"https:\/\/vosgesinfo.fr\/saintdieinfo\/wp-json\/wp\/v2\/tags?post=58197"}],"curies":[{"name":"wp","href":"https:\/\/api.w.org\/{rel}","templated":true}]}}