{"id":58216,"date":"2022-10-03T14:46:19","date_gmt":"2022-10-03T12:46:19","guid":{"rendered":"https:\/\/vosgesinfo.fr\/saintdieinfo\/2022\/10\/lecole-nez-rouges-recherche-bricoleurs-bricoleuses-char-de-saint-nicolas\/"},"modified":"2022-10-03T14:46:19","modified_gmt":"2022-10-03T12:46:19","slug":"lecole-nez-rouges-recherche-bricoleurs-bricoleuses-char-de-saint-nicolas","status":"publish","type":"post","link":"https:\/\/vosgesinfo.fr\/saintdieinfo\/2022\/10\/lecole-nez-rouges-recherche-bricoleurs-bricoleuses-char-de-saint-nicolas\/","title":{"rendered":"L&rsquo;Ecole des Nez Rouges recherche des bricoleurs et bricoleuses pour son char de la Saint-Nicolas"},"content":{"rendered":"<div dir=\"auto\">\n<div id=\"attachment_190613\" style=\"width: 829px\" class=\"wp-caption aligncenter\"><a href=\"\/2022\/10\/Ecole_Nez-Rouges_Char_Saint-Nicolas-2.jpg\" target=\"_blank\" rel=\"noopener\"><img decoding=\"async\" aria-describedby=\"caption-attachment-190613\" class=\"wp-image-190613 size-large\" src=\"\/2022\/10\/Ecole_Nez-Rouges_Char_Saint-Nicolas-2-819x1024.jpg\" alt=\"Ecole_Nez-Rouges_Char_Saint-Nicolas (2)\" width=\"819\" height=\"1024\" \/><\/a><p id=\"caption-attachment-190613\" class=\"wp-caption-text\">(Photographies Ecole des Nez Rouges)<\/p><\/div>\n<\/div>\n<h2 dir=\"auto\"><strong><span style=\"font-size: 14pt;\">Les chars de la Saint-Nicolas de l&rsquo;Ecole des Nez Rouges font toujours leur effet. On se rappelle notamment de l&rsquo;impressionnant dragon m\u00e9tallique cracheur de feu. Les b\u00e9n\u00e9voles de l&rsquo;association ont r\u00e9cemment d\u00e9but\u00e9 la fabrication du char qui prendra part au prochain cort\u00e8ge de Saint-Nicolas \u00e0 Saint-Di\u00e9-des-Vosges, mais ils sont toujours \u00e0 la recherche de bricoleurs et bricoleuses pour leur donner un coup de main.<\/span><\/strong><\/h2>\n<p><!--more--><\/p>\n<div dir=\"auto\">L&rsquo;\u00e9quipe pr\u00e9sente sera l\u00e0 pour vous aider, apprendre \u00e0 utiliser les outils, et boire des caf\u00e9s. Vous pouvez venir aider quelques heures ou une journ\u00e9e, r\u00e9guli\u00e8rement ou non. Si vous souhaitez nous rejoindre sur cette belle aventure merci de le faire savoir \u00e0 l&rsquo;adresse <a href=\"mailto:nezrouges@orange.fr\" target=\"_blank\" rel=\"noopener\">nezrouges@orange.fr<\/a>.<\/div>\n<div dir=\"auto\">J.J.<\/div>\n<div dir=\"auto\">\n\n<\/div>\n<p>&nbsp;<\/p>\n","protected":false},"excerpt":{"rendered":"<p>Les chars de la Saint-Nicolas de l&rsquo;Ecole des Nez Rouges font toujours leur effet. On se rappelle notamment de l&rsquo;impressionnant [&hellip;]<\/p>\n","protected":false},"author":44,"featured_media":58217,"comment_status":"open","ping_status":"open","sticky":false,"template":"","format":"standard","meta":{"footnotes":""},"categories":[3900,2915,17],"tags":[12696,2969,12697],"class_list":["post-58216","post","type-post","status-publish","format-standard","has-post-thumbnail","hentry","category-breves","category-saint-die-son-canton","category-vie-associative","tag-char-de-la-saint-nicolas","tag-ecole-des-nez-rouges","tag-saint-nicolas-a-saint-die-des-vosges"],"acf":[],"yoast_head":"<!-- This site is optimized with the Yoast SEO plugin v22.5 - https:\/\/yoast.com\/wordpress\/plugins\/seo\/ -->\n<title>L&#039;Ecole des Nez Rouges recherche des bricoleurs et bricoleuses pour son char de la Saint-Nicolas - Saint Die Info<\/title>\n<meta name=\"robots\" content=\"index, follow, max-snippet:-1, max-image-preview:large, max-video-preview:-1\" \/>\n<link rel=\"canonical\" href=\"https:\/\/vosgesinfo.fr\/saintdieinfo\/2022\/10\/lecole-nez-rouges-recherche-bricoleurs-bricoleuses-char-de-saint-nicolas\/\" \/>\n<meta name=\"twitter:card\" content=\"summary_large_image\" \/>\n<meta name=\"twitter:title\" content=\"L&#039;Ecole des Nez Rouges recherche des bricoleurs et bricoleuses pour son char de la Saint-Nicolas - Saint Die Info\" \/>\n<meta name=\"twitter:description\" content=\"Les chars de la Saint-Nicolas de l&rsquo;Ecole des Nez Rouges font toujours leur effet. On se rappelle notamment de l&rsquo;impressionnant [&hellip;]\" \/>\n<meta name=\"twitter:image\" content=\"https:\/\/vosgesinfo.fr\/app\/uploads\/sites\/4\/2024\/08\/202210ecole-nez-rouges-char-saint-nicolas-2-1.jpg\" \/>\n<meta name=\"twitter:creator\" content=\"@VosgesInfo88\" \/>\n<meta name=\"twitter:site\" content=\"@VosgesInfo88\" \/>\n<meta name=\"twitter:label1\" content=\"\u00c9crit par\" \/>\n\t<meta name=\"twitter:data1\" content=\"la r\u00e9daction\" \/>\n\t<meta name=\"twitter:label2\" content=\"Dur\u00e9e de lecture estim\u00e9e\" \/>\n\t<meta name=\"twitter:data2\" content=\"1 minute\" \/>\n<script type=\"application\/ld+json\" class=\"yoast-schema-graph\">{\"@context\":\"https:\/\/schema.org\",\"@graph\":[{\"@type\":\"Article\",\"@id\":\"https:\/\/vosgesinfo.fr\/saintdieinfo\/2022\/10\/lecole-nez-rouges-recherche-bricoleurs-bricoleuses-char-de-saint-nicolas\/#article\",\"isPartOf\":{\"@id\":\"https:\/\/vosgesinfo.fr\/saintdieinfo\/2022\/10\/lecole-nez-rouges-recherche-bricoleurs-bricoleuses-char-de-saint-nicolas\/\"},\"author\":{\"name\":\"la r\u00e9daction\",\"@id\":\"https:\/\/vosgesinfo.fr\/saintdieinfo\/#\/schema\/person\/faee6704a21f3977511db84bd1cd450f\"},\"headline\":\"L&rsquo;Ecole des Nez Rouges recherche des bricoleurs et bricoleuses pour son char de la Saint-Nicolas\",\"datePublished\":\"2022-10-03T12:46:19+00:00\",\"dateModified\":\"2022-10-03T12:46:19+00:00\",\"mainEntityOfPage\":{\"@id\":\"https:\/\/vosgesinfo.fr\/saintdieinfo\/2022\/10\/lecole-nez-rouges-recherche-bricoleurs-bricoleuses-char-de-saint-nicolas\/\"},\"wordCount\":161,\"commentCount\":0,\"publisher\":{\"@id\":\"https:\/\/vosgesinfo.fr\/saintdieinfo\/#organization\"},\"image\":{\"@id\":\"https:\/\/vosgesinfo.fr\/saintdieinfo\/2022\/10\/lecole-nez-rouges-recherche-bricoleurs-bricoleuses-char-de-saint-nicolas\/#primaryimage\"},\"thumbnailUrl\":\"https:\/\/vosgesinfo.fr\/app\/uploads\/sites\/4\/2024\/08\/202210ecole-nez-rouges-char-saint-nicolas-2-1.jpg\",\"keywords\":[\"Char de la Saint-Nicolas\",\"Ecole des Nez Rouges\",\"Saint-Nicolas \u00e0 Saint-Di\u00e9-des-Vosges\"],\"articleSection\":[\"Br\u00e8ves\",\"Saint-Di\u00e9-des-Vosges et son Agglom\u00e9ration\",\"Vie Associative\"],\"inLanguage\":\"fr-FR\",\"potentialAction\":[{\"@type\":\"CommentAction\",\"name\":\"Comment\",\"target\":[\"https:\/\/vosgesinfo.fr\/saintdieinfo\/2022\/10\/lecole-nez-rouges-recherche-bricoleurs-bricoleuses-char-de-saint-nicolas\/#respond\"]}]},{\"@type\":\"WebPage\",\"@id\":\"https:\/\/vosgesinfo.fr\/saintdieinfo\/2022\/10\/lecole-nez-rouges-recherche-bricoleurs-bricoleuses-char-de-saint-nicolas\/\",\"url\":\"https:\/\/vosgesinfo.fr\/saintdieinfo\/2022\/10\/lecole-nez-rouges-recherche-bricoleurs-bricoleuses-char-de-saint-nicolas\/\",\"name\":\"L'Ecole des Nez Rouges recherche des bricoleurs et bricoleuses pour son char de la Saint-Nicolas - Saint Die Info\",\"isPartOf\":{\"@id\":\"https:\/\/vosgesinfo.fr\/saintdieinfo\/#website\"},\"primaryImageOfPage\":{\"@id\":\"https:\/\/vosgesinfo.fr\/saintdieinfo\/2022\/10\/lecole-nez-rouges-recherche-bricoleurs-bricoleuses-char-de-saint-nicolas\/#primaryimage\"},\"image\":{\"@id\":\"https:\/\/vosgesinfo.fr\/saintdieinfo\/2022\/10\/lecole-nez-rouges-recherche-bricoleurs-bricoleuses-char-de-saint-nicolas\/#primaryimage\"},\"thumbnailUrl\":\"https:\/\/vosgesinfo.fr\/app\/uploads\/sites\/4\/2024\/08\/202210ecole-nez-rouges-char-saint-nicolas-2-1.jpg\",\"datePublished\":\"2022-10-03T12:46:19+00:00\",\"dateModified\":\"2022-10-03T12:46:19+00:00\",\"breadcrumb\":{\"@id\":\"https:\/\/vosgesinfo.fr\/saintdieinfo\/2022\/10\/lecole-nez-rouges-recherche-bricoleurs-bricoleuses-char-de-saint-nicolas\/#breadcrumb\"},\"inLanguage\":\"fr-FR\",\"potentialAction\":[{\"@type\":\"ReadAction\",\"target\":[\"https:\/\/vosgesinfo.fr\/saintdieinfo\/2022\/10\/lecole-nez-rouges-recherche-bricoleurs-bricoleuses-char-de-saint-nicolas\/\"]}]},{\"@type\":\"ImageObject\",\"inLanguage\":\"fr-FR\",\"@id\":\"https:\/\/vosgesinfo.fr\/saintdieinfo\/2022\/10\/lecole-nez-rouges-recherche-bricoleurs-bricoleuses-char-de-saint-nicolas\/#primaryimage\",\"url\":\"https:\/\/vosgesinfo.fr\/app\/uploads\/sites\/4\/2024\/08\/202210ecole-nez-rouges-char-saint-nicolas-2-1.jpg\",\"contentUrl\":\"https:\/\/vosgesinfo.fr\/app\/uploads\/sites\/4\/2024\/08\/202210ecole-nez-rouges-char-saint-nicolas-2-1.jpg\",\"width\":1536,\"height\":1920},{\"@type\":\"BreadcrumbList\",\"@id\":\"https:\/\/vosgesinfo.fr\/saintdieinfo\/2022\/10\/lecole-nez-rouges-recherche-bricoleurs-bricoleuses-char-de-saint-nicolas\/#breadcrumb\",\"itemListElement\":[{\"@type\":\"ListItem\",\"position\":1,\"name\":\"Home\",\"item\":\"https:\/\/vosgesinfo.fr\/saintdieinfo\/\"},{\"@type\":\"ListItem\",\"position\":2,\"name\":\"L&rsquo;Ecole des Nez Rouges recherche des bricoleurs et bricoleuses pour son char de la Saint-Nicolas\"}]},{\"@type\":\"WebSite\",\"@id\":\"https:\/\/vosgesinfo.fr\/saintdieinfo\/#website\",\"url\":\"https:\/\/vosgesinfo.fr\/saintdieinfo\/\",\"name\":\"Saint Die Info\",\"description\":\"Toute l&#039;actualit\u00e9 de Saint-Di\u00e9-Des-Vosges\",\"publisher\":{\"@id\":\"https:\/\/vosgesinfo.fr\/saintdieinfo\/#organization\"},\"alternateName\":\"Toute l'actualit\u00e9 de Saint-Di\u00e9-Des-Vosges\",\"potentialAction\":[{\"@type\":\"SearchAction\",\"target\":{\"@type\":\"EntryPoint\",\"urlTemplate\":\"https:\/\/vosgesinfo.fr\/saintdieinfo\/?s={search_term_string}\"},\"query-input\":\"required name=search_term_string\"}],\"inLanguage\":\"fr-FR\"},{\"@type\":\"Organization\",\"@id\":\"https:\/\/vosgesinfo.fr\/saintdieinfo\/#organization\",\"name\":\"Saint Die Info\",\"url\":\"https:\/\/vosgesinfo.fr\/saintdieinfo\/\",\"logo\":{\"@type\":\"ImageObject\",\"inLanguage\":\"fr-FR\",\"@id\":\"https:\/\/vosgesinfo.fr\/saintdieinfo\/#\/schema\/logo\/image\/\",\"url\":\"https:\/\/vosgesinfo.fr\/app\/uploads\/sites\/4\/2024\/02\/logo-sdi.jpg\",\"contentUrl\":\"https:\/\/vosgesinfo.fr\/app\/uploads\/sites\/4\/2024\/02\/logo-sdi.jpg\",\"width\":600,\"height\":600,\"caption\":\"Saint Die Info\"},\"image\":{\"@id\":\"https:\/\/vosgesinfo.fr\/saintdieinfo\/#\/schema\/logo\/image\/\"},\"sameAs\":[\"https:\/\/www.facebook.com\/Saintdieinfofr\",\"https:\/\/x.com\/VosgesInfo88\",\"https:\/\/www.youtube.com\/@vosgesinfo\"]},{\"@type\":\"Person\",\"@id\":\"https:\/\/vosgesinfo.fr\/saintdieinfo\/#\/schema\/person\/faee6704a21f3977511db84bd1cd450f\",\"name\":\"la r\u00e9daction\",\"image\":{\"@type\":\"ImageObject\",\"inLanguage\":\"fr-FR\",\"@id\":\"https:\/\/vosgesinfo.fr\/saintdieinfo\/#\/schema\/person\/image\/\",\"url\":\"https:\/\/secure.gravatar.com\/avatar\/6673d8bc6a9c17fa9a453eaa3448de834fa308c2ec9635b7aa99441a7c8d2cf6?s=96&d=mm&r=g\",\"contentUrl\":\"https:\/\/secure.gravatar.com\/avatar\/6673d8bc6a9c17fa9a453eaa3448de834fa308c2ec9635b7aa99441a7c8d2cf6?s=96&d=mm&r=g\",\"caption\":\"la r\u00e9daction\"},\"url\":\"https:\/\/vosgesinfo.fr\/saintdieinfo\/author\/redac\/\"}]}<\/script>\n<!-- \/ Yoast SEO plugin. -->","yoast_head_json":{"title":"L'Ecole des Nez Rouges recherche des bricoleurs et bricoleuses pour son char de la Saint-Nicolas - Saint Die Info","robots":{"index":"index","follow":"follow","max-snippet":"max-snippet:-1","max-image-preview":"max-image-preview:large","max-video-preview":"max-video-preview:-1"},"canonical":"https:\/\/vosgesinfo.fr\/saintdieinfo\/2022\/10\/lecole-nez-rouges-recherche-bricoleurs-bricoleuses-char-de-saint-nicolas\/","twitter_card":"summary_large_image","twitter_title":"L'Ecole des Nez Rouges recherche des bricoleurs et bricoleuses pour son char de la Saint-Nicolas - Saint Die Info","twitter_description":"Les chars de la Saint-Nicolas de l&rsquo;Ecole des Nez Rouges font toujours leur effet. On se rappelle notamment de l&rsquo;impressionnant [&hellip;]","twitter_image":"https:\/\/vosgesinfo.fr\/app\/uploads\/sites\/4\/2024\/08\/202210ecole-nez-rouges-char-saint-nicolas-2-1.jpg","twitter_creator":"@VosgesInfo88","twitter_site":"@VosgesInfo88","twitter_misc":{"\u00c9crit par":"la r\u00e9daction","Dur\u00e9e de lecture estim\u00e9e":"1 minute"},"schema":{"@context":"https:\/\/schema.org","@graph":[{"@type":"Article","@id":"https:\/\/vosgesinfo.fr\/saintdieinfo\/2022\/10\/lecole-nez-rouges-recherche-bricoleurs-bricoleuses-char-de-saint-nicolas\/#article","isPartOf":{"@id":"https:\/\/vosgesinfo.fr\/saintdieinfo\/2022\/10\/lecole-nez-rouges-recherche-bricoleurs-bricoleuses-char-de-saint-nicolas\/"},"author":{"name":"la r\u00e9daction","@id":"https:\/\/vosgesinfo.fr\/saintdieinfo\/#\/schema\/person\/faee6704a21f3977511db84bd1cd450f"},"headline":"L&rsquo;Ecole des Nez Rouges recherche des bricoleurs et bricoleuses pour son char de la Saint-Nicolas","datePublished":"2022-10-03T12:46:19+00:00","dateModified":"2022-10-03T12:46:19+00:00","mainEntityOfPage":{"@id":"https:\/\/vosgesinfo.fr\/saintdieinfo\/2022\/10\/lecole-nez-rouges-recherche-bricoleurs-bricoleuses-char-de-saint-nicolas\/"},"wordCount":161,"commentCount":0,"publisher":{"@id":"https:\/\/vosgesinfo.fr\/saintdieinfo\/#organization"},"image":{"@id":"https:\/\/vosgesinfo.fr\/saintdieinfo\/2022\/10\/lecole-nez-rouges-recherche-bricoleurs-bricoleuses-char-de-saint-nicolas\/#primaryimage"},"thumbnailUrl":"https:\/\/vosgesinfo.fr\/app\/uploads\/sites\/4\/2024\/08\/202210ecole-nez-rouges-char-saint-nicolas-2-1.jpg","keywords":["Char de la Saint-Nicolas","Ecole des Nez Rouges","Saint-Nicolas \u00e0 Saint-Di\u00e9-des-Vosges"],"articleSection":["Br\u00e8ves","Saint-Di\u00e9-des-Vosges et son Agglom\u00e9ration","Vie Associative"],"inLanguage":"fr-FR","potentialAction":[{"@type":"CommentAction","name":"Comment","target":["https:\/\/vosgesinfo.fr\/saintdieinfo\/2022\/10\/lecole-nez-rouges-recherche-bricoleurs-bricoleuses-char-de-saint-nicolas\/#respond"]}]},{"@type":"WebPage","@id":"https:\/\/vosgesinfo.fr\/saintdieinfo\/2022\/10\/lecole-nez-rouges-recherche-bricoleurs-bricoleuses-char-de-saint-nicolas\/","url":"https:\/\/vosgesinfo.fr\/saintdieinfo\/2022\/10\/lecole-nez-rouges-recherche-bricoleurs-bricoleuses-char-de-saint-nicolas\/","name":"L'Ecole des Nez Rouges recherche des bricoleurs et bricoleuses pour son char de la Saint-Nicolas - Saint Die Info","isPartOf":{"@id":"https:\/\/vosgesinfo.fr\/saintdieinfo\/#website"},"primaryImageOfPage":{"@id":"https:\/\/vosgesinfo.fr\/saintdieinfo\/2022\/10\/lecole-nez-rouges-recherche-bricoleurs-bricoleuses-char-de-saint-nicolas\/#primaryimage"},"image":{"@id":"https:\/\/vosgesinfo.fr\/saintdieinfo\/2022\/10\/lecole-nez-rouges-recherche-bricoleurs-bricoleuses-char-de-saint-nicolas\/#primaryimage"},"thumbnailUrl":"https:\/\/vosgesinfo.fr\/app\/uploads\/sites\/4\/2024\/08\/202210ecole-nez-rouges-char-saint-nicolas-2-1.jpg","datePublished":"2022-10-03T12:46:19+00:00","dateModified":"2022-10-03T12:46:19+00:00","breadcrumb":{"@id":"https:\/\/vosgesinfo.fr\/saintdieinfo\/2022\/10\/lecole-nez-rouges-recherche-bricoleurs-bricoleuses-char-de-saint-nicolas\/#breadcrumb"},"inLanguage":"fr-FR","potentialAction":[{"@type":"ReadAction","target":["https:\/\/vosgesinfo.fr\/saintdieinfo\/2022\/10\/lecole-nez-rouges-recherche-bricoleurs-bricoleuses-char-de-saint-nicolas\/"]}]},{"@type":"ImageObject","inLanguage":"fr-FR","@id":"https:\/\/vosgesinfo.fr\/saintdieinfo\/2022\/10\/lecole-nez-rouges-recherche-bricoleurs-bricoleuses-char-de-saint-nicolas\/#primaryimage","url":"https:\/\/vosgesinfo.fr\/app\/uploads\/sites\/4\/2024\/08\/202210ecole-nez-rouges-char-saint-nicolas-2-1.jpg","contentUrl":"https:\/\/vosgesinfo.fr\/app\/uploads\/sites\/4\/2024\/08\/202210ecole-nez-rouges-char-saint-nicolas-2-1.jpg","width":1536,"height":1920},{"@type":"BreadcrumbList","@id":"https:\/\/vosgesinfo.fr\/saintdieinfo\/2022\/10\/lecole-nez-rouges-recherche-bricoleurs-bricoleuses-char-de-saint-nicolas\/#breadcrumb","itemListElement":[{"@type":"ListItem","position":1,"name":"Home","item":"https:\/\/vosgesinfo.fr\/saintdieinfo\/"},{"@type":"ListItem","position":2,"name":"L&rsquo;Ecole des Nez Rouges recherche des bricoleurs et bricoleuses pour son char de la Saint-Nicolas"}]},{"@type":"WebSite","@id":"https:\/\/vosgesinfo.fr\/saintdieinfo\/#website","url":"https:\/\/vosgesinfo.fr\/saintdieinfo\/","name":"Saint Die Info","description":"Toute l&#039;actualit\u00e9 de Saint-Di\u00e9-Des-Vosges","publisher":{"@id":"https:\/\/vosgesinfo.fr\/saintdieinfo\/#organization"},"alternateName":"Toute l'actualit\u00e9 de Saint-Di\u00e9-Des-Vosges","potentialAction":[{"@type":"SearchAction","target":{"@type":"EntryPoint","urlTemplate":"https:\/\/vosgesinfo.fr\/saintdieinfo\/?s={search_term_string}"},"query-input":"required name=search_term_string"}],"inLanguage":"fr-FR"},{"@type":"Organization","@id":"https:\/\/vosgesinfo.fr\/saintdieinfo\/#organization","name":"Saint Die Info","url":"https:\/\/vosgesinfo.fr\/saintdieinfo\/","logo":{"@type":"ImageObject","inLanguage":"fr-FR","@id":"https:\/\/vosgesinfo.fr\/saintdieinfo\/#\/schema\/logo\/image\/","url":"https:\/\/vosgesinfo.fr\/app\/uploads\/sites\/4\/2024\/02\/logo-sdi.jpg","contentUrl":"https:\/\/vosgesinfo.fr\/app\/uploads\/sites\/4\/2024\/02\/logo-sdi.jpg","width":600,"height":600,"caption":"Saint Die Info"},"image":{"@id":"https:\/\/vosgesinfo.fr\/saintdieinfo\/#\/schema\/logo\/image\/"},"sameAs":["https:\/\/www.facebook.com\/Saintdieinfofr","https:\/\/x.com\/VosgesInfo88","https:\/\/www.youtube.com\/@vosgesinfo"]},{"@type":"Person","@id":"https:\/\/vosgesinfo.fr\/saintdieinfo\/#\/schema\/person\/faee6704a21f3977511db84bd1cd450f","name":"la r\u00e9daction","image":{"@type":"ImageObject","inLanguage":"fr-FR","@id":"https:\/\/vosgesinfo.fr\/saintdieinfo\/#\/schema\/person\/image\/","url":"https:\/\/secure.gravatar.com\/avatar\/6673d8bc6a9c17fa9a453eaa3448de834fa308c2ec9635b7aa99441a7c8d2cf6?s=96&d=mm&r=g","contentUrl":"https:\/\/secure.gravatar.com\/avatar\/6673d8bc6a9c17fa9a453eaa3448de834fa308c2ec9635b7aa99441a7c8d2cf6?s=96&d=mm&r=g","caption":"la r\u00e9daction"},"url":"https:\/\/vosgesinfo.fr\/saintdieinfo\/author\/redac\/"}]}},"_links":{"self":[{"href":"https:\/\/vosgesinfo.fr\/saintdieinfo\/wp-json\/wp\/v2\/posts\/58216","targetHints":{"allow":["GET"]}}],"collection":[{"href":"https:\/\/vosgesinfo.fr\/saintdieinfo\/wp-json\/wp\/v2\/posts"}],"about":[{"href":"https:\/\/vosgesinfo.fr\/saintdieinfo\/wp-json\/wp\/v2\/types\/post"}],"author":[{"embeddable":true,"href":"https:\/\/vosgesinfo.fr\/saintdieinfo\/wp-json\/wp\/v2\/users\/44"}],"replies":[{"embeddable":true,"href":"https:\/\/vosgesinfo.fr\/saintdieinfo\/wp-json\/wp\/v2\/comments?post=58216"}],"version-history":[{"count":0,"href":"https:\/\/vosgesinfo.fr\/saintdieinfo\/wp-json\/wp\/v2\/posts\/58216\/revisions"}],"wp:featuredmedia":[{"embeddable":true,"href":"https:\/\/vosgesinfo.fr\/saintdieinfo\/wp-json\/wp\/v2\/media\/58217"}],"wp:attachment":[{"href":"https:\/\/vosgesinfo.fr\/saintdieinfo\/wp-json\/wp\/v2\/media?parent=58216"}],"wp:term":[{"taxonomy":"category","embeddable":true,"href":"https:\/\/vosgesinfo.fr\/saintdieinfo\/wp-json\/wp\/v2\/categories?post=58216"},{"taxonomy":"post_tag","embeddable":true,"href":"https:\/\/vosgesinfo.fr\/saintdieinfo\/wp-json\/wp\/v2\/tags?post=58216"}],"curies":[{"name":"wp","href":"https:\/\/api.w.org\/{rel}","templated":true}]}}