{"id":58218,"date":"2022-10-03T15:11:45","date_gmt":"2022-10-03T13:11:45","guid":{"rendered":"https:\/\/vosgesinfo.fr\/saintdieinfo\/2022\/10\/portraits-noir-blanc-profit-doctobre-rose\/"},"modified":"2022-10-03T15:11:45","modified_gmt":"2022-10-03T13:11:45","slug":"portraits-noir-blanc-profit-doctobre-rose","status":"publish","type":"post","link":"https:\/\/vosgesinfo.fr\/saintdieinfo\/2022\/10\/portraits-noir-blanc-profit-doctobre-rose\/","title":{"rendered":"Des portraits en noir et blanc au profit d&rsquo;Octobre Rose"},"content":{"rendered":"<div id=\"attachment_190606\" style=\"width: 970px\" class=\"wp-caption aligncenter\"><a href=\"\/2022\/10\/Exposition_Photos_Herv\u00e9_Legrix_Octobre_Rose-4.jpg\" target=\"_blank\" rel=\"noopener\"><img decoding=\"async\" aria-describedby=\"caption-attachment-190606\" class=\"wp-image-190606 size-large\" src=\"\/2022\/10\/Exposition_Photos_Herv\u00e9_Legrix_Octobre_Rose-4-1024x771.jpg\" alt=\"Exposition_Photos_Herv\u00e9_Legrix_Octobre_Rose (4)\" width=\"960\" height=\"723\" \/><\/a><p id=\"caption-attachment-190606\" class=\"wp-caption-text\">Herv\u00e9 Legrix a eu l&rsquo;id\u00e9e de r\u00e9aliser des portraits en noir et blanc au profit d&rsquo;Octobre Rose. Une partie de ces portraits est expos\u00e9e jusqu&rsquo;au 21 octobre au Centre Social Lucie-Aubrac du quartier Kellermann.<\/p><\/div>\n<h2><strong><span style=\"font-size: 14pt;\">Herv\u00e9 Legrix n&rsquo;est jamais \u00e0 cours d&rsquo;id\u00e9es pour se lancer dans de nouveaux projets. Cette fois-ci, le D\u00e9odatien a d\u00e9cid\u00e9 de mettre \u00e0 profit sa passion pour la photographie pour une bonne cause, celle d&rsquo;Octobre Rose.<\/span><\/strong><\/h2>\n<p><!--more--><\/p>\n<p>Ces derniers mois, il a ainsi r\u00e9alis\u00e9 de nombreux portraits en noir et blanc, au tarif modique de 10\u20ac chacun. Sur cette somme, 3\u20ac seront revers\u00e9s pour Octobre Rose sachant que Herv\u00e9 Legrix effectue lui-m\u00eame les tirages sur papier photo. L&rsquo;objectif n&rsquo;est donc pas de faire de l&rsquo;argent, mais plut\u00f4t de contribuer \u00e0 cet \u00e9lan de solidarit\u00e9, qui permet de sensibiliser au d\u00e9pistage du cancer du sein mais aussi de r\u00e9colter de l&rsquo;argent pour la Ligue contre le Cancer. 30 des portraits r\u00e9alis\u00e9s par Herv\u00e9 Legrix sont \u00e0 d\u00e9couvrir jusqu&rsquo;au 21 octobre dans le hall d&rsquo;entr\u00e9e du Centre Social Lucie-Aubrac. Chaque photo est \u00e0 vendre au tarif de 5\u20ac, avec 2\u20ac au profit d&rsquo;Octobre Rose.<\/p>\n<p>Comme l&rsquo;explique le photographe amateur, ce projet est n\u00e9 un peu par hasard. \u00ab\u00a0Suite aux photos que j&rsquo;avais faites pour la Journ\u00e9e des droits des femmes, Lyla Regaia de la Ville de Saint-Di\u00e9-des-Vosges m&rsquo;avait demand\u00e9 si je pouvais faire quelque chose pour Octobre Rose. J&rsquo;ai bien s\u00fbr accept\u00e9. J&rsquo;en ai parl\u00e9 \u00e0 la directrice du Centre Social Lucie-Aubrac St\u00e9phanie Demange, et c&rsquo;est l\u00e0 que j&rsquo;ai eu le d\u00e9clic en ayant l&rsquo;id\u00e9e des portraits en noir et blanc. A l&rsquo;origine, ce projet ne devait concerner que les adh\u00e9rents du centre social du quartier Kellermann. Mais rapidement cela s&rsquo;est \u00e9tendu aux habitants du quartier&#8230; et enfin \u00e0 tout le monde, car j&rsquo;ai par exemple r\u00e9alis\u00e9 des portraits de personnes de Raon-l&rsquo;Etape.\u00a0\u00bb<\/p>\n<p>Herv\u00e9 Legrix poursuit son projet tout au long du mois d&rsquo;octobre, en organisant des shooting photos au Centre Social Lucie-Aubrac, sur rendez-vous uniquement au 03-29-55-02-53. Il effectuera \u00e9galement des shootings au CCAS de Saint-Di\u00e9-des-Vosges du 10 au 14 octobre entre 14h30 et 17h, uniquement sur inscription \u00e0 l&rsquo;adresse <a href=\"mailto:lregaia@ville-saintdie.fr\">lregaia@ville-saintdie.fr<\/a>, ainsi que lors de la soir\u00e9e karaok\u00e9 de la Conf\u00e9d\u00e9ration Nationale du Logement, qui aura lieu \u00e0 KAFE\/MPES le 28 octobre. Le tarif \u00e9tant toujours de 10\u20ac le portrait en noir et blanc, avec toujours 3\u20ac pour Octobre Rose.<\/p>\n<p>J.J.<\/p>\n\n","protected":false},"excerpt":{"rendered":"<p>Herv\u00e9 Legrix n&rsquo;est jamais \u00e0 cours d&rsquo;id\u00e9es pour se lancer dans de nouveaux projets. Cette fois-ci, le D\u00e9odatien a d\u00e9cid\u00e9 [&hellip;]<\/p>\n","protected":false},"author":44,"featured_media":58219,"comment_status":"open","ping_status":"open","sticky":false,"template":"","format":"standard","meta":{"footnotes":""},"categories":[460,2915,29],"tags":[4177,2952,8021,2268,12698,2971],"class_list":["post-58218","post","type-post","status-publish","format-standard","has-post-thumbnail","hentry","category-a-la-une","category-saint-die-son-canton","category-solidarite","tag-centre-social-lucie-aubrac","tag-exposition-photographique","tag-herve-legrix","tag-octobre-rose","tag-portraits-en-noir-et-blanc","tag-quartier-kellermann"],"acf":[],"yoast_head":"<!-- This site is optimized with the Yoast SEO plugin v22.5 - https:\/\/yoast.com\/wordpress\/plugins\/seo\/ -->\n<title>Des portraits en noir et blanc au profit d&#039;Octobre Rose - Saint Die Info<\/title>\n<meta name=\"robots\" content=\"index, follow, max-snippet:-1, max-image-preview:large, max-video-preview:-1\" \/>\n<link rel=\"canonical\" href=\"https:\/\/vosgesinfo.fr\/saintdieinfo\/2022\/10\/portraits-noir-blanc-profit-doctobre-rose\/\" \/>\n<meta name=\"twitter:card\" content=\"summary_large_image\" \/>\n<meta name=\"twitter:title\" content=\"Des portraits en noir et blanc au profit d&#039;Octobre Rose - Saint Die Info\" \/>\n<meta name=\"twitter:description\" content=\"Herv\u00e9 Legrix n&rsquo;est jamais \u00e0 cours d&rsquo;id\u00e9es pour se lancer dans de nouveaux projets. Cette fois-ci, le D\u00e9odatien a d\u00e9cid\u00e9 [&hellip;]\" \/>\n<meta name=\"twitter:image\" content=\"https:\/\/vosgesinfo.fr\/app\/uploads\/sites\/4\/2024\/08\/202210exposition-photos-herve-legrix-octobre-rose-4-1.jpg\" \/>\n<meta name=\"twitter:creator\" content=\"@VosgesInfo88\" \/>\n<meta name=\"twitter:site\" content=\"@VosgesInfo88\" \/>\n<meta name=\"twitter:label1\" content=\"\u00c9crit par\" \/>\n\t<meta name=\"twitter:data1\" content=\"la r\u00e9daction\" \/>\n\t<meta name=\"twitter:label2\" content=\"Dur\u00e9e de lecture estim\u00e9e\" \/>\n\t<meta name=\"twitter:data2\" content=\"2 minutes\" \/>\n<script type=\"application\/ld+json\" class=\"yoast-schema-graph\">{\"@context\":\"https:\/\/schema.org\",\"@graph\":[{\"@type\":\"Article\",\"@id\":\"https:\/\/vosgesinfo.fr\/saintdieinfo\/2022\/10\/portraits-noir-blanc-profit-doctobre-rose\/#article\",\"isPartOf\":{\"@id\":\"https:\/\/vosgesinfo.fr\/saintdieinfo\/2022\/10\/portraits-noir-blanc-profit-doctobre-rose\/\"},\"author\":{\"name\":\"la r\u00e9daction\",\"@id\":\"https:\/\/vosgesinfo.fr\/saintdieinfo\/#\/schema\/person\/faee6704a21f3977511db84bd1cd450f\"},\"headline\":\"Des portraits en noir et blanc au profit d&rsquo;Octobre Rose\",\"datePublished\":\"2022-10-03T13:11:45+00:00\",\"dateModified\":\"2022-10-03T13:11:45+00:00\",\"mainEntityOfPage\":{\"@id\":\"https:\/\/vosgesinfo.fr\/saintdieinfo\/2022\/10\/portraits-noir-blanc-profit-doctobre-rose\/\"},\"wordCount\":458,\"commentCount\":0,\"publisher\":{\"@id\":\"https:\/\/vosgesinfo.fr\/saintdieinfo\/#organization\"},\"image\":{\"@id\":\"https:\/\/vosgesinfo.fr\/saintdieinfo\/2022\/10\/portraits-noir-blanc-profit-doctobre-rose\/#primaryimage\"},\"thumbnailUrl\":\"https:\/\/vosgesinfo.fr\/app\/uploads\/sites\/4\/2024\/08\/202210exposition-photos-herve-legrix-octobre-rose-4-1.jpg\",\"keywords\":[\"Centre-Social Lucie Aubrac\",\"Exposition photographique\",\"Herv\u00e9 Legrix\",\"Octobre Rose\",\"Portraits en noir et blanc\",\"Quartier Kellermann\"],\"articleSection\":[\"A la Une\",\"Saint-Di\u00e9-des-Vosges et son Agglom\u00e9ration\",\"Solidarit\u00e9\"],\"inLanguage\":\"fr-FR\",\"potentialAction\":[{\"@type\":\"CommentAction\",\"name\":\"Comment\",\"target\":[\"https:\/\/vosgesinfo.fr\/saintdieinfo\/2022\/10\/portraits-noir-blanc-profit-doctobre-rose\/#respond\"]}]},{\"@type\":\"WebPage\",\"@id\":\"https:\/\/vosgesinfo.fr\/saintdieinfo\/2022\/10\/portraits-noir-blanc-profit-doctobre-rose\/\",\"url\":\"https:\/\/vosgesinfo.fr\/saintdieinfo\/2022\/10\/portraits-noir-blanc-profit-doctobre-rose\/\",\"name\":\"Des portraits en noir et blanc au profit d'Octobre Rose - Saint Die Info\",\"isPartOf\":{\"@id\":\"https:\/\/vosgesinfo.fr\/saintdieinfo\/#website\"},\"primaryImageOfPage\":{\"@id\":\"https:\/\/vosgesinfo.fr\/saintdieinfo\/2022\/10\/portraits-noir-blanc-profit-doctobre-rose\/#primaryimage\"},\"image\":{\"@id\":\"https:\/\/vosgesinfo.fr\/saintdieinfo\/2022\/10\/portraits-noir-blanc-profit-doctobre-rose\/#primaryimage\"},\"thumbnailUrl\":\"https:\/\/vosgesinfo.fr\/app\/uploads\/sites\/4\/2024\/08\/202210exposition-photos-herve-legrix-octobre-rose-4-1.jpg\",\"datePublished\":\"2022-10-03T13:11:45+00:00\",\"dateModified\":\"2022-10-03T13:11:45+00:00\",\"breadcrumb\":{\"@id\":\"https:\/\/vosgesinfo.fr\/saintdieinfo\/2022\/10\/portraits-noir-blanc-profit-doctobre-rose\/#breadcrumb\"},\"inLanguage\":\"fr-FR\",\"potentialAction\":[{\"@type\":\"ReadAction\",\"target\":[\"https:\/\/vosgesinfo.fr\/saintdieinfo\/2022\/10\/portraits-noir-blanc-profit-doctobre-rose\/\"]}]},{\"@type\":\"ImageObject\",\"inLanguage\":\"fr-FR\",\"@id\":\"https:\/\/vosgesinfo.fr\/saintdieinfo\/2022\/10\/portraits-noir-blanc-profit-doctobre-rose\/#primaryimage\",\"url\":\"https:\/\/vosgesinfo.fr\/app\/uploads\/sites\/4\/2024\/08\/202210exposition-photos-herve-legrix-octobre-rose-4-1.jpg\",\"contentUrl\":\"https:\/\/vosgesinfo.fr\/app\/uploads\/sites\/4\/2024\/08\/202210exposition-photos-herve-legrix-octobre-rose-4-1.jpg\",\"width\":1600,\"height\":1205},{\"@type\":\"BreadcrumbList\",\"@id\":\"https:\/\/vosgesinfo.fr\/saintdieinfo\/2022\/10\/portraits-noir-blanc-profit-doctobre-rose\/#breadcrumb\",\"itemListElement\":[{\"@type\":\"ListItem\",\"position\":1,\"name\":\"Home\",\"item\":\"https:\/\/vosgesinfo.fr\/saintdieinfo\/\"},{\"@type\":\"ListItem\",\"position\":2,\"name\":\"Des portraits en noir et blanc au profit d&rsquo;Octobre Rose\"}]},{\"@type\":\"WebSite\",\"@id\":\"https:\/\/vosgesinfo.fr\/saintdieinfo\/#website\",\"url\":\"https:\/\/vosgesinfo.fr\/saintdieinfo\/\",\"name\":\"Saint Die Info\",\"description\":\"Toute l&#039;actualit\u00e9 de Saint-Di\u00e9-Des-Vosges\",\"publisher\":{\"@id\":\"https:\/\/vosgesinfo.fr\/saintdieinfo\/#organization\"},\"alternateName\":\"Toute l'actualit\u00e9 de Saint-Di\u00e9-Des-Vosges\",\"potentialAction\":[{\"@type\":\"SearchAction\",\"target\":{\"@type\":\"EntryPoint\",\"urlTemplate\":\"https:\/\/vosgesinfo.fr\/saintdieinfo\/?s={search_term_string}\"},\"query-input\":\"required name=search_term_string\"}],\"inLanguage\":\"fr-FR\"},{\"@type\":\"Organization\",\"@id\":\"https:\/\/vosgesinfo.fr\/saintdieinfo\/#organization\",\"name\":\"Saint Die Info\",\"url\":\"https:\/\/vosgesinfo.fr\/saintdieinfo\/\",\"logo\":{\"@type\":\"ImageObject\",\"inLanguage\":\"fr-FR\",\"@id\":\"https:\/\/vosgesinfo.fr\/saintdieinfo\/#\/schema\/logo\/image\/\",\"url\":\"https:\/\/vosgesinfo.fr\/app\/uploads\/sites\/4\/2024\/02\/logo-sdi.jpg\",\"contentUrl\":\"https:\/\/vosgesinfo.fr\/app\/uploads\/sites\/4\/2024\/02\/logo-sdi.jpg\",\"width\":600,\"height\":600,\"caption\":\"Saint Die Info\"},\"image\":{\"@id\":\"https:\/\/vosgesinfo.fr\/saintdieinfo\/#\/schema\/logo\/image\/\"},\"sameAs\":[\"https:\/\/www.facebook.com\/Saintdieinfofr\",\"https:\/\/x.com\/VosgesInfo88\",\"https:\/\/www.youtube.com\/@vosgesinfo\"]},{\"@type\":\"Person\",\"@id\":\"https:\/\/vosgesinfo.fr\/saintdieinfo\/#\/schema\/person\/faee6704a21f3977511db84bd1cd450f\",\"name\":\"la r\u00e9daction\",\"image\":{\"@type\":\"ImageObject\",\"inLanguage\":\"fr-FR\",\"@id\":\"https:\/\/vosgesinfo.fr\/saintdieinfo\/#\/schema\/person\/image\/\",\"url\":\"https:\/\/secure.gravatar.com\/avatar\/6673d8bc6a9c17fa9a453eaa3448de834fa308c2ec9635b7aa99441a7c8d2cf6?s=96&d=mm&r=g\",\"contentUrl\":\"https:\/\/secure.gravatar.com\/avatar\/6673d8bc6a9c17fa9a453eaa3448de834fa308c2ec9635b7aa99441a7c8d2cf6?s=96&d=mm&r=g\",\"caption\":\"la r\u00e9daction\"},\"url\":\"https:\/\/vosgesinfo.fr\/saintdieinfo\/author\/redac\/\"}]}<\/script>\n<!-- \/ Yoast SEO plugin. -->","yoast_head_json":{"title":"Des portraits en noir et blanc au profit d'Octobre Rose - Saint Die Info","robots":{"index":"index","follow":"follow","max-snippet":"max-snippet:-1","max-image-preview":"max-image-preview:large","max-video-preview":"max-video-preview:-1"},"canonical":"https:\/\/vosgesinfo.fr\/saintdieinfo\/2022\/10\/portraits-noir-blanc-profit-doctobre-rose\/","twitter_card":"summary_large_image","twitter_title":"Des portraits en noir et blanc au profit d'Octobre Rose - Saint Die Info","twitter_description":"Herv\u00e9 Legrix n&rsquo;est jamais \u00e0 cours d&rsquo;id\u00e9es pour se lancer dans de nouveaux projets. Cette fois-ci, le D\u00e9odatien a d\u00e9cid\u00e9 [&hellip;]","twitter_image":"https:\/\/vosgesinfo.fr\/app\/uploads\/sites\/4\/2024\/08\/202210exposition-photos-herve-legrix-octobre-rose-4-1.jpg","twitter_creator":"@VosgesInfo88","twitter_site":"@VosgesInfo88","twitter_misc":{"\u00c9crit par":"la r\u00e9daction","Dur\u00e9e de lecture estim\u00e9e":"2 minutes"},"schema":{"@context":"https:\/\/schema.org","@graph":[{"@type":"Article","@id":"https:\/\/vosgesinfo.fr\/saintdieinfo\/2022\/10\/portraits-noir-blanc-profit-doctobre-rose\/#article","isPartOf":{"@id":"https:\/\/vosgesinfo.fr\/saintdieinfo\/2022\/10\/portraits-noir-blanc-profit-doctobre-rose\/"},"author":{"name":"la r\u00e9daction","@id":"https:\/\/vosgesinfo.fr\/saintdieinfo\/#\/schema\/person\/faee6704a21f3977511db84bd1cd450f"},"headline":"Des portraits en noir et blanc au profit d&rsquo;Octobre Rose","datePublished":"2022-10-03T13:11:45+00:00","dateModified":"2022-10-03T13:11:45+00:00","mainEntityOfPage":{"@id":"https:\/\/vosgesinfo.fr\/saintdieinfo\/2022\/10\/portraits-noir-blanc-profit-doctobre-rose\/"},"wordCount":458,"commentCount":0,"publisher":{"@id":"https:\/\/vosgesinfo.fr\/saintdieinfo\/#organization"},"image":{"@id":"https:\/\/vosgesinfo.fr\/saintdieinfo\/2022\/10\/portraits-noir-blanc-profit-doctobre-rose\/#primaryimage"},"thumbnailUrl":"https:\/\/vosgesinfo.fr\/app\/uploads\/sites\/4\/2024\/08\/202210exposition-photos-herve-legrix-octobre-rose-4-1.jpg","keywords":["Centre-Social Lucie Aubrac","Exposition photographique","Herv\u00e9 Legrix","Octobre Rose","Portraits en noir et blanc","Quartier Kellermann"],"articleSection":["A la Une","Saint-Di\u00e9-des-Vosges et son Agglom\u00e9ration","Solidarit\u00e9"],"inLanguage":"fr-FR","potentialAction":[{"@type":"CommentAction","name":"Comment","target":["https:\/\/vosgesinfo.fr\/saintdieinfo\/2022\/10\/portraits-noir-blanc-profit-doctobre-rose\/#respond"]}]},{"@type":"WebPage","@id":"https:\/\/vosgesinfo.fr\/saintdieinfo\/2022\/10\/portraits-noir-blanc-profit-doctobre-rose\/","url":"https:\/\/vosgesinfo.fr\/saintdieinfo\/2022\/10\/portraits-noir-blanc-profit-doctobre-rose\/","name":"Des portraits en noir et blanc au profit d'Octobre Rose - Saint Die Info","isPartOf":{"@id":"https:\/\/vosgesinfo.fr\/saintdieinfo\/#website"},"primaryImageOfPage":{"@id":"https:\/\/vosgesinfo.fr\/saintdieinfo\/2022\/10\/portraits-noir-blanc-profit-doctobre-rose\/#primaryimage"},"image":{"@id":"https:\/\/vosgesinfo.fr\/saintdieinfo\/2022\/10\/portraits-noir-blanc-profit-doctobre-rose\/#primaryimage"},"thumbnailUrl":"https:\/\/vosgesinfo.fr\/app\/uploads\/sites\/4\/2024\/08\/202210exposition-photos-herve-legrix-octobre-rose-4-1.jpg","datePublished":"2022-10-03T13:11:45+00:00","dateModified":"2022-10-03T13:11:45+00:00","breadcrumb":{"@id":"https:\/\/vosgesinfo.fr\/saintdieinfo\/2022\/10\/portraits-noir-blanc-profit-doctobre-rose\/#breadcrumb"},"inLanguage":"fr-FR","potentialAction":[{"@type":"ReadAction","target":["https:\/\/vosgesinfo.fr\/saintdieinfo\/2022\/10\/portraits-noir-blanc-profit-doctobre-rose\/"]}]},{"@type":"ImageObject","inLanguage":"fr-FR","@id":"https:\/\/vosgesinfo.fr\/saintdieinfo\/2022\/10\/portraits-noir-blanc-profit-doctobre-rose\/#primaryimage","url":"https:\/\/vosgesinfo.fr\/app\/uploads\/sites\/4\/2024\/08\/202210exposition-photos-herve-legrix-octobre-rose-4-1.jpg","contentUrl":"https:\/\/vosgesinfo.fr\/app\/uploads\/sites\/4\/2024\/08\/202210exposition-photos-herve-legrix-octobre-rose-4-1.jpg","width":1600,"height":1205},{"@type":"BreadcrumbList","@id":"https:\/\/vosgesinfo.fr\/saintdieinfo\/2022\/10\/portraits-noir-blanc-profit-doctobre-rose\/#breadcrumb","itemListElement":[{"@type":"ListItem","position":1,"name":"Home","item":"https:\/\/vosgesinfo.fr\/saintdieinfo\/"},{"@type":"ListItem","position":2,"name":"Des portraits en noir et blanc au profit d&rsquo;Octobre Rose"}]},{"@type":"WebSite","@id":"https:\/\/vosgesinfo.fr\/saintdieinfo\/#website","url":"https:\/\/vosgesinfo.fr\/saintdieinfo\/","name":"Saint Die Info","description":"Toute l&#039;actualit\u00e9 de Saint-Di\u00e9-Des-Vosges","publisher":{"@id":"https:\/\/vosgesinfo.fr\/saintdieinfo\/#organization"},"alternateName":"Toute l'actualit\u00e9 de Saint-Di\u00e9-Des-Vosges","potentialAction":[{"@type":"SearchAction","target":{"@type":"EntryPoint","urlTemplate":"https:\/\/vosgesinfo.fr\/saintdieinfo\/?s={search_term_string}"},"query-input":"required name=search_term_string"}],"inLanguage":"fr-FR"},{"@type":"Organization","@id":"https:\/\/vosgesinfo.fr\/saintdieinfo\/#organization","name":"Saint Die Info","url":"https:\/\/vosgesinfo.fr\/saintdieinfo\/","logo":{"@type":"ImageObject","inLanguage":"fr-FR","@id":"https:\/\/vosgesinfo.fr\/saintdieinfo\/#\/schema\/logo\/image\/","url":"https:\/\/vosgesinfo.fr\/app\/uploads\/sites\/4\/2024\/02\/logo-sdi.jpg","contentUrl":"https:\/\/vosgesinfo.fr\/app\/uploads\/sites\/4\/2024\/02\/logo-sdi.jpg","width":600,"height":600,"caption":"Saint Die Info"},"image":{"@id":"https:\/\/vosgesinfo.fr\/saintdieinfo\/#\/schema\/logo\/image\/"},"sameAs":["https:\/\/www.facebook.com\/Saintdieinfofr","https:\/\/x.com\/VosgesInfo88","https:\/\/www.youtube.com\/@vosgesinfo"]},{"@type":"Person","@id":"https:\/\/vosgesinfo.fr\/saintdieinfo\/#\/schema\/person\/faee6704a21f3977511db84bd1cd450f","name":"la r\u00e9daction","image":{"@type":"ImageObject","inLanguage":"fr-FR","@id":"https:\/\/vosgesinfo.fr\/saintdieinfo\/#\/schema\/person\/image\/","url":"https:\/\/secure.gravatar.com\/avatar\/6673d8bc6a9c17fa9a453eaa3448de834fa308c2ec9635b7aa99441a7c8d2cf6?s=96&d=mm&r=g","contentUrl":"https:\/\/secure.gravatar.com\/avatar\/6673d8bc6a9c17fa9a453eaa3448de834fa308c2ec9635b7aa99441a7c8d2cf6?s=96&d=mm&r=g","caption":"la r\u00e9daction"},"url":"https:\/\/vosgesinfo.fr\/saintdieinfo\/author\/redac\/"}]}},"_links":{"self":[{"href":"https:\/\/vosgesinfo.fr\/saintdieinfo\/wp-json\/wp\/v2\/posts\/58218","targetHints":{"allow":["GET"]}}],"collection":[{"href":"https:\/\/vosgesinfo.fr\/saintdieinfo\/wp-json\/wp\/v2\/posts"}],"about":[{"href":"https:\/\/vosgesinfo.fr\/saintdieinfo\/wp-json\/wp\/v2\/types\/post"}],"author":[{"embeddable":true,"href":"https:\/\/vosgesinfo.fr\/saintdieinfo\/wp-json\/wp\/v2\/users\/44"}],"replies":[{"embeddable":true,"href":"https:\/\/vosgesinfo.fr\/saintdieinfo\/wp-json\/wp\/v2\/comments?post=58218"}],"version-history":[{"count":0,"href":"https:\/\/vosgesinfo.fr\/saintdieinfo\/wp-json\/wp\/v2\/posts\/58218\/revisions"}],"wp:featuredmedia":[{"embeddable":true,"href":"https:\/\/vosgesinfo.fr\/saintdieinfo\/wp-json\/wp\/v2\/media\/58219"}],"wp:attachment":[{"href":"https:\/\/vosgesinfo.fr\/saintdieinfo\/wp-json\/wp\/v2\/media?parent=58218"}],"wp:term":[{"taxonomy":"category","embeddable":true,"href":"https:\/\/vosgesinfo.fr\/saintdieinfo\/wp-json\/wp\/v2\/categories?post=58218"},{"taxonomy":"post_tag","embeddable":true,"href":"https:\/\/vosgesinfo.fr\/saintdieinfo\/wp-json\/wp\/v2\/tags?post=58218"}],"curies":[{"name":"wp","href":"https:\/\/api.w.org\/{rel}","templated":true}]}}