{"id":58235,"date":"2022-10-04T11:20:09","date_gmt":"2022-10-04T09:20:09","guid":{"rendered":"https:\/\/vosgesinfo.fr\/saintdieinfo\/2022\/10\/conference-voyage-autour-sebastien-haton-a-tour-de-liberte\/"},"modified":"2022-10-04T11:20:09","modified_gmt":"2022-10-04T09:20:09","slug":"conference-voyage-autour-sebastien-haton-a-tour-de-liberte","status":"publish","type":"post","link":"https:\/\/vosgesinfo.fr\/saintdieinfo\/2022\/10\/conference-voyage-autour-sebastien-haton-a-tour-de-liberte\/","title":{"rendered":"Conf\u00e9rence \u00ab\u00a0Voyage autour du mot\u00a0\u00bb par S\u00e9bastien Haton \u00e0 la Tour de la Libert\u00e9"},"content":{"rendered":"<h2><strong><span style=\"font-size: 14pt;\">L&rsquo;Association des Membres de l&rsquo;Ordre des Palmes Acad\u00e9miques \u2013 AMOPA \u2013 des Vosges organise une conf\u00e9rence \u00e0 la Tour de la Libert\u00e9, mercredi 19 octobre de 10h \u00e0 12h, intitul\u00e9e \u00ab\u00a0Voyage autour du mot\u00a0\u00bb et anim\u00e9e par S\u00e9bastien Haton.<\/span><\/strong><\/h2>\n<p><!--more--><\/p>\n<h3><span style=\"font-size: large;\"><strong><span style=\"font-size: 12pt;\">Voyage autour du mot<\/span><\/strong><br \/>\n<\/span><\/h3>\n<p><span style=\"font-size: 12pt;\">Le MOT, centre n\u00e9vralgique de la langue, objet aussi petit que merveilleux, qui contient en lui-m\u00eame la m\u00e9moire des hommes, l\u2019histoire de sa propre langue et de celles qui l\u2019ont pr\u00e9c\u00e9d\u00e9e&#8230; et qui soul\u00e8ve tant de questions ! Une langue peut-elle se passer de MOTS ? Mais au fait, qu\u2019est-ce qu\u2019un MOT ? Quelle est sa substance, sa port\u00e9e, sa r\u00e9alit\u00e9 ? D\u2019o\u00f9 vient-il ? Comment d\u00e9termine-t-on si un MOT fait ou non partie de la langue ? Comment entre-t-il dans notre espace, comment peut-il en sortir parfois ? Le dictionnaire est-il ou doit-il \u00eatre un outil de r\u00e9f\u00e9rence essentiel ? Et surtout, quelle sont ses sp\u00e9cificit\u00e9s, ses \u00e9volutions, ses particularit\u00e9s, sa vivacit\u00e9, son essence ? Et quelles sont nos perceptions, nos ressentis, nos attitudes face aux MOTS ? Enfin, \u00e0 quoi \u00e7a sert et comment nous en servons-nous ? Dans un voyage conf\u00e9rencier ludique et \u00ab complet \u00bb autour du MOT, le lexicologue et ex lexicographe au CNRS S\u00e9bastien Haton essaiera en un temps record de montrer l\u2019incroyable richesse d\u2019une notion si famili\u00e8re que nous en ignorons presque tout&#8230; Apr\u00e8s cette conf\u00e9rence, la vie des MOTS vous semblera plus extraordinaire que jamais, mais un peu moins myst\u00e9rieuse.<\/span><\/p>\n<h3><span style=\"font-size: large;\"><strong><span style=\"font-size: 12pt;\">Biographie sommaire de S\u00e9bastien Haton<\/span><\/strong><br \/>\n<\/span><\/h3>\n<p><span style=\"font-size: 12pt;\">S\u00e9bastien Haton, 50 ans, habitant en Bourgogne (Yonne), n\u00e9 en Meurthe-et-Moselle de parents vosgiens, tous deux professeurs \u00e0 l\u2019universit\u00e9 des sciences de Lorraine. Lexicologue-Lexicographe, docteur en linguistique, membre du CNRS et enseignant L\u2019universit\u00e9 de Lorraine entre 1997 et 2015, depuis artisan des mots dans son entreprise \u00ab Le Verbe au Vert \u00bb, auteur romancier, animateur d\u2019ateliers et de stages, com\u00e9dien, r\u00e9dacteur-correcteur, conf\u00e9rencier, chroniqueur radio et vid\u00e9o, membre actif de plusieurs associations locales (arts, culture, valorisation des talents locaux, \u00e9ducation et environnement) et 1er adjoint au maire de sa commune. Hyperactif et passionn\u00e9, S\u00e9bastien participe \u00e0 de nombreux projets individuels et collectifs avec toujours le m\u00eame mot d\u2019ordre : aimer et faire aimer la langue fran\u00e7aise.<\/span><\/p>\n<p><span style=\"font-size: 12pt;\">Auteur de plusieurs ouvrages litt\u00e9raires dont son dernier roman \u00ab Le dernier mot \u00bb aux \u00e9ditions AO, paru en 2020. Co-auteur de 60 livres d\u2019artistes avec la peintre-plasticienne V\u00e9ronique Lafont avec laquelle il partage sa vie. \u2013 Il a co-\u00e9crit, co-mis en sc\u00e8ne et jou\u00e9 trois spectacles collectifs en amateur entre 2015 et 2020, \u00ab Itin\u00e9rances africaines \u00bb, \u00ab C\u2019est nous les comiques \u00bb et \u00ab Au train o\u00f9 vont les choses \u00bb (ce dernier interrompu cause Covid). Il vient de cr\u00e9er la pi\u00e8ce seul-en- sc\u00e8ne \u00ab Labadens-La langue t\u2019appartient \u00bb, professionnellement cette fois, dont les premi\u00e8res ont eu lieu en mai 2022. Tournant int\u00e9gralement autour du mot et de la langue, \u00ab Labadens-La langue t\u2019appartient \u00bb est disponible en deux versions, longue pour tous publics et courte pour les \u00e9tablissements scolaires notamment.<\/span><\/p>\n","protected":false},"excerpt":{"rendered":"<p>L&rsquo;Association des Membres de l&rsquo;Ordre des Palmes Acad\u00e9miques \u2013 AMOPA \u2013 des Vosges organise une conf\u00e9rence \u00e0 la Tour de [&hellip;]<\/p>\n","protected":false},"author":44,"featured_media":23841,"comment_status":"open","ping_status":"open","sticky":false,"template":"","format":"standard","meta":{"footnotes":""},"categories":[3900,7847,2915],"tags":[12706,12707,12708,2953,12709],"class_list":["post-58235","post","type-post","status-publish","format-standard","has-post-thumbnail","hentry","category-breves","category-art-culture","category-saint-die-son-canton","tag-amopa-des-vosges","tag-association-des-membres-de-lordre-des-palmes-academiques-des-vosges","tag-sebastien-haton","tag-tour-de-la-liberte","tag-voyage-autour-du-mot"],"acf":[],"yoast_head":"<!-- This site is optimized with the Yoast SEO plugin v22.5 - https:\/\/yoast.com\/wordpress\/plugins\/seo\/ -->\n<title>Conf\u00e9rence &quot;Voyage autour du mot&quot; par S\u00e9bastien Haton \u00e0 la Tour de la Libert\u00e9 - Saint Die Info<\/title>\n<meta name=\"robots\" content=\"index, follow, max-snippet:-1, max-image-preview:large, max-video-preview:-1\" \/>\n<link rel=\"canonical\" href=\"https:\/\/vosgesinfo.fr\/saintdieinfo\/2022\/10\/conference-voyage-autour-sebastien-haton-a-tour-de-liberte\/\" \/>\n<meta name=\"twitter:card\" content=\"summary_large_image\" \/>\n<meta name=\"twitter:title\" content=\"Conf\u00e9rence &quot;Voyage autour du mot&quot; par S\u00e9bastien Haton \u00e0 la Tour de la Libert\u00e9 - Saint Die Info\" \/>\n<meta name=\"twitter:description\" content=\"L&rsquo;Association des Membres de l&rsquo;Ordre des Palmes Acad\u00e9miques \u2013 AMOPA \u2013 des Vosges organise une conf\u00e9rence \u00e0 la Tour de [&hellip;]\" \/>\n<meta name=\"twitter:image\" content=\"https:\/\/vosgesinfo.fr\/app\/uploads\/sites\/4\/2017\/06\/tour-de-la-liberte-01.jpg\" \/>\n<meta name=\"twitter:creator\" content=\"@VosgesInfo88\" \/>\n<meta name=\"twitter:site\" content=\"@VosgesInfo88\" \/>\n<meta name=\"twitter:label1\" content=\"\u00c9crit par\" \/>\n\t<meta name=\"twitter:data1\" content=\"la r\u00e9daction\" \/>\n\t<meta name=\"twitter:label2\" content=\"Dur\u00e9e de lecture estim\u00e9e\" \/>\n\t<meta name=\"twitter:data2\" content=\"3 minutes\" \/>\n<script type=\"application\/ld+json\" class=\"yoast-schema-graph\">{\"@context\":\"https:\/\/schema.org\",\"@graph\":[{\"@type\":\"Article\",\"@id\":\"https:\/\/vosgesinfo.fr\/saintdieinfo\/2022\/10\/conference-voyage-autour-sebastien-haton-a-tour-de-liberte\/#article\",\"isPartOf\":{\"@id\":\"https:\/\/vosgesinfo.fr\/saintdieinfo\/2022\/10\/conference-voyage-autour-sebastien-haton-a-tour-de-liberte\/\"},\"author\":{\"name\":\"la r\u00e9daction\",\"@id\":\"https:\/\/vosgesinfo.fr\/saintdieinfo\/#\/schema\/person\/faee6704a21f3977511db84bd1cd450f\"},\"headline\":\"Conf\u00e9rence \u00ab\u00a0Voyage autour du mot\u00a0\u00bb par S\u00e9bastien Haton \u00e0 la Tour de la Libert\u00e9\",\"datePublished\":\"2022-10-04T09:20:09+00:00\",\"dateModified\":\"2022-10-04T09:20:09+00:00\",\"mainEntityOfPage\":{\"@id\":\"https:\/\/vosgesinfo.fr\/saintdieinfo\/2022\/10\/conference-voyage-autour-sebastien-haton-a-tour-de-liberte\/\"},\"wordCount\":526,\"commentCount\":0,\"publisher\":{\"@id\":\"https:\/\/vosgesinfo.fr\/saintdieinfo\/#organization\"},\"image\":{\"@id\":\"https:\/\/vosgesinfo.fr\/saintdieinfo\/2022\/10\/conference-voyage-autour-sebastien-haton-a-tour-de-liberte\/#primaryimage\"},\"thumbnailUrl\":\"https:\/\/vosgesinfo.fr\/app\/uploads\/sites\/4\/2017\/06\/tour-de-la-liberte-01.jpg\",\"keywords\":[\"AMOPA des Vosges\",\"Association des Membres de l'Ordre des Palmes Acad\u00e9miques des Vosges\",\"S\u00e9bastien Haton\",\"Tour de la Libert\u00e9\",\"Voyage autour du mot\"],\"articleSection\":[\"Br\u00e8ves\",\"Culture\",\"Saint-Di\u00e9-des-Vosges et son Agglom\u00e9ration\"],\"inLanguage\":\"fr-FR\",\"potentialAction\":[{\"@type\":\"CommentAction\",\"name\":\"Comment\",\"target\":[\"https:\/\/vosgesinfo.fr\/saintdieinfo\/2022\/10\/conference-voyage-autour-sebastien-haton-a-tour-de-liberte\/#respond\"]}]},{\"@type\":\"WebPage\",\"@id\":\"https:\/\/vosgesinfo.fr\/saintdieinfo\/2022\/10\/conference-voyage-autour-sebastien-haton-a-tour-de-liberte\/\",\"url\":\"https:\/\/vosgesinfo.fr\/saintdieinfo\/2022\/10\/conference-voyage-autour-sebastien-haton-a-tour-de-liberte\/\",\"name\":\"Conf\u00e9rence \\\"Voyage autour du mot\\\" par S\u00e9bastien Haton \u00e0 la Tour de la Libert\u00e9 - Saint Die Info\",\"isPartOf\":{\"@id\":\"https:\/\/vosgesinfo.fr\/saintdieinfo\/#website\"},\"primaryImageOfPage\":{\"@id\":\"https:\/\/vosgesinfo.fr\/saintdieinfo\/2022\/10\/conference-voyage-autour-sebastien-haton-a-tour-de-liberte\/#primaryimage\"},\"image\":{\"@id\":\"https:\/\/vosgesinfo.fr\/saintdieinfo\/2022\/10\/conference-voyage-autour-sebastien-haton-a-tour-de-liberte\/#primaryimage\"},\"thumbnailUrl\":\"https:\/\/vosgesinfo.fr\/app\/uploads\/sites\/4\/2017\/06\/tour-de-la-liberte-01.jpg\",\"datePublished\":\"2022-10-04T09:20:09+00:00\",\"dateModified\":\"2022-10-04T09:20:09+00:00\",\"breadcrumb\":{\"@id\":\"https:\/\/vosgesinfo.fr\/saintdieinfo\/2022\/10\/conference-voyage-autour-sebastien-haton-a-tour-de-liberte\/#breadcrumb\"},\"inLanguage\":\"fr-FR\",\"potentialAction\":[{\"@type\":\"ReadAction\",\"target\":[\"https:\/\/vosgesinfo.fr\/saintdieinfo\/2022\/10\/conference-voyage-autour-sebastien-haton-a-tour-de-liberte\/\"]}]},{\"@type\":\"ImageObject\",\"inLanguage\":\"fr-FR\",\"@id\":\"https:\/\/vosgesinfo.fr\/saintdieinfo\/2022\/10\/conference-voyage-autour-sebastien-haton-a-tour-de-liberte\/#primaryimage\",\"url\":\"https:\/\/vosgesinfo.fr\/app\/uploads\/sites\/4\/2017\/06\/tour-de-la-liberte-01.jpg\",\"contentUrl\":\"https:\/\/vosgesinfo.fr\/app\/uploads\/sites\/4\/2017\/06\/tour-de-la-liberte-01.jpg\",\"width\":1024,\"height\":682,\"caption\":\"(Archive)\"},{\"@type\":\"BreadcrumbList\",\"@id\":\"https:\/\/vosgesinfo.fr\/saintdieinfo\/2022\/10\/conference-voyage-autour-sebastien-haton-a-tour-de-liberte\/#breadcrumb\",\"itemListElement\":[{\"@type\":\"ListItem\",\"position\":1,\"name\":\"Home\",\"item\":\"https:\/\/vosgesinfo.fr\/saintdieinfo\/\"},{\"@type\":\"ListItem\",\"position\":2,\"name\":\"Conf\u00e9rence \u00ab\u00a0Voyage autour du mot\u00a0\u00bb par S\u00e9bastien Haton \u00e0 la Tour de la Libert\u00e9\"}]},{\"@type\":\"WebSite\",\"@id\":\"https:\/\/vosgesinfo.fr\/saintdieinfo\/#website\",\"url\":\"https:\/\/vosgesinfo.fr\/saintdieinfo\/\",\"name\":\"Saint Die Info\",\"description\":\"Toute l&#039;actualit\u00e9 de Saint-Di\u00e9-Des-Vosges\",\"publisher\":{\"@id\":\"https:\/\/vosgesinfo.fr\/saintdieinfo\/#organization\"},\"alternateName\":\"Toute l'actualit\u00e9 de Saint-Di\u00e9-Des-Vosges\",\"potentialAction\":[{\"@type\":\"SearchAction\",\"target\":{\"@type\":\"EntryPoint\",\"urlTemplate\":\"https:\/\/vosgesinfo.fr\/saintdieinfo\/?s={search_term_string}\"},\"query-input\":\"required name=search_term_string\"}],\"inLanguage\":\"fr-FR\"},{\"@type\":\"Organization\",\"@id\":\"https:\/\/vosgesinfo.fr\/saintdieinfo\/#organization\",\"name\":\"Saint Die Info\",\"url\":\"https:\/\/vosgesinfo.fr\/saintdieinfo\/\",\"logo\":{\"@type\":\"ImageObject\",\"inLanguage\":\"fr-FR\",\"@id\":\"https:\/\/vosgesinfo.fr\/saintdieinfo\/#\/schema\/logo\/image\/\",\"url\":\"https:\/\/vosgesinfo.fr\/app\/uploads\/sites\/4\/2024\/02\/logo-sdi.jpg\",\"contentUrl\":\"https:\/\/vosgesinfo.fr\/app\/uploads\/sites\/4\/2024\/02\/logo-sdi.jpg\",\"width\":600,\"height\":600,\"caption\":\"Saint Die Info\"},\"image\":{\"@id\":\"https:\/\/vosgesinfo.fr\/saintdieinfo\/#\/schema\/logo\/image\/\"},\"sameAs\":[\"https:\/\/www.facebook.com\/Saintdieinfofr\",\"https:\/\/x.com\/VosgesInfo88\",\"https:\/\/www.youtube.com\/@vosgesinfo\"]},{\"@type\":\"Person\",\"@id\":\"https:\/\/vosgesinfo.fr\/saintdieinfo\/#\/schema\/person\/faee6704a21f3977511db84bd1cd450f\",\"name\":\"la r\u00e9daction\",\"image\":{\"@type\":\"ImageObject\",\"inLanguage\":\"fr-FR\",\"@id\":\"https:\/\/vosgesinfo.fr\/saintdieinfo\/#\/schema\/person\/image\/\",\"url\":\"https:\/\/secure.gravatar.com\/avatar\/6673d8bc6a9c17fa9a453eaa3448de834fa308c2ec9635b7aa99441a7c8d2cf6?s=96&d=mm&r=g\",\"contentUrl\":\"https:\/\/secure.gravatar.com\/avatar\/6673d8bc6a9c17fa9a453eaa3448de834fa308c2ec9635b7aa99441a7c8d2cf6?s=96&d=mm&r=g\",\"caption\":\"la r\u00e9daction\"},\"url\":\"https:\/\/vosgesinfo.fr\/saintdieinfo\/author\/redac\/\"}]}<\/script>\n<!-- \/ Yoast SEO plugin. -->","yoast_head_json":{"title":"Conf\u00e9rence \"Voyage autour du mot\" par S\u00e9bastien Haton \u00e0 la Tour de la Libert\u00e9 - Saint Die Info","robots":{"index":"index","follow":"follow","max-snippet":"max-snippet:-1","max-image-preview":"max-image-preview:large","max-video-preview":"max-video-preview:-1"},"canonical":"https:\/\/vosgesinfo.fr\/saintdieinfo\/2022\/10\/conference-voyage-autour-sebastien-haton-a-tour-de-liberte\/","twitter_card":"summary_large_image","twitter_title":"Conf\u00e9rence \"Voyage autour du mot\" par S\u00e9bastien Haton \u00e0 la Tour de la Libert\u00e9 - Saint Die Info","twitter_description":"L&rsquo;Association des Membres de l&rsquo;Ordre des Palmes Acad\u00e9miques \u2013 AMOPA \u2013 des Vosges organise une conf\u00e9rence \u00e0 la Tour de [&hellip;]","twitter_image":"https:\/\/vosgesinfo.fr\/app\/uploads\/sites\/4\/2017\/06\/tour-de-la-liberte-01.jpg","twitter_creator":"@VosgesInfo88","twitter_site":"@VosgesInfo88","twitter_misc":{"\u00c9crit par":"la r\u00e9daction","Dur\u00e9e de lecture estim\u00e9e":"3 minutes"},"schema":{"@context":"https:\/\/schema.org","@graph":[{"@type":"Article","@id":"https:\/\/vosgesinfo.fr\/saintdieinfo\/2022\/10\/conference-voyage-autour-sebastien-haton-a-tour-de-liberte\/#article","isPartOf":{"@id":"https:\/\/vosgesinfo.fr\/saintdieinfo\/2022\/10\/conference-voyage-autour-sebastien-haton-a-tour-de-liberte\/"},"author":{"name":"la r\u00e9daction","@id":"https:\/\/vosgesinfo.fr\/saintdieinfo\/#\/schema\/person\/faee6704a21f3977511db84bd1cd450f"},"headline":"Conf\u00e9rence \u00ab\u00a0Voyage autour du mot\u00a0\u00bb par S\u00e9bastien Haton \u00e0 la Tour de la Libert\u00e9","datePublished":"2022-10-04T09:20:09+00:00","dateModified":"2022-10-04T09:20:09+00:00","mainEntityOfPage":{"@id":"https:\/\/vosgesinfo.fr\/saintdieinfo\/2022\/10\/conference-voyage-autour-sebastien-haton-a-tour-de-liberte\/"},"wordCount":526,"commentCount":0,"publisher":{"@id":"https:\/\/vosgesinfo.fr\/saintdieinfo\/#organization"},"image":{"@id":"https:\/\/vosgesinfo.fr\/saintdieinfo\/2022\/10\/conference-voyage-autour-sebastien-haton-a-tour-de-liberte\/#primaryimage"},"thumbnailUrl":"https:\/\/vosgesinfo.fr\/app\/uploads\/sites\/4\/2017\/06\/tour-de-la-liberte-01.jpg","keywords":["AMOPA des Vosges","Association des Membres de l'Ordre des Palmes Acad\u00e9miques des Vosges","S\u00e9bastien Haton","Tour de la Libert\u00e9","Voyage autour du mot"],"articleSection":["Br\u00e8ves","Culture","Saint-Di\u00e9-des-Vosges et son Agglom\u00e9ration"],"inLanguage":"fr-FR","potentialAction":[{"@type":"CommentAction","name":"Comment","target":["https:\/\/vosgesinfo.fr\/saintdieinfo\/2022\/10\/conference-voyage-autour-sebastien-haton-a-tour-de-liberte\/#respond"]}]},{"@type":"WebPage","@id":"https:\/\/vosgesinfo.fr\/saintdieinfo\/2022\/10\/conference-voyage-autour-sebastien-haton-a-tour-de-liberte\/","url":"https:\/\/vosgesinfo.fr\/saintdieinfo\/2022\/10\/conference-voyage-autour-sebastien-haton-a-tour-de-liberte\/","name":"Conf\u00e9rence \"Voyage autour du mot\" par S\u00e9bastien Haton \u00e0 la Tour de la Libert\u00e9 - Saint Die Info","isPartOf":{"@id":"https:\/\/vosgesinfo.fr\/saintdieinfo\/#website"},"primaryImageOfPage":{"@id":"https:\/\/vosgesinfo.fr\/saintdieinfo\/2022\/10\/conference-voyage-autour-sebastien-haton-a-tour-de-liberte\/#primaryimage"},"image":{"@id":"https:\/\/vosgesinfo.fr\/saintdieinfo\/2022\/10\/conference-voyage-autour-sebastien-haton-a-tour-de-liberte\/#primaryimage"},"thumbnailUrl":"https:\/\/vosgesinfo.fr\/app\/uploads\/sites\/4\/2017\/06\/tour-de-la-liberte-01.jpg","datePublished":"2022-10-04T09:20:09+00:00","dateModified":"2022-10-04T09:20:09+00:00","breadcrumb":{"@id":"https:\/\/vosgesinfo.fr\/saintdieinfo\/2022\/10\/conference-voyage-autour-sebastien-haton-a-tour-de-liberte\/#breadcrumb"},"inLanguage":"fr-FR","potentialAction":[{"@type":"ReadAction","target":["https:\/\/vosgesinfo.fr\/saintdieinfo\/2022\/10\/conference-voyage-autour-sebastien-haton-a-tour-de-liberte\/"]}]},{"@type":"ImageObject","inLanguage":"fr-FR","@id":"https:\/\/vosgesinfo.fr\/saintdieinfo\/2022\/10\/conference-voyage-autour-sebastien-haton-a-tour-de-liberte\/#primaryimage","url":"https:\/\/vosgesinfo.fr\/app\/uploads\/sites\/4\/2017\/06\/tour-de-la-liberte-01.jpg","contentUrl":"https:\/\/vosgesinfo.fr\/app\/uploads\/sites\/4\/2017\/06\/tour-de-la-liberte-01.jpg","width":1024,"height":682,"caption":"(Archive)"},{"@type":"BreadcrumbList","@id":"https:\/\/vosgesinfo.fr\/saintdieinfo\/2022\/10\/conference-voyage-autour-sebastien-haton-a-tour-de-liberte\/#breadcrumb","itemListElement":[{"@type":"ListItem","position":1,"name":"Home","item":"https:\/\/vosgesinfo.fr\/saintdieinfo\/"},{"@type":"ListItem","position":2,"name":"Conf\u00e9rence \u00ab\u00a0Voyage autour du mot\u00a0\u00bb par S\u00e9bastien Haton \u00e0 la Tour de la Libert\u00e9"}]},{"@type":"WebSite","@id":"https:\/\/vosgesinfo.fr\/saintdieinfo\/#website","url":"https:\/\/vosgesinfo.fr\/saintdieinfo\/","name":"Saint Die Info","description":"Toute l&#039;actualit\u00e9 de Saint-Di\u00e9-Des-Vosges","publisher":{"@id":"https:\/\/vosgesinfo.fr\/saintdieinfo\/#organization"},"alternateName":"Toute l'actualit\u00e9 de Saint-Di\u00e9-Des-Vosges","potentialAction":[{"@type":"SearchAction","target":{"@type":"EntryPoint","urlTemplate":"https:\/\/vosgesinfo.fr\/saintdieinfo\/?s={search_term_string}"},"query-input":"required name=search_term_string"}],"inLanguage":"fr-FR"},{"@type":"Organization","@id":"https:\/\/vosgesinfo.fr\/saintdieinfo\/#organization","name":"Saint Die Info","url":"https:\/\/vosgesinfo.fr\/saintdieinfo\/","logo":{"@type":"ImageObject","inLanguage":"fr-FR","@id":"https:\/\/vosgesinfo.fr\/saintdieinfo\/#\/schema\/logo\/image\/","url":"https:\/\/vosgesinfo.fr\/app\/uploads\/sites\/4\/2024\/02\/logo-sdi.jpg","contentUrl":"https:\/\/vosgesinfo.fr\/app\/uploads\/sites\/4\/2024\/02\/logo-sdi.jpg","width":600,"height":600,"caption":"Saint Die Info"},"image":{"@id":"https:\/\/vosgesinfo.fr\/saintdieinfo\/#\/schema\/logo\/image\/"},"sameAs":["https:\/\/www.facebook.com\/Saintdieinfofr","https:\/\/x.com\/VosgesInfo88","https:\/\/www.youtube.com\/@vosgesinfo"]},{"@type":"Person","@id":"https:\/\/vosgesinfo.fr\/saintdieinfo\/#\/schema\/person\/faee6704a21f3977511db84bd1cd450f","name":"la r\u00e9daction","image":{"@type":"ImageObject","inLanguage":"fr-FR","@id":"https:\/\/vosgesinfo.fr\/saintdieinfo\/#\/schema\/person\/image\/","url":"https:\/\/secure.gravatar.com\/avatar\/6673d8bc6a9c17fa9a453eaa3448de834fa308c2ec9635b7aa99441a7c8d2cf6?s=96&d=mm&r=g","contentUrl":"https:\/\/secure.gravatar.com\/avatar\/6673d8bc6a9c17fa9a453eaa3448de834fa308c2ec9635b7aa99441a7c8d2cf6?s=96&d=mm&r=g","caption":"la r\u00e9daction"},"url":"https:\/\/vosgesinfo.fr\/saintdieinfo\/author\/redac\/"}]}},"_links":{"self":[{"href":"https:\/\/vosgesinfo.fr\/saintdieinfo\/wp-json\/wp\/v2\/posts\/58235","targetHints":{"allow":["GET"]}}],"collection":[{"href":"https:\/\/vosgesinfo.fr\/saintdieinfo\/wp-json\/wp\/v2\/posts"}],"about":[{"href":"https:\/\/vosgesinfo.fr\/saintdieinfo\/wp-json\/wp\/v2\/types\/post"}],"author":[{"embeddable":true,"href":"https:\/\/vosgesinfo.fr\/saintdieinfo\/wp-json\/wp\/v2\/users\/44"}],"replies":[{"embeddable":true,"href":"https:\/\/vosgesinfo.fr\/saintdieinfo\/wp-json\/wp\/v2\/comments?post=58235"}],"version-history":[{"count":0,"href":"https:\/\/vosgesinfo.fr\/saintdieinfo\/wp-json\/wp\/v2\/posts\/58235\/revisions"}],"wp:featuredmedia":[{"embeddable":true,"href":"https:\/\/vosgesinfo.fr\/saintdieinfo\/wp-json\/wp\/v2\/media\/23841"}],"wp:attachment":[{"href":"https:\/\/vosgesinfo.fr\/saintdieinfo\/wp-json\/wp\/v2\/media?parent=58235"}],"wp:term":[{"taxonomy":"category","embeddable":true,"href":"https:\/\/vosgesinfo.fr\/saintdieinfo\/wp-json\/wp\/v2\/categories?post=58235"},{"taxonomy":"post_tag","embeddable":true,"href":"https:\/\/vosgesinfo.fr\/saintdieinfo\/wp-json\/wp\/v2\/tags?post=58235"}],"curies":[{"name":"wp","href":"https:\/\/api.w.org\/{rel}","templated":true}]}}