{"id":58240,"date":"2022-10-04T14:14:48","date_gmt":"2022-10-04T12:14:48","guid":{"rendered":"https:\/\/vosgesinfo.fr\/saintdieinfo\/2022\/10\/semaine-de-democratie-scolaire-recteur-richard-laganier-visite-a-cite-scolaire-jules-ferry\/"},"modified":"2022-10-04T14:14:48","modified_gmt":"2022-10-04T12:14:48","slug":"semaine-de-democratie-scolaire-recteur-richard-laganier-visite-a-cite-scolaire-jules-ferry","status":"publish","type":"post","link":"https:\/\/vosgesinfo.fr\/saintdieinfo\/2022\/10\/semaine-de-democratie-scolaire-recteur-richard-laganier-visite-a-cite-scolaire-jules-ferry\/","title":{"rendered":"Semaine de la d\u00e9mocratie scolaire : le recteur Richard Laganier en visite \u00e0 la Cit\u00e9 Scolaire Jules-Ferry"},"content":{"rendered":"<p><a href=\"\/2022\/10\/Semaine_D\u00e9mocratie_Cit\u00e9_Scolaire_JF-4.jpg\" target=\"_blank\" rel=\"noopener\"><img decoding=\"async\" class=\"aligncenter wp-image-190655 size-large\" src=\"\/2022\/10\/Semaine_D\u00e9mocratie_Cit\u00e9_Scolaire_JF-4-1024x771.jpg\" alt=\"Semaine_D\u00e9mocratie_Cit\u00e9_Scolaire_JF (4)\" width=\"960\" height=\"723\" \/><\/a><\/p>\n<h2><strong><span style=\"font-size: 14pt;\">La Semaine de la d\u00e9mocratie scolaire se d\u00e9roule du 3 au 8 octobre, avec pour objectif d&rsquo;encourager l&rsquo;engagement des \u00e9l\u00e8ves au sein de l&rsquo;Ecole. C&rsquo;est dans ce cadre que Richard Laganier, recteur acad\u00e9mique Grand Est et recteur de l&rsquo;acad\u00e9mie Nancy-Metz, s&rsquo;est rendu \u00e0 la Cit\u00e9 Scolaire Jules-Ferry ce mardi apr\u00e8s-midi.<\/span><\/strong><\/h2>\n<p><!--more--><\/p>\n<p>Accueilli sur place par le maire Bruno Toussaint et la proviseure de l&rsquo;\u00e9tablissement Patricia Braun, Richard Laganier est all\u00e9 \u00e0 la rencontre des \u00e9l\u00e8ves qui se pr\u00e9sentent pour l&rsquo;\u00e9lection au Conseil de la Vie Lyc\u00e9enne \u2013 CVL. Car c&rsquo;est aujourd&rsquo;hui qu&rsquo;avaient lieu les \u00e9lections visant \u00e0 \u00e9lire 5 des 10 membres du CVL de la Cit\u00e9 Scolaire D\u00e9odatienne. Chaque membre \u00e9tant \u00e9lu pour un mandat de 2 ans, sachant que tous les \u00e9l\u00e8ves de toutes les classes peuvent se pr\u00e9senter. Leurs camarades votent ensuite dans un isoloir afin d&rsquo;\u00e9lire leurs repr\u00e9sentants. Car les jeunes \u00e9lus du CVL sont associ\u00e9s aux d\u00e9cisions de l&rsquo;\u00e9tablissement, et peuvent proposer et porter diff\u00e9rents projets. 5 d&rsquo;entre eux sont notamment membre du Conseil d&rsquo;Administration de la Cit\u00e9 Scolaire. Ecologie, \u00e9galit\u00e9, lutte contre le racisme ou le harc\u00e8lement sont les principales pr\u00e9occupations qui ont \u00e9t\u00e9 exprim\u00e9es par les lyc\u00e9ens lors de leur \u00e9change avec le recteur. Richard Laganier d&rsquo;insister sur l&rsquo;importance de l&rsquo;engagement. \u00ab\u00a0Osez l&rsquo;engagement. Car c&rsquo;est ce qui fait soci\u00e9t\u00e9, et qui fait que l&rsquo;on est un citoyen engag\u00e9.\u00a0\u00bb<\/p>\n<p>J.J.<\/p>\n\n","protected":false},"excerpt":{"rendered":"<p>La Semaine de la d\u00e9mocratie scolaire se d\u00e9roule du 3 au 8 octobre, avec pour objectif d&rsquo;encourager l&rsquo;engagement des \u00e9l\u00e8ves [&hellip;]<\/p>\n","protected":false},"author":44,"featured_media":58241,"comment_status":"open","ping_status":"open","sticky":false,"template":"","format":"standard","meta":{"footnotes":""},"categories":[460,6,2915],"tags":[3352,10490,12713,3270,3271,12714],"class_list":["post-58240","post","type-post","status-publish","format-standard","has-post-thumbnail","hentry","category-a-la-une","category-education","category-saint-die-son-canton","tag-cite-scolaire-jules-ferry","tag-conseil-de-la-vie-lyceenne","tag-recteur-academique-grand-est","tag-recteur-de-lacademie-nancy-metz","tag-richard-laganier","tag-semaine-de-la-democratie-scolaire"],"acf":[],"yoast_head":"<!-- This site is optimized with the Yoast SEO plugin v22.5 - https:\/\/yoast.com\/wordpress\/plugins\/seo\/ -->\n<title>Semaine de la d\u00e9mocratie scolaire : le recteur Richard Laganier en visite \u00e0 la Cit\u00e9 Scolaire Jules-Ferry - Saint Die Info<\/title>\n<meta name=\"robots\" content=\"index, follow, max-snippet:-1, max-image-preview:large, max-video-preview:-1\" \/>\n<link rel=\"canonical\" href=\"https:\/\/vosgesinfo.fr\/saintdieinfo\/2022\/10\/semaine-de-democratie-scolaire-recteur-richard-laganier-visite-a-cite-scolaire-jules-ferry\/\" \/>\n<meta name=\"twitter:card\" content=\"summary_large_image\" \/>\n<meta name=\"twitter:title\" content=\"Semaine de la d\u00e9mocratie scolaire : le recteur Richard Laganier en visite \u00e0 la Cit\u00e9 Scolaire Jules-Ferry - Saint Die Info\" \/>\n<meta name=\"twitter:description\" content=\"La Semaine de la d\u00e9mocratie scolaire se d\u00e9roule du 3 au 8 octobre, avec pour objectif d&rsquo;encourager l&rsquo;engagement des \u00e9l\u00e8ves [&hellip;]\" \/>\n<meta name=\"twitter:image\" content=\"https:\/\/vosgesinfo.fr\/app\/uploads\/sites\/4\/2024\/08\/202210semaine-democratie-cite-scolaire-jf-4.jpg\" \/>\n<meta name=\"twitter:creator\" content=\"@VosgesInfo88\" \/>\n<meta name=\"twitter:site\" content=\"@VosgesInfo88\" \/>\n<meta name=\"twitter:label1\" content=\"\u00c9crit par\" \/>\n\t<meta name=\"twitter:data1\" content=\"la r\u00e9daction\" \/>\n\t<meta name=\"twitter:label2\" content=\"Dur\u00e9e de lecture estim\u00e9e\" \/>\n\t<meta name=\"twitter:data2\" content=\"1 minute\" \/>\n<script type=\"application\/ld+json\" class=\"yoast-schema-graph\">{\"@context\":\"https:\/\/schema.org\",\"@graph\":[{\"@type\":\"Article\",\"@id\":\"https:\/\/vosgesinfo.fr\/saintdieinfo\/2022\/10\/semaine-de-democratie-scolaire-recteur-richard-laganier-visite-a-cite-scolaire-jules-ferry\/#article\",\"isPartOf\":{\"@id\":\"https:\/\/vosgesinfo.fr\/saintdieinfo\/2022\/10\/semaine-de-democratie-scolaire-recteur-richard-laganier-visite-a-cite-scolaire-jules-ferry\/\"},\"author\":{\"name\":\"la r\u00e9daction\",\"@id\":\"https:\/\/vosgesinfo.fr\/saintdieinfo\/#\/schema\/person\/faee6704a21f3977511db84bd1cd450f\"},\"headline\":\"Semaine de la d\u00e9mocratie scolaire : le recteur Richard Laganier en visite \u00e0 la Cit\u00e9 Scolaire Jules-Ferry\",\"datePublished\":\"2022-10-04T12:14:48+00:00\",\"dateModified\":\"2022-10-04T12:14:48+00:00\",\"mainEntityOfPage\":{\"@id\":\"https:\/\/vosgesinfo.fr\/saintdieinfo\/2022\/10\/semaine-de-democratie-scolaire-recteur-richard-laganier-visite-a-cite-scolaire-jules-ferry\/\"},\"wordCount\":280,\"commentCount\":0,\"publisher\":{\"@id\":\"https:\/\/vosgesinfo.fr\/saintdieinfo\/#organization\"},\"image\":{\"@id\":\"https:\/\/vosgesinfo.fr\/saintdieinfo\/2022\/10\/semaine-de-democratie-scolaire-recteur-richard-laganier-visite-a-cite-scolaire-jules-ferry\/#primaryimage\"},\"thumbnailUrl\":\"https:\/\/vosgesinfo.fr\/app\/uploads\/sites\/4\/2024\/08\/202210semaine-democratie-cite-scolaire-jf-4.jpg\",\"keywords\":[\"Cit\u00e9 scolaire Jules-Ferry\",\"Conseil de la Vie Lyc\u00e9enne\",\"Recteur acad\u00e9mique Grand Est\",\"Recteur de l'acad\u00e9mie Nancy-Metz\",\"Richard Laganier\",\"Semaine de la d\u00e9mocratie scolaire\"],\"articleSection\":[\"A la Une\",\"\u00c9ducation\",\"Saint-Di\u00e9-des-Vosges et son Agglom\u00e9ration\"],\"inLanguage\":\"fr-FR\",\"potentialAction\":[{\"@type\":\"CommentAction\",\"name\":\"Comment\",\"target\":[\"https:\/\/vosgesinfo.fr\/saintdieinfo\/2022\/10\/semaine-de-democratie-scolaire-recteur-richard-laganier-visite-a-cite-scolaire-jules-ferry\/#respond\"]}]},{\"@type\":\"WebPage\",\"@id\":\"https:\/\/vosgesinfo.fr\/saintdieinfo\/2022\/10\/semaine-de-democratie-scolaire-recteur-richard-laganier-visite-a-cite-scolaire-jules-ferry\/\",\"url\":\"https:\/\/vosgesinfo.fr\/saintdieinfo\/2022\/10\/semaine-de-democratie-scolaire-recteur-richard-laganier-visite-a-cite-scolaire-jules-ferry\/\",\"name\":\"Semaine de la d\u00e9mocratie scolaire : le recteur Richard Laganier en visite \u00e0 la Cit\u00e9 Scolaire Jules-Ferry - Saint Die Info\",\"isPartOf\":{\"@id\":\"https:\/\/vosgesinfo.fr\/saintdieinfo\/#website\"},\"primaryImageOfPage\":{\"@id\":\"https:\/\/vosgesinfo.fr\/saintdieinfo\/2022\/10\/semaine-de-democratie-scolaire-recteur-richard-laganier-visite-a-cite-scolaire-jules-ferry\/#primaryimage\"},\"image\":{\"@id\":\"https:\/\/vosgesinfo.fr\/saintdieinfo\/2022\/10\/semaine-de-democratie-scolaire-recteur-richard-laganier-visite-a-cite-scolaire-jules-ferry\/#primaryimage\"},\"thumbnailUrl\":\"https:\/\/vosgesinfo.fr\/app\/uploads\/sites\/4\/2024\/08\/202210semaine-democratie-cite-scolaire-jf-4.jpg\",\"datePublished\":\"2022-10-04T12:14:48+00:00\",\"dateModified\":\"2022-10-04T12:14:48+00:00\",\"breadcrumb\":{\"@id\":\"https:\/\/vosgesinfo.fr\/saintdieinfo\/2022\/10\/semaine-de-democratie-scolaire-recteur-richard-laganier-visite-a-cite-scolaire-jules-ferry\/#breadcrumb\"},\"inLanguage\":\"fr-FR\",\"potentialAction\":[{\"@type\":\"ReadAction\",\"target\":[\"https:\/\/vosgesinfo.fr\/saintdieinfo\/2022\/10\/semaine-de-democratie-scolaire-recteur-richard-laganier-visite-a-cite-scolaire-jules-ferry\/\"]}]},{\"@type\":\"ImageObject\",\"inLanguage\":\"fr-FR\",\"@id\":\"https:\/\/vosgesinfo.fr\/saintdieinfo\/2022\/10\/semaine-de-democratie-scolaire-recteur-richard-laganier-visite-a-cite-scolaire-jules-ferry\/#primaryimage\",\"url\":\"https:\/\/vosgesinfo.fr\/app\/uploads\/sites\/4\/2024\/08\/202210semaine-democratie-cite-scolaire-jf-4.jpg\",\"contentUrl\":\"https:\/\/vosgesinfo.fr\/app\/uploads\/sites\/4\/2024\/08\/202210semaine-democratie-cite-scolaire-jf-4.jpg\",\"width\":1600,\"height\":1205},{\"@type\":\"BreadcrumbList\",\"@id\":\"https:\/\/vosgesinfo.fr\/saintdieinfo\/2022\/10\/semaine-de-democratie-scolaire-recteur-richard-laganier-visite-a-cite-scolaire-jules-ferry\/#breadcrumb\",\"itemListElement\":[{\"@type\":\"ListItem\",\"position\":1,\"name\":\"Home\",\"item\":\"https:\/\/vosgesinfo.fr\/saintdieinfo\/\"},{\"@type\":\"ListItem\",\"position\":2,\"name\":\"Semaine de la d\u00e9mocratie scolaire : le recteur Richard Laganier en visite \u00e0 la Cit\u00e9 Scolaire Jules-Ferry\"}]},{\"@type\":\"WebSite\",\"@id\":\"https:\/\/vosgesinfo.fr\/saintdieinfo\/#website\",\"url\":\"https:\/\/vosgesinfo.fr\/saintdieinfo\/\",\"name\":\"Saint Die Info\",\"description\":\"Toute l&#039;actualit\u00e9 de Saint-Di\u00e9-Des-Vosges\",\"publisher\":{\"@id\":\"https:\/\/vosgesinfo.fr\/saintdieinfo\/#organization\"},\"alternateName\":\"Toute l'actualit\u00e9 de Saint-Di\u00e9-Des-Vosges\",\"potentialAction\":[{\"@type\":\"SearchAction\",\"target\":{\"@type\":\"EntryPoint\",\"urlTemplate\":\"https:\/\/vosgesinfo.fr\/saintdieinfo\/?s={search_term_string}\"},\"query-input\":\"required name=search_term_string\"}],\"inLanguage\":\"fr-FR\"},{\"@type\":\"Organization\",\"@id\":\"https:\/\/vosgesinfo.fr\/saintdieinfo\/#organization\",\"name\":\"Saint Die Info\",\"url\":\"https:\/\/vosgesinfo.fr\/saintdieinfo\/\",\"logo\":{\"@type\":\"ImageObject\",\"inLanguage\":\"fr-FR\",\"@id\":\"https:\/\/vosgesinfo.fr\/saintdieinfo\/#\/schema\/logo\/image\/\",\"url\":\"https:\/\/vosgesinfo.fr\/app\/uploads\/sites\/4\/2024\/02\/logo-sdi.jpg\",\"contentUrl\":\"https:\/\/vosgesinfo.fr\/app\/uploads\/sites\/4\/2024\/02\/logo-sdi.jpg\",\"width\":600,\"height\":600,\"caption\":\"Saint Die Info\"},\"image\":{\"@id\":\"https:\/\/vosgesinfo.fr\/saintdieinfo\/#\/schema\/logo\/image\/\"},\"sameAs\":[\"https:\/\/www.facebook.com\/Saintdieinfofr\",\"https:\/\/x.com\/VosgesInfo88\",\"https:\/\/www.youtube.com\/@vosgesinfo\"]},{\"@type\":\"Person\",\"@id\":\"https:\/\/vosgesinfo.fr\/saintdieinfo\/#\/schema\/person\/faee6704a21f3977511db84bd1cd450f\",\"name\":\"la r\u00e9daction\",\"image\":{\"@type\":\"ImageObject\",\"inLanguage\":\"fr-FR\",\"@id\":\"https:\/\/vosgesinfo.fr\/saintdieinfo\/#\/schema\/person\/image\/\",\"url\":\"https:\/\/secure.gravatar.com\/avatar\/6673d8bc6a9c17fa9a453eaa3448de834fa308c2ec9635b7aa99441a7c8d2cf6?s=96&d=mm&r=g\",\"contentUrl\":\"https:\/\/secure.gravatar.com\/avatar\/6673d8bc6a9c17fa9a453eaa3448de834fa308c2ec9635b7aa99441a7c8d2cf6?s=96&d=mm&r=g\",\"caption\":\"la r\u00e9daction\"},\"url\":\"https:\/\/vosgesinfo.fr\/saintdieinfo\/author\/redac\/\"}]}<\/script>\n<!-- \/ Yoast SEO plugin. -->","yoast_head_json":{"title":"Semaine de la d\u00e9mocratie scolaire : le recteur Richard Laganier en visite \u00e0 la Cit\u00e9 Scolaire Jules-Ferry - Saint Die Info","robots":{"index":"index","follow":"follow","max-snippet":"max-snippet:-1","max-image-preview":"max-image-preview:large","max-video-preview":"max-video-preview:-1"},"canonical":"https:\/\/vosgesinfo.fr\/saintdieinfo\/2022\/10\/semaine-de-democratie-scolaire-recteur-richard-laganier-visite-a-cite-scolaire-jules-ferry\/","twitter_card":"summary_large_image","twitter_title":"Semaine de la d\u00e9mocratie scolaire : le recteur Richard Laganier en visite \u00e0 la Cit\u00e9 Scolaire Jules-Ferry - Saint Die Info","twitter_description":"La Semaine de la d\u00e9mocratie scolaire se d\u00e9roule du 3 au 8 octobre, avec pour objectif d&rsquo;encourager l&rsquo;engagement des \u00e9l\u00e8ves [&hellip;]","twitter_image":"https:\/\/vosgesinfo.fr\/app\/uploads\/sites\/4\/2024\/08\/202210semaine-democratie-cite-scolaire-jf-4.jpg","twitter_creator":"@VosgesInfo88","twitter_site":"@VosgesInfo88","twitter_misc":{"\u00c9crit par":"la r\u00e9daction","Dur\u00e9e de lecture estim\u00e9e":"1 minute"},"schema":{"@context":"https:\/\/schema.org","@graph":[{"@type":"Article","@id":"https:\/\/vosgesinfo.fr\/saintdieinfo\/2022\/10\/semaine-de-democratie-scolaire-recteur-richard-laganier-visite-a-cite-scolaire-jules-ferry\/#article","isPartOf":{"@id":"https:\/\/vosgesinfo.fr\/saintdieinfo\/2022\/10\/semaine-de-democratie-scolaire-recteur-richard-laganier-visite-a-cite-scolaire-jules-ferry\/"},"author":{"name":"la r\u00e9daction","@id":"https:\/\/vosgesinfo.fr\/saintdieinfo\/#\/schema\/person\/faee6704a21f3977511db84bd1cd450f"},"headline":"Semaine de la d\u00e9mocratie scolaire : le recteur Richard Laganier en visite \u00e0 la Cit\u00e9 Scolaire Jules-Ferry","datePublished":"2022-10-04T12:14:48+00:00","dateModified":"2022-10-04T12:14:48+00:00","mainEntityOfPage":{"@id":"https:\/\/vosgesinfo.fr\/saintdieinfo\/2022\/10\/semaine-de-democratie-scolaire-recteur-richard-laganier-visite-a-cite-scolaire-jules-ferry\/"},"wordCount":280,"commentCount":0,"publisher":{"@id":"https:\/\/vosgesinfo.fr\/saintdieinfo\/#organization"},"image":{"@id":"https:\/\/vosgesinfo.fr\/saintdieinfo\/2022\/10\/semaine-de-democratie-scolaire-recteur-richard-laganier-visite-a-cite-scolaire-jules-ferry\/#primaryimage"},"thumbnailUrl":"https:\/\/vosgesinfo.fr\/app\/uploads\/sites\/4\/2024\/08\/202210semaine-democratie-cite-scolaire-jf-4.jpg","keywords":["Cit\u00e9 scolaire Jules-Ferry","Conseil de la Vie Lyc\u00e9enne","Recteur acad\u00e9mique Grand Est","Recteur de l'acad\u00e9mie Nancy-Metz","Richard Laganier","Semaine de la d\u00e9mocratie scolaire"],"articleSection":["A la Une","\u00c9ducation","Saint-Di\u00e9-des-Vosges et son Agglom\u00e9ration"],"inLanguage":"fr-FR","potentialAction":[{"@type":"CommentAction","name":"Comment","target":["https:\/\/vosgesinfo.fr\/saintdieinfo\/2022\/10\/semaine-de-democratie-scolaire-recteur-richard-laganier-visite-a-cite-scolaire-jules-ferry\/#respond"]}]},{"@type":"WebPage","@id":"https:\/\/vosgesinfo.fr\/saintdieinfo\/2022\/10\/semaine-de-democratie-scolaire-recteur-richard-laganier-visite-a-cite-scolaire-jules-ferry\/","url":"https:\/\/vosgesinfo.fr\/saintdieinfo\/2022\/10\/semaine-de-democratie-scolaire-recteur-richard-laganier-visite-a-cite-scolaire-jules-ferry\/","name":"Semaine de la d\u00e9mocratie scolaire : le recteur Richard Laganier en visite \u00e0 la Cit\u00e9 Scolaire Jules-Ferry - Saint Die Info","isPartOf":{"@id":"https:\/\/vosgesinfo.fr\/saintdieinfo\/#website"},"primaryImageOfPage":{"@id":"https:\/\/vosgesinfo.fr\/saintdieinfo\/2022\/10\/semaine-de-democratie-scolaire-recteur-richard-laganier-visite-a-cite-scolaire-jules-ferry\/#primaryimage"},"image":{"@id":"https:\/\/vosgesinfo.fr\/saintdieinfo\/2022\/10\/semaine-de-democratie-scolaire-recteur-richard-laganier-visite-a-cite-scolaire-jules-ferry\/#primaryimage"},"thumbnailUrl":"https:\/\/vosgesinfo.fr\/app\/uploads\/sites\/4\/2024\/08\/202210semaine-democratie-cite-scolaire-jf-4.jpg","datePublished":"2022-10-04T12:14:48+00:00","dateModified":"2022-10-04T12:14:48+00:00","breadcrumb":{"@id":"https:\/\/vosgesinfo.fr\/saintdieinfo\/2022\/10\/semaine-de-democratie-scolaire-recteur-richard-laganier-visite-a-cite-scolaire-jules-ferry\/#breadcrumb"},"inLanguage":"fr-FR","potentialAction":[{"@type":"ReadAction","target":["https:\/\/vosgesinfo.fr\/saintdieinfo\/2022\/10\/semaine-de-democratie-scolaire-recteur-richard-laganier-visite-a-cite-scolaire-jules-ferry\/"]}]},{"@type":"ImageObject","inLanguage":"fr-FR","@id":"https:\/\/vosgesinfo.fr\/saintdieinfo\/2022\/10\/semaine-de-democratie-scolaire-recteur-richard-laganier-visite-a-cite-scolaire-jules-ferry\/#primaryimage","url":"https:\/\/vosgesinfo.fr\/app\/uploads\/sites\/4\/2024\/08\/202210semaine-democratie-cite-scolaire-jf-4.jpg","contentUrl":"https:\/\/vosgesinfo.fr\/app\/uploads\/sites\/4\/2024\/08\/202210semaine-democratie-cite-scolaire-jf-4.jpg","width":1600,"height":1205},{"@type":"BreadcrumbList","@id":"https:\/\/vosgesinfo.fr\/saintdieinfo\/2022\/10\/semaine-de-democratie-scolaire-recteur-richard-laganier-visite-a-cite-scolaire-jules-ferry\/#breadcrumb","itemListElement":[{"@type":"ListItem","position":1,"name":"Home","item":"https:\/\/vosgesinfo.fr\/saintdieinfo\/"},{"@type":"ListItem","position":2,"name":"Semaine de la d\u00e9mocratie scolaire : le recteur Richard Laganier en visite \u00e0 la Cit\u00e9 Scolaire Jules-Ferry"}]},{"@type":"WebSite","@id":"https:\/\/vosgesinfo.fr\/saintdieinfo\/#website","url":"https:\/\/vosgesinfo.fr\/saintdieinfo\/","name":"Saint Die Info","description":"Toute l&#039;actualit\u00e9 de Saint-Di\u00e9-Des-Vosges","publisher":{"@id":"https:\/\/vosgesinfo.fr\/saintdieinfo\/#organization"},"alternateName":"Toute l'actualit\u00e9 de Saint-Di\u00e9-Des-Vosges","potentialAction":[{"@type":"SearchAction","target":{"@type":"EntryPoint","urlTemplate":"https:\/\/vosgesinfo.fr\/saintdieinfo\/?s={search_term_string}"},"query-input":"required name=search_term_string"}],"inLanguage":"fr-FR"},{"@type":"Organization","@id":"https:\/\/vosgesinfo.fr\/saintdieinfo\/#organization","name":"Saint Die Info","url":"https:\/\/vosgesinfo.fr\/saintdieinfo\/","logo":{"@type":"ImageObject","inLanguage":"fr-FR","@id":"https:\/\/vosgesinfo.fr\/saintdieinfo\/#\/schema\/logo\/image\/","url":"https:\/\/vosgesinfo.fr\/app\/uploads\/sites\/4\/2024\/02\/logo-sdi.jpg","contentUrl":"https:\/\/vosgesinfo.fr\/app\/uploads\/sites\/4\/2024\/02\/logo-sdi.jpg","width":600,"height":600,"caption":"Saint Die Info"},"image":{"@id":"https:\/\/vosgesinfo.fr\/saintdieinfo\/#\/schema\/logo\/image\/"},"sameAs":["https:\/\/www.facebook.com\/Saintdieinfofr","https:\/\/x.com\/VosgesInfo88","https:\/\/www.youtube.com\/@vosgesinfo"]},{"@type":"Person","@id":"https:\/\/vosgesinfo.fr\/saintdieinfo\/#\/schema\/person\/faee6704a21f3977511db84bd1cd450f","name":"la r\u00e9daction","image":{"@type":"ImageObject","inLanguage":"fr-FR","@id":"https:\/\/vosgesinfo.fr\/saintdieinfo\/#\/schema\/person\/image\/","url":"https:\/\/secure.gravatar.com\/avatar\/6673d8bc6a9c17fa9a453eaa3448de834fa308c2ec9635b7aa99441a7c8d2cf6?s=96&d=mm&r=g","contentUrl":"https:\/\/secure.gravatar.com\/avatar\/6673d8bc6a9c17fa9a453eaa3448de834fa308c2ec9635b7aa99441a7c8d2cf6?s=96&d=mm&r=g","caption":"la r\u00e9daction"},"url":"https:\/\/vosgesinfo.fr\/saintdieinfo\/author\/redac\/"}]}},"_links":{"self":[{"href":"https:\/\/vosgesinfo.fr\/saintdieinfo\/wp-json\/wp\/v2\/posts\/58240","targetHints":{"allow":["GET"]}}],"collection":[{"href":"https:\/\/vosgesinfo.fr\/saintdieinfo\/wp-json\/wp\/v2\/posts"}],"about":[{"href":"https:\/\/vosgesinfo.fr\/saintdieinfo\/wp-json\/wp\/v2\/types\/post"}],"author":[{"embeddable":true,"href":"https:\/\/vosgesinfo.fr\/saintdieinfo\/wp-json\/wp\/v2\/users\/44"}],"replies":[{"embeddable":true,"href":"https:\/\/vosgesinfo.fr\/saintdieinfo\/wp-json\/wp\/v2\/comments?post=58240"}],"version-history":[{"count":0,"href":"https:\/\/vosgesinfo.fr\/saintdieinfo\/wp-json\/wp\/v2\/posts\/58240\/revisions"}],"wp:featuredmedia":[{"embeddable":true,"href":"https:\/\/vosgesinfo.fr\/saintdieinfo\/wp-json\/wp\/v2\/media\/58241"}],"wp:attachment":[{"href":"https:\/\/vosgesinfo.fr\/saintdieinfo\/wp-json\/wp\/v2\/media?parent=58240"}],"wp:term":[{"taxonomy":"category","embeddable":true,"href":"https:\/\/vosgesinfo.fr\/saintdieinfo\/wp-json\/wp\/v2\/categories?post=58240"},{"taxonomy":"post_tag","embeddable":true,"href":"https:\/\/vosgesinfo.fr\/saintdieinfo\/wp-json\/wp\/v2\/tags?post=58240"}],"curies":[{"name":"wp","href":"https:\/\/api.w.org\/{rel}","templated":true}]}}