{"id":58250,"date":"2022-10-04T17:13:04","date_gmt":"2022-10-04T15:13:04","guid":{"rendered":"https:\/\/vosgesinfo.fr\/saintdieinfo\/2022\/10\/jardin-dautomne-gamm-vert\/"},"modified":"2022-10-04T17:13:04","modified_gmt":"2022-10-04T15:13:04","slug":"jardin-dautomne-gamm-vert","status":"publish","type":"post","link":"https:\/\/vosgesinfo.fr\/saintdieinfo\/2022\/10\/jardin-dautomne-gamm-vert\/","title":{"rendered":"Jardin d\u2019automne avec Gamm Vert"},"content":{"rendered":"<p style=\"text-align: left;\"><a href=\"\/2022\/10\/jardin-photo-premium.jpg\" target=\"_blank\" rel=\"noopener\"><img decoding=\"async\" class=\"aligncenter wp-image-190670 size-full\" src=\"\/2022\/10\/jardin-photo-premium.jpg\" alt=\"jardin-photo premium\" width=\"434\" height=\"446\" \/><\/a><\/p>\n<h2 style=\"text-align: left;\"><strong><span style=\"font-size: 14pt;\">C\u2019est l\u2019automne et il y a plein de choses \u00e0 faire au jardin et au potager. En cette p\u00e9riode charni\u00e8re, des travaux peuvent \u00eatre effectu\u00e9s, tels que les r\u00e9coltes et leur stockage, le nettoyage des espaces, la protection de certaines plantes g\u00e9lives et bien-s\u00fbr pr\u00e9parer votre jardin \u00e0 traverser l\u2019hiver en beaut\u00e9.<\/span><\/strong><\/h2>\n<p style=\"text-align: left;\"><!--more--><\/p>\n<p style=\"text-align: left;\"><strong>Alors les experts de Gamm Vert ont s\u00e9lectionn\u00e9 tous les essentiels pour vous aider \u00e0 mener \u00e0 bien vos plantations au jardin, ou pour prot\u00e9ger et entretenir vos ext\u00e9rieurs.<\/strong><\/p>\n\n<p style=\"text-align: left;\"><strong>Parmi les offres sp\u00e9ciales, vous d\u00e9couvrirez des bonnes affaires sur les terreaux,<\/strong> comme\u00a0: 50% de remise sur le 2\u00e8m sac de terreau arbustes, arbres et plantes fleuries \u00ab\u00a0Ecloz\u00a0\u00bb, soit\u00a0: 8,93 \u20ac le sac de 70 litres, \u00e9galement\u00a0: 2+1 sac de 60 litres offert de terreau Fertilig\u00e8ne, soit\u00a0: 9,93 \u20ac le sac, ou encore 50% de remise sur le 2\u00e8m sac de fertilisant \u00ab\u00a0Or Brun\u00a0\u00bb, soit\u00a0: 9,68 \u20ac le sac de 25kg, et aussi 2+1 sac de 60 litre offert de terreau Universel, soit le sac \u00e0 8,60 \u20ac, et \u00e9galement\u00a0: 2+1 sac offert sur le terreau universel du P\u00e8re Farn\u00e7ois Or Brun, qui est \u00e0 6,60 \u20ac le sac de 40 litres.<\/p>\n\n<p style=\"text-align: left;\"><strong>Les fruits ne sont pas en reste puisque vous profiterez d\u2019une belle offre sur les fruitiers,<\/strong> en pot de 10 litres, forme Gobelet avec diverses vari\u00e9t\u00e9s\u00a0: cerisiers, abricotiers, pruniers, p\u00eachers, pommiers et poiriers, \u00e0 24,95 \u20ac le pot. Egalement sur le pot de 1,5 litres de myrtille \u00e0 replanter \u00e0 9,95 \u20ac\u00a0; <strong>De m\u00eame que les fleurs d\u2019automne<\/strong>, comme les Pens\u00e9es en cagette, sont \u00e0 7,50 \u20ac les 16, ou encore la Bruy\u00e8re Calluna, 2 couleurs, est \u00e0 2,50 \u20ac le pot diam. 11, si achat par 2, sans oublier les rosiers \u00e0 grandes fleurs qui sont \u00e0 13,95 \u20ac en pot de 3 litres.<\/p>\n\n<p style=\"text-align: left;\"><strong>Vous aurez \u00e9galement des bonnes affaires sur le composteur Eco-Master, fabriqu\u00e9 en France, 300 litres qui est \u00e0 25,95 \u20ac.<\/strong><\/p>\n<p style=\"text-align: left;\"><strong>Sans oublier les promos sur les croquettes<\/strong><b>,<\/b> comme par exemple, sur le sac Royal Canin, 15 kg, \u00e0 62,50 \u20ac au lieu de 68,50 \u20ac, ou encore sur le sac de Pro Plan, 14 kg, +2,5 kg offerts\u2026 bien d\u2019autres promos vous attendent, alors, profitez de ces offres sp\u00e9ciales Automne qui durent jusqu\u2019au 9 Octobre.<\/p>\n<p style=\"text-align: left;\" align=\"JUSTIFY\"><a name=\"_GoBack\"><\/a><span style=\"font-size: medium;\">N\u2019h\u00e9sitez pas \u00e0 demander conseils aux experts de Chez Gamm Vert, comp\u00e9tents et en plus\u00a0tr\u00e8s sympathiques !!<\/span><\/p>\n<p style=\"text-align: left;\" align=\"JUSTIFY\"><a href=\"\/2022\/10\/gv-automne-1.jpg\" target=\"_blank\" rel=\"noopener\"><img decoding=\"async\" class=\"aligncenter wp-image-190663 size-full\" src=\"\/2022\/10\/gv-automne-1.jpg\" alt=\"gv automne 1\" width=\"748\" height=\"287\" \/><\/a><\/p>\n<p style=\"text-align: left;\"><strong><span style=\"font-size: 12pt;\">Gamm Vert Saint-Di\u00e9, 16 rue Emile de Durkheim, t\u00e9l.\u00a0: 03.29.56.94.70<\/span><\/strong><\/p>\n<p style=\"text-align: left;\"><strong><span style=\"font-size: 12pt;\">Gamm Vert Fraize, 1 rue Victor Lalev\u00e9e, t\u00e9l.\u00a0: 03.29.50.30.39<\/span><\/strong><\/p>\n<p style=\"text-align: left;\"><strong><span style=\"font-family: Times New Roman, sans-serif; font-size: 12pt;\"><span style=\"font-family: Arial, sans-serif;\">Gamm Vert Champs-Le-Duc, 1, Zone Artisanale, t\u00e9l.\u00a0: 03.29.52.48.97<\/span><\/span><\/strong><\/p>\n<p style=\"text-align: left;\"><strong><span style=\"font-size: 12pt;\">Gamm Vert Sainte-Croix-Aux-Mines, Rue Maurice Burrus, t\u00e9l.\u00a0: 03.89.58.78.11<\/span><\/strong><\/p>\n<p style=\"text-align: left;\"><span style=\"font-size: medium;\">R\u00e9daction\u00a0et photos : Patricia Ferry-Demange\u00a0; patricia.ferrydemange@gmail.com<\/span><\/p>\n","protected":false},"excerpt":{"rendered":"<p>C\u2019est l\u2019automne et il y a plein de choses \u00e0 faire au jardin et au potager. En cette p\u00e9riode charni\u00e8re, [&hellip;]<\/p>\n","protected":false},"author":44,"featured_media":58251,"comment_status":"open","ping_status":"open","sticky":false,"template":"","format":"standard","meta":{"footnotes":""},"categories":[460,2915],"tags":[2942],"class_list":["post-58250","post","type-post","status-publish","format-standard","has-post-thumbnail","hentry","category-a-la-une","category-saint-die-son-canton","tag-gamm-vert"],"acf":[],"yoast_head":"<!-- This site is optimized with the Yoast SEO plugin v22.5 - https:\/\/yoast.com\/wordpress\/plugins\/seo\/ -->\n<title>Jardin d\u2019automne avec Gamm Vert - Saint Die Info<\/title>\n<meta name=\"robots\" content=\"index, follow, max-snippet:-1, max-image-preview:large, max-video-preview:-1\" \/>\n<link rel=\"canonical\" href=\"https:\/\/vosgesinfo.fr\/saintdieinfo\/2022\/10\/jardin-dautomne-gamm-vert\/\" \/>\n<meta name=\"twitter:card\" content=\"summary_large_image\" \/>\n<meta name=\"twitter:title\" content=\"Jardin d\u2019automne avec Gamm Vert - Saint Die Info\" \/>\n<meta name=\"twitter:description\" content=\"C\u2019est l\u2019automne et il y a plein de choses \u00e0 faire au jardin et au potager. En cette p\u00e9riode charni\u00e8re, [&hellip;]\" \/>\n<meta name=\"twitter:image\" content=\"https:\/\/vosgesinfo.fr\/app\/uploads\/sites\/4\/2024\/08\/202210jardin-photo-premium.jpg\" \/>\n<meta name=\"twitter:creator\" content=\"@VosgesInfo88\" \/>\n<meta name=\"twitter:site\" content=\"@VosgesInfo88\" \/>\n<meta name=\"twitter:label1\" content=\"\u00c9crit par\" \/>\n\t<meta name=\"twitter:data1\" content=\"la r\u00e9daction\" \/>\n\t<meta name=\"twitter:label2\" content=\"Dur\u00e9e de lecture estim\u00e9e\" \/>\n\t<meta name=\"twitter:data2\" content=\"2 minutes\" \/>\n<script type=\"application\/ld+json\" class=\"yoast-schema-graph\">{\"@context\":\"https:\/\/schema.org\",\"@graph\":[{\"@type\":\"Article\",\"@id\":\"https:\/\/vosgesinfo.fr\/saintdieinfo\/2022\/10\/jardin-dautomne-gamm-vert\/#article\",\"isPartOf\":{\"@id\":\"https:\/\/vosgesinfo.fr\/saintdieinfo\/2022\/10\/jardin-dautomne-gamm-vert\/\"},\"author\":{\"name\":\"la r\u00e9daction\",\"@id\":\"https:\/\/vosgesinfo.fr\/saintdieinfo\/#\/schema\/person\/faee6704a21f3977511db84bd1cd450f\"},\"headline\":\"Jardin d\u2019automne avec Gamm Vert\",\"datePublished\":\"2022-10-04T15:13:04+00:00\",\"dateModified\":\"2022-10-04T15:13:04+00:00\",\"mainEntityOfPage\":{\"@id\":\"https:\/\/vosgesinfo.fr\/saintdieinfo\/2022\/10\/jardin-dautomne-gamm-vert\/\"},\"wordCount\":427,\"commentCount\":0,\"publisher\":{\"@id\":\"https:\/\/vosgesinfo.fr\/saintdieinfo\/#organization\"},\"image\":{\"@id\":\"https:\/\/vosgesinfo.fr\/saintdieinfo\/2022\/10\/jardin-dautomne-gamm-vert\/#primaryimage\"},\"thumbnailUrl\":\"https:\/\/vosgesinfo.fr\/app\/uploads\/sites\/4\/2024\/08\/202210jardin-photo-premium.jpg\",\"keywords\":[\"Gamm Vert\"],\"articleSection\":[\"A la Une\",\"Saint-Di\u00e9-des-Vosges et son Agglom\u00e9ration\"],\"inLanguage\":\"fr-FR\",\"potentialAction\":[{\"@type\":\"CommentAction\",\"name\":\"Comment\",\"target\":[\"https:\/\/vosgesinfo.fr\/saintdieinfo\/2022\/10\/jardin-dautomne-gamm-vert\/#respond\"]}]},{\"@type\":\"WebPage\",\"@id\":\"https:\/\/vosgesinfo.fr\/saintdieinfo\/2022\/10\/jardin-dautomne-gamm-vert\/\",\"url\":\"https:\/\/vosgesinfo.fr\/saintdieinfo\/2022\/10\/jardin-dautomne-gamm-vert\/\",\"name\":\"Jardin d\u2019automne avec Gamm Vert - Saint Die Info\",\"isPartOf\":{\"@id\":\"https:\/\/vosgesinfo.fr\/saintdieinfo\/#website\"},\"primaryImageOfPage\":{\"@id\":\"https:\/\/vosgesinfo.fr\/saintdieinfo\/2022\/10\/jardin-dautomne-gamm-vert\/#primaryimage\"},\"image\":{\"@id\":\"https:\/\/vosgesinfo.fr\/saintdieinfo\/2022\/10\/jardin-dautomne-gamm-vert\/#primaryimage\"},\"thumbnailUrl\":\"https:\/\/vosgesinfo.fr\/app\/uploads\/sites\/4\/2024\/08\/202210jardin-photo-premium.jpg\",\"datePublished\":\"2022-10-04T15:13:04+00:00\",\"dateModified\":\"2022-10-04T15:13:04+00:00\",\"breadcrumb\":{\"@id\":\"https:\/\/vosgesinfo.fr\/saintdieinfo\/2022\/10\/jardin-dautomne-gamm-vert\/#breadcrumb\"},\"inLanguage\":\"fr-FR\",\"potentialAction\":[{\"@type\":\"ReadAction\",\"target\":[\"https:\/\/vosgesinfo.fr\/saintdieinfo\/2022\/10\/jardin-dautomne-gamm-vert\/\"]}]},{\"@type\":\"ImageObject\",\"inLanguage\":\"fr-FR\",\"@id\":\"https:\/\/vosgesinfo.fr\/saintdieinfo\/2022\/10\/jardin-dautomne-gamm-vert\/#primaryimage\",\"url\":\"https:\/\/vosgesinfo.fr\/app\/uploads\/sites\/4\/2024\/08\/202210jardin-photo-premium.jpg\",\"contentUrl\":\"https:\/\/vosgesinfo.fr\/app\/uploads\/sites\/4\/2024\/08\/202210jardin-photo-premium.jpg\",\"width\":434,\"height\":446},{\"@type\":\"BreadcrumbList\",\"@id\":\"https:\/\/vosgesinfo.fr\/saintdieinfo\/2022\/10\/jardin-dautomne-gamm-vert\/#breadcrumb\",\"itemListElement\":[{\"@type\":\"ListItem\",\"position\":1,\"name\":\"Home\",\"item\":\"https:\/\/vosgesinfo.fr\/saintdieinfo\/\"},{\"@type\":\"ListItem\",\"position\":2,\"name\":\"Jardin d\u2019automne avec Gamm Vert\"}]},{\"@type\":\"WebSite\",\"@id\":\"https:\/\/vosgesinfo.fr\/saintdieinfo\/#website\",\"url\":\"https:\/\/vosgesinfo.fr\/saintdieinfo\/\",\"name\":\"Saint Die Info\",\"description\":\"Toute l&#039;actualit\u00e9 de Saint-Di\u00e9-Des-Vosges\",\"publisher\":{\"@id\":\"https:\/\/vosgesinfo.fr\/saintdieinfo\/#organization\"},\"alternateName\":\"Toute l'actualit\u00e9 de Saint-Di\u00e9-Des-Vosges\",\"potentialAction\":[{\"@type\":\"SearchAction\",\"target\":{\"@type\":\"EntryPoint\",\"urlTemplate\":\"https:\/\/vosgesinfo.fr\/saintdieinfo\/?s={search_term_string}\"},\"query-input\":\"required name=search_term_string\"}],\"inLanguage\":\"fr-FR\"},{\"@type\":\"Organization\",\"@id\":\"https:\/\/vosgesinfo.fr\/saintdieinfo\/#organization\",\"name\":\"Saint Die Info\",\"url\":\"https:\/\/vosgesinfo.fr\/saintdieinfo\/\",\"logo\":{\"@type\":\"ImageObject\",\"inLanguage\":\"fr-FR\",\"@id\":\"https:\/\/vosgesinfo.fr\/saintdieinfo\/#\/schema\/logo\/image\/\",\"url\":\"https:\/\/vosgesinfo.fr\/app\/uploads\/sites\/4\/2024\/02\/logo-sdi.jpg\",\"contentUrl\":\"https:\/\/vosgesinfo.fr\/app\/uploads\/sites\/4\/2024\/02\/logo-sdi.jpg\",\"width\":600,\"height\":600,\"caption\":\"Saint Die Info\"},\"image\":{\"@id\":\"https:\/\/vosgesinfo.fr\/saintdieinfo\/#\/schema\/logo\/image\/\"},\"sameAs\":[\"https:\/\/www.facebook.com\/Saintdieinfofr\",\"https:\/\/x.com\/VosgesInfo88\",\"https:\/\/www.youtube.com\/@vosgesinfo\"]},{\"@type\":\"Person\",\"@id\":\"https:\/\/vosgesinfo.fr\/saintdieinfo\/#\/schema\/person\/faee6704a21f3977511db84bd1cd450f\",\"name\":\"la r\u00e9daction\",\"image\":{\"@type\":\"ImageObject\",\"inLanguage\":\"fr-FR\",\"@id\":\"https:\/\/vosgesinfo.fr\/saintdieinfo\/#\/schema\/person\/image\/\",\"url\":\"https:\/\/secure.gravatar.com\/avatar\/6673d8bc6a9c17fa9a453eaa3448de834fa308c2ec9635b7aa99441a7c8d2cf6?s=96&d=mm&r=g\",\"contentUrl\":\"https:\/\/secure.gravatar.com\/avatar\/6673d8bc6a9c17fa9a453eaa3448de834fa308c2ec9635b7aa99441a7c8d2cf6?s=96&d=mm&r=g\",\"caption\":\"la r\u00e9daction\"},\"url\":\"https:\/\/vosgesinfo.fr\/saintdieinfo\/author\/redac\/\"}]}<\/script>\n<!-- \/ Yoast SEO plugin. -->","yoast_head_json":{"title":"Jardin d\u2019automne avec Gamm Vert - Saint Die Info","robots":{"index":"index","follow":"follow","max-snippet":"max-snippet:-1","max-image-preview":"max-image-preview:large","max-video-preview":"max-video-preview:-1"},"canonical":"https:\/\/vosgesinfo.fr\/saintdieinfo\/2022\/10\/jardin-dautomne-gamm-vert\/","twitter_card":"summary_large_image","twitter_title":"Jardin d\u2019automne avec Gamm Vert - Saint Die Info","twitter_description":"C\u2019est l\u2019automne et il y a plein de choses \u00e0 faire au jardin et au potager. En cette p\u00e9riode charni\u00e8re, [&hellip;]","twitter_image":"https:\/\/vosgesinfo.fr\/app\/uploads\/sites\/4\/2024\/08\/202210jardin-photo-premium.jpg","twitter_creator":"@VosgesInfo88","twitter_site":"@VosgesInfo88","twitter_misc":{"\u00c9crit par":"la r\u00e9daction","Dur\u00e9e de lecture estim\u00e9e":"2 minutes"},"schema":{"@context":"https:\/\/schema.org","@graph":[{"@type":"Article","@id":"https:\/\/vosgesinfo.fr\/saintdieinfo\/2022\/10\/jardin-dautomne-gamm-vert\/#article","isPartOf":{"@id":"https:\/\/vosgesinfo.fr\/saintdieinfo\/2022\/10\/jardin-dautomne-gamm-vert\/"},"author":{"name":"la r\u00e9daction","@id":"https:\/\/vosgesinfo.fr\/saintdieinfo\/#\/schema\/person\/faee6704a21f3977511db84bd1cd450f"},"headline":"Jardin d\u2019automne avec Gamm Vert","datePublished":"2022-10-04T15:13:04+00:00","dateModified":"2022-10-04T15:13:04+00:00","mainEntityOfPage":{"@id":"https:\/\/vosgesinfo.fr\/saintdieinfo\/2022\/10\/jardin-dautomne-gamm-vert\/"},"wordCount":427,"commentCount":0,"publisher":{"@id":"https:\/\/vosgesinfo.fr\/saintdieinfo\/#organization"},"image":{"@id":"https:\/\/vosgesinfo.fr\/saintdieinfo\/2022\/10\/jardin-dautomne-gamm-vert\/#primaryimage"},"thumbnailUrl":"https:\/\/vosgesinfo.fr\/app\/uploads\/sites\/4\/2024\/08\/202210jardin-photo-premium.jpg","keywords":["Gamm Vert"],"articleSection":["A la Une","Saint-Di\u00e9-des-Vosges et son Agglom\u00e9ration"],"inLanguage":"fr-FR","potentialAction":[{"@type":"CommentAction","name":"Comment","target":["https:\/\/vosgesinfo.fr\/saintdieinfo\/2022\/10\/jardin-dautomne-gamm-vert\/#respond"]}]},{"@type":"WebPage","@id":"https:\/\/vosgesinfo.fr\/saintdieinfo\/2022\/10\/jardin-dautomne-gamm-vert\/","url":"https:\/\/vosgesinfo.fr\/saintdieinfo\/2022\/10\/jardin-dautomne-gamm-vert\/","name":"Jardin d\u2019automne avec Gamm Vert - Saint Die Info","isPartOf":{"@id":"https:\/\/vosgesinfo.fr\/saintdieinfo\/#website"},"primaryImageOfPage":{"@id":"https:\/\/vosgesinfo.fr\/saintdieinfo\/2022\/10\/jardin-dautomne-gamm-vert\/#primaryimage"},"image":{"@id":"https:\/\/vosgesinfo.fr\/saintdieinfo\/2022\/10\/jardin-dautomne-gamm-vert\/#primaryimage"},"thumbnailUrl":"https:\/\/vosgesinfo.fr\/app\/uploads\/sites\/4\/2024\/08\/202210jardin-photo-premium.jpg","datePublished":"2022-10-04T15:13:04+00:00","dateModified":"2022-10-04T15:13:04+00:00","breadcrumb":{"@id":"https:\/\/vosgesinfo.fr\/saintdieinfo\/2022\/10\/jardin-dautomne-gamm-vert\/#breadcrumb"},"inLanguage":"fr-FR","potentialAction":[{"@type":"ReadAction","target":["https:\/\/vosgesinfo.fr\/saintdieinfo\/2022\/10\/jardin-dautomne-gamm-vert\/"]}]},{"@type":"ImageObject","inLanguage":"fr-FR","@id":"https:\/\/vosgesinfo.fr\/saintdieinfo\/2022\/10\/jardin-dautomne-gamm-vert\/#primaryimage","url":"https:\/\/vosgesinfo.fr\/app\/uploads\/sites\/4\/2024\/08\/202210jardin-photo-premium.jpg","contentUrl":"https:\/\/vosgesinfo.fr\/app\/uploads\/sites\/4\/2024\/08\/202210jardin-photo-premium.jpg","width":434,"height":446},{"@type":"BreadcrumbList","@id":"https:\/\/vosgesinfo.fr\/saintdieinfo\/2022\/10\/jardin-dautomne-gamm-vert\/#breadcrumb","itemListElement":[{"@type":"ListItem","position":1,"name":"Home","item":"https:\/\/vosgesinfo.fr\/saintdieinfo\/"},{"@type":"ListItem","position":2,"name":"Jardin d\u2019automne avec Gamm Vert"}]},{"@type":"WebSite","@id":"https:\/\/vosgesinfo.fr\/saintdieinfo\/#website","url":"https:\/\/vosgesinfo.fr\/saintdieinfo\/","name":"Saint Die Info","description":"Toute l&#039;actualit\u00e9 de Saint-Di\u00e9-Des-Vosges","publisher":{"@id":"https:\/\/vosgesinfo.fr\/saintdieinfo\/#organization"},"alternateName":"Toute l'actualit\u00e9 de Saint-Di\u00e9-Des-Vosges","potentialAction":[{"@type":"SearchAction","target":{"@type":"EntryPoint","urlTemplate":"https:\/\/vosgesinfo.fr\/saintdieinfo\/?s={search_term_string}"},"query-input":"required name=search_term_string"}],"inLanguage":"fr-FR"},{"@type":"Organization","@id":"https:\/\/vosgesinfo.fr\/saintdieinfo\/#organization","name":"Saint Die Info","url":"https:\/\/vosgesinfo.fr\/saintdieinfo\/","logo":{"@type":"ImageObject","inLanguage":"fr-FR","@id":"https:\/\/vosgesinfo.fr\/saintdieinfo\/#\/schema\/logo\/image\/","url":"https:\/\/vosgesinfo.fr\/app\/uploads\/sites\/4\/2024\/02\/logo-sdi.jpg","contentUrl":"https:\/\/vosgesinfo.fr\/app\/uploads\/sites\/4\/2024\/02\/logo-sdi.jpg","width":600,"height":600,"caption":"Saint Die Info"},"image":{"@id":"https:\/\/vosgesinfo.fr\/saintdieinfo\/#\/schema\/logo\/image\/"},"sameAs":["https:\/\/www.facebook.com\/Saintdieinfofr","https:\/\/x.com\/VosgesInfo88","https:\/\/www.youtube.com\/@vosgesinfo"]},{"@type":"Person","@id":"https:\/\/vosgesinfo.fr\/saintdieinfo\/#\/schema\/person\/faee6704a21f3977511db84bd1cd450f","name":"la r\u00e9daction","image":{"@type":"ImageObject","inLanguage":"fr-FR","@id":"https:\/\/vosgesinfo.fr\/saintdieinfo\/#\/schema\/person\/image\/","url":"https:\/\/secure.gravatar.com\/avatar\/6673d8bc6a9c17fa9a453eaa3448de834fa308c2ec9635b7aa99441a7c8d2cf6?s=96&d=mm&r=g","contentUrl":"https:\/\/secure.gravatar.com\/avatar\/6673d8bc6a9c17fa9a453eaa3448de834fa308c2ec9635b7aa99441a7c8d2cf6?s=96&d=mm&r=g","caption":"la r\u00e9daction"},"url":"https:\/\/vosgesinfo.fr\/saintdieinfo\/author\/redac\/"}]}},"_links":{"self":[{"href":"https:\/\/vosgesinfo.fr\/saintdieinfo\/wp-json\/wp\/v2\/posts\/58250","targetHints":{"allow":["GET"]}}],"collection":[{"href":"https:\/\/vosgesinfo.fr\/saintdieinfo\/wp-json\/wp\/v2\/posts"}],"about":[{"href":"https:\/\/vosgesinfo.fr\/saintdieinfo\/wp-json\/wp\/v2\/types\/post"}],"author":[{"embeddable":true,"href":"https:\/\/vosgesinfo.fr\/saintdieinfo\/wp-json\/wp\/v2\/users\/44"}],"replies":[{"embeddable":true,"href":"https:\/\/vosgesinfo.fr\/saintdieinfo\/wp-json\/wp\/v2\/comments?post=58250"}],"version-history":[{"count":0,"href":"https:\/\/vosgesinfo.fr\/saintdieinfo\/wp-json\/wp\/v2\/posts\/58250\/revisions"}],"wp:featuredmedia":[{"embeddable":true,"href":"https:\/\/vosgesinfo.fr\/saintdieinfo\/wp-json\/wp\/v2\/media\/58251"}],"wp:attachment":[{"href":"https:\/\/vosgesinfo.fr\/saintdieinfo\/wp-json\/wp\/v2\/media?parent=58250"}],"wp:term":[{"taxonomy":"category","embeddable":true,"href":"https:\/\/vosgesinfo.fr\/saintdieinfo\/wp-json\/wp\/v2\/categories?post=58250"},{"taxonomy":"post_tag","embeddable":true,"href":"https:\/\/vosgesinfo.fr\/saintdieinfo\/wp-json\/wp\/v2\/tags?post=58250"}],"curies":[{"name":"wp","href":"https:\/\/api.w.org\/{rel}","templated":true}]}}