{"id":58288,"date":"2022-10-05T13:18:18","date_gmt":"2022-10-05T11:18:18","guid":{"rendered":"https:\/\/vosgesinfo.fr\/saintdieinfo\/2022\/10\/48-jeunes-deodatiens-recompenses-travail-cet-ete\/"},"modified":"2022-10-05T13:18:18","modified_gmt":"2022-10-05T11:18:18","slug":"48-jeunes-deodatiens-recompenses-travail-cet-ete","status":"publish","type":"post","link":"https:\/\/vosgesinfo.fr\/saintdieinfo\/2022\/10\/48-jeunes-deodatiens-recompenses-travail-cet-ete\/","title":{"rendered":"48 jeunes D\u00e9odatiens r\u00e9compens\u00e9s pour leur travail cet \u00e9t\u00e9"},"content":{"rendered":"<p><a href=\"\/2022\/10\/Vosgelis_R\u00e9compenses_Jeunes_Chantiers_Educatifs-9.jpg\" target=\"_blank\" rel=\"noopener\"><img decoding=\"async\" class=\"aligncenter wp-image-190720 size-large\" src=\"\/2022\/10\/Vosgelis_R\u00e9compenses_Jeunes_Chantiers_Educatifs-9-1024x771.jpg\" alt=\"Vosgelis_R\u00e9compenses_Jeunes_Chantiers_Educatifs (9)\" width=\"960\" height=\"723\" \/><\/a><\/p>\n<h2><strong><span style=\"font-size: 14pt;\">48 jeunes D\u00e9odatiens des quartiers de Kellermann et Saint-Roch ont \u00e9t\u00e9 re\u00e7us ce mercredi apr\u00e8s-midi par le maire Bruno Toussaint et Fabrice Barbe, directeur g\u00e9n\u00e9ral de Vosgelis, pour leur travail sur les chantiers jeunes cet \u00e9t\u00e9. A cette occasion, chacun d&rsquo;entre eux a re\u00e7u un ch\u00e8que-cadeau de 50\u20ac ainsi que divers goodies : t-shirts, casquettes, lunettes, etc.<\/span><\/strong><\/h2>\n<p><!--more--><\/p>\n<p>Durant l&rsquo;\u00e9t\u00e9 2022, ces jeunes, tous volontaires, ont consacr\u00e9 1 \u00e0 2 semaine(s) de leur temps libre afin d&rsquo;effectuer de petits travaux et des ateliers divers, lors de 2 sessions qui se sont d\u00e9roul\u00e9es du 12 au 22 juillet, puis du 26 juillet au 4 ao\u00fbt. Nettoyage des espaces ext\u00e9rieurs, remise en peinture de halls d&rsquo;entr\u00e9e, d\u00e9blayage de parcelles, visites chez les S\u00e9niors pour leur offrir des g\u00e2teaux faits maisons, fabrication de jardins sur\u00e9lev\u00e9s avec des palettes&#8230; ainsi que le nettoyage et la r\u00e9novation de cabanons sur une parcelle de terrain \u00e0 Saint-Roch. Alors qu&rsquo;elle \u00e9tait couverte de d\u00e9p\u00f4ts sauvages de d\u00e9chets, cette parcelle deviendra un jardin partag\u00e9 pour les habitants du quartier (<a href=\"https:\/\/saintdieinfo.fr\/2022\/08\/48-jeunes-deodatiens-ont-pris-part-aux-chantiers-educatifs-de-lete\/\" target=\"_blank\" rel=\"noopener\">lire notre article<\/a>).<\/p>\n<p>A Saint-Di\u00e9-des-Vosges, les chantiers jeunes sont organis\u00e9s durant les p\u00e9riodes de vacances scolaires par le bailleur social Vosgelis et les Centres Sociaux Lucie-Aubrac, de Kellermann, et Germaine-Tillion, de Saint-Roch. Cette ann\u00e9e, outre l&rsquo;\u00e9t\u00e9, les chantiers se sont \u00e9galement d\u00e9roul\u00e9s durant les vacances de P\u00e2ques. \u00ab\u00a0Un seul mot pourrait suffire\u00a0: merci. Merci \u00e0 Vosgelis, merci aux animateurs et surtout merci aux jeunes. Vous avez fait un travail formidable\u00a0\u00bb a d\u00e9clar\u00e9 Bruno Toussaint, avant de proc\u00e9der \u00e0 la remise des ch\u00e8ques-cadeaux.<\/p>\n<p>J.J.<\/p>\n\n","protected":false},"excerpt":{"rendered":"<p>48 jeunes D\u00e9odatiens des quartiers de Kellermann et Saint-Roch ont \u00e9t\u00e9 re\u00e7us ce mercredi apr\u00e8s-midi par le maire Bruno Toussaint [&hellip;]<\/p>\n","protected":false},"author":44,"featured_media":58289,"comment_status":"open","ping_status":"open","sticky":false,"template":"","format":"standard","meta":{"footnotes":""},"categories":[460,6,2915],"tags":[3118,4177,8607,2971,3121,1902],"class_list":["post-58288","post","type-post","status-publish","format-standard","has-post-thumbnail","hentry","category-a-la-une","category-education","category-saint-die-son-canton","tag-centre-social-germaine-tillion","tag-centre-social-lucie-aubrac","tag-chantiers-educatifs","tag-quartier-kellermann","tag-quartier-saint-roch","tag-vosgelis"],"acf":[],"yoast_head":"<!-- This site is optimized with the Yoast SEO plugin v22.5 - https:\/\/yoast.com\/wordpress\/plugins\/seo\/ -->\n<title>48 jeunes D\u00e9odatiens r\u00e9compens\u00e9s pour leur travail cet \u00e9t\u00e9 - Saint Die Info<\/title>\n<meta name=\"robots\" content=\"index, follow, max-snippet:-1, max-image-preview:large, max-video-preview:-1\" \/>\n<link rel=\"canonical\" href=\"https:\/\/vosgesinfo.fr\/saintdieinfo\/2022\/10\/48-jeunes-deodatiens-recompenses-travail-cet-ete\/\" \/>\n<meta name=\"twitter:card\" content=\"summary_large_image\" \/>\n<meta name=\"twitter:title\" content=\"48 jeunes D\u00e9odatiens r\u00e9compens\u00e9s pour leur travail cet \u00e9t\u00e9 - Saint Die Info\" \/>\n<meta name=\"twitter:description\" content=\"48 jeunes D\u00e9odatiens des quartiers de Kellermann et Saint-Roch ont \u00e9t\u00e9 re\u00e7us ce mercredi apr\u00e8s-midi par le maire Bruno Toussaint [&hellip;]\" \/>\n<meta name=\"twitter:image\" content=\"https:\/\/vosgesinfo.fr\/app\/uploads\/sites\/4\/2024\/08\/202210vosgelis-recompenses-jeunes-chantiers-educatifs-9.jpg\" \/>\n<meta name=\"twitter:creator\" content=\"@VosgesInfo88\" \/>\n<meta name=\"twitter:site\" content=\"@VosgesInfo88\" \/>\n<meta name=\"twitter:label1\" content=\"\u00c9crit par\" \/>\n\t<meta name=\"twitter:data1\" content=\"la r\u00e9daction\" \/>\n\t<meta name=\"twitter:label2\" content=\"Dur\u00e9e de lecture estim\u00e9e\" \/>\n\t<meta name=\"twitter:data2\" content=\"1 minute\" \/>\n<script type=\"application\/ld+json\" class=\"yoast-schema-graph\">{\"@context\":\"https:\/\/schema.org\",\"@graph\":[{\"@type\":\"Article\",\"@id\":\"https:\/\/vosgesinfo.fr\/saintdieinfo\/2022\/10\/48-jeunes-deodatiens-recompenses-travail-cet-ete\/#article\",\"isPartOf\":{\"@id\":\"https:\/\/vosgesinfo.fr\/saintdieinfo\/2022\/10\/48-jeunes-deodatiens-recompenses-travail-cet-ete\/\"},\"author\":{\"name\":\"la r\u00e9daction\",\"@id\":\"https:\/\/vosgesinfo.fr\/saintdieinfo\/#\/schema\/person\/faee6704a21f3977511db84bd1cd450f\"},\"headline\":\"48 jeunes D\u00e9odatiens r\u00e9compens\u00e9s pour leur travail cet \u00e9t\u00e9\",\"datePublished\":\"2022-10-05T11:18:18+00:00\",\"dateModified\":\"2022-10-05T11:18:18+00:00\",\"mainEntityOfPage\":{\"@id\":\"https:\/\/vosgesinfo.fr\/saintdieinfo\/2022\/10\/48-jeunes-deodatiens-recompenses-travail-cet-ete\/\"},\"wordCount\":294,\"commentCount\":0,\"publisher\":{\"@id\":\"https:\/\/vosgesinfo.fr\/saintdieinfo\/#organization\"},\"image\":{\"@id\":\"https:\/\/vosgesinfo.fr\/saintdieinfo\/2022\/10\/48-jeunes-deodatiens-recompenses-travail-cet-ete\/#primaryimage\"},\"thumbnailUrl\":\"https:\/\/vosgesinfo.fr\/app\/uploads\/sites\/4\/2024\/08\/202210vosgelis-recompenses-jeunes-chantiers-educatifs-9.jpg\",\"keywords\":[\"Centre Social Germaine-Tillion\",\"Centre-Social Lucie Aubrac\",\"Chantiers \u00e9ducatifs\",\"Quartier Kellermann\",\"Quartier Saint-Roch\",\"Vosgelis\"],\"articleSection\":[\"A la Une\",\"\u00c9ducation\",\"Saint-Di\u00e9-des-Vosges et son Agglom\u00e9ration\"],\"inLanguage\":\"fr-FR\",\"potentialAction\":[{\"@type\":\"CommentAction\",\"name\":\"Comment\",\"target\":[\"https:\/\/vosgesinfo.fr\/saintdieinfo\/2022\/10\/48-jeunes-deodatiens-recompenses-travail-cet-ete\/#respond\"]}]},{\"@type\":\"WebPage\",\"@id\":\"https:\/\/vosgesinfo.fr\/saintdieinfo\/2022\/10\/48-jeunes-deodatiens-recompenses-travail-cet-ete\/\",\"url\":\"https:\/\/vosgesinfo.fr\/saintdieinfo\/2022\/10\/48-jeunes-deodatiens-recompenses-travail-cet-ete\/\",\"name\":\"48 jeunes D\u00e9odatiens r\u00e9compens\u00e9s pour leur travail cet \u00e9t\u00e9 - Saint Die Info\",\"isPartOf\":{\"@id\":\"https:\/\/vosgesinfo.fr\/saintdieinfo\/#website\"},\"primaryImageOfPage\":{\"@id\":\"https:\/\/vosgesinfo.fr\/saintdieinfo\/2022\/10\/48-jeunes-deodatiens-recompenses-travail-cet-ete\/#primaryimage\"},\"image\":{\"@id\":\"https:\/\/vosgesinfo.fr\/saintdieinfo\/2022\/10\/48-jeunes-deodatiens-recompenses-travail-cet-ete\/#primaryimage\"},\"thumbnailUrl\":\"https:\/\/vosgesinfo.fr\/app\/uploads\/sites\/4\/2024\/08\/202210vosgelis-recompenses-jeunes-chantiers-educatifs-9.jpg\",\"datePublished\":\"2022-10-05T11:18:18+00:00\",\"dateModified\":\"2022-10-05T11:18:18+00:00\",\"breadcrumb\":{\"@id\":\"https:\/\/vosgesinfo.fr\/saintdieinfo\/2022\/10\/48-jeunes-deodatiens-recompenses-travail-cet-ete\/#breadcrumb\"},\"inLanguage\":\"fr-FR\",\"potentialAction\":[{\"@type\":\"ReadAction\",\"target\":[\"https:\/\/vosgesinfo.fr\/saintdieinfo\/2022\/10\/48-jeunes-deodatiens-recompenses-travail-cet-ete\/\"]}]},{\"@type\":\"ImageObject\",\"inLanguage\":\"fr-FR\",\"@id\":\"https:\/\/vosgesinfo.fr\/saintdieinfo\/2022\/10\/48-jeunes-deodatiens-recompenses-travail-cet-ete\/#primaryimage\",\"url\":\"https:\/\/vosgesinfo.fr\/app\/uploads\/sites\/4\/2024\/08\/202210vosgelis-recompenses-jeunes-chantiers-educatifs-9.jpg\",\"contentUrl\":\"https:\/\/vosgesinfo.fr\/app\/uploads\/sites\/4\/2024\/08\/202210vosgelis-recompenses-jeunes-chantiers-educatifs-9.jpg\",\"width\":1600,\"height\":1205},{\"@type\":\"BreadcrumbList\",\"@id\":\"https:\/\/vosgesinfo.fr\/saintdieinfo\/2022\/10\/48-jeunes-deodatiens-recompenses-travail-cet-ete\/#breadcrumb\",\"itemListElement\":[{\"@type\":\"ListItem\",\"position\":1,\"name\":\"Home\",\"item\":\"https:\/\/vosgesinfo.fr\/saintdieinfo\/\"},{\"@type\":\"ListItem\",\"position\":2,\"name\":\"48 jeunes D\u00e9odatiens r\u00e9compens\u00e9s pour leur travail cet \u00e9t\u00e9\"}]},{\"@type\":\"WebSite\",\"@id\":\"https:\/\/vosgesinfo.fr\/saintdieinfo\/#website\",\"url\":\"https:\/\/vosgesinfo.fr\/saintdieinfo\/\",\"name\":\"Saint Die Info\",\"description\":\"Toute l&#039;actualit\u00e9 de Saint-Di\u00e9-Des-Vosges\",\"publisher\":{\"@id\":\"https:\/\/vosgesinfo.fr\/saintdieinfo\/#organization\"},\"alternateName\":\"Toute l'actualit\u00e9 de Saint-Di\u00e9-Des-Vosges\",\"potentialAction\":[{\"@type\":\"SearchAction\",\"target\":{\"@type\":\"EntryPoint\",\"urlTemplate\":\"https:\/\/vosgesinfo.fr\/saintdieinfo\/?s={search_term_string}\"},\"query-input\":\"required name=search_term_string\"}],\"inLanguage\":\"fr-FR\"},{\"@type\":\"Organization\",\"@id\":\"https:\/\/vosgesinfo.fr\/saintdieinfo\/#organization\",\"name\":\"Saint Die Info\",\"url\":\"https:\/\/vosgesinfo.fr\/saintdieinfo\/\",\"logo\":{\"@type\":\"ImageObject\",\"inLanguage\":\"fr-FR\",\"@id\":\"https:\/\/vosgesinfo.fr\/saintdieinfo\/#\/schema\/logo\/image\/\",\"url\":\"https:\/\/vosgesinfo.fr\/app\/uploads\/sites\/4\/2024\/02\/logo-sdi.jpg\",\"contentUrl\":\"https:\/\/vosgesinfo.fr\/app\/uploads\/sites\/4\/2024\/02\/logo-sdi.jpg\",\"width\":600,\"height\":600,\"caption\":\"Saint Die Info\"},\"image\":{\"@id\":\"https:\/\/vosgesinfo.fr\/saintdieinfo\/#\/schema\/logo\/image\/\"},\"sameAs\":[\"https:\/\/www.facebook.com\/Saintdieinfofr\",\"https:\/\/x.com\/VosgesInfo88\",\"https:\/\/www.youtube.com\/@vosgesinfo\"]},{\"@type\":\"Person\",\"@id\":\"https:\/\/vosgesinfo.fr\/saintdieinfo\/#\/schema\/person\/faee6704a21f3977511db84bd1cd450f\",\"name\":\"la r\u00e9daction\",\"image\":{\"@type\":\"ImageObject\",\"inLanguage\":\"fr-FR\",\"@id\":\"https:\/\/vosgesinfo.fr\/saintdieinfo\/#\/schema\/person\/image\/\",\"url\":\"https:\/\/secure.gravatar.com\/avatar\/6673d8bc6a9c17fa9a453eaa3448de834fa308c2ec9635b7aa99441a7c8d2cf6?s=96&d=mm&r=g\",\"contentUrl\":\"https:\/\/secure.gravatar.com\/avatar\/6673d8bc6a9c17fa9a453eaa3448de834fa308c2ec9635b7aa99441a7c8d2cf6?s=96&d=mm&r=g\",\"caption\":\"la r\u00e9daction\"},\"url\":\"https:\/\/vosgesinfo.fr\/saintdieinfo\/author\/redac\/\"}]}<\/script>\n<!-- \/ Yoast SEO plugin. -->","yoast_head_json":{"title":"48 jeunes D\u00e9odatiens r\u00e9compens\u00e9s pour leur travail cet \u00e9t\u00e9 - Saint Die Info","robots":{"index":"index","follow":"follow","max-snippet":"max-snippet:-1","max-image-preview":"max-image-preview:large","max-video-preview":"max-video-preview:-1"},"canonical":"https:\/\/vosgesinfo.fr\/saintdieinfo\/2022\/10\/48-jeunes-deodatiens-recompenses-travail-cet-ete\/","twitter_card":"summary_large_image","twitter_title":"48 jeunes D\u00e9odatiens r\u00e9compens\u00e9s pour leur travail cet \u00e9t\u00e9 - Saint Die Info","twitter_description":"48 jeunes D\u00e9odatiens des quartiers de Kellermann et Saint-Roch ont \u00e9t\u00e9 re\u00e7us ce mercredi apr\u00e8s-midi par le maire Bruno Toussaint [&hellip;]","twitter_image":"https:\/\/vosgesinfo.fr\/app\/uploads\/sites\/4\/2024\/08\/202210vosgelis-recompenses-jeunes-chantiers-educatifs-9.jpg","twitter_creator":"@VosgesInfo88","twitter_site":"@VosgesInfo88","twitter_misc":{"\u00c9crit par":"la r\u00e9daction","Dur\u00e9e de lecture estim\u00e9e":"1 minute"},"schema":{"@context":"https:\/\/schema.org","@graph":[{"@type":"Article","@id":"https:\/\/vosgesinfo.fr\/saintdieinfo\/2022\/10\/48-jeunes-deodatiens-recompenses-travail-cet-ete\/#article","isPartOf":{"@id":"https:\/\/vosgesinfo.fr\/saintdieinfo\/2022\/10\/48-jeunes-deodatiens-recompenses-travail-cet-ete\/"},"author":{"name":"la r\u00e9daction","@id":"https:\/\/vosgesinfo.fr\/saintdieinfo\/#\/schema\/person\/faee6704a21f3977511db84bd1cd450f"},"headline":"48 jeunes D\u00e9odatiens r\u00e9compens\u00e9s pour leur travail cet \u00e9t\u00e9","datePublished":"2022-10-05T11:18:18+00:00","dateModified":"2022-10-05T11:18:18+00:00","mainEntityOfPage":{"@id":"https:\/\/vosgesinfo.fr\/saintdieinfo\/2022\/10\/48-jeunes-deodatiens-recompenses-travail-cet-ete\/"},"wordCount":294,"commentCount":0,"publisher":{"@id":"https:\/\/vosgesinfo.fr\/saintdieinfo\/#organization"},"image":{"@id":"https:\/\/vosgesinfo.fr\/saintdieinfo\/2022\/10\/48-jeunes-deodatiens-recompenses-travail-cet-ete\/#primaryimage"},"thumbnailUrl":"https:\/\/vosgesinfo.fr\/app\/uploads\/sites\/4\/2024\/08\/202210vosgelis-recompenses-jeunes-chantiers-educatifs-9.jpg","keywords":["Centre Social Germaine-Tillion","Centre-Social Lucie Aubrac","Chantiers \u00e9ducatifs","Quartier Kellermann","Quartier Saint-Roch","Vosgelis"],"articleSection":["A la Une","\u00c9ducation","Saint-Di\u00e9-des-Vosges et son Agglom\u00e9ration"],"inLanguage":"fr-FR","potentialAction":[{"@type":"CommentAction","name":"Comment","target":["https:\/\/vosgesinfo.fr\/saintdieinfo\/2022\/10\/48-jeunes-deodatiens-recompenses-travail-cet-ete\/#respond"]}]},{"@type":"WebPage","@id":"https:\/\/vosgesinfo.fr\/saintdieinfo\/2022\/10\/48-jeunes-deodatiens-recompenses-travail-cet-ete\/","url":"https:\/\/vosgesinfo.fr\/saintdieinfo\/2022\/10\/48-jeunes-deodatiens-recompenses-travail-cet-ete\/","name":"48 jeunes D\u00e9odatiens r\u00e9compens\u00e9s pour leur travail cet \u00e9t\u00e9 - Saint Die Info","isPartOf":{"@id":"https:\/\/vosgesinfo.fr\/saintdieinfo\/#website"},"primaryImageOfPage":{"@id":"https:\/\/vosgesinfo.fr\/saintdieinfo\/2022\/10\/48-jeunes-deodatiens-recompenses-travail-cet-ete\/#primaryimage"},"image":{"@id":"https:\/\/vosgesinfo.fr\/saintdieinfo\/2022\/10\/48-jeunes-deodatiens-recompenses-travail-cet-ete\/#primaryimage"},"thumbnailUrl":"https:\/\/vosgesinfo.fr\/app\/uploads\/sites\/4\/2024\/08\/202210vosgelis-recompenses-jeunes-chantiers-educatifs-9.jpg","datePublished":"2022-10-05T11:18:18+00:00","dateModified":"2022-10-05T11:18:18+00:00","breadcrumb":{"@id":"https:\/\/vosgesinfo.fr\/saintdieinfo\/2022\/10\/48-jeunes-deodatiens-recompenses-travail-cet-ete\/#breadcrumb"},"inLanguage":"fr-FR","potentialAction":[{"@type":"ReadAction","target":["https:\/\/vosgesinfo.fr\/saintdieinfo\/2022\/10\/48-jeunes-deodatiens-recompenses-travail-cet-ete\/"]}]},{"@type":"ImageObject","inLanguage":"fr-FR","@id":"https:\/\/vosgesinfo.fr\/saintdieinfo\/2022\/10\/48-jeunes-deodatiens-recompenses-travail-cet-ete\/#primaryimage","url":"https:\/\/vosgesinfo.fr\/app\/uploads\/sites\/4\/2024\/08\/202210vosgelis-recompenses-jeunes-chantiers-educatifs-9.jpg","contentUrl":"https:\/\/vosgesinfo.fr\/app\/uploads\/sites\/4\/2024\/08\/202210vosgelis-recompenses-jeunes-chantiers-educatifs-9.jpg","width":1600,"height":1205},{"@type":"BreadcrumbList","@id":"https:\/\/vosgesinfo.fr\/saintdieinfo\/2022\/10\/48-jeunes-deodatiens-recompenses-travail-cet-ete\/#breadcrumb","itemListElement":[{"@type":"ListItem","position":1,"name":"Home","item":"https:\/\/vosgesinfo.fr\/saintdieinfo\/"},{"@type":"ListItem","position":2,"name":"48 jeunes D\u00e9odatiens r\u00e9compens\u00e9s pour leur travail cet \u00e9t\u00e9"}]},{"@type":"WebSite","@id":"https:\/\/vosgesinfo.fr\/saintdieinfo\/#website","url":"https:\/\/vosgesinfo.fr\/saintdieinfo\/","name":"Saint Die Info","description":"Toute l&#039;actualit\u00e9 de Saint-Di\u00e9-Des-Vosges","publisher":{"@id":"https:\/\/vosgesinfo.fr\/saintdieinfo\/#organization"},"alternateName":"Toute l'actualit\u00e9 de Saint-Di\u00e9-Des-Vosges","potentialAction":[{"@type":"SearchAction","target":{"@type":"EntryPoint","urlTemplate":"https:\/\/vosgesinfo.fr\/saintdieinfo\/?s={search_term_string}"},"query-input":"required name=search_term_string"}],"inLanguage":"fr-FR"},{"@type":"Organization","@id":"https:\/\/vosgesinfo.fr\/saintdieinfo\/#organization","name":"Saint Die Info","url":"https:\/\/vosgesinfo.fr\/saintdieinfo\/","logo":{"@type":"ImageObject","inLanguage":"fr-FR","@id":"https:\/\/vosgesinfo.fr\/saintdieinfo\/#\/schema\/logo\/image\/","url":"https:\/\/vosgesinfo.fr\/app\/uploads\/sites\/4\/2024\/02\/logo-sdi.jpg","contentUrl":"https:\/\/vosgesinfo.fr\/app\/uploads\/sites\/4\/2024\/02\/logo-sdi.jpg","width":600,"height":600,"caption":"Saint Die Info"},"image":{"@id":"https:\/\/vosgesinfo.fr\/saintdieinfo\/#\/schema\/logo\/image\/"},"sameAs":["https:\/\/www.facebook.com\/Saintdieinfofr","https:\/\/x.com\/VosgesInfo88","https:\/\/www.youtube.com\/@vosgesinfo"]},{"@type":"Person","@id":"https:\/\/vosgesinfo.fr\/saintdieinfo\/#\/schema\/person\/faee6704a21f3977511db84bd1cd450f","name":"la r\u00e9daction","image":{"@type":"ImageObject","inLanguage":"fr-FR","@id":"https:\/\/vosgesinfo.fr\/saintdieinfo\/#\/schema\/person\/image\/","url":"https:\/\/secure.gravatar.com\/avatar\/6673d8bc6a9c17fa9a453eaa3448de834fa308c2ec9635b7aa99441a7c8d2cf6?s=96&d=mm&r=g","contentUrl":"https:\/\/secure.gravatar.com\/avatar\/6673d8bc6a9c17fa9a453eaa3448de834fa308c2ec9635b7aa99441a7c8d2cf6?s=96&d=mm&r=g","caption":"la r\u00e9daction"},"url":"https:\/\/vosgesinfo.fr\/saintdieinfo\/author\/redac\/"}]}},"_links":{"self":[{"href":"https:\/\/vosgesinfo.fr\/saintdieinfo\/wp-json\/wp\/v2\/posts\/58288","targetHints":{"allow":["GET"]}}],"collection":[{"href":"https:\/\/vosgesinfo.fr\/saintdieinfo\/wp-json\/wp\/v2\/posts"}],"about":[{"href":"https:\/\/vosgesinfo.fr\/saintdieinfo\/wp-json\/wp\/v2\/types\/post"}],"author":[{"embeddable":true,"href":"https:\/\/vosgesinfo.fr\/saintdieinfo\/wp-json\/wp\/v2\/users\/44"}],"replies":[{"embeddable":true,"href":"https:\/\/vosgesinfo.fr\/saintdieinfo\/wp-json\/wp\/v2\/comments?post=58288"}],"version-history":[{"count":0,"href":"https:\/\/vosgesinfo.fr\/saintdieinfo\/wp-json\/wp\/v2\/posts\/58288\/revisions"}],"wp:featuredmedia":[{"embeddable":true,"href":"https:\/\/vosgesinfo.fr\/saintdieinfo\/wp-json\/wp\/v2\/media\/58289"}],"wp:attachment":[{"href":"https:\/\/vosgesinfo.fr\/saintdieinfo\/wp-json\/wp\/v2\/media?parent=58288"}],"wp:term":[{"taxonomy":"category","embeddable":true,"href":"https:\/\/vosgesinfo.fr\/saintdieinfo\/wp-json\/wp\/v2\/categories?post=58288"},{"taxonomy":"post_tag","embeddable":true,"href":"https:\/\/vosgesinfo.fr\/saintdieinfo\/wp-json\/wp\/v2\/tags?post=58288"}],"curies":[{"name":"wp","href":"https:\/\/api.w.org\/{rel}","templated":true}]}}