{"id":58303,"date":"2022-10-05T15:30:47","date_gmt":"2022-10-05T13:30:47","guid":{"rendered":"https:\/\/vosgesinfo.fr\/saintdieinfo\/2022\/10\/octobre-rose-objectif-20-000e-a-saint-die-vosges\/"},"modified":"2022-10-05T15:30:47","modified_gmt":"2022-10-05T13:30:47","slug":"octobre-rose-objectif-20-000e-a-saint-die-vosges","status":"publish","type":"post","link":"https:\/\/vosgesinfo.fr\/saintdieinfo\/2022\/10\/octobre-rose-objectif-20-000e-a-saint-die-vosges\/","title":{"rendered":"Octobre Rose : objectif 20 000\u20ac \u00e0 Saint-Di\u00e9-des-Vosges"},"content":{"rendered":"<p><a href=\"\/2022\/10\/Pr\u00e9sentation_Octobre_Rose_SDDV.jpg\" target=\"_blank\" rel=\"noopener\"><img decoding=\"async\" class=\"aligncenter wp-image-190729 size-large\" src=\"\/2022\/10\/Pr\u00e9sentation_Octobre_Rose_SDDV-1024x771.jpg\" alt=\"Pr\u00e9sentation_Octobre_Rose_SDDV\" width=\"960\" height=\"723\" \/><\/a><\/p>\n<h2><strong><span style=\"font-size: 14pt;\">Octobre Rose, c&rsquo;est une campagne annuelle de communication afin de sensibiliser le public au cancer du sein f\u00e9minin, tout en r\u00e9colant des fonds pour financer la recherche. Un \u00e9lan national de solidarit\u00e9 auquel participe Saint-Di\u00e9-des-Vosges chaque ann\u00e9e.<\/span><\/strong><\/h2>\n<p><!--more--><\/p>\n<p>L&rsquo;an dernier, un beau ch\u00e8que de 14 651\u20ac avait \u00e9t\u00e9 remis \u00e0 la Ligue contre le Cancer des Vosges (<a href=\"https:\/\/saintdieinfo.fr\/2021\/11\/plus-de-14-000-euros-recoltes-lors-de-loctobre-rose-deodatien\/\" target=\"_blank\" rel=\"noopener\">lire notre article<\/a>). Pour cette ann\u00e9e, l&rsquo;objectif est fix\u00e9 \u00e0 minimum 20 000\u20ac, comme l&rsquo;a pr\u00e9cis\u00e9 le maire Bruno Toussaint ce mercredi apr\u00e8s-midi, entour\u00e9 de l&rsquo;adjoint Jean-Fran\u00e7ois Bruelle, de Annie Dumoulin, de l&rsquo;antenne d\u00e9odatienne de la Ligue contre le Cancer, de J\u00e9r\u00e9my Poillet, pr\u00e9sident de l&rsquo;Athl\u00e9tique Club de la Haute-Meurthe \u2013 ACHM \u2013 et de l&rsquo;Office Municipal des Sports \u2013 OMS \u2013 et de Lyla Regaia du CCAS, coordinatrice de la manifestation.<\/p>\n<p>Si comme chaque ann\u00e9e les initiatives se multiplient aux 4 coins de la ville tout au long du mois d&rsquo;octobre pour faire gonfler la cagnotte, \u00e0 retrouver en d\u00e9tails en fin d&rsquo;article, le temps fort de l&rsquo;Octobre Rose d\u00e9odatien aura lieu le dimanche 16 octobre. Comme l&rsquo;an dernier, cette journ\u00e9e solidaire teint\u00e9e de rose se d\u00e9roulera du c\u00f4t\u00e9 du parking de l&rsquo;hypermarch\u00e9 E.Leclerc de la zone Hellieule 2, mais aussi aux tout proches \u00e9tangs du Hauts-Monts. Le site des \u00e9tangs \u00e9tant priv\u00e9, il sera ouvert exceptionnellement \u00e0 cette occasion.<\/p>\n<p>Des stands et diff\u00e9rentes animations sportives, musicales et dansantes rythmeront la journ\u00e9e sur le parking de la grande surface, tandis que la marche rose de la Ligue contre le Cancer et les 2 courses organis\u00e9es par l&rsquo;ACHM emm\u00e8neront leurs participants \u00e0 arpenter les alentours des \u00e9tangs, dans un cadre naturel magnifique. Les inscriptions pour la marche rose se feront sur le parking de l&rsquo;hypermarch\u00e9 E.Leclerc de 9h \u00e0 15h, avec un d\u00e9part group\u00e9 \u00e0 14h puis des d\u00e9parts libres de 15h \u00e0 17h. 3\u20ac seront demand\u00e9s \u00e0 chaque marcheur, sachant que l&rsquo;int\u00e9gralit\u00e9 de cette somme sera ensuite revers\u00e9e \u00e0 la Ligue contre le Cancer.<\/p>\n<p>En ce qui concerne les 2 courses, la Pink Run est une course de 5km accessible \u00e0 tous, quelle que soit la condition physique, dont le d\u00e9part sera donn\u00e9 \u00e0 11h, l\u00e0 aussi au niveau du parking de l&rsquo;hypermarch\u00e9 E.Leclerc. Tout comme pour la Pink Race, qui se destine aux plus sportifs puisqu&rsquo;il s&rsquo;agira de boucler le plus de tours possibles en une heure. D\u00e9part \u00e0 9h30. La participation pour la Pink Run est de 10\u20ac, contre 12\u20ac pour la Pink Race. Sur ces sommes, 5\u20ac iront \u00e0 la Ligue contre le Cancer. Les inscriptions se font sur le site <a href=\"https:\/\/www.le-sportif.com\/CalendarDetail\/CalendarDetail.aspx?EventID=187593\" target=\"_blank\" rel=\"noopener\">www.le-sportif.com<\/a>. Et pour le marche comme pour les 2 courses, un t-shirt rose sera offert \u00e0 chaque marcheur ou coureur.<\/p>\n<p>\u00ab\u00a0J&rsquo;esp\u00e8re la pr\u00e9sence de 1000 marcheurs et autant de coureurs. Je demande notamment \u00e0 ce que les entreprises et les associations de la ville se mobilisent, pour motiver des \u00e9quipes \u00e0 participer. On peut y arriver tous ensemble. Octobre Rose est une cause qui concerne tout le monde, car personne n&rsquo;est \u00e0 l&rsquo;abri d&rsquo;attraper un cancer du sein\u00a0\u00bb a d\u00e9clar\u00e9 Bruno Toussaint, qui esp\u00e8re pour le 16 octobre une m\u00e9t\u00e9o aussi cl\u00e9mente qu&rsquo;aujourd&rsquo;hui.<\/p>\n<h3><strong><span style=\"font-size: 12pt;\">L&rsquo;int\u00e9gralit\u00e9 du programme de l&rsquo;Octobre Rose d\u00e9odatien est \u00e0 retrouver ci-dessous\u00a0:<\/span><\/strong><\/h3>\n<p><a href=\"\/2022\/10\/Programme_Octobre_Rose_2022-3.jpg\" target=\"_blank\" rel=\"noopener\"><img decoding=\"async\" class=\"aligncenter wp-image-190731 size-large\" src=\"\/2022\/10\/Programme_Octobre_Rose_2022-3-722x1024.jpg\" alt=\"Programme_Octobre_Rose_2022 (3)\" width=\"722\" height=\"1024\" \/><\/a><a href=\"\/2022\/10\/Programme_Octobre_Rose_2022-4.jpg\" target=\"_blank\" rel=\"noopener\"><img decoding=\"async\" class=\"aligncenter wp-image-190732 size-large\" src=\"\/2022\/10\/Programme_Octobre_Rose_2022-4-722x1024.jpg\" alt=\"Programme_Octobre_Rose_2022 (4)\" width=\"722\" height=\"1024\" \/><\/a><a href=\"\/2022\/10\/Programme_Octobre_Rose_2022-5.jpg\" target=\"_blank\" rel=\"noopener\"><img decoding=\"async\" class=\"aligncenter wp-image-190733 size-large\" src=\"\/2022\/10\/Programme_Octobre_Rose_2022-5-722x1024.jpg\" alt=\"Programme_Octobre_Rose_2022 (5)\" width=\"722\" height=\"1024\" \/><\/a><a href=\"\/2022\/10\/Programme_Octobre_Rose_2022-6.jpg\" target=\"_blank\" rel=\"noopener\"><img decoding=\"async\" class=\"aligncenter wp-image-190734 size-large\" src=\"\/2022\/10\/Programme_Octobre_Rose_2022-6-722x1024.jpg\" alt=\"Programme_Octobre_Rose_2022 (6)\" width=\"722\" height=\"1024\" \/><\/a><a href=\"\/2022\/10\/Programme_Octobre_Rose_2022-7.jpg\" target=\"_blank\" rel=\"noopener\"><img decoding=\"async\" class=\"aligncenter wp-image-190735 size-large\" src=\"\/2022\/10\/Programme_Octobre_Rose_2022-7-722x1024.jpg\" alt=\"Programme_Octobre_Rose_2022 (7)\" width=\"722\" height=\"1024\" \/><\/a><a href=\"\/2022\/10\/Programme_Octobre_Rose_2022-8.jpg\" target=\"_blank\" rel=\"noopener\"><img decoding=\"async\" class=\"aligncenter wp-image-190736 size-large\" src=\"\/2022\/10\/Programme_Octobre_Rose_2022-8-722x1024.jpg\" alt=\"Programme_Octobre_Rose_2022 (8)\" width=\"722\" height=\"1024\" \/><\/a><a href=\"\/2022\/10\/Programme_Octobre_Rose_2022-9.jpg\" target=\"_blank\" rel=\"noopener\"><img decoding=\"async\" class=\"aligncenter wp-image-190737 size-large\" src=\"\/2022\/10\/Programme_Octobre_Rose_2022-9-722x1024.jpg\" alt=\"Programme_Octobre_Rose_2022 (9)\" width=\"722\" height=\"1024\" \/><\/a><\/p>\n<p>J.J.<\/p>\n","protected":false},"excerpt":{"rendered":"<p>Octobre Rose, c&rsquo;est une campagne annuelle de communication afin de sensibiliser le public au cancer du sein f\u00e9minin, tout en [&hellip;]<\/p>\n","protected":false},"author":44,"featured_media":58304,"comment_status":"open","ping_status":"open","sticky":false,"template":"","format":"standard","meta":{"footnotes":""},"categories":[460,2915,4152,13,29],"tags":[1891,2171,2268,3450],"class_list":["post-58303","post","type-post","status-publish","format-standard","has-post-thumbnail","hentry","category-a-la-une","category-saint-die-son-canton","category-sante","category-societe","category-solidarite","tag-cancer-du-sein","tag-ligue-contre-le-cancer","tag-octobre-rose","tag-octobre-rose-a-saint-die-des-vosges"],"acf":[],"yoast_head":"<!-- This site is optimized with the Yoast SEO plugin v22.5 - https:\/\/yoast.com\/wordpress\/plugins\/seo\/ -->\n<title>Octobre Rose : objectif 20 000\u20ac \u00e0 Saint-Di\u00e9-des-Vosges - Saint Die Info<\/title>\n<meta name=\"robots\" content=\"index, follow, max-snippet:-1, max-image-preview:large, max-video-preview:-1\" \/>\n<link rel=\"canonical\" href=\"https:\/\/vosgesinfo.fr\/saintdieinfo\/2022\/10\/octobre-rose-objectif-20-000e-a-saint-die-vosges\/\" \/>\n<meta name=\"twitter:card\" content=\"summary_large_image\" \/>\n<meta name=\"twitter:title\" content=\"Octobre Rose : objectif 20 000\u20ac \u00e0 Saint-Di\u00e9-des-Vosges - Saint Die Info\" \/>\n<meta name=\"twitter:description\" content=\"Octobre Rose, c&rsquo;est une campagne annuelle de communication afin de sensibiliser le public au cancer du sein f\u00e9minin, tout en [&hellip;]\" \/>\n<meta name=\"twitter:image\" content=\"https:\/\/vosgesinfo.fr\/app\/uploads\/sites\/4\/2024\/08\/202210presentation-octobre-rose-sddv.jpg\" \/>\n<meta name=\"twitter:creator\" content=\"@VosgesInfo88\" \/>\n<meta name=\"twitter:site\" content=\"@VosgesInfo88\" \/>\n<meta name=\"twitter:label1\" content=\"\u00c9crit par\" \/>\n\t<meta name=\"twitter:data1\" content=\"la r\u00e9daction\" \/>\n\t<meta name=\"twitter:label2\" content=\"Dur\u00e9e de lecture estim\u00e9e\" \/>\n\t<meta name=\"twitter:data2\" content=\"3 minutes\" \/>\n<script type=\"application\/ld+json\" class=\"yoast-schema-graph\">{\"@context\":\"https:\/\/schema.org\",\"@graph\":[{\"@type\":\"Article\",\"@id\":\"https:\/\/vosgesinfo.fr\/saintdieinfo\/2022\/10\/octobre-rose-objectif-20-000e-a-saint-die-vosges\/#article\",\"isPartOf\":{\"@id\":\"https:\/\/vosgesinfo.fr\/saintdieinfo\/2022\/10\/octobre-rose-objectif-20-000e-a-saint-die-vosges\/\"},\"author\":{\"name\":\"la r\u00e9daction\",\"@id\":\"https:\/\/vosgesinfo.fr\/saintdieinfo\/#\/schema\/person\/faee6704a21f3977511db84bd1cd450f\"},\"headline\":\"Octobre Rose : objectif 20 000\u20ac \u00e0 Saint-Di\u00e9-des-Vosges\",\"datePublished\":\"2022-10-05T13:30:47+00:00\",\"dateModified\":\"2022-10-05T13:30:47+00:00\",\"mainEntityOfPage\":{\"@id\":\"https:\/\/vosgesinfo.fr\/saintdieinfo\/2022\/10\/octobre-rose-objectif-20-000e-a-saint-die-vosges\/\"},\"wordCount\":566,\"commentCount\":0,\"publisher\":{\"@id\":\"https:\/\/vosgesinfo.fr\/saintdieinfo\/#organization\"},\"image\":{\"@id\":\"https:\/\/vosgesinfo.fr\/saintdieinfo\/2022\/10\/octobre-rose-objectif-20-000e-a-saint-die-vosges\/#primaryimage\"},\"thumbnailUrl\":\"https:\/\/vosgesinfo.fr\/app\/uploads\/sites\/4\/2024\/08\/202210presentation-octobre-rose-sddv.jpg\",\"keywords\":[\"cancer du sein\",\"Ligue contre le cancer\",\"Octobre Rose\",\"Octobre Rose \u00e0 Saint-Di\u00e9-des-Vosges\"],\"articleSection\":[\"A la Une\",\"Saint-Di\u00e9-des-Vosges et son Agglom\u00e9ration\",\"Sant\u00e9\",\"Soci\u00e9t\u00e9\",\"Solidarit\u00e9\"],\"inLanguage\":\"fr-FR\",\"potentialAction\":[{\"@type\":\"CommentAction\",\"name\":\"Comment\",\"target\":[\"https:\/\/vosgesinfo.fr\/saintdieinfo\/2022\/10\/octobre-rose-objectif-20-000e-a-saint-die-vosges\/#respond\"]}]},{\"@type\":\"WebPage\",\"@id\":\"https:\/\/vosgesinfo.fr\/saintdieinfo\/2022\/10\/octobre-rose-objectif-20-000e-a-saint-die-vosges\/\",\"url\":\"https:\/\/vosgesinfo.fr\/saintdieinfo\/2022\/10\/octobre-rose-objectif-20-000e-a-saint-die-vosges\/\",\"name\":\"Octobre Rose : objectif 20 000\u20ac \u00e0 Saint-Di\u00e9-des-Vosges - Saint Die Info\",\"isPartOf\":{\"@id\":\"https:\/\/vosgesinfo.fr\/saintdieinfo\/#website\"},\"primaryImageOfPage\":{\"@id\":\"https:\/\/vosgesinfo.fr\/saintdieinfo\/2022\/10\/octobre-rose-objectif-20-000e-a-saint-die-vosges\/#primaryimage\"},\"image\":{\"@id\":\"https:\/\/vosgesinfo.fr\/saintdieinfo\/2022\/10\/octobre-rose-objectif-20-000e-a-saint-die-vosges\/#primaryimage\"},\"thumbnailUrl\":\"https:\/\/vosgesinfo.fr\/app\/uploads\/sites\/4\/2024\/08\/202210presentation-octobre-rose-sddv.jpg\",\"datePublished\":\"2022-10-05T13:30:47+00:00\",\"dateModified\":\"2022-10-05T13:30:47+00:00\",\"breadcrumb\":{\"@id\":\"https:\/\/vosgesinfo.fr\/saintdieinfo\/2022\/10\/octobre-rose-objectif-20-000e-a-saint-die-vosges\/#breadcrumb\"},\"inLanguage\":\"fr-FR\",\"potentialAction\":[{\"@type\":\"ReadAction\",\"target\":[\"https:\/\/vosgesinfo.fr\/saintdieinfo\/2022\/10\/octobre-rose-objectif-20-000e-a-saint-die-vosges\/\"]}]},{\"@type\":\"ImageObject\",\"inLanguage\":\"fr-FR\",\"@id\":\"https:\/\/vosgesinfo.fr\/saintdieinfo\/2022\/10\/octobre-rose-objectif-20-000e-a-saint-die-vosges\/#primaryimage\",\"url\":\"https:\/\/vosgesinfo.fr\/app\/uploads\/sites\/4\/2024\/08\/202210presentation-octobre-rose-sddv.jpg\",\"contentUrl\":\"https:\/\/vosgesinfo.fr\/app\/uploads\/sites\/4\/2024\/08\/202210presentation-octobre-rose-sddv.jpg\",\"width\":1600,\"height\":1205},{\"@type\":\"BreadcrumbList\",\"@id\":\"https:\/\/vosgesinfo.fr\/saintdieinfo\/2022\/10\/octobre-rose-objectif-20-000e-a-saint-die-vosges\/#breadcrumb\",\"itemListElement\":[{\"@type\":\"ListItem\",\"position\":1,\"name\":\"Home\",\"item\":\"https:\/\/vosgesinfo.fr\/saintdieinfo\/\"},{\"@type\":\"ListItem\",\"position\":2,\"name\":\"Octobre Rose : objectif 20 000\u20ac \u00e0 Saint-Di\u00e9-des-Vosges\"}]},{\"@type\":\"WebSite\",\"@id\":\"https:\/\/vosgesinfo.fr\/saintdieinfo\/#website\",\"url\":\"https:\/\/vosgesinfo.fr\/saintdieinfo\/\",\"name\":\"Saint Die Info\",\"description\":\"Toute l&#039;actualit\u00e9 de Saint-Di\u00e9-Des-Vosges\",\"publisher\":{\"@id\":\"https:\/\/vosgesinfo.fr\/saintdieinfo\/#organization\"},\"alternateName\":\"Toute l'actualit\u00e9 de Saint-Di\u00e9-Des-Vosges\",\"potentialAction\":[{\"@type\":\"SearchAction\",\"target\":{\"@type\":\"EntryPoint\",\"urlTemplate\":\"https:\/\/vosgesinfo.fr\/saintdieinfo\/?s={search_term_string}\"},\"query-input\":\"required name=search_term_string\"}],\"inLanguage\":\"fr-FR\"},{\"@type\":\"Organization\",\"@id\":\"https:\/\/vosgesinfo.fr\/saintdieinfo\/#organization\",\"name\":\"Saint Die Info\",\"url\":\"https:\/\/vosgesinfo.fr\/saintdieinfo\/\",\"logo\":{\"@type\":\"ImageObject\",\"inLanguage\":\"fr-FR\",\"@id\":\"https:\/\/vosgesinfo.fr\/saintdieinfo\/#\/schema\/logo\/image\/\",\"url\":\"https:\/\/vosgesinfo.fr\/app\/uploads\/sites\/4\/2024\/02\/logo-sdi.jpg\",\"contentUrl\":\"https:\/\/vosgesinfo.fr\/app\/uploads\/sites\/4\/2024\/02\/logo-sdi.jpg\",\"width\":600,\"height\":600,\"caption\":\"Saint Die Info\"},\"image\":{\"@id\":\"https:\/\/vosgesinfo.fr\/saintdieinfo\/#\/schema\/logo\/image\/\"},\"sameAs\":[\"https:\/\/www.facebook.com\/Saintdieinfofr\",\"https:\/\/x.com\/VosgesInfo88\",\"https:\/\/www.youtube.com\/@vosgesinfo\"]},{\"@type\":\"Person\",\"@id\":\"https:\/\/vosgesinfo.fr\/saintdieinfo\/#\/schema\/person\/faee6704a21f3977511db84bd1cd450f\",\"name\":\"la r\u00e9daction\",\"image\":{\"@type\":\"ImageObject\",\"inLanguage\":\"fr-FR\",\"@id\":\"https:\/\/vosgesinfo.fr\/saintdieinfo\/#\/schema\/person\/image\/\",\"url\":\"https:\/\/secure.gravatar.com\/avatar\/6673d8bc6a9c17fa9a453eaa3448de834fa308c2ec9635b7aa99441a7c8d2cf6?s=96&d=mm&r=g\",\"contentUrl\":\"https:\/\/secure.gravatar.com\/avatar\/6673d8bc6a9c17fa9a453eaa3448de834fa308c2ec9635b7aa99441a7c8d2cf6?s=96&d=mm&r=g\",\"caption\":\"la r\u00e9daction\"},\"url\":\"https:\/\/vosgesinfo.fr\/saintdieinfo\/author\/redac\/\"}]}<\/script>\n<!-- \/ Yoast SEO plugin. -->","yoast_head_json":{"title":"Octobre Rose : objectif 20 000\u20ac \u00e0 Saint-Di\u00e9-des-Vosges - Saint Die Info","robots":{"index":"index","follow":"follow","max-snippet":"max-snippet:-1","max-image-preview":"max-image-preview:large","max-video-preview":"max-video-preview:-1"},"canonical":"https:\/\/vosgesinfo.fr\/saintdieinfo\/2022\/10\/octobre-rose-objectif-20-000e-a-saint-die-vosges\/","twitter_card":"summary_large_image","twitter_title":"Octobre Rose : objectif 20 000\u20ac \u00e0 Saint-Di\u00e9-des-Vosges - Saint Die Info","twitter_description":"Octobre Rose, c&rsquo;est une campagne annuelle de communication afin de sensibiliser le public au cancer du sein f\u00e9minin, tout en [&hellip;]","twitter_image":"https:\/\/vosgesinfo.fr\/app\/uploads\/sites\/4\/2024\/08\/202210presentation-octobre-rose-sddv.jpg","twitter_creator":"@VosgesInfo88","twitter_site":"@VosgesInfo88","twitter_misc":{"\u00c9crit par":"la r\u00e9daction","Dur\u00e9e de lecture estim\u00e9e":"3 minutes"},"schema":{"@context":"https:\/\/schema.org","@graph":[{"@type":"Article","@id":"https:\/\/vosgesinfo.fr\/saintdieinfo\/2022\/10\/octobre-rose-objectif-20-000e-a-saint-die-vosges\/#article","isPartOf":{"@id":"https:\/\/vosgesinfo.fr\/saintdieinfo\/2022\/10\/octobre-rose-objectif-20-000e-a-saint-die-vosges\/"},"author":{"name":"la r\u00e9daction","@id":"https:\/\/vosgesinfo.fr\/saintdieinfo\/#\/schema\/person\/faee6704a21f3977511db84bd1cd450f"},"headline":"Octobre Rose : objectif 20 000\u20ac \u00e0 Saint-Di\u00e9-des-Vosges","datePublished":"2022-10-05T13:30:47+00:00","dateModified":"2022-10-05T13:30:47+00:00","mainEntityOfPage":{"@id":"https:\/\/vosgesinfo.fr\/saintdieinfo\/2022\/10\/octobre-rose-objectif-20-000e-a-saint-die-vosges\/"},"wordCount":566,"commentCount":0,"publisher":{"@id":"https:\/\/vosgesinfo.fr\/saintdieinfo\/#organization"},"image":{"@id":"https:\/\/vosgesinfo.fr\/saintdieinfo\/2022\/10\/octobre-rose-objectif-20-000e-a-saint-die-vosges\/#primaryimage"},"thumbnailUrl":"https:\/\/vosgesinfo.fr\/app\/uploads\/sites\/4\/2024\/08\/202210presentation-octobre-rose-sddv.jpg","keywords":["cancer du sein","Ligue contre le cancer","Octobre Rose","Octobre Rose \u00e0 Saint-Di\u00e9-des-Vosges"],"articleSection":["A la Une","Saint-Di\u00e9-des-Vosges et son Agglom\u00e9ration","Sant\u00e9","Soci\u00e9t\u00e9","Solidarit\u00e9"],"inLanguage":"fr-FR","potentialAction":[{"@type":"CommentAction","name":"Comment","target":["https:\/\/vosgesinfo.fr\/saintdieinfo\/2022\/10\/octobre-rose-objectif-20-000e-a-saint-die-vosges\/#respond"]}]},{"@type":"WebPage","@id":"https:\/\/vosgesinfo.fr\/saintdieinfo\/2022\/10\/octobre-rose-objectif-20-000e-a-saint-die-vosges\/","url":"https:\/\/vosgesinfo.fr\/saintdieinfo\/2022\/10\/octobre-rose-objectif-20-000e-a-saint-die-vosges\/","name":"Octobre Rose : objectif 20 000\u20ac \u00e0 Saint-Di\u00e9-des-Vosges - Saint Die Info","isPartOf":{"@id":"https:\/\/vosgesinfo.fr\/saintdieinfo\/#website"},"primaryImageOfPage":{"@id":"https:\/\/vosgesinfo.fr\/saintdieinfo\/2022\/10\/octobre-rose-objectif-20-000e-a-saint-die-vosges\/#primaryimage"},"image":{"@id":"https:\/\/vosgesinfo.fr\/saintdieinfo\/2022\/10\/octobre-rose-objectif-20-000e-a-saint-die-vosges\/#primaryimage"},"thumbnailUrl":"https:\/\/vosgesinfo.fr\/app\/uploads\/sites\/4\/2024\/08\/202210presentation-octobre-rose-sddv.jpg","datePublished":"2022-10-05T13:30:47+00:00","dateModified":"2022-10-05T13:30:47+00:00","breadcrumb":{"@id":"https:\/\/vosgesinfo.fr\/saintdieinfo\/2022\/10\/octobre-rose-objectif-20-000e-a-saint-die-vosges\/#breadcrumb"},"inLanguage":"fr-FR","potentialAction":[{"@type":"ReadAction","target":["https:\/\/vosgesinfo.fr\/saintdieinfo\/2022\/10\/octobre-rose-objectif-20-000e-a-saint-die-vosges\/"]}]},{"@type":"ImageObject","inLanguage":"fr-FR","@id":"https:\/\/vosgesinfo.fr\/saintdieinfo\/2022\/10\/octobre-rose-objectif-20-000e-a-saint-die-vosges\/#primaryimage","url":"https:\/\/vosgesinfo.fr\/app\/uploads\/sites\/4\/2024\/08\/202210presentation-octobre-rose-sddv.jpg","contentUrl":"https:\/\/vosgesinfo.fr\/app\/uploads\/sites\/4\/2024\/08\/202210presentation-octobre-rose-sddv.jpg","width":1600,"height":1205},{"@type":"BreadcrumbList","@id":"https:\/\/vosgesinfo.fr\/saintdieinfo\/2022\/10\/octobre-rose-objectif-20-000e-a-saint-die-vosges\/#breadcrumb","itemListElement":[{"@type":"ListItem","position":1,"name":"Home","item":"https:\/\/vosgesinfo.fr\/saintdieinfo\/"},{"@type":"ListItem","position":2,"name":"Octobre Rose : objectif 20 000\u20ac \u00e0 Saint-Di\u00e9-des-Vosges"}]},{"@type":"WebSite","@id":"https:\/\/vosgesinfo.fr\/saintdieinfo\/#website","url":"https:\/\/vosgesinfo.fr\/saintdieinfo\/","name":"Saint Die Info","description":"Toute l&#039;actualit\u00e9 de Saint-Di\u00e9-Des-Vosges","publisher":{"@id":"https:\/\/vosgesinfo.fr\/saintdieinfo\/#organization"},"alternateName":"Toute l'actualit\u00e9 de Saint-Di\u00e9-Des-Vosges","potentialAction":[{"@type":"SearchAction","target":{"@type":"EntryPoint","urlTemplate":"https:\/\/vosgesinfo.fr\/saintdieinfo\/?s={search_term_string}"},"query-input":"required name=search_term_string"}],"inLanguage":"fr-FR"},{"@type":"Organization","@id":"https:\/\/vosgesinfo.fr\/saintdieinfo\/#organization","name":"Saint Die Info","url":"https:\/\/vosgesinfo.fr\/saintdieinfo\/","logo":{"@type":"ImageObject","inLanguage":"fr-FR","@id":"https:\/\/vosgesinfo.fr\/saintdieinfo\/#\/schema\/logo\/image\/","url":"https:\/\/vosgesinfo.fr\/app\/uploads\/sites\/4\/2024\/02\/logo-sdi.jpg","contentUrl":"https:\/\/vosgesinfo.fr\/app\/uploads\/sites\/4\/2024\/02\/logo-sdi.jpg","width":600,"height":600,"caption":"Saint Die Info"},"image":{"@id":"https:\/\/vosgesinfo.fr\/saintdieinfo\/#\/schema\/logo\/image\/"},"sameAs":["https:\/\/www.facebook.com\/Saintdieinfofr","https:\/\/x.com\/VosgesInfo88","https:\/\/www.youtube.com\/@vosgesinfo"]},{"@type":"Person","@id":"https:\/\/vosgesinfo.fr\/saintdieinfo\/#\/schema\/person\/faee6704a21f3977511db84bd1cd450f","name":"la r\u00e9daction","image":{"@type":"ImageObject","inLanguage":"fr-FR","@id":"https:\/\/vosgesinfo.fr\/saintdieinfo\/#\/schema\/person\/image\/","url":"https:\/\/secure.gravatar.com\/avatar\/6673d8bc6a9c17fa9a453eaa3448de834fa308c2ec9635b7aa99441a7c8d2cf6?s=96&d=mm&r=g","contentUrl":"https:\/\/secure.gravatar.com\/avatar\/6673d8bc6a9c17fa9a453eaa3448de834fa308c2ec9635b7aa99441a7c8d2cf6?s=96&d=mm&r=g","caption":"la r\u00e9daction"},"url":"https:\/\/vosgesinfo.fr\/saintdieinfo\/author\/redac\/"}]}},"_links":{"self":[{"href":"https:\/\/vosgesinfo.fr\/saintdieinfo\/wp-json\/wp\/v2\/posts\/58303","targetHints":{"allow":["GET"]}}],"collection":[{"href":"https:\/\/vosgesinfo.fr\/saintdieinfo\/wp-json\/wp\/v2\/posts"}],"about":[{"href":"https:\/\/vosgesinfo.fr\/saintdieinfo\/wp-json\/wp\/v2\/types\/post"}],"author":[{"embeddable":true,"href":"https:\/\/vosgesinfo.fr\/saintdieinfo\/wp-json\/wp\/v2\/users\/44"}],"replies":[{"embeddable":true,"href":"https:\/\/vosgesinfo.fr\/saintdieinfo\/wp-json\/wp\/v2\/comments?post=58303"}],"version-history":[{"count":0,"href":"https:\/\/vosgesinfo.fr\/saintdieinfo\/wp-json\/wp\/v2\/posts\/58303\/revisions"}],"wp:featuredmedia":[{"embeddable":true,"href":"https:\/\/vosgesinfo.fr\/saintdieinfo\/wp-json\/wp\/v2\/media\/58304"}],"wp:attachment":[{"href":"https:\/\/vosgesinfo.fr\/saintdieinfo\/wp-json\/wp\/v2\/media?parent=58303"}],"wp:term":[{"taxonomy":"category","embeddable":true,"href":"https:\/\/vosgesinfo.fr\/saintdieinfo\/wp-json\/wp\/v2\/categories?post=58303"},{"taxonomy":"post_tag","embeddable":true,"href":"https:\/\/vosgesinfo.fr\/saintdieinfo\/wp-json\/wp\/v2\/tags?post=58303"}],"curies":[{"name":"wp","href":"https:\/\/api.w.org\/{rel}","templated":true}]}}