{"id":58453,"date":"2022-10-10T12:19:06","date_gmt":"2022-10-10T10:19:06","guid":{"rendered":"https:\/\/vosgesinfo.fr\/saintdieinfo\/2022\/10\/bruyeres-parti-radical-vosges-organise-conference-debat-fin-de-vie\/"},"modified":"2022-10-10T12:19:06","modified_gmt":"2022-10-10T10:19:06","slug":"bruyeres-parti-radical-vosges-organise-conference-debat-fin-de-vie","status":"publish","type":"post","link":"https:\/\/vosgesinfo.fr\/saintdieinfo\/2022\/10\/bruyeres-parti-radical-vosges-organise-conference-debat-fin-de-vie\/","title":{"rendered":"Bruy\u00e8res \u2013 Le Parti Radical des Vosges organise une conf\u00e9rence-d\u00e9bat sur la fin de vie"},"content":{"rendered":"<p><img decoding=\"async\" class=\"aligncenter wp-image-190937 size-medium\" src=\"\/2022\/10\/Parti_Radical_Logo-400x193.jpg\" alt=\"Parti_Radical_Logo\" width=\"400\" height=\"193\" \/><\/p>\n<h2><span id=\"page3R_mcid11\" class=\"markedContent\"><strong><span style=\"font-size: 14pt;\"><span dir=\"ltr\">Le lundi 12 septembre 2022, le Pr\u00e9sident de la R\u00e9publique Emmanuel Macron annon\u00e7ait le <\/span><span dir=\"ltr\">lancement d\u2019une convention citoyenne visant \u00e0 \u00e9clairer une<\/span> <span dir=\"ltr\">r\u00e9flexion et faire des propositions sur le<\/span><span dir=\"ltr\"> sujet de la fin de vie.<\/span><\/span><\/strong><br \/>\n<\/span><\/h2>\n<p><!--more--><\/p>\n<p><span id=\"page3R_mcid11\" class=\"markedContent\"><span dir=\"ltr\">Engag\u00e9 depuis de nombreuses ann\u00e9es sur les enjeux de la fin de vie et pour une \u00e9volution du cadre <\/span><span dir=\"ltr\">l\u00e9gal fourni par la loi Claeys<\/span><span dir=\"ltr\">&#8211;<\/span><span dir=\"ltr\">Leonetti de 2016, le Parti Radical se r\u00e9jouit que l\u2019engage<\/span><span dir=\"ltr\">ment pris par<\/span><span dir=\"ltr\"> Emmanuel Macron durant la campagne pr\u00e9sidentielle de consulter largement sur l\u2019opportunit\u00e9 d\u2019une<\/span><span dir=\"ltr\"> telle mesure soit respect\u00e9.<\/span><span dir=\"ltr\"> R\u00e9solument convaincue, \u00e0 l\u2019instar du Pr\u00e9sident de la R\u00e9publique, que le d\u00e9bat sur le droit \u00e0 mourir<\/span><span dir=\"ltr\"> dans la dignit\u00e9<\/span> <span dir=\"ltr\">concerne tous les citoyens et que chacun doit pouvoir s\u2019en saisir, la f\u00e9d\u00e9ration des<\/span><br \/>\n<span dir=\"ltr\">Vosges du Parti Radical organise une conf\u00e9rence<\/span><span dir=\"ltr\">&#8211;<\/span><span dir=\"ltr\">d\u00e9bat consacr\u00e9e au sujet de la fin de vie.<\/span><\/span><\/p>\n<p><span id=\"page3R_mcid11\" class=\"markedContent\"><span dir=\"ltr\">Ce temps<\/span><span dir=\"ltr\"> d\u2019\u00e9change se tiendra \u00e0 la salle des associations de Bruy\u00e8res, rue de M<\/span><span dir=\"ltr\">oulins sur Allier, le samedi 22 <\/span><span dir=\"ltr\">octobre 2022 \u00e0 10h00. <\/span><span dir=\"ltr\">La pr\u00e9sentation ainsi que la discussion seront men\u00e9es par Madame V\u00e9ronique Guillotin, S\u00e9natrice de <\/span><span dir=\"ltr\">Meurthe<\/span><span dir=\"ltr\">&#8211;<\/span><span dir=\"ltr\">et<\/span><span dir=\"ltr\">&#8211;<\/span><span dir=\"ltr\">Moselle sp\u00e9cialiste de la th\u00e9matique de la fin de vie et engag\u00e9e de longue date sur cette<\/span><span dir=\"ltr\"> derni\u00e8re. Elle sera accompagn\u00e9e par Madame Marie<\/span><span dir=\"ltr\">&#8211;<\/span><span dir=\"ltr\">Th\u00e9r\u00e8se Tenette, Pr\u00e9sidente d\u00e9partementale de<\/span><span dir=\"ltr\"> l\u2019Association pour le Droit de Mourir dans la Dignit\u00e9, en tant que discutante.<\/span><br \/>\n<\/span><\/p>\n<p><span id=\"page3R_mcid11\" class=\"markedContent\"><span dir=\"ltr\">A travers l\u2019organisation de cet \u00e9v\u00e9nement, le Parti Radical prend part activemen<\/span><span dir=\"ltr\">t aux d\u00e9bats ouverts<\/span><span dir=\"ltr\"> dans le cadre de la convention citoyenne mise en place par le Pr\u00e9sident de la R\u00e9publique et participe<\/span><span dir=\"ltr\"> \u00e0 la n\u00e9cessaire diffusion des enjeux de la fin de vie qui concernent l\u2019ensemble de nos concitoyens.<\/span><\/span><span id=\"page3R_mcid12\" class=\"markedContent\"><\/span><span id=\"page3R_mcid13\" class=\"markedContent\"><\/span><span id=\"page3R_mcid14\" class=\"markedContent\"><br \/>\n<\/span><\/p>\n<p style=\"text-align: right;\"><strong><span id=\"page3R_mcid14\" class=\"markedContent\"><span dir=\"ltr\">Le Secr\u00e9taire G\u00e9n\u00e9ral<\/span><\/span><span id=\"page3R_mcid15\" class=\"markedContent\"><br \/>\n<span dir=\"ltr\">Jean<\/span><span dir=\"ltr\">&#8211;<\/span><span dir=\"ltr\">Marie VONDERSCHER<\/span><\/span><\/strong><\/p>\n","protected":false},"excerpt":{"rendered":"<p>Le lundi 12 septembre 2022, le Pr\u00e9sident de la R\u00e9publique Emmanuel Macron annon\u00e7ait le lancement d\u2019une convention citoyenne visant \u00e0 [&hellip;]<\/p>\n","protected":false},"author":44,"featured_media":58454,"comment_status":"open","ping_status":"open","sticky":false,"template":"","format":"standard","meta":{"footnotes":""},"categories":[460,10,18],"tags":[632,7751,12760,4538,4575],"class_list":["post-58453","post","type-post","status-publish","format-standard","has-post-thumbnail","hentry","category-a-la-une","category-politique","category-vosges","tag-bruyeres","tag-conference-debat","tag-convention-citoyenne-visant-a-eclairer-une-reflexion-et-faire-des-propositions-sur-le-sujet-de-la-fin-de-vie","tag-fin-de-vie","tag-parti-radical"],"acf":[],"yoast_head":"<!-- This site is optimized with the Yoast SEO plugin v22.5 - https:\/\/yoast.com\/wordpress\/plugins\/seo\/ -->\n<title>Bruy\u00e8res \u2013 Le Parti Radical des Vosges organise une conf\u00e9rence-d\u00e9bat sur la fin de vie - Saint Die Info<\/title>\n<meta name=\"robots\" content=\"index, follow, max-snippet:-1, max-image-preview:large, max-video-preview:-1\" \/>\n<link rel=\"canonical\" href=\"https:\/\/vosgesinfo.fr\/saintdieinfo\/2022\/10\/bruyeres-parti-radical-vosges-organise-conference-debat-fin-de-vie\/\" \/>\n<meta name=\"twitter:card\" content=\"summary_large_image\" \/>\n<meta name=\"twitter:title\" content=\"Bruy\u00e8res \u2013 Le Parti Radical des Vosges organise une conf\u00e9rence-d\u00e9bat sur la fin de vie - Saint Die Info\" \/>\n<meta name=\"twitter:description\" content=\"Le lundi 12 septembre 2022, le Pr\u00e9sident de la R\u00e9publique Emmanuel Macron annon\u00e7ait le lancement d\u2019une convention citoyenne visant \u00e0 [&hellip;]\" \/>\n<meta name=\"twitter:image\" content=\"https:\/\/vosgesinfo.fr\/app\/uploads\/sites\/4\/2024\/08\/202210parti-radical-logo.jpg\" \/>\n<meta name=\"twitter:creator\" content=\"@VosgesInfo88\" \/>\n<meta name=\"twitter:site\" content=\"@VosgesInfo88\" \/>\n<meta name=\"twitter:label1\" content=\"\u00c9crit par\" \/>\n\t<meta name=\"twitter:data1\" content=\"la r\u00e9daction\" \/>\n\t<meta name=\"twitter:label2\" content=\"Dur\u00e9e de lecture estim\u00e9e\" \/>\n\t<meta name=\"twitter:data2\" content=\"2 minutes\" \/>\n<script type=\"application\/ld+json\" class=\"yoast-schema-graph\">{\"@context\":\"https:\/\/schema.org\",\"@graph\":[{\"@type\":\"Article\",\"@id\":\"https:\/\/vosgesinfo.fr\/saintdieinfo\/2022\/10\/bruyeres-parti-radical-vosges-organise-conference-debat-fin-de-vie\/#article\",\"isPartOf\":{\"@id\":\"https:\/\/vosgesinfo.fr\/saintdieinfo\/2022\/10\/bruyeres-parti-radical-vosges-organise-conference-debat-fin-de-vie\/\"},\"author\":{\"name\":\"la r\u00e9daction\",\"@id\":\"https:\/\/vosgesinfo.fr\/saintdieinfo\/#\/schema\/person\/faee6704a21f3977511db84bd1cd450f\"},\"headline\":\"Bruy\u00e8res \u2013 Le Parti Radical des Vosges organise une conf\u00e9rence-d\u00e9bat sur la fin de vie\",\"datePublished\":\"2022-10-10T10:19:06+00:00\",\"dateModified\":\"2022-10-10T10:19:06+00:00\",\"mainEntityOfPage\":{\"@id\":\"https:\/\/vosgesinfo.fr\/saintdieinfo\/2022\/10\/bruyeres-parti-radical-vosges-organise-conference-debat-fin-de-vie\/\"},\"wordCount\":340,\"commentCount\":0,\"publisher\":{\"@id\":\"https:\/\/vosgesinfo.fr\/saintdieinfo\/#organization\"},\"image\":{\"@id\":\"https:\/\/vosgesinfo.fr\/saintdieinfo\/2022\/10\/bruyeres-parti-radical-vosges-organise-conference-debat-fin-de-vie\/#primaryimage\"},\"thumbnailUrl\":\"https:\/\/vosgesinfo.fr\/app\/uploads\/sites\/4\/2024\/08\/202210parti-radical-logo.jpg\",\"keywords\":[\"Bruy\u00e8res\",\"Conf\u00e9rence-d\u00e9bat\",\"Convention citoyenne visant \u00e0 \u00e9clairer une r\u00e9flexion et faire des propositions sur le sujet de la fin de vie\",\"Fin de vie\",\"Parti Radical\"],\"articleSection\":[\"A la Une\",\"Politique\",\"Vosges\"],\"inLanguage\":\"fr-FR\",\"potentialAction\":[{\"@type\":\"CommentAction\",\"name\":\"Comment\",\"target\":[\"https:\/\/vosgesinfo.fr\/saintdieinfo\/2022\/10\/bruyeres-parti-radical-vosges-organise-conference-debat-fin-de-vie\/#respond\"]}]},{\"@type\":\"WebPage\",\"@id\":\"https:\/\/vosgesinfo.fr\/saintdieinfo\/2022\/10\/bruyeres-parti-radical-vosges-organise-conference-debat-fin-de-vie\/\",\"url\":\"https:\/\/vosgesinfo.fr\/saintdieinfo\/2022\/10\/bruyeres-parti-radical-vosges-organise-conference-debat-fin-de-vie\/\",\"name\":\"Bruy\u00e8res \u2013 Le Parti Radical des Vosges organise une conf\u00e9rence-d\u00e9bat sur la fin de vie - Saint Die Info\",\"isPartOf\":{\"@id\":\"https:\/\/vosgesinfo.fr\/saintdieinfo\/#website\"},\"primaryImageOfPage\":{\"@id\":\"https:\/\/vosgesinfo.fr\/saintdieinfo\/2022\/10\/bruyeres-parti-radical-vosges-organise-conference-debat-fin-de-vie\/#primaryimage\"},\"image\":{\"@id\":\"https:\/\/vosgesinfo.fr\/saintdieinfo\/2022\/10\/bruyeres-parti-radical-vosges-organise-conference-debat-fin-de-vie\/#primaryimage\"},\"thumbnailUrl\":\"https:\/\/vosgesinfo.fr\/app\/uploads\/sites\/4\/2024\/08\/202210parti-radical-logo.jpg\",\"datePublished\":\"2022-10-10T10:19:06+00:00\",\"dateModified\":\"2022-10-10T10:19:06+00:00\",\"breadcrumb\":{\"@id\":\"https:\/\/vosgesinfo.fr\/saintdieinfo\/2022\/10\/bruyeres-parti-radical-vosges-organise-conference-debat-fin-de-vie\/#breadcrumb\"},\"inLanguage\":\"fr-FR\",\"potentialAction\":[{\"@type\":\"ReadAction\",\"target\":[\"https:\/\/vosgesinfo.fr\/saintdieinfo\/2022\/10\/bruyeres-parti-radical-vosges-organise-conference-debat-fin-de-vie\/\"]}]},{\"@type\":\"ImageObject\",\"inLanguage\":\"fr-FR\",\"@id\":\"https:\/\/vosgesinfo.fr\/saintdieinfo\/2022\/10\/bruyeres-parti-radical-vosges-organise-conference-debat-fin-de-vie\/#primaryimage\",\"url\":\"https:\/\/vosgesinfo.fr\/app\/uploads\/sites\/4\/2024\/08\/202210parti-radical-logo.jpg\",\"contentUrl\":\"https:\/\/vosgesinfo.fr\/app\/uploads\/sites\/4\/2024\/08\/202210parti-radical-logo.jpg\",\"width\":1208,\"height\":583},{\"@type\":\"BreadcrumbList\",\"@id\":\"https:\/\/vosgesinfo.fr\/saintdieinfo\/2022\/10\/bruyeres-parti-radical-vosges-organise-conference-debat-fin-de-vie\/#breadcrumb\",\"itemListElement\":[{\"@type\":\"ListItem\",\"position\":1,\"name\":\"Home\",\"item\":\"https:\/\/vosgesinfo.fr\/saintdieinfo\/\"},{\"@type\":\"ListItem\",\"position\":2,\"name\":\"Bruy\u00e8res \u2013 Le Parti Radical des Vosges organise une conf\u00e9rence-d\u00e9bat sur la fin de vie\"}]},{\"@type\":\"WebSite\",\"@id\":\"https:\/\/vosgesinfo.fr\/saintdieinfo\/#website\",\"url\":\"https:\/\/vosgesinfo.fr\/saintdieinfo\/\",\"name\":\"Saint Die Info\",\"description\":\"Toute l&#039;actualit\u00e9 de Saint-Di\u00e9-Des-Vosges\",\"publisher\":{\"@id\":\"https:\/\/vosgesinfo.fr\/saintdieinfo\/#organization\"},\"alternateName\":\"Toute l'actualit\u00e9 de Saint-Di\u00e9-Des-Vosges\",\"potentialAction\":[{\"@type\":\"SearchAction\",\"target\":{\"@type\":\"EntryPoint\",\"urlTemplate\":\"https:\/\/vosgesinfo.fr\/saintdieinfo\/?s={search_term_string}\"},\"query-input\":\"required name=search_term_string\"}],\"inLanguage\":\"fr-FR\"},{\"@type\":\"Organization\",\"@id\":\"https:\/\/vosgesinfo.fr\/saintdieinfo\/#organization\",\"name\":\"Saint Die Info\",\"url\":\"https:\/\/vosgesinfo.fr\/saintdieinfo\/\",\"logo\":{\"@type\":\"ImageObject\",\"inLanguage\":\"fr-FR\",\"@id\":\"https:\/\/vosgesinfo.fr\/saintdieinfo\/#\/schema\/logo\/image\/\",\"url\":\"https:\/\/vosgesinfo.fr\/app\/uploads\/sites\/4\/2024\/02\/logo-sdi.jpg\",\"contentUrl\":\"https:\/\/vosgesinfo.fr\/app\/uploads\/sites\/4\/2024\/02\/logo-sdi.jpg\",\"width\":600,\"height\":600,\"caption\":\"Saint Die Info\"},\"image\":{\"@id\":\"https:\/\/vosgesinfo.fr\/saintdieinfo\/#\/schema\/logo\/image\/\"},\"sameAs\":[\"https:\/\/www.facebook.com\/Saintdieinfofr\",\"https:\/\/x.com\/VosgesInfo88\",\"https:\/\/www.youtube.com\/@vosgesinfo\"]},{\"@type\":\"Person\",\"@id\":\"https:\/\/vosgesinfo.fr\/saintdieinfo\/#\/schema\/person\/faee6704a21f3977511db84bd1cd450f\",\"name\":\"la r\u00e9daction\",\"image\":{\"@type\":\"ImageObject\",\"inLanguage\":\"fr-FR\",\"@id\":\"https:\/\/vosgesinfo.fr\/saintdieinfo\/#\/schema\/person\/image\/\",\"url\":\"https:\/\/secure.gravatar.com\/avatar\/6673d8bc6a9c17fa9a453eaa3448de834fa308c2ec9635b7aa99441a7c8d2cf6?s=96&d=mm&r=g\",\"contentUrl\":\"https:\/\/secure.gravatar.com\/avatar\/6673d8bc6a9c17fa9a453eaa3448de834fa308c2ec9635b7aa99441a7c8d2cf6?s=96&d=mm&r=g\",\"caption\":\"la r\u00e9daction\"},\"url\":\"https:\/\/vosgesinfo.fr\/saintdieinfo\/author\/redac\/\"}]}<\/script>\n<!-- \/ Yoast SEO plugin. -->","yoast_head_json":{"title":"Bruy\u00e8res \u2013 Le Parti Radical des Vosges organise une conf\u00e9rence-d\u00e9bat sur la fin de vie - Saint Die Info","robots":{"index":"index","follow":"follow","max-snippet":"max-snippet:-1","max-image-preview":"max-image-preview:large","max-video-preview":"max-video-preview:-1"},"canonical":"https:\/\/vosgesinfo.fr\/saintdieinfo\/2022\/10\/bruyeres-parti-radical-vosges-organise-conference-debat-fin-de-vie\/","twitter_card":"summary_large_image","twitter_title":"Bruy\u00e8res \u2013 Le Parti Radical des Vosges organise une conf\u00e9rence-d\u00e9bat sur la fin de vie - Saint Die Info","twitter_description":"Le lundi 12 septembre 2022, le Pr\u00e9sident de la R\u00e9publique Emmanuel Macron annon\u00e7ait le lancement d\u2019une convention citoyenne visant \u00e0 [&hellip;]","twitter_image":"https:\/\/vosgesinfo.fr\/app\/uploads\/sites\/4\/2024\/08\/202210parti-radical-logo.jpg","twitter_creator":"@VosgesInfo88","twitter_site":"@VosgesInfo88","twitter_misc":{"\u00c9crit par":"la r\u00e9daction","Dur\u00e9e de lecture estim\u00e9e":"2 minutes"},"schema":{"@context":"https:\/\/schema.org","@graph":[{"@type":"Article","@id":"https:\/\/vosgesinfo.fr\/saintdieinfo\/2022\/10\/bruyeres-parti-radical-vosges-organise-conference-debat-fin-de-vie\/#article","isPartOf":{"@id":"https:\/\/vosgesinfo.fr\/saintdieinfo\/2022\/10\/bruyeres-parti-radical-vosges-organise-conference-debat-fin-de-vie\/"},"author":{"name":"la r\u00e9daction","@id":"https:\/\/vosgesinfo.fr\/saintdieinfo\/#\/schema\/person\/faee6704a21f3977511db84bd1cd450f"},"headline":"Bruy\u00e8res \u2013 Le Parti Radical des Vosges organise une conf\u00e9rence-d\u00e9bat sur la fin de vie","datePublished":"2022-10-10T10:19:06+00:00","dateModified":"2022-10-10T10:19:06+00:00","mainEntityOfPage":{"@id":"https:\/\/vosgesinfo.fr\/saintdieinfo\/2022\/10\/bruyeres-parti-radical-vosges-organise-conference-debat-fin-de-vie\/"},"wordCount":340,"commentCount":0,"publisher":{"@id":"https:\/\/vosgesinfo.fr\/saintdieinfo\/#organization"},"image":{"@id":"https:\/\/vosgesinfo.fr\/saintdieinfo\/2022\/10\/bruyeres-parti-radical-vosges-organise-conference-debat-fin-de-vie\/#primaryimage"},"thumbnailUrl":"https:\/\/vosgesinfo.fr\/app\/uploads\/sites\/4\/2024\/08\/202210parti-radical-logo.jpg","keywords":["Bruy\u00e8res","Conf\u00e9rence-d\u00e9bat","Convention citoyenne visant \u00e0 \u00e9clairer une r\u00e9flexion et faire des propositions sur le sujet de la fin de vie","Fin de vie","Parti Radical"],"articleSection":["A la Une","Politique","Vosges"],"inLanguage":"fr-FR","potentialAction":[{"@type":"CommentAction","name":"Comment","target":["https:\/\/vosgesinfo.fr\/saintdieinfo\/2022\/10\/bruyeres-parti-radical-vosges-organise-conference-debat-fin-de-vie\/#respond"]}]},{"@type":"WebPage","@id":"https:\/\/vosgesinfo.fr\/saintdieinfo\/2022\/10\/bruyeres-parti-radical-vosges-organise-conference-debat-fin-de-vie\/","url":"https:\/\/vosgesinfo.fr\/saintdieinfo\/2022\/10\/bruyeres-parti-radical-vosges-organise-conference-debat-fin-de-vie\/","name":"Bruy\u00e8res \u2013 Le Parti Radical des Vosges organise une conf\u00e9rence-d\u00e9bat sur la fin de vie - Saint Die Info","isPartOf":{"@id":"https:\/\/vosgesinfo.fr\/saintdieinfo\/#website"},"primaryImageOfPage":{"@id":"https:\/\/vosgesinfo.fr\/saintdieinfo\/2022\/10\/bruyeres-parti-radical-vosges-organise-conference-debat-fin-de-vie\/#primaryimage"},"image":{"@id":"https:\/\/vosgesinfo.fr\/saintdieinfo\/2022\/10\/bruyeres-parti-radical-vosges-organise-conference-debat-fin-de-vie\/#primaryimage"},"thumbnailUrl":"https:\/\/vosgesinfo.fr\/app\/uploads\/sites\/4\/2024\/08\/202210parti-radical-logo.jpg","datePublished":"2022-10-10T10:19:06+00:00","dateModified":"2022-10-10T10:19:06+00:00","breadcrumb":{"@id":"https:\/\/vosgesinfo.fr\/saintdieinfo\/2022\/10\/bruyeres-parti-radical-vosges-organise-conference-debat-fin-de-vie\/#breadcrumb"},"inLanguage":"fr-FR","potentialAction":[{"@type":"ReadAction","target":["https:\/\/vosgesinfo.fr\/saintdieinfo\/2022\/10\/bruyeres-parti-radical-vosges-organise-conference-debat-fin-de-vie\/"]}]},{"@type":"ImageObject","inLanguage":"fr-FR","@id":"https:\/\/vosgesinfo.fr\/saintdieinfo\/2022\/10\/bruyeres-parti-radical-vosges-organise-conference-debat-fin-de-vie\/#primaryimage","url":"https:\/\/vosgesinfo.fr\/app\/uploads\/sites\/4\/2024\/08\/202210parti-radical-logo.jpg","contentUrl":"https:\/\/vosgesinfo.fr\/app\/uploads\/sites\/4\/2024\/08\/202210parti-radical-logo.jpg","width":1208,"height":583},{"@type":"BreadcrumbList","@id":"https:\/\/vosgesinfo.fr\/saintdieinfo\/2022\/10\/bruyeres-parti-radical-vosges-organise-conference-debat-fin-de-vie\/#breadcrumb","itemListElement":[{"@type":"ListItem","position":1,"name":"Home","item":"https:\/\/vosgesinfo.fr\/saintdieinfo\/"},{"@type":"ListItem","position":2,"name":"Bruy\u00e8res \u2013 Le Parti Radical des Vosges organise une conf\u00e9rence-d\u00e9bat sur la fin de vie"}]},{"@type":"WebSite","@id":"https:\/\/vosgesinfo.fr\/saintdieinfo\/#website","url":"https:\/\/vosgesinfo.fr\/saintdieinfo\/","name":"Saint Die Info","description":"Toute l&#039;actualit\u00e9 de Saint-Di\u00e9-Des-Vosges","publisher":{"@id":"https:\/\/vosgesinfo.fr\/saintdieinfo\/#organization"},"alternateName":"Toute l'actualit\u00e9 de Saint-Di\u00e9-Des-Vosges","potentialAction":[{"@type":"SearchAction","target":{"@type":"EntryPoint","urlTemplate":"https:\/\/vosgesinfo.fr\/saintdieinfo\/?s={search_term_string}"},"query-input":"required name=search_term_string"}],"inLanguage":"fr-FR"},{"@type":"Organization","@id":"https:\/\/vosgesinfo.fr\/saintdieinfo\/#organization","name":"Saint Die Info","url":"https:\/\/vosgesinfo.fr\/saintdieinfo\/","logo":{"@type":"ImageObject","inLanguage":"fr-FR","@id":"https:\/\/vosgesinfo.fr\/saintdieinfo\/#\/schema\/logo\/image\/","url":"https:\/\/vosgesinfo.fr\/app\/uploads\/sites\/4\/2024\/02\/logo-sdi.jpg","contentUrl":"https:\/\/vosgesinfo.fr\/app\/uploads\/sites\/4\/2024\/02\/logo-sdi.jpg","width":600,"height":600,"caption":"Saint Die Info"},"image":{"@id":"https:\/\/vosgesinfo.fr\/saintdieinfo\/#\/schema\/logo\/image\/"},"sameAs":["https:\/\/www.facebook.com\/Saintdieinfofr","https:\/\/x.com\/VosgesInfo88","https:\/\/www.youtube.com\/@vosgesinfo"]},{"@type":"Person","@id":"https:\/\/vosgesinfo.fr\/saintdieinfo\/#\/schema\/person\/faee6704a21f3977511db84bd1cd450f","name":"la r\u00e9daction","image":{"@type":"ImageObject","inLanguage":"fr-FR","@id":"https:\/\/vosgesinfo.fr\/saintdieinfo\/#\/schema\/person\/image\/","url":"https:\/\/secure.gravatar.com\/avatar\/6673d8bc6a9c17fa9a453eaa3448de834fa308c2ec9635b7aa99441a7c8d2cf6?s=96&d=mm&r=g","contentUrl":"https:\/\/secure.gravatar.com\/avatar\/6673d8bc6a9c17fa9a453eaa3448de834fa308c2ec9635b7aa99441a7c8d2cf6?s=96&d=mm&r=g","caption":"la r\u00e9daction"},"url":"https:\/\/vosgesinfo.fr\/saintdieinfo\/author\/redac\/"}]}},"_links":{"self":[{"href":"https:\/\/vosgesinfo.fr\/saintdieinfo\/wp-json\/wp\/v2\/posts\/58453","targetHints":{"allow":["GET"]}}],"collection":[{"href":"https:\/\/vosgesinfo.fr\/saintdieinfo\/wp-json\/wp\/v2\/posts"}],"about":[{"href":"https:\/\/vosgesinfo.fr\/saintdieinfo\/wp-json\/wp\/v2\/types\/post"}],"author":[{"embeddable":true,"href":"https:\/\/vosgesinfo.fr\/saintdieinfo\/wp-json\/wp\/v2\/users\/44"}],"replies":[{"embeddable":true,"href":"https:\/\/vosgesinfo.fr\/saintdieinfo\/wp-json\/wp\/v2\/comments?post=58453"}],"version-history":[{"count":0,"href":"https:\/\/vosgesinfo.fr\/saintdieinfo\/wp-json\/wp\/v2\/posts\/58453\/revisions"}],"wp:featuredmedia":[{"embeddable":true,"href":"https:\/\/vosgesinfo.fr\/saintdieinfo\/wp-json\/wp\/v2\/media\/58454"}],"wp:attachment":[{"href":"https:\/\/vosgesinfo.fr\/saintdieinfo\/wp-json\/wp\/v2\/media?parent=58453"}],"wp:term":[{"taxonomy":"category","embeddable":true,"href":"https:\/\/vosgesinfo.fr\/saintdieinfo\/wp-json\/wp\/v2\/categories?post=58453"},{"taxonomy":"post_tag","embeddable":true,"href":"https:\/\/vosgesinfo.fr\/saintdieinfo\/wp-json\/wp\/v2\/tags?post=58453"}],"curies":[{"name":"wp","href":"https:\/\/api.w.org\/{rel}","templated":true}]}}