{"id":58474,"date":"2022-10-11T10:44:41","date_gmt":"2022-10-11T08:44:41","guid":{"rendered":"https:\/\/vosgesinfo.fr\/saintdieinfo\/2022\/10\/chapelle-devant-bruyeres-equipage-vosgien-se-prepare-finale-nationale-rallyes\/"},"modified":"2022-10-11T10:44:41","modified_gmt":"2022-10-11T08:44:41","slug":"chapelle-devant-bruyeres-equipage-vosgien-se-prepare-finale-nationale-rallyes","status":"publish","type":"post","link":"https:\/\/vosgesinfo.fr\/saintdieinfo\/2022\/10\/chapelle-devant-bruyeres-equipage-vosgien-se-prepare-finale-nationale-rallyes\/","title":{"rendered":"La Chapelle-devant-Bruy\u00e8res \u2013 Un \u00e9quipage vosgien se pr\u00e9pare pour la finale nationale des rallyes"},"content":{"rendered":"<p><a href=\"\/2022\/10\/La_Chapelle-Devant-Bruy\u00e8res-Essai_Rallye-3.jpg\" target=\"_blank\" rel=\"noopener\"><img decoding=\"async\" class=\"aligncenter wp-image-190971 size-large\" src=\"\/2022\/10\/La_Chapelle-Devant-Bruy\u00e8res-Essai_Rallye-3-1024x498.jpg\" alt=\"La_Chapelle-Devant-Bruy\u00e8res-Essai_Rallye (3)\" width=\"960\" height=\"467\" \/><\/a><\/p>\n<h2><strong><span style=\"font-size: 14pt;\">Ce dimanche 9 octobre, une partie de la route de \u00ab\u00a0sur la c\u00f4te\u00a0\u00bb, un tron\u00e7on de l\u2019embl\u00e9matique sp\u00e9ciale de \u00ab\u00a0Corcieux\u00a0\u00bb situ\u00e9 sur la commune de la Chapelle-devant-Bruy\u00e8res, a \u00e9t\u00e9 exceptionnellement ferm\u00e9e gr\u00e2ce \u00e0 l&rsquo;autorisation du maire Jacques Valence, qui par son action a contribu\u00e9 \u00e0 soutenir la passion de 2 personnes.<\/span><\/strong><\/h2>\n<p><!--more-->Allan Didierlaurent et Sophie Lallement ont eu par cette occasion la possibilit\u00e9 de tester et d&rsquo;effectuer les derni\u00e8res modifications sur la saxo A6, avec laquelle ils rouleront la semaine prochaine lors de la finale nationale des Rallyes \u00e0 Bethune. L&rsquo;\u00e9quipage vosgien, avec respectivement Allan au volant et Sophie\u00a0 copilote, a \u00e9t\u00e9 s\u00e9lectionn\u00e9 et repr\u00e9sentera donc l\u2019ASA des Vall\u00e9es \u00e0 cette comp\u00e9tition dans leur classe A6 o\u00f9 12 \u00e9quipage s\u2019affronteront pour le titre. Vous pouvez suivre leur aventure et les soutenir sur <strong><a href=\"https:\/\/www.facebook.com\/profile.php?id=100085689473280\" target=\"_blank\" rel=\"noopener\">Facebook \u00ab S&amp;A XO \u00bb<\/a><\/strong> o\u00f9 ils publient leurs vid\u00e9os embarqu\u00e9es.<\/p>\n\n","protected":false},"excerpt":{"rendered":"<p>Ce dimanche 9 octobre, une partie de la route de \u00ab\u00a0sur la c\u00f4te\u00a0\u00bb, un tron\u00e7on de l\u2019embl\u00e9matique sp\u00e9ciale de \u00ab\u00a0Corcieux\u00a0\u00bb [&hellip;]<\/p>\n","protected":false},"author":44,"featured_media":58475,"comment_status":"open","ping_status":"open","sticky":false,"template":"","format":"standard","meta":{"footnotes":""},"categories":[460,14,18],"tags":[12767,12768,12769,12770,9662,11601,12771],"class_list":["post-58474","post","type-post","status-publish","format-standard","has-post-thumbnail","hentry","category-a-la-une","category-sport","category-vosges","tag-allan-didierlaurent","tag-asa-des-vallees","tag-bethune","tag-finale-nationale-des-rallyes","tag-la-chapelle-devant-bruyeres","tag-rallye","tag-sophie-lallement"],"acf":[],"yoast_head":"<!-- This site is optimized with the Yoast SEO plugin v22.5 - https:\/\/yoast.com\/wordpress\/plugins\/seo\/ -->\n<title>La Chapelle-devant-Bruy\u00e8res \u2013 Un \u00e9quipage vosgien se pr\u00e9pare pour la finale nationale des rallyes - Saint Die Info<\/title>\n<meta name=\"robots\" content=\"index, follow, max-snippet:-1, max-image-preview:large, max-video-preview:-1\" \/>\n<link rel=\"canonical\" href=\"https:\/\/vosgesinfo.fr\/saintdieinfo\/2022\/10\/chapelle-devant-bruyeres-equipage-vosgien-se-prepare-finale-nationale-rallyes\/\" \/>\n<meta name=\"twitter:card\" content=\"summary_large_image\" \/>\n<meta name=\"twitter:title\" content=\"La Chapelle-devant-Bruy\u00e8res \u2013 Un \u00e9quipage vosgien se pr\u00e9pare pour la finale nationale des rallyes - Saint Die Info\" \/>\n<meta name=\"twitter:description\" content=\"Ce dimanche 9 octobre, une partie de la route de \u00ab\u00a0sur la c\u00f4te\u00a0\u00bb, un tron\u00e7on de l\u2019embl\u00e9matique sp\u00e9ciale de \u00ab\u00a0Corcieux\u00a0\u00bb [&hellip;]\" \/>\n<meta name=\"twitter:image\" content=\"https:\/\/vosgesinfo.fr\/app\/uploads\/sites\/4\/2024\/08\/202210la-chapelle-devant-bruyeres-essai-rallye-3.jpg\" \/>\n<meta name=\"twitter:creator\" content=\"@VosgesInfo88\" \/>\n<meta name=\"twitter:site\" content=\"@VosgesInfo88\" \/>\n<meta name=\"twitter:label1\" content=\"\u00c9crit par\" \/>\n\t<meta name=\"twitter:data1\" content=\"la r\u00e9daction\" \/>\n\t<meta name=\"twitter:label2\" content=\"Dur\u00e9e de lecture estim\u00e9e\" \/>\n\t<meta name=\"twitter:data2\" content=\"1 minute\" \/>\n<script type=\"application\/ld+json\" class=\"yoast-schema-graph\">{\"@context\":\"https:\/\/schema.org\",\"@graph\":[{\"@type\":\"Article\",\"@id\":\"https:\/\/vosgesinfo.fr\/saintdieinfo\/2022\/10\/chapelle-devant-bruyeres-equipage-vosgien-se-prepare-finale-nationale-rallyes\/#article\",\"isPartOf\":{\"@id\":\"https:\/\/vosgesinfo.fr\/saintdieinfo\/2022\/10\/chapelle-devant-bruyeres-equipage-vosgien-se-prepare-finale-nationale-rallyes\/\"},\"author\":{\"name\":\"la r\u00e9daction\",\"@id\":\"https:\/\/vosgesinfo.fr\/saintdieinfo\/#\/schema\/person\/faee6704a21f3977511db84bd1cd450f\"},\"headline\":\"La Chapelle-devant-Bruy\u00e8res \u2013 Un \u00e9quipage vosgien se pr\u00e9pare pour la finale nationale des rallyes\",\"datePublished\":\"2022-10-11T08:44:41+00:00\",\"dateModified\":\"2022-10-11T08:44:41+00:00\",\"mainEntityOfPage\":{\"@id\":\"https:\/\/vosgesinfo.fr\/saintdieinfo\/2022\/10\/chapelle-devant-bruyeres-equipage-vosgien-se-prepare-finale-nationale-rallyes\/\"},\"wordCount\":177,\"commentCount\":0,\"publisher\":{\"@id\":\"https:\/\/vosgesinfo.fr\/saintdieinfo\/#organization\"},\"image\":{\"@id\":\"https:\/\/vosgesinfo.fr\/saintdieinfo\/2022\/10\/chapelle-devant-bruyeres-equipage-vosgien-se-prepare-finale-nationale-rallyes\/#primaryimage\"},\"thumbnailUrl\":\"https:\/\/vosgesinfo.fr\/app\/uploads\/sites\/4\/2024\/08\/202210la-chapelle-devant-bruyeres-essai-rallye-3.jpg\",\"keywords\":[\"Allan Didierlaurent\",\"ASA des Vall\u00e9es\",\"Bethune\",\"Finale nationale des rallyes\",\"La Chapelle-devant-Bruy\u00e8res\",\"Rallye\",\"Sophie Lallement\"],\"articleSection\":[\"A la Une\",\"Sport\",\"Vosges\"],\"inLanguage\":\"fr-FR\",\"potentialAction\":[{\"@type\":\"CommentAction\",\"name\":\"Comment\",\"target\":[\"https:\/\/vosgesinfo.fr\/saintdieinfo\/2022\/10\/chapelle-devant-bruyeres-equipage-vosgien-se-prepare-finale-nationale-rallyes\/#respond\"]}]},{\"@type\":\"WebPage\",\"@id\":\"https:\/\/vosgesinfo.fr\/saintdieinfo\/2022\/10\/chapelle-devant-bruyeres-equipage-vosgien-se-prepare-finale-nationale-rallyes\/\",\"url\":\"https:\/\/vosgesinfo.fr\/saintdieinfo\/2022\/10\/chapelle-devant-bruyeres-equipage-vosgien-se-prepare-finale-nationale-rallyes\/\",\"name\":\"La Chapelle-devant-Bruy\u00e8res \u2013 Un \u00e9quipage vosgien se pr\u00e9pare pour la finale nationale des rallyes - Saint Die Info\",\"isPartOf\":{\"@id\":\"https:\/\/vosgesinfo.fr\/saintdieinfo\/#website\"},\"primaryImageOfPage\":{\"@id\":\"https:\/\/vosgesinfo.fr\/saintdieinfo\/2022\/10\/chapelle-devant-bruyeres-equipage-vosgien-se-prepare-finale-nationale-rallyes\/#primaryimage\"},\"image\":{\"@id\":\"https:\/\/vosgesinfo.fr\/saintdieinfo\/2022\/10\/chapelle-devant-bruyeres-equipage-vosgien-se-prepare-finale-nationale-rallyes\/#primaryimage\"},\"thumbnailUrl\":\"https:\/\/vosgesinfo.fr\/app\/uploads\/sites\/4\/2024\/08\/202210la-chapelle-devant-bruyeres-essai-rallye-3.jpg\",\"datePublished\":\"2022-10-11T08:44:41+00:00\",\"dateModified\":\"2022-10-11T08:44:41+00:00\",\"breadcrumb\":{\"@id\":\"https:\/\/vosgesinfo.fr\/saintdieinfo\/2022\/10\/chapelle-devant-bruyeres-equipage-vosgien-se-prepare-finale-nationale-rallyes\/#breadcrumb\"},\"inLanguage\":\"fr-FR\",\"potentialAction\":[{\"@type\":\"ReadAction\",\"target\":[\"https:\/\/vosgesinfo.fr\/saintdieinfo\/2022\/10\/chapelle-devant-bruyeres-equipage-vosgien-se-prepare-finale-nationale-rallyes\/\"]}]},{\"@type\":\"ImageObject\",\"inLanguage\":\"fr-FR\",\"@id\":\"https:\/\/vosgesinfo.fr\/saintdieinfo\/2022\/10\/chapelle-devant-bruyeres-equipage-vosgien-se-prepare-finale-nationale-rallyes\/#primaryimage\",\"url\":\"https:\/\/vosgesinfo.fr\/app\/uploads\/sites\/4\/2024\/08\/202210la-chapelle-devant-bruyeres-essai-rallye-3.jpg\",\"contentUrl\":\"https:\/\/vosgesinfo.fr\/app\/uploads\/sites\/4\/2024\/08\/202210la-chapelle-devant-bruyeres-essai-rallye-3.jpg\",\"width\":1152,\"height\":560},{\"@type\":\"BreadcrumbList\",\"@id\":\"https:\/\/vosgesinfo.fr\/saintdieinfo\/2022\/10\/chapelle-devant-bruyeres-equipage-vosgien-se-prepare-finale-nationale-rallyes\/#breadcrumb\",\"itemListElement\":[{\"@type\":\"ListItem\",\"position\":1,\"name\":\"Home\",\"item\":\"https:\/\/vosgesinfo.fr\/saintdieinfo\/\"},{\"@type\":\"ListItem\",\"position\":2,\"name\":\"La Chapelle-devant-Bruy\u00e8res \u2013 Un \u00e9quipage vosgien se pr\u00e9pare pour la finale nationale des rallyes\"}]},{\"@type\":\"WebSite\",\"@id\":\"https:\/\/vosgesinfo.fr\/saintdieinfo\/#website\",\"url\":\"https:\/\/vosgesinfo.fr\/saintdieinfo\/\",\"name\":\"Saint Die Info\",\"description\":\"Toute l&#039;actualit\u00e9 de Saint-Di\u00e9-Des-Vosges\",\"publisher\":{\"@id\":\"https:\/\/vosgesinfo.fr\/saintdieinfo\/#organization\"},\"alternateName\":\"Toute l'actualit\u00e9 de Saint-Di\u00e9-Des-Vosges\",\"potentialAction\":[{\"@type\":\"SearchAction\",\"target\":{\"@type\":\"EntryPoint\",\"urlTemplate\":\"https:\/\/vosgesinfo.fr\/saintdieinfo\/?s={search_term_string}\"},\"query-input\":\"required name=search_term_string\"}],\"inLanguage\":\"fr-FR\"},{\"@type\":\"Organization\",\"@id\":\"https:\/\/vosgesinfo.fr\/saintdieinfo\/#organization\",\"name\":\"Saint Die Info\",\"url\":\"https:\/\/vosgesinfo.fr\/saintdieinfo\/\",\"logo\":{\"@type\":\"ImageObject\",\"inLanguage\":\"fr-FR\",\"@id\":\"https:\/\/vosgesinfo.fr\/saintdieinfo\/#\/schema\/logo\/image\/\",\"url\":\"https:\/\/vosgesinfo.fr\/app\/uploads\/sites\/4\/2024\/02\/logo-sdi.jpg\",\"contentUrl\":\"https:\/\/vosgesinfo.fr\/app\/uploads\/sites\/4\/2024\/02\/logo-sdi.jpg\",\"width\":600,\"height\":600,\"caption\":\"Saint Die Info\"},\"image\":{\"@id\":\"https:\/\/vosgesinfo.fr\/saintdieinfo\/#\/schema\/logo\/image\/\"},\"sameAs\":[\"https:\/\/www.facebook.com\/Saintdieinfofr\",\"https:\/\/x.com\/VosgesInfo88\",\"https:\/\/www.youtube.com\/@vosgesinfo\"]},{\"@type\":\"Person\",\"@id\":\"https:\/\/vosgesinfo.fr\/saintdieinfo\/#\/schema\/person\/faee6704a21f3977511db84bd1cd450f\",\"name\":\"la r\u00e9daction\",\"image\":{\"@type\":\"ImageObject\",\"inLanguage\":\"fr-FR\",\"@id\":\"https:\/\/vosgesinfo.fr\/saintdieinfo\/#\/schema\/person\/image\/\",\"url\":\"https:\/\/secure.gravatar.com\/avatar\/6673d8bc6a9c17fa9a453eaa3448de834fa308c2ec9635b7aa99441a7c8d2cf6?s=96&d=mm&r=g\",\"contentUrl\":\"https:\/\/secure.gravatar.com\/avatar\/6673d8bc6a9c17fa9a453eaa3448de834fa308c2ec9635b7aa99441a7c8d2cf6?s=96&d=mm&r=g\",\"caption\":\"la r\u00e9daction\"},\"url\":\"https:\/\/vosgesinfo.fr\/saintdieinfo\/author\/redac\/\"}]}<\/script>\n<!-- \/ Yoast SEO plugin. -->","yoast_head_json":{"title":"La Chapelle-devant-Bruy\u00e8res \u2013 Un \u00e9quipage vosgien se pr\u00e9pare pour la finale nationale des rallyes - Saint Die Info","robots":{"index":"index","follow":"follow","max-snippet":"max-snippet:-1","max-image-preview":"max-image-preview:large","max-video-preview":"max-video-preview:-1"},"canonical":"https:\/\/vosgesinfo.fr\/saintdieinfo\/2022\/10\/chapelle-devant-bruyeres-equipage-vosgien-se-prepare-finale-nationale-rallyes\/","twitter_card":"summary_large_image","twitter_title":"La Chapelle-devant-Bruy\u00e8res \u2013 Un \u00e9quipage vosgien se pr\u00e9pare pour la finale nationale des rallyes - Saint Die Info","twitter_description":"Ce dimanche 9 octobre, une partie de la route de \u00ab\u00a0sur la c\u00f4te\u00a0\u00bb, un tron\u00e7on de l\u2019embl\u00e9matique sp\u00e9ciale de \u00ab\u00a0Corcieux\u00a0\u00bb [&hellip;]","twitter_image":"https:\/\/vosgesinfo.fr\/app\/uploads\/sites\/4\/2024\/08\/202210la-chapelle-devant-bruyeres-essai-rallye-3.jpg","twitter_creator":"@VosgesInfo88","twitter_site":"@VosgesInfo88","twitter_misc":{"\u00c9crit par":"la r\u00e9daction","Dur\u00e9e de lecture estim\u00e9e":"1 minute"},"schema":{"@context":"https:\/\/schema.org","@graph":[{"@type":"Article","@id":"https:\/\/vosgesinfo.fr\/saintdieinfo\/2022\/10\/chapelle-devant-bruyeres-equipage-vosgien-se-prepare-finale-nationale-rallyes\/#article","isPartOf":{"@id":"https:\/\/vosgesinfo.fr\/saintdieinfo\/2022\/10\/chapelle-devant-bruyeres-equipage-vosgien-se-prepare-finale-nationale-rallyes\/"},"author":{"name":"la r\u00e9daction","@id":"https:\/\/vosgesinfo.fr\/saintdieinfo\/#\/schema\/person\/faee6704a21f3977511db84bd1cd450f"},"headline":"La Chapelle-devant-Bruy\u00e8res \u2013 Un \u00e9quipage vosgien se pr\u00e9pare pour la finale nationale des rallyes","datePublished":"2022-10-11T08:44:41+00:00","dateModified":"2022-10-11T08:44:41+00:00","mainEntityOfPage":{"@id":"https:\/\/vosgesinfo.fr\/saintdieinfo\/2022\/10\/chapelle-devant-bruyeres-equipage-vosgien-se-prepare-finale-nationale-rallyes\/"},"wordCount":177,"commentCount":0,"publisher":{"@id":"https:\/\/vosgesinfo.fr\/saintdieinfo\/#organization"},"image":{"@id":"https:\/\/vosgesinfo.fr\/saintdieinfo\/2022\/10\/chapelle-devant-bruyeres-equipage-vosgien-se-prepare-finale-nationale-rallyes\/#primaryimage"},"thumbnailUrl":"https:\/\/vosgesinfo.fr\/app\/uploads\/sites\/4\/2024\/08\/202210la-chapelle-devant-bruyeres-essai-rallye-3.jpg","keywords":["Allan Didierlaurent","ASA des Vall\u00e9es","Bethune","Finale nationale des rallyes","La Chapelle-devant-Bruy\u00e8res","Rallye","Sophie Lallement"],"articleSection":["A la Une","Sport","Vosges"],"inLanguage":"fr-FR","potentialAction":[{"@type":"CommentAction","name":"Comment","target":["https:\/\/vosgesinfo.fr\/saintdieinfo\/2022\/10\/chapelle-devant-bruyeres-equipage-vosgien-se-prepare-finale-nationale-rallyes\/#respond"]}]},{"@type":"WebPage","@id":"https:\/\/vosgesinfo.fr\/saintdieinfo\/2022\/10\/chapelle-devant-bruyeres-equipage-vosgien-se-prepare-finale-nationale-rallyes\/","url":"https:\/\/vosgesinfo.fr\/saintdieinfo\/2022\/10\/chapelle-devant-bruyeres-equipage-vosgien-se-prepare-finale-nationale-rallyes\/","name":"La Chapelle-devant-Bruy\u00e8res \u2013 Un \u00e9quipage vosgien se pr\u00e9pare pour la finale nationale des rallyes - Saint Die Info","isPartOf":{"@id":"https:\/\/vosgesinfo.fr\/saintdieinfo\/#website"},"primaryImageOfPage":{"@id":"https:\/\/vosgesinfo.fr\/saintdieinfo\/2022\/10\/chapelle-devant-bruyeres-equipage-vosgien-se-prepare-finale-nationale-rallyes\/#primaryimage"},"image":{"@id":"https:\/\/vosgesinfo.fr\/saintdieinfo\/2022\/10\/chapelle-devant-bruyeres-equipage-vosgien-se-prepare-finale-nationale-rallyes\/#primaryimage"},"thumbnailUrl":"https:\/\/vosgesinfo.fr\/app\/uploads\/sites\/4\/2024\/08\/202210la-chapelle-devant-bruyeres-essai-rallye-3.jpg","datePublished":"2022-10-11T08:44:41+00:00","dateModified":"2022-10-11T08:44:41+00:00","breadcrumb":{"@id":"https:\/\/vosgesinfo.fr\/saintdieinfo\/2022\/10\/chapelle-devant-bruyeres-equipage-vosgien-se-prepare-finale-nationale-rallyes\/#breadcrumb"},"inLanguage":"fr-FR","potentialAction":[{"@type":"ReadAction","target":["https:\/\/vosgesinfo.fr\/saintdieinfo\/2022\/10\/chapelle-devant-bruyeres-equipage-vosgien-se-prepare-finale-nationale-rallyes\/"]}]},{"@type":"ImageObject","inLanguage":"fr-FR","@id":"https:\/\/vosgesinfo.fr\/saintdieinfo\/2022\/10\/chapelle-devant-bruyeres-equipage-vosgien-se-prepare-finale-nationale-rallyes\/#primaryimage","url":"https:\/\/vosgesinfo.fr\/app\/uploads\/sites\/4\/2024\/08\/202210la-chapelle-devant-bruyeres-essai-rallye-3.jpg","contentUrl":"https:\/\/vosgesinfo.fr\/app\/uploads\/sites\/4\/2024\/08\/202210la-chapelle-devant-bruyeres-essai-rallye-3.jpg","width":1152,"height":560},{"@type":"BreadcrumbList","@id":"https:\/\/vosgesinfo.fr\/saintdieinfo\/2022\/10\/chapelle-devant-bruyeres-equipage-vosgien-se-prepare-finale-nationale-rallyes\/#breadcrumb","itemListElement":[{"@type":"ListItem","position":1,"name":"Home","item":"https:\/\/vosgesinfo.fr\/saintdieinfo\/"},{"@type":"ListItem","position":2,"name":"La Chapelle-devant-Bruy\u00e8res \u2013 Un \u00e9quipage vosgien se pr\u00e9pare pour la finale nationale des rallyes"}]},{"@type":"WebSite","@id":"https:\/\/vosgesinfo.fr\/saintdieinfo\/#website","url":"https:\/\/vosgesinfo.fr\/saintdieinfo\/","name":"Saint Die Info","description":"Toute l&#039;actualit\u00e9 de Saint-Di\u00e9-Des-Vosges","publisher":{"@id":"https:\/\/vosgesinfo.fr\/saintdieinfo\/#organization"},"alternateName":"Toute l'actualit\u00e9 de Saint-Di\u00e9-Des-Vosges","potentialAction":[{"@type":"SearchAction","target":{"@type":"EntryPoint","urlTemplate":"https:\/\/vosgesinfo.fr\/saintdieinfo\/?s={search_term_string}"},"query-input":"required name=search_term_string"}],"inLanguage":"fr-FR"},{"@type":"Organization","@id":"https:\/\/vosgesinfo.fr\/saintdieinfo\/#organization","name":"Saint Die Info","url":"https:\/\/vosgesinfo.fr\/saintdieinfo\/","logo":{"@type":"ImageObject","inLanguage":"fr-FR","@id":"https:\/\/vosgesinfo.fr\/saintdieinfo\/#\/schema\/logo\/image\/","url":"https:\/\/vosgesinfo.fr\/app\/uploads\/sites\/4\/2024\/02\/logo-sdi.jpg","contentUrl":"https:\/\/vosgesinfo.fr\/app\/uploads\/sites\/4\/2024\/02\/logo-sdi.jpg","width":600,"height":600,"caption":"Saint Die Info"},"image":{"@id":"https:\/\/vosgesinfo.fr\/saintdieinfo\/#\/schema\/logo\/image\/"},"sameAs":["https:\/\/www.facebook.com\/Saintdieinfofr","https:\/\/x.com\/VosgesInfo88","https:\/\/www.youtube.com\/@vosgesinfo"]},{"@type":"Person","@id":"https:\/\/vosgesinfo.fr\/saintdieinfo\/#\/schema\/person\/faee6704a21f3977511db84bd1cd450f","name":"la r\u00e9daction","image":{"@type":"ImageObject","inLanguage":"fr-FR","@id":"https:\/\/vosgesinfo.fr\/saintdieinfo\/#\/schema\/person\/image\/","url":"https:\/\/secure.gravatar.com\/avatar\/6673d8bc6a9c17fa9a453eaa3448de834fa308c2ec9635b7aa99441a7c8d2cf6?s=96&d=mm&r=g","contentUrl":"https:\/\/secure.gravatar.com\/avatar\/6673d8bc6a9c17fa9a453eaa3448de834fa308c2ec9635b7aa99441a7c8d2cf6?s=96&d=mm&r=g","caption":"la r\u00e9daction"},"url":"https:\/\/vosgesinfo.fr\/saintdieinfo\/author\/redac\/"}]}},"_links":{"self":[{"href":"https:\/\/vosgesinfo.fr\/saintdieinfo\/wp-json\/wp\/v2\/posts\/58474","targetHints":{"allow":["GET"]}}],"collection":[{"href":"https:\/\/vosgesinfo.fr\/saintdieinfo\/wp-json\/wp\/v2\/posts"}],"about":[{"href":"https:\/\/vosgesinfo.fr\/saintdieinfo\/wp-json\/wp\/v2\/types\/post"}],"author":[{"embeddable":true,"href":"https:\/\/vosgesinfo.fr\/saintdieinfo\/wp-json\/wp\/v2\/users\/44"}],"replies":[{"embeddable":true,"href":"https:\/\/vosgesinfo.fr\/saintdieinfo\/wp-json\/wp\/v2\/comments?post=58474"}],"version-history":[{"count":0,"href":"https:\/\/vosgesinfo.fr\/saintdieinfo\/wp-json\/wp\/v2\/posts\/58474\/revisions"}],"wp:featuredmedia":[{"embeddable":true,"href":"https:\/\/vosgesinfo.fr\/saintdieinfo\/wp-json\/wp\/v2\/media\/58475"}],"wp:attachment":[{"href":"https:\/\/vosgesinfo.fr\/saintdieinfo\/wp-json\/wp\/v2\/media?parent=58474"}],"wp:term":[{"taxonomy":"category","embeddable":true,"href":"https:\/\/vosgesinfo.fr\/saintdieinfo\/wp-json\/wp\/v2\/categories?post=58474"},{"taxonomy":"post_tag","embeddable":true,"href":"https:\/\/vosgesinfo.fr\/saintdieinfo\/wp-json\/wp\/v2\/tags?post=58474"}],"curies":[{"name":"wp","href":"https:\/\/api.w.org\/{rel}","templated":true}]}}