{"id":58480,"date":"2022-10-11T10:41:06","date_gmt":"2022-10-11T08:41:06","guid":{"rendered":"https:\/\/vosgesinfo.fr\/saintdieinfo\/2022\/10\/trois-journees-deodatiennes-consacrees-a-mulette-perliere\/"},"modified":"2022-10-11T10:41:06","modified_gmt":"2022-10-11T08:41:06","slug":"trois-journees-deodatiennes-consacrees-a-mulette-perliere","status":"publish","type":"post","link":"https:\/\/vosgesinfo.fr\/saintdieinfo\/2022\/10\/trois-journees-deodatiennes-consacrees-a-mulette-perliere\/","title":{"rendered":"Trois journ\u00e9es d\u00e9odatiennes consacr\u00e9es \u00e0 la mulette perli\u00e8re"},"content":{"rendered":"\n<h2><strong><span style=\"font-size: 14pt;\">La mulette perli\u00e8re est un coquillage noir d&rsquo;une dizaine de centim\u00e8tres, qui a aujourd\u2019hui pratiquement disparu des eaux fra\u00eeches vosgiennes&#8230; la faute \u00e0 sa surexploitation. Si bien que plusieurs plans de pr\u00e9servation sont appliqu\u00e9s, dans le d\u00e9partemental mais \u00e9galement au niveau national.<\/span><\/strong><\/h2>\n<p><!--more--><\/p>\n<p>Ces mardi, mercredi et jeudi, la mulette perli\u00e8re est pr\u00e9cis\u00e9ment au c\u0153ur des discussions lors d&rsquo;un colloque r\u00e9gional organis\u00e9 \u00e0 la Tour de la Libert\u00e9 de Saint-Di\u00e9-des-Vosges par la Soci\u00e9t\u00e9 d&rsquo;Histoire Naturelle et d&rsquo;Ethnographie de Colmar, en partenariat avec le Conseil D\u00e9partemental des Vosges, l&rsquo;Agence de l&rsquo;Eau Rhin-Meuse, la Communaut\u00e9 d&rsquo;Agglom\u00e9ration de Saint-Di\u00e9-des-Vosges, La Ville de Saint-Di\u00e9-des-Vosges, la Communaut\u00e9 de Communes de Bruy\u00e8res-Vallons des Vosges, et le Syndicat Mixte Moselle Amont. Plusieurs experts nationaux et internationaux de l&rsquo;esp\u00e8ce \u00e9taient r\u00e9unis \u00e0 l&rsquo;occasion de ce colloque, qui a notamment permis d&rsquo;aborder la situation nationale de la mulette perli\u00e8re, dans un contexte de r\u00e9daction du deuxi\u00e8me Plan National d&rsquo;Action pour sa conservation.<\/p>\n<p>Les experts se sont \u00e9galement pench\u00e9s sur la situation vosgienne du coquillage. \u00ab\u00a0Suite \u00e0 la r\u00e9daction par la SHNEC du Plan de Conservation et d&rsquo;Actions pour l&rsquo;am\u00e9lioration des fonctionnalit\u00e9s \u00e9cologiques des cours d&rsquo;eau \u00e0 mulette perli\u00e8re du bassin de la Vologne, valid\u00e9 par le CSRPN en 2021, plusieurs actions sont en effet envisag\u00e9es et notamment la r\u00e9introduction exp\u00e9rimentale d&rsquo;individus sur quelques sites encore th\u00e9oriquement propices \u00e0 la survie de l&rsquo;esp\u00e8ce. Pour l&rsquo;instant, sa pr\u00e9sence \u00e0 l&rsquo;\u00e9chelle r\u00e9gionale est limit\u00e9e \u00e0 quelques individus, sur le bassin de la Vologne, alors qu&rsquo;elle formait autrefois de vastes pavages qui couvraient le fond du lit de la rivi\u00e8re&#8230; Elle est donc prot\u00e9g\u00e9e et consid\u00e9r\u00e9e comme en danger critique d&rsquo;extinction dans la grande r\u00e9gion.\u00a0\u00bb<\/p>\n<p>J.J.<\/p>\n","protected":false},"excerpt":{"rendered":"<p>La mulette perli\u00e8re est un coquillage noir d&rsquo;une dizaine de centim\u00e8tres, qui a aujourd\u2019hui pratiquement disparu des eaux fra\u00eeches vosgiennes&#8230; [&hellip;]<\/p>\n","protected":false},"author":44,"featured_media":58481,"comment_status":"open","ping_status":"open","sticky":false,"template":"","format":"standard","meta":{"footnotes":""},"categories":[460,2915],"tags":[12772,10014,12773,2953],"class_list":["post-58480","post","type-post","status-publish","format-standard","has-post-thumbnail","hentry","category-a-la-une","category-saint-die-son-canton","tag-colloque","tag-mulette-perliere","tag-societe-dhistoire-naturelle-et-dethnographie-de-colmar","tag-tour-de-la-liberte"],"acf":[],"yoast_head":"<!-- This site is optimized with the Yoast SEO plugin v22.5 - https:\/\/yoast.com\/wordpress\/plugins\/seo\/ -->\n<title>Trois journ\u00e9es d\u00e9odatiennes consacr\u00e9es \u00e0 la mulette perli\u00e8re - Saint Die Info<\/title>\n<meta name=\"robots\" content=\"index, follow, max-snippet:-1, max-image-preview:large, max-video-preview:-1\" \/>\n<link rel=\"canonical\" href=\"https:\/\/vosgesinfo.fr\/saintdieinfo\/2022\/10\/trois-journees-deodatiennes-consacrees-a-mulette-perliere\/\" \/>\n<meta name=\"twitter:card\" content=\"summary_large_image\" \/>\n<meta name=\"twitter:title\" content=\"Trois journ\u00e9es d\u00e9odatiennes consacr\u00e9es \u00e0 la mulette perli\u00e8re - Saint Die Info\" \/>\n<meta name=\"twitter:description\" content=\"La mulette perli\u00e8re est un coquillage noir d&rsquo;une dizaine de centim\u00e8tres, qui a aujourd\u2019hui pratiquement disparu des eaux fra\u00eeches vosgiennes&#8230; [&hellip;]\" \/>\n<meta name=\"twitter:image\" content=\"https:\/\/vosgesinfo.fr\/app\/uploads\/sites\/4\/2024\/08\/202210colloque-mulette-perliere-2.jpg\" \/>\n<meta name=\"twitter:creator\" content=\"@VosgesInfo88\" \/>\n<meta name=\"twitter:site\" content=\"@VosgesInfo88\" \/>\n<meta name=\"twitter:label1\" content=\"\u00c9crit par\" \/>\n\t<meta name=\"twitter:data1\" content=\"la r\u00e9daction\" \/>\n\t<meta name=\"twitter:label2\" content=\"Dur\u00e9e de lecture estim\u00e9e\" \/>\n\t<meta name=\"twitter:data2\" content=\"2 minutes\" \/>\n<script type=\"application\/ld+json\" class=\"yoast-schema-graph\">{\"@context\":\"https:\/\/schema.org\",\"@graph\":[{\"@type\":\"Article\",\"@id\":\"https:\/\/vosgesinfo.fr\/saintdieinfo\/2022\/10\/trois-journees-deodatiennes-consacrees-a-mulette-perliere\/#article\",\"isPartOf\":{\"@id\":\"https:\/\/vosgesinfo.fr\/saintdieinfo\/2022\/10\/trois-journees-deodatiennes-consacrees-a-mulette-perliere\/\"},\"author\":{\"name\":\"la r\u00e9daction\",\"@id\":\"https:\/\/vosgesinfo.fr\/saintdieinfo\/#\/schema\/person\/faee6704a21f3977511db84bd1cd450f\"},\"headline\":\"Trois journ\u00e9es d\u00e9odatiennes consacr\u00e9es \u00e0 la mulette perli\u00e8re\",\"datePublished\":\"2022-10-11T08:41:06+00:00\",\"dateModified\":\"2022-10-11T08:41:06+00:00\",\"mainEntityOfPage\":{\"@id\":\"https:\/\/vosgesinfo.fr\/saintdieinfo\/2022\/10\/trois-journees-deodatiennes-consacrees-a-mulette-perliere\/\"},\"wordCount\":344,\"commentCount\":0,\"publisher\":{\"@id\":\"https:\/\/vosgesinfo.fr\/saintdieinfo\/#organization\"},\"image\":{\"@id\":\"https:\/\/vosgesinfo.fr\/saintdieinfo\/2022\/10\/trois-journees-deodatiennes-consacrees-a-mulette-perliere\/#primaryimage\"},\"thumbnailUrl\":\"https:\/\/vosgesinfo.fr\/app\/uploads\/sites\/4\/2024\/08\/202210colloque-mulette-perliere-2.jpg\",\"keywords\":[\"Colloque\",\"Mulette perli\u00e8re\",\"Soci\u00e9t\u00e9 d'Histoire Naturelle et d'Ethnographie de Colmar\",\"Tour de la Libert\u00e9\"],\"articleSection\":[\"A la Une\",\"Saint-Di\u00e9-des-Vosges et son Agglom\u00e9ration\"],\"inLanguage\":\"fr-FR\",\"potentialAction\":[{\"@type\":\"CommentAction\",\"name\":\"Comment\",\"target\":[\"https:\/\/vosgesinfo.fr\/saintdieinfo\/2022\/10\/trois-journees-deodatiennes-consacrees-a-mulette-perliere\/#respond\"]}]},{\"@type\":\"WebPage\",\"@id\":\"https:\/\/vosgesinfo.fr\/saintdieinfo\/2022\/10\/trois-journees-deodatiennes-consacrees-a-mulette-perliere\/\",\"url\":\"https:\/\/vosgesinfo.fr\/saintdieinfo\/2022\/10\/trois-journees-deodatiennes-consacrees-a-mulette-perliere\/\",\"name\":\"Trois journ\u00e9es d\u00e9odatiennes consacr\u00e9es \u00e0 la mulette perli\u00e8re - Saint Die Info\",\"isPartOf\":{\"@id\":\"https:\/\/vosgesinfo.fr\/saintdieinfo\/#website\"},\"primaryImageOfPage\":{\"@id\":\"https:\/\/vosgesinfo.fr\/saintdieinfo\/2022\/10\/trois-journees-deodatiennes-consacrees-a-mulette-perliere\/#primaryimage\"},\"image\":{\"@id\":\"https:\/\/vosgesinfo.fr\/saintdieinfo\/2022\/10\/trois-journees-deodatiennes-consacrees-a-mulette-perliere\/#primaryimage\"},\"thumbnailUrl\":\"https:\/\/vosgesinfo.fr\/app\/uploads\/sites\/4\/2024\/08\/202210colloque-mulette-perliere-2.jpg\",\"datePublished\":\"2022-10-11T08:41:06+00:00\",\"dateModified\":\"2022-10-11T08:41:06+00:00\",\"breadcrumb\":{\"@id\":\"https:\/\/vosgesinfo.fr\/saintdieinfo\/2022\/10\/trois-journees-deodatiennes-consacrees-a-mulette-perliere\/#breadcrumb\"},\"inLanguage\":\"fr-FR\",\"potentialAction\":[{\"@type\":\"ReadAction\",\"target\":[\"https:\/\/vosgesinfo.fr\/saintdieinfo\/2022\/10\/trois-journees-deodatiennes-consacrees-a-mulette-perliere\/\"]}]},{\"@type\":\"ImageObject\",\"inLanguage\":\"fr-FR\",\"@id\":\"https:\/\/vosgesinfo.fr\/saintdieinfo\/2022\/10\/trois-journees-deodatiennes-consacrees-a-mulette-perliere\/#primaryimage\",\"url\":\"https:\/\/vosgesinfo.fr\/app\/uploads\/sites\/4\/2024\/08\/202210colloque-mulette-perliere-2.jpg\",\"contentUrl\":\"https:\/\/vosgesinfo.fr\/app\/uploads\/sites\/4\/2024\/08\/202210colloque-mulette-perliere-2.jpg\",\"width\":863,\"height\":594},{\"@type\":\"BreadcrumbList\",\"@id\":\"https:\/\/vosgesinfo.fr\/saintdieinfo\/2022\/10\/trois-journees-deodatiennes-consacrees-a-mulette-perliere\/#breadcrumb\",\"itemListElement\":[{\"@type\":\"ListItem\",\"position\":1,\"name\":\"Home\",\"item\":\"https:\/\/vosgesinfo.fr\/saintdieinfo\/\"},{\"@type\":\"ListItem\",\"position\":2,\"name\":\"Trois journ\u00e9es d\u00e9odatiennes consacr\u00e9es \u00e0 la mulette perli\u00e8re\"}]},{\"@type\":\"WebSite\",\"@id\":\"https:\/\/vosgesinfo.fr\/saintdieinfo\/#website\",\"url\":\"https:\/\/vosgesinfo.fr\/saintdieinfo\/\",\"name\":\"Saint Die Info\",\"description\":\"Toute l&#039;actualit\u00e9 de Saint-Di\u00e9-Des-Vosges\",\"publisher\":{\"@id\":\"https:\/\/vosgesinfo.fr\/saintdieinfo\/#organization\"},\"alternateName\":\"Toute l'actualit\u00e9 de Saint-Di\u00e9-Des-Vosges\",\"potentialAction\":[{\"@type\":\"SearchAction\",\"target\":{\"@type\":\"EntryPoint\",\"urlTemplate\":\"https:\/\/vosgesinfo.fr\/saintdieinfo\/?s={search_term_string}\"},\"query-input\":\"required name=search_term_string\"}],\"inLanguage\":\"fr-FR\"},{\"@type\":\"Organization\",\"@id\":\"https:\/\/vosgesinfo.fr\/saintdieinfo\/#organization\",\"name\":\"Saint Die Info\",\"url\":\"https:\/\/vosgesinfo.fr\/saintdieinfo\/\",\"logo\":{\"@type\":\"ImageObject\",\"inLanguage\":\"fr-FR\",\"@id\":\"https:\/\/vosgesinfo.fr\/saintdieinfo\/#\/schema\/logo\/image\/\",\"url\":\"https:\/\/vosgesinfo.fr\/app\/uploads\/sites\/4\/2024\/02\/logo-sdi.jpg\",\"contentUrl\":\"https:\/\/vosgesinfo.fr\/app\/uploads\/sites\/4\/2024\/02\/logo-sdi.jpg\",\"width\":600,\"height\":600,\"caption\":\"Saint Die Info\"},\"image\":{\"@id\":\"https:\/\/vosgesinfo.fr\/saintdieinfo\/#\/schema\/logo\/image\/\"},\"sameAs\":[\"https:\/\/www.facebook.com\/Saintdieinfofr\",\"https:\/\/x.com\/VosgesInfo88\",\"https:\/\/www.youtube.com\/@vosgesinfo\"]},{\"@type\":\"Person\",\"@id\":\"https:\/\/vosgesinfo.fr\/saintdieinfo\/#\/schema\/person\/faee6704a21f3977511db84bd1cd450f\",\"name\":\"la r\u00e9daction\",\"image\":{\"@type\":\"ImageObject\",\"inLanguage\":\"fr-FR\",\"@id\":\"https:\/\/vosgesinfo.fr\/saintdieinfo\/#\/schema\/person\/image\/\",\"url\":\"https:\/\/secure.gravatar.com\/avatar\/6673d8bc6a9c17fa9a453eaa3448de834fa308c2ec9635b7aa99441a7c8d2cf6?s=96&d=mm&r=g\",\"contentUrl\":\"https:\/\/secure.gravatar.com\/avatar\/6673d8bc6a9c17fa9a453eaa3448de834fa308c2ec9635b7aa99441a7c8d2cf6?s=96&d=mm&r=g\",\"caption\":\"la r\u00e9daction\"},\"url\":\"https:\/\/vosgesinfo.fr\/saintdieinfo\/author\/redac\/\"}]}<\/script>\n<!-- \/ Yoast SEO plugin. -->","yoast_head_json":{"title":"Trois journ\u00e9es d\u00e9odatiennes consacr\u00e9es \u00e0 la mulette perli\u00e8re - Saint Die Info","robots":{"index":"index","follow":"follow","max-snippet":"max-snippet:-1","max-image-preview":"max-image-preview:large","max-video-preview":"max-video-preview:-1"},"canonical":"https:\/\/vosgesinfo.fr\/saintdieinfo\/2022\/10\/trois-journees-deodatiennes-consacrees-a-mulette-perliere\/","twitter_card":"summary_large_image","twitter_title":"Trois journ\u00e9es d\u00e9odatiennes consacr\u00e9es \u00e0 la mulette perli\u00e8re - Saint Die Info","twitter_description":"La mulette perli\u00e8re est un coquillage noir d&rsquo;une dizaine de centim\u00e8tres, qui a aujourd\u2019hui pratiquement disparu des eaux fra\u00eeches vosgiennes&#8230; [&hellip;]","twitter_image":"https:\/\/vosgesinfo.fr\/app\/uploads\/sites\/4\/2024\/08\/202210colloque-mulette-perliere-2.jpg","twitter_creator":"@VosgesInfo88","twitter_site":"@VosgesInfo88","twitter_misc":{"\u00c9crit par":"la r\u00e9daction","Dur\u00e9e de lecture estim\u00e9e":"2 minutes"},"schema":{"@context":"https:\/\/schema.org","@graph":[{"@type":"Article","@id":"https:\/\/vosgesinfo.fr\/saintdieinfo\/2022\/10\/trois-journees-deodatiennes-consacrees-a-mulette-perliere\/#article","isPartOf":{"@id":"https:\/\/vosgesinfo.fr\/saintdieinfo\/2022\/10\/trois-journees-deodatiennes-consacrees-a-mulette-perliere\/"},"author":{"name":"la r\u00e9daction","@id":"https:\/\/vosgesinfo.fr\/saintdieinfo\/#\/schema\/person\/faee6704a21f3977511db84bd1cd450f"},"headline":"Trois journ\u00e9es d\u00e9odatiennes consacr\u00e9es \u00e0 la mulette perli\u00e8re","datePublished":"2022-10-11T08:41:06+00:00","dateModified":"2022-10-11T08:41:06+00:00","mainEntityOfPage":{"@id":"https:\/\/vosgesinfo.fr\/saintdieinfo\/2022\/10\/trois-journees-deodatiennes-consacrees-a-mulette-perliere\/"},"wordCount":344,"commentCount":0,"publisher":{"@id":"https:\/\/vosgesinfo.fr\/saintdieinfo\/#organization"},"image":{"@id":"https:\/\/vosgesinfo.fr\/saintdieinfo\/2022\/10\/trois-journees-deodatiennes-consacrees-a-mulette-perliere\/#primaryimage"},"thumbnailUrl":"https:\/\/vosgesinfo.fr\/app\/uploads\/sites\/4\/2024\/08\/202210colloque-mulette-perliere-2.jpg","keywords":["Colloque","Mulette perli\u00e8re","Soci\u00e9t\u00e9 d'Histoire Naturelle et d'Ethnographie de Colmar","Tour de la Libert\u00e9"],"articleSection":["A la Une","Saint-Di\u00e9-des-Vosges et son Agglom\u00e9ration"],"inLanguage":"fr-FR","potentialAction":[{"@type":"CommentAction","name":"Comment","target":["https:\/\/vosgesinfo.fr\/saintdieinfo\/2022\/10\/trois-journees-deodatiennes-consacrees-a-mulette-perliere\/#respond"]}]},{"@type":"WebPage","@id":"https:\/\/vosgesinfo.fr\/saintdieinfo\/2022\/10\/trois-journees-deodatiennes-consacrees-a-mulette-perliere\/","url":"https:\/\/vosgesinfo.fr\/saintdieinfo\/2022\/10\/trois-journees-deodatiennes-consacrees-a-mulette-perliere\/","name":"Trois journ\u00e9es d\u00e9odatiennes consacr\u00e9es \u00e0 la mulette perli\u00e8re - Saint Die Info","isPartOf":{"@id":"https:\/\/vosgesinfo.fr\/saintdieinfo\/#website"},"primaryImageOfPage":{"@id":"https:\/\/vosgesinfo.fr\/saintdieinfo\/2022\/10\/trois-journees-deodatiennes-consacrees-a-mulette-perliere\/#primaryimage"},"image":{"@id":"https:\/\/vosgesinfo.fr\/saintdieinfo\/2022\/10\/trois-journees-deodatiennes-consacrees-a-mulette-perliere\/#primaryimage"},"thumbnailUrl":"https:\/\/vosgesinfo.fr\/app\/uploads\/sites\/4\/2024\/08\/202210colloque-mulette-perliere-2.jpg","datePublished":"2022-10-11T08:41:06+00:00","dateModified":"2022-10-11T08:41:06+00:00","breadcrumb":{"@id":"https:\/\/vosgesinfo.fr\/saintdieinfo\/2022\/10\/trois-journees-deodatiennes-consacrees-a-mulette-perliere\/#breadcrumb"},"inLanguage":"fr-FR","potentialAction":[{"@type":"ReadAction","target":["https:\/\/vosgesinfo.fr\/saintdieinfo\/2022\/10\/trois-journees-deodatiennes-consacrees-a-mulette-perliere\/"]}]},{"@type":"ImageObject","inLanguage":"fr-FR","@id":"https:\/\/vosgesinfo.fr\/saintdieinfo\/2022\/10\/trois-journees-deodatiennes-consacrees-a-mulette-perliere\/#primaryimage","url":"https:\/\/vosgesinfo.fr\/app\/uploads\/sites\/4\/2024\/08\/202210colloque-mulette-perliere-2.jpg","contentUrl":"https:\/\/vosgesinfo.fr\/app\/uploads\/sites\/4\/2024\/08\/202210colloque-mulette-perliere-2.jpg","width":863,"height":594},{"@type":"BreadcrumbList","@id":"https:\/\/vosgesinfo.fr\/saintdieinfo\/2022\/10\/trois-journees-deodatiennes-consacrees-a-mulette-perliere\/#breadcrumb","itemListElement":[{"@type":"ListItem","position":1,"name":"Home","item":"https:\/\/vosgesinfo.fr\/saintdieinfo\/"},{"@type":"ListItem","position":2,"name":"Trois journ\u00e9es d\u00e9odatiennes consacr\u00e9es \u00e0 la mulette perli\u00e8re"}]},{"@type":"WebSite","@id":"https:\/\/vosgesinfo.fr\/saintdieinfo\/#website","url":"https:\/\/vosgesinfo.fr\/saintdieinfo\/","name":"Saint Die Info","description":"Toute l&#039;actualit\u00e9 de Saint-Di\u00e9-Des-Vosges","publisher":{"@id":"https:\/\/vosgesinfo.fr\/saintdieinfo\/#organization"},"alternateName":"Toute l'actualit\u00e9 de Saint-Di\u00e9-Des-Vosges","potentialAction":[{"@type":"SearchAction","target":{"@type":"EntryPoint","urlTemplate":"https:\/\/vosgesinfo.fr\/saintdieinfo\/?s={search_term_string}"},"query-input":"required name=search_term_string"}],"inLanguage":"fr-FR"},{"@type":"Organization","@id":"https:\/\/vosgesinfo.fr\/saintdieinfo\/#organization","name":"Saint Die Info","url":"https:\/\/vosgesinfo.fr\/saintdieinfo\/","logo":{"@type":"ImageObject","inLanguage":"fr-FR","@id":"https:\/\/vosgesinfo.fr\/saintdieinfo\/#\/schema\/logo\/image\/","url":"https:\/\/vosgesinfo.fr\/app\/uploads\/sites\/4\/2024\/02\/logo-sdi.jpg","contentUrl":"https:\/\/vosgesinfo.fr\/app\/uploads\/sites\/4\/2024\/02\/logo-sdi.jpg","width":600,"height":600,"caption":"Saint Die Info"},"image":{"@id":"https:\/\/vosgesinfo.fr\/saintdieinfo\/#\/schema\/logo\/image\/"},"sameAs":["https:\/\/www.facebook.com\/Saintdieinfofr","https:\/\/x.com\/VosgesInfo88","https:\/\/www.youtube.com\/@vosgesinfo"]},{"@type":"Person","@id":"https:\/\/vosgesinfo.fr\/saintdieinfo\/#\/schema\/person\/faee6704a21f3977511db84bd1cd450f","name":"la r\u00e9daction","image":{"@type":"ImageObject","inLanguage":"fr-FR","@id":"https:\/\/vosgesinfo.fr\/saintdieinfo\/#\/schema\/person\/image\/","url":"https:\/\/secure.gravatar.com\/avatar\/6673d8bc6a9c17fa9a453eaa3448de834fa308c2ec9635b7aa99441a7c8d2cf6?s=96&d=mm&r=g","contentUrl":"https:\/\/secure.gravatar.com\/avatar\/6673d8bc6a9c17fa9a453eaa3448de834fa308c2ec9635b7aa99441a7c8d2cf6?s=96&d=mm&r=g","caption":"la r\u00e9daction"},"url":"https:\/\/vosgesinfo.fr\/saintdieinfo\/author\/redac\/"}]}},"_links":{"self":[{"href":"https:\/\/vosgesinfo.fr\/saintdieinfo\/wp-json\/wp\/v2\/posts\/58480","targetHints":{"allow":["GET"]}}],"collection":[{"href":"https:\/\/vosgesinfo.fr\/saintdieinfo\/wp-json\/wp\/v2\/posts"}],"about":[{"href":"https:\/\/vosgesinfo.fr\/saintdieinfo\/wp-json\/wp\/v2\/types\/post"}],"author":[{"embeddable":true,"href":"https:\/\/vosgesinfo.fr\/saintdieinfo\/wp-json\/wp\/v2\/users\/44"}],"replies":[{"embeddable":true,"href":"https:\/\/vosgesinfo.fr\/saintdieinfo\/wp-json\/wp\/v2\/comments?post=58480"}],"version-history":[{"count":0,"href":"https:\/\/vosgesinfo.fr\/saintdieinfo\/wp-json\/wp\/v2\/posts\/58480\/revisions"}],"wp:featuredmedia":[{"embeddable":true,"href":"https:\/\/vosgesinfo.fr\/saintdieinfo\/wp-json\/wp\/v2\/media\/58481"}],"wp:attachment":[{"href":"https:\/\/vosgesinfo.fr\/saintdieinfo\/wp-json\/wp\/v2\/media?parent=58480"}],"wp:term":[{"taxonomy":"category","embeddable":true,"href":"https:\/\/vosgesinfo.fr\/saintdieinfo\/wp-json\/wp\/v2\/categories?post=58480"},{"taxonomy":"post_tag","embeddable":true,"href":"https:\/\/vosgesinfo.fr\/saintdieinfo\/wp-json\/wp\/v2\/tags?post=58480"}],"curies":[{"name":"wp","href":"https:\/\/api.w.org\/{rel}","templated":true}]}}