{"id":58491,"date":"2022-10-11T13:21:05","date_gmt":"2022-10-11T11:21:05","guid":{"rendered":"https:\/\/vosgesinfo.fr\/saintdieinfo\/2022\/10\/conseillers-france-renov-a-service-toutes-vosges\/"},"modified":"2022-10-11T13:21:05","modified_gmt":"2022-10-11T11:21:05","slug":"conseillers-france-renov-a-service-toutes-vosges","status":"publish","type":"post","link":"https:\/\/vosgesinfo.fr\/saintdieinfo\/2022\/10\/conseillers-france-renov-a-service-toutes-vosges\/","title":{"rendered":"Des conseillers France Renov\u2019 \u00e0 votre service dans toutes les Vosges"},"content":{"rendered":"<div id=\"attachment_191014\" style=\"width: 970px\" class=\"wp-caption aligncenter\"><a href=\"\/2022\/10\/CarteFranceR\u00e9novRED.jpg\" target=\"_blank\" rel=\"noopener\"><img decoding=\"async\" aria-describedby=\"caption-attachment-191014\" class=\"wp-image-191014 size-large\" src=\"\/2022\/10\/CarteFranceR\u00e9novRED-1024x576.jpg\" alt=\"CarteFranceR\u00e9novRED\" width=\"960\" height=\"540\" \/><\/a><p id=\"caption-attachment-191014\" class=\"wp-caption-text\">(Carte Vosges Mag)<\/p><\/div>\n<h2 class=\"CorpsA\"><strong><span style=\"font-size: 14pt;\">Comment diminuer la facture \u00e9nerg\u00e9tique de son logement ? Quelle isolation, syst\u00e8me de chauffage ou \u00e9nergie privil\u00e9gier ? Quels travaux entreprendre ? Face \u00e0 l\u2019envol\u00e9e des prix et aux enjeux climatiques, nombreux sont ceux qui cherchent des solutions pour limiter l\u2019impact financier et \u00e9cologique de leur r\u00e9sidence.<\/span><\/strong><\/h2>\n<p class=\"CorpsA\"><!--more--><\/p>\n<p class=\"CorpsA\">Si les possibilit\u00e9s sont nombreuses, choisir celle qui sera la mieux adapt\u00e9e \u00e0 sa situation n\u2019est pas simple. Conscient de la difficult\u00e9, le Conseil d\u00e9partemental a d\u00e9cid\u00e9 de compl\u00e9ter l\u2019initiative de la R\u00e9gion pour le financement des postes de Conseillers France Renov\u2019 (six et demi au total).<\/p>\n<p class=\"CorpsA\">Il apporte ainsi un soutien financier aux intercommunalit\u00e9s pour permettre une couverture totale du d\u00e9partement des Vosges. Ces espaces France Renov\u2019 sont \u00e0 votre service pour vous conseiller, guider votre choix et vous accompagner tout au long de votre d\u00e9marche.<\/p>\n<h3 class=\"CorpsA\"><strong><span style=\"font-size: 12pt;\">Leurs conseils sont gratuits et tr\u00e8s utiles. N\u2019h\u00e9sitez pas \u00e0 les solliciter !<\/span><\/strong><\/h3>\n<p class=\"CorpsA\"><strong>1 \u2013 SOLIHA\u00a0:<\/strong> T\u00e9l. : 03 72 60 05 19<b> &#8211; <\/b>k.leouez@soliha.fr<\/p>\n<p class=\"CorpsA\"><strong>2 \u2013 CAMEL VOSGES\u00a0:<\/strong> T\u00e9l. : 03 29 22 51 75<b> &#8211; <\/b>seb.jorand@gmail.com<\/p>\n<p class=\"CorpsA\"><strong>3 \u2013 SOLIHA<\/strong><b>\u00a0: <\/b>T\u00e9l. : 06 35 11 44 13<b> &#8211; <\/b>jeremy.francois@soliha.fr<\/p>\n<p class=\"CorpsA\"><strong>4 &#8211; Maison de l\u2019Habitat et du Territoire de la CAE\u00a0:<\/strong> 1, avenue Dutac \u00e0 Epinal<b> &#8211; <\/b>T\u00e9l. : 03 29 81 13 40<b> &#8211; <\/b>habitat@agglo-epinal.fr<\/p>\n<p class=\"CorpsA\"><strong>5 &#8211; France R\u00e9nov&rsquo; avec Climaxion \u2013<\/strong> T\u00e9l. : 08 00 60 60 44<b> \u2013\u00a0 <\/b>France- renov.avec.climaxion.fr<\/p>\n<p class=\"CorpsA\"><strong>6 &#8211; Maison de l&rsquo;Habitat et de l&rsquo;Energie de la D\u00e9odatie \u2013<\/strong> 26, rue d\u2019Am\u00e9rique \u00e0 Saint-Di\u00e9-des-Vosges &#8211; T\u00e9l. : 03 29 56 75 18 \u2013 <a href=\"mailto:sduchene@deodatie.com\">sduchene@deodatie.com<\/a> \u2013 <a href=\"mailto:mmoro@deodatie.com\" target=\"_blank\" rel=\"noopener\">mmoro@deodatie.com<\/a><\/p>\n<p class=\"CorpsA\"><strong>7 \u2013 SOLIHA\u00a0:<\/strong> T\u00e9l. : 03\u00a029 22 50 10 \u2013<b> <\/b><a href=\"mailto:francerenov.hautesvosges@soliha.fr\" target=\"_blank\" rel=\"noopener\">francerenov.hautesvosges@soliha.fr<\/a><\/p>\n<p class=\"CorpsA\"><i>Ce dispositif propos\u00e9 par la R\u00e9gion Grand Est (Climaxion) est cofinanc\u00e9 par les collectivit\u00e9s, les Certificats d\u2019Economies d\u2019Energie et le Conseil d\u00e9partemental des Vosges.<\/i><\/p>\n<p class=\"CorpsA\">&#8211;<\/p>\n<p class=\"CorpsA\">Source : <a href=\"https:\/\/www.vosgesmag.fr\" target=\"_blank\" rel=\"noopener\">www.vosgesmag.fr<\/a><\/p>\n","protected":false},"excerpt":{"rendered":"<p>Comment diminuer la facture \u00e9nerg\u00e9tique de son logement ? Quelle isolation, syst\u00e8me de chauffage ou \u00e9nergie privil\u00e9gier ? Quels travaux [&hellip;]<\/p>\n","protected":false},"author":44,"featured_media":58492,"comment_status":"open","ping_status":"open","sticky":false,"template":"","format":"standard","meta":{"footnotes":""},"categories":[460,18],"tags":[12775,3024],"class_list":["post-58491","post","type-post","status-publish","format-standard","has-post-thumbnail","hentry","category-a-la-une","category-vosges","tag-france-renov","tag-vosges-mag"],"acf":[],"yoast_head":"<!-- This site is optimized with the Yoast SEO plugin v22.5 - https:\/\/yoast.com\/wordpress\/plugins\/seo\/ -->\n<title>Des conseillers France Renov\u2019 \u00e0 votre service dans toutes les Vosges - Saint Die Info<\/title>\n<meta name=\"robots\" content=\"index, follow, max-snippet:-1, max-image-preview:large, max-video-preview:-1\" \/>\n<link rel=\"canonical\" href=\"https:\/\/vosgesinfo.fr\/saintdieinfo\/2022\/10\/conseillers-france-renov-a-service-toutes-vosges\/\" \/>\n<meta name=\"twitter:card\" content=\"summary_large_image\" \/>\n<meta name=\"twitter:title\" content=\"Des conseillers France Renov\u2019 \u00e0 votre service dans toutes les Vosges - Saint Die Info\" \/>\n<meta name=\"twitter:description\" content=\"Comment diminuer la facture \u00e9nerg\u00e9tique de son logement ? Quelle isolation, syst\u00e8me de chauffage ou \u00e9nergie privil\u00e9gier ? Quels travaux [&hellip;]\" \/>\n<meta name=\"twitter:image\" content=\"https:\/\/vosgesinfo.fr\/app\/uploads\/sites\/4\/2024\/08\/202210cartefrancerenovred.jpg\" \/>\n<meta name=\"twitter:creator\" content=\"@VosgesInfo88\" \/>\n<meta name=\"twitter:site\" content=\"@VosgesInfo88\" \/>\n<meta name=\"twitter:label1\" content=\"\u00c9crit par\" \/>\n\t<meta name=\"twitter:data1\" content=\"la r\u00e9daction\" \/>\n\t<meta name=\"twitter:label2\" content=\"Dur\u00e9e de lecture estim\u00e9e\" \/>\n\t<meta name=\"twitter:data2\" content=\"1 minute\" \/>\n<script type=\"application\/ld+json\" class=\"yoast-schema-graph\">{\"@context\":\"https:\/\/schema.org\",\"@graph\":[{\"@type\":\"Article\",\"@id\":\"https:\/\/vosgesinfo.fr\/saintdieinfo\/2022\/10\/conseillers-france-renov-a-service-toutes-vosges\/#article\",\"isPartOf\":{\"@id\":\"https:\/\/vosgesinfo.fr\/saintdieinfo\/2022\/10\/conseillers-france-renov-a-service-toutes-vosges\/\"},\"author\":{\"name\":\"la r\u00e9daction\",\"@id\":\"https:\/\/vosgesinfo.fr\/saintdieinfo\/#\/schema\/person\/faee6704a21f3977511db84bd1cd450f\"},\"headline\":\"Des conseillers France Renov\u2019 \u00e0 votre service dans toutes les Vosges\",\"datePublished\":\"2022-10-11T11:21:05+00:00\",\"dateModified\":\"2022-10-11T11:21:05+00:00\",\"mainEntityOfPage\":{\"@id\":\"https:\/\/vosgesinfo.fr\/saintdieinfo\/2022\/10\/conseillers-france-renov-a-service-toutes-vosges\/\"},\"wordCount\":308,\"commentCount\":0,\"publisher\":{\"@id\":\"https:\/\/vosgesinfo.fr\/saintdieinfo\/#organization\"},\"image\":{\"@id\":\"https:\/\/vosgesinfo.fr\/saintdieinfo\/2022\/10\/conseillers-france-renov-a-service-toutes-vosges\/#primaryimage\"},\"thumbnailUrl\":\"https:\/\/vosgesinfo.fr\/app\/uploads\/sites\/4\/2024\/08\/202210cartefrancerenovred.jpg\",\"keywords\":[\"France Renov'\",\"Vosges Mag\"],\"articleSection\":[\"A la Une\",\"Vosges\"],\"inLanguage\":\"fr-FR\",\"potentialAction\":[{\"@type\":\"CommentAction\",\"name\":\"Comment\",\"target\":[\"https:\/\/vosgesinfo.fr\/saintdieinfo\/2022\/10\/conseillers-france-renov-a-service-toutes-vosges\/#respond\"]}]},{\"@type\":\"WebPage\",\"@id\":\"https:\/\/vosgesinfo.fr\/saintdieinfo\/2022\/10\/conseillers-france-renov-a-service-toutes-vosges\/\",\"url\":\"https:\/\/vosgesinfo.fr\/saintdieinfo\/2022\/10\/conseillers-france-renov-a-service-toutes-vosges\/\",\"name\":\"Des conseillers France Renov\u2019 \u00e0 votre service dans toutes les Vosges - Saint Die Info\",\"isPartOf\":{\"@id\":\"https:\/\/vosgesinfo.fr\/saintdieinfo\/#website\"},\"primaryImageOfPage\":{\"@id\":\"https:\/\/vosgesinfo.fr\/saintdieinfo\/2022\/10\/conseillers-france-renov-a-service-toutes-vosges\/#primaryimage\"},\"image\":{\"@id\":\"https:\/\/vosgesinfo.fr\/saintdieinfo\/2022\/10\/conseillers-france-renov-a-service-toutes-vosges\/#primaryimage\"},\"thumbnailUrl\":\"https:\/\/vosgesinfo.fr\/app\/uploads\/sites\/4\/2024\/08\/202210cartefrancerenovred.jpg\",\"datePublished\":\"2022-10-11T11:21:05+00:00\",\"dateModified\":\"2022-10-11T11:21:05+00:00\",\"breadcrumb\":{\"@id\":\"https:\/\/vosgesinfo.fr\/saintdieinfo\/2022\/10\/conseillers-france-renov-a-service-toutes-vosges\/#breadcrumb\"},\"inLanguage\":\"fr-FR\",\"potentialAction\":[{\"@type\":\"ReadAction\",\"target\":[\"https:\/\/vosgesinfo.fr\/saintdieinfo\/2022\/10\/conseillers-france-renov-a-service-toutes-vosges\/\"]}]},{\"@type\":\"ImageObject\",\"inLanguage\":\"fr-FR\",\"@id\":\"https:\/\/vosgesinfo.fr\/saintdieinfo\/2022\/10\/conseillers-france-renov-a-service-toutes-vosges\/#primaryimage\",\"url\":\"https:\/\/vosgesinfo.fr\/app\/uploads\/sites\/4\/2024\/08\/202210cartefrancerenovred.jpg\",\"contentUrl\":\"https:\/\/vosgesinfo.fr\/app\/uploads\/sites\/4\/2024\/08\/202210cartefrancerenovred.jpg\",\"width\":1600,\"height\":900},{\"@type\":\"BreadcrumbList\",\"@id\":\"https:\/\/vosgesinfo.fr\/saintdieinfo\/2022\/10\/conseillers-france-renov-a-service-toutes-vosges\/#breadcrumb\",\"itemListElement\":[{\"@type\":\"ListItem\",\"position\":1,\"name\":\"Home\",\"item\":\"https:\/\/vosgesinfo.fr\/saintdieinfo\/\"},{\"@type\":\"ListItem\",\"position\":2,\"name\":\"Des conseillers France Renov\u2019 \u00e0 votre service dans toutes les Vosges\"}]},{\"@type\":\"WebSite\",\"@id\":\"https:\/\/vosgesinfo.fr\/saintdieinfo\/#website\",\"url\":\"https:\/\/vosgesinfo.fr\/saintdieinfo\/\",\"name\":\"Saint Die Info\",\"description\":\"Toute l&#039;actualit\u00e9 de Saint-Di\u00e9-Des-Vosges\",\"publisher\":{\"@id\":\"https:\/\/vosgesinfo.fr\/saintdieinfo\/#organization\"},\"alternateName\":\"Toute l'actualit\u00e9 de Saint-Di\u00e9-Des-Vosges\",\"potentialAction\":[{\"@type\":\"SearchAction\",\"target\":{\"@type\":\"EntryPoint\",\"urlTemplate\":\"https:\/\/vosgesinfo.fr\/saintdieinfo\/?s={search_term_string}\"},\"query-input\":\"required name=search_term_string\"}],\"inLanguage\":\"fr-FR\"},{\"@type\":\"Organization\",\"@id\":\"https:\/\/vosgesinfo.fr\/saintdieinfo\/#organization\",\"name\":\"Saint Die Info\",\"url\":\"https:\/\/vosgesinfo.fr\/saintdieinfo\/\",\"logo\":{\"@type\":\"ImageObject\",\"inLanguage\":\"fr-FR\",\"@id\":\"https:\/\/vosgesinfo.fr\/saintdieinfo\/#\/schema\/logo\/image\/\",\"url\":\"https:\/\/vosgesinfo.fr\/app\/uploads\/sites\/4\/2024\/02\/logo-sdi.jpg\",\"contentUrl\":\"https:\/\/vosgesinfo.fr\/app\/uploads\/sites\/4\/2024\/02\/logo-sdi.jpg\",\"width\":600,\"height\":600,\"caption\":\"Saint Die Info\"},\"image\":{\"@id\":\"https:\/\/vosgesinfo.fr\/saintdieinfo\/#\/schema\/logo\/image\/\"},\"sameAs\":[\"https:\/\/www.facebook.com\/Saintdieinfofr\",\"https:\/\/x.com\/VosgesInfo88\",\"https:\/\/www.youtube.com\/@vosgesinfo\"]},{\"@type\":\"Person\",\"@id\":\"https:\/\/vosgesinfo.fr\/saintdieinfo\/#\/schema\/person\/faee6704a21f3977511db84bd1cd450f\",\"name\":\"la r\u00e9daction\",\"image\":{\"@type\":\"ImageObject\",\"inLanguage\":\"fr-FR\",\"@id\":\"https:\/\/vosgesinfo.fr\/saintdieinfo\/#\/schema\/person\/image\/\",\"url\":\"https:\/\/secure.gravatar.com\/avatar\/6673d8bc6a9c17fa9a453eaa3448de834fa308c2ec9635b7aa99441a7c8d2cf6?s=96&d=mm&r=g\",\"contentUrl\":\"https:\/\/secure.gravatar.com\/avatar\/6673d8bc6a9c17fa9a453eaa3448de834fa308c2ec9635b7aa99441a7c8d2cf6?s=96&d=mm&r=g\",\"caption\":\"la r\u00e9daction\"},\"url\":\"https:\/\/vosgesinfo.fr\/saintdieinfo\/author\/redac\/\"}]}<\/script>\n<!-- \/ Yoast SEO plugin. -->","yoast_head_json":{"title":"Des conseillers France Renov\u2019 \u00e0 votre service dans toutes les Vosges - Saint Die Info","robots":{"index":"index","follow":"follow","max-snippet":"max-snippet:-1","max-image-preview":"max-image-preview:large","max-video-preview":"max-video-preview:-1"},"canonical":"https:\/\/vosgesinfo.fr\/saintdieinfo\/2022\/10\/conseillers-france-renov-a-service-toutes-vosges\/","twitter_card":"summary_large_image","twitter_title":"Des conseillers France Renov\u2019 \u00e0 votre service dans toutes les Vosges - Saint Die Info","twitter_description":"Comment diminuer la facture \u00e9nerg\u00e9tique de son logement ? Quelle isolation, syst\u00e8me de chauffage ou \u00e9nergie privil\u00e9gier ? Quels travaux [&hellip;]","twitter_image":"https:\/\/vosgesinfo.fr\/app\/uploads\/sites\/4\/2024\/08\/202210cartefrancerenovred.jpg","twitter_creator":"@VosgesInfo88","twitter_site":"@VosgesInfo88","twitter_misc":{"\u00c9crit par":"la r\u00e9daction","Dur\u00e9e de lecture estim\u00e9e":"1 minute"},"schema":{"@context":"https:\/\/schema.org","@graph":[{"@type":"Article","@id":"https:\/\/vosgesinfo.fr\/saintdieinfo\/2022\/10\/conseillers-france-renov-a-service-toutes-vosges\/#article","isPartOf":{"@id":"https:\/\/vosgesinfo.fr\/saintdieinfo\/2022\/10\/conseillers-france-renov-a-service-toutes-vosges\/"},"author":{"name":"la r\u00e9daction","@id":"https:\/\/vosgesinfo.fr\/saintdieinfo\/#\/schema\/person\/faee6704a21f3977511db84bd1cd450f"},"headline":"Des conseillers France Renov\u2019 \u00e0 votre service dans toutes les Vosges","datePublished":"2022-10-11T11:21:05+00:00","dateModified":"2022-10-11T11:21:05+00:00","mainEntityOfPage":{"@id":"https:\/\/vosgesinfo.fr\/saintdieinfo\/2022\/10\/conseillers-france-renov-a-service-toutes-vosges\/"},"wordCount":308,"commentCount":0,"publisher":{"@id":"https:\/\/vosgesinfo.fr\/saintdieinfo\/#organization"},"image":{"@id":"https:\/\/vosgesinfo.fr\/saintdieinfo\/2022\/10\/conseillers-france-renov-a-service-toutes-vosges\/#primaryimage"},"thumbnailUrl":"https:\/\/vosgesinfo.fr\/app\/uploads\/sites\/4\/2024\/08\/202210cartefrancerenovred.jpg","keywords":["France Renov'","Vosges Mag"],"articleSection":["A la Une","Vosges"],"inLanguage":"fr-FR","potentialAction":[{"@type":"CommentAction","name":"Comment","target":["https:\/\/vosgesinfo.fr\/saintdieinfo\/2022\/10\/conseillers-france-renov-a-service-toutes-vosges\/#respond"]}]},{"@type":"WebPage","@id":"https:\/\/vosgesinfo.fr\/saintdieinfo\/2022\/10\/conseillers-france-renov-a-service-toutes-vosges\/","url":"https:\/\/vosgesinfo.fr\/saintdieinfo\/2022\/10\/conseillers-france-renov-a-service-toutes-vosges\/","name":"Des conseillers France Renov\u2019 \u00e0 votre service dans toutes les Vosges - Saint Die Info","isPartOf":{"@id":"https:\/\/vosgesinfo.fr\/saintdieinfo\/#website"},"primaryImageOfPage":{"@id":"https:\/\/vosgesinfo.fr\/saintdieinfo\/2022\/10\/conseillers-france-renov-a-service-toutes-vosges\/#primaryimage"},"image":{"@id":"https:\/\/vosgesinfo.fr\/saintdieinfo\/2022\/10\/conseillers-france-renov-a-service-toutes-vosges\/#primaryimage"},"thumbnailUrl":"https:\/\/vosgesinfo.fr\/app\/uploads\/sites\/4\/2024\/08\/202210cartefrancerenovred.jpg","datePublished":"2022-10-11T11:21:05+00:00","dateModified":"2022-10-11T11:21:05+00:00","breadcrumb":{"@id":"https:\/\/vosgesinfo.fr\/saintdieinfo\/2022\/10\/conseillers-france-renov-a-service-toutes-vosges\/#breadcrumb"},"inLanguage":"fr-FR","potentialAction":[{"@type":"ReadAction","target":["https:\/\/vosgesinfo.fr\/saintdieinfo\/2022\/10\/conseillers-france-renov-a-service-toutes-vosges\/"]}]},{"@type":"ImageObject","inLanguage":"fr-FR","@id":"https:\/\/vosgesinfo.fr\/saintdieinfo\/2022\/10\/conseillers-france-renov-a-service-toutes-vosges\/#primaryimage","url":"https:\/\/vosgesinfo.fr\/app\/uploads\/sites\/4\/2024\/08\/202210cartefrancerenovred.jpg","contentUrl":"https:\/\/vosgesinfo.fr\/app\/uploads\/sites\/4\/2024\/08\/202210cartefrancerenovred.jpg","width":1600,"height":900},{"@type":"BreadcrumbList","@id":"https:\/\/vosgesinfo.fr\/saintdieinfo\/2022\/10\/conseillers-france-renov-a-service-toutes-vosges\/#breadcrumb","itemListElement":[{"@type":"ListItem","position":1,"name":"Home","item":"https:\/\/vosgesinfo.fr\/saintdieinfo\/"},{"@type":"ListItem","position":2,"name":"Des conseillers France Renov\u2019 \u00e0 votre service dans toutes les Vosges"}]},{"@type":"WebSite","@id":"https:\/\/vosgesinfo.fr\/saintdieinfo\/#website","url":"https:\/\/vosgesinfo.fr\/saintdieinfo\/","name":"Saint Die Info","description":"Toute l&#039;actualit\u00e9 de Saint-Di\u00e9-Des-Vosges","publisher":{"@id":"https:\/\/vosgesinfo.fr\/saintdieinfo\/#organization"},"alternateName":"Toute l'actualit\u00e9 de Saint-Di\u00e9-Des-Vosges","potentialAction":[{"@type":"SearchAction","target":{"@type":"EntryPoint","urlTemplate":"https:\/\/vosgesinfo.fr\/saintdieinfo\/?s={search_term_string}"},"query-input":"required name=search_term_string"}],"inLanguage":"fr-FR"},{"@type":"Organization","@id":"https:\/\/vosgesinfo.fr\/saintdieinfo\/#organization","name":"Saint Die Info","url":"https:\/\/vosgesinfo.fr\/saintdieinfo\/","logo":{"@type":"ImageObject","inLanguage":"fr-FR","@id":"https:\/\/vosgesinfo.fr\/saintdieinfo\/#\/schema\/logo\/image\/","url":"https:\/\/vosgesinfo.fr\/app\/uploads\/sites\/4\/2024\/02\/logo-sdi.jpg","contentUrl":"https:\/\/vosgesinfo.fr\/app\/uploads\/sites\/4\/2024\/02\/logo-sdi.jpg","width":600,"height":600,"caption":"Saint Die Info"},"image":{"@id":"https:\/\/vosgesinfo.fr\/saintdieinfo\/#\/schema\/logo\/image\/"},"sameAs":["https:\/\/www.facebook.com\/Saintdieinfofr","https:\/\/x.com\/VosgesInfo88","https:\/\/www.youtube.com\/@vosgesinfo"]},{"@type":"Person","@id":"https:\/\/vosgesinfo.fr\/saintdieinfo\/#\/schema\/person\/faee6704a21f3977511db84bd1cd450f","name":"la r\u00e9daction","image":{"@type":"ImageObject","inLanguage":"fr-FR","@id":"https:\/\/vosgesinfo.fr\/saintdieinfo\/#\/schema\/person\/image\/","url":"https:\/\/secure.gravatar.com\/avatar\/6673d8bc6a9c17fa9a453eaa3448de834fa308c2ec9635b7aa99441a7c8d2cf6?s=96&d=mm&r=g","contentUrl":"https:\/\/secure.gravatar.com\/avatar\/6673d8bc6a9c17fa9a453eaa3448de834fa308c2ec9635b7aa99441a7c8d2cf6?s=96&d=mm&r=g","caption":"la r\u00e9daction"},"url":"https:\/\/vosgesinfo.fr\/saintdieinfo\/author\/redac\/"}]}},"_links":{"self":[{"href":"https:\/\/vosgesinfo.fr\/saintdieinfo\/wp-json\/wp\/v2\/posts\/58491","targetHints":{"allow":["GET"]}}],"collection":[{"href":"https:\/\/vosgesinfo.fr\/saintdieinfo\/wp-json\/wp\/v2\/posts"}],"about":[{"href":"https:\/\/vosgesinfo.fr\/saintdieinfo\/wp-json\/wp\/v2\/types\/post"}],"author":[{"embeddable":true,"href":"https:\/\/vosgesinfo.fr\/saintdieinfo\/wp-json\/wp\/v2\/users\/44"}],"replies":[{"embeddable":true,"href":"https:\/\/vosgesinfo.fr\/saintdieinfo\/wp-json\/wp\/v2\/comments?post=58491"}],"version-history":[{"count":0,"href":"https:\/\/vosgesinfo.fr\/saintdieinfo\/wp-json\/wp\/v2\/posts\/58491\/revisions"}],"wp:featuredmedia":[{"embeddable":true,"href":"https:\/\/vosgesinfo.fr\/saintdieinfo\/wp-json\/wp\/v2\/media\/58492"}],"wp:attachment":[{"href":"https:\/\/vosgesinfo.fr\/saintdieinfo\/wp-json\/wp\/v2\/media?parent=58491"}],"wp:term":[{"taxonomy":"category","embeddable":true,"href":"https:\/\/vosgesinfo.fr\/saintdieinfo\/wp-json\/wp\/v2\/categories?post=58491"},{"taxonomy":"post_tag","embeddable":true,"href":"https:\/\/vosgesinfo.fr\/saintdieinfo\/wp-json\/wp\/v2\/tags?post=58491"}],"curies":[{"name":"wp","href":"https:\/\/api.w.org\/{rel}","templated":true}]}}