{"id":58565,"date":"2022-10-13T14:39:50","date_gmt":"2022-10-13T12:39:50","guid":{"rendered":"https:\/\/vosgesinfo.fr\/saintdieinfo\/2022\/10\/a-lordre-jour-de-prochaine-seance-conseil-communautaire\/"},"modified":"2022-10-13T14:39:50","modified_gmt":"2022-10-13T12:39:50","slug":"a-lordre-jour-de-prochaine-seance-conseil-communautaire","status":"publish","type":"post","link":"https:\/\/vosgesinfo.fr\/saintdieinfo\/2022\/10\/a-lordre-jour-de-prochaine-seance-conseil-communautaire\/","title":{"rendered":"A l&rsquo;ordre du jour de la prochaine s\u00e9ance du Conseil Communautaire"},"content":{"rendered":"<h2 class=\"western\"><strong><span style=\"font-size: 14pt;\">Le Conseil Communautaire de la Communaut\u00e9 d\u2019Agglom\u00e9ration de Saint-Di\u00e9-des-Vosges se r\u00e9unira ce lundi 17 octobre, \u00e0 partir de 19h au sein de l&rsquo;amphith\u00e9\u00e2tre de l&rsquo;IUT de Saint-Di\u00e9-des-Vosges. Lors de la s\u00e9ance, les \u00e9lus communautaires se pencheront sur l\u2019ordre du jour suivant :<u> <\/u><\/span><\/strong><\/h2>\n<p><!--more--><\/p>\n<h3><strong><span dir=\"ltr\" style=\"font-size: 12pt;\">Points d\u2019informations<\/span><\/strong><\/h3>\n<ol>\n<li><span dir=\"ltr\">Approbation du Proc\u00e8s-Verbal de la s\u00e9ance du 12 septembre 2022<\/span>;<\/li>\n<li><span dir=\"ltr\">Convention de financement de l\u2019\u00e9tude de faisabilit\u00e9 pour la r\u00e9alisation d\u2019un p\u00f4le d\u2019\u00e9changes <\/span><span dir=\"ltr\">multimodal en gare de Saint-L\u00e9onard<\/span>;<\/li>\n<li><span dir=\"ltr\">Attribution de fonds de concours<\/span>;<\/li>\n<li><span dir=\"ltr\">Actes d\u2019apport de biens immobiliers issus de l\u2019ancienne Communaut\u00e9 de communes de <\/span><span dir=\"ltr\">Fave, Meurthe, Galil\u00e9e<\/span>;<\/li>\n<li><span dir=\"ltr\">Actes d\u2019apport de biens immobiliers issus du territoire de l\u2019ancienne Communaut\u00e9 de <\/span><span dir=\"ltr\">Communes du Pays des Abbayes<\/span>;<\/li>\n<li><span dir=\"ltr\">Actes d\u2019apport de biens immobiliers issus du territoire de l\u2019ancienne Communaut\u00e9 de <\/span><span dir=\"ltr\">Communes de Saint-Di\u00e9-des-Vosges<\/span>;<\/li>\n<li><span dir=\"ltr\">Transfert du chantier d&rsquo;insertion \u00ab\u00a0La Bo\u00eete \u00e0 Outils\u00a0\u00bb \u00e0 l&rsquo;association \u00ab\u00a0Les Jardins de Galil\u00e9e\u00a0\u00bb<\/span>;<\/li>\n<li><span dir=\"ltr\">Pr\u00e9sentation du rapport d\u2019activit\u00e9s de la Soci\u00e9t\u00e9 Anonyme d\u2019Economie Mixte Locale <\/span><span dir=\"ltr\">(SAEML) \u00ab Energies de Belfays \u00bb<\/span>;<\/li>\n<li><span dir=\"ltr\">Augmentation du capital social de la Soci\u00e9t\u00e9 Anonyme d\u2019Economie Mixte Locale (SAEML) <\/span><span dir=\"ltr\">\u00ab Energies de Belfays \u00bb<\/span>;<\/li>\n<li><span dir=\"ltr\">R\u00e9partition de la taxe d\u2019am\u00e9nagement \u2013 Ann\u00e9e 2022<\/span>;<\/li>\n<li><span dir=\"ltr\">Budget 2022 \u2013 D\u00e9cision Modificative n\u00b01 \u2013 Budgets D\u00e9chets.<\/span><\/li>\n<li><span dir=\"ltr\">Convention<\/span> <span dir=\"ltr\">d\u2019installation,<\/span> <span dir=\"ltr\">de<\/span> <span dir=\"ltr\">gestion,<\/span> <span dir=\"ltr\">d\u2019entretien<\/span> <span dir=\"ltr\">et<\/span> <span dir=\"ltr\">de<\/span> <span dir=\"ltr\">remplacement<\/span> <span dir=\"ltr\">de<\/span> <span dir=\"ltr\">lignes<\/span> <span dir=\"ltr\">de <\/span><span dir=\"ltr\">communications \u00e9lectroniques \u00e0 tr\u00e8s haut d\u00e9bit en fibre optique;<\/span><\/li>\n<li><span dir=\"ltr\">Convention avec les Clubs Vosgiens pour l\u2019entretien et le balisage des sentiers;<\/span><\/li>\n<li><span dir=\"ltr\">Convention avec la Librairie Le neuf concernant la manifestation \u00ab Partir en livre \u00bb;<\/span><\/li>\n<li><span dir=\"ltr\">Strat\u00e9gie animation fonci\u00e8re de l\u2019Espace Naturel Sensible La Plaine;<\/span><\/li>\n<li><span dir=\"ltr\">Choix des concessionnaires pour les D\u00e9l\u00e9gations de Service Public d\u2019eau potable et <\/span><span dir=\"ltr\">d\u2019assainissement collectif et eaux pluviales urbaines;<\/span><\/li>\n<li><span dir=\"ltr\">Modification du tableau des effectifs;<\/span><\/li>\n<li><span dir=\"ltr\">Communication des D\u00e9cisions prises dans le cadre des d\u00e9l\u00e9gations de pouvoirs.<\/span><\/li>\n<\/ol>\n","protected":false},"excerpt":{"rendered":"<p>Le Conseil Communautaire de la Communaut\u00e9 d\u2019Agglom\u00e9ration de Saint-Di\u00e9-des-Vosges se r\u00e9unira ce lundi 17 octobre, \u00e0 partir de 19h au [&hellip;]<\/p>\n","protected":false},"author":44,"featured_media":22680,"comment_status":"open","ping_status":"open","sticky":false,"template":"","format":"standard","meta":{"footnotes":""},"categories":[460,10,2915],"tags":[3282,3283,3205],"class_list":["post-58565","post","type-post","status-publish","format-standard","has-post-thumbnail","hentry","category-a-la-une","category-politique","category-saint-die-son-canton","tag-communaute-dagglomeration-de-saint-die-des-vosges","tag-conseil-communautaire","tag-iut-de-saint-die-des-vosges"],"acf":[],"yoast_head":"<!-- This site is optimized with the Yoast SEO plugin v22.5 - https:\/\/yoast.com\/wordpress\/plugins\/seo\/ -->\n<title>A l&#039;ordre du jour de la prochaine s\u00e9ance du Conseil Communautaire - Saint Die Info<\/title>\n<meta name=\"robots\" content=\"index, follow, max-snippet:-1, max-image-preview:large, max-video-preview:-1\" \/>\n<link rel=\"canonical\" href=\"https:\/\/vosgesinfo.fr\/saintdieinfo\/2022\/10\/a-lordre-jour-de-prochaine-seance-conseil-communautaire\/\" \/>\n<meta name=\"twitter:card\" content=\"summary_large_image\" \/>\n<meta name=\"twitter:title\" content=\"A l&#039;ordre du jour de la prochaine s\u00e9ance du Conseil Communautaire - Saint Die Info\" \/>\n<meta name=\"twitter:description\" content=\"Le Conseil Communautaire de la Communaut\u00e9 d\u2019Agglom\u00e9ration de Saint-Di\u00e9-des-Vosges se r\u00e9unira ce lundi 17 octobre, \u00e0 partir de 19h au [&hellip;]\" \/>\n<meta name=\"twitter:image\" content=\"https:\/\/vosgesinfo.fr\/app\/uploads\/sites\/4\/2019\/03\/communaute-agglomeration-logo.jpg\" \/>\n<meta name=\"twitter:creator\" content=\"@VosgesInfo88\" \/>\n<meta name=\"twitter:site\" content=\"@VosgesInfo88\" \/>\n<meta name=\"twitter:label1\" content=\"\u00c9crit par\" \/>\n\t<meta name=\"twitter:data1\" content=\"la r\u00e9daction\" \/>\n\t<meta name=\"twitter:label2\" content=\"Dur\u00e9e de lecture estim\u00e9e\" \/>\n\t<meta name=\"twitter:data2\" content=\"2 minutes\" \/>\n<script type=\"application\/ld+json\" class=\"yoast-schema-graph\">{\"@context\":\"https:\/\/schema.org\",\"@graph\":[{\"@type\":\"Article\",\"@id\":\"https:\/\/vosgesinfo.fr\/saintdieinfo\/2022\/10\/a-lordre-jour-de-prochaine-seance-conseil-communautaire\/#article\",\"isPartOf\":{\"@id\":\"https:\/\/vosgesinfo.fr\/saintdieinfo\/2022\/10\/a-lordre-jour-de-prochaine-seance-conseil-communautaire\/\"},\"author\":{\"name\":\"la r\u00e9daction\",\"@id\":\"https:\/\/vosgesinfo.fr\/saintdieinfo\/#\/schema\/person\/faee6704a21f3977511db84bd1cd450f\"},\"headline\":\"A l&rsquo;ordre du jour de la prochaine s\u00e9ance du Conseil Communautaire\",\"datePublished\":\"2022-10-13T12:39:50+00:00\",\"dateModified\":\"2022-10-13T12:39:50+00:00\",\"mainEntityOfPage\":{\"@id\":\"https:\/\/vosgesinfo.fr\/saintdieinfo\/2022\/10\/a-lordre-jour-de-prochaine-seance-conseil-communautaire\/\"},\"wordCount\":331,\"commentCount\":0,\"publisher\":{\"@id\":\"https:\/\/vosgesinfo.fr\/saintdieinfo\/#organization\"},\"image\":{\"@id\":\"https:\/\/vosgesinfo.fr\/saintdieinfo\/2022\/10\/a-lordre-jour-de-prochaine-seance-conseil-communautaire\/#primaryimage\"},\"thumbnailUrl\":\"https:\/\/vosgesinfo.fr\/app\/uploads\/sites\/4\/2019\/03\/communaute-agglomeration-logo.jpg\",\"keywords\":[\"Communaut\u00e9 d'Agglom\u00e9ration de Saint-Di\u00e9-des-Vosges\",\"Conseil Communautaire\",\"IUT de Saint-Di\u00e9-des-Vosges\"],\"articleSection\":[\"A la Une\",\"Politique\",\"Saint-Di\u00e9-des-Vosges et son Agglom\u00e9ration\"],\"inLanguage\":\"fr-FR\",\"potentialAction\":[{\"@type\":\"CommentAction\",\"name\":\"Comment\",\"target\":[\"https:\/\/vosgesinfo.fr\/saintdieinfo\/2022\/10\/a-lordre-jour-de-prochaine-seance-conseil-communautaire\/#respond\"]}]},{\"@type\":\"WebPage\",\"@id\":\"https:\/\/vosgesinfo.fr\/saintdieinfo\/2022\/10\/a-lordre-jour-de-prochaine-seance-conseil-communautaire\/\",\"url\":\"https:\/\/vosgesinfo.fr\/saintdieinfo\/2022\/10\/a-lordre-jour-de-prochaine-seance-conseil-communautaire\/\",\"name\":\"A l'ordre du jour de la prochaine s\u00e9ance du Conseil Communautaire - Saint Die Info\",\"isPartOf\":{\"@id\":\"https:\/\/vosgesinfo.fr\/saintdieinfo\/#website\"},\"primaryImageOfPage\":{\"@id\":\"https:\/\/vosgesinfo.fr\/saintdieinfo\/2022\/10\/a-lordre-jour-de-prochaine-seance-conseil-communautaire\/#primaryimage\"},\"image\":{\"@id\":\"https:\/\/vosgesinfo.fr\/saintdieinfo\/2022\/10\/a-lordre-jour-de-prochaine-seance-conseil-communautaire\/#primaryimage\"},\"thumbnailUrl\":\"https:\/\/vosgesinfo.fr\/app\/uploads\/sites\/4\/2019\/03\/communaute-agglomeration-logo.jpg\",\"datePublished\":\"2022-10-13T12:39:50+00:00\",\"dateModified\":\"2022-10-13T12:39:50+00:00\",\"breadcrumb\":{\"@id\":\"https:\/\/vosgesinfo.fr\/saintdieinfo\/2022\/10\/a-lordre-jour-de-prochaine-seance-conseil-communautaire\/#breadcrumb\"},\"inLanguage\":\"fr-FR\",\"potentialAction\":[{\"@type\":\"ReadAction\",\"target\":[\"https:\/\/vosgesinfo.fr\/saintdieinfo\/2022\/10\/a-lordre-jour-de-prochaine-seance-conseil-communautaire\/\"]}]},{\"@type\":\"ImageObject\",\"inLanguage\":\"fr-FR\",\"@id\":\"https:\/\/vosgesinfo.fr\/saintdieinfo\/2022\/10\/a-lordre-jour-de-prochaine-seance-conseil-communautaire\/#primaryimage\",\"url\":\"https:\/\/vosgesinfo.fr\/app\/uploads\/sites\/4\/2019\/03\/communaute-agglomeration-logo.jpg\",\"contentUrl\":\"https:\/\/vosgesinfo.fr\/app\/uploads\/sites\/4\/2019\/03\/communaute-agglomeration-logo.jpg\",\"width\":500,\"height\":461},{\"@type\":\"BreadcrumbList\",\"@id\":\"https:\/\/vosgesinfo.fr\/saintdieinfo\/2022\/10\/a-lordre-jour-de-prochaine-seance-conseil-communautaire\/#breadcrumb\",\"itemListElement\":[{\"@type\":\"ListItem\",\"position\":1,\"name\":\"Home\",\"item\":\"https:\/\/vosgesinfo.fr\/saintdieinfo\/\"},{\"@type\":\"ListItem\",\"position\":2,\"name\":\"A l&rsquo;ordre du jour de la prochaine s\u00e9ance du Conseil Communautaire\"}]},{\"@type\":\"WebSite\",\"@id\":\"https:\/\/vosgesinfo.fr\/saintdieinfo\/#website\",\"url\":\"https:\/\/vosgesinfo.fr\/saintdieinfo\/\",\"name\":\"Saint Die Info\",\"description\":\"Toute l&#039;actualit\u00e9 de Saint-Di\u00e9-Des-Vosges\",\"publisher\":{\"@id\":\"https:\/\/vosgesinfo.fr\/saintdieinfo\/#organization\"},\"alternateName\":\"Toute l'actualit\u00e9 de Saint-Di\u00e9-Des-Vosges\",\"potentialAction\":[{\"@type\":\"SearchAction\",\"target\":{\"@type\":\"EntryPoint\",\"urlTemplate\":\"https:\/\/vosgesinfo.fr\/saintdieinfo\/?s={search_term_string}\"},\"query-input\":\"required name=search_term_string\"}],\"inLanguage\":\"fr-FR\"},{\"@type\":\"Organization\",\"@id\":\"https:\/\/vosgesinfo.fr\/saintdieinfo\/#organization\",\"name\":\"Saint Die Info\",\"url\":\"https:\/\/vosgesinfo.fr\/saintdieinfo\/\",\"logo\":{\"@type\":\"ImageObject\",\"inLanguage\":\"fr-FR\",\"@id\":\"https:\/\/vosgesinfo.fr\/saintdieinfo\/#\/schema\/logo\/image\/\",\"url\":\"https:\/\/vosgesinfo.fr\/app\/uploads\/sites\/4\/2024\/02\/logo-sdi.jpg\",\"contentUrl\":\"https:\/\/vosgesinfo.fr\/app\/uploads\/sites\/4\/2024\/02\/logo-sdi.jpg\",\"width\":600,\"height\":600,\"caption\":\"Saint Die Info\"},\"image\":{\"@id\":\"https:\/\/vosgesinfo.fr\/saintdieinfo\/#\/schema\/logo\/image\/\"},\"sameAs\":[\"https:\/\/www.facebook.com\/Saintdieinfofr\",\"https:\/\/x.com\/VosgesInfo88\",\"https:\/\/www.youtube.com\/@vosgesinfo\"]},{\"@type\":\"Person\",\"@id\":\"https:\/\/vosgesinfo.fr\/saintdieinfo\/#\/schema\/person\/faee6704a21f3977511db84bd1cd450f\",\"name\":\"la r\u00e9daction\",\"image\":{\"@type\":\"ImageObject\",\"inLanguage\":\"fr-FR\",\"@id\":\"https:\/\/vosgesinfo.fr\/saintdieinfo\/#\/schema\/person\/image\/\",\"url\":\"https:\/\/secure.gravatar.com\/avatar\/6673d8bc6a9c17fa9a453eaa3448de834fa308c2ec9635b7aa99441a7c8d2cf6?s=96&d=mm&r=g\",\"contentUrl\":\"https:\/\/secure.gravatar.com\/avatar\/6673d8bc6a9c17fa9a453eaa3448de834fa308c2ec9635b7aa99441a7c8d2cf6?s=96&d=mm&r=g\",\"caption\":\"la r\u00e9daction\"},\"url\":\"https:\/\/vosgesinfo.fr\/saintdieinfo\/author\/redac\/\"}]}<\/script>\n<!-- \/ Yoast SEO plugin. -->","yoast_head_json":{"title":"A l'ordre du jour de la prochaine s\u00e9ance du Conseil Communautaire - Saint Die Info","robots":{"index":"index","follow":"follow","max-snippet":"max-snippet:-1","max-image-preview":"max-image-preview:large","max-video-preview":"max-video-preview:-1"},"canonical":"https:\/\/vosgesinfo.fr\/saintdieinfo\/2022\/10\/a-lordre-jour-de-prochaine-seance-conseil-communautaire\/","twitter_card":"summary_large_image","twitter_title":"A l'ordre du jour de la prochaine s\u00e9ance du Conseil Communautaire - Saint Die Info","twitter_description":"Le Conseil Communautaire de la Communaut\u00e9 d\u2019Agglom\u00e9ration de Saint-Di\u00e9-des-Vosges se r\u00e9unira ce lundi 17 octobre, \u00e0 partir de 19h au [&hellip;]","twitter_image":"https:\/\/vosgesinfo.fr\/app\/uploads\/sites\/4\/2019\/03\/communaute-agglomeration-logo.jpg","twitter_creator":"@VosgesInfo88","twitter_site":"@VosgesInfo88","twitter_misc":{"\u00c9crit par":"la r\u00e9daction","Dur\u00e9e de lecture estim\u00e9e":"2 minutes"},"schema":{"@context":"https:\/\/schema.org","@graph":[{"@type":"Article","@id":"https:\/\/vosgesinfo.fr\/saintdieinfo\/2022\/10\/a-lordre-jour-de-prochaine-seance-conseil-communautaire\/#article","isPartOf":{"@id":"https:\/\/vosgesinfo.fr\/saintdieinfo\/2022\/10\/a-lordre-jour-de-prochaine-seance-conseil-communautaire\/"},"author":{"name":"la r\u00e9daction","@id":"https:\/\/vosgesinfo.fr\/saintdieinfo\/#\/schema\/person\/faee6704a21f3977511db84bd1cd450f"},"headline":"A l&rsquo;ordre du jour de la prochaine s\u00e9ance du Conseil Communautaire","datePublished":"2022-10-13T12:39:50+00:00","dateModified":"2022-10-13T12:39:50+00:00","mainEntityOfPage":{"@id":"https:\/\/vosgesinfo.fr\/saintdieinfo\/2022\/10\/a-lordre-jour-de-prochaine-seance-conseil-communautaire\/"},"wordCount":331,"commentCount":0,"publisher":{"@id":"https:\/\/vosgesinfo.fr\/saintdieinfo\/#organization"},"image":{"@id":"https:\/\/vosgesinfo.fr\/saintdieinfo\/2022\/10\/a-lordre-jour-de-prochaine-seance-conseil-communautaire\/#primaryimage"},"thumbnailUrl":"https:\/\/vosgesinfo.fr\/app\/uploads\/sites\/4\/2019\/03\/communaute-agglomeration-logo.jpg","keywords":["Communaut\u00e9 d'Agglom\u00e9ration de Saint-Di\u00e9-des-Vosges","Conseil Communautaire","IUT de Saint-Di\u00e9-des-Vosges"],"articleSection":["A la Une","Politique","Saint-Di\u00e9-des-Vosges et son Agglom\u00e9ration"],"inLanguage":"fr-FR","potentialAction":[{"@type":"CommentAction","name":"Comment","target":["https:\/\/vosgesinfo.fr\/saintdieinfo\/2022\/10\/a-lordre-jour-de-prochaine-seance-conseil-communautaire\/#respond"]}]},{"@type":"WebPage","@id":"https:\/\/vosgesinfo.fr\/saintdieinfo\/2022\/10\/a-lordre-jour-de-prochaine-seance-conseil-communautaire\/","url":"https:\/\/vosgesinfo.fr\/saintdieinfo\/2022\/10\/a-lordre-jour-de-prochaine-seance-conseil-communautaire\/","name":"A l'ordre du jour de la prochaine s\u00e9ance du Conseil Communautaire - Saint Die Info","isPartOf":{"@id":"https:\/\/vosgesinfo.fr\/saintdieinfo\/#website"},"primaryImageOfPage":{"@id":"https:\/\/vosgesinfo.fr\/saintdieinfo\/2022\/10\/a-lordre-jour-de-prochaine-seance-conseil-communautaire\/#primaryimage"},"image":{"@id":"https:\/\/vosgesinfo.fr\/saintdieinfo\/2022\/10\/a-lordre-jour-de-prochaine-seance-conseil-communautaire\/#primaryimage"},"thumbnailUrl":"https:\/\/vosgesinfo.fr\/app\/uploads\/sites\/4\/2019\/03\/communaute-agglomeration-logo.jpg","datePublished":"2022-10-13T12:39:50+00:00","dateModified":"2022-10-13T12:39:50+00:00","breadcrumb":{"@id":"https:\/\/vosgesinfo.fr\/saintdieinfo\/2022\/10\/a-lordre-jour-de-prochaine-seance-conseil-communautaire\/#breadcrumb"},"inLanguage":"fr-FR","potentialAction":[{"@type":"ReadAction","target":["https:\/\/vosgesinfo.fr\/saintdieinfo\/2022\/10\/a-lordre-jour-de-prochaine-seance-conseil-communautaire\/"]}]},{"@type":"ImageObject","inLanguage":"fr-FR","@id":"https:\/\/vosgesinfo.fr\/saintdieinfo\/2022\/10\/a-lordre-jour-de-prochaine-seance-conseil-communautaire\/#primaryimage","url":"https:\/\/vosgesinfo.fr\/app\/uploads\/sites\/4\/2019\/03\/communaute-agglomeration-logo.jpg","contentUrl":"https:\/\/vosgesinfo.fr\/app\/uploads\/sites\/4\/2019\/03\/communaute-agglomeration-logo.jpg","width":500,"height":461},{"@type":"BreadcrumbList","@id":"https:\/\/vosgesinfo.fr\/saintdieinfo\/2022\/10\/a-lordre-jour-de-prochaine-seance-conseil-communautaire\/#breadcrumb","itemListElement":[{"@type":"ListItem","position":1,"name":"Home","item":"https:\/\/vosgesinfo.fr\/saintdieinfo\/"},{"@type":"ListItem","position":2,"name":"A l&rsquo;ordre du jour de la prochaine s\u00e9ance du Conseil Communautaire"}]},{"@type":"WebSite","@id":"https:\/\/vosgesinfo.fr\/saintdieinfo\/#website","url":"https:\/\/vosgesinfo.fr\/saintdieinfo\/","name":"Saint Die Info","description":"Toute l&#039;actualit\u00e9 de Saint-Di\u00e9-Des-Vosges","publisher":{"@id":"https:\/\/vosgesinfo.fr\/saintdieinfo\/#organization"},"alternateName":"Toute l'actualit\u00e9 de Saint-Di\u00e9-Des-Vosges","potentialAction":[{"@type":"SearchAction","target":{"@type":"EntryPoint","urlTemplate":"https:\/\/vosgesinfo.fr\/saintdieinfo\/?s={search_term_string}"},"query-input":"required name=search_term_string"}],"inLanguage":"fr-FR"},{"@type":"Organization","@id":"https:\/\/vosgesinfo.fr\/saintdieinfo\/#organization","name":"Saint Die Info","url":"https:\/\/vosgesinfo.fr\/saintdieinfo\/","logo":{"@type":"ImageObject","inLanguage":"fr-FR","@id":"https:\/\/vosgesinfo.fr\/saintdieinfo\/#\/schema\/logo\/image\/","url":"https:\/\/vosgesinfo.fr\/app\/uploads\/sites\/4\/2024\/02\/logo-sdi.jpg","contentUrl":"https:\/\/vosgesinfo.fr\/app\/uploads\/sites\/4\/2024\/02\/logo-sdi.jpg","width":600,"height":600,"caption":"Saint Die Info"},"image":{"@id":"https:\/\/vosgesinfo.fr\/saintdieinfo\/#\/schema\/logo\/image\/"},"sameAs":["https:\/\/www.facebook.com\/Saintdieinfofr","https:\/\/x.com\/VosgesInfo88","https:\/\/www.youtube.com\/@vosgesinfo"]},{"@type":"Person","@id":"https:\/\/vosgesinfo.fr\/saintdieinfo\/#\/schema\/person\/faee6704a21f3977511db84bd1cd450f","name":"la r\u00e9daction","image":{"@type":"ImageObject","inLanguage":"fr-FR","@id":"https:\/\/vosgesinfo.fr\/saintdieinfo\/#\/schema\/person\/image\/","url":"https:\/\/secure.gravatar.com\/avatar\/6673d8bc6a9c17fa9a453eaa3448de834fa308c2ec9635b7aa99441a7c8d2cf6?s=96&d=mm&r=g","contentUrl":"https:\/\/secure.gravatar.com\/avatar\/6673d8bc6a9c17fa9a453eaa3448de834fa308c2ec9635b7aa99441a7c8d2cf6?s=96&d=mm&r=g","caption":"la r\u00e9daction"},"url":"https:\/\/vosgesinfo.fr\/saintdieinfo\/author\/redac\/"}]}},"_links":{"self":[{"href":"https:\/\/vosgesinfo.fr\/saintdieinfo\/wp-json\/wp\/v2\/posts\/58565","targetHints":{"allow":["GET"]}}],"collection":[{"href":"https:\/\/vosgesinfo.fr\/saintdieinfo\/wp-json\/wp\/v2\/posts"}],"about":[{"href":"https:\/\/vosgesinfo.fr\/saintdieinfo\/wp-json\/wp\/v2\/types\/post"}],"author":[{"embeddable":true,"href":"https:\/\/vosgesinfo.fr\/saintdieinfo\/wp-json\/wp\/v2\/users\/44"}],"replies":[{"embeddable":true,"href":"https:\/\/vosgesinfo.fr\/saintdieinfo\/wp-json\/wp\/v2\/comments?post=58565"}],"version-history":[{"count":0,"href":"https:\/\/vosgesinfo.fr\/saintdieinfo\/wp-json\/wp\/v2\/posts\/58565\/revisions"}],"wp:featuredmedia":[{"embeddable":true,"href":"https:\/\/vosgesinfo.fr\/saintdieinfo\/wp-json\/wp\/v2\/media\/22680"}],"wp:attachment":[{"href":"https:\/\/vosgesinfo.fr\/saintdieinfo\/wp-json\/wp\/v2\/media?parent=58565"}],"wp:term":[{"taxonomy":"category","embeddable":true,"href":"https:\/\/vosgesinfo.fr\/saintdieinfo\/wp-json\/wp\/v2\/categories?post=58565"},{"taxonomy":"post_tag","embeddable":true,"href":"https:\/\/vosgesinfo.fr\/saintdieinfo\/wp-json\/wp\/v2\/tags?post=58565"}],"curies":[{"name":"wp","href":"https:\/\/api.w.org\/{rel}","templated":true}]}}