{"id":58574,"date":"2022-10-13T15:55:21","date_gmt":"2022-10-13T13:55:21","guid":{"rendered":"https:\/\/vosgesinfo.fr\/saintdieinfo\/2022\/10\/penurie-de-carburants-mise-place-dacces-prioritaires-certaines-stations-service-vosges\/"},"modified":"2022-10-13T15:55:21","modified_gmt":"2022-10-13T13:55:21","slug":"penurie-de-carburants-mise-place-dacces-prioritaires-certaines-stations-service-vosges","status":"publish","type":"post","link":"https:\/\/vosgesinfo.fr\/saintdieinfo\/2022\/10\/penurie-de-carburants-mise-place-dacces-prioritaires-certaines-stations-service-vosges\/","title":{"rendered":"P\u00e9nurie de carburants : mise en place d\u2019acc\u00e8s prioritaires dans certaines stations-service des Vosges"},"content":{"rendered":"<h2><span style=\"font-size: 14pt;\"><strong><span dir=\"ltr\">Un mouvement social provoque des difficult\u00e9s d\u2019approvisionnement en carburant depuis plusieurs <\/span><span dir=\"ltr\">jours.<\/span> <span dir=\"ltr\">Par<\/span> <span dir=\"ltr\">ailleurs,<\/span> <span dir=\"ltr\">la<\/span> <span dir=\"ltr\">surconsommation<\/span> <span dir=\"ltr\">de<\/span> <span dir=\"ltr\">carburant<\/span> <span dir=\"ltr\">actuellement<\/span> <span dir=\"ltr\">constat\u00e9e<\/span> <span dir=\"ltr\">est<\/span> <span dir=\"ltr\">un<\/span> <span dir=\"ltr\">facteur <\/span><span dir=\"ltr\">aggravant.<\/span> <span dir=\"ltr\">Il ne s\u2019agit pas d\u2019une situation de p\u00e9nurie, mais de difficult\u00e9s d\u2019approvisionnement.<\/span><span dir=\"ltr\"> La situation est suivie tr\u00e8s \u00e9troitement par les services de l&rsquo;\u00c9tat, en lien avec la pr\u00e9fecture de zone et <\/span><span dir=\"ltr\">le centre interminist\u00e9riel de crise.<\/span><\/strong><\/span><\/h2>\n<p><!--more--><\/p>\n<p><span dir=\"ltr\">Le pr\u00e9fet des Vosges est en \u00e9changes constants avec les distributeurs<\/span> <span dir=\"ltr\">avec comme objectif de <\/span><span dir=\"ltr\">limiter<\/span> <span dir=\"ltr\">les<\/span> <span dir=\"ltr\">tensions<\/span> <span dir=\"ltr\">actuelles<\/span> <span dir=\"ltr\">en<\/span> <span dir=\"ltr\">activant<\/span> <span dir=\"ltr\">tous<\/span> <span dir=\"ltr\">les<\/span> <span dir=\"ltr\">leviers<\/span> <span dir=\"ltr\">mobilisables<\/span> <span dir=\"ltr\">pour<\/span> <span dir=\"ltr\">permettre<\/span> <span dir=\"ltr\">aux <\/span><span dir=\"ltr\">professionnels de la s\u00e9curit\u00e9 et de la sant\u00e9 d\u2019assurer leurs missions.<\/span><span dir=\"ltr\"> Une vingtaine de stations-service<\/span><span dir=\"ltr\">, r\u00e9parties sur le territoire d\u00e9partemental, mettront en place<\/span> <span dir=\"ltr\">un<\/span><span dir=\"ltr\"> acc\u00e8s prioritaire aux professionnels de la s\u00e9curit\u00e9 et de la sant\u00e9<\/span><span dir=\"ltr\">, \u00e0 compter du vendredi 14 octobre<\/span><span dir=\"ltr\"> 2022.<\/span><\/p>\n<p><span dir=\"ltr\">Le pr\u00e9fet des Vosges en appelle \u00e9galement au civisme de chacun. Il est observ\u00e9 encore trop<\/span><span dir=\"ltr\"> d\u2019automobilistes qui se rendent en station pour s\u2019approvisionner en petites quantit\u00e9s aggravant<\/span> <span dir=\"ltr\">se<\/span><span dir=\"ltr\"> faisant les temps d\u2019attente.<\/span><span dir=\"ltr\"> Il<\/span> <span dir=\"ltr\">rappelle<\/span> <span dir=\"ltr\">qu\u2019afin<\/span> <span dir=\"ltr\">d<\/span><span dir=\"ltr\">e<\/span> <span dir=\"ltr\">limiter<\/span> <span dir=\"ltr\">ces<\/span> <span dir=\"ltr\">ph\u00e9nom\u00e8nes<\/span> <span dir=\"ltr\">d&rsquo;achats<\/span> <span dir=\"ltr\">pr\u00e9ventifs,<\/span> <span dir=\"ltr\">pr\u00e9judiciables<\/span> <span dir=\"ltr\">au<\/span> <span dir=\"ltr\">bon<\/span><span dir=\"ltr\"> fonctionnement des stations services,<\/span> <span dir=\"ltr\">que<\/span> <span dir=\"ltr\">la vente et l&rsquo;achat de carburant dans tout r\u00e9cipient de<\/span><span dir=\"ltr\"> type<\/span> <span dir=\"ltr\">jerrican<\/span> <span dir=\"ltr\">ou<\/span> <span dir=\"ltr\">bidon<\/span> <span dir=\"ltr\">est<\/span> <span dir=\"ltr\">interdite<\/span> <span dir=\"ltr\">jusqu\u2019\u00e0<\/span> <span dir=\"ltr\">vendredi<\/span> <span dir=\"ltr\">14<\/span> <span dir=\"ltr\">octobre<\/span> <span dir=\"ltr\">\u00e0<\/span> <span dir=\"ltr\">minuit,<\/span> <span dir=\"ltr\">sauf<\/span> <span dir=\"ltr\">pour<\/span> <span dir=\"ltr\">usage <\/span><span dir=\"ltr\">professionnel d\u00fbment justifi\u00e9.<\/span><\/p>\n<p><span dir=\"ltr\">Le pr\u00e9fet des Vosges<\/span> <span dir=\"ltr\">invite chacun \u00e0<\/span> <span dir=\"ltr\">un comportement citoyen pour<\/span> <span dir=\"ltr\">r\u00e9pondre au mieux aux<\/span><span dir=\"ltr\"> besoins de tous dans le contexte actuel.<\/span><\/p>\n","protected":false},"excerpt":{"rendered":"<p>Un mouvement social provoque des difficult\u00e9s d\u2019approvisionnement en carburant depuis plusieurs jours. Par ailleurs, la surconsommation de carburant actuellement constat\u00e9e [&hellip;]<\/p>\n","protected":false},"author":44,"featured_media":58575,"comment_status":"open","ping_status":"open","sticky":false,"template":"","format":"standard","meta":{"footnotes":""},"categories":[460,13,18],"tags":[12799,12800,6044,7842],"class_list":["post-58574","post","type-post","status-publish","format-standard","has-post-thumbnail","hentry","category-a-la-une","category-societe","category-vosges","tag-mise-en-place-dacces-prioritaires-dans-certaines-stations-service-des-vosges","tag-penurie-de-carburants","tag-prefet-des-vosges","tag-yves-seguy"],"acf":[],"yoast_head":"<!-- This site is optimized with the Yoast SEO plugin v22.5 - https:\/\/yoast.com\/wordpress\/plugins\/seo\/ -->\n<title>P\u00e9nurie de carburants : mise en place d\u2019acc\u00e8s prioritaires dans certaines stations-service des Vosges - Saint Die Info<\/title>\n<meta name=\"robots\" content=\"index, follow, max-snippet:-1, max-image-preview:large, max-video-preview:-1\" \/>\n<link rel=\"canonical\" href=\"https:\/\/vosgesinfo.fr\/saintdieinfo\/2022\/10\/penurie-de-carburants-mise-place-dacces-prioritaires-certaines-stations-service-vosges\/\" \/>\n<meta name=\"twitter:card\" content=\"summary_large_image\" \/>\n<meta name=\"twitter:title\" content=\"P\u00e9nurie de carburants : mise en place d\u2019acc\u00e8s prioritaires dans certaines stations-service des Vosges - Saint Die Info\" \/>\n<meta name=\"twitter:description\" content=\"Un mouvement social provoque des difficult\u00e9s d\u2019approvisionnement en carburant depuis plusieurs jours. Par ailleurs, la surconsommation de carburant actuellement constat\u00e9e [&hellip;]\" \/>\n<meta name=\"twitter:image\" content=\"https:\/\/vosgesinfo.fr\/app\/uploads\/sites\/4\/2024\/08\/202203essence-station-2.jpg\" \/>\n<meta name=\"twitter:creator\" content=\"@VosgesInfo88\" \/>\n<meta name=\"twitter:site\" content=\"@VosgesInfo88\" \/>\n<meta name=\"twitter:label1\" content=\"\u00c9crit par\" \/>\n\t<meta name=\"twitter:data1\" content=\"la r\u00e9daction\" \/>\n\t<meta name=\"twitter:label2\" content=\"Dur\u00e9e de lecture estim\u00e9e\" \/>\n\t<meta name=\"twitter:data2\" content=\"1 minute\" \/>\n<script type=\"application\/ld+json\" class=\"yoast-schema-graph\">{\"@context\":\"https:\/\/schema.org\",\"@graph\":[{\"@type\":\"Article\",\"@id\":\"https:\/\/vosgesinfo.fr\/saintdieinfo\/2022\/10\/penurie-de-carburants-mise-place-dacces-prioritaires-certaines-stations-service-vosges\/#article\",\"isPartOf\":{\"@id\":\"https:\/\/vosgesinfo.fr\/saintdieinfo\/2022\/10\/penurie-de-carburants-mise-place-dacces-prioritaires-certaines-stations-service-vosges\/\"},\"author\":{\"name\":\"la r\u00e9daction\",\"@id\":\"https:\/\/vosgesinfo.fr\/saintdieinfo\/#\/schema\/person\/faee6704a21f3977511db84bd1cd450f\"},\"headline\":\"P\u00e9nurie de carburants : mise en place d\u2019acc\u00e8s prioritaires dans certaines stations-service des Vosges\",\"datePublished\":\"2022-10-13T13:55:21+00:00\",\"dateModified\":\"2022-10-13T13:55:21+00:00\",\"mainEntityOfPage\":{\"@id\":\"https:\/\/vosgesinfo.fr\/saintdieinfo\/2022\/10\/penurie-de-carburants-mise-place-dacces-prioritaires-certaines-stations-service-vosges\/\"},\"wordCount\":276,\"commentCount\":0,\"publisher\":{\"@id\":\"https:\/\/vosgesinfo.fr\/saintdieinfo\/#organization\"},\"image\":{\"@id\":\"https:\/\/vosgesinfo.fr\/saintdieinfo\/2022\/10\/penurie-de-carburants-mise-place-dacces-prioritaires-certaines-stations-service-vosges\/#primaryimage\"},\"thumbnailUrl\":\"https:\/\/vosgesinfo.fr\/app\/uploads\/sites\/4\/2024\/08\/202203essence-station-2.jpg\",\"keywords\":[\"Mise en place d\u2019acc\u00e8s prioritaires dans certaines stations-service des Vosges\",\"P\u00e9nurie de carburants\",\"Pr\u00e9fet des Vosges\",\"Yves Seguy\"],\"articleSection\":[\"A la Une\",\"Soci\u00e9t\u00e9\",\"Vosges\"],\"inLanguage\":\"fr-FR\",\"potentialAction\":[{\"@type\":\"CommentAction\",\"name\":\"Comment\",\"target\":[\"https:\/\/vosgesinfo.fr\/saintdieinfo\/2022\/10\/penurie-de-carburants-mise-place-dacces-prioritaires-certaines-stations-service-vosges\/#respond\"]}]},{\"@type\":\"WebPage\",\"@id\":\"https:\/\/vosgesinfo.fr\/saintdieinfo\/2022\/10\/penurie-de-carburants-mise-place-dacces-prioritaires-certaines-stations-service-vosges\/\",\"url\":\"https:\/\/vosgesinfo.fr\/saintdieinfo\/2022\/10\/penurie-de-carburants-mise-place-dacces-prioritaires-certaines-stations-service-vosges\/\",\"name\":\"P\u00e9nurie de carburants : mise en place d\u2019acc\u00e8s prioritaires dans certaines stations-service des Vosges - Saint Die Info\",\"isPartOf\":{\"@id\":\"https:\/\/vosgesinfo.fr\/saintdieinfo\/#website\"},\"primaryImageOfPage\":{\"@id\":\"https:\/\/vosgesinfo.fr\/saintdieinfo\/2022\/10\/penurie-de-carburants-mise-place-dacces-prioritaires-certaines-stations-service-vosges\/#primaryimage\"},\"image\":{\"@id\":\"https:\/\/vosgesinfo.fr\/saintdieinfo\/2022\/10\/penurie-de-carburants-mise-place-dacces-prioritaires-certaines-stations-service-vosges\/#primaryimage\"},\"thumbnailUrl\":\"https:\/\/vosgesinfo.fr\/app\/uploads\/sites\/4\/2024\/08\/202203essence-station-2.jpg\",\"datePublished\":\"2022-10-13T13:55:21+00:00\",\"dateModified\":\"2022-10-13T13:55:21+00:00\",\"breadcrumb\":{\"@id\":\"https:\/\/vosgesinfo.fr\/saintdieinfo\/2022\/10\/penurie-de-carburants-mise-place-dacces-prioritaires-certaines-stations-service-vosges\/#breadcrumb\"},\"inLanguage\":\"fr-FR\",\"potentialAction\":[{\"@type\":\"ReadAction\",\"target\":[\"https:\/\/vosgesinfo.fr\/saintdieinfo\/2022\/10\/penurie-de-carburants-mise-place-dacces-prioritaires-certaines-stations-service-vosges\/\"]}]},{\"@type\":\"ImageObject\",\"inLanguage\":\"fr-FR\",\"@id\":\"https:\/\/vosgesinfo.fr\/saintdieinfo\/2022\/10\/penurie-de-carburants-mise-place-dacces-prioritaires-certaines-stations-service-vosges\/#primaryimage\",\"url\":\"https:\/\/vosgesinfo.fr\/app\/uploads\/sites\/4\/2024\/08\/202203essence-station-2.jpg\",\"contentUrl\":\"https:\/\/vosgesinfo.fr\/app\/uploads\/sites\/4\/2024\/08\/202203essence-station-2.jpg\",\"width\":960,\"height\":638},{\"@type\":\"BreadcrumbList\",\"@id\":\"https:\/\/vosgesinfo.fr\/saintdieinfo\/2022\/10\/penurie-de-carburants-mise-place-dacces-prioritaires-certaines-stations-service-vosges\/#breadcrumb\",\"itemListElement\":[{\"@type\":\"ListItem\",\"position\":1,\"name\":\"Home\",\"item\":\"https:\/\/vosgesinfo.fr\/saintdieinfo\/\"},{\"@type\":\"ListItem\",\"position\":2,\"name\":\"P\u00e9nurie de carburants : mise en place d\u2019acc\u00e8s prioritaires dans certaines stations-service des Vosges\"}]},{\"@type\":\"WebSite\",\"@id\":\"https:\/\/vosgesinfo.fr\/saintdieinfo\/#website\",\"url\":\"https:\/\/vosgesinfo.fr\/saintdieinfo\/\",\"name\":\"Saint Die Info\",\"description\":\"Toute l&#039;actualit\u00e9 de Saint-Di\u00e9-Des-Vosges\",\"publisher\":{\"@id\":\"https:\/\/vosgesinfo.fr\/saintdieinfo\/#organization\"},\"alternateName\":\"Toute l'actualit\u00e9 de Saint-Di\u00e9-Des-Vosges\",\"potentialAction\":[{\"@type\":\"SearchAction\",\"target\":{\"@type\":\"EntryPoint\",\"urlTemplate\":\"https:\/\/vosgesinfo.fr\/saintdieinfo\/?s={search_term_string}\"},\"query-input\":\"required name=search_term_string\"}],\"inLanguage\":\"fr-FR\"},{\"@type\":\"Organization\",\"@id\":\"https:\/\/vosgesinfo.fr\/saintdieinfo\/#organization\",\"name\":\"Saint Die Info\",\"url\":\"https:\/\/vosgesinfo.fr\/saintdieinfo\/\",\"logo\":{\"@type\":\"ImageObject\",\"inLanguage\":\"fr-FR\",\"@id\":\"https:\/\/vosgesinfo.fr\/saintdieinfo\/#\/schema\/logo\/image\/\",\"url\":\"https:\/\/vosgesinfo.fr\/app\/uploads\/sites\/4\/2024\/02\/logo-sdi.jpg\",\"contentUrl\":\"https:\/\/vosgesinfo.fr\/app\/uploads\/sites\/4\/2024\/02\/logo-sdi.jpg\",\"width\":600,\"height\":600,\"caption\":\"Saint Die Info\"},\"image\":{\"@id\":\"https:\/\/vosgesinfo.fr\/saintdieinfo\/#\/schema\/logo\/image\/\"},\"sameAs\":[\"https:\/\/www.facebook.com\/Saintdieinfofr\",\"https:\/\/x.com\/VosgesInfo88\",\"https:\/\/www.youtube.com\/@vosgesinfo\"]},{\"@type\":\"Person\",\"@id\":\"https:\/\/vosgesinfo.fr\/saintdieinfo\/#\/schema\/person\/faee6704a21f3977511db84bd1cd450f\",\"name\":\"la r\u00e9daction\",\"image\":{\"@type\":\"ImageObject\",\"inLanguage\":\"fr-FR\",\"@id\":\"https:\/\/vosgesinfo.fr\/saintdieinfo\/#\/schema\/person\/image\/\",\"url\":\"https:\/\/secure.gravatar.com\/avatar\/6673d8bc6a9c17fa9a453eaa3448de834fa308c2ec9635b7aa99441a7c8d2cf6?s=96&d=mm&r=g\",\"contentUrl\":\"https:\/\/secure.gravatar.com\/avatar\/6673d8bc6a9c17fa9a453eaa3448de834fa308c2ec9635b7aa99441a7c8d2cf6?s=96&d=mm&r=g\",\"caption\":\"la r\u00e9daction\"},\"url\":\"https:\/\/vosgesinfo.fr\/saintdieinfo\/author\/redac\/\"}]}<\/script>\n<!-- \/ Yoast SEO plugin. -->","yoast_head_json":{"title":"P\u00e9nurie de carburants : mise en place d\u2019acc\u00e8s prioritaires dans certaines stations-service des Vosges - Saint Die Info","robots":{"index":"index","follow":"follow","max-snippet":"max-snippet:-1","max-image-preview":"max-image-preview:large","max-video-preview":"max-video-preview:-1"},"canonical":"https:\/\/vosgesinfo.fr\/saintdieinfo\/2022\/10\/penurie-de-carburants-mise-place-dacces-prioritaires-certaines-stations-service-vosges\/","twitter_card":"summary_large_image","twitter_title":"P\u00e9nurie de carburants : mise en place d\u2019acc\u00e8s prioritaires dans certaines stations-service des Vosges - Saint Die Info","twitter_description":"Un mouvement social provoque des difficult\u00e9s d\u2019approvisionnement en carburant depuis plusieurs jours. Par ailleurs, la surconsommation de carburant actuellement constat\u00e9e [&hellip;]","twitter_image":"https:\/\/vosgesinfo.fr\/app\/uploads\/sites\/4\/2024\/08\/202203essence-station-2.jpg","twitter_creator":"@VosgesInfo88","twitter_site":"@VosgesInfo88","twitter_misc":{"\u00c9crit par":"la r\u00e9daction","Dur\u00e9e de lecture estim\u00e9e":"1 minute"},"schema":{"@context":"https:\/\/schema.org","@graph":[{"@type":"Article","@id":"https:\/\/vosgesinfo.fr\/saintdieinfo\/2022\/10\/penurie-de-carburants-mise-place-dacces-prioritaires-certaines-stations-service-vosges\/#article","isPartOf":{"@id":"https:\/\/vosgesinfo.fr\/saintdieinfo\/2022\/10\/penurie-de-carburants-mise-place-dacces-prioritaires-certaines-stations-service-vosges\/"},"author":{"name":"la r\u00e9daction","@id":"https:\/\/vosgesinfo.fr\/saintdieinfo\/#\/schema\/person\/faee6704a21f3977511db84bd1cd450f"},"headline":"P\u00e9nurie de carburants : mise en place d\u2019acc\u00e8s prioritaires dans certaines stations-service des Vosges","datePublished":"2022-10-13T13:55:21+00:00","dateModified":"2022-10-13T13:55:21+00:00","mainEntityOfPage":{"@id":"https:\/\/vosgesinfo.fr\/saintdieinfo\/2022\/10\/penurie-de-carburants-mise-place-dacces-prioritaires-certaines-stations-service-vosges\/"},"wordCount":276,"commentCount":0,"publisher":{"@id":"https:\/\/vosgesinfo.fr\/saintdieinfo\/#organization"},"image":{"@id":"https:\/\/vosgesinfo.fr\/saintdieinfo\/2022\/10\/penurie-de-carburants-mise-place-dacces-prioritaires-certaines-stations-service-vosges\/#primaryimage"},"thumbnailUrl":"https:\/\/vosgesinfo.fr\/app\/uploads\/sites\/4\/2024\/08\/202203essence-station-2.jpg","keywords":["Mise en place d\u2019acc\u00e8s prioritaires dans certaines stations-service des Vosges","P\u00e9nurie de carburants","Pr\u00e9fet des Vosges","Yves Seguy"],"articleSection":["A la Une","Soci\u00e9t\u00e9","Vosges"],"inLanguage":"fr-FR","potentialAction":[{"@type":"CommentAction","name":"Comment","target":["https:\/\/vosgesinfo.fr\/saintdieinfo\/2022\/10\/penurie-de-carburants-mise-place-dacces-prioritaires-certaines-stations-service-vosges\/#respond"]}]},{"@type":"WebPage","@id":"https:\/\/vosgesinfo.fr\/saintdieinfo\/2022\/10\/penurie-de-carburants-mise-place-dacces-prioritaires-certaines-stations-service-vosges\/","url":"https:\/\/vosgesinfo.fr\/saintdieinfo\/2022\/10\/penurie-de-carburants-mise-place-dacces-prioritaires-certaines-stations-service-vosges\/","name":"P\u00e9nurie de carburants : mise en place d\u2019acc\u00e8s prioritaires dans certaines stations-service des Vosges - Saint Die Info","isPartOf":{"@id":"https:\/\/vosgesinfo.fr\/saintdieinfo\/#website"},"primaryImageOfPage":{"@id":"https:\/\/vosgesinfo.fr\/saintdieinfo\/2022\/10\/penurie-de-carburants-mise-place-dacces-prioritaires-certaines-stations-service-vosges\/#primaryimage"},"image":{"@id":"https:\/\/vosgesinfo.fr\/saintdieinfo\/2022\/10\/penurie-de-carburants-mise-place-dacces-prioritaires-certaines-stations-service-vosges\/#primaryimage"},"thumbnailUrl":"https:\/\/vosgesinfo.fr\/app\/uploads\/sites\/4\/2024\/08\/202203essence-station-2.jpg","datePublished":"2022-10-13T13:55:21+00:00","dateModified":"2022-10-13T13:55:21+00:00","breadcrumb":{"@id":"https:\/\/vosgesinfo.fr\/saintdieinfo\/2022\/10\/penurie-de-carburants-mise-place-dacces-prioritaires-certaines-stations-service-vosges\/#breadcrumb"},"inLanguage":"fr-FR","potentialAction":[{"@type":"ReadAction","target":["https:\/\/vosgesinfo.fr\/saintdieinfo\/2022\/10\/penurie-de-carburants-mise-place-dacces-prioritaires-certaines-stations-service-vosges\/"]}]},{"@type":"ImageObject","inLanguage":"fr-FR","@id":"https:\/\/vosgesinfo.fr\/saintdieinfo\/2022\/10\/penurie-de-carburants-mise-place-dacces-prioritaires-certaines-stations-service-vosges\/#primaryimage","url":"https:\/\/vosgesinfo.fr\/app\/uploads\/sites\/4\/2024\/08\/202203essence-station-2.jpg","contentUrl":"https:\/\/vosgesinfo.fr\/app\/uploads\/sites\/4\/2024\/08\/202203essence-station-2.jpg","width":960,"height":638},{"@type":"BreadcrumbList","@id":"https:\/\/vosgesinfo.fr\/saintdieinfo\/2022\/10\/penurie-de-carburants-mise-place-dacces-prioritaires-certaines-stations-service-vosges\/#breadcrumb","itemListElement":[{"@type":"ListItem","position":1,"name":"Home","item":"https:\/\/vosgesinfo.fr\/saintdieinfo\/"},{"@type":"ListItem","position":2,"name":"P\u00e9nurie de carburants : mise en place d\u2019acc\u00e8s prioritaires dans certaines stations-service des Vosges"}]},{"@type":"WebSite","@id":"https:\/\/vosgesinfo.fr\/saintdieinfo\/#website","url":"https:\/\/vosgesinfo.fr\/saintdieinfo\/","name":"Saint Die Info","description":"Toute l&#039;actualit\u00e9 de Saint-Di\u00e9-Des-Vosges","publisher":{"@id":"https:\/\/vosgesinfo.fr\/saintdieinfo\/#organization"},"alternateName":"Toute l'actualit\u00e9 de Saint-Di\u00e9-Des-Vosges","potentialAction":[{"@type":"SearchAction","target":{"@type":"EntryPoint","urlTemplate":"https:\/\/vosgesinfo.fr\/saintdieinfo\/?s={search_term_string}"},"query-input":"required name=search_term_string"}],"inLanguage":"fr-FR"},{"@type":"Organization","@id":"https:\/\/vosgesinfo.fr\/saintdieinfo\/#organization","name":"Saint Die Info","url":"https:\/\/vosgesinfo.fr\/saintdieinfo\/","logo":{"@type":"ImageObject","inLanguage":"fr-FR","@id":"https:\/\/vosgesinfo.fr\/saintdieinfo\/#\/schema\/logo\/image\/","url":"https:\/\/vosgesinfo.fr\/app\/uploads\/sites\/4\/2024\/02\/logo-sdi.jpg","contentUrl":"https:\/\/vosgesinfo.fr\/app\/uploads\/sites\/4\/2024\/02\/logo-sdi.jpg","width":600,"height":600,"caption":"Saint Die Info"},"image":{"@id":"https:\/\/vosgesinfo.fr\/saintdieinfo\/#\/schema\/logo\/image\/"},"sameAs":["https:\/\/www.facebook.com\/Saintdieinfofr","https:\/\/x.com\/VosgesInfo88","https:\/\/www.youtube.com\/@vosgesinfo"]},{"@type":"Person","@id":"https:\/\/vosgesinfo.fr\/saintdieinfo\/#\/schema\/person\/faee6704a21f3977511db84bd1cd450f","name":"la r\u00e9daction","image":{"@type":"ImageObject","inLanguage":"fr-FR","@id":"https:\/\/vosgesinfo.fr\/saintdieinfo\/#\/schema\/person\/image\/","url":"https:\/\/secure.gravatar.com\/avatar\/6673d8bc6a9c17fa9a453eaa3448de834fa308c2ec9635b7aa99441a7c8d2cf6?s=96&d=mm&r=g","contentUrl":"https:\/\/secure.gravatar.com\/avatar\/6673d8bc6a9c17fa9a453eaa3448de834fa308c2ec9635b7aa99441a7c8d2cf6?s=96&d=mm&r=g","caption":"la r\u00e9daction"},"url":"https:\/\/vosgesinfo.fr\/saintdieinfo\/author\/redac\/"}]}},"_links":{"self":[{"href":"https:\/\/vosgesinfo.fr\/saintdieinfo\/wp-json\/wp\/v2\/posts\/58574","targetHints":{"allow":["GET"]}}],"collection":[{"href":"https:\/\/vosgesinfo.fr\/saintdieinfo\/wp-json\/wp\/v2\/posts"}],"about":[{"href":"https:\/\/vosgesinfo.fr\/saintdieinfo\/wp-json\/wp\/v2\/types\/post"}],"author":[{"embeddable":true,"href":"https:\/\/vosgesinfo.fr\/saintdieinfo\/wp-json\/wp\/v2\/users\/44"}],"replies":[{"embeddable":true,"href":"https:\/\/vosgesinfo.fr\/saintdieinfo\/wp-json\/wp\/v2\/comments?post=58574"}],"version-history":[{"count":0,"href":"https:\/\/vosgesinfo.fr\/saintdieinfo\/wp-json\/wp\/v2\/posts\/58574\/revisions"}],"wp:featuredmedia":[{"embeddable":true,"href":"https:\/\/vosgesinfo.fr\/saintdieinfo\/wp-json\/wp\/v2\/media\/58575"}],"wp:attachment":[{"href":"https:\/\/vosgesinfo.fr\/saintdieinfo\/wp-json\/wp\/v2\/media?parent=58574"}],"wp:term":[{"taxonomy":"category","embeddable":true,"href":"https:\/\/vosgesinfo.fr\/saintdieinfo\/wp-json\/wp\/v2\/categories?post=58574"},{"taxonomy":"post_tag","embeddable":true,"href":"https:\/\/vosgesinfo.fr\/saintdieinfo\/wp-json\/wp\/v2\/tags?post=58574"}],"curies":[{"name":"wp","href":"https:\/\/api.w.org\/{rel}","templated":true}]}}