{"id":58580,"date":"2022-10-13T16:54:43","date_gmt":"2022-10-13T14:54:43","guid":{"rendered":"https:\/\/vosgesinfo.fr\/saintdieinfo\/2022\/10\/4-millions-de-supplementaires-programme-action-coeur-de-ville-de-saint-die-vosges\/"},"modified":"2022-10-13T16:54:43","modified_gmt":"2022-10-13T14:54:43","slug":"4-millions-de-supplementaires-programme-action-coeur-de-ville-de-saint-die-vosges","status":"publish","type":"post","link":"https:\/\/vosgesinfo.fr\/saintdieinfo\/2022\/10\/4-millions-de-supplementaires-programme-action-coeur-de-ville-de-saint-die-vosges\/","title":{"rendered":"4 millions d&rsquo;\u20ac suppl\u00e9mentaires pour le programme Action Coeur de Ville de Saint-Di\u00e9-des-Vosges"},"content":{"rendered":"<p><a href=\"\/2022\/10\/Signature_Convention_Action_Logement-4.jpg\" target=\"_blank\" rel=\"noopener\"><img decoding=\"async\" class=\"aligncenter wp-image-191107 size-large\" src=\"\/2022\/10\/Signature_Convention_Action_Logement-4-1024x771.jpg\" alt=\"Signature_Convention_Action_Logement (4)\" width=\"960\" height=\"723\" \/><\/a><\/p>\n<h2><strong><span style=\"font-size: 14pt;\">Le programme Action Coeur de Ville vise \u00e0 redynamiser 222 villes moyennes fran\u00e7aises, parmi lesquelles Saint-Di\u00e9-des-Vosges. C&rsquo;est d&rsquo;ailleurs dans la cit\u00e9 d\u00e9odatienne que ce programme national avait \u00e9t\u00e9 symboliquement lanc\u00e9 par le pr\u00e9sident de la R\u00e9publique Emmanuel Macron. D&rsquo;une dur\u00e9e initiale de 5 ans \u2013 de 2017 \u00e0 2022 \u2013 le programme Action Coeur de Ville a \u00e9t\u00e9 prolong\u00e9 jusqu&rsquo;en 2026.<\/span><\/strong><\/h2>\n<p><!--more--><\/p>\n<p>Ce jeudi matin, un avenant \u00e0 la convention immobili\u00e8re du programme Action Coeur de Ville de Saint-Di\u00e9-des-Vosges a \u00e9t\u00e9 sign\u00e9 au Grand Salon de l&rsquo;H\u00f4tel de Ville, par le maire Bruno Toussaint, le pr\u00e9sident de la Communaut\u00e9 d&rsquo;Agglom\u00e9ration Claude George, la vice-pr\u00e9sidente du CRAL Action Logement Services Grand Est Ghislaine Stephann et la directrice r\u00e9gionale d&rsquo;Action Logement Grand Est Caroline Perriot.<\/p>\n<p>Concr\u00e8tement, l&rsquo;avenant \u00e0 la convention financi\u00e8re sign\u00e9 ce matin se traduit par un concours financier d&rsquo;Action Logement \u00e0 hauteur de 3 982 677\u20ac pour financer des projets s&rsquo;inscrivant dans le cadre du programme Action Coeur de Ville de Saint-Di\u00e9-des-Vosges. Sur cette somme, 3 040 000\u20ac sont d\u00e9j\u00e0 engag\u00e9s. La contrepartie de ces financements est que les logements ainsi r\u00e9nov\u00e9s et remis en location devront b\u00e9n\u00e9ficier \u00e0 des salari\u00e9s, afin de renforcer le lien emploi-logement.<\/p>\n<p>\u00ab\u00a0L&rsquo;objectif est de renforcer l&rsquo;attractivit\u00e9 de notre ville, notamment en r\u00e9duisant le taux de vacance dans l&rsquo;hyper-centre. Le bilan est d\u00e9j\u00e0 tr\u00e8s positif \u00e0 Saint-Di\u00e9-des-Vosges. C&rsquo;est un succ\u00e8s ind\u00e9niable, avec plus de 115 dossiers d\u00e9pos\u00e9s et 280 logements r\u00e9nov\u00e9s\u00a0\u00bb a d\u00e9clar\u00e9 le maire Bruno Toussaint, quelques instants avant de parapher l&rsquo;avenant.<\/p>\n<p>5 op\u00e9rations, d\u00e9j\u00e0 financ\u00e9es ou en cours d&rsquo;\u00e9tude financement, ont ensuite \u00e9t\u00e9 pr\u00e9sent\u00e9es directement sur les lieux. On citera par exemple l&rsquo;op\u00e9ration d&rsquo;acquisition-am\u00e9lioration d&rsquo;un immeuble de 2 \u00e9tages, situ\u00e9 au 3 rue d&rsquo;Alsace, compos\u00e9 de 12 logements collectifs et de 2 cellules commerciales, dont la r\u00e9novation s&rsquo;est achev\u00e9 courant 2022 avec des logements maintenant occup\u00e9s.<\/p>\n<p>La convention immobili\u00e8re du programme Action Coeur de Ville permet d&rsquo;accompagner financi\u00e8rement les propri\u00e9taires, occupants ou bailleurs, dans leurs projets de r\u00e9novation. Pour se renseigner sur ce dispositif, la maison du projet Action Coeur de Ville accueille le public chaque lundi et jeudi, de 13h30 \u00e0 16h30, ainsi que le mardi et vendredi de 8h30 \u00e0 12h30. Il est \u00e9galement possible de prendre rendez-vous, via l&rsquo;adresse \u00e9lectronique <a href=\"mailto:coeurdeville@ville-saintdie.fr\" target=\"_blank\" rel=\"noopener\">coeurdeville@ville-saintdie.fr<\/a>.<\/p>\n<p>J.J.<\/p>\n\n<div id=\"attachment_191147\" style=\"width: 970px\" class=\"wp-caption aligncenter\"><a href=\"\/2022\/10\/Signature_Convention_Action_Logement-5.jpg\" target=\"_blank\" rel=\"noopener\"><img decoding=\"async\" aria-describedby=\"caption-attachment-191147\" class=\"wp-image-191147 size-large\" src=\"\/2022\/10\/Signature_Convention_Action_Logement-5-1024x771.jpg\" alt=\"Signature_Convention_Action_Logement (5)\" width=\"960\" height=\"723\" \/><\/a><p id=\"caption-attachment-191147\" class=\"wp-caption-text\">La maison du 25, rue des Trois Villes a b\u00e9n\u00e9fici\u00e9 du volet immobilier du programme Action Coeur de Ville.<\/p><\/div>\n","protected":false},"excerpt":{"rendered":"<p>Le programme Action Coeur de Ville vise \u00e0 redynamiser 222 villes moyennes fran\u00e7aises, parmi lesquelles Saint-Di\u00e9-des-Vosges. C&rsquo;est d&rsquo;ailleurs dans la [&hellip;]<\/p>\n","protected":false},"author":44,"featured_media":58581,"comment_status":"open","ping_status":"open","sticky":false,"template":"","format":"standard","meta":{"footnotes":""},"categories":[460,2915],"tags":[2725,12802,12803,3318,12804,9598],"class_list":["post-58580","post","type-post","status-publish","format-standard","has-post-thumbnail","hentry","category-a-la-une","category-saint-die-son-canton","tag-action-coeur-de-ville","tag-action-logement","tag-avenant-a-la-convention-immobiliere-du-programme-action-coeur-de-ville","tag-grand-salon-de-lhotel-de-ville","tag-programme-action-coeur-de-ville-de-saint-die-des-vosges","tag-redynamisation-du-centre-ville-de-saint-die-des-vosges"],"acf":[],"yoast_head":"<!-- This site is optimized with the Yoast SEO plugin v22.5 - https:\/\/yoast.com\/wordpress\/plugins\/seo\/ -->\n<title>4 millions d&#039;\u20ac suppl\u00e9mentaires pour le programme Action Coeur de Ville de Saint-Di\u00e9-des-Vosges - Saint Die Info<\/title>\n<meta name=\"robots\" content=\"index, follow, max-snippet:-1, max-image-preview:large, max-video-preview:-1\" \/>\n<link rel=\"canonical\" href=\"https:\/\/vosgesinfo.fr\/saintdieinfo\/2022\/10\/4-millions-de-supplementaires-programme-action-coeur-de-ville-de-saint-die-vosges\/\" \/>\n<meta name=\"twitter:card\" content=\"summary_large_image\" \/>\n<meta name=\"twitter:title\" content=\"4 millions d&#039;\u20ac suppl\u00e9mentaires pour le programme Action Coeur de Ville de Saint-Di\u00e9-des-Vosges - Saint Die Info\" \/>\n<meta name=\"twitter:description\" content=\"Le programme Action Coeur de Ville vise \u00e0 redynamiser 222 villes moyennes fran\u00e7aises, parmi lesquelles Saint-Di\u00e9-des-Vosges. C&rsquo;est d&rsquo;ailleurs dans la [&hellip;]\" \/>\n<meta name=\"twitter:image\" content=\"https:\/\/vosgesinfo.fr\/app\/uploads\/sites\/4\/2024\/08\/202210signature-convention-action-logement-4-1.jpg\" \/>\n<meta name=\"twitter:creator\" content=\"@VosgesInfo88\" \/>\n<meta name=\"twitter:site\" content=\"@VosgesInfo88\" \/>\n<meta name=\"twitter:label1\" content=\"\u00c9crit par\" \/>\n\t<meta name=\"twitter:data1\" content=\"la r\u00e9daction\" \/>\n\t<meta name=\"twitter:label2\" content=\"Dur\u00e9e de lecture estim\u00e9e\" \/>\n\t<meta name=\"twitter:data2\" content=\"2 minutes\" \/>\n<script type=\"application\/ld+json\" class=\"yoast-schema-graph\">{\"@context\":\"https:\/\/schema.org\",\"@graph\":[{\"@type\":\"Article\",\"@id\":\"https:\/\/vosgesinfo.fr\/saintdieinfo\/2022\/10\/4-millions-de-supplementaires-programme-action-coeur-de-ville-de-saint-die-vosges\/#article\",\"isPartOf\":{\"@id\":\"https:\/\/vosgesinfo.fr\/saintdieinfo\/2022\/10\/4-millions-de-supplementaires-programme-action-coeur-de-ville-de-saint-die-vosges\/\"},\"author\":{\"name\":\"la r\u00e9daction\",\"@id\":\"https:\/\/vosgesinfo.fr\/saintdieinfo\/#\/schema\/person\/faee6704a21f3977511db84bd1cd450f\"},\"headline\":\"4 millions d&rsquo;\u20ac suppl\u00e9mentaires pour le programme Action Coeur de Ville de Saint-Di\u00e9-des-Vosges\",\"datePublished\":\"2022-10-13T14:54:43+00:00\",\"dateModified\":\"2022-10-13T14:54:43+00:00\",\"mainEntityOfPage\":{\"@id\":\"https:\/\/vosgesinfo.fr\/saintdieinfo\/2022\/10\/4-millions-de-supplementaires-programme-action-coeur-de-ville-de-saint-die-vosges\/\"},\"wordCount\":461,\"commentCount\":0,\"publisher\":{\"@id\":\"https:\/\/vosgesinfo.fr\/saintdieinfo\/#organization\"},\"image\":{\"@id\":\"https:\/\/vosgesinfo.fr\/saintdieinfo\/2022\/10\/4-millions-de-supplementaires-programme-action-coeur-de-ville-de-saint-die-vosges\/#primaryimage\"},\"thumbnailUrl\":\"https:\/\/vosgesinfo.fr\/app\/uploads\/sites\/4\/2024\/08\/202210signature-convention-action-logement-4-1.jpg\",\"keywords\":[\"Action c\u0153ur de ville\",\"Action Logement\",\"Avenant \u00e0 la convention immobili\u00e8re du programme Action Coeur de Ville\",\"Grand Salon de l'H\u00f4tel de Ville\",\"Programme Action Coeur de Ville de Saint-Di\u00e9-des-Vosges\",\"Redynamisation du centre-ville de Saint-Di\u00e9-des-Vosges\"],\"articleSection\":[\"A la Une\",\"Saint-Di\u00e9-des-Vosges et son Agglom\u00e9ration\"],\"inLanguage\":\"fr-FR\",\"potentialAction\":[{\"@type\":\"CommentAction\",\"name\":\"Comment\",\"target\":[\"https:\/\/vosgesinfo.fr\/saintdieinfo\/2022\/10\/4-millions-de-supplementaires-programme-action-coeur-de-ville-de-saint-die-vosges\/#respond\"]}]},{\"@type\":\"WebPage\",\"@id\":\"https:\/\/vosgesinfo.fr\/saintdieinfo\/2022\/10\/4-millions-de-supplementaires-programme-action-coeur-de-ville-de-saint-die-vosges\/\",\"url\":\"https:\/\/vosgesinfo.fr\/saintdieinfo\/2022\/10\/4-millions-de-supplementaires-programme-action-coeur-de-ville-de-saint-die-vosges\/\",\"name\":\"4 millions d'\u20ac suppl\u00e9mentaires pour le programme Action Coeur de Ville de Saint-Di\u00e9-des-Vosges - Saint Die Info\",\"isPartOf\":{\"@id\":\"https:\/\/vosgesinfo.fr\/saintdieinfo\/#website\"},\"primaryImageOfPage\":{\"@id\":\"https:\/\/vosgesinfo.fr\/saintdieinfo\/2022\/10\/4-millions-de-supplementaires-programme-action-coeur-de-ville-de-saint-die-vosges\/#primaryimage\"},\"image\":{\"@id\":\"https:\/\/vosgesinfo.fr\/saintdieinfo\/2022\/10\/4-millions-de-supplementaires-programme-action-coeur-de-ville-de-saint-die-vosges\/#primaryimage\"},\"thumbnailUrl\":\"https:\/\/vosgesinfo.fr\/app\/uploads\/sites\/4\/2024\/08\/202210signature-convention-action-logement-4-1.jpg\",\"datePublished\":\"2022-10-13T14:54:43+00:00\",\"dateModified\":\"2022-10-13T14:54:43+00:00\",\"breadcrumb\":{\"@id\":\"https:\/\/vosgesinfo.fr\/saintdieinfo\/2022\/10\/4-millions-de-supplementaires-programme-action-coeur-de-ville-de-saint-die-vosges\/#breadcrumb\"},\"inLanguage\":\"fr-FR\",\"potentialAction\":[{\"@type\":\"ReadAction\",\"target\":[\"https:\/\/vosgesinfo.fr\/saintdieinfo\/2022\/10\/4-millions-de-supplementaires-programme-action-coeur-de-ville-de-saint-die-vosges\/\"]}]},{\"@type\":\"ImageObject\",\"inLanguage\":\"fr-FR\",\"@id\":\"https:\/\/vosgesinfo.fr\/saintdieinfo\/2022\/10\/4-millions-de-supplementaires-programme-action-coeur-de-ville-de-saint-die-vosges\/#primaryimage\",\"url\":\"https:\/\/vosgesinfo.fr\/app\/uploads\/sites\/4\/2024\/08\/202210signature-convention-action-logement-4-1.jpg\",\"contentUrl\":\"https:\/\/vosgesinfo.fr\/app\/uploads\/sites\/4\/2024\/08\/202210signature-convention-action-logement-4-1.jpg\",\"width\":1600,\"height\":1205},{\"@type\":\"BreadcrumbList\",\"@id\":\"https:\/\/vosgesinfo.fr\/saintdieinfo\/2022\/10\/4-millions-de-supplementaires-programme-action-coeur-de-ville-de-saint-die-vosges\/#breadcrumb\",\"itemListElement\":[{\"@type\":\"ListItem\",\"position\":1,\"name\":\"Home\",\"item\":\"https:\/\/vosgesinfo.fr\/saintdieinfo\/\"},{\"@type\":\"ListItem\",\"position\":2,\"name\":\"4 millions d&rsquo;\u20ac suppl\u00e9mentaires pour le programme Action Coeur de Ville de Saint-Di\u00e9-des-Vosges\"}]},{\"@type\":\"WebSite\",\"@id\":\"https:\/\/vosgesinfo.fr\/saintdieinfo\/#website\",\"url\":\"https:\/\/vosgesinfo.fr\/saintdieinfo\/\",\"name\":\"Saint Die Info\",\"description\":\"Toute l&#039;actualit\u00e9 de Saint-Di\u00e9-Des-Vosges\",\"publisher\":{\"@id\":\"https:\/\/vosgesinfo.fr\/saintdieinfo\/#organization\"},\"alternateName\":\"Toute l'actualit\u00e9 de Saint-Di\u00e9-Des-Vosges\",\"potentialAction\":[{\"@type\":\"SearchAction\",\"target\":{\"@type\":\"EntryPoint\",\"urlTemplate\":\"https:\/\/vosgesinfo.fr\/saintdieinfo\/?s={search_term_string}\"},\"query-input\":\"required name=search_term_string\"}],\"inLanguage\":\"fr-FR\"},{\"@type\":\"Organization\",\"@id\":\"https:\/\/vosgesinfo.fr\/saintdieinfo\/#organization\",\"name\":\"Saint Die Info\",\"url\":\"https:\/\/vosgesinfo.fr\/saintdieinfo\/\",\"logo\":{\"@type\":\"ImageObject\",\"inLanguage\":\"fr-FR\",\"@id\":\"https:\/\/vosgesinfo.fr\/saintdieinfo\/#\/schema\/logo\/image\/\",\"url\":\"https:\/\/vosgesinfo.fr\/app\/uploads\/sites\/4\/2024\/02\/logo-sdi.jpg\",\"contentUrl\":\"https:\/\/vosgesinfo.fr\/app\/uploads\/sites\/4\/2024\/02\/logo-sdi.jpg\",\"width\":600,\"height\":600,\"caption\":\"Saint Die Info\"},\"image\":{\"@id\":\"https:\/\/vosgesinfo.fr\/saintdieinfo\/#\/schema\/logo\/image\/\"},\"sameAs\":[\"https:\/\/www.facebook.com\/Saintdieinfofr\",\"https:\/\/x.com\/VosgesInfo88\",\"https:\/\/www.youtube.com\/@vosgesinfo\"]},{\"@type\":\"Person\",\"@id\":\"https:\/\/vosgesinfo.fr\/saintdieinfo\/#\/schema\/person\/faee6704a21f3977511db84bd1cd450f\",\"name\":\"la r\u00e9daction\",\"image\":{\"@type\":\"ImageObject\",\"inLanguage\":\"fr-FR\",\"@id\":\"https:\/\/vosgesinfo.fr\/saintdieinfo\/#\/schema\/person\/image\/\",\"url\":\"https:\/\/secure.gravatar.com\/avatar\/6673d8bc6a9c17fa9a453eaa3448de834fa308c2ec9635b7aa99441a7c8d2cf6?s=96&d=mm&r=g\",\"contentUrl\":\"https:\/\/secure.gravatar.com\/avatar\/6673d8bc6a9c17fa9a453eaa3448de834fa308c2ec9635b7aa99441a7c8d2cf6?s=96&d=mm&r=g\",\"caption\":\"la r\u00e9daction\"},\"url\":\"https:\/\/vosgesinfo.fr\/saintdieinfo\/author\/redac\/\"}]}<\/script>\n<!-- \/ Yoast SEO plugin. -->","yoast_head_json":{"title":"4 millions d'\u20ac suppl\u00e9mentaires pour le programme Action Coeur de Ville de Saint-Di\u00e9-des-Vosges - Saint Die Info","robots":{"index":"index","follow":"follow","max-snippet":"max-snippet:-1","max-image-preview":"max-image-preview:large","max-video-preview":"max-video-preview:-1"},"canonical":"https:\/\/vosgesinfo.fr\/saintdieinfo\/2022\/10\/4-millions-de-supplementaires-programme-action-coeur-de-ville-de-saint-die-vosges\/","twitter_card":"summary_large_image","twitter_title":"4 millions d'\u20ac suppl\u00e9mentaires pour le programme Action Coeur de Ville de Saint-Di\u00e9-des-Vosges - Saint Die Info","twitter_description":"Le programme Action Coeur de Ville vise \u00e0 redynamiser 222 villes moyennes fran\u00e7aises, parmi lesquelles Saint-Di\u00e9-des-Vosges. C&rsquo;est d&rsquo;ailleurs dans la [&hellip;]","twitter_image":"https:\/\/vosgesinfo.fr\/app\/uploads\/sites\/4\/2024\/08\/202210signature-convention-action-logement-4-1.jpg","twitter_creator":"@VosgesInfo88","twitter_site":"@VosgesInfo88","twitter_misc":{"\u00c9crit par":"la r\u00e9daction","Dur\u00e9e de lecture estim\u00e9e":"2 minutes"},"schema":{"@context":"https:\/\/schema.org","@graph":[{"@type":"Article","@id":"https:\/\/vosgesinfo.fr\/saintdieinfo\/2022\/10\/4-millions-de-supplementaires-programme-action-coeur-de-ville-de-saint-die-vosges\/#article","isPartOf":{"@id":"https:\/\/vosgesinfo.fr\/saintdieinfo\/2022\/10\/4-millions-de-supplementaires-programme-action-coeur-de-ville-de-saint-die-vosges\/"},"author":{"name":"la r\u00e9daction","@id":"https:\/\/vosgesinfo.fr\/saintdieinfo\/#\/schema\/person\/faee6704a21f3977511db84bd1cd450f"},"headline":"4 millions d&rsquo;\u20ac suppl\u00e9mentaires pour le programme Action Coeur de Ville de Saint-Di\u00e9-des-Vosges","datePublished":"2022-10-13T14:54:43+00:00","dateModified":"2022-10-13T14:54:43+00:00","mainEntityOfPage":{"@id":"https:\/\/vosgesinfo.fr\/saintdieinfo\/2022\/10\/4-millions-de-supplementaires-programme-action-coeur-de-ville-de-saint-die-vosges\/"},"wordCount":461,"commentCount":0,"publisher":{"@id":"https:\/\/vosgesinfo.fr\/saintdieinfo\/#organization"},"image":{"@id":"https:\/\/vosgesinfo.fr\/saintdieinfo\/2022\/10\/4-millions-de-supplementaires-programme-action-coeur-de-ville-de-saint-die-vosges\/#primaryimage"},"thumbnailUrl":"https:\/\/vosgesinfo.fr\/app\/uploads\/sites\/4\/2024\/08\/202210signature-convention-action-logement-4-1.jpg","keywords":["Action c\u0153ur de ville","Action Logement","Avenant \u00e0 la convention immobili\u00e8re du programme Action Coeur de Ville","Grand Salon de l'H\u00f4tel de Ville","Programme Action Coeur de Ville de Saint-Di\u00e9-des-Vosges","Redynamisation du centre-ville de Saint-Di\u00e9-des-Vosges"],"articleSection":["A la Une","Saint-Di\u00e9-des-Vosges et son Agglom\u00e9ration"],"inLanguage":"fr-FR","potentialAction":[{"@type":"CommentAction","name":"Comment","target":["https:\/\/vosgesinfo.fr\/saintdieinfo\/2022\/10\/4-millions-de-supplementaires-programme-action-coeur-de-ville-de-saint-die-vosges\/#respond"]}]},{"@type":"WebPage","@id":"https:\/\/vosgesinfo.fr\/saintdieinfo\/2022\/10\/4-millions-de-supplementaires-programme-action-coeur-de-ville-de-saint-die-vosges\/","url":"https:\/\/vosgesinfo.fr\/saintdieinfo\/2022\/10\/4-millions-de-supplementaires-programme-action-coeur-de-ville-de-saint-die-vosges\/","name":"4 millions d'\u20ac suppl\u00e9mentaires pour le programme Action Coeur de Ville de Saint-Di\u00e9-des-Vosges - Saint Die Info","isPartOf":{"@id":"https:\/\/vosgesinfo.fr\/saintdieinfo\/#website"},"primaryImageOfPage":{"@id":"https:\/\/vosgesinfo.fr\/saintdieinfo\/2022\/10\/4-millions-de-supplementaires-programme-action-coeur-de-ville-de-saint-die-vosges\/#primaryimage"},"image":{"@id":"https:\/\/vosgesinfo.fr\/saintdieinfo\/2022\/10\/4-millions-de-supplementaires-programme-action-coeur-de-ville-de-saint-die-vosges\/#primaryimage"},"thumbnailUrl":"https:\/\/vosgesinfo.fr\/app\/uploads\/sites\/4\/2024\/08\/202210signature-convention-action-logement-4-1.jpg","datePublished":"2022-10-13T14:54:43+00:00","dateModified":"2022-10-13T14:54:43+00:00","breadcrumb":{"@id":"https:\/\/vosgesinfo.fr\/saintdieinfo\/2022\/10\/4-millions-de-supplementaires-programme-action-coeur-de-ville-de-saint-die-vosges\/#breadcrumb"},"inLanguage":"fr-FR","potentialAction":[{"@type":"ReadAction","target":["https:\/\/vosgesinfo.fr\/saintdieinfo\/2022\/10\/4-millions-de-supplementaires-programme-action-coeur-de-ville-de-saint-die-vosges\/"]}]},{"@type":"ImageObject","inLanguage":"fr-FR","@id":"https:\/\/vosgesinfo.fr\/saintdieinfo\/2022\/10\/4-millions-de-supplementaires-programme-action-coeur-de-ville-de-saint-die-vosges\/#primaryimage","url":"https:\/\/vosgesinfo.fr\/app\/uploads\/sites\/4\/2024\/08\/202210signature-convention-action-logement-4-1.jpg","contentUrl":"https:\/\/vosgesinfo.fr\/app\/uploads\/sites\/4\/2024\/08\/202210signature-convention-action-logement-4-1.jpg","width":1600,"height":1205},{"@type":"BreadcrumbList","@id":"https:\/\/vosgesinfo.fr\/saintdieinfo\/2022\/10\/4-millions-de-supplementaires-programme-action-coeur-de-ville-de-saint-die-vosges\/#breadcrumb","itemListElement":[{"@type":"ListItem","position":1,"name":"Home","item":"https:\/\/vosgesinfo.fr\/saintdieinfo\/"},{"@type":"ListItem","position":2,"name":"4 millions d&rsquo;\u20ac suppl\u00e9mentaires pour le programme Action Coeur de Ville de Saint-Di\u00e9-des-Vosges"}]},{"@type":"WebSite","@id":"https:\/\/vosgesinfo.fr\/saintdieinfo\/#website","url":"https:\/\/vosgesinfo.fr\/saintdieinfo\/","name":"Saint Die Info","description":"Toute l&#039;actualit\u00e9 de Saint-Di\u00e9-Des-Vosges","publisher":{"@id":"https:\/\/vosgesinfo.fr\/saintdieinfo\/#organization"},"alternateName":"Toute l'actualit\u00e9 de Saint-Di\u00e9-Des-Vosges","potentialAction":[{"@type":"SearchAction","target":{"@type":"EntryPoint","urlTemplate":"https:\/\/vosgesinfo.fr\/saintdieinfo\/?s={search_term_string}"},"query-input":"required name=search_term_string"}],"inLanguage":"fr-FR"},{"@type":"Organization","@id":"https:\/\/vosgesinfo.fr\/saintdieinfo\/#organization","name":"Saint Die Info","url":"https:\/\/vosgesinfo.fr\/saintdieinfo\/","logo":{"@type":"ImageObject","inLanguage":"fr-FR","@id":"https:\/\/vosgesinfo.fr\/saintdieinfo\/#\/schema\/logo\/image\/","url":"https:\/\/vosgesinfo.fr\/app\/uploads\/sites\/4\/2024\/02\/logo-sdi.jpg","contentUrl":"https:\/\/vosgesinfo.fr\/app\/uploads\/sites\/4\/2024\/02\/logo-sdi.jpg","width":600,"height":600,"caption":"Saint Die Info"},"image":{"@id":"https:\/\/vosgesinfo.fr\/saintdieinfo\/#\/schema\/logo\/image\/"},"sameAs":["https:\/\/www.facebook.com\/Saintdieinfofr","https:\/\/x.com\/VosgesInfo88","https:\/\/www.youtube.com\/@vosgesinfo"]},{"@type":"Person","@id":"https:\/\/vosgesinfo.fr\/saintdieinfo\/#\/schema\/person\/faee6704a21f3977511db84bd1cd450f","name":"la r\u00e9daction","image":{"@type":"ImageObject","inLanguage":"fr-FR","@id":"https:\/\/vosgesinfo.fr\/saintdieinfo\/#\/schema\/person\/image\/","url":"https:\/\/secure.gravatar.com\/avatar\/6673d8bc6a9c17fa9a453eaa3448de834fa308c2ec9635b7aa99441a7c8d2cf6?s=96&d=mm&r=g","contentUrl":"https:\/\/secure.gravatar.com\/avatar\/6673d8bc6a9c17fa9a453eaa3448de834fa308c2ec9635b7aa99441a7c8d2cf6?s=96&d=mm&r=g","caption":"la r\u00e9daction"},"url":"https:\/\/vosgesinfo.fr\/saintdieinfo\/author\/redac\/"}]}},"_links":{"self":[{"href":"https:\/\/vosgesinfo.fr\/saintdieinfo\/wp-json\/wp\/v2\/posts\/58580","targetHints":{"allow":["GET"]}}],"collection":[{"href":"https:\/\/vosgesinfo.fr\/saintdieinfo\/wp-json\/wp\/v2\/posts"}],"about":[{"href":"https:\/\/vosgesinfo.fr\/saintdieinfo\/wp-json\/wp\/v2\/types\/post"}],"author":[{"embeddable":true,"href":"https:\/\/vosgesinfo.fr\/saintdieinfo\/wp-json\/wp\/v2\/users\/44"}],"replies":[{"embeddable":true,"href":"https:\/\/vosgesinfo.fr\/saintdieinfo\/wp-json\/wp\/v2\/comments?post=58580"}],"version-history":[{"count":0,"href":"https:\/\/vosgesinfo.fr\/saintdieinfo\/wp-json\/wp\/v2\/posts\/58580\/revisions"}],"wp:featuredmedia":[{"embeddable":true,"href":"https:\/\/vosgesinfo.fr\/saintdieinfo\/wp-json\/wp\/v2\/media\/58581"}],"wp:attachment":[{"href":"https:\/\/vosgesinfo.fr\/saintdieinfo\/wp-json\/wp\/v2\/media?parent=58580"}],"wp:term":[{"taxonomy":"category","embeddable":true,"href":"https:\/\/vosgesinfo.fr\/saintdieinfo\/wp-json\/wp\/v2\/categories?post=58580"},{"taxonomy":"post_tag","embeddable":true,"href":"https:\/\/vosgesinfo.fr\/saintdieinfo\/wp-json\/wp\/v2\/tags?post=58580"}],"curies":[{"name":"wp","href":"https:\/\/api.w.org\/{rel}","templated":true}]}}