{"id":58585,"date":"2022-10-14T08:16:12","date_gmt":"2022-10-14T06:16:12","guid":{"rendered":"https:\/\/vosgesinfo.fr\/saintdieinfo\/2022\/10\/vosges-nouvelle-campagne-de-vaccination-couplee-grippe-covid-19\/"},"modified":"2022-10-14T08:16:12","modified_gmt":"2022-10-14T06:16:12","slug":"vosges-nouvelle-campagne-de-vaccination-couplee-grippe-covid-19","status":"publish","type":"post","link":"https:\/\/vosgesinfo.fr\/saintdieinfo\/2022\/10\/vosges-nouvelle-campagne-de-vaccination-couplee-grippe-covid-19\/","title":{"rendered":"Vosges \u2013 Une nouvelle campagne de vaccination coupl\u00e9e grippe et Covid-19"},"content":{"rendered":"<div id=\"attachment_170651\" style=\"width: 810px\" class=\"wp-caption aligncenter\"><a href=\"\/2021\/08\/Centre_Vaccination_SDDV-2.jpg\" target=\"_blank\" rel=\"noopener\"><img decoding=\"async\" aria-describedby=\"caption-attachment-170651\" class=\"wp-image-170651 size-full\" src=\"\/2021\/08\/Centre_Vaccination_SDDV-2.jpg\" alt=\"\" width=\"800\" height=\"600\" \/><\/a><p id=\"caption-attachment-170651\" class=\"wp-caption-text\">(Archive)<\/p><\/div>\n<h2><strong><span style=\"font-size: 14pt;\">Les temp\u00e9ratures commencent \u00e0 chuter et\u00a0les maladies hivernales font leur retour en France. L\u2019Agence r\u00e9gionale de sant\u00e9 (ARS) lance la nouvelle campagne de vaccination coupl\u00e9e grippe et Covid-19.\u00a0<\/span><\/strong><\/h2>\n<p><!--more--><\/p>\n<p>Alors que le virus circule \u00e0 nouveau de mani\u00e8re intensive en Grand Est (taux d\u2019incidence de 651 cas pour 100 000 habitants en semaine 39-2022 contre 467 en S38 -2022), l\u2019ARS rappelle que <em>\u00ab\u00a0la vaccination demeure l\u2019une des armes les plus efficaces de protection contre les formes graves du Covid\u00a0\u00bb<\/em>. Afin de se prot\u00e9ger au mieux \u00e0 l\u2019arriv\u00e9e de l\u2019automne, une nouvelle campagne de vaccination automnale \u00e0 destination des populations les plus fragiles a \u00e9t\u00e9 lanc\u00e9e le 3 octobre.<\/p>\n<p><em>\u00ab\u00a0Les vaccins contre le Covid-19 prot\u00e8gent contre la maladie en r\u00e9duisant le risque de faire une forme grave et de d\u00e9velopper des s\u00e9quelles et des formes prolong\u00e9es du Covid. Ils diminuent \u00e9galement la diffusion du virus et permettent donc de prot\u00e9ger son entourage.\u00a0\u00bb<\/em> poursuit l\u2019ARS dans son communiqu\u00e9.<\/p>\n<p>Cette campagne automnale de rappel vise prioritairement les personnes les plus fragilis\u00e9es et expos\u00e9es, \u00e0 savoir : les personnes \u00e2g\u00e9es de 80 ans et plus, les r\u00e9sidents d\u2019EHPAD et USLD quel que soit leur \u00e2ge ; les personnes de 60 ans \u00e0 79 ans ; les personnes immunod\u00e9prim\u00e9es quel que soit leur \u00e2ge ; les personnes souffrant d\u2019une ou plusieurs comorbidit\u00e9s ; les femmes enceintes, d\u00e8s le premier trimestre de grossesse ; les personnes vivant dans l\u2019entourage ou en contact r\u00e9gulier avec des personnes immunod\u00e9prim\u00e9es ou vuln\u00e9rables, dont les professionnels des secteurs sanitaires et m\u00e9dico-social.<\/p>\n<h2>Les vaccins bivalents recommand\u00e9s pour le rappel<\/h2>\n<p>Les rappels s\u2019effectueront prioritairement avec les nouveaux vaccins \u00e0 ARNm bivalent, \u00e0 savoir le Spikevax\u00ae de Moderna, qui cible \u00e0 la fois les souches Wuhan d\u2019origine et le variant Omicron BA.1, ou avec le Comirnaty de Pfizer-BioNTech, qui cible \u00e0 la fois les souches Wuhan d\u2019origine et le variant Omicron BA.5. Ces derniers sont disponibles dans les pharmacies d\u2019officine, aupr\u00e8s des m\u00e9decins traitants ou des infirmiers. Tous les lieux de vaccination sont indiqu\u00e9s sur le site sante.fr<\/p>\n<h3>Quand faire la dose de vaccin automnale ?<\/h3>\n<p>D\u00e8s 3 mois apr\u00e8s la derni\u00e8re injection ou infection pour les personnes \u00e2g\u00e9es de 80 ans et plus, ainsi que pour les r\u00e9sidents en EHPAD et en USLD et les personnes s\u00e9v\u00e8rement immunod\u00e9prim\u00e9es, quel que soit leur \u00e2ge ; d\u00e8s 6 mois apr\u00e8s la derni\u00e8re injection pour toutes les autres personnes \u00e9ligibles. En cas d\u2019infection r\u00e9cente au Covid, le rappel est recommand\u00e9 d\u00e8s 3 mois apr\u00e8s l\u2019infection, en respectant un d\u00e9lai minimal de 6 mois apr\u00e8s la derni\u00e8re injection.<\/p>\n<p>Depuis le 3 octobre, on note une augmentation de 16.2% sur le nombre total d\u2019injections et 10% sur le second rappel entre la Semaine 39 et Semaine 40 en Grand Est.<\/p>\n<h3>Coupler la vaccination contre le Covid avec la vaccination antigrippale<\/h3>\n<p>Pour \u00e9viter une \u00e9pid\u00e9mie de grippe s\u00e9v\u00e8re cet hiver, il est recommand\u00e9 de coupler la vaccination contre le Covid 19 avec celle contre la grippe saisonni\u00e8re. A compter du 18 octobre, les deux injections peuvent \u00eatre pratiqu\u00e9es en m\u00eame temps ou \u00e0 n\u2019importe quel intervalle.<\/p>\n<p>Les doses de vaccins contre la grippe seront r\u00e9serv\u00e9es aux publics cibl\u00e9s par les recommandations durant les 4 premi\u00e8res semaines de la campagne, soit jusqu\u2019au 15 novembre 2022.<\/p>\n","protected":false},"excerpt":{"rendered":"<p>Les temp\u00e9ratures commencent \u00e0 chuter et\u00a0les maladies hivernales font leur retour en France. L\u2019Agence r\u00e9gionale de sant\u00e9 (ARS) lance la [&hellip;]<\/p>\n","protected":false},"author":44,"featured_media":58586,"comment_status":"open","ping_status":"open","sticky":false,"template":"","format":"standard","meta":{"footnotes":""},"categories":[460,4152,13,18],"tags":[5087,7892,9219],"class_list":["post-58585","post","type-post","status-publish","format-standard","has-post-thumbnail","hentry","category-a-la-une","category-sante","category-societe","category-vosges","tag-ars-grand-est","tag-vaccination-contre-la-covid-19","tag-vaccination-contre-la-grippe"],"acf":[],"yoast_head":"<!-- This site is optimized with the Yoast SEO plugin v22.5 - https:\/\/yoast.com\/wordpress\/plugins\/seo\/ -->\n<title>Vosges \u2013 Une nouvelle campagne de vaccination coupl\u00e9e grippe et Covid-19 - Saint Die Info<\/title>\n<meta name=\"robots\" content=\"index, follow, max-snippet:-1, max-image-preview:large, max-video-preview:-1\" \/>\n<link rel=\"canonical\" href=\"https:\/\/vosgesinfo.fr\/saintdieinfo\/2022\/10\/vosges-nouvelle-campagne-de-vaccination-couplee-grippe-covid-19\/\" \/>\n<meta name=\"twitter:card\" content=\"summary_large_image\" \/>\n<meta name=\"twitter:title\" content=\"Vosges \u2013 Une nouvelle campagne de vaccination coupl\u00e9e grippe et Covid-19 - Saint Die Info\" \/>\n<meta name=\"twitter:description\" content=\"Les temp\u00e9ratures commencent \u00e0 chuter et\u00a0les maladies hivernales font leur retour en France. L\u2019Agence r\u00e9gionale de sant\u00e9 (ARS) lance la [&hellip;]\" \/>\n<meta name=\"twitter:image\" content=\"https:\/\/vosgesinfo.fr\/app\/uploads\/sites\/4\/2024\/08\/202108centre-vaccination-sddv-2-25.jpg\" \/>\n<meta name=\"twitter:creator\" content=\"@VosgesInfo88\" \/>\n<meta name=\"twitter:site\" content=\"@VosgesInfo88\" \/>\n<meta name=\"twitter:label1\" content=\"\u00c9crit par\" \/>\n\t<meta name=\"twitter:data1\" content=\"la r\u00e9daction\" \/>\n\t<meta name=\"twitter:label2\" content=\"Dur\u00e9e de lecture estim\u00e9e\" \/>\n\t<meta name=\"twitter:data2\" content=\"3 minutes\" \/>\n<script type=\"application\/ld+json\" class=\"yoast-schema-graph\">{\"@context\":\"https:\/\/schema.org\",\"@graph\":[{\"@type\":\"Article\",\"@id\":\"https:\/\/vosgesinfo.fr\/saintdieinfo\/2022\/10\/vosges-nouvelle-campagne-de-vaccination-couplee-grippe-covid-19\/#article\",\"isPartOf\":{\"@id\":\"https:\/\/vosgesinfo.fr\/saintdieinfo\/2022\/10\/vosges-nouvelle-campagne-de-vaccination-couplee-grippe-covid-19\/\"},\"author\":{\"name\":\"la r\u00e9daction\",\"@id\":\"https:\/\/vosgesinfo.fr\/saintdieinfo\/#\/schema\/person\/faee6704a21f3977511db84bd1cd450f\"},\"headline\":\"Vosges \u2013 Une nouvelle campagne de vaccination coupl\u00e9e grippe et Covid-19\",\"datePublished\":\"2022-10-14T06:16:12+00:00\",\"dateModified\":\"2022-10-14T06:16:12+00:00\",\"mainEntityOfPage\":{\"@id\":\"https:\/\/vosgesinfo.fr\/saintdieinfo\/2022\/10\/vosges-nouvelle-campagne-de-vaccination-couplee-grippe-covid-19\/\"},\"wordCount\":591,\"commentCount\":0,\"publisher\":{\"@id\":\"https:\/\/vosgesinfo.fr\/saintdieinfo\/#organization\"},\"image\":{\"@id\":\"https:\/\/vosgesinfo.fr\/saintdieinfo\/2022\/10\/vosges-nouvelle-campagne-de-vaccination-couplee-grippe-covid-19\/#primaryimage\"},\"thumbnailUrl\":\"https:\/\/vosgesinfo.fr\/app\/uploads\/sites\/4\/2024\/08\/202108centre-vaccination-sddv-2-25.jpg\",\"keywords\":[\"ARS Grand Est\",\"Vaccination contre la Covid-19\",\"Vaccination contre la grippe\"],\"articleSection\":[\"A la Une\",\"Sant\u00e9\",\"Soci\u00e9t\u00e9\",\"Vosges\"],\"inLanguage\":\"fr-FR\",\"potentialAction\":[{\"@type\":\"CommentAction\",\"name\":\"Comment\",\"target\":[\"https:\/\/vosgesinfo.fr\/saintdieinfo\/2022\/10\/vosges-nouvelle-campagne-de-vaccination-couplee-grippe-covid-19\/#respond\"]}]},{\"@type\":\"WebPage\",\"@id\":\"https:\/\/vosgesinfo.fr\/saintdieinfo\/2022\/10\/vosges-nouvelle-campagne-de-vaccination-couplee-grippe-covid-19\/\",\"url\":\"https:\/\/vosgesinfo.fr\/saintdieinfo\/2022\/10\/vosges-nouvelle-campagne-de-vaccination-couplee-grippe-covid-19\/\",\"name\":\"Vosges \u2013 Une nouvelle campagne de vaccination coupl\u00e9e grippe et Covid-19 - Saint Die Info\",\"isPartOf\":{\"@id\":\"https:\/\/vosgesinfo.fr\/saintdieinfo\/#website\"},\"primaryImageOfPage\":{\"@id\":\"https:\/\/vosgesinfo.fr\/saintdieinfo\/2022\/10\/vosges-nouvelle-campagne-de-vaccination-couplee-grippe-covid-19\/#primaryimage\"},\"image\":{\"@id\":\"https:\/\/vosgesinfo.fr\/saintdieinfo\/2022\/10\/vosges-nouvelle-campagne-de-vaccination-couplee-grippe-covid-19\/#primaryimage\"},\"thumbnailUrl\":\"https:\/\/vosgesinfo.fr\/app\/uploads\/sites\/4\/2024\/08\/202108centre-vaccination-sddv-2-25.jpg\",\"datePublished\":\"2022-10-14T06:16:12+00:00\",\"dateModified\":\"2022-10-14T06:16:12+00:00\",\"breadcrumb\":{\"@id\":\"https:\/\/vosgesinfo.fr\/saintdieinfo\/2022\/10\/vosges-nouvelle-campagne-de-vaccination-couplee-grippe-covid-19\/#breadcrumb\"},\"inLanguage\":\"fr-FR\",\"potentialAction\":[{\"@type\":\"ReadAction\",\"target\":[\"https:\/\/vosgesinfo.fr\/saintdieinfo\/2022\/10\/vosges-nouvelle-campagne-de-vaccination-couplee-grippe-covid-19\/\"]}]},{\"@type\":\"ImageObject\",\"inLanguage\":\"fr-FR\",\"@id\":\"https:\/\/vosgesinfo.fr\/saintdieinfo\/2022\/10\/vosges-nouvelle-campagne-de-vaccination-couplee-grippe-covid-19\/#primaryimage\",\"url\":\"https:\/\/vosgesinfo.fr\/app\/uploads\/sites\/4\/2024\/08\/202108centre-vaccination-sddv-2-25.jpg\",\"contentUrl\":\"https:\/\/vosgesinfo.fr\/app\/uploads\/sites\/4\/2024\/08\/202108centre-vaccination-sddv-2-25.jpg\",\"width\":800,\"height\":600},{\"@type\":\"BreadcrumbList\",\"@id\":\"https:\/\/vosgesinfo.fr\/saintdieinfo\/2022\/10\/vosges-nouvelle-campagne-de-vaccination-couplee-grippe-covid-19\/#breadcrumb\",\"itemListElement\":[{\"@type\":\"ListItem\",\"position\":1,\"name\":\"Home\",\"item\":\"https:\/\/vosgesinfo.fr\/saintdieinfo\/\"},{\"@type\":\"ListItem\",\"position\":2,\"name\":\"Vosges \u2013 Une nouvelle campagne de vaccination coupl\u00e9e grippe et Covid-19\"}]},{\"@type\":\"WebSite\",\"@id\":\"https:\/\/vosgesinfo.fr\/saintdieinfo\/#website\",\"url\":\"https:\/\/vosgesinfo.fr\/saintdieinfo\/\",\"name\":\"Saint Die Info\",\"description\":\"Toute l&#039;actualit\u00e9 de Saint-Di\u00e9-Des-Vosges\",\"publisher\":{\"@id\":\"https:\/\/vosgesinfo.fr\/saintdieinfo\/#organization\"},\"alternateName\":\"Toute l'actualit\u00e9 de Saint-Di\u00e9-Des-Vosges\",\"potentialAction\":[{\"@type\":\"SearchAction\",\"target\":{\"@type\":\"EntryPoint\",\"urlTemplate\":\"https:\/\/vosgesinfo.fr\/saintdieinfo\/?s={search_term_string}\"},\"query-input\":\"required name=search_term_string\"}],\"inLanguage\":\"fr-FR\"},{\"@type\":\"Organization\",\"@id\":\"https:\/\/vosgesinfo.fr\/saintdieinfo\/#organization\",\"name\":\"Saint Die Info\",\"url\":\"https:\/\/vosgesinfo.fr\/saintdieinfo\/\",\"logo\":{\"@type\":\"ImageObject\",\"inLanguage\":\"fr-FR\",\"@id\":\"https:\/\/vosgesinfo.fr\/saintdieinfo\/#\/schema\/logo\/image\/\",\"url\":\"https:\/\/vosgesinfo.fr\/app\/uploads\/sites\/4\/2024\/02\/logo-sdi.jpg\",\"contentUrl\":\"https:\/\/vosgesinfo.fr\/app\/uploads\/sites\/4\/2024\/02\/logo-sdi.jpg\",\"width\":600,\"height\":600,\"caption\":\"Saint Die Info\"},\"image\":{\"@id\":\"https:\/\/vosgesinfo.fr\/saintdieinfo\/#\/schema\/logo\/image\/\"},\"sameAs\":[\"https:\/\/www.facebook.com\/Saintdieinfofr\",\"https:\/\/x.com\/VosgesInfo88\",\"https:\/\/www.youtube.com\/@vosgesinfo\"]},{\"@type\":\"Person\",\"@id\":\"https:\/\/vosgesinfo.fr\/saintdieinfo\/#\/schema\/person\/faee6704a21f3977511db84bd1cd450f\",\"name\":\"la r\u00e9daction\",\"image\":{\"@type\":\"ImageObject\",\"inLanguage\":\"fr-FR\",\"@id\":\"https:\/\/vosgesinfo.fr\/saintdieinfo\/#\/schema\/person\/image\/\",\"url\":\"https:\/\/secure.gravatar.com\/avatar\/6673d8bc6a9c17fa9a453eaa3448de834fa308c2ec9635b7aa99441a7c8d2cf6?s=96&d=mm&r=g\",\"contentUrl\":\"https:\/\/secure.gravatar.com\/avatar\/6673d8bc6a9c17fa9a453eaa3448de834fa308c2ec9635b7aa99441a7c8d2cf6?s=96&d=mm&r=g\",\"caption\":\"la r\u00e9daction\"},\"url\":\"https:\/\/vosgesinfo.fr\/saintdieinfo\/author\/redac\/\"}]}<\/script>\n<!-- \/ Yoast SEO plugin. -->","yoast_head_json":{"title":"Vosges \u2013 Une nouvelle campagne de vaccination coupl\u00e9e grippe et Covid-19 - Saint Die Info","robots":{"index":"index","follow":"follow","max-snippet":"max-snippet:-1","max-image-preview":"max-image-preview:large","max-video-preview":"max-video-preview:-1"},"canonical":"https:\/\/vosgesinfo.fr\/saintdieinfo\/2022\/10\/vosges-nouvelle-campagne-de-vaccination-couplee-grippe-covid-19\/","twitter_card":"summary_large_image","twitter_title":"Vosges \u2013 Une nouvelle campagne de vaccination coupl\u00e9e grippe et Covid-19 - Saint Die Info","twitter_description":"Les temp\u00e9ratures commencent \u00e0 chuter et\u00a0les maladies hivernales font leur retour en France. L\u2019Agence r\u00e9gionale de sant\u00e9 (ARS) lance la [&hellip;]","twitter_image":"https:\/\/vosgesinfo.fr\/app\/uploads\/sites\/4\/2024\/08\/202108centre-vaccination-sddv-2-25.jpg","twitter_creator":"@VosgesInfo88","twitter_site":"@VosgesInfo88","twitter_misc":{"\u00c9crit par":"la r\u00e9daction","Dur\u00e9e de lecture estim\u00e9e":"3 minutes"},"schema":{"@context":"https:\/\/schema.org","@graph":[{"@type":"Article","@id":"https:\/\/vosgesinfo.fr\/saintdieinfo\/2022\/10\/vosges-nouvelle-campagne-de-vaccination-couplee-grippe-covid-19\/#article","isPartOf":{"@id":"https:\/\/vosgesinfo.fr\/saintdieinfo\/2022\/10\/vosges-nouvelle-campagne-de-vaccination-couplee-grippe-covid-19\/"},"author":{"name":"la r\u00e9daction","@id":"https:\/\/vosgesinfo.fr\/saintdieinfo\/#\/schema\/person\/faee6704a21f3977511db84bd1cd450f"},"headline":"Vosges \u2013 Une nouvelle campagne de vaccination coupl\u00e9e grippe et Covid-19","datePublished":"2022-10-14T06:16:12+00:00","dateModified":"2022-10-14T06:16:12+00:00","mainEntityOfPage":{"@id":"https:\/\/vosgesinfo.fr\/saintdieinfo\/2022\/10\/vosges-nouvelle-campagne-de-vaccination-couplee-grippe-covid-19\/"},"wordCount":591,"commentCount":0,"publisher":{"@id":"https:\/\/vosgesinfo.fr\/saintdieinfo\/#organization"},"image":{"@id":"https:\/\/vosgesinfo.fr\/saintdieinfo\/2022\/10\/vosges-nouvelle-campagne-de-vaccination-couplee-grippe-covid-19\/#primaryimage"},"thumbnailUrl":"https:\/\/vosgesinfo.fr\/app\/uploads\/sites\/4\/2024\/08\/202108centre-vaccination-sddv-2-25.jpg","keywords":["ARS Grand Est","Vaccination contre la Covid-19","Vaccination contre la grippe"],"articleSection":["A la Une","Sant\u00e9","Soci\u00e9t\u00e9","Vosges"],"inLanguage":"fr-FR","potentialAction":[{"@type":"CommentAction","name":"Comment","target":["https:\/\/vosgesinfo.fr\/saintdieinfo\/2022\/10\/vosges-nouvelle-campagne-de-vaccination-couplee-grippe-covid-19\/#respond"]}]},{"@type":"WebPage","@id":"https:\/\/vosgesinfo.fr\/saintdieinfo\/2022\/10\/vosges-nouvelle-campagne-de-vaccination-couplee-grippe-covid-19\/","url":"https:\/\/vosgesinfo.fr\/saintdieinfo\/2022\/10\/vosges-nouvelle-campagne-de-vaccination-couplee-grippe-covid-19\/","name":"Vosges \u2013 Une nouvelle campagne de vaccination coupl\u00e9e grippe et Covid-19 - Saint Die Info","isPartOf":{"@id":"https:\/\/vosgesinfo.fr\/saintdieinfo\/#website"},"primaryImageOfPage":{"@id":"https:\/\/vosgesinfo.fr\/saintdieinfo\/2022\/10\/vosges-nouvelle-campagne-de-vaccination-couplee-grippe-covid-19\/#primaryimage"},"image":{"@id":"https:\/\/vosgesinfo.fr\/saintdieinfo\/2022\/10\/vosges-nouvelle-campagne-de-vaccination-couplee-grippe-covid-19\/#primaryimage"},"thumbnailUrl":"https:\/\/vosgesinfo.fr\/app\/uploads\/sites\/4\/2024\/08\/202108centre-vaccination-sddv-2-25.jpg","datePublished":"2022-10-14T06:16:12+00:00","dateModified":"2022-10-14T06:16:12+00:00","breadcrumb":{"@id":"https:\/\/vosgesinfo.fr\/saintdieinfo\/2022\/10\/vosges-nouvelle-campagne-de-vaccination-couplee-grippe-covid-19\/#breadcrumb"},"inLanguage":"fr-FR","potentialAction":[{"@type":"ReadAction","target":["https:\/\/vosgesinfo.fr\/saintdieinfo\/2022\/10\/vosges-nouvelle-campagne-de-vaccination-couplee-grippe-covid-19\/"]}]},{"@type":"ImageObject","inLanguage":"fr-FR","@id":"https:\/\/vosgesinfo.fr\/saintdieinfo\/2022\/10\/vosges-nouvelle-campagne-de-vaccination-couplee-grippe-covid-19\/#primaryimage","url":"https:\/\/vosgesinfo.fr\/app\/uploads\/sites\/4\/2024\/08\/202108centre-vaccination-sddv-2-25.jpg","contentUrl":"https:\/\/vosgesinfo.fr\/app\/uploads\/sites\/4\/2024\/08\/202108centre-vaccination-sddv-2-25.jpg","width":800,"height":600},{"@type":"BreadcrumbList","@id":"https:\/\/vosgesinfo.fr\/saintdieinfo\/2022\/10\/vosges-nouvelle-campagne-de-vaccination-couplee-grippe-covid-19\/#breadcrumb","itemListElement":[{"@type":"ListItem","position":1,"name":"Home","item":"https:\/\/vosgesinfo.fr\/saintdieinfo\/"},{"@type":"ListItem","position":2,"name":"Vosges \u2013 Une nouvelle campagne de vaccination coupl\u00e9e grippe et Covid-19"}]},{"@type":"WebSite","@id":"https:\/\/vosgesinfo.fr\/saintdieinfo\/#website","url":"https:\/\/vosgesinfo.fr\/saintdieinfo\/","name":"Saint Die Info","description":"Toute l&#039;actualit\u00e9 de Saint-Di\u00e9-Des-Vosges","publisher":{"@id":"https:\/\/vosgesinfo.fr\/saintdieinfo\/#organization"},"alternateName":"Toute l'actualit\u00e9 de Saint-Di\u00e9-Des-Vosges","potentialAction":[{"@type":"SearchAction","target":{"@type":"EntryPoint","urlTemplate":"https:\/\/vosgesinfo.fr\/saintdieinfo\/?s={search_term_string}"},"query-input":"required name=search_term_string"}],"inLanguage":"fr-FR"},{"@type":"Organization","@id":"https:\/\/vosgesinfo.fr\/saintdieinfo\/#organization","name":"Saint Die Info","url":"https:\/\/vosgesinfo.fr\/saintdieinfo\/","logo":{"@type":"ImageObject","inLanguage":"fr-FR","@id":"https:\/\/vosgesinfo.fr\/saintdieinfo\/#\/schema\/logo\/image\/","url":"https:\/\/vosgesinfo.fr\/app\/uploads\/sites\/4\/2024\/02\/logo-sdi.jpg","contentUrl":"https:\/\/vosgesinfo.fr\/app\/uploads\/sites\/4\/2024\/02\/logo-sdi.jpg","width":600,"height":600,"caption":"Saint Die Info"},"image":{"@id":"https:\/\/vosgesinfo.fr\/saintdieinfo\/#\/schema\/logo\/image\/"},"sameAs":["https:\/\/www.facebook.com\/Saintdieinfofr","https:\/\/x.com\/VosgesInfo88","https:\/\/www.youtube.com\/@vosgesinfo"]},{"@type":"Person","@id":"https:\/\/vosgesinfo.fr\/saintdieinfo\/#\/schema\/person\/faee6704a21f3977511db84bd1cd450f","name":"la r\u00e9daction","image":{"@type":"ImageObject","inLanguage":"fr-FR","@id":"https:\/\/vosgesinfo.fr\/saintdieinfo\/#\/schema\/person\/image\/","url":"https:\/\/secure.gravatar.com\/avatar\/6673d8bc6a9c17fa9a453eaa3448de834fa308c2ec9635b7aa99441a7c8d2cf6?s=96&d=mm&r=g","contentUrl":"https:\/\/secure.gravatar.com\/avatar\/6673d8bc6a9c17fa9a453eaa3448de834fa308c2ec9635b7aa99441a7c8d2cf6?s=96&d=mm&r=g","caption":"la r\u00e9daction"},"url":"https:\/\/vosgesinfo.fr\/saintdieinfo\/author\/redac\/"}]}},"_links":{"self":[{"href":"https:\/\/vosgesinfo.fr\/saintdieinfo\/wp-json\/wp\/v2\/posts\/58585","targetHints":{"allow":["GET"]}}],"collection":[{"href":"https:\/\/vosgesinfo.fr\/saintdieinfo\/wp-json\/wp\/v2\/posts"}],"about":[{"href":"https:\/\/vosgesinfo.fr\/saintdieinfo\/wp-json\/wp\/v2\/types\/post"}],"author":[{"embeddable":true,"href":"https:\/\/vosgesinfo.fr\/saintdieinfo\/wp-json\/wp\/v2\/users\/44"}],"replies":[{"embeddable":true,"href":"https:\/\/vosgesinfo.fr\/saintdieinfo\/wp-json\/wp\/v2\/comments?post=58585"}],"version-history":[{"count":0,"href":"https:\/\/vosgesinfo.fr\/saintdieinfo\/wp-json\/wp\/v2\/posts\/58585\/revisions"}],"wp:featuredmedia":[{"embeddable":true,"href":"https:\/\/vosgesinfo.fr\/saintdieinfo\/wp-json\/wp\/v2\/media\/58586"}],"wp:attachment":[{"href":"https:\/\/vosgesinfo.fr\/saintdieinfo\/wp-json\/wp\/v2\/media?parent=58585"}],"wp:term":[{"taxonomy":"category","embeddable":true,"href":"https:\/\/vosgesinfo.fr\/saintdieinfo\/wp-json\/wp\/v2\/categories?post=58585"},{"taxonomy":"post_tag","embeddable":true,"href":"https:\/\/vosgesinfo.fr\/saintdieinfo\/wp-json\/wp\/v2\/tags?post=58585"}],"curies":[{"name":"wp","href":"https:\/\/api.w.org\/{rel}","templated":true}]}}