{"id":58591,"date":"2022-10-14T13:17:36","date_gmt":"2022-10-14T11:17:36","guid":{"rendered":"https:\/\/vosgesinfo.fr\/saintdieinfo\/2022\/10\/penurie-de-carburants-stations-service-acces-prioritaire-vosges\/"},"modified":"2022-10-14T13:17:36","modified_gmt":"2022-10-14T11:17:36","slug":"penurie-de-carburants-stations-service-acces-prioritaire-vosges","status":"publish","type":"post","link":"https:\/\/vosgesinfo.fr\/saintdieinfo\/2022\/10\/penurie-de-carburants-stations-service-acces-prioritaire-vosges\/","title":{"rendered":"P\u00e9nurie de carburants\u00a0: les stations-service avec un acc\u00e8s prioritaire dans les Vosges"},"content":{"rendered":"<div id=\"attachment_180151\" style=\"width: 970px\" class=\"wp-caption aligncenter\"><a href=\"\/2022\/03\/essence-station.jpg\" target=\"_blank\" rel=\"noopener\"><img decoding=\"async\" aria-describedby=\"caption-attachment-180151\" class=\"wp-image-180151 size-full\" src=\"\/2022\/03\/essence-station.jpg\" alt=\"essence-station\" width=\"960\" height=\"638\" \/><\/a><p id=\"caption-attachment-180151\" class=\"wp-caption-text\">(Illustration)<\/p><\/div>\n<h2><strong><span style=\"font-size: 14pt;\">Dans un communiqu\u00e9 en date de ce jeudi 13 octobre, la Pr\u00e9fecture des Vosges annon\u00e7ait qu&rsquo;\u00e0 compter de ce vendredi, une vingtaine de stations-service du d\u00e9partement mettront en place \u00ab\u00a0un acc\u00e8s prioritaire aux professionnels de la s\u00e9curit\u00e9 et de la sant\u00e9\u00a0\u00bb (<a href=\"https:\/\/saintdieinfo.fr\/2022\/10\/penurie-de-carburants-mise-place-dacces-prioritaires-certaines-stations-service-vosges\/\" target=\"_blank\" rel=\"noopener\">lire le communiqu\u00e9 ici<\/a>).<\/span><\/strong><\/h2>\n<p><!--more--><\/p>\n<p>Au final, ce sont les 15 stations-service suivantes qui sont concern\u00e9es par cette mesure. Il s&rsquo;agit des stations Carrefour \u00e0 Lamarche et Jeuxey\u00a0; E.Leclerc \u00e0 Contrex\u00e9ville, Golbey et Neufch\u00e2teau\u00a0; G\u00e9ant Casino \u00e0 Epinal\u00a0; Intermarch\u00e9 \u00e0 Darney, Mirecourt et Rambervillers\u00a0; Super U \u00e0 Anould, Thaon-les-Vosges et Vagney\u00a0; Total \u00e0 La Bresse, Saulxures-sur-Moselotte et Vincey.<\/p>\n<p>30 professions au total b\u00e9n\u00e9ficient d&rsquo;un acc\u00e8s prioritaire dans ces stations-service. Respectivement l&rsquo;administration p\u00e9nitentiaire et judiciaire, les aides \u00e0 domicile, les ambulances, les camions-citernes p\u00e9troliers, le corps pr\u00e9fectoral, les douanes, les d\u00e9panneurs, les \u00e9quarrisseurs, la gendarmerie, les laboratoires d&rsquo;analyse, les personnels soignants, la police, les pompes fun\u00e8bres, les professionnels de sant\u00e9 lib\u00e9raux, le SAMU, les sapeurs-pompiers, la S\u00e9curit\u00e9 Civile, les services d&rsquo;intervention d&rsquo;urgence, les services de livraison de produits pharmaceutiques et sanguins, les taxis qui effectuent un transport sanitaire, les transports collectifs urbains et scolaires, les transporteurs de fonds, le transport de d\u00e9chets de soins \u00e0 risque infectieux, les v\u00e9hicules de collecte de lait, les v\u00e9hicules de transports d&rsquo;ordures m\u00e9nag\u00e8res, les v\u00e9hicules sanitaires et les v\u00e9t\u00e9rinaires.<\/p>\n<p>J.J.<\/p>\n","protected":false},"excerpt":{"rendered":"<p>Dans un communiqu\u00e9 en date de ce jeudi 13 octobre, la Pr\u00e9fecture des Vosges annon\u00e7ait qu&rsquo;\u00e0 compter de ce vendredi, [&hellip;]<\/p>\n","protected":false},"author":44,"featured_media":58592,"comment_status":"open","ping_status":"open","sticky":false,"template":"","format":"standard","meta":{"footnotes":""},"categories":[460,13,18],"tags":[12800,550,12806],"class_list":["post-58591","post","type-post","status-publish","format-standard","has-post-thumbnail","hentry","category-a-la-une","category-societe","category-vosges","tag-penurie-de-carburants","tag-prefecture-des-vosges","tag-stations-service-avec-un-acces-prioritaire-dans-les-vosges"],"acf":[],"yoast_head":"<!-- This site is optimized with the Yoast SEO plugin v22.5 - https:\/\/yoast.com\/wordpress\/plugins\/seo\/ -->\n<title>P\u00e9nurie de carburants\u00a0: les stations-service avec un acc\u00e8s prioritaire dans les Vosges - Saint Die Info<\/title>\n<meta name=\"robots\" content=\"index, follow, max-snippet:-1, max-image-preview:large, max-video-preview:-1\" \/>\n<link rel=\"canonical\" href=\"https:\/\/vosgesinfo.fr\/saintdieinfo\/2022\/10\/penurie-de-carburants-stations-service-acces-prioritaire-vosges\/\" \/>\n<meta name=\"twitter:card\" content=\"summary_large_image\" \/>\n<meta name=\"twitter:title\" content=\"P\u00e9nurie de carburants\u00a0: les stations-service avec un acc\u00e8s prioritaire dans les Vosges - Saint Die Info\" \/>\n<meta name=\"twitter:description\" content=\"Dans un communiqu\u00e9 en date de ce jeudi 13 octobre, la Pr\u00e9fecture des Vosges annon\u00e7ait qu&rsquo;\u00e0 compter de ce vendredi, [&hellip;]\" \/>\n<meta name=\"twitter:image\" content=\"https:\/\/vosgesinfo.fr\/app\/uploads\/sites\/4\/2024\/08\/202203essence-station-3.jpg\" \/>\n<meta name=\"twitter:creator\" content=\"@VosgesInfo88\" \/>\n<meta name=\"twitter:site\" content=\"@VosgesInfo88\" \/>\n<meta name=\"twitter:label1\" content=\"\u00c9crit par\" \/>\n\t<meta name=\"twitter:data1\" content=\"la r\u00e9daction\" \/>\n\t<meta name=\"twitter:label2\" content=\"Dur\u00e9e de lecture estim\u00e9e\" \/>\n\t<meta name=\"twitter:data2\" content=\"1 minute\" \/>\n<script type=\"application\/ld+json\" class=\"yoast-schema-graph\">{\"@context\":\"https:\/\/schema.org\",\"@graph\":[{\"@type\":\"Article\",\"@id\":\"https:\/\/vosgesinfo.fr\/saintdieinfo\/2022\/10\/penurie-de-carburants-stations-service-acces-prioritaire-vosges\/#article\",\"isPartOf\":{\"@id\":\"https:\/\/vosgesinfo.fr\/saintdieinfo\/2022\/10\/penurie-de-carburants-stations-service-acces-prioritaire-vosges\/\"},\"author\":{\"name\":\"la r\u00e9daction\",\"@id\":\"https:\/\/vosgesinfo.fr\/saintdieinfo\/#\/schema\/person\/faee6704a21f3977511db84bd1cd450f\"},\"headline\":\"P\u00e9nurie de carburants\u00a0: les stations-service avec un acc\u00e8s prioritaire dans les Vosges\",\"datePublished\":\"2022-10-14T11:17:36+00:00\",\"dateModified\":\"2022-10-14T11:17:36+00:00\",\"mainEntityOfPage\":{\"@id\":\"https:\/\/vosgesinfo.fr\/saintdieinfo\/2022\/10\/penurie-de-carburants-stations-service-acces-prioritaire-vosges\/\"},\"wordCount\":262,\"commentCount\":0,\"publisher\":{\"@id\":\"https:\/\/vosgesinfo.fr\/saintdieinfo\/#organization\"},\"image\":{\"@id\":\"https:\/\/vosgesinfo.fr\/saintdieinfo\/2022\/10\/penurie-de-carburants-stations-service-acces-prioritaire-vosges\/#primaryimage\"},\"thumbnailUrl\":\"https:\/\/vosgesinfo.fr\/app\/uploads\/sites\/4\/2024\/08\/202203essence-station-3.jpg\",\"keywords\":[\"P\u00e9nurie de carburants\",\"pr\u00e9fecture des Vosges\",\"Stations-service avec un acc\u00e8s prioritaire dans les Vosges\"],\"articleSection\":[\"A la Une\",\"Soci\u00e9t\u00e9\",\"Vosges\"],\"inLanguage\":\"fr-FR\",\"potentialAction\":[{\"@type\":\"CommentAction\",\"name\":\"Comment\",\"target\":[\"https:\/\/vosgesinfo.fr\/saintdieinfo\/2022\/10\/penurie-de-carburants-stations-service-acces-prioritaire-vosges\/#respond\"]}]},{\"@type\":\"WebPage\",\"@id\":\"https:\/\/vosgesinfo.fr\/saintdieinfo\/2022\/10\/penurie-de-carburants-stations-service-acces-prioritaire-vosges\/\",\"url\":\"https:\/\/vosgesinfo.fr\/saintdieinfo\/2022\/10\/penurie-de-carburants-stations-service-acces-prioritaire-vosges\/\",\"name\":\"P\u00e9nurie de carburants\u00a0: les stations-service avec un acc\u00e8s prioritaire dans les Vosges - Saint Die Info\",\"isPartOf\":{\"@id\":\"https:\/\/vosgesinfo.fr\/saintdieinfo\/#website\"},\"primaryImageOfPage\":{\"@id\":\"https:\/\/vosgesinfo.fr\/saintdieinfo\/2022\/10\/penurie-de-carburants-stations-service-acces-prioritaire-vosges\/#primaryimage\"},\"image\":{\"@id\":\"https:\/\/vosgesinfo.fr\/saintdieinfo\/2022\/10\/penurie-de-carburants-stations-service-acces-prioritaire-vosges\/#primaryimage\"},\"thumbnailUrl\":\"https:\/\/vosgesinfo.fr\/app\/uploads\/sites\/4\/2024\/08\/202203essence-station-3.jpg\",\"datePublished\":\"2022-10-14T11:17:36+00:00\",\"dateModified\":\"2022-10-14T11:17:36+00:00\",\"breadcrumb\":{\"@id\":\"https:\/\/vosgesinfo.fr\/saintdieinfo\/2022\/10\/penurie-de-carburants-stations-service-acces-prioritaire-vosges\/#breadcrumb\"},\"inLanguage\":\"fr-FR\",\"potentialAction\":[{\"@type\":\"ReadAction\",\"target\":[\"https:\/\/vosgesinfo.fr\/saintdieinfo\/2022\/10\/penurie-de-carburants-stations-service-acces-prioritaire-vosges\/\"]}]},{\"@type\":\"ImageObject\",\"inLanguage\":\"fr-FR\",\"@id\":\"https:\/\/vosgesinfo.fr\/saintdieinfo\/2022\/10\/penurie-de-carburants-stations-service-acces-prioritaire-vosges\/#primaryimage\",\"url\":\"https:\/\/vosgesinfo.fr\/app\/uploads\/sites\/4\/2024\/08\/202203essence-station-3.jpg\",\"contentUrl\":\"https:\/\/vosgesinfo.fr\/app\/uploads\/sites\/4\/2024\/08\/202203essence-station-3.jpg\",\"width\":960,\"height\":638},{\"@type\":\"BreadcrumbList\",\"@id\":\"https:\/\/vosgesinfo.fr\/saintdieinfo\/2022\/10\/penurie-de-carburants-stations-service-acces-prioritaire-vosges\/#breadcrumb\",\"itemListElement\":[{\"@type\":\"ListItem\",\"position\":1,\"name\":\"Home\",\"item\":\"https:\/\/vosgesinfo.fr\/saintdieinfo\/\"},{\"@type\":\"ListItem\",\"position\":2,\"name\":\"P\u00e9nurie de carburants\u00a0: les stations-service avec un acc\u00e8s prioritaire dans les Vosges\"}]},{\"@type\":\"WebSite\",\"@id\":\"https:\/\/vosgesinfo.fr\/saintdieinfo\/#website\",\"url\":\"https:\/\/vosgesinfo.fr\/saintdieinfo\/\",\"name\":\"Saint Die Info\",\"description\":\"Toute l&#039;actualit\u00e9 de Saint-Di\u00e9-Des-Vosges\",\"publisher\":{\"@id\":\"https:\/\/vosgesinfo.fr\/saintdieinfo\/#organization\"},\"alternateName\":\"Toute l'actualit\u00e9 de Saint-Di\u00e9-Des-Vosges\",\"potentialAction\":[{\"@type\":\"SearchAction\",\"target\":{\"@type\":\"EntryPoint\",\"urlTemplate\":\"https:\/\/vosgesinfo.fr\/saintdieinfo\/?s={search_term_string}\"},\"query-input\":\"required name=search_term_string\"}],\"inLanguage\":\"fr-FR\"},{\"@type\":\"Organization\",\"@id\":\"https:\/\/vosgesinfo.fr\/saintdieinfo\/#organization\",\"name\":\"Saint Die Info\",\"url\":\"https:\/\/vosgesinfo.fr\/saintdieinfo\/\",\"logo\":{\"@type\":\"ImageObject\",\"inLanguage\":\"fr-FR\",\"@id\":\"https:\/\/vosgesinfo.fr\/saintdieinfo\/#\/schema\/logo\/image\/\",\"url\":\"https:\/\/vosgesinfo.fr\/app\/uploads\/sites\/4\/2024\/02\/logo-sdi.jpg\",\"contentUrl\":\"https:\/\/vosgesinfo.fr\/app\/uploads\/sites\/4\/2024\/02\/logo-sdi.jpg\",\"width\":600,\"height\":600,\"caption\":\"Saint Die Info\"},\"image\":{\"@id\":\"https:\/\/vosgesinfo.fr\/saintdieinfo\/#\/schema\/logo\/image\/\"},\"sameAs\":[\"https:\/\/www.facebook.com\/Saintdieinfofr\",\"https:\/\/x.com\/VosgesInfo88\",\"https:\/\/www.youtube.com\/@vosgesinfo\"]},{\"@type\":\"Person\",\"@id\":\"https:\/\/vosgesinfo.fr\/saintdieinfo\/#\/schema\/person\/faee6704a21f3977511db84bd1cd450f\",\"name\":\"la r\u00e9daction\",\"image\":{\"@type\":\"ImageObject\",\"inLanguage\":\"fr-FR\",\"@id\":\"https:\/\/vosgesinfo.fr\/saintdieinfo\/#\/schema\/person\/image\/\",\"url\":\"https:\/\/secure.gravatar.com\/avatar\/6673d8bc6a9c17fa9a453eaa3448de834fa308c2ec9635b7aa99441a7c8d2cf6?s=96&d=mm&r=g\",\"contentUrl\":\"https:\/\/secure.gravatar.com\/avatar\/6673d8bc6a9c17fa9a453eaa3448de834fa308c2ec9635b7aa99441a7c8d2cf6?s=96&d=mm&r=g\",\"caption\":\"la r\u00e9daction\"},\"url\":\"https:\/\/vosgesinfo.fr\/saintdieinfo\/author\/redac\/\"}]}<\/script>\n<!-- \/ Yoast SEO plugin. -->","yoast_head_json":{"title":"P\u00e9nurie de carburants\u00a0: les stations-service avec un acc\u00e8s prioritaire dans les Vosges - Saint Die Info","robots":{"index":"index","follow":"follow","max-snippet":"max-snippet:-1","max-image-preview":"max-image-preview:large","max-video-preview":"max-video-preview:-1"},"canonical":"https:\/\/vosgesinfo.fr\/saintdieinfo\/2022\/10\/penurie-de-carburants-stations-service-acces-prioritaire-vosges\/","twitter_card":"summary_large_image","twitter_title":"P\u00e9nurie de carburants\u00a0: les stations-service avec un acc\u00e8s prioritaire dans les Vosges - Saint Die Info","twitter_description":"Dans un communiqu\u00e9 en date de ce jeudi 13 octobre, la Pr\u00e9fecture des Vosges annon\u00e7ait qu&rsquo;\u00e0 compter de ce vendredi, [&hellip;]","twitter_image":"https:\/\/vosgesinfo.fr\/app\/uploads\/sites\/4\/2024\/08\/202203essence-station-3.jpg","twitter_creator":"@VosgesInfo88","twitter_site":"@VosgesInfo88","twitter_misc":{"\u00c9crit par":"la r\u00e9daction","Dur\u00e9e de lecture estim\u00e9e":"1 minute"},"schema":{"@context":"https:\/\/schema.org","@graph":[{"@type":"Article","@id":"https:\/\/vosgesinfo.fr\/saintdieinfo\/2022\/10\/penurie-de-carburants-stations-service-acces-prioritaire-vosges\/#article","isPartOf":{"@id":"https:\/\/vosgesinfo.fr\/saintdieinfo\/2022\/10\/penurie-de-carburants-stations-service-acces-prioritaire-vosges\/"},"author":{"name":"la r\u00e9daction","@id":"https:\/\/vosgesinfo.fr\/saintdieinfo\/#\/schema\/person\/faee6704a21f3977511db84bd1cd450f"},"headline":"P\u00e9nurie de carburants\u00a0: les stations-service avec un acc\u00e8s prioritaire dans les Vosges","datePublished":"2022-10-14T11:17:36+00:00","dateModified":"2022-10-14T11:17:36+00:00","mainEntityOfPage":{"@id":"https:\/\/vosgesinfo.fr\/saintdieinfo\/2022\/10\/penurie-de-carburants-stations-service-acces-prioritaire-vosges\/"},"wordCount":262,"commentCount":0,"publisher":{"@id":"https:\/\/vosgesinfo.fr\/saintdieinfo\/#organization"},"image":{"@id":"https:\/\/vosgesinfo.fr\/saintdieinfo\/2022\/10\/penurie-de-carburants-stations-service-acces-prioritaire-vosges\/#primaryimage"},"thumbnailUrl":"https:\/\/vosgesinfo.fr\/app\/uploads\/sites\/4\/2024\/08\/202203essence-station-3.jpg","keywords":["P\u00e9nurie de carburants","pr\u00e9fecture des Vosges","Stations-service avec un acc\u00e8s prioritaire dans les Vosges"],"articleSection":["A la Une","Soci\u00e9t\u00e9","Vosges"],"inLanguage":"fr-FR","potentialAction":[{"@type":"CommentAction","name":"Comment","target":["https:\/\/vosgesinfo.fr\/saintdieinfo\/2022\/10\/penurie-de-carburants-stations-service-acces-prioritaire-vosges\/#respond"]}]},{"@type":"WebPage","@id":"https:\/\/vosgesinfo.fr\/saintdieinfo\/2022\/10\/penurie-de-carburants-stations-service-acces-prioritaire-vosges\/","url":"https:\/\/vosgesinfo.fr\/saintdieinfo\/2022\/10\/penurie-de-carburants-stations-service-acces-prioritaire-vosges\/","name":"P\u00e9nurie de carburants\u00a0: les stations-service avec un acc\u00e8s prioritaire dans les Vosges - Saint Die Info","isPartOf":{"@id":"https:\/\/vosgesinfo.fr\/saintdieinfo\/#website"},"primaryImageOfPage":{"@id":"https:\/\/vosgesinfo.fr\/saintdieinfo\/2022\/10\/penurie-de-carburants-stations-service-acces-prioritaire-vosges\/#primaryimage"},"image":{"@id":"https:\/\/vosgesinfo.fr\/saintdieinfo\/2022\/10\/penurie-de-carburants-stations-service-acces-prioritaire-vosges\/#primaryimage"},"thumbnailUrl":"https:\/\/vosgesinfo.fr\/app\/uploads\/sites\/4\/2024\/08\/202203essence-station-3.jpg","datePublished":"2022-10-14T11:17:36+00:00","dateModified":"2022-10-14T11:17:36+00:00","breadcrumb":{"@id":"https:\/\/vosgesinfo.fr\/saintdieinfo\/2022\/10\/penurie-de-carburants-stations-service-acces-prioritaire-vosges\/#breadcrumb"},"inLanguage":"fr-FR","potentialAction":[{"@type":"ReadAction","target":["https:\/\/vosgesinfo.fr\/saintdieinfo\/2022\/10\/penurie-de-carburants-stations-service-acces-prioritaire-vosges\/"]}]},{"@type":"ImageObject","inLanguage":"fr-FR","@id":"https:\/\/vosgesinfo.fr\/saintdieinfo\/2022\/10\/penurie-de-carburants-stations-service-acces-prioritaire-vosges\/#primaryimage","url":"https:\/\/vosgesinfo.fr\/app\/uploads\/sites\/4\/2024\/08\/202203essence-station-3.jpg","contentUrl":"https:\/\/vosgesinfo.fr\/app\/uploads\/sites\/4\/2024\/08\/202203essence-station-3.jpg","width":960,"height":638},{"@type":"BreadcrumbList","@id":"https:\/\/vosgesinfo.fr\/saintdieinfo\/2022\/10\/penurie-de-carburants-stations-service-acces-prioritaire-vosges\/#breadcrumb","itemListElement":[{"@type":"ListItem","position":1,"name":"Home","item":"https:\/\/vosgesinfo.fr\/saintdieinfo\/"},{"@type":"ListItem","position":2,"name":"P\u00e9nurie de carburants\u00a0: les stations-service avec un acc\u00e8s prioritaire dans les Vosges"}]},{"@type":"WebSite","@id":"https:\/\/vosgesinfo.fr\/saintdieinfo\/#website","url":"https:\/\/vosgesinfo.fr\/saintdieinfo\/","name":"Saint Die Info","description":"Toute l&#039;actualit\u00e9 de Saint-Di\u00e9-Des-Vosges","publisher":{"@id":"https:\/\/vosgesinfo.fr\/saintdieinfo\/#organization"},"alternateName":"Toute l'actualit\u00e9 de Saint-Di\u00e9-Des-Vosges","potentialAction":[{"@type":"SearchAction","target":{"@type":"EntryPoint","urlTemplate":"https:\/\/vosgesinfo.fr\/saintdieinfo\/?s={search_term_string}"},"query-input":"required name=search_term_string"}],"inLanguage":"fr-FR"},{"@type":"Organization","@id":"https:\/\/vosgesinfo.fr\/saintdieinfo\/#organization","name":"Saint Die Info","url":"https:\/\/vosgesinfo.fr\/saintdieinfo\/","logo":{"@type":"ImageObject","inLanguage":"fr-FR","@id":"https:\/\/vosgesinfo.fr\/saintdieinfo\/#\/schema\/logo\/image\/","url":"https:\/\/vosgesinfo.fr\/app\/uploads\/sites\/4\/2024\/02\/logo-sdi.jpg","contentUrl":"https:\/\/vosgesinfo.fr\/app\/uploads\/sites\/4\/2024\/02\/logo-sdi.jpg","width":600,"height":600,"caption":"Saint Die Info"},"image":{"@id":"https:\/\/vosgesinfo.fr\/saintdieinfo\/#\/schema\/logo\/image\/"},"sameAs":["https:\/\/www.facebook.com\/Saintdieinfofr","https:\/\/x.com\/VosgesInfo88","https:\/\/www.youtube.com\/@vosgesinfo"]},{"@type":"Person","@id":"https:\/\/vosgesinfo.fr\/saintdieinfo\/#\/schema\/person\/faee6704a21f3977511db84bd1cd450f","name":"la r\u00e9daction","image":{"@type":"ImageObject","inLanguage":"fr-FR","@id":"https:\/\/vosgesinfo.fr\/saintdieinfo\/#\/schema\/person\/image\/","url":"https:\/\/secure.gravatar.com\/avatar\/6673d8bc6a9c17fa9a453eaa3448de834fa308c2ec9635b7aa99441a7c8d2cf6?s=96&d=mm&r=g","contentUrl":"https:\/\/secure.gravatar.com\/avatar\/6673d8bc6a9c17fa9a453eaa3448de834fa308c2ec9635b7aa99441a7c8d2cf6?s=96&d=mm&r=g","caption":"la r\u00e9daction"},"url":"https:\/\/vosgesinfo.fr\/saintdieinfo\/author\/redac\/"}]}},"_links":{"self":[{"href":"https:\/\/vosgesinfo.fr\/saintdieinfo\/wp-json\/wp\/v2\/posts\/58591","targetHints":{"allow":["GET"]}}],"collection":[{"href":"https:\/\/vosgesinfo.fr\/saintdieinfo\/wp-json\/wp\/v2\/posts"}],"about":[{"href":"https:\/\/vosgesinfo.fr\/saintdieinfo\/wp-json\/wp\/v2\/types\/post"}],"author":[{"embeddable":true,"href":"https:\/\/vosgesinfo.fr\/saintdieinfo\/wp-json\/wp\/v2\/users\/44"}],"replies":[{"embeddable":true,"href":"https:\/\/vosgesinfo.fr\/saintdieinfo\/wp-json\/wp\/v2\/comments?post=58591"}],"version-history":[{"count":0,"href":"https:\/\/vosgesinfo.fr\/saintdieinfo\/wp-json\/wp\/v2\/posts\/58591\/revisions"}],"wp:featuredmedia":[{"embeddable":true,"href":"https:\/\/vosgesinfo.fr\/saintdieinfo\/wp-json\/wp\/v2\/media\/58592"}],"wp:attachment":[{"href":"https:\/\/vosgesinfo.fr\/saintdieinfo\/wp-json\/wp\/v2\/media?parent=58591"}],"wp:term":[{"taxonomy":"category","embeddable":true,"href":"https:\/\/vosgesinfo.fr\/saintdieinfo\/wp-json\/wp\/v2\/categories?post=58591"},{"taxonomy":"post_tag","embeddable":true,"href":"https:\/\/vosgesinfo.fr\/saintdieinfo\/wp-json\/wp\/v2\/tags?post=58591"}],"curies":[{"name":"wp","href":"https:\/\/api.w.org\/{rel}","templated":true}]}}