{"id":58593,"date":"2022-10-14T13:25:22","date_gmt":"2022-10-14T11:25:22","guid":{"rendered":"https:\/\/vosgesinfo.fr\/saintdieinfo\/2022\/10\/vosges-rencontres-senateur-jean-hingray-se-poursuivent\/"},"modified":"2022-10-14T13:25:22","modified_gmt":"2022-10-14T11:25:22","slug":"vosges-rencontres-senateur-jean-hingray-se-poursuivent","status":"publish","type":"post","link":"https:\/\/vosgesinfo.fr\/saintdieinfo\/2022\/10\/vosges-rencontres-senateur-jean-hingray-se-poursuivent\/","title":{"rendered":"Vosges \u2013 Les rencontres du s\u00e9nateur Jean Hingray se poursuivent"},"content":{"rendered":"<div id=\"attachment_191165\" style=\"width: 970px\" class=\"wp-caption aligncenter\"><a href=\"\/2022\/10\/rencontres-du-S\u00e9nateur-GERARDMER.jpg\" target=\"_blank\" rel=\"noopener\"><img decoding=\"async\" aria-describedby=\"caption-attachment-191165\" class=\"wp-image-191165 size-large\" src=\"\/2022\/10\/rencontres-du-S\u00e9nateur-GERARDMER-1024x786.jpg\" alt=\"rencontres du S\u00e9nateur GERARDMER\" width=\"960\" height=\"737\" \/><\/a><p id=\"caption-attachment-191165\" class=\"wp-caption-text\">(Photographie Jean Hingray)<\/p><\/div>\n<h2 style=\"text-align: left;\" align=\"JUSTIFY\"><strong><span style=\"font-size: 14pt;\"><span style=\"color: #000000;\"><span style=\"font-family: Times New Roman, sans-serif;\">Ce jeudi 13 octobre, s\u2019est tenue la 5<\/span><\/span><span style=\"color: #000000;\"><sup><span style=\"font-family: Times New Roman, sans-serif;\">\u00e8me<\/span><\/sup><\/span><span style=\"color: #000000;\"><span style=\"font-family: Times New Roman, sans-serif;\"> \u00e9dition des rencontres du S\u00e9nateur dans le canton de\u00a0 GERARDMER. Jean Hingray et sa suppl\u00e9ante Jenny Willemin, en pr\u00e9sence de Stessy Speissman maire de G\u00e9rardmer, ont invit\u00e9 tous les \u00e9lus du canton \u00e0 un temps d\u2019\u00e9change et de convivialit\u00e9. <\/span><\/span><\/span><\/strong><\/h2>\n<p style=\"text-align: left;\" align=\"JUSTIFY\"><!--more--><\/p>\n<p style=\"text-align: left;\" align=\"JUSTIFY\"><span style=\"color: #000000; font-size: 12pt;\"><span style=\"font-family: Times New Roman, sans-serif;\">Les \u00e9lus ont interpell\u00e9 le s\u00e9nateur sur diff\u00e9rents th\u00e8mes notamment sur les comp\u00e9tences retir\u00e9es au petites communes, les difficult\u00e9s concernant le PLU (plan local d\u2019urbanisme), l\u2019impact de la hausse du prix de l\u2019\u00e9nergie sur les services publics, la justice sociale. L\u2019apr\u00e8s-midi m\u00eame Jean Hingray et sa suppl\u00e9ante \u00e9taient sur le terrain en visite d\u2019entreprise \u00e0\u00a0 Acro-Sph\u00e8re \u00e0 G\u00e9rardmer avec Pascal Suisse Directeur. L\u2019\u00e9coute est la seule d\u00e9marche constructive en cette p\u00e9riode troubl\u00e9e o\u00f9 les fondamentaux de la d\u00e9mocratie fran\u00e7aise sont \u00e0 r\u00e9inventer. La prochaine rencontre du S\u00e9nateur aura lieu dans le canton de LA BRESSE le jeudi 3 novembre prochain.<\/span><\/span><\/p>\n","protected":false},"excerpt":{"rendered":"<p>Ce jeudi 13 octobre, s\u2019est tenue la 5\u00e8me \u00e9dition des rencontres du S\u00e9nateur dans le canton de\u00a0 GERARDMER. Jean Hingray [&hellip;]<\/p>\n","protected":false},"author":44,"featured_media":58594,"comment_status":"open","ping_status":"open","sticky":false,"template":"","format":"standard","meta":{"footnotes":""},"categories":[460,10,18],"tags":[79,3801,12807,3570],"class_list":["post-58593","post","type-post","status-publish","format-standard","has-post-thumbnail","hentry","category-a-la-une","category-politique","category-vosges","tag-gerardmer","tag-jean-hingray","tag-rencontres-du-senateur","tag-senateur-des-vosges"],"acf":[],"yoast_head":"<!-- This site is optimized with the Yoast SEO plugin v22.5 - https:\/\/yoast.com\/wordpress\/plugins\/seo\/ -->\n<title>Vosges \u2013 Les rencontres du s\u00e9nateur Jean Hingray se poursuivent - Saint Die Info<\/title>\n<meta name=\"robots\" content=\"index, follow, max-snippet:-1, max-image-preview:large, max-video-preview:-1\" \/>\n<link rel=\"canonical\" href=\"https:\/\/vosgesinfo.fr\/saintdieinfo\/2022\/10\/vosges-rencontres-senateur-jean-hingray-se-poursuivent\/\" \/>\n<meta name=\"twitter:card\" content=\"summary_large_image\" \/>\n<meta name=\"twitter:title\" content=\"Vosges \u2013 Les rencontres du s\u00e9nateur Jean Hingray se poursuivent - Saint Die Info\" \/>\n<meta name=\"twitter:description\" content=\"Ce jeudi 13 octobre, s\u2019est tenue la 5\u00e8me \u00e9dition des rencontres du S\u00e9nateur dans le canton de\u00a0 GERARDMER. Jean Hingray [&hellip;]\" \/>\n<meta name=\"twitter:image\" content=\"https:\/\/vosgesinfo.fr\/app\/uploads\/sites\/4\/2024\/08\/202210rencontres-du-senateur-gerardmer.jpg\" \/>\n<meta name=\"twitter:creator\" content=\"@VosgesInfo88\" \/>\n<meta name=\"twitter:site\" content=\"@VosgesInfo88\" \/>\n<meta name=\"twitter:label1\" content=\"\u00c9crit par\" \/>\n\t<meta name=\"twitter:data1\" content=\"la r\u00e9daction\" \/>\n\t<meta name=\"twitter:label2\" content=\"Dur\u00e9e de lecture estim\u00e9e\" \/>\n\t<meta name=\"twitter:data2\" content=\"1 minute\" \/>\n<script type=\"application\/ld+json\" class=\"yoast-schema-graph\">{\"@context\":\"https:\/\/schema.org\",\"@graph\":[{\"@type\":\"Article\",\"@id\":\"https:\/\/vosgesinfo.fr\/saintdieinfo\/2022\/10\/vosges-rencontres-senateur-jean-hingray-se-poursuivent\/#article\",\"isPartOf\":{\"@id\":\"https:\/\/vosgesinfo.fr\/saintdieinfo\/2022\/10\/vosges-rencontres-senateur-jean-hingray-se-poursuivent\/\"},\"author\":{\"name\":\"la r\u00e9daction\",\"@id\":\"https:\/\/vosgesinfo.fr\/saintdieinfo\/#\/schema\/person\/faee6704a21f3977511db84bd1cd450f\"},\"headline\":\"Vosges \u2013 Les rencontres du s\u00e9nateur Jean Hingray se poursuivent\",\"datePublished\":\"2022-10-14T11:25:22+00:00\",\"dateModified\":\"2022-10-14T11:25:22+00:00\",\"mainEntityOfPage\":{\"@id\":\"https:\/\/vosgesinfo.fr\/saintdieinfo\/2022\/10\/vosges-rencontres-senateur-jean-hingray-se-poursuivent\/\"},\"wordCount\":191,\"commentCount\":0,\"publisher\":{\"@id\":\"https:\/\/vosgesinfo.fr\/saintdieinfo\/#organization\"},\"image\":{\"@id\":\"https:\/\/vosgesinfo.fr\/saintdieinfo\/2022\/10\/vosges-rencontres-senateur-jean-hingray-se-poursuivent\/#primaryimage\"},\"thumbnailUrl\":\"https:\/\/vosgesinfo.fr\/app\/uploads\/sites\/4\/2024\/08\/202210rencontres-du-senateur-gerardmer.jpg\",\"keywords\":[\"G\u00e9rardmer\",\"Jean Hingray\",\"Rencontres du s\u00e9nateur\",\"S\u00e9nateur des Vosges\"],\"articleSection\":[\"A la Une\",\"Politique\",\"Vosges\"],\"inLanguage\":\"fr-FR\",\"potentialAction\":[{\"@type\":\"CommentAction\",\"name\":\"Comment\",\"target\":[\"https:\/\/vosgesinfo.fr\/saintdieinfo\/2022\/10\/vosges-rencontres-senateur-jean-hingray-se-poursuivent\/#respond\"]}]},{\"@type\":\"WebPage\",\"@id\":\"https:\/\/vosgesinfo.fr\/saintdieinfo\/2022\/10\/vosges-rencontres-senateur-jean-hingray-se-poursuivent\/\",\"url\":\"https:\/\/vosgesinfo.fr\/saintdieinfo\/2022\/10\/vosges-rencontres-senateur-jean-hingray-se-poursuivent\/\",\"name\":\"Vosges \u2013 Les rencontres du s\u00e9nateur Jean Hingray se poursuivent - Saint Die Info\",\"isPartOf\":{\"@id\":\"https:\/\/vosgesinfo.fr\/saintdieinfo\/#website\"},\"primaryImageOfPage\":{\"@id\":\"https:\/\/vosgesinfo.fr\/saintdieinfo\/2022\/10\/vosges-rencontres-senateur-jean-hingray-se-poursuivent\/#primaryimage\"},\"image\":{\"@id\":\"https:\/\/vosgesinfo.fr\/saintdieinfo\/2022\/10\/vosges-rencontres-senateur-jean-hingray-se-poursuivent\/#primaryimage\"},\"thumbnailUrl\":\"https:\/\/vosgesinfo.fr\/app\/uploads\/sites\/4\/2024\/08\/202210rencontres-du-senateur-gerardmer.jpg\",\"datePublished\":\"2022-10-14T11:25:22+00:00\",\"dateModified\":\"2022-10-14T11:25:22+00:00\",\"breadcrumb\":{\"@id\":\"https:\/\/vosgesinfo.fr\/saintdieinfo\/2022\/10\/vosges-rencontres-senateur-jean-hingray-se-poursuivent\/#breadcrumb\"},\"inLanguage\":\"fr-FR\",\"potentialAction\":[{\"@type\":\"ReadAction\",\"target\":[\"https:\/\/vosgesinfo.fr\/saintdieinfo\/2022\/10\/vosges-rencontres-senateur-jean-hingray-se-poursuivent\/\"]}]},{\"@type\":\"ImageObject\",\"inLanguage\":\"fr-FR\",\"@id\":\"https:\/\/vosgesinfo.fr\/saintdieinfo\/2022\/10\/vosges-rencontres-senateur-jean-hingray-se-poursuivent\/#primaryimage\",\"url\":\"https:\/\/vosgesinfo.fr\/app\/uploads\/sites\/4\/2024\/08\/202210rencontres-du-senateur-gerardmer.jpg\",\"contentUrl\":\"https:\/\/vosgesinfo.fr\/app\/uploads\/sites\/4\/2024\/08\/202210rencontres-du-senateur-gerardmer.jpg\",\"width\":1600,\"height\":1228},{\"@type\":\"BreadcrumbList\",\"@id\":\"https:\/\/vosgesinfo.fr\/saintdieinfo\/2022\/10\/vosges-rencontres-senateur-jean-hingray-se-poursuivent\/#breadcrumb\",\"itemListElement\":[{\"@type\":\"ListItem\",\"position\":1,\"name\":\"Home\",\"item\":\"https:\/\/vosgesinfo.fr\/saintdieinfo\/\"},{\"@type\":\"ListItem\",\"position\":2,\"name\":\"Vosges \u2013 Les rencontres du s\u00e9nateur Jean Hingray se poursuivent\"}]},{\"@type\":\"WebSite\",\"@id\":\"https:\/\/vosgesinfo.fr\/saintdieinfo\/#website\",\"url\":\"https:\/\/vosgesinfo.fr\/saintdieinfo\/\",\"name\":\"Saint Die Info\",\"description\":\"Toute l&#039;actualit\u00e9 de Saint-Di\u00e9-Des-Vosges\",\"publisher\":{\"@id\":\"https:\/\/vosgesinfo.fr\/saintdieinfo\/#organization\"},\"alternateName\":\"Toute l'actualit\u00e9 de Saint-Di\u00e9-Des-Vosges\",\"potentialAction\":[{\"@type\":\"SearchAction\",\"target\":{\"@type\":\"EntryPoint\",\"urlTemplate\":\"https:\/\/vosgesinfo.fr\/saintdieinfo\/?s={search_term_string}\"},\"query-input\":\"required name=search_term_string\"}],\"inLanguage\":\"fr-FR\"},{\"@type\":\"Organization\",\"@id\":\"https:\/\/vosgesinfo.fr\/saintdieinfo\/#organization\",\"name\":\"Saint Die Info\",\"url\":\"https:\/\/vosgesinfo.fr\/saintdieinfo\/\",\"logo\":{\"@type\":\"ImageObject\",\"inLanguage\":\"fr-FR\",\"@id\":\"https:\/\/vosgesinfo.fr\/saintdieinfo\/#\/schema\/logo\/image\/\",\"url\":\"https:\/\/vosgesinfo.fr\/app\/uploads\/sites\/4\/2024\/02\/logo-sdi.jpg\",\"contentUrl\":\"https:\/\/vosgesinfo.fr\/app\/uploads\/sites\/4\/2024\/02\/logo-sdi.jpg\",\"width\":600,\"height\":600,\"caption\":\"Saint Die Info\"},\"image\":{\"@id\":\"https:\/\/vosgesinfo.fr\/saintdieinfo\/#\/schema\/logo\/image\/\"},\"sameAs\":[\"https:\/\/www.facebook.com\/Saintdieinfofr\",\"https:\/\/x.com\/VosgesInfo88\",\"https:\/\/www.youtube.com\/@vosgesinfo\"]},{\"@type\":\"Person\",\"@id\":\"https:\/\/vosgesinfo.fr\/saintdieinfo\/#\/schema\/person\/faee6704a21f3977511db84bd1cd450f\",\"name\":\"la r\u00e9daction\",\"image\":{\"@type\":\"ImageObject\",\"inLanguage\":\"fr-FR\",\"@id\":\"https:\/\/vosgesinfo.fr\/saintdieinfo\/#\/schema\/person\/image\/\",\"url\":\"https:\/\/secure.gravatar.com\/avatar\/6673d8bc6a9c17fa9a453eaa3448de834fa308c2ec9635b7aa99441a7c8d2cf6?s=96&d=mm&r=g\",\"contentUrl\":\"https:\/\/secure.gravatar.com\/avatar\/6673d8bc6a9c17fa9a453eaa3448de834fa308c2ec9635b7aa99441a7c8d2cf6?s=96&d=mm&r=g\",\"caption\":\"la r\u00e9daction\"},\"url\":\"https:\/\/vosgesinfo.fr\/saintdieinfo\/author\/redac\/\"}]}<\/script>\n<!-- \/ Yoast SEO plugin. -->","yoast_head_json":{"title":"Vosges \u2013 Les rencontres du s\u00e9nateur Jean Hingray se poursuivent - Saint Die Info","robots":{"index":"index","follow":"follow","max-snippet":"max-snippet:-1","max-image-preview":"max-image-preview:large","max-video-preview":"max-video-preview:-1"},"canonical":"https:\/\/vosgesinfo.fr\/saintdieinfo\/2022\/10\/vosges-rencontres-senateur-jean-hingray-se-poursuivent\/","twitter_card":"summary_large_image","twitter_title":"Vosges \u2013 Les rencontres du s\u00e9nateur Jean Hingray se poursuivent - Saint Die Info","twitter_description":"Ce jeudi 13 octobre, s\u2019est tenue la 5\u00e8me \u00e9dition des rencontres du S\u00e9nateur dans le canton de\u00a0 GERARDMER. Jean Hingray [&hellip;]","twitter_image":"https:\/\/vosgesinfo.fr\/app\/uploads\/sites\/4\/2024\/08\/202210rencontres-du-senateur-gerardmer.jpg","twitter_creator":"@VosgesInfo88","twitter_site":"@VosgesInfo88","twitter_misc":{"\u00c9crit par":"la r\u00e9daction","Dur\u00e9e de lecture estim\u00e9e":"1 minute"},"schema":{"@context":"https:\/\/schema.org","@graph":[{"@type":"Article","@id":"https:\/\/vosgesinfo.fr\/saintdieinfo\/2022\/10\/vosges-rencontres-senateur-jean-hingray-se-poursuivent\/#article","isPartOf":{"@id":"https:\/\/vosgesinfo.fr\/saintdieinfo\/2022\/10\/vosges-rencontres-senateur-jean-hingray-se-poursuivent\/"},"author":{"name":"la r\u00e9daction","@id":"https:\/\/vosgesinfo.fr\/saintdieinfo\/#\/schema\/person\/faee6704a21f3977511db84bd1cd450f"},"headline":"Vosges \u2013 Les rencontres du s\u00e9nateur Jean Hingray se poursuivent","datePublished":"2022-10-14T11:25:22+00:00","dateModified":"2022-10-14T11:25:22+00:00","mainEntityOfPage":{"@id":"https:\/\/vosgesinfo.fr\/saintdieinfo\/2022\/10\/vosges-rencontres-senateur-jean-hingray-se-poursuivent\/"},"wordCount":191,"commentCount":0,"publisher":{"@id":"https:\/\/vosgesinfo.fr\/saintdieinfo\/#organization"},"image":{"@id":"https:\/\/vosgesinfo.fr\/saintdieinfo\/2022\/10\/vosges-rencontres-senateur-jean-hingray-se-poursuivent\/#primaryimage"},"thumbnailUrl":"https:\/\/vosgesinfo.fr\/app\/uploads\/sites\/4\/2024\/08\/202210rencontres-du-senateur-gerardmer.jpg","keywords":["G\u00e9rardmer","Jean Hingray","Rencontres du s\u00e9nateur","S\u00e9nateur des Vosges"],"articleSection":["A la Une","Politique","Vosges"],"inLanguage":"fr-FR","potentialAction":[{"@type":"CommentAction","name":"Comment","target":["https:\/\/vosgesinfo.fr\/saintdieinfo\/2022\/10\/vosges-rencontres-senateur-jean-hingray-se-poursuivent\/#respond"]}]},{"@type":"WebPage","@id":"https:\/\/vosgesinfo.fr\/saintdieinfo\/2022\/10\/vosges-rencontres-senateur-jean-hingray-se-poursuivent\/","url":"https:\/\/vosgesinfo.fr\/saintdieinfo\/2022\/10\/vosges-rencontres-senateur-jean-hingray-se-poursuivent\/","name":"Vosges \u2013 Les rencontres du s\u00e9nateur Jean Hingray se poursuivent - Saint Die Info","isPartOf":{"@id":"https:\/\/vosgesinfo.fr\/saintdieinfo\/#website"},"primaryImageOfPage":{"@id":"https:\/\/vosgesinfo.fr\/saintdieinfo\/2022\/10\/vosges-rencontres-senateur-jean-hingray-se-poursuivent\/#primaryimage"},"image":{"@id":"https:\/\/vosgesinfo.fr\/saintdieinfo\/2022\/10\/vosges-rencontres-senateur-jean-hingray-se-poursuivent\/#primaryimage"},"thumbnailUrl":"https:\/\/vosgesinfo.fr\/app\/uploads\/sites\/4\/2024\/08\/202210rencontres-du-senateur-gerardmer.jpg","datePublished":"2022-10-14T11:25:22+00:00","dateModified":"2022-10-14T11:25:22+00:00","breadcrumb":{"@id":"https:\/\/vosgesinfo.fr\/saintdieinfo\/2022\/10\/vosges-rencontres-senateur-jean-hingray-se-poursuivent\/#breadcrumb"},"inLanguage":"fr-FR","potentialAction":[{"@type":"ReadAction","target":["https:\/\/vosgesinfo.fr\/saintdieinfo\/2022\/10\/vosges-rencontres-senateur-jean-hingray-se-poursuivent\/"]}]},{"@type":"ImageObject","inLanguage":"fr-FR","@id":"https:\/\/vosgesinfo.fr\/saintdieinfo\/2022\/10\/vosges-rencontres-senateur-jean-hingray-se-poursuivent\/#primaryimage","url":"https:\/\/vosgesinfo.fr\/app\/uploads\/sites\/4\/2024\/08\/202210rencontres-du-senateur-gerardmer.jpg","contentUrl":"https:\/\/vosgesinfo.fr\/app\/uploads\/sites\/4\/2024\/08\/202210rencontres-du-senateur-gerardmer.jpg","width":1600,"height":1228},{"@type":"BreadcrumbList","@id":"https:\/\/vosgesinfo.fr\/saintdieinfo\/2022\/10\/vosges-rencontres-senateur-jean-hingray-se-poursuivent\/#breadcrumb","itemListElement":[{"@type":"ListItem","position":1,"name":"Home","item":"https:\/\/vosgesinfo.fr\/saintdieinfo\/"},{"@type":"ListItem","position":2,"name":"Vosges \u2013 Les rencontres du s\u00e9nateur Jean Hingray se poursuivent"}]},{"@type":"WebSite","@id":"https:\/\/vosgesinfo.fr\/saintdieinfo\/#website","url":"https:\/\/vosgesinfo.fr\/saintdieinfo\/","name":"Saint Die Info","description":"Toute l&#039;actualit\u00e9 de Saint-Di\u00e9-Des-Vosges","publisher":{"@id":"https:\/\/vosgesinfo.fr\/saintdieinfo\/#organization"},"alternateName":"Toute l'actualit\u00e9 de Saint-Di\u00e9-Des-Vosges","potentialAction":[{"@type":"SearchAction","target":{"@type":"EntryPoint","urlTemplate":"https:\/\/vosgesinfo.fr\/saintdieinfo\/?s={search_term_string}"},"query-input":"required name=search_term_string"}],"inLanguage":"fr-FR"},{"@type":"Organization","@id":"https:\/\/vosgesinfo.fr\/saintdieinfo\/#organization","name":"Saint Die Info","url":"https:\/\/vosgesinfo.fr\/saintdieinfo\/","logo":{"@type":"ImageObject","inLanguage":"fr-FR","@id":"https:\/\/vosgesinfo.fr\/saintdieinfo\/#\/schema\/logo\/image\/","url":"https:\/\/vosgesinfo.fr\/app\/uploads\/sites\/4\/2024\/02\/logo-sdi.jpg","contentUrl":"https:\/\/vosgesinfo.fr\/app\/uploads\/sites\/4\/2024\/02\/logo-sdi.jpg","width":600,"height":600,"caption":"Saint Die Info"},"image":{"@id":"https:\/\/vosgesinfo.fr\/saintdieinfo\/#\/schema\/logo\/image\/"},"sameAs":["https:\/\/www.facebook.com\/Saintdieinfofr","https:\/\/x.com\/VosgesInfo88","https:\/\/www.youtube.com\/@vosgesinfo"]},{"@type":"Person","@id":"https:\/\/vosgesinfo.fr\/saintdieinfo\/#\/schema\/person\/faee6704a21f3977511db84bd1cd450f","name":"la r\u00e9daction","image":{"@type":"ImageObject","inLanguage":"fr-FR","@id":"https:\/\/vosgesinfo.fr\/saintdieinfo\/#\/schema\/person\/image\/","url":"https:\/\/secure.gravatar.com\/avatar\/6673d8bc6a9c17fa9a453eaa3448de834fa308c2ec9635b7aa99441a7c8d2cf6?s=96&d=mm&r=g","contentUrl":"https:\/\/secure.gravatar.com\/avatar\/6673d8bc6a9c17fa9a453eaa3448de834fa308c2ec9635b7aa99441a7c8d2cf6?s=96&d=mm&r=g","caption":"la r\u00e9daction"},"url":"https:\/\/vosgesinfo.fr\/saintdieinfo\/author\/redac\/"}]}},"_links":{"self":[{"href":"https:\/\/vosgesinfo.fr\/saintdieinfo\/wp-json\/wp\/v2\/posts\/58593","targetHints":{"allow":["GET"]}}],"collection":[{"href":"https:\/\/vosgesinfo.fr\/saintdieinfo\/wp-json\/wp\/v2\/posts"}],"about":[{"href":"https:\/\/vosgesinfo.fr\/saintdieinfo\/wp-json\/wp\/v2\/types\/post"}],"author":[{"embeddable":true,"href":"https:\/\/vosgesinfo.fr\/saintdieinfo\/wp-json\/wp\/v2\/users\/44"}],"replies":[{"embeddable":true,"href":"https:\/\/vosgesinfo.fr\/saintdieinfo\/wp-json\/wp\/v2\/comments?post=58593"}],"version-history":[{"count":0,"href":"https:\/\/vosgesinfo.fr\/saintdieinfo\/wp-json\/wp\/v2\/posts\/58593\/revisions"}],"wp:featuredmedia":[{"embeddable":true,"href":"https:\/\/vosgesinfo.fr\/saintdieinfo\/wp-json\/wp\/v2\/media\/58594"}],"wp:attachment":[{"href":"https:\/\/vosgesinfo.fr\/saintdieinfo\/wp-json\/wp\/v2\/media?parent=58593"}],"wp:term":[{"taxonomy":"category","embeddable":true,"href":"https:\/\/vosgesinfo.fr\/saintdieinfo\/wp-json\/wp\/v2\/categories?post=58593"},{"taxonomy":"post_tag","embeddable":true,"href":"https:\/\/vosgesinfo.fr\/saintdieinfo\/wp-json\/wp\/v2\/tags?post=58593"}],"curies":[{"name":"wp","href":"https:\/\/api.w.org\/{rel}","templated":true}]}}