{"id":58595,"date":"2022-10-14T13:33:23","date_gmt":"2022-10-14T11:33:23","guid":{"rendered":"https:\/\/vosgesinfo.fr\/saintdieinfo\/2022\/10\/rencontre-entretien-alexis-ragougneau-a-librairie-neuf\/"},"modified":"2022-10-14T13:33:23","modified_gmt":"2022-10-14T11:33:23","slug":"rencontre-entretien-alexis-ragougneau-a-librairie-neuf","status":"publish","type":"post","link":"https:\/\/vosgesinfo.fr\/saintdieinfo\/2022\/10\/rencontre-entretien-alexis-ragougneau-a-librairie-neuf\/","title":{"rendered":"Rencontre-entretien avec Alexis Ragougneau \u00e0 la Librairie Le Neuf"},"content":{"rendered":"<p><a href=\"\/2022\/10\/Alexis_Ragougneau_Palimpseste.jpg\" target=\"_blank\" rel=\"noopener\"><img decoding=\"async\" class=\"aligncenter wp-image-191168 size-large\" src=\"\/2022\/10\/Alexis_Ragougneau_Palimpseste-634x1024.jpg\" alt=\"Alexis_Ragougneau_Palimpseste\" width=\"634\" height=\"1024\" \/><\/a><\/p>\n<h2><strong><span style=\"font-size: 14pt;\">La Librairie Le Neuf accueille l&rsquo;auteur Alexis Ragougneau ce samedi 15 octobre \u00e0 10h30, pour une rencontre-entretien au premier \u00e9tage de la librairie autour de son roman \u00ab\u00a0Palimpseste\u00a0\u00bb, paru le 17 ao\u00fbt 2022 aux \u00e9ditions Viviane Hamy. <a href=\"https:\/\/librairie-le-neuf.booksdataservices.fr\/20221007\/729WddHMHKodX0I-kMJCRvo9dzygLkxzLkRDgtx3RtE3LHJdfMophKodX0Ud8MykAwN9L=OcU_U3iwyTHEoph112\/IE.py?s=WdWWM69Va3p1wNbAzL-SKof8fofiwopdaIWqMOmqtEm8tED8tVDLtjxqax3gvxtg2p6xNRWQ_CW6wRWVwV3LtRtn2Oa6aJwUwUwUwyQisE=g2Z=6mU9iKJ6ifZTX0o9ifZTXfOXXMj-bfU\" target=\"_blank\" rel=\"noopener\">Cliquer ici pour r\u00e9server sa place.<\/a><\/span><\/strong><\/h2>\n<p><!--more--><\/p>\n<h3><strong><span style=\"font-size: 12pt;\">Palimpseste<\/span><\/strong><\/h3>\n<p>\u00ab\u00a0Simon Kaas est issu d&rsquo;une g\u00e9n\u00e9ration qui a grandi dans la doctrine du national-consum\u00e9risme et la r\u00e9\u00e9criture du roman national. Il assiste \u00e0 la mise au ban d&rsquo;historiens, comme son p\u00e8re, et \u00e0 l&rsquo;ascension fulgurante de sa m\u00e8re, c\u00e9l\u00e8bre actrice d&rsquo;une s\u00e9rie polici\u00e8re ultraviolente. D&rsquo;o\u00f9 vient cette col\u00e8re qui gronde en lui ? En d\u00e9roulant le fil intime de sa m\u00e9moire, Simon va tenter de comprendre comment tout a bascul\u00e9.\u00a0\u00bb<\/p>\n<p>Roman dystopique aux troublantes r\u00e9sonances contemporaines, Palimpseste est un hommage vibrant au pouvoir de la litt\u00e9rature et \u00e0 l&rsquo;audace de la cr\u00e9ation. L&rsquo;auteur nous projette avec talent dans une France potentielle des quinze prochaines ann\u00e9es.<\/p>\n<p>Extrait : Quand j&rsquo;y pense, je prends de sacr\u00e9s risques. Et je ne parle pas de l&rsquo;interdiction d&rsquo;annoter les livres, non, mais bien de mon r\u00e9cit, qui prend forme phrase \u00e0 phrase, heure par heure. Pas d&rsquo;autre mani\u00e8re de faire. Rien \u00e0 voir avec ces canulars que je produis pour le compte de mon employeur, mais une vraie histoire. Celle de ma famille. Moi, ma m\u00e8re, mon p\u00e8re. Avec aussi des personnages secondaires : Audrey, Chronos, M. Cathrine, Caron, et puis aussi la Petite fianc\u00e9e de la Nation&#8230; Si la biblioth\u00e9caire me coince, d\u00e9cid\u00e9ment, je suis bon pour un signalement au minist\u00e8re de l&rsquo;Int\u00e9rieur. Je m&rsquo;interroge toujours, quand approche l&rsquo;heure de la fermeture : et s&rsquo;il lui vient un jour l&rsquo;envie de feuilleter le livre de mon p\u00e8re.<\/p>\n","protected":false},"excerpt":{"rendered":"<p>La Librairie Le Neuf accueille l&rsquo;auteur Alexis Ragougneau ce samedi 15 octobre \u00e0 10h30, pour une rencontre-entretien au premier \u00e9tage [&hellip;]<\/p>\n","protected":false},"author":44,"featured_media":58596,"comment_status":"open","ping_status":"open","sticky":false,"template":"","format":"standard","meta":{"footnotes":""},"categories":[3900,7847,8090,2915],"tags":[12808,3192,12809,6358],"class_list":["post-58595","post","type-post","status-publish","format-standard","has-post-thumbnail","hentry","category-breves","category-art-culture","category-litterature","category-saint-die-son-canton","tag-alexis-ragougneau","tag-librairie-le-neuf","tag-palimpseste","tag-rencontre-entretien"],"acf":[],"yoast_head":"<!-- This site is optimized with the Yoast SEO plugin v22.5 - https:\/\/yoast.com\/wordpress\/plugins\/seo\/ -->\n<title>Rencontre-entretien avec Alexis Ragougneau \u00e0 la Librairie Le Neuf - Saint Die Info<\/title>\n<meta name=\"robots\" content=\"index, follow, max-snippet:-1, max-image-preview:large, max-video-preview:-1\" \/>\n<link rel=\"canonical\" href=\"https:\/\/vosgesinfo.fr\/saintdieinfo\/2022\/10\/rencontre-entretien-alexis-ragougneau-a-librairie-neuf\/\" \/>\n<meta name=\"twitter:card\" content=\"summary_large_image\" \/>\n<meta name=\"twitter:title\" content=\"Rencontre-entretien avec Alexis Ragougneau \u00e0 la Librairie Le Neuf - Saint Die Info\" \/>\n<meta name=\"twitter:description\" content=\"La Librairie Le Neuf accueille l&rsquo;auteur Alexis Ragougneau ce samedi 15 octobre \u00e0 10h30, pour une rencontre-entretien au premier \u00e9tage [&hellip;]\" \/>\n<meta name=\"twitter:image\" content=\"https:\/\/vosgesinfo.fr\/app\/uploads\/sites\/4\/2024\/08\/202210alexis-ragougneau-palimpseste.jpg\" \/>\n<meta name=\"twitter:creator\" content=\"@VosgesInfo88\" \/>\n<meta name=\"twitter:site\" content=\"@VosgesInfo88\" \/>\n<meta name=\"twitter:label1\" content=\"\u00c9crit par\" \/>\n\t<meta name=\"twitter:data1\" content=\"la r\u00e9daction\" \/>\n\t<meta name=\"twitter:label2\" content=\"Dur\u00e9e de lecture estim\u00e9e\" \/>\n\t<meta name=\"twitter:data2\" content=\"1 minute\" \/>\n<script type=\"application\/ld+json\" class=\"yoast-schema-graph\">{\"@context\":\"https:\/\/schema.org\",\"@graph\":[{\"@type\":\"Article\",\"@id\":\"https:\/\/vosgesinfo.fr\/saintdieinfo\/2022\/10\/rencontre-entretien-alexis-ragougneau-a-librairie-neuf\/#article\",\"isPartOf\":{\"@id\":\"https:\/\/vosgesinfo.fr\/saintdieinfo\/2022\/10\/rencontre-entretien-alexis-ragougneau-a-librairie-neuf\/\"},\"author\":{\"name\":\"la r\u00e9daction\",\"@id\":\"https:\/\/vosgesinfo.fr\/saintdieinfo\/#\/schema\/person\/faee6704a21f3977511db84bd1cd450f\"},\"headline\":\"Rencontre-entretien avec Alexis Ragougneau \u00e0 la Librairie Le Neuf\",\"datePublished\":\"2022-10-14T11:33:23+00:00\",\"dateModified\":\"2022-10-14T11:33:23+00:00\",\"mainEntityOfPage\":{\"@id\":\"https:\/\/vosgesinfo.fr\/saintdieinfo\/2022\/10\/rencontre-entretien-alexis-ragougneau-a-librairie-neuf\/\"},\"wordCount\":320,\"commentCount\":0,\"publisher\":{\"@id\":\"https:\/\/vosgesinfo.fr\/saintdieinfo\/#organization\"},\"image\":{\"@id\":\"https:\/\/vosgesinfo.fr\/saintdieinfo\/2022\/10\/rencontre-entretien-alexis-ragougneau-a-librairie-neuf\/#primaryimage\"},\"thumbnailUrl\":\"https:\/\/vosgesinfo.fr\/app\/uploads\/sites\/4\/2024\/08\/202210alexis-ragougneau-palimpseste.jpg\",\"keywords\":[\"Alexis Ragougneau\",\"Librairie Le Neuf\",\"Palimpseste\",\"Rencontre-entretien\"],\"articleSection\":[\"Br\u00e8ves\",\"Culture\",\"Litt\u00e9rature\",\"Saint-Di\u00e9-des-Vosges et son Agglom\u00e9ration\"],\"inLanguage\":\"fr-FR\",\"potentialAction\":[{\"@type\":\"CommentAction\",\"name\":\"Comment\",\"target\":[\"https:\/\/vosgesinfo.fr\/saintdieinfo\/2022\/10\/rencontre-entretien-alexis-ragougneau-a-librairie-neuf\/#respond\"]}]},{\"@type\":\"WebPage\",\"@id\":\"https:\/\/vosgesinfo.fr\/saintdieinfo\/2022\/10\/rencontre-entretien-alexis-ragougneau-a-librairie-neuf\/\",\"url\":\"https:\/\/vosgesinfo.fr\/saintdieinfo\/2022\/10\/rencontre-entretien-alexis-ragougneau-a-librairie-neuf\/\",\"name\":\"Rencontre-entretien avec Alexis Ragougneau \u00e0 la Librairie Le Neuf - Saint Die Info\",\"isPartOf\":{\"@id\":\"https:\/\/vosgesinfo.fr\/saintdieinfo\/#website\"},\"primaryImageOfPage\":{\"@id\":\"https:\/\/vosgesinfo.fr\/saintdieinfo\/2022\/10\/rencontre-entretien-alexis-ragougneau-a-librairie-neuf\/#primaryimage\"},\"image\":{\"@id\":\"https:\/\/vosgesinfo.fr\/saintdieinfo\/2022\/10\/rencontre-entretien-alexis-ragougneau-a-librairie-neuf\/#primaryimage\"},\"thumbnailUrl\":\"https:\/\/vosgesinfo.fr\/app\/uploads\/sites\/4\/2024\/08\/202210alexis-ragougneau-palimpseste.jpg\",\"datePublished\":\"2022-10-14T11:33:23+00:00\",\"dateModified\":\"2022-10-14T11:33:23+00:00\",\"breadcrumb\":{\"@id\":\"https:\/\/vosgesinfo.fr\/saintdieinfo\/2022\/10\/rencontre-entretien-alexis-ragougneau-a-librairie-neuf\/#breadcrumb\"},\"inLanguage\":\"fr-FR\",\"potentialAction\":[{\"@type\":\"ReadAction\",\"target\":[\"https:\/\/vosgesinfo.fr\/saintdieinfo\/2022\/10\/rencontre-entretien-alexis-ragougneau-a-librairie-neuf\/\"]}]},{\"@type\":\"ImageObject\",\"inLanguage\":\"fr-FR\",\"@id\":\"https:\/\/vosgesinfo.fr\/saintdieinfo\/2022\/10\/rencontre-entretien-alexis-ragougneau-a-librairie-neuf\/#primaryimage\",\"url\":\"https:\/\/vosgesinfo.fr\/app\/uploads\/sites\/4\/2024\/08\/202210alexis-ragougneau-palimpseste.jpg\",\"contentUrl\":\"https:\/\/vosgesinfo.fr\/app\/uploads\/sites\/4\/2024\/08\/202210alexis-ragougneau-palimpseste.jpg\",\"width\":768,\"height\":1240},{\"@type\":\"BreadcrumbList\",\"@id\":\"https:\/\/vosgesinfo.fr\/saintdieinfo\/2022\/10\/rencontre-entretien-alexis-ragougneau-a-librairie-neuf\/#breadcrumb\",\"itemListElement\":[{\"@type\":\"ListItem\",\"position\":1,\"name\":\"Home\",\"item\":\"https:\/\/vosgesinfo.fr\/saintdieinfo\/\"},{\"@type\":\"ListItem\",\"position\":2,\"name\":\"Rencontre-entretien avec Alexis Ragougneau \u00e0 la Librairie Le Neuf\"}]},{\"@type\":\"WebSite\",\"@id\":\"https:\/\/vosgesinfo.fr\/saintdieinfo\/#website\",\"url\":\"https:\/\/vosgesinfo.fr\/saintdieinfo\/\",\"name\":\"Saint Die Info\",\"description\":\"Toute l&#039;actualit\u00e9 de Saint-Di\u00e9-Des-Vosges\",\"publisher\":{\"@id\":\"https:\/\/vosgesinfo.fr\/saintdieinfo\/#organization\"},\"alternateName\":\"Toute l'actualit\u00e9 de Saint-Di\u00e9-Des-Vosges\",\"potentialAction\":[{\"@type\":\"SearchAction\",\"target\":{\"@type\":\"EntryPoint\",\"urlTemplate\":\"https:\/\/vosgesinfo.fr\/saintdieinfo\/?s={search_term_string}\"},\"query-input\":\"required name=search_term_string\"}],\"inLanguage\":\"fr-FR\"},{\"@type\":\"Organization\",\"@id\":\"https:\/\/vosgesinfo.fr\/saintdieinfo\/#organization\",\"name\":\"Saint Die Info\",\"url\":\"https:\/\/vosgesinfo.fr\/saintdieinfo\/\",\"logo\":{\"@type\":\"ImageObject\",\"inLanguage\":\"fr-FR\",\"@id\":\"https:\/\/vosgesinfo.fr\/saintdieinfo\/#\/schema\/logo\/image\/\",\"url\":\"https:\/\/vosgesinfo.fr\/app\/uploads\/sites\/4\/2024\/02\/logo-sdi.jpg\",\"contentUrl\":\"https:\/\/vosgesinfo.fr\/app\/uploads\/sites\/4\/2024\/02\/logo-sdi.jpg\",\"width\":600,\"height\":600,\"caption\":\"Saint Die Info\"},\"image\":{\"@id\":\"https:\/\/vosgesinfo.fr\/saintdieinfo\/#\/schema\/logo\/image\/\"},\"sameAs\":[\"https:\/\/www.facebook.com\/Saintdieinfofr\",\"https:\/\/x.com\/VosgesInfo88\",\"https:\/\/www.youtube.com\/@vosgesinfo\"]},{\"@type\":\"Person\",\"@id\":\"https:\/\/vosgesinfo.fr\/saintdieinfo\/#\/schema\/person\/faee6704a21f3977511db84bd1cd450f\",\"name\":\"la r\u00e9daction\",\"image\":{\"@type\":\"ImageObject\",\"inLanguage\":\"fr-FR\",\"@id\":\"https:\/\/vosgesinfo.fr\/saintdieinfo\/#\/schema\/person\/image\/\",\"url\":\"https:\/\/secure.gravatar.com\/avatar\/6673d8bc6a9c17fa9a453eaa3448de834fa308c2ec9635b7aa99441a7c8d2cf6?s=96&d=mm&r=g\",\"contentUrl\":\"https:\/\/secure.gravatar.com\/avatar\/6673d8bc6a9c17fa9a453eaa3448de834fa308c2ec9635b7aa99441a7c8d2cf6?s=96&d=mm&r=g\",\"caption\":\"la r\u00e9daction\"},\"url\":\"https:\/\/vosgesinfo.fr\/saintdieinfo\/author\/redac\/\"}]}<\/script>\n<!-- \/ Yoast SEO plugin. -->","yoast_head_json":{"title":"Rencontre-entretien avec Alexis Ragougneau \u00e0 la Librairie Le Neuf - Saint Die Info","robots":{"index":"index","follow":"follow","max-snippet":"max-snippet:-1","max-image-preview":"max-image-preview:large","max-video-preview":"max-video-preview:-1"},"canonical":"https:\/\/vosgesinfo.fr\/saintdieinfo\/2022\/10\/rencontre-entretien-alexis-ragougneau-a-librairie-neuf\/","twitter_card":"summary_large_image","twitter_title":"Rencontre-entretien avec Alexis Ragougneau \u00e0 la Librairie Le Neuf - Saint Die Info","twitter_description":"La Librairie Le Neuf accueille l&rsquo;auteur Alexis Ragougneau ce samedi 15 octobre \u00e0 10h30, pour une rencontre-entretien au premier \u00e9tage [&hellip;]","twitter_image":"https:\/\/vosgesinfo.fr\/app\/uploads\/sites\/4\/2024\/08\/202210alexis-ragougneau-palimpseste.jpg","twitter_creator":"@VosgesInfo88","twitter_site":"@VosgesInfo88","twitter_misc":{"\u00c9crit par":"la r\u00e9daction","Dur\u00e9e de lecture estim\u00e9e":"1 minute"},"schema":{"@context":"https:\/\/schema.org","@graph":[{"@type":"Article","@id":"https:\/\/vosgesinfo.fr\/saintdieinfo\/2022\/10\/rencontre-entretien-alexis-ragougneau-a-librairie-neuf\/#article","isPartOf":{"@id":"https:\/\/vosgesinfo.fr\/saintdieinfo\/2022\/10\/rencontre-entretien-alexis-ragougneau-a-librairie-neuf\/"},"author":{"name":"la r\u00e9daction","@id":"https:\/\/vosgesinfo.fr\/saintdieinfo\/#\/schema\/person\/faee6704a21f3977511db84bd1cd450f"},"headline":"Rencontre-entretien avec Alexis Ragougneau \u00e0 la Librairie Le Neuf","datePublished":"2022-10-14T11:33:23+00:00","dateModified":"2022-10-14T11:33:23+00:00","mainEntityOfPage":{"@id":"https:\/\/vosgesinfo.fr\/saintdieinfo\/2022\/10\/rencontre-entretien-alexis-ragougneau-a-librairie-neuf\/"},"wordCount":320,"commentCount":0,"publisher":{"@id":"https:\/\/vosgesinfo.fr\/saintdieinfo\/#organization"},"image":{"@id":"https:\/\/vosgesinfo.fr\/saintdieinfo\/2022\/10\/rencontre-entretien-alexis-ragougneau-a-librairie-neuf\/#primaryimage"},"thumbnailUrl":"https:\/\/vosgesinfo.fr\/app\/uploads\/sites\/4\/2024\/08\/202210alexis-ragougneau-palimpseste.jpg","keywords":["Alexis Ragougneau","Librairie Le Neuf","Palimpseste","Rencontre-entretien"],"articleSection":["Br\u00e8ves","Culture","Litt\u00e9rature","Saint-Di\u00e9-des-Vosges et son Agglom\u00e9ration"],"inLanguage":"fr-FR","potentialAction":[{"@type":"CommentAction","name":"Comment","target":["https:\/\/vosgesinfo.fr\/saintdieinfo\/2022\/10\/rencontre-entretien-alexis-ragougneau-a-librairie-neuf\/#respond"]}]},{"@type":"WebPage","@id":"https:\/\/vosgesinfo.fr\/saintdieinfo\/2022\/10\/rencontre-entretien-alexis-ragougneau-a-librairie-neuf\/","url":"https:\/\/vosgesinfo.fr\/saintdieinfo\/2022\/10\/rencontre-entretien-alexis-ragougneau-a-librairie-neuf\/","name":"Rencontre-entretien avec Alexis Ragougneau \u00e0 la Librairie Le Neuf - Saint Die Info","isPartOf":{"@id":"https:\/\/vosgesinfo.fr\/saintdieinfo\/#website"},"primaryImageOfPage":{"@id":"https:\/\/vosgesinfo.fr\/saintdieinfo\/2022\/10\/rencontre-entretien-alexis-ragougneau-a-librairie-neuf\/#primaryimage"},"image":{"@id":"https:\/\/vosgesinfo.fr\/saintdieinfo\/2022\/10\/rencontre-entretien-alexis-ragougneau-a-librairie-neuf\/#primaryimage"},"thumbnailUrl":"https:\/\/vosgesinfo.fr\/app\/uploads\/sites\/4\/2024\/08\/202210alexis-ragougneau-palimpseste.jpg","datePublished":"2022-10-14T11:33:23+00:00","dateModified":"2022-10-14T11:33:23+00:00","breadcrumb":{"@id":"https:\/\/vosgesinfo.fr\/saintdieinfo\/2022\/10\/rencontre-entretien-alexis-ragougneau-a-librairie-neuf\/#breadcrumb"},"inLanguage":"fr-FR","potentialAction":[{"@type":"ReadAction","target":["https:\/\/vosgesinfo.fr\/saintdieinfo\/2022\/10\/rencontre-entretien-alexis-ragougneau-a-librairie-neuf\/"]}]},{"@type":"ImageObject","inLanguage":"fr-FR","@id":"https:\/\/vosgesinfo.fr\/saintdieinfo\/2022\/10\/rencontre-entretien-alexis-ragougneau-a-librairie-neuf\/#primaryimage","url":"https:\/\/vosgesinfo.fr\/app\/uploads\/sites\/4\/2024\/08\/202210alexis-ragougneau-palimpseste.jpg","contentUrl":"https:\/\/vosgesinfo.fr\/app\/uploads\/sites\/4\/2024\/08\/202210alexis-ragougneau-palimpseste.jpg","width":768,"height":1240},{"@type":"BreadcrumbList","@id":"https:\/\/vosgesinfo.fr\/saintdieinfo\/2022\/10\/rencontre-entretien-alexis-ragougneau-a-librairie-neuf\/#breadcrumb","itemListElement":[{"@type":"ListItem","position":1,"name":"Home","item":"https:\/\/vosgesinfo.fr\/saintdieinfo\/"},{"@type":"ListItem","position":2,"name":"Rencontre-entretien avec Alexis Ragougneau \u00e0 la Librairie Le Neuf"}]},{"@type":"WebSite","@id":"https:\/\/vosgesinfo.fr\/saintdieinfo\/#website","url":"https:\/\/vosgesinfo.fr\/saintdieinfo\/","name":"Saint Die Info","description":"Toute l&#039;actualit\u00e9 de Saint-Di\u00e9-Des-Vosges","publisher":{"@id":"https:\/\/vosgesinfo.fr\/saintdieinfo\/#organization"},"alternateName":"Toute l'actualit\u00e9 de Saint-Di\u00e9-Des-Vosges","potentialAction":[{"@type":"SearchAction","target":{"@type":"EntryPoint","urlTemplate":"https:\/\/vosgesinfo.fr\/saintdieinfo\/?s={search_term_string}"},"query-input":"required name=search_term_string"}],"inLanguage":"fr-FR"},{"@type":"Organization","@id":"https:\/\/vosgesinfo.fr\/saintdieinfo\/#organization","name":"Saint Die Info","url":"https:\/\/vosgesinfo.fr\/saintdieinfo\/","logo":{"@type":"ImageObject","inLanguage":"fr-FR","@id":"https:\/\/vosgesinfo.fr\/saintdieinfo\/#\/schema\/logo\/image\/","url":"https:\/\/vosgesinfo.fr\/app\/uploads\/sites\/4\/2024\/02\/logo-sdi.jpg","contentUrl":"https:\/\/vosgesinfo.fr\/app\/uploads\/sites\/4\/2024\/02\/logo-sdi.jpg","width":600,"height":600,"caption":"Saint Die Info"},"image":{"@id":"https:\/\/vosgesinfo.fr\/saintdieinfo\/#\/schema\/logo\/image\/"},"sameAs":["https:\/\/www.facebook.com\/Saintdieinfofr","https:\/\/x.com\/VosgesInfo88","https:\/\/www.youtube.com\/@vosgesinfo"]},{"@type":"Person","@id":"https:\/\/vosgesinfo.fr\/saintdieinfo\/#\/schema\/person\/faee6704a21f3977511db84bd1cd450f","name":"la r\u00e9daction","image":{"@type":"ImageObject","inLanguage":"fr-FR","@id":"https:\/\/vosgesinfo.fr\/saintdieinfo\/#\/schema\/person\/image\/","url":"https:\/\/secure.gravatar.com\/avatar\/6673d8bc6a9c17fa9a453eaa3448de834fa308c2ec9635b7aa99441a7c8d2cf6?s=96&d=mm&r=g","contentUrl":"https:\/\/secure.gravatar.com\/avatar\/6673d8bc6a9c17fa9a453eaa3448de834fa308c2ec9635b7aa99441a7c8d2cf6?s=96&d=mm&r=g","caption":"la r\u00e9daction"},"url":"https:\/\/vosgesinfo.fr\/saintdieinfo\/author\/redac\/"}]}},"_links":{"self":[{"href":"https:\/\/vosgesinfo.fr\/saintdieinfo\/wp-json\/wp\/v2\/posts\/58595","targetHints":{"allow":["GET"]}}],"collection":[{"href":"https:\/\/vosgesinfo.fr\/saintdieinfo\/wp-json\/wp\/v2\/posts"}],"about":[{"href":"https:\/\/vosgesinfo.fr\/saintdieinfo\/wp-json\/wp\/v2\/types\/post"}],"author":[{"embeddable":true,"href":"https:\/\/vosgesinfo.fr\/saintdieinfo\/wp-json\/wp\/v2\/users\/44"}],"replies":[{"embeddable":true,"href":"https:\/\/vosgesinfo.fr\/saintdieinfo\/wp-json\/wp\/v2\/comments?post=58595"}],"version-history":[{"count":0,"href":"https:\/\/vosgesinfo.fr\/saintdieinfo\/wp-json\/wp\/v2\/posts\/58595\/revisions"}],"wp:featuredmedia":[{"embeddable":true,"href":"https:\/\/vosgesinfo.fr\/saintdieinfo\/wp-json\/wp\/v2\/media\/58596"}],"wp:attachment":[{"href":"https:\/\/vosgesinfo.fr\/saintdieinfo\/wp-json\/wp\/v2\/media?parent=58595"}],"wp:term":[{"taxonomy":"category","embeddable":true,"href":"https:\/\/vosgesinfo.fr\/saintdieinfo\/wp-json\/wp\/v2\/categories?post=58595"},{"taxonomy":"post_tag","embeddable":true,"href":"https:\/\/vosgesinfo.fr\/saintdieinfo\/wp-json\/wp\/v2\/tags?post=58595"}],"curies":[{"name":"wp","href":"https:\/\/api.w.org\/{rel}","templated":true}]}}