{"id":58600,"date":"2022-10-14T16:31:49","date_gmt":"2022-10-14T14:31:49","guid":{"rendered":"https:\/\/vosgesinfo.fr\/saintdieinfo\/2022\/10\/coupures-delectricite-ciblees-collectif-anti-linky-5g-fallait-faut-refuser-linky\/"},"modified":"2022-10-14T16:31:49","modified_gmt":"2022-10-14T14:31:49","slug":"coupures-delectricite-ciblees-collectif-anti-linky-5g-fallait-faut-refuser-linky","status":"publish","type":"post","link":"https:\/\/vosgesinfo.fr\/saintdieinfo\/2022\/10\/coupures-delectricite-ciblees-collectif-anti-linky-5g-fallait-faut-refuser-linky\/","title":{"rendered":"Coupures d&rsquo;\u00e9lectricit\u00e9 cibl\u00e9es\u00a0: pour le collectif Anti Linky et 5G, \u00ab\u00a0il fallait et il faut refuser le Linky\u00a0!\u00a0\u00bb"},"content":{"rendered":"<div id=\"attachment_180325\" style=\"width: 756px\" class=\"wp-caption aligncenter\"><a href=\"\/2022\/03\/compteur_linky_edf_1200.jpg\" target=\"_blank\" rel=\"noopener\"><img decoding=\"async\" aria-describedby=\"caption-attachment-180325\" class=\"wp-image-180325 size-full\" src=\"\/2022\/03\/compteur_linky_edf_1200.jpg\" alt=\"compteur_linky_edf_1200\" width=\"746\" height=\"559\" \/><\/a><p id=\"caption-attachment-180325\" class=\"wp-caption-text\">(Illustration)<\/p><\/div>\n<h2><strong><span style=\"font-size: 14pt;\">Selon l&rsquo;arr\u00eat\u00e9 du 22 septembre 2022, \u00ab\u00a0afin de limiter les pics de consommation de mi-journ\u00e9e, Enedis et les fournisseurs d&rsquo;\u00e9lectricit\u00e9 sont autoris\u00e9s \u00e0 suspendre le d\u00e9clenchement automatique de la chauffe des ballons d&rsquo;eau chaude de 12h \u00e0 14h, en cas de tension sur le r\u00e9seau \u00e9lectrique.\u00a0\u00bb Pour le collectif Stop Linky et 5G, qui s&rsquo;est exprim\u00e9 via un communiqu\u00e9 en date de ce jeudi 13 octobre, \u00ab\u00a0il fallait et il faut refuser le Linky\u00a0!\u00a0\u00bb<\/span><\/strong><\/h2>\n<p><!--more--><\/p>\n<h3><strong><span style=\"font-size: 12pt;\">Le communiqu\u00e9 :<\/span><\/strong><\/h3>\n<p>\u00ab\u00a0L\u2019arr\u00eat\u00e9 du 22 septembre 2022 pris par la ministre de la transition \u00e9nerg\u00e9tique va permettre, par le biais des compteurs Linky, d\u2019emp\u00eacher des millions d\u2019habitants de chauffer leur eau en journ\u00e9e pendant les heures creuses auxquelles ils ont pourtant souscrit. Il est notable que, contrairement \u00e0 ce qui est \u00e9crit ici ou l\u00e0, cette manipulation ne va permettre aucune \u00e9conomie d\u2019\u00e9nergie, elle d\u00e9calera simplement ces consommations vers le soir apr\u00e8s 22h30.<\/p>\n<p align=\"JUSTIFY\">En agissant ainsi, l\u2019Etat poursuit deux objectifs :<\/p>\n<ul>\n<li>\n<p align=\"JUSTIFY\">dans la continuit\u00e9 des lois de privatisation de l\u2019\u00e9lectricit\u00e9 \u00e9dict\u00e9es depuis f\u00e9vrier 2000, \u00e9viter qu\u2019une surcharge du r\u00e9seau n\u2019entraine une grande panne (comme celles survenues auparavant \u00e0 New York, en Californie ou dans le nord de la France) en restreignant l\u2019acc\u00e8s au r\u00e9seau public, de fa\u00e7on discriminatoire et suivant les contrats souscrits par les usagers \u00e0 tel ou tel fournisseur ; dans ce sens il faut s\u2019attendre \u00e0 un arr\u00eat\u00e9 encore plus restrictif d\u2019ici le mois de d\u00e9cembre prochain, le mois d\u2019octobre permettant \u00e0 EDF et ses filiales (RTE et ENEDIS) de tester leurs dispositifs ;<\/p>\n<\/li>\n<\/ul>\n<ul>\n<li>\n<p align=\"JUSTIFY\">\u00a0permettre \u00e0 EDF d\u2019importer moins d\u2019\u00e9lectricit\u00e9 en journ\u00e9e &#8211; lorsqu\u2019elle est tr\u00e8s ch\u00e8re &#8211; et donc de r\u00e9duire un peu ses immenses pertes financi\u00e8res dues \u00e0 la d\u00e9faillance du parc nucl\u00e9aire, le tout au d\u00e9triment de millions d\u2019habitants qui n\u2019auront probablement pas assez d\u2019eau chaude pour se doucher en rentrant du travail ou du sport. Ces mesures sont de plus d\u2019une efficacit\u00e9 limit\u00e9e, alors que nombre d\u2019activit\u00e9s non essentielles vont cet hiver se poursuivre, telle que la fabrication de neige artificielle ou des activit\u00e9s num\u00e9riques \u00e9nergivores (big data, 5G, &#8230;).<\/p>\n<\/li>\n<\/ul>\n<p align=\"JUSTIFY\">Les citoyens doivent savoir que cet arr\u00eat\u00e9 n\u2019est que la premi\u00e8re \u00e9tape d\u2019une s\u00e9rie de futures d\u00e9cisions arbitraires, et m\u00eame totalitaires, qui sont rendues possibles par les compteurs \u00e9lectriques Linky.<\/p>\n<p align=\"JUSTIFY\">Ainsi que nous l\u2019avons annonc\u00e9 et d\u00e9nonc\u00e9 inlassablement depuis le lancement du programme d\u2019installations en 2015, le Linky est un appareil espion qui permet de surveiller les habitants mais aussi de prendre \u00e0 distance la main sur leur consommation d\u2019\u00e9lectricit\u00e9.<\/p>\n<p align=\"JUSTIFY\">Les citoyens qui ont r\u00e9sist\u00e9 \u00e0 la pression et aux mensonges d\u2019Enedis et de ses sous-traitants peuvent aujourd\u2019hui se f\u00e9liciter d\u2019avoir gard\u00e9 leurs compteurs ordinaires : non seulement ils \u00e9chappent aux nombreuses tares du Linky (surfacturations, dysfonctionnements divers, ondes, incendies parfois mortels qui ont suivi son installation, etc.), mais ils sont \u00e0 l\u2019abri des coupures arbitraires \u00e0 venir, en particulier lorsque de probables p\u00e9nuries d\u2019\u00e9lectricit\u00e9 vont frapper la France du fait du d\u00e9labrement avanc\u00e9 et irr\u00e9versible du parc nucl\u00e9aire d\u2019EDF.<\/p>\n<p align=\"JUSTIFY\">Cela ne signifie pas, bien au contraire, que ces gens ne se pr\u00e9occupent pas de l\u2019int\u00e9r\u00eat g\u00e9n\u00e9ral : il est notable que les gens qui ont refus\u00e9 les compteurs Linky ou r\u00e9sist\u00e9 aux pressions sont attentifs \u00e0 leur consommation d\u2019\u00e9lectricit\u00e9 et de fa\u00e7on g\u00e9n\u00e9rale \u00e0 la lutte contre les gaspillages (\u00e9nergie, eau, d\u00e9chets, etc.)<\/p>\n<p align=\"JUSTIFY\">A contrario, malgr\u00e9 les belles paroles d\u2019Enedis et du gouvernement, le compteur Linky ne permet absolument pas de faire des \u00e9conomies d\u2019\u00e9nergie (&#8230; sauf en coupant brutalement et arbitrairement la consommation de millions d\u2019habitants). Contempler sa courbe de consommation \u00e9tablie par le biais du Linky n\u2019a absolument aucun effet concret.<\/p>\n<p align=\"JUSTIFY\">Au lieu de gaspiller des milliards d\u2019euros pour d\u00e9ployer des compteurs Linky, il fallait proposer \u00e0 chaque m\u00e9nage de France le passage d\u2019un expert apte \u00e0 \u00e9valuer les consommations anormales des divers appareils et \u00e0 informer et aider sur les gens \u00e0 agir concr\u00e8tement pour r\u00e9duire leur consommation.<\/p>\n<p align=\"JUSTIFY\">Les participants \u00e0 la conf\u00e9rence nationale du R\u00e9seau National Anti Linky &amp; 5G (230 collectifs et associations) appellent les usagers :<\/p>\n<ul>\n<li>\n<p align=\"JUSTIFY\">\u00e0 maintenir leur refus du compteur Linky sur leur lieu de r\u00e9sidence (environs 4 millions de compteurs non communicants sont encore en service)<\/p>\n<\/li>\n<li>\n<p align=\"JUSTIFY\">\u00e0 demander, le cas \u00e9ch\u00e9ant et en particulier si le compteur Linky leur a \u00e9t\u00e9 impos\u00e9 contre leur volont\u00e9 clairement exprim\u00e9e, la d\u00e9pose du compteur Linky et son remplacement par un compteur non communicant, et \u00e0 le faire savoir sur le site <a href=\"https:\/\/retrait-du-linky.org\/\" target=\"_blank\" rel=\"noopener\">https:\/\/retrait-du-linky.org<\/a>\u00a0\u00bb<\/p>\n<\/li>\n<\/ul>\n","protected":false},"excerpt":{"rendered":"<p>Selon l&rsquo;arr\u00eat\u00e9 du 22 septembre 2022, \u00ab\u00a0afin de limiter les pics de consommation de mi-journ\u00e9e, Enedis et les fournisseurs d&rsquo;\u00e9lectricit\u00e9 [&hellip;]<\/p>\n","protected":false},"author":44,"featured_media":58601,"comment_status":"open","ping_status":"open","sticky":false,"template":"","format":"standard","meta":{"footnotes":""},"categories":[460,18],"tags":[12811,12812,12813],"class_list":["post-58600","post","type-post","status-publish","format-standard","has-post-thumbnail","hentry","category-a-la-une","category-vosges","tag-arrete-du-22-septembre-2022","tag-collectif-anti-linky-et-5g","tag-coupures-delectricite-ciblees"],"acf":[],"yoast_head":"<!-- This site is optimized with the Yoast SEO plugin v22.5 - https:\/\/yoast.com\/wordpress\/plugins\/seo\/ -->\n<title>Coupures d&#039;\u00e9lectricit\u00e9 cibl\u00e9es\u00a0: pour le collectif Anti Linky et 5G, \u00ab\u00a0il fallait et il faut refuser le Linky\u00a0!\u00a0\u00bb - Saint Die Info<\/title>\n<meta name=\"robots\" content=\"index, follow, max-snippet:-1, max-image-preview:large, max-video-preview:-1\" \/>\n<link rel=\"canonical\" href=\"https:\/\/vosgesinfo.fr\/saintdieinfo\/2022\/10\/coupures-delectricite-ciblees-collectif-anti-linky-5g-fallait-faut-refuser-linky\/\" \/>\n<meta name=\"twitter:card\" content=\"summary_large_image\" \/>\n<meta name=\"twitter:title\" content=\"Coupures d&#039;\u00e9lectricit\u00e9 cibl\u00e9es\u00a0: pour le collectif Anti Linky et 5G, \u00ab\u00a0il fallait et il faut refuser le Linky\u00a0!\u00a0\u00bb - Saint Die Info\" \/>\n<meta name=\"twitter:description\" content=\"Selon l&rsquo;arr\u00eat\u00e9 du 22 septembre 2022, \u00ab\u00a0afin de limiter les pics de consommation de mi-journ\u00e9e, Enedis et les fournisseurs d&rsquo;\u00e9lectricit\u00e9 [&hellip;]\" \/>\n<meta name=\"twitter:image\" content=\"https:\/\/vosgesinfo.fr\/app\/uploads\/sites\/4\/2024\/08\/202203compteur-linky-edf-1200-4.jpg\" \/>\n<meta name=\"twitter:creator\" content=\"@VosgesInfo88\" \/>\n<meta name=\"twitter:site\" content=\"@VosgesInfo88\" \/>\n<meta name=\"twitter:label1\" content=\"\u00c9crit par\" \/>\n\t<meta name=\"twitter:data1\" content=\"la r\u00e9daction\" \/>\n\t<meta name=\"twitter:label2\" content=\"Dur\u00e9e de lecture estim\u00e9e\" \/>\n\t<meta name=\"twitter:data2\" content=\"4 minutes\" \/>\n<script type=\"application\/ld+json\" class=\"yoast-schema-graph\">{\"@context\":\"https:\/\/schema.org\",\"@graph\":[{\"@type\":\"Article\",\"@id\":\"https:\/\/vosgesinfo.fr\/saintdieinfo\/2022\/10\/coupures-delectricite-ciblees-collectif-anti-linky-5g-fallait-faut-refuser-linky\/#article\",\"isPartOf\":{\"@id\":\"https:\/\/vosgesinfo.fr\/saintdieinfo\/2022\/10\/coupures-delectricite-ciblees-collectif-anti-linky-5g-fallait-faut-refuser-linky\/\"},\"author\":{\"name\":\"la r\u00e9daction\",\"@id\":\"https:\/\/vosgesinfo.fr\/saintdieinfo\/#\/schema\/person\/faee6704a21f3977511db84bd1cd450f\"},\"headline\":\"Coupures d&rsquo;\u00e9lectricit\u00e9 cibl\u00e9es\u00a0: pour le collectif Anti Linky et 5G, \u00ab\u00a0il fallait et il faut refuser le Linky\u00a0!\u00a0\u00bb\",\"datePublished\":\"2022-10-14T14:31:49+00:00\",\"dateModified\":\"2022-10-14T14:31:49+00:00\",\"mainEntityOfPage\":{\"@id\":\"https:\/\/vosgesinfo.fr\/saintdieinfo\/2022\/10\/coupures-delectricite-ciblees-collectif-anti-linky-5g-fallait-faut-refuser-linky\/\"},\"wordCount\":826,\"commentCount\":0,\"publisher\":{\"@id\":\"https:\/\/vosgesinfo.fr\/saintdieinfo\/#organization\"},\"image\":{\"@id\":\"https:\/\/vosgesinfo.fr\/saintdieinfo\/2022\/10\/coupures-delectricite-ciblees-collectif-anti-linky-5g-fallait-faut-refuser-linky\/#primaryimage\"},\"thumbnailUrl\":\"https:\/\/vosgesinfo.fr\/app\/uploads\/sites\/4\/2024\/08\/202203compteur-linky-edf-1200-4.jpg\",\"keywords\":[\"Arr\u00eat\u00e9 du 22 septembre 2022\",\"Collectif Anti Linky et 5G\",\"Coupures d'\u00e9lectricit\u00e9 cibl\u00e9es\"],\"articleSection\":[\"A la Une\",\"Vosges\"],\"inLanguage\":\"fr-FR\",\"potentialAction\":[{\"@type\":\"CommentAction\",\"name\":\"Comment\",\"target\":[\"https:\/\/vosgesinfo.fr\/saintdieinfo\/2022\/10\/coupures-delectricite-ciblees-collectif-anti-linky-5g-fallait-faut-refuser-linky\/#respond\"]}]},{\"@type\":\"WebPage\",\"@id\":\"https:\/\/vosgesinfo.fr\/saintdieinfo\/2022\/10\/coupures-delectricite-ciblees-collectif-anti-linky-5g-fallait-faut-refuser-linky\/\",\"url\":\"https:\/\/vosgesinfo.fr\/saintdieinfo\/2022\/10\/coupures-delectricite-ciblees-collectif-anti-linky-5g-fallait-faut-refuser-linky\/\",\"name\":\"Coupures d'\u00e9lectricit\u00e9 cibl\u00e9es\u00a0: pour le collectif Anti Linky et 5G, \u00ab\u00a0il fallait et il faut refuser le Linky\u00a0!\u00a0\u00bb - Saint Die Info\",\"isPartOf\":{\"@id\":\"https:\/\/vosgesinfo.fr\/saintdieinfo\/#website\"},\"primaryImageOfPage\":{\"@id\":\"https:\/\/vosgesinfo.fr\/saintdieinfo\/2022\/10\/coupures-delectricite-ciblees-collectif-anti-linky-5g-fallait-faut-refuser-linky\/#primaryimage\"},\"image\":{\"@id\":\"https:\/\/vosgesinfo.fr\/saintdieinfo\/2022\/10\/coupures-delectricite-ciblees-collectif-anti-linky-5g-fallait-faut-refuser-linky\/#primaryimage\"},\"thumbnailUrl\":\"https:\/\/vosgesinfo.fr\/app\/uploads\/sites\/4\/2024\/08\/202203compteur-linky-edf-1200-4.jpg\",\"datePublished\":\"2022-10-14T14:31:49+00:00\",\"dateModified\":\"2022-10-14T14:31:49+00:00\",\"breadcrumb\":{\"@id\":\"https:\/\/vosgesinfo.fr\/saintdieinfo\/2022\/10\/coupures-delectricite-ciblees-collectif-anti-linky-5g-fallait-faut-refuser-linky\/#breadcrumb\"},\"inLanguage\":\"fr-FR\",\"potentialAction\":[{\"@type\":\"ReadAction\",\"target\":[\"https:\/\/vosgesinfo.fr\/saintdieinfo\/2022\/10\/coupures-delectricite-ciblees-collectif-anti-linky-5g-fallait-faut-refuser-linky\/\"]}]},{\"@type\":\"ImageObject\",\"inLanguage\":\"fr-FR\",\"@id\":\"https:\/\/vosgesinfo.fr\/saintdieinfo\/2022\/10\/coupures-delectricite-ciblees-collectif-anti-linky-5g-fallait-faut-refuser-linky\/#primaryimage\",\"url\":\"https:\/\/vosgesinfo.fr\/app\/uploads\/sites\/4\/2024\/08\/202203compteur-linky-edf-1200-4.jpg\",\"contentUrl\":\"https:\/\/vosgesinfo.fr\/app\/uploads\/sites\/4\/2024\/08\/202203compteur-linky-edf-1200-4.jpg\",\"width\":746,\"height\":559},{\"@type\":\"BreadcrumbList\",\"@id\":\"https:\/\/vosgesinfo.fr\/saintdieinfo\/2022\/10\/coupures-delectricite-ciblees-collectif-anti-linky-5g-fallait-faut-refuser-linky\/#breadcrumb\",\"itemListElement\":[{\"@type\":\"ListItem\",\"position\":1,\"name\":\"Home\",\"item\":\"https:\/\/vosgesinfo.fr\/saintdieinfo\/\"},{\"@type\":\"ListItem\",\"position\":2,\"name\":\"Coupures d&rsquo;\u00e9lectricit\u00e9 cibl\u00e9es\u00a0: pour le collectif Anti Linky et 5G, \u00ab\u00a0il fallait et il faut refuser le Linky\u00a0!\u00a0\u00bb\"}]},{\"@type\":\"WebSite\",\"@id\":\"https:\/\/vosgesinfo.fr\/saintdieinfo\/#website\",\"url\":\"https:\/\/vosgesinfo.fr\/saintdieinfo\/\",\"name\":\"Saint Die Info\",\"description\":\"Toute l&#039;actualit\u00e9 de Saint-Di\u00e9-Des-Vosges\",\"publisher\":{\"@id\":\"https:\/\/vosgesinfo.fr\/saintdieinfo\/#organization\"},\"alternateName\":\"Toute l'actualit\u00e9 de Saint-Di\u00e9-Des-Vosges\",\"potentialAction\":[{\"@type\":\"SearchAction\",\"target\":{\"@type\":\"EntryPoint\",\"urlTemplate\":\"https:\/\/vosgesinfo.fr\/saintdieinfo\/?s={search_term_string}\"},\"query-input\":\"required name=search_term_string\"}],\"inLanguage\":\"fr-FR\"},{\"@type\":\"Organization\",\"@id\":\"https:\/\/vosgesinfo.fr\/saintdieinfo\/#organization\",\"name\":\"Saint Die Info\",\"url\":\"https:\/\/vosgesinfo.fr\/saintdieinfo\/\",\"logo\":{\"@type\":\"ImageObject\",\"inLanguage\":\"fr-FR\",\"@id\":\"https:\/\/vosgesinfo.fr\/saintdieinfo\/#\/schema\/logo\/image\/\",\"url\":\"https:\/\/vosgesinfo.fr\/app\/uploads\/sites\/4\/2024\/02\/logo-sdi.jpg\",\"contentUrl\":\"https:\/\/vosgesinfo.fr\/app\/uploads\/sites\/4\/2024\/02\/logo-sdi.jpg\",\"width\":600,\"height\":600,\"caption\":\"Saint Die Info\"},\"image\":{\"@id\":\"https:\/\/vosgesinfo.fr\/saintdieinfo\/#\/schema\/logo\/image\/\"},\"sameAs\":[\"https:\/\/www.facebook.com\/Saintdieinfofr\",\"https:\/\/x.com\/VosgesInfo88\",\"https:\/\/www.youtube.com\/@vosgesinfo\"]},{\"@type\":\"Person\",\"@id\":\"https:\/\/vosgesinfo.fr\/saintdieinfo\/#\/schema\/person\/faee6704a21f3977511db84bd1cd450f\",\"name\":\"la r\u00e9daction\",\"image\":{\"@type\":\"ImageObject\",\"inLanguage\":\"fr-FR\",\"@id\":\"https:\/\/vosgesinfo.fr\/saintdieinfo\/#\/schema\/person\/image\/\",\"url\":\"https:\/\/secure.gravatar.com\/avatar\/6673d8bc6a9c17fa9a453eaa3448de834fa308c2ec9635b7aa99441a7c8d2cf6?s=96&d=mm&r=g\",\"contentUrl\":\"https:\/\/secure.gravatar.com\/avatar\/6673d8bc6a9c17fa9a453eaa3448de834fa308c2ec9635b7aa99441a7c8d2cf6?s=96&d=mm&r=g\",\"caption\":\"la r\u00e9daction\"},\"url\":\"https:\/\/vosgesinfo.fr\/saintdieinfo\/author\/redac\/\"}]}<\/script>\n<!-- \/ Yoast SEO plugin. -->","yoast_head_json":{"title":"Coupures d'\u00e9lectricit\u00e9 cibl\u00e9es\u00a0: pour le collectif Anti Linky et 5G, \u00ab\u00a0il fallait et il faut refuser le Linky\u00a0!\u00a0\u00bb - Saint Die Info","robots":{"index":"index","follow":"follow","max-snippet":"max-snippet:-1","max-image-preview":"max-image-preview:large","max-video-preview":"max-video-preview:-1"},"canonical":"https:\/\/vosgesinfo.fr\/saintdieinfo\/2022\/10\/coupures-delectricite-ciblees-collectif-anti-linky-5g-fallait-faut-refuser-linky\/","twitter_card":"summary_large_image","twitter_title":"Coupures d'\u00e9lectricit\u00e9 cibl\u00e9es\u00a0: pour le collectif Anti Linky et 5G, \u00ab\u00a0il fallait et il faut refuser le Linky\u00a0!\u00a0\u00bb - Saint Die Info","twitter_description":"Selon l&rsquo;arr\u00eat\u00e9 du 22 septembre 2022, \u00ab\u00a0afin de limiter les pics de consommation de mi-journ\u00e9e, Enedis et les fournisseurs d&rsquo;\u00e9lectricit\u00e9 [&hellip;]","twitter_image":"https:\/\/vosgesinfo.fr\/app\/uploads\/sites\/4\/2024\/08\/202203compteur-linky-edf-1200-4.jpg","twitter_creator":"@VosgesInfo88","twitter_site":"@VosgesInfo88","twitter_misc":{"\u00c9crit par":"la r\u00e9daction","Dur\u00e9e de lecture estim\u00e9e":"4 minutes"},"schema":{"@context":"https:\/\/schema.org","@graph":[{"@type":"Article","@id":"https:\/\/vosgesinfo.fr\/saintdieinfo\/2022\/10\/coupures-delectricite-ciblees-collectif-anti-linky-5g-fallait-faut-refuser-linky\/#article","isPartOf":{"@id":"https:\/\/vosgesinfo.fr\/saintdieinfo\/2022\/10\/coupures-delectricite-ciblees-collectif-anti-linky-5g-fallait-faut-refuser-linky\/"},"author":{"name":"la r\u00e9daction","@id":"https:\/\/vosgesinfo.fr\/saintdieinfo\/#\/schema\/person\/faee6704a21f3977511db84bd1cd450f"},"headline":"Coupures d&rsquo;\u00e9lectricit\u00e9 cibl\u00e9es\u00a0: pour le collectif Anti Linky et 5G, \u00ab\u00a0il fallait et il faut refuser le Linky\u00a0!\u00a0\u00bb","datePublished":"2022-10-14T14:31:49+00:00","dateModified":"2022-10-14T14:31:49+00:00","mainEntityOfPage":{"@id":"https:\/\/vosgesinfo.fr\/saintdieinfo\/2022\/10\/coupures-delectricite-ciblees-collectif-anti-linky-5g-fallait-faut-refuser-linky\/"},"wordCount":826,"commentCount":0,"publisher":{"@id":"https:\/\/vosgesinfo.fr\/saintdieinfo\/#organization"},"image":{"@id":"https:\/\/vosgesinfo.fr\/saintdieinfo\/2022\/10\/coupures-delectricite-ciblees-collectif-anti-linky-5g-fallait-faut-refuser-linky\/#primaryimage"},"thumbnailUrl":"https:\/\/vosgesinfo.fr\/app\/uploads\/sites\/4\/2024\/08\/202203compteur-linky-edf-1200-4.jpg","keywords":["Arr\u00eat\u00e9 du 22 septembre 2022","Collectif Anti Linky et 5G","Coupures d'\u00e9lectricit\u00e9 cibl\u00e9es"],"articleSection":["A la Une","Vosges"],"inLanguage":"fr-FR","potentialAction":[{"@type":"CommentAction","name":"Comment","target":["https:\/\/vosgesinfo.fr\/saintdieinfo\/2022\/10\/coupures-delectricite-ciblees-collectif-anti-linky-5g-fallait-faut-refuser-linky\/#respond"]}]},{"@type":"WebPage","@id":"https:\/\/vosgesinfo.fr\/saintdieinfo\/2022\/10\/coupures-delectricite-ciblees-collectif-anti-linky-5g-fallait-faut-refuser-linky\/","url":"https:\/\/vosgesinfo.fr\/saintdieinfo\/2022\/10\/coupures-delectricite-ciblees-collectif-anti-linky-5g-fallait-faut-refuser-linky\/","name":"Coupures d'\u00e9lectricit\u00e9 cibl\u00e9es\u00a0: pour le collectif Anti Linky et 5G, \u00ab\u00a0il fallait et il faut refuser le Linky\u00a0!\u00a0\u00bb - Saint Die Info","isPartOf":{"@id":"https:\/\/vosgesinfo.fr\/saintdieinfo\/#website"},"primaryImageOfPage":{"@id":"https:\/\/vosgesinfo.fr\/saintdieinfo\/2022\/10\/coupures-delectricite-ciblees-collectif-anti-linky-5g-fallait-faut-refuser-linky\/#primaryimage"},"image":{"@id":"https:\/\/vosgesinfo.fr\/saintdieinfo\/2022\/10\/coupures-delectricite-ciblees-collectif-anti-linky-5g-fallait-faut-refuser-linky\/#primaryimage"},"thumbnailUrl":"https:\/\/vosgesinfo.fr\/app\/uploads\/sites\/4\/2024\/08\/202203compteur-linky-edf-1200-4.jpg","datePublished":"2022-10-14T14:31:49+00:00","dateModified":"2022-10-14T14:31:49+00:00","breadcrumb":{"@id":"https:\/\/vosgesinfo.fr\/saintdieinfo\/2022\/10\/coupures-delectricite-ciblees-collectif-anti-linky-5g-fallait-faut-refuser-linky\/#breadcrumb"},"inLanguage":"fr-FR","potentialAction":[{"@type":"ReadAction","target":["https:\/\/vosgesinfo.fr\/saintdieinfo\/2022\/10\/coupures-delectricite-ciblees-collectif-anti-linky-5g-fallait-faut-refuser-linky\/"]}]},{"@type":"ImageObject","inLanguage":"fr-FR","@id":"https:\/\/vosgesinfo.fr\/saintdieinfo\/2022\/10\/coupures-delectricite-ciblees-collectif-anti-linky-5g-fallait-faut-refuser-linky\/#primaryimage","url":"https:\/\/vosgesinfo.fr\/app\/uploads\/sites\/4\/2024\/08\/202203compteur-linky-edf-1200-4.jpg","contentUrl":"https:\/\/vosgesinfo.fr\/app\/uploads\/sites\/4\/2024\/08\/202203compteur-linky-edf-1200-4.jpg","width":746,"height":559},{"@type":"BreadcrumbList","@id":"https:\/\/vosgesinfo.fr\/saintdieinfo\/2022\/10\/coupures-delectricite-ciblees-collectif-anti-linky-5g-fallait-faut-refuser-linky\/#breadcrumb","itemListElement":[{"@type":"ListItem","position":1,"name":"Home","item":"https:\/\/vosgesinfo.fr\/saintdieinfo\/"},{"@type":"ListItem","position":2,"name":"Coupures d&rsquo;\u00e9lectricit\u00e9 cibl\u00e9es\u00a0: pour le collectif Anti Linky et 5G, \u00ab\u00a0il fallait et il faut refuser le Linky\u00a0!\u00a0\u00bb"}]},{"@type":"WebSite","@id":"https:\/\/vosgesinfo.fr\/saintdieinfo\/#website","url":"https:\/\/vosgesinfo.fr\/saintdieinfo\/","name":"Saint Die Info","description":"Toute l&#039;actualit\u00e9 de Saint-Di\u00e9-Des-Vosges","publisher":{"@id":"https:\/\/vosgesinfo.fr\/saintdieinfo\/#organization"},"alternateName":"Toute l'actualit\u00e9 de Saint-Di\u00e9-Des-Vosges","potentialAction":[{"@type":"SearchAction","target":{"@type":"EntryPoint","urlTemplate":"https:\/\/vosgesinfo.fr\/saintdieinfo\/?s={search_term_string}"},"query-input":"required name=search_term_string"}],"inLanguage":"fr-FR"},{"@type":"Organization","@id":"https:\/\/vosgesinfo.fr\/saintdieinfo\/#organization","name":"Saint Die Info","url":"https:\/\/vosgesinfo.fr\/saintdieinfo\/","logo":{"@type":"ImageObject","inLanguage":"fr-FR","@id":"https:\/\/vosgesinfo.fr\/saintdieinfo\/#\/schema\/logo\/image\/","url":"https:\/\/vosgesinfo.fr\/app\/uploads\/sites\/4\/2024\/02\/logo-sdi.jpg","contentUrl":"https:\/\/vosgesinfo.fr\/app\/uploads\/sites\/4\/2024\/02\/logo-sdi.jpg","width":600,"height":600,"caption":"Saint Die Info"},"image":{"@id":"https:\/\/vosgesinfo.fr\/saintdieinfo\/#\/schema\/logo\/image\/"},"sameAs":["https:\/\/www.facebook.com\/Saintdieinfofr","https:\/\/x.com\/VosgesInfo88","https:\/\/www.youtube.com\/@vosgesinfo"]},{"@type":"Person","@id":"https:\/\/vosgesinfo.fr\/saintdieinfo\/#\/schema\/person\/faee6704a21f3977511db84bd1cd450f","name":"la r\u00e9daction","image":{"@type":"ImageObject","inLanguage":"fr-FR","@id":"https:\/\/vosgesinfo.fr\/saintdieinfo\/#\/schema\/person\/image\/","url":"https:\/\/secure.gravatar.com\/avatar\/6673d8bc6a9c17fa9a453eaa3448de834fa308c2ec9635b7aa99441a7c8d2cf6?s=96&d=mm&r=g","contentUrl":"https:\/\/secure.gravatar.com\/avatar\/6673d8bc6a9c17fa9a453eaa3448de834fa308c2ec9635b7aa99441a7c8d2cf6?s=96&d=mm&r=g","caption":"la r\u00e9daction"},"url":"https:\/\/vosgesinfo.fr\/saintdieinfo\/author\/redac\/"}]}},"_links":{"self":[{"href":"https:\/\/vosgesinfo.fr\/saintdieinfo\/wp-json\/wp\/v2\/posts\/58600","targetHints":{"allow":["GET"]}}],"collection":[{"href":"https:\/\/vosgesinfo.fr\/saintdieinfo\/wp-json\/wp\/v2\/posts"}],"about":[{"href":"https:\/\/vosgesinfo.fr\/saintdieinfo\/wp-json\/wp\/v2\/types\/post"}],"author":[{"embeddable":true,"href":"https:\/\/vosgesinfo.fr\/saintdieinfo\/wp-json\/wp\/v2\/users\/44"}],"replies":[{"embeddable":true,"href":"https:\/\/vosgesinfo.fr\/saintdieinfo\/wp-json\/wp\/v2\/comments?post=58600"}],"version-history":[{"count":0,"href":"https:\/\/vosgesinfo.fr\/saintdieinfo\/wp-json\/wp\/v2\/posts\/58600\/revisions"}],"wp:featuredmedia":[{"embeddable":true,"href":"https:\/\/vosgesinfo.fr\/saintdieinfo\/wp-json\/wp\/v2\/media\/58601"}],"wp:attachment":[{"href":"https:\/\/vosgesinfo.fr\/saintdieinfo\/wp-json\/wp\/v2\/media?parent=58600"}],"wp:term":[{"taxonomy":"category","embeddable":true,"href":"https:\/\/vosgesinfo.fr\/saintdieinfo\/wp-json\/wp\/v2\/categories?post=58600"},{"taxonomy":"post_tag","embeddable":true,"href":"https:\/\/vosgesinfo.fr\/saintdieinfo\/wp-json\/wp\/v2\/tags?post=58600"}],"curies":[{"name":"wp","href":"https:\/\/api.w.org\/{rel}","templated":true}]}}