{"id":58602,"date":"2022-10-14T20:01:39","date_gmt":"2022-10-14T18:01:39","guid":{"rendered":"https:\/\/vosgesinfo.fr\/saintdieinfo\/2022\/10\/felicitations-aux-nouveaux-diplomes-de-linsic-2\/"},"modified":"2022-10-14T20:01:39","modified_gmt":"2022-10-14T18:01:39","slug":"felicitations-aux-nouveaux-diplomes-de-linsic-2","status":"publish","type":"post","link":"https:\/\/vosgesinfo.fr\/saintdieinfo\/2022\/10\/felicitations-aux-nouveaux-diplomes-de-linsic-2\/","title":{"rendered":"F\u00e9licitations aux nouveaux dipl\u00f4m\u00e9s de l&rsquo;InSIC\u00a0!"},"content":{"rendered":"<div id=\"attachment_191182\" style=\"width: 970px\" class=\"wp-caption aligncenter\"><a href=\"\/2022\/10\/Remise_Dipl\u00f4mes_InSIC-3.jpg\" target=\"_blank\" rel=\"noopener\"><img decoding=\"async\" aria-describedby=\"caption-attachment-191182\" class=\"wp-image-191182 size-large\" src=\"\/2022\/10\/Remise_Dipl\u00f4mes_InSIC-3-1024x683.jpg\" alt=\"Remise_Dipl\u00f4mes_InSIC (3)\" width=\"960\" height=\"640\" \/><\/a><p id=\"caption-attachment-191182\" class=\"wp-caption-text\">(Photographies Marc Fourniquet)<\/p><\/div>\n<h2><strong><span style=\"font-size: 14pt;\">Le Groupement d&rsquo;Int\u00e9r\u00eat Public \u2013 GIP \u2013 Institut Sup\u00e9rieur d&rsquo;Ing\u00e9nierie de la Conception \u2013 InSIC \u2013 est l&rsquo;un des 3 piliers du P\u00f4le VirtuReal de Saint-Di\u00e9-des-Vosges, avec le CIRTES et la plateforme INORI. Ce vendredi en fin de journ\u00e9e, l&rsquo;InSIC organisait sa traditionnelle c\u00e9r\u00e9monie de remise de dipl\u00f4mes \u00e0 l&rsquo;Espace Georges-Sadoul.<\/span><\/strong><\/h2>\n<p><!--more--><\/p>\n<p>Cette ann\u00e9e, ce sont la 20e promotion d&rsquo;ing\u00e9nieurs de l&rsquo;Ecole des Mines de Nancy avec une sp\u00e9cialit\u00e9 en G\u00e9nie M\u00e9canique, parcours Ing\u00e9nierie de la Conception, la 17e promotion de Master Design, parcours Conception Produit, et un Docteur qui ont \u00e9t\u00e9 dipl\u00f4m\u00e9s. D\u00e9livr\u00e9s par l&rsquo;Universit\u00e9 de Lorraine, les dipl\u00f4mes \u00e9taient accompagn\u00e9s d&rsquo;un troph\u00e9e r\u00e9alis\u00e9 par les \u00e9tudiants, con\u00e7u avec des mat\u00e9riaux durables et \u00e9coresponsables. Apr\u00e8s la c\u00e9r\u00e9monie, \u00e0 laquelle a assist\u00e9 la marraine des promotions 2022, le Docteur-Ing\u00e9nieur Laurence Lambert, un cocktail et le d\u00eener-gala de l&rsquo;InSIC \u00ab\u00a0Nuit de l&rsquo;Ing\u00e9nieur\u00a0\u00bb \u00e9taient organis\u00e9s \u00e0 l&rsquo;Espace Fran\u00e7ois-Mitterrand.<\/p>\n\n<h3><strong><span style=\"font-size: 12pt;\">Retrouvez ci-dessous la liste des dipl\u00f4m\u00e9s de l\u2019InSIC\u00a0:<\/span><\/strong><\/h3>\n<p><strong>Etudiants ayant obtenu le titre d\u2019Ing\u00e9nieur des Mines Nancy, sp\u00e9cialit\u00e9 G\u00e9nie M\u00e9canique \u2013 parcours Ing\u00e9nierie de la Conception (Universit\u00e9 de Lorraine en partenariat avec l\u2019ITII Lorraine) :<\/strong><\/p>\n<ul>\n<li>Camille Bauchat\u00a0;<\/li>\n<li>Maxime Belcour\u00a0;<\/li>\n<li>Quentin Bellamy\u00a0;<\/li>\n<li>Alban Belloir\u00a0;<\/li>\n<li>Martin Boulnois\u00a0;<\/li>\n<li>Ma\u00eblus Bourel\u00a0;<\/li>\n<li>Hugo Boussier\u00a0;<\/li>\n<li>Mehmet Buyuk\u00a0;<\/li>\n<li>Aur\u00e9lien Collura\u00a0;<\/li>\n<li>Luca Falzetti\u00a0;<\/li>\n<li>Paul Fertin\u00a0;<\/li>\n<li>Benjamin Fontaine\u00a0;<\/li>\n<li>Maxence Godard\u00a0;<\/li>\n<li>Christophe Goulefert\u00a0;<\/li>\n<li>Alexandre Gounand\u00a0;<\/li>\n<li>Alexis Guenot\u00a0;<\/li>\n<li>Henry Hacquard\u00a0;<\/li>\n<li>Charlotte Janik\u00a0;<\/li>\n<li>Vincent Kudzia\u00a0;<\/li>\n<li>Gr\u00e9goire Lerquet\u00a0;<\/li>\n<li>Damien Lopez\u00a0;<\/li>\n<li>Nicolas Lucain\u00a0;<\/li>\n<li>Loriane Mazeau\u00a0;<\/li>\n<li>Th\u00e9o Maulon\u00a0;<\/li>\n<li>Adrien Nebon\u00a0;<\/li>\n<li>Lucas Orin\u00a0;<\/li>\n<li>Gabriel Riou\u00a0;<\/li>\n<li>Thomas Rouch\u00a0;<\/li>\n<li>Cl\u00e9ment Sabin\u00a0;<\/li>\n<li>Lucas Schaffhauser\u00a0;<\/li>\n<li>Cyril Schoenacker\u00a0;<\/li>\n<li>Louis Siguier\u00a0;<\/li>\n<li>Nicolas Stirnling<\/li>\n<li>Elie Thouverey\u00a0;<\/li>\n<li>Laurent Vincent\u00a0;<\/li>\n<li>Joffrey Wolffelsperger.<\/li>\n<\/ul>\n<p><strong>Etudiants ayant obtenu le Master Design \u2013 parcours Conception Produit (Universit\u00e9 de Lorraine) :<\/strong><\/p>\n<ul>\n<li>Tom Boffa\u00a0;<\/li>\n<li>Guillaume Bour\u00a0;<\/li>\n<li>Imrane Dany\u00a0;<\/li>\n<li>Na\u00eema El Idrissi\u00a0;<\/li>\n<li>Oussama El Mehdi\u00a0;<\/li>\n<li>Youssef El Moussaoui\u00a0;<\/li>\n<li>Akram Elherd\u00a0;<\/li>\n<li>Haythem Gattoussi\u00a0;<\/li>\n<li>Mohamed Ghiloufi\u00a0;<\/li>\n<li>Jean-Baptiste Hauck\u00a0;<\/li>\n<li>Nizar Jami\u00a0;<\/li>\n<li>Marion Lefran\u00e7ois\u00a0;<\/li>\n<li>Simon Lesoin\u00a0;<\/li>\n<li>Vincent Lingua\u00a0;<\/li>\n<li>Cassandra Losson\u00a0;<\/li>\n<li>Hajar Mouhssine\u00a0;<\/li>\n<li>Abdelalim Nabih\u00a0;<\/li>\n<li>Chlo\u00eb Popovic\u00a0;<\/li>\n<li>Sami Saad\u00a0;<\/li>\n<li>Gr\u00e9gory Vaiti.<\/li>\n<\/ul>\n<p><strong>Th\u00e8ses de doctorat de l\u2019Universit\u00e9 de Lorraine au sein de l\u2019\u00e9quipe ERMeP du GIP-InSIC :<\/strong><\/p>\n<ul>\n<li>Kofi Edoh Agode, Docteur de l\u2019Universit\u00e9 de Lorraine, Ecole Doctorale CM2P. Th\u00e8se soutenue le 15 juillet 2022 au GIP-InSIC.<\/li>\n<\/ul>\n<p>J.J.<\/p>\n","protected":false},"excerpt":{"rendered":"<p>Le Groupement d&rsquo;Int\u00e9r\u00eat Public \u2013 GIP \u2013 Institut Sup\u00e9rieur d&rsquo;Ing\u00e9nierie de la Conception \u2013 InSIC \u2013 est l&rsquo;un des 3 [&hellip;]<\/p>\n","protected":false},"author":44,"featured_media":26597,"comment_status":"open","ping_status":"open","sticky":false,"template":"","format":"standard","meta":{"footnotes":""},"categories":[460,6,2915],"tags":[3559,3967,3968,12814],"class_list":["post-58602","post","type-post","status-publish","format-standard","has-post-thumbnail","hentry","category-a-la-une","category-education","category-saint-die-son-canton","tag-espace-georges-sadoul","tag-gip-insic","tag-institut-superieur-dingenierie-de-la-conception","tag-remise-des-diplomes-de-linsic"],"acf":[],"yoast_head":"<!-- This site is optimized with the Yoast SEO plugin v22.5 - https:\/\/yoast.com\/wordpress\/plugins\/seo\/ -->\n<title>F\u00e9licitations aux nouveaux dipl\u00f4m\u00e9s de l&#039;InSIC\u00a0! - Saint Die Info<\/title>\n<meta name=\"robots\" content=\"index, follow, max-snippet:-1, max-image-preview:large, max-video-preview:-1\" \/>\n<link rel=\"canonical\" href=\"https:\/\/vosgesinfo.fr\/saintdieinfo\/2022\/10\/felicitations-aux-nouveaux-diplomes-de-linsic-2\/\" \/>\n<meta name=\"twitter:card\" content=\"summary_large_image\" \/>\n<meta name=\"twitter:title\" content=\"F\u00e9licitations aux nouveaux dipl\u00f4m\u00e9s de l&#039;InSIC\u00a0! - Saint Die Info\" \/>\n<meta name=\"twitter:description\" content=\"Le Groupement d&rsquo;Int\u00e9r\u00eat Public \u2013 GIP \u2013 Institut Sup\u00e9rieur d&rsquo;Ing\u00e9nierie de la Conception \u2013 InSIC \u2013 est l&rsquo;un des 3 [&hellip;]\" \/>\n<meta name=\"twitter:image\" content=\"https:\/\/vosgesinfo.fr\/app\/uploads\/sites\/4\/2023\/10\/remise-diplomes-insic-3.jpg\" \/>\n<meta name=\"twitter:creator\" content=\"@VosgesInfo88\" \/>\n<meta name=\"twitter:site\" content=\"@VosgesInfo88\" \/>\n<meta name=\"twitter:label1\" content=\"\u00c9crit par\" \/>\n\t<meta name=\"twitter:data1\" content=\"la r\u00e9daction\" \/>\n\t<meta name=\"twitter:label2\" content=\"Dur\u00e9e de lecture estim\u00e9e\" \/>\n\t<meta name=\"twitter:data2\" content=\"2 minutes\" \/>\n<script type=\"application\/ld+json\" class=\"yoast-schema-graph\">{\"@context\":\"https:\/\/schema.org\",\"@graph\":[{\"@type\":\"Article\",\"@id\":\"https:\/\/vosgesinfo.fr\/saintdieinfo\/2022\/10\/felicitations-aux-nouveaux-diplomes-de-linsic-2\/#article\",\"isPartOf\":{\"@id\":\"https:\/\/vosgesinfo.fr\/saintdieinfo\/2022\/10\/felicitations-aux-nouveaux-diplomes-de-linsic-2\/\"},\"author\":{\"name\":\"la r\u00e9daction\",\"@id\":\"https:\/\/vosgesinfo.fr\/saintdieinfo\/#\/schema\/person\/faee6704a21f3977511db84bd1cd450f\"},\"headline\":\"F\u00e9licitations aux nouveaux dipl\u00f4m\u00e9s de l&rsquo;InSIC\u00a0!\",\"datePublished\":\"2022-10-14T18:01:39+00:00\",\"dateModified\":\"2022-10-14T18:01:39+00:00\",\"mainEntityOfPage\":{\"@id\":\"https:\/\/vosgesinfo.fr\/saintdieinfo\/2022\/10\/felicitations-aux-nouveaux-diplomes-de-linsic-2\/\"},\"wordCount\":425,\"commentCount\":0,\"publisher\":{\"@id\":\"https:\/\/vosgesinfo.fr\/saintdieinfo\/#organization\"},\"image\":{\"@id\":\"https:\/\/vosgesinfo.fr\/saintdieinfo\/2022\/10\/felicitations-aux-nouveaux-diplomes-de-linsic-2\/#primaryimage\"},\"thumbnailUrl\":\"https:\/\/vosgesinfo.fr\/app\/uploads\/sites\/4\/2023\/10\/remise-diplomes-insic-3.jpg\",\"keywords\":[\"Espace Georges-Sadoul\",\"GIP-InSIC\",\"Institut Sup\u00e9rieur d'Ing\u00e9nierie de la Conception\",\"Remise des dipl\u00f4mes de l'InSIC\"],\"articleSection\":[\"A la Une\",\"\u00c9ducation\",\"Saint-Di\u00e9-des-Vosges et son Agglom\u00e9ration\"],\"inLanguage\":\"fr-FR\",\"potentialAction\":[{\"@type\":\"CommentAction\",\"name\":\"Comment\",\"target\":[\"https:\/\/vosgesinfo.fr\/saintdieinfo\/2022\/10\/felicitations-aux-nouveaux-diplomes-de-linsic-2\/#respond\"]}]},{\"@type\":\"WebPage\",\"@id\":\"https:\/\/vosgesinfo.fr\/saintdieinfo\/2022\/10\/felicitations-aux-nouveaux-diplomes-de-linsic-2\/\",\"url\":\"https:\/\/vosgesinfo.fr\/saintdieinfo\/2022\/10\/felicitations-aux-nouveaux-diplomes-de-linsic-2\/\",\"name\":\"F\u00e9licitations aux nouveaux dipl\u00f4m\u00e9s de l'InSIC\u00a0! - Saint Die Info\",\"isPartOf\":{\"@id\":\"https:\/\/vosgesinfo.fr\/saintdieinfo\/#website\"},\"primaryImageOfPage\":{\"@id\":\"https:\/\/vosgesinfo.fr\/saintdieinfo\/2022\/10\/felicitations-aux-nouveaux-diplomes-de-linsic-2\/#primaryimage\"},\"image\":{\"@id\":\"https:\/\/vosgesinfo.fr\/saintdieinfo\/2022\/10\/felicitations-aux-nouveaux-diplomes-de-linsic-2\/#primaryimage\"},\"thumbnailUrl\":\"https:\/\/vosgesinfo.fr\/app\/uploads\/sites\/4\/2023\/10\/remise-diplomes-insic-3.jpg\",\"datePublished\":\"2022-10-14T18:01:39+00:00\",\"dateModified\":\"2022-10-14T18:01:39+00:00\",\"breadcrumb\":{\"@id\":\"https:\/\/vosgesinfo.fr\/saintdieinfo\/2022\/10\/felicitations-aux-nouveaux-diplomes-de-linsic-2\/#breadcrumb\"},\"inLanguage\":\"fr-FR\",\"potentialAction\":[{\"@type\":\"ReadAction\",\"target\":[\"https:\/\/vosgesinfo.fr\/saintdieinfo\/2022\/10\/felicitations-aux-nouveaux-diplomes-de-linsic-2\/\"]}]},{\"@type\":\"ImageObject\",\"inLanguage\":\"fr-FR\",\"@id\":\"https:\/\/vosgesinfo.fr\/saintdieinfo\/2022\/10\/felicitations-aux-nouveaux-diplomes-de-linsic-2\/#primaryimage\",\"url\":\"https:\/\/vosgesinfo.fr\/app\/uploads\/sites\/4\/2023\/10\/remise-diplomes-insic-3.jpg\",\"contentUrl\":\"https:\/\/vosgesinfo.fr\/app\/uploads\/sites\/4\/2023\/10\/remise-diplomes-insic-3.jpg\"},{\"@type\":\"BreadcrumbList\",\"@id\":\"https:\/\/vosgesinfo.fr\/saintdieinfo\/2022\/10\/felicitations-aux-nouveaux-diplomes-de-linsic-2\/#breadcrumb\",\"itemListElement\":[{\"@type\":\"ListItem\",\"position\":1,\"name\":\"Home\",\"item\":\"https:\/\/vosgesinfo.fr\/saintdieinfo\/\"},{\"@type\":\"ListItem\",\"position\":2,\"name\":\"F\u00e9licitations aux nouveaux dipl\u00f4m\u00e9s de l&rsquo;InSIC\u00a0!\"}]},{\"@type\":\"WebSite\",\"@id\":\"https:\/\/vosgesinfo.fr\/saintdieinfo\/#website\",\"url\":\"https:\/\/vosgesinfo.fr\/saintdieinfo\/\",\"name\":\"Saint Die Info\",\"description\":\"Toute l&#039;actualit\u00e9 de Saint-Di\u00e9-Des-Vosges\",\"publisher\":{\"@id\":\"https:\/\/vosgesinfo.fr\/saintdieinfo\/#organization\"},\"alternateName\":\"Toute l'actualit\u00e9 de Saint-Di\u00e9-Des-Vosges\",\"potentialAction\":[{\"@type\":\"SearchAction\",\"target\":{\"@type\":\"EntryPoint\",\"urlTemplate\":\"https:\/\/vosgesinfo.fr\/saintdieinfo\/?s={search_term_string}\"},\"query-input\":\"required name=search_term_string\"}],\"inLanguage\":\"fr-FR\"},{\"@type\":\"Organization\",\"@id\":\"https:\/\/vosgesinfo.fr\/saintdieinfo\/#organization\",\"name\":\"Saint Die Info\",\"url\":\"https:\/\/vosgesinfo.fr\/saintdieinfo\/\",\"logo\":{\"@type\":\"ImageObject\",\"inLanguage\":\"fr-FR\",\"@id\":\"https:\/\/vosgesinfo.fr\/saintdieinfo\/#\/schema\/logo\/image\/\",\"url\":\"https:\/\/vosgesinfo.fr\/app\/uploads\/sites\/4\/2024\/02\/logo-sdi.jpg\",\"contentUrl\":\"https:\/\/vosgesinfo.fr\/app\/uploads\/sites\/4\/2024\/02\/logo-sdi.jpg\",\"width\":600,\"height\":600,\"caption\":\"Saint Die Info\"},\"image\":{\"@id\":\"https:\/\/vosgesinfo.fr\/saintdieinfo\/#\/schema\/logo\/image\/\"},\"sameAs\":[\"https:\/\/www.facebook.com\/Saintdieinfofr\",\"https:\/\/x.com\/VosgesInfo88\",\"https:\/\/www.youtube.com\/@vosgesinfo\"]},{\"@type\":\"Person\",\"@id\":\"https:\/\/vosgesinfo.fr\/saintdieinfo\/#\/schema\/person\/faee6704a21f3977511db84bd1cd450f\",\"name\":\"la r\u00e9daction\",\"image\":{\"@type\":\"ImageObject\",\"inLanguage\":\"fr-FR\",\"@id\":\"https:\/\/vosgesinfo.fr\/saintdieinfo\/#\/schema\/person\/image\/\",\"url\":\"https:\/\/secure.gravatar.com\/avatar\/6673d8bc6a9c17fa9a453eaa3448de834fa308c2ec9635b7aa99441a7c8d2cf6?s=96&d=mm&r=g\",\"contentUrl\":\"https:\/\/secure.gravatar.com\/avatar\/6673d8bc6a9c17fa9a453eaa3448de834fa308c2ec9635b7aa99441a7c8d2cf6?s=96&d=mm&r=g\",\"caption\":\"la r\u00e9daction\"},\"url\":\"https:\/\/vosgesinfo.fr\/saintdieinfo\/author\/redac\/\"}]}<\/script>\n<!-- \/ Yoast SEO plugin. -->","yoast_head_json":{"title":"F\u00e9licitations aux nouveaux dipl\u00f4m\u00e9s de l'InSIC\u00a0! - Saint Die Info","robots":{"index":"index","follow":"follow","max-snippet":"max-snippet:-1","max-image-preview":"max-image-preview:large","max-video-preview":"max-video-preview:-1"},"canonical":"https:\/\/vosgesinfo.fr\/saintdieinfo\/2022\/10\/felicitations-aux-nouveaux-diplomes-de-linsic-2\/","twitter_card":"summary_large_image","twitter_title":"F\u00e9licitations aux nouveaux dipl\u00f4m\u00e9s de l'InSIC\u00a0! - Saint Die Info","twitter_description":"Le Groupement d&rsquo;Int\u00e9r\u00eat Public \u2013 GIP \u2013 Institut Sup\u00e9rieur d&rsquo;Ing\u00e9nierie de la Conception \u2013 InSIC \u2013 est l&rsquo;un des 3 [&hellip;]","twitter_image":"https:\/\/vosgesinfo.fr\/app\/uploads\/sites\/4\/2023\/10\/remise-diplomes-insic-3.jpg","twitter_creator":"@VosgesInfo88","twitter_site":"@VosgesInfo88","twitter_misc":{"\u00c9crit par":"la r\u00e9daction","Dur\u00e9e de lecture estim\u00e9e":"2 minutes"},"schema":{"@context":"https:\/\/schema.org","@graph":[{"@type":"Article","@id":"https:\/\/vosgesinfo.fr\/saintdieinfo\/2022\/10\/felicitations-aux-nouveaux-diplomes-de-linsic-2\/#article","isPartOf":{"@id":"https:\/\/vosgesinfo.fr\/saintdieinfo\/2022\/10\/felicitations-aux-nouveaux-diplomes-de-linsic-2\/"},"author":{"name":"la r\u00e9daction","@id":"https:\/\/vosgesinfo.fr\/saintdieinfo\/#\/schema\/person\/faee6704a21f3977511db84bd1cd450f"},"headline":"F\u00e9licitations aux nouveaux dipl\u00f4m\u00e9s de l&rsquo;InSIC\u00a0!","datePublished":"2022-10-14T18:01:39+00:00","dateModified":"2022-10-14T18:01:39+00:00","mainEntityOfPage":{"@id":"https:\/\/vosgesinfo.fr\/saintdieinfo\/2022\/10\/felicitations-aux-nouveaux-diplomes-de-linsic-2\/"},"wordCount":425,"commentCount":0,"publisher":{"@id":"https:\/\/vosgesinfo.fr\/saintdieinfo\/#organization"},"image":{"@id":"https:\/\/vosgesinfo.fr\/saintdieinfo\/2022\/10\/felicitations-aux-nouveaux-diplomes-de-linsic-2\/#primaryimage"},"thumbnailUrl":"https:\/\/vosgesinfo.fr\/app\/uploads\/sites\/4\/2023\/10\/remise-diplomes-insic-3.jpg","keywords":["Espace Georges-Sadoul","GIP-InSIC","Institut Sup\u00e9rieur d'Ing\u00e9nierie de la Conception","Remise des dipl\u00f4mes de l'InSIC"],"articleSection":["A la Une","\u00c9ducation","Saint-Di\u00e9-des-Vosges et son Agglom\u00e9ration"],"inLanguage":"fr-FR","potentialAction":[{"@type":"CommentAction","name":"Comment","target":["https:\/\/vosgesinfo.fr\/saintdieinfo\/2022\/10\/felicitations-aux-nouveaux-diplomes-de-linsic-2\/#respond"]}]},{"@type":"WebPage","@id":"https:\/\/vosgesinfo.fr\/saintdieinfo\/2022\/10\/felicitations-aux-nouveaux-diplomes-de-linsic-2\/","url":"https:\/\/vosgesinfo.fr\/saintdieinfo\/2022\/10\/felicitations-aux-nouveaux-diplomes-de-linsic-2\/","name":"F\u00e9licitations aux nouveaux dipl\u00f4m\u00e9s de l'InSIC\u00a0! - Saint Die Info","isPartOf":{"@id":"https:\/\/vosgesinfo.fr\/saintdieinfo\/#website"},"primaryImageOfPage":{"@id":"https:\/\/vosgesinfo.fr\/saintdieinfo\/2022\/10\/felicitations-aux-nouveaux-diplomes-de-linsic-2\/#primaryimage"},"image":{"@id":"https:\/\/vosgesinfo.fr\/saintdieinfo\/2022\/10\/felicitations-aux-nouveaux-diplomes-de-linsic-2\/#primaryimage"},"thumbnailUrl":"https:\/\/vosgesinfo.fr\/app\/uploads\/sites\/4\/2023\/10\/remise-diplomes-insic-3.jpg","datePublished":"2022-10-14T18:01:39+00:00","dateModified":"2022-10-14T18:01:39+00:00","breadcrumb":{"@id":"https:\/\/vosgesinfo.fr\/saintdieinfo\/2022\/10\/felicitations-aux-nouveaux-diplomes-de-linsic-2\/#breadcrumb"},"inLanguage":"fr-FR","potentialAction":[{"@type":"ReadAction","target":["https:\/\/vosgesinfo.fr\/saintdieinfo\/2022\/10\/felicitations-aux-nouveaux-diplomes-de-linsic-2\/"]}]},{"@type":"ImageObject","inLanguage":"fr-FR","@id":"https:\/\/vosgesinfo.fr\/saintdieinfo\/2022\/10\/felicitations-aux-nouveaux-diplomes-de-linsic-2\/#primaryimage","url":"https:\/\/vosgesinfo.fr\/app\/uploads\/sites\/4\/2023\/10\/remise-diplomes-insic-3.jpg","contentUrl":"https:\/\/vosgesinfo.fr\/app\/uploads\/sites\/4\/2023\/10\/remise-diplomes-insic-3.jpg"},{"@type":"BreadcrumbList","@id":"https:\/\/vosgesinfo.fr\/saintdieinfo\/2022\/10\/felicitations-aux-nouveaux-diplomes-de-linsic-2\/#breadcrumb","itemListElement":[{"@type":"ListItem","position":1,"name":"Home","item":"https:\/\/vosgesinfo.fr\/saintdieinfo\/"},{"@type":"ListItem","position":2,"name":"F\u00e9licitations aux nouveaux dipl\u00f4m\u00e9s de l&rsquo;InSIC\u00a0!"}]},{"@type":"WebSite","@id":"https:\/\/vosgesinfo.fr\/saintdieinfo\/#website","url":"https:\/\/vosgesinfo.fr\/saintdieinfo\/","name":"Saint Die Info","description":"Toute l&#039;actualit\u00e9 de Saint-Di\u00e9-Des-Vosges","publisher":{"@id":"https:\/\/vosgesinfo.fr\/saintdieinfo\/#organization"},"alternateName":"Toute l'actualit\u00e9 de Saint-Di\u00e9-Des-Vosges","potentialAction":[{"@type":"SearchAction","target":{"@type":"EntryPoint","urlTemplate":"https:\/\/vosgesinfo.fr\/saintdieinfo\/?s={search_term_string}"},"query-input":"required name=search_term_string"}],"inLanguage":"fr-FR"},{"@type":"Organization","@id":"https:\/\/vosgesinfo.fr\/saintdieinfo\/#organization","name":"Saint Die Info","url":"https:\/\/vosgesinfo.fr\/saintdieinfo\/","logo":{"@type":"ImageObject","inLanguage":"fr-FR","@id":"https:\/\/vosgesinfo.fr\/saintdieinfo\/#\/schema\/logo\/image\/","url":"https:\/\/vosgesinfo.fr\/app\/uploads\/sites\/4\/2024\/02\/logo-sdi.jpg","contentUrl":"https:\/\/vosgesinfo.fr\/app\/uploads\/sites\/4\/2024\/02\/logo-sdi.jpg","width":600,"height":600,"caption":"Saint Die Info"},"image":{"@id":"https:\/\/vosgesinfo.fr\/saintdieinfo\/#\/schema\/logo\/image\/"},"sameAs":["https:\/\/www.facebook.com\/Saintdieinfofr","https:\/\/x.com\/VosgesInfo88","https:\/\/www.youtube.com\/@vosgesinfo"]},{"@type":"Person","@id":"https:\/\/vosgesinfo.fr\/saintdieinfo\/#\/schema\/person\/faee6704a21f3977511db84bd1cd450f","name":"la r\u00e9daction","image":{"@type":"ImageObject","inLanguage":"fr-FR","@id":"https:\/\/vosgesinfo.fr\/saintdieinfo\/#\/schema\/person\/image\/","url":"https:\/\/secure.gravatar.com\/avatar\/6673d8bc6a9c17fa9a453eaa3448de834fa308c2ec9635b7aa99441a7c8d2cf6?s=96&d=mm&r=g","contentUrl":"https:\/\/secure.gravatar.com\/avatar\/6673d8bc6a9c17fa9a453eaa3448de834fa308c2ec9635b7aa99441a7c8d2cf6?s=96&d=mm&r=g","caption":"la r\u00e9daction"},"url":"https:\/\/vosgesinfo.fr\/saintdieinfo\/author\/redac\/"}]}},"_links":{"self":[{"href":"https:\/\/vosgesinfo.fr\/saintdieinfo\/wp-json\/wp\/v2\/posts\/58602","targetHints":{"allow":["GET"]}}],"collection":[{"href":"https:\/\/vosgesinfo.fr\/saintdieinfo\/wp-json\/wp\/v2\/posts"}],"about":[{"href":"https:\/\/vosgesinfo.fr\/saintdieinfo\/wp-json\/wp\/v2\/types\/post"}],"author":[{"embeddable":true,"href":"https:\/\/vosgesinfo.fr\/saintdieinfo\/wp-json\/wp\/v2\/users\/44"}],"replies":[{"embeddable":true,"href":"https:\/\/vosgesinfo.fr\/saintdieinfo\/wp-json\/wp\/v2\/comments?post=58602"}],"version-history":[{"count":0,"href":"https:\/\/vosgesinfo.fr\/saintdieinfo\/wp-json\/wp\/v2\/posts\/58602\/revisions"}],"wp:featuredmedia":[{"embeddable":true,"href":"https:\/\/vosgesinfo.fr\/saintdieinfo\/wp-json\/wp\/v2\/media\/26597"}],"wp:attachment":[{"href":"https:\/\/vosgesinfo.fr\/saintdieinfo\/wp-json\/wp\/v2\/media?parent=58602"}],"wp:term":[{"taxonomy":"category","embeddable":true,"href":"https:\/\/vosgesinfo.fr\/saintdieinfo\/wp-json\/wp\/v2\/categories?post=58602"},{"taxonomy":"post_tag","embeddable":true,"href":"https:\/\/vosgesinfo.fr\/saintdieinfo\/wp-json\/wp\/v2\/tags?post=58602"}],"curies":[{"name":"wp","href":"https:\/\/api.w.org\/{rel}","templated":true}]}}