{"id":58607,"date":"2022-10-15T08:01:04","date_gmt":"2022-10-15T06:01:04","guid":{"rendered":"https:\/\/vosgesinfo.fr\/saintdieinfo\/2022\/10\/bruyeres-135-etablissements-labellises-accueil-velo-vosges\/"},"modified":"2022-10-15T08:01:04","modified_gmt":"2022-10-15T06:01:04","slug":"bruyeres-135-etablissements-labellises-accueil-velo-vosges","status":"publish","type":"post","link":"https:\/\/vosgesinfo.fr\/saintdieinfo\/2022\/10\/bruyeres-135-etablissements-labellises-accueil-velo-vosges\/","title":{"rendered":"Bruy\u00e8res \u2013 135 \u00e9tablissements labellis\u00e9s \u00ab\u00a0Accueil V\u00e9lo\u00a0\u00bb dans les Vosges"},"content":{"rendered":"<div id=\"attachment_191190\" style=\"width: 970px\" class=\"wp-caption aligncenter\"><a href=\"\/2022\/10\/Vosges-Label_Accueil_V\u00e9lo.jpg\" target=\"_blank\" rel=\"noopener\"><img decoding=\"async\" aria-describedby=\"caption-attachment-191190\" class=\"wp-image-191190 size-large\" src=\"\/2022\/10\/Vosges-Label_Accueil_V\u00e9lo-1024x576.jpg\" alt=\"Vosges-Label_Accueil_V\u00e9lo\" width=\"960\" height=\"540\" \/><\/a><p id=\"caption-attachment-191190\" class=\"wp-caption-text\">(Photographie Conseil D\u00e9partemental des Vosges)<\/p><\/div>\n<h2><strong><span style=\"font-size: 14pt;\">Les partenaires du r\u00e9seau \u00ab\u00a0Accueil V\u00e9lo\u00a0\u00bb se sont r\u00e9unis \u00e0 Bruy\u00e8res pour leur rencontre annuelle, \u00e0 l&rsquo;invitation du Conseil D\u00e9partemental des Vosges.<\/span><\/strong><\/h2>\n<p><!--more--><\/p>\n<p>Cr\u00e9\u00e9e en 2010, la marque nationale \u00ab\u00a0Accueil V\u00e9lo\u00a0\u00bb est pilot\u00e9e dans le d\u00e9partement par le Conseil D\u00e9partemental depuis 2016. C&rsquo;est le Conseil D\u00e9partemental qui valide, pour une dur\u00e9e de 3 ans, les prestataires volontaires et remplissant les conditions \u00e0 utiliser la label. Concr\u00e8tement, \u00ab\u00a0Accueil V\u00e9lo\u00a0\u00bb permet d&rsquo;identifier les diff\u00e9rents prestataires proposant des services adapt\u00e9s \u00e0 la pratique du tourisme \u00e0 v\u00e9lo, et situ\u00e9s \u00e0 moins de 5km d&rsquo;un itin\u00e9raire cyclable balis\u00e9. Chaque \u00e9tablissement labellis\u00e9 se voit ainsi offrir par le D\u00e9partement un kit de r\u00e9paration et les frais d&rsquo;adh\u00e9sion au label, qui s&rsquo;\u00e9l\u00e8vent \u00e0 200\u20ac pour 3 ans. A ce jour, on compte 135 labellis\u00e9s dans les Vosges, avec respectivement 19 offices de tourisme, 91 h\u00e9bergements, 12 sites de visite, 6 loueurs et 7 restaurants.<\/p>\n<p>J.J.<\/p>\n","protected":false},"excerpt":{"rendered":"<p>Les partenaires du r\u00e9seau \u00ab\u00a0Accueil V\u00e9lo\u00a0\u00bb se sont r\u00e9unis \u00e0 Bruy\u00e8res pour leur rencontre annuelle, \u00e0 l&rsquo;invitation du Conseil D\u00e9partemental [&hellip;]<\/p>\n","protected":false},"author":44,"featured_media":58608,"comment_status":"open","ping_status":"open","sticky":false,"template":"","format":"standard","meta":{"footnotes":""},"categories":[460,18],"tags":[632,529,4523],"class_list":["post-58607","post","type-post","status-publish","format-standard","has-post-thumbnail","hentry","category-a-la-une","category-vosges","tag-bruyeres","tag-conseil-departemental-des-vosges","tag-label-accueil-velo"],"acf":[],"yoast_head":"<!-- This site is optimized with the Yoast SEO plugin v22.5 - https:\/\/yoast.com\/wordpress\/plugins\/seo\/ -->\n<title>Bruy\u00e8res \u2013 135 \u00e9tablissements labellis\u00e9s \u00ab\u00a0Accueil V\u00e9lo\u00a0\u00bb dans les Vosges - Saint Die Info<\/title>\n<meta name=\"robots\" content=\"index, follow, max-snippet:-1, max-image-preview:large, max-video-preview:-1\" \/>\n<link rel=\"canonical\" href=\"https:\/\/vosgesinfo.fr\/saintdieinfo\/2022\/10\/bruyeres-135-etablissements-labellises-accueil-velo-vosges\/\" \/>\n<meta name=\"twitter:card\" content=\"summary_large_image\" \/>\n<meta name=\"twitter:title\" content=\"Bruy\u00e8res \u2013 135 \u00e9tablissements labellis\u00e9s \u00ab\u00a0Accueil V\u00e9lo\u00a0\u00bb dans les Vosges - Saint Die Info\" \/>\n<meta name=\"twitter:description\" content=\"Les partenaires du r\u00e9seau \u00ab\u00a0Accueil V\u00e9lo\u00a0\u00bb se sont r\u00e9unis \u00e0 Bruy\u00e8res pour leur rencontre annuelle, \u00e0 l&rsquo;invitation du Conseil D\u00e9partemental [&hellip;]\" \/>\n<meta name=\"twitter:image\" content=\"https:\/\/vosgesinfo.fr\/app\/uploads\/sites\/4\/2024\/08\/202210vosges-label-accueil-velo.jpg\" \/>\n<meta name=\"twitter:creator\" content=\"@VosgesInfo88\" \/>\n<meta name=\"twitter:site\" content=\"@VosgesInfo88\" \/>\n<meta name=\"twitter:label1\" content=\"\u00c9crit par\" \/>\n\t<meta name=\"twitter:data1\" content=\"la r\u00e9daction\" \/>\n\t<meta name=\"twitter:label2\" content=\"Dur\u00e9e de lecture estim\u00e9e\" \/>\n\t<meta name=\"twitter:data2\" content=\"1 minute\" \/>\n<script type=\"application\/ld+json\" class=\"yoast-schema-graph\">{\"@context\":\"https:\/\/schema.org\",\"@graph\":[{\"@type\":\"Article\",\"@id\":\"https:\/\/vosgesinfo.fr\/saintdieinfo\/2022\/10\/bruyeres-135-etablissements-labellises-accueil-velo-vosges\/#article\",\"isPartOf\":{\"@id\":\"https:\/\/vosgesinfo.fr\/saintdieinfo\/2022\/10\/bruyeres-135-etablissements-labellises-accueil-velo-vosges\/\"},\"author\":{\"name\":\"la r\u00e9daction\",\"@id\":\"https:\/\/vosgesinfo.fr\/saintdieinfo\/#\/schema\/person\/faee6704a21f3977511db84bd1cd450f\"},\"headline\":\"Bruy\u00e8res \u2013 135 \u00e9tablissements labellis\u00e9s \u00ab\u00a0Accueil V\u00e9lo\u00a0\u00bb dans les Vosges\",\"datePublished\":\"2022-10-15T06:01:04+00:00\",\"dateModified\":\"2022-10-15T06:01:04+00:00\",\"mainEntityOfPage\":{\"@id\":\"https:\/\/vosgesinfo.fr\/saintdieinfo\/2022\/10\/bruyeres-135-etablissements-labellises-accueil-velo-vosges\/\"},\"wordCount\":186,\"commentCount\":0,\"publisher\":{\"@id\":\"https:\/\/vosgesinfo.fr\/saintdieinfo\/#organization\"},\"image\":{\"@id\":\"https:\/\/vosgesinfo.fr\/saintdieinfo\/2022\/10\/bruyeres-135-etablissements-labellises-accueil-velo-vosges\/#primaryimage\"},\"thumbnailUrl\":\"https:\/\/vosgesinfo.fr\/app\/uploads\/sites\/4\/2024\/08\/202210vosges-label-accueil-velo.jpg\",\"keywords\":[\"Bruy\u00e8res\",\"Conseil d\u00e9partemental des Vosges\",\"Label Accueil V\u00e9lo\"],\"articleSection\":[\"A la Une\",\"Vosges\"],\"inLanguage\":\"fr-FR\",\"potentialAction\":[{\"@type\":\"CommentAction\",\"name\":\"Comment\",\"target\":[\"https:\/\/vosgesinfo.fr\/saintdieinfo\/2022\/10\/bruyeres-135-etablissements-labellises-accueil-velo-vosges\/#respond\"]}]},{\"@type\":\"WebPage\",\"@id\":\"https:\/\/vosgesinfo.fr\/saintdieinfo\/2022\/10\/bruyeres-135-etablissements-labellises-accueil-velo-vosges\/\",\"url\":\"https:\/\/vosgesinfo.fr\/saintdieinfo\/2022\/10\/bruyeres-135-etablissements-labellises-accueil-velo-vosges\/\",\"name\":\"Bruy\u00e8res \u2013 135 \u00e9tablissements labellis\u00e9s \u00ab\u00a0Accueil V\u00e9lo\u00a0\u00bb dans les Vosges - Saint Die Info\",\"isPartOf\":{\"@id\":\"https:\/\/vosgesinfo.fr\/saintdieinfo\/#website\"},\"primaryImageOfPage\":{\"@id\":\"https:\/\/vosgesinfo.fr\/saintdieinfo\/2022\/10\/bruyeres-135-etablissements-labellises-accueil-velo-vosges\/#primaryimage\"},\"image\":{\"@id\":\"https:\/\/vosgesinfo.fr\/saintdieinfo\/2022\/10\/bruyeres-135-etablissements-labellises-accueil-velo-vosges\/#primaryimage\"},\"thumbnailUrl\":\"https:\/\/vosgesinfo.fr\/app\/uploads\/sites\/4\/2024\/08\/202210vosges-label-accueil-velo.jpg\",\"datePublished\":\"2022-10-15T06:01:04+00:00\",\"dateModified\":\"2022-10-15T06:01:04+00:00\",\"breadcrumb\":{\"@id\":\"https:\/\/vosgesinfo.fr\/saintdieinfo\/2022\/10\/bruyeres-135-etablissements-labellises-accueil-velo-vosges\/#breadcrumb\"},\"inLanguage\":\"fr-FR\",\"potentialAction\":[{\"@type\":\"ReadAction\",\"target\":[\"https:\/\/vosgesinfo.fr\/saintdieinfo\/2022\/10\/bruyeres-135-etablissements-labellises-accueil-velo-vosges\/\"]}]},{\"@type\":\"ImageObject\",\"inLanguage\":\"fr-FR\",\"@id\":\"https:\/\/vosgesinfo.fr\/saintdieinfo\/2022\/10\/bruyeres-135-etablissements-labellises-accueil-velo-vosges\/#primaryimage\",\"url\":\"https:\/\/vosgesinfo.fr\/app\/uploads\/sites\/4\/2024\/08\/202210vosges-label-accueil-velo.jpg\",\"contentUrl\":\"https:\/\/vosgesinfo.fr\/app\/uploads\/sites\/4\/2024\/08\/202210vosges-label-accueil-velo.jpg\",\"width\":1600,\"height\":900},{\"@type\":\"BreadcrumbList\",\"@id\":\"https:\/\/vosgesinfo.fr\/saintdieinfo\/2022\/10\/bruyeres-135-etablissements-labellises-accueil-velo-vosges\/#breadcrumb\",\"itemListElement\":[{\"@type\":\"ListItem\",\"position\":1,\"name\":\"Home\",\"item\":\"https:\/\/vosgesinfo.fr\/saintdieinfo\/\"},{\"@type\":\"ListItem\",\"position\":2,\"name\":\"Bruy\u00e8res \u2013 135 \u00e9tablissements labellis\u00e9s \u00ab\u00a0Accueil V\u00e9lo\u00a0\u00bb dans les Vosges\"}]},{\"@type\":\"WebSite\",\"@id\":\"https:\/\/vosgesinfo.fr\/saintdieinfo\/#website\",\"url\":\"https:\/\/vosgesinfo.fr\/saintdieinfo\/\",\"name\":\"Saint Die Info\",\"description\":\"Toute l&#039;actualit\u00e9 de Saint-Di\u00e9-Des-Vosges\",\"publisher\":{\"@id\":\"https:\/\/vosgesinfo.fr\/saintdieinfo\/#organization\"},\"alternateName\":\"Toute l'actualit\u00e9 de Saint-Di\u00e9-Des-Vosges\",\"potentialAction\":[{\"@type\":\"SearchAction\",\"target\":{\"@type\":\"EntryPoint\",\"urlTemplate\":\"https:\/\/vosgesinfo.fr\/saintdieinfo\/?s={search_term_string}\"},\"query-input\":\"required name=search_term_string\"}],\"inLanguage\":\"fr-FR\"},{\"@type\":\"Organization\",\"@id\":\"https:\/\/vosgesinfo.fr\/saintdieinfo\/#organization\",\"name\":\"Saint Die Info\",\"url\":\"https:\/\/vosgesinfo.fr\/saintdieinfo\/\",\"logo\":{\"@type\":\"ImageObject\",\"inLanguage\":\"fr-FR\",\"@id\":\"https:\/\/vosgesinfo.fr\/saintdieinfo\/#\/schema\/logo\/image\/\",\"url\":\"https:\/\/vosgesinfo.fr\/app\/uploads\/sites\/4\/2024\/02\/logo-sdi.jpg\",\"contentUrl\":\"https:\/\/vosgesinfo.fr\/app\/uploads\/sites\/4\/2024\/02\/logo-sdi.jpg\",\"width\":600,\"height\":600,\"caption\":\"Saint Die Info\"},\"image\":{\"@id\":\"https:\/\/vosgesinfo.fr\/saintdieinfo\/#\/schema\/logo\/image\/\"},\"sameAs\":[\"https:\/\/www.facebook.com\/Saintdieinfofr\",\"https:\/\/x.com\/VosgesInfo88\",\"https:\/\/www.youtube.com\/@vosgesinfo\"]},{\"@type\":\"Person\",\"@id\":\"https:\/\/vosgesinfo.fr\/saintdieinfo\/#\/schema\/person\/faee6704a21f3977511db84bd1cd450f\",\"name\":\"la r\u00e9daction\",\"image\":{\"@type\":\"ImageObject\",\"inLanguage\":\"fr-FR\",\"@id\":\"https:\/\/vosgesinfo.fr\/saintdieinfo\/#\/schema\/person\/image\/\",\"url\":\"https:\/\/secure.gravatar.com\/avatar\/6673d8bc6a9c17fa9a453eaa3448de834fa308c2ec9635b7aa99441a7c8d2cf6?s=96&d=mm&r=g\",\"contentUrl\":\"https:\/\/secure.gravatar.com\/avatar\/6673d8bc6a9c17fa9a453eaa3448de834fa308c2ec9635b7aa99441a7c8d2cf6?s=96&d=mm&r=g\",\"caption\":\"la r\u00e9daction\"},\"url\":\"https:\/\/vosgesinfo.fr\/saintdieinfo\/author\/redac\/\"}]}<\/script>\n<!-- \/ Yoast SEO plugin. -->","yoast_head_json":{"title":"Bruy\u00e8res \u2013 135 \u00e9tablissements labellis\u00e9s \u00ab\u00a0Accueil V\u00e9lo\u00a0\u00bb dans les Vosges - Saint Die Info","robots":{"index":"index","follow":"follow","max-snippet":"max-snippet:-1","max-image-preview":"max-image-preview:large","max-video-preview":"max-video-preview:-1"},"canonical":"https:\/\/vosgesinfo.fr\/saintdieinfo\/2022\/10\/bruyeres-135-etablissements-labellises-accueil-velo-vosges\/","twitter_card":"summary_large_image","twitter_title":"Bruy\u00e8res \u2013 135 \u00e9tablissements labellis\u00e9s \u00ab\u00a0Accueil V\u00e9lo\u00a0\u00bb dans les Vosges - Saint Die Info","twitter_description":"Les partenaires du r\u00e9seau \u00ab\u00a0Accueil V\u00e9lo\u00a0\u00bb se sont r\u00e9unis \u00e0 Bruy\u00e8res pour leur rencontre annuelle, \u00e0 l&rsquo;invitation du Conseil D\u00e9partemental [&hellip;]","twitter_image":"https:\/\/vosgesinfo.fr\/app\/uploads\/sites\/4\/2024\/08\/202210vosges-label-accueil-velo.jpg","twitter_creator":"@VosgesInfo88","twitter_site":"@VosgesInfo88","twitter_misc":{"\u00c9crit par":"la r\u00e9daction","Dur\u00e9e de lecture estim\u00e9e":"1 minute"},"schema":{"@context":"https:\/\/schema.org","@graph":[{"@type":"Article","@id":"https:\/\/vosgesinfo.fr\/saintdieinfo\/2022\/10\/bruyeres-135-etablissements-labellises-accueil-velo-vosges\/#article","isPartOf":{"@id":"https:\/\/vosgesinfo.fr\/saintdieinfo\/2022\/10\/bruyeres-135-etablissements-labellises-accueil-velo-vosges\/"},"author":{"name":"la r\u00e9daction","@id":"https:\/\/vosgesinfo.fr\/saintdieinfo\/#\/schema\/person\/faee6704a21f3977511db84bd1cd450f"},"headline":"Bruy\u00e8res \u2013 135 \u00e9tablissements labellis\u00e9s \u00ab\u00a0Accueil V\u00e9lo\u00a0\u00bb dans les Vosges","datePublished":"2022-10-15T06:01:04+00:00","dateModified":"2022-10-15T06:01:04+00:00","mainEntityOfPage":{"@id":"https:\/\/vosgesinfo.fr\/saintdieinfo\/2022\/10\/bruyeres-135-etablissements-labellises-accueil-velo-vosges\/"},"wordCount":186,"commentCount":0,"publisher":{"@id":"https:\/\/vosgesinfo.fr\/saintdieinfo\/#organization"},"image":{"@id":"https:\/\/vosgesinfo.fr\/saintdieinfo\/2022\/10\/bruyeres-135-etablissements-labellises-accueil-velo-vosges\/#primaryimage"},"thumbnailUrl":"https:\/\/vosgesinfo.fr\/app\/uploads\/sites\/4\/2024\/08\/202210vosges-label-accueil-velo.jpg","keywords":["Bruy\u00e8res","Conseil d\u00e9partemental des Vosges","Label Accueil V\u00e9lo"],"articleSection":["A la Une","Vosges"],"inLanguage":"fr-FR","potentialAction":[{"@type":"CommentAction","name":"Comment","target":["https:\/\/vosgesinfo.fr\/saintdieinfo\/2022\/10\/bruyeres-135-etablissements-labellises-accueil-velo-vosges\/#respond"]}]},{"@type":"WebPage","@id":"https:\/\/vosgesinfo.fr\/saintdieinfo\/2022\/10\/bruyeres-135-etablissements-labellises-accueil-velo-vosges\/","url":"https:\/\/vosgesinfo.fr\/saintdieinfo\/2022\/10\/bruyeres-135-etablissements-labellises-accueil-velo-vosges\/","name":"Bruy\u00e8res \u2013 135 \u00e9tablissements labellis\u00e9s \u00ab\u00a0Accueil V\u00e9lo\u00a0\u00bb dans les Vosges - Saint Die Info","isPartOf":{"@id":"https:\/\/vosgesinfo.fr\/saintdieinfo\/#website"},"primaryImageOfPage":{"@id":"https:\/\/vosgesinfo.fr\/saintdieinfo\/2022\/10\/bruyeres-135-etablissements-labellises-accueil-velo-vosges\/#primaryimage"},"image":{"@id":"https:\/\/vosgesinfo.fr\/saintdieinfo\/2022\/10\/bruyeres-135-etablissements-labellises-accueil-velo-vosges\/#primaryimage"},"thumbnailUrl":"https:\/\/vosgesinfo.fr\/app\/uploads\/sites\/4\/2024\/08\/202210vosges-label-accueil-velo.jpg","datePublished":"2022-10-15T06:01:04+00:00","dateModified":"2022-10-15T06:01:04+00:00","breadcrumb":{"@id":"https:\/\/vosgesinfo.fr\/saintdieinfo\/2022\/10\/bruyeres-135-etablissements-labellises-accueil-velo-vosges\/#breadcrumb"},"inLanguage":"fr-FR","potentialAction":[{"@type":"ReadAction","target":["https:\/\/vosgesinfo.fr\/saintdieinfo\/2022\/10\/bruyeres-135-etablissements-labellises-accueil-velo-vosges\/"]}]},{"@type":"ImageObject","inLanguage":"fr-FR","@id":"https:\/\/vosgesinfo.fr\/saintdieinfo\/2022\/10\/bruyeres-135-etablissements-labellises-accueil-velo-vosges\/#primaryimage","url":"https:\/\/vosgesinfo.fr\/app\/uploads\/sites\/4\/2024\/08\/202210vosges-label-accueil-velo.jpg","contentUrl":"https:\/\/vosgesinfo.fr\/app\/uploads\/sites\/4\/2024\/08\/202210vosges-label-accueil-velo.jpg","width":1600,"height":900},{"@type":"BreadcrumbList","@id":"https:\/\/vosgesinfo.fr\/saintdieinfo\/2022\/10\/bruyeres-135-etablissements-labellises-accueil-velo-vosges\/#breadcrumb","itemListElement":[{"@type":"ListItem","position":1,"name":"Home","item":"https:\/\/vosgesinfo.fr\/saintdieinfo\/"},{"@type":"ListItem","position":2,"name":"Bruy\u00e8res \u2013 135 \u00e9tablissements labellis\u00e9s \u00ab\u00a0Accueil V\u00e9lo\u00a0\u00bb dans les Vosges"}]},{"@type":"WebSite","@id":"https:\/\/vosgesinfo.fr\/saintdieinfo\/#website","url":"https:\/\/vosgesinfo.fr\/saintdieinfo\/","name":"Saint Die Info","description":"Toute l&#039;actualit\u00e9 de Saint-Di\u00e9-Des-Vosges","publisher":{"@id":"https:\/\/vosgesinfo.fr\/saintdieinfo\/#organization"},"alternateName":"Toute l'actualit\u00e9 de Saint-Di\u00e9-Des-Vosges","potentialAction":[{"@type":"SearchAction","target":{"@type":"EntryPoint","urlTemplate":"https:\/\/vosgesinfo.fr\/saintdieinfo\/?s={search_term_string}"},"query-input":"required name=search_term_string"}],"inLanguage":"fr-FR"},{"@type":"Organization","@id":"https:\/\/vosgesinfo.fr\/saintdieinfo\/#organization","name":"Saint Die Info","url":"https:\/\/vosgesinfo.fr\/saintdieinfo\/","logo":{"@type":"ImageObject","inLanguage":"fr-FR","@id":"https:\/\/vosgesinfo.fr\/saintdieinfo\/#\/schema\/logo\/image\/","url":"https:\/\/vosgesinfo.fr\/app\/uploads\/sites\/4\/2024\/02\/logo-sdi.jpg","contentUrl":"https:\/\/vosgesinfo.fr\/app\/uploads\/sites\/4\/2024\/02\/logo-sdi.jpg","width":600,"height":600,"caption":"Saint Die Info"},"image":{"@id":"https:\/\/vosgesinfo.fr\/saintdieinfo\/#\/schema\/logo\/image\/"},"sameAs":["https:\/\/www.facebook.com\/Saintdieinfofr","https:\/\/x.com\/VosgesInfo88","https:\/\/www.youtube.com\/@vosgesinfo"]},{"@type":"Person","@id":"https:\/\/vosgesinfo.fr\/saintdieinfo\/#\/schema\/person\/faee6704a21f3977511db84bd1cd450f","name":"la r\u00e9daction","image":{"@type":"ImageObject","inLanguage":"fr-FR","@id":"https:\/\/vosgesinfo.fr\/saintdieinfo\/#\/schema\/person\/image\/","url":"https:\/\/secure.gravatar.com\/avatar\/6673d8bc6a9c17fa9a453eaa3448de834fa308c2ec9635b7aa99441a7c8d2cf6?s=96&d=mm&r=g","contentUrl":"https:\/\/secure.gravatar.com\/avatar\/6673d8bc6a9c17fa9a453eaa3448de834fa308c2ec9635b7aa99441a7c8d2cf6?s=96&d=mm&r=g","caption":"la r\u00e9daction"},"url":"https:\/\/vosgesinfo.fr\/saintdieinfo\/author\/redac\/"}]}},"_links":{"self":[{"href":"https:\/\/vosgesinfo.fr\/saintdieinfo\/wp-json\/wp\/v2\/posts\/58607","targetHints":{"allow":["GET"]}}],"collection":[{"href":"https:\/\/vosgesinfo.fr\/saintdieinfo\/wp-json\/wp\/v2\/posts"}],"about":[{"href":"https:\/\/vosgesinfo.fr\/saintdieinfo\/wp-json\/wp\/v2\/types\/post"}],"author":[{"embeddable":true,"href":"https:\/\/vosgesinfo.fr\/saintdieinfo\/wp-json\/wp\/v2\/users\/44"}],"replies":[{"embeddable":true,"href":"https:\/\/vosgesinfo.fr\/saintdieinfo\/wp-json\/wp\/v2\/comments?post=58607"}],"version-history":[{"count":0,"href":"https:\/\/vosgesinfo.fr\/saintdieinfo\/wp-json\/wp\/v2\/posts\/58607\/revisions"}],"wp:featuredmedia":[{"embeddable":true,"href":"https:\/\/vosgesinfo.fr\/saintdieinfo\/wp-json\/wp\/v2\/media\/58608"}],"wp:attachment":[{"href":"https:\/\/vosgesinfo.fr\/saintdieinfo\/wp-json\/wp\/v2\/media?parent=58607"}],"wp:term":[{"taxonomy":"category","embeddable":true,"href":"https:\/\/vosgesinfo.fr\/saintdieinfo\/wp-json\/wp\/v2\/categories?post=58607"},{"taxonomy":"post_tag","embeddable":true,"href":"https:\/\/vosgesinfo.fr\/saintdieinfo\/wp-json\/wp\/v2\/tags?post=58607"}],"curies":[{"name":"wp","href":"https:\/\/api.w.org\/{rel}","templated":true}]}}