{"id":58609,"date":"2022-10-15T10:38:01","date_gmt":"2022-10-15T08:38:01","guid":{"rendered":"https:\/\/vosgesinfo.fr\/saintdieinfo\/2022\/10\/theatre-boule-de-suif-compagnie-carpe-diem\/"},"modified":"2022-10-15T10:38:01","modified_gmt":"2022-10-15T08:38:01","slug":"theatre-boule-de-suif-compagnie-carpe-diem","status":"publish","type":"post","link":"https:\/\/vosgesinfo.fr\/saintdieinfo\/2022\/10\/theatre-boule-de-suif-compagnie-carpe-diem\/","title":{"rendered":"Th\u00e9\u00e2tre\u00a0: \u00ab\u00a0Boule de Suif\u00a0\u00bb par la compagnie Carpe Diem"},"content":{"rendered":"<p><a href=\"\/2022\/10\/Boule_de_Suif_C\u00f4t\u00e9_Jardin_01.jpg\" target=\"_blank\" rel=\"noopener\"><img decoding=\"async\" class=\"aligncenter wp-image-191194 size-full\" src=\"\/2022\/10\/Boule_de_Suif_C\u00f4t\u00e9_Jardin_01.jpg\" alt=\"Boule_de_Suif_C\u00f4t\u00e9_Jardin_01\" width=\"706\" height=\"429\" \/><\/a><\/p>\n<h2><strong><span style=\"font-size: 14pt;\">C\u00f4t\u00e9 Jardin organise une repr\u00e9sentation de la pi\u00e8ce de th\u00e9\u00e2tre \u00ab\u00a0Boule de suif\u00a0\u00bb par la compagnie Carpe Diem, en hommage \u00e0 Micheline Van Tieghem, ce mardi 18 octobre \u00e0 20h30 \u00e0 l&rsquo;Espace Georges-Sadoul.<\/span><\/strong><\/h2>\n<p><!--more--><\/p>\n<p>Ce seul en sc\u00e8ne avec Andr\u00e9 Salzet, d&rsquo;une dur\u00e9e d&rsquo;une heure, est une interpr\u00e9tation de la nouvelle de Guy de Maupassant mise en sc\u00e8ne par Sylvie Blotnikas. L&rsquo;histoire se d\u00e9roule pendant la guerre de 1870 en plein hiver. Les troupes fran\u00e7aises se replient et les Prussiens occupent Rouen. 10 personnes d\u00e9cident de fuir l&rsquo;ennemi \u00e0 bord d&rsquo;une diligence pour Dieppe\u00a0: 3 coupes d&rsquo;aristocrates, de bourgeois, de commer\u00e7ants, 2 religieuses, une patriote r\u00e9volutionnaire et une femme galante, surnomm\u00e9e Boule de Suif. Cette derni\u00e8re est g\u00e9n\u00e9reuse, partageant ses provisions avec ses compagnons de voyage moins pr\u00e9voyants qu&rsquo;elle. Mais, quand les Prussiens arr\u00eateront la voiture au cours d&rsquo;une \u00e9tape dans un village, les \u00ab\u00a0honn\u00eates gens\u00a0\u00bb utiliseront puis rejetteront la fille de joie&#8230; L&rsquo;adaptation fid\u00e8le d&rsquo;Andr\u00e9 Salzet laisse toute sa place aux th\u00e8mes \u00e9voqu\u00e9s par Maupassant\u00a0: l&rsquo;argent, la guerre, l&rsquo;hypocrisie de la haute soci\u00e9t\u00e9 et du clerg\u00e9 \u00e0 cette \u00e9poque. Il r\u00e9alise une v\u00e9ritable d&rsquo;acteur performance d&rsquo;acteur en incarnant tour \u00e0 tour les protagonistes de la pi\u00e8ce.<\/p>\n<p>Cette pi\u00e8ce est tout public. Plein tarif\u00a0: 12\u20ac \u2013 Abonn\u00e9s\u00a0: 10\u20ac \u2013 Etudiants\u00a0: 6\u20ac \u2013 Famille\u00a0: 30\u20ac. R\u00e9servation au 03-29-56-14-09 ou via <a href=\"mailto:billetterie@ca-saintdie.fr\" target=\"_blank\" rel=\"noopener\">billetterie@ca-saintdie.fr<\/a>.<\/p>\n","protected":false},"excerpt":{"rendered":"<p>C\u00f4t\u00e9 Jardin organise une repr\u00e9sentation de la pi\u00e8ce de th\u00e9\u00e2tre \u00ab\u00a0Boule de suif\u00a0\u00bb par la compagnie Carpe Diem, en hommage [&hellip;]<\/p>\n","protected":false},"author":44,"featured_media":58610,"comment_status":"open","ping_status":"open","sticky":false,"template":"","format":"standard","meta":{"footnotes":""},"categories":[3900,7847,2915,17],"tags":[12816,12817,7462,3559,12818],"class_list":["post-58609","post","type-post","status-publish","format-standard","has-post-thumbnail","hentry","category-breves","category-art-culture","category-saint-die-son-canton","category-vie-associative","tag-andre-salzet","tag-boule-de-suif","tag-cote-jardin","tag-espace-georges-sadoul","tag-guy-de-maupassant"],"acf":[],"yoast_head":"<!-- This site is optimized with the Yoast SEO plugin v22.5 - https:\/\/yoast.com\/wordpress\/plugins\/seo\/ -->\n<title>Th\u00e9\u00e2tre\u00a0: \u00ab\u00a0Boule de Suif\u00a0\u00bb par la compagnie Carpe Diem - Saint Die Info<\/title>\n<meta name=\"robots\" content=\"index, follow, max-snippet:-1, max-image-preview:large, max-video-preview:-1\" \/>\n<link rel=\"canonical\" href=\"https:\/\/vosgesinfo.fr\/saintdieinfo\/2022\/10\/theatre-boule-de-suif-compagnie-carpe-diem\/\" \/>\n<meta name=\"twitter:card\" content=\"summary_large_image\" \/>\n<meta name=\"twitter:title\" content=\"Th\u00e9\u00e2tre\u00a0: \u00ab\u00a0Boule de Suif\u00a0\u00bb par la compagnie Carpe Diem - Saint Die Info\" \/>\n<meta name=\"twitter:description\" content=\"C\u00f4t\u00e9 Jardin organise une repr\u00e9sentation de la pi\u00e8ce de th\u00e9\u00e2tre \u00ab\u00a0Boule de suif\u00a0\u00bb par la compagnie Carpe Diem, en hommage [&hellip;]\" \/>\n<meta name=\"twitter:image\" content=\"https:\/\/vosgesinfo.fr\/app\/uploads\/sites\/4\/2024\/08\/202210boule-de-suif-cote-jardin-01.jpg\" \/>\n<meta name=\"twitter:creator\" content=\"@VosgesInfo88\" \/>\n<meta name=\"twitter:site\" content=\"@VosgesInfo88\" \/>\n<meta name=\"twitter:label1\" content=\"\u00c9crit par\" \/>\n\t<meta name=\"twitter:data1\" content=\"la r\u00e9daction\" \/>\n\t<meta name=\"twitter:label2\" content=\"Dur\u00e9e de lecture estim\u00e9e\" \/>\n\t<meta name=\"twitter:data2\" content=\"1 minute\" \/>\n<script type=\"application\/ld+json\" class=\"yoast-schema-graph\">{\"@context\":\"https:\/\/schema.org\",\"@graph\":[{\"@type\":\"Article\",\"@id\":\"https:\/\/vosgesinfo.fr\/saintdieinfo\/2022\/10\/theatre-boule-de-suif-compagnie-carpe-diem\/#article\",\"isPartOf\":{\"@id\":\"https:\/\/vosgesinfo.fr\/saintdieinfo\/2022\/10\/theatre-boule-de-suif-compagnie-carpe-diem\/\"},\"author\":{\"name\":\"la r\u00e9daction\",\"@id\":\"https:\/\/vosgesinfo.fr\/saintdieinfo\/#\/schema\/person\/faee6704a21f3977511db84bd1cd450f\"},\"headline\":\"Th\u00e9\u00e2tre\u00a0: \u00ab\u00a0Boule de Suif\u00a0\u00bb par la compagnie Carpe Diem\",\"datePublished\":\"2022-10-15T08:38:01+00:00\",\"dateModified\":\"2022-10-15T08:38:01+00:00\",\"mainEntityOfPage\":{\"@id\":\"https:\/\/vosgesinfo.fr\/saintdieinfo\/2022\/10\/theatre-boule-de-suif-compagnie-carpe-diem\/\"},\"wordCount\":261,\"commentCount\":0,\"publisher\":{\"@id\":\"https:\/\/vosgesinfo.fr\/saintdieinfo\/#organization\"},\"image\":{\"@id\":\"https:\/\/vosgesinfo.fr\/saintdieinfo\/2022\/10\/theatre-boule-de-suif-compagnie-carpe-diem\/#primaryimage\"},\"thumbnailUrl\":\"https:\/\/vosgesinfo.fr\/app\/uploads\/sites\/4\/2024\/08\/202210boule-de-suif-cote-jardin-01.jpg\",\"keywords\":[\"Andr\u00e9 Salzet\",\"Boule de Suif\",\"C\u00f4t\u00e9 Jardin\",\"Espace Georges-Sadoul\",\"Guy de Maupassant\"],\"articleSection\":[\"Br\u00e8ves\",\"Culture\",\"Saint-Di\u00e9-des-Vosges et son Agglom\u00e9ration\",\"Vie Associative\"],\"inLanguage\":\"fr-FR\",\"potentialAction\":[{\"@type\":\"CommentAction\",\"name\":\"Comment\",\"target\":[\"https:\/\/vosgesinfo.fr\/saintdieinfo\/2022\/10\/theatre-boule-de-suif-compagnie-carpe-diem\/#respond\"]}]},{\"@type\":\"WebPage\",\"@id\":\"https:\/\/vosgesinfo.fr\/saintdieinfo\/2022\/10\/theatre-boule-de-suif-compagnie-carpe-diem\/\",\"url\":\"https:\/\/vosgesinfo.fr\/saintdieinfo\/2022\/10\/theatre-boule-de-suif-compagnie-carpe-diem\/\",\"name\":\"Th\u00e9\u00e2tre\u00a0: \u00ab\u00a0Boule de Suif\u00a0\u00bb par la compagnie Carpe Diem - Saint Die Info\",\"isPartOf\":{\"@id\":\"https:\/\/vosgesinfo.fr\/saintdieinfo\/#website\"},\"primaryImageOfPage\":{\"@id\":\"https:\/\/vosgesinfo.fr\/saintdieinfo\/2022\/10\/theatre-boule-de-suif-compagnie-carpe-diem\/#primaryimage\"},\"image\":{\"@id\":\"https:\/\/vosgesinfo.fr\/saintdieinfo\/2022\/10\/theatre-boule-de-suif-compagnie-carpe-diem\/#primaryimage\"},\"thumbnailUrl\":\"https:\/\/vosgesinfo.fr\/app\/uploads\/sites\/4\/2024\/08\/202210boule-de-suif-cote-jardin-01.jpg\",\"datePublished\":\"2022-10-15T08:38:01+00:00\",\"dateModified\":\"2022-10-15T08:38:01+00:00\",\"breadcrumb\":{\"@id\":\"https:\/\/vosgesinfo.fr\/saintdieinfo\/2022\/10\/theatre-boule-de-suif-compagnie-carpe-diem\/#breadcrumb\"},\"inLanguage\":\"fr-FR\",\"potentialAction\":[{\"@type\":\"ReadAction\",\"target\":[\"https:\/\/vosgesinfo.fr\/saintdieinfo\/2022\/10\/theatre-boule-de-suif-compagnie-carpe-diem\/\"]}]},{\"@type\":\"ImageObject\",\"inLanguage\":\"fr-FR\",\"@id\":\"https:\/\/vosgesinfo.fr\/saintdieinfo\/2022\/10\/theatre-boule-de-suif-compagnie-carpe-diem\/#primaryimage\",\"url\":\"https:\/\/vosgesinfo.fr\/app\/uploads\/sites\/4\/2024\/08\/202210boule-de-suif-cote-jardin-01.jpg\",\"contentUrl\":\"https:\/\/vosgesinfo.fr\/app\/uploads\/sites\/4\/2024\/08\/202210boule-de-suif-cote-jardin-01.jpg\",\"width\":706,\"height\":429},{\"@type\":\"BreadcrumbList\",\"@id\":\"https:\/\/vosgesinfo.fr\/saintdieinfo\/2022\/10\/theatre-boule-de-suif-compagnie-carpe-diem\/#breadcrumb\",\"itemListElement\":[{\"@type\":\"ListItem\",\"position\":1,\"name\":\"Home\",\"item\":\"https:\/\/vosgesinfo.fr\/saintdieinfo\/\"},{\"@type\":\"ListItem\",\"position\":2,\"name\":\"Th\u00e9\u00e2tre\u00a0: \u00ab\u00a0Boule de Suif\u00a0\u00bb par la compagnie Carpe Diem\"}]},{\"@type\":\"WebSite\",\"@id\":\"https:\/\/vosgesinfo.fr\/saintdieinfo\/#website\",\"url\":\"https:\/\/vosgesinfo.fr\/saintdieinfo\/\",\"name\":\"Saint Die Info\",\"description\":\"Toute l&#039;actualit\u00e9 de Saint-Di\u00e9-Des-Vosges\",\"publisher\":{\"@id\":\"https:\/\/vosgesinfo.fr\/saintdieinfo\/#organization\"},\"alternateName\":\"Toute l'actualit\u00e9 de Saint-Di\u00e9-Des-Vosges\",\"potentialAction\":[{\"@type\":\"SearchAction\",\"target\":{\"@type\":\"EntryPoint\",\"urlTemplate\":\"https:\/\/vosgesinfo.fr\/saintdieinfo\/?s={search_term_string}\"},\"query-input\":\"required name=search_term_string\"}],\"inLanguage\":\"fr-FR\"},{\"@type\":\"Organization\",\"@id\":\"https:\/\/vosgesinfo.fr\/saintdieinfo\/#organization\",\"name\":\"Saint Die Info\",\"url\":\"https:\/\/vosgesinfo.fr\/saintdieinfo\/\",\"logo\":{\"@type\":\"ImageObject\",\"inLanguage\":\"fr-FR\",\"@id\":\"https:\/\/vosgesinfo.fr\/saintdieinfo\/#\/schema\/logo\/image\/\",\"url\":\"https:\/\/vosgesinfo.fr\/app\/uploads\/sites\/4\/2024\/02\/logo-sdi.jpg\",\"contentUrl\":\"https:\/\/vosgesinfo.fr\/app\/uploads\/sites\/4\/2024\/02\/logo-sdi.jpg\",\"width\":600,\"height\":600,\"caption\":\"Saint Die Info\"},\"image\":{\"@id\":\"https:\/\/vosgesinfo.fr\/saintdieinfo\/#\/schema\/logo\/image\/\"},\"sameAs\":[\"https:\/\/www.facebook.com\/Saintdieinfofr\",\"https:\/\/x.com\/VosgesInfo88\",\"https:\/\/www.youtube.com\/@vosgesinfo\"]},{\"@type\":\"Person\",\"@id\":\"https:\/\/vosgesinfo.fr\/saintdieinfo\/#\/schema\/person\/faee6704a21f3977511db84bd1cd450f\",\"name\":\"la r\u00e9daction\",\"image\":{\"@type\":\"ImageObject\",\"inLanguage\":\"fr-FR\",\"@id\":\"https:\/\/vosgesinfo.fr\/saintdieinfo\/#\/schema\/person\/image\/\",\"url\":\"https:\/\/secure.gravatar.com\/avatar\/6673d8bc6a9c17fa9a453eaa3448de834fa308c2ec9635b7aa99441a7c8d2cf6?s=96&d=mm&r=g\",\"contentUrl\":\"https:\/\/secure.gravatar.com\/avatar\/6673d8bc6a9c17fa9a453eaa3448de834fa308c2ec9635b7aa99441a7c8d2cf6?s=96&d=mm&r=g\",\"caption\":\"la r\u00e9daction\"},\"url\":\"https:\/\/vosgesinfo.fr\/saintdieinfo\/author\/redac\/\"}]}<\/script>\n<!-- \/ Yoast SEO plugin. -->","yoast_head_json":{"title":"Th\u00e9\u00e2tre\u00a0: \u00ab\u00a0Boule de Suif\u00a0\u00bb par la compagnie Carpe Diem - Saint Die Info","robots":{"index":"index","follow":"follow","max-snippet":"max-snippet:-1","max-image-preview":"max-image-preview:large","max-video-preview":"max-video-preview:-1"},"canonical":"https:\/\/vosgesinfo.fr\/saintdieinfo\/2022\/10\/theatre-boule-de-suif-compagnie-carpe-diem\/","twitter_card":"summary_large_image","twitter_title":"Th\u00e9\u00e2tre\u00a0: \u00ab\u00a0Boule de Suif\u00a0\u00bb par la compagnie Carpe Diem - Saint Die Info","twitter_description":"C\u00f4t\u00e9 Jardin organise une repr\u00e9sentation de la pi\u00e8ce de th\u00e9\u00e2tre \u00ab\u00a0Boule de suif\u00a0\u00bb par la compagnie Carpe Diem, en hommage [&hellip;]","twitter_image":"https:\/\/vosgesinfo.fr\/app\/uploads\/sites\/4\/2024\/08\/202210boule-de-suif-cote-jardin-01.jpg","twitter_creator":"@VosgesInfo88","twitter_site":"@VosgesInfo88","twitter_misc":{"\u00c9crit par":"la r\u00e9daction","Dur\u00e9e de lecture estim\u00e9e":"1 minute"},"schema":{"@context":"https:\/\/schema.org","@graph":[{"@type":"Article","@id":"https:\/\/vosgesinfo.fr\/saintdieinfo\/2022\/10\/theatre-boule-de-suif-compagnie-carpe-diem\/#article","isPartOf":{"@id":"https:\/\/vosgesinfo.fr\/saintdieinfo\/2022\/10\/theatre-boule-de-suif-compagnie-carpe-diem\/"},"author":{"name":"la r\u00e9daction","@id":"https:\/\/vosgesinfo.fr\/saintdieinfo\/#\/schema\/person\/faee6704a21f3977511db84bd1cd450f"},"headline":"Th\u00e9\u00e2tre\u00a0: \u00ab\u00a0Boule de Suif\u00a0\u00bb par la compagnie Carpe Diem","datePublished":"2022-10-15T08:38:01+00:00","dateModified":"2022-10-15T08:38:01+00:00","mainEntityOfPage":{"@id":"https:\/\/vosgesinfo.fr\/saintdieinfo\/2022\/10\/theatre-boule-de-suif-compagnie-carpe-diem\/"},"wordCount":261,"commentCount":0,"publisher":{"@id":"https:\/\/vosgesinfo.fr\/saintdieinfo\/#organization"},"image":{"@id":"https:\/\/vosgesinfo.fr\/saintdieinfo\/2022\/10\/theatre-boule-de-suif-compagnie-carpe-diem\/#primaryimage"},"thumbnailUrl":"https:\/\/vosgesinfo.fr\/app\/uploads\/sites\/4\/2024\/08\/202210boule-de-suif-cote-jardin-01.jpg","keywords":["Andr\u00e9 Salzet","Boule de Suif","C\u00f4t\u00e9 Jardin","Espace Georges-Sadoul","Guy de Maupassant"],"articleSection":["Br\u00e8ves","Culture","Saint-Di\u00e9-des-Vosges et son Agglom\u00e9ration","Vie Associative"],"inLanguage":"fr-FR","potentialAction":[{"@type":"CommentAction","name":"Comment","target":["https:\/\/vosgesinfo.fr\/saintdieinfo\/2022\/10\/theatre-boule-de-suif-compagnie-carpe-diem\/#respond"]}]},{"@type":"WebPage","@id":"https:\/\/vosgesinfo.fr\/saintdieinfo\/2022\/10\/theatre-boule-de-suif-compagnie-carpe-diem\/","url":"https:\/\/vosgesinfo.fr\/saintdieinfo\/2022\/10\/theatre-boule-de-suif-compagnie-carpe-diem\/","name":"Th\u00e9\u00e2tre\u00a0: \u00ab\u00a0Boule de Suif\u00a0\u00bb par la compagnie Carpe Diem - Saint Die Info","isPartOf":{"@id":"https:\/\/vosgesinfo.fr\/saintdieinfo\/#website"},"primaryImageOfPage":{"@id":"https:\/\/vosgesinfo.fr\/saintdieinfo\/2022\/10\/theatre-boule-de-suif-compagnie-carpe-diem\/#primaryimage"},"image":{"@id":"https:\/\/vosgesinfo.fr\/saintdieinfo\/2022\/10\/theatre-boule-de-suif-compagnie-carpe-diem\/#primaryimage"},"thumbnailUrl":"https:\/\/vosgesinfo.fr\/app\/uploads\/sites\/4\/2024\/08\/202210boule-de-suif-cote-jardin-01.jpg","datePublished":"2022-10-15T08:38:01+00:00","dateModified":"2022-10-15T08:38:01+00:00","breadcrumb":{"@id":"https:\/\/vosgesinfo.fr\/saintdieinfo\/2022\/10\/theatre-boule-de-suif-compagnie-carpe-diem\/#breadcrumb"},"inLanguage":"fr-FR","potentialAction":[{"@type":"ReadAction","target":["https:\/\/vosgesinfo.fr\/saintdieinfo\/2022\/10\/theatre-boule-de-suif-compagnie-carpe-diem\/"]}]},{"@type":"ImageObject","inLanguage":"fr-FR","@id":"https:\/\/vosgesinfo.fr\/saintdieinfo\/2022\/10\/theatre-boule-de-suif-compagnie-carpe-diem\/#primaryimage","url":"https:\/\/vosgesinfo.fr\/app\/uploads\/sites\/4\/2024\/08\/202210boule-de-suif-cote-jardin-01.jpg","contentUrl":"https:\/\/vosgesinfo.fr\/app\/uploads\/sites\/4\/2024\/08\/202210boule-de-suif-cote-jardin-01.jpg","width":706,"height":429},{"@type":"BreadcrumbList","@id":"https:\/\/vosgesinfo.fr\/saintdieinfo\/2022\/10\/theatre-boule-de-suif-compagnie-carpe-diem\/#breadcrumb","itemListElement":[{"@type":"ListItem","position":1,"name":"Home","item":"https:\/\/vosgesinfo.fr\/saintdieinfo\/"},{"@type":"ListItem","position":2,"name":"Th\u00e9\u00e2tre\u00a0: \u00ab\u00a0Boule de Suif\u00a0\u00bb par la compagnie Carpe Diem"}]},{"@type":"WebSite","@id":"https:\/\/vosgesinfo.fr\/saintdieinfo\/#website","url":"https:\/\/vosgesinfo.fr\/saintdieinfo\/","name":"Saint Die Info","description":"Toute l&#039;actualit\u00e9 de Saint-Di\u00e9-Des-Vosges","publisher":{"@id":"https:\/\/vosgesinfo.fr\/saintdieinfo\/#organization"},"alternateName":"Toute l'actualit\u00e9 de Saint-Di\u00e9-Des-Vosges","potentialAction":[{"@type":"SearchAction","target":{"@type":"EntryPoint","urlTemplate":"https:\/\/vosgesinfo.fr\/saintdieinfo\/?s={search_term_string}"},"query-input":"required name=search_term_string"}],"inLanguage":"fr-FR"},{"@type":"Organization","@id":"https:\/\/vosgesinfo.fr\/saintdieinfo\/#organization","name":"Saint Die Info","url":"https:\/\/vosgesinfo.fr\/saintdieinfo\/","logo":{"@type":"ImageObject","inLanguage":"fr-FR","@id":"https:\/\/vosgesinfo.fr\/saintdieinfo\/#\/schema\/logo\/image\/","url":"https:\/\/vosgesinfo.fr\/app\/uploads\/sites\/4\/2024\/02\/logo-sdi.jpg","contentUrl":"https:\/\/vosgesinfo.fr\/app\/uploads\/sites\/4\/2024\/02\/logo-sdi.jpg","width":600,"height":600,"caption":"Saint Die Info"},"image":{"@id":"https:\/\/vosgesinfo.fr\/saintdieinfo\/#\/schema\/logo\/image\/"},"sameAs":["https:\/\/www.facebook.com\/Saintdieinfofr","https:\/\/x.com\/VosgesInfo88","https:\/\/www.youtube.com\/@vosgesinfo"]},{"@type":"Person","@id":"https:\/\/vosgesinfo.fr\/saintdieinfo\/#\/schema\/person\/faee6704a21f3977511db84bd1cd450f","name":"la r\u00e9daction","image":{"@type":"ImageObject","inLanguage":"fr-FR","@id":"https:\/\/vosgesinfo.fr\/saintdieinfo\/#\/schema\/person\/image\/","url":"https:\/\/secure.gravatar.com\/avatar\/6673d8bc6a9c17fa9a453eaa3448de834fa308c2ec9635b7aa99441a7c8d2cf6?s=96&d=mm&r=g","contentUrl":"https:\/\/secure.gravatar.com\/avatar\/6673d8bc6a9c17fa9a453eaa3448de834fa308c2ec9635b7aa99441a7c8d2cf6?s=96&d=mm&r=g","caption":"la r\u00e9daction"},"url":"https:\/\/vosgesinfo.fr\/saintdieinfo\/author\/redac\/"}]}},"_links":{"self":[{"href":"https:\/\/vosgesinfo.fr\/saintdieinfo\/wp-json\/wp\/v2\/posts\/58609","targetHints":{"allow":["GET"]}}],"collection":[{"href":"https:\/\/vosgesinfo.fr\/saintdieinfo\/wp-json\/wp\/v2\/posts"}],"about":[{"href":"https:\/\/vosgesinfo.fr\/saintdieinfo\/wp-json\/wp\/v2\/types\/post"}],"author":[{"embeddable":true,"href":"https:\/\/vosgesinfo.fr\/saintdieinfo\/wp-json\/wp\/v2\/users\/44"}],"replies":[{"embeddable":true,"href":"https:\/\/vosgesinfo.fr\/saintdieinfo\/wp-json\/wp\/v2\/comments?post=58609"}],"version-history":[{"count":0,"href":"https:\/\/vosgesinfo.fr\/saintdieinfo\/wp-json\/wp\/v2\/posts\/58609\/revisions"}],"wp:featuredmedia":[{"embeddable":true,"href":"https:\/\/vosgesinfo.fr\/saintdieinfo\/wp-json\/wp\/v2\/media\/58610"}],"wp:attachment":[{"href":"https:\/\/vosgesinfo.fr\/saintdieinfo\/wp-json\/wp\/v2\/media?parent=58609"}],"wp:term":[{"taxonomy":"category","embeddable":true,"href":"https:\/\/vosgesinfo.fr\/saintdieinfo\/wp-json\/wp\/v2\/categories?post=58609"},{"taxonomy":"post_tag","embeddable":true,"href":"https:\/\/vosgesinfo.fr\/saintdieinfo\/wp-json\/wp\/v2\/tags?post=58609"}],"curies":[{"name":"wp","href":"https:\/\/api.w.org\/{rel}","templated":true}]}}